{"id":12152,"date":"2022-03-16T14:47:23","date_gmt":"2022-03-16T13:47:23","guid":{"rendered":"https:\/\/www.m-q.ch\/?p=16080"},"modified":"2022-08-02T16:34:24","modified_gmt":"2022-08-02T14:34:24","slug":"control-2022-macht-sich-startbereit","status":"publish","type":"post","link":"https:\/\/www.organisator.ch\/en\/operational-excellence\/2022-03-16\/control-2022-macht-sich-startbereit\/","title":{"rendered":"Control 2022 gets ready for takeoff"},"content":{"rendered":"<figure id=\"attachment_16081\" class=\"wp-caption alignnone\" style=\"width: 680px\" aria-describedby=\"caption-attachment-16081\"><img class=\"alignnone wp-image-16081 size-full\" src=\"https:\/\/www.m-q.ch\/wp-content\/uploads\/2022\/03\/Control-2022-macht-sich-startbereit_MQ.jpg\" alt=\"Control 2022\" width=\"680\" height=\"481\" \/><figcaption id=\"caption-attachment-16081\" class=\"wp-caption-text\">Control 2022 is in the starting blocks: the leading quality assurance trade fair will be held in Stuttgart from May 3 to 6, 2022. (Image: Control Trade Fair)<\/figcaption><\/figure>\r\nAs the leading trade fair for measurement technology, Control, the international trade fair for quality assurance (QA), has been an ideal forum for personal contact and business exchange for decades. \"The high demand for personal trade fair participation has been unbroken for months on the part of the QA industry\", confirms project manager Fabian Kr\u00fcger from trade fair promoter P. E. Schall GmbH &amp; Co. KG. \"All over the world, the industry values Control as an indispensable platform, and is especially anticipating this year's live trade fair after a forced break of two years,\" says Kr\u00fcger. \"Particularly in these weeks and months, when uncertainty again prevails due to the pandemic, many companies see Control at the beginning of May as a must-attend event,\" says the project manager, recalling the successful, smooth execution of the attendance trade shows last fall.\r\n<h2>QA has never been as important as it is at present<\/h2>\r\nThe need for expert discussion on new developments in the QA industry is huge. Many companies are currently introducing enhanced or entirely new QA systems - driven by increasing automation and digitization, more contactless processes, remote services, small batch sizes and zero-defect manufacturing. The need for quality verification of any process, including data analysis and end-to-end traceability, now affects almost all industries from both industrial and service environments. \"QA solutions have never been as significant as they are at present,\" the Control project manager points out. Solutions and systems in measuring and testing technology, materials testing, analysis equipment, vision technology, image processing, sensor technology, and weighing and counting technology have undergone significant further development over the past two years and will find a highly interested trade audience at Control 2022.\r\n<h2>High proportion of foreign exhibitors at Control 2022<\/h2>\r\nAnd the trade public seems to be just waiting to finally be able to visit a trade show live again. Months before the trade fair date, visitors had already asked for tickets, says project manager Fabian Kr\u00fcger. \"Exhibitors and trade visitors finally want to meet in person to discuss QS innovations, because a lot has happened in the past few months.\" The fact that Control is still considered the world's leading trade show for QS is reflected in the high proportion of foreign exhibitors: around 35 percent come from outside Germany, including Switzerland.\r\n\r\nProgress in automation, digitization, contactless processes, remote services and end-to-end traceability affects all industries, now including service sectors. Inspection technology users are using diverse QA solutions inline in networked processes - including contactless. This will be explored in greater depth at the special show \"Contactless Metrology\" organized by the Fraunhofer Vision Alliance, which will be held for the 17th time at Control 2022. In Hall 6, it will present a cross-section of innovative technologies from the field of non-contact measurement and testing technology.\r\n\r\n<em>More information: <a href=\"https:\/\/www.control-messe.de\/\">https:\/\/www.control-messe.de\/<\/a><\/em>\n<p class=\"syndicated-attribution\">This article originally appeared on m-q.ch - <a href=\"https:\/\/www.m-q.ch\/de\/control-2022-macht-sich-startbereit\/\" target=\"_blank\">https:\/\/www.m-q.ch\/de\/control-2022-macht-sich-startbereit\/<\/a><\/p>","protected":false},"excerpt":{"rendered":"<p>Die Control, Internationale Fachmesse f\u00fcr Qualit\u00e4tssicherung (QS), ist als Leitmesse f\u00fcr die Messtechnik seit Jahrzehnten ein ideales Forum f\u00fcr den pers\u00f6nlichen Kontakt und den gesch\u00e4ftlichen Fachaustausch. \u201eDie hohe Nachfrage nach pers\u00f6nlicher Messeteilnahme ist seitens der QS-Branche seit Monaten ungebrochen\u201c, best\u00e4tigt Projektleiter Fabian Kr\u00fcger vom Messeveranstalter P. E. Schall GmbH &amp; Co. KG. \u201eWeltweit sch\u00e4tzt die [\u2026]<\/p>\n","protected":false},"author":8,"featured_media":0,"comment_status":"closed","ping_status":"closed","sticky":false,"template":"","format":"standard","meta":{"_acf_changed":false,"_yoast_wpseo_focuskw":"Control 2022","_yoast_wpseo_metadesc":"Aussteller und Fachbesucher machen sich bereit f\u00fcr die Control 2022, der internationalen Fachmesse f\u00fcr Qualit\u00e4tssicherung.","articlekey":"","footnotes":""},"categories":[582],"tags":[2814],"class_list":["post-12152","post","type-post","status-publish","format-standard","hentry","category-operational-excellence","tag-control-2022"],"acf":[],"yoast_head":"<!-- This site is optimized with the Yoast SEO plugin v27.5 - https:\/\/yoast.com\/product\/yoast-seo-wordpress\/ -->\n<title>Control 2022 macht sich startbereit - Organisator<\/title>\n<meta name=\"description\" content=\"Aussteller und Fachbesucher machen sich bereit f\u00fcr die Control 2022, der internationalen Fachmesse f\u00fcr Qualit\u00e4tssicherung.\" \/>\n<meta name=\"robots\" content=\"index, follow, max-snippet:-1, max-image-preview:large, max-video-preview:-1\" \/>\n<link rel=\"canonical\" href=\"https:\/\/www.m-q.ch\/de\/control-2022-macht-sich-startbereit\/\" \/>\n<meta property=\"og:locale\" content=\"en_US\" \/>\n<meta property=\"og:type\" content=\"article\" \/>\n<meta property=\"og:title\" content=\"Control 2022 macht sich startbereit - Organisator\" \/>\n<meta property=\"og:description\" content=\"Aussteller und Fachbesucher machen sich bereit f\u00fcr die Control 2022, der internationalen Fachmesse f\u00fcr Qualit\u00e4tssicherung.\" \/>\n<meta property=\"og:url\" content=\"https:\/\/www.m-q.ch\/de\/control-2022-macht-sich-startbereit\/\" \/>\n<meta property=\"og:site_name\" content=\"Organisator\" \/>\n<meta property=\"article:publisher\" content=\"https:\/\/www.facebook.com\/OrganisatorFachmagazin\" \/>\n<meta property=\"article:published_time\" content=\"2022-03-16T13:47:23+00:00\" \/>\n<meta property=\"article:modified_time\" content=\"2022-08-02T14:34:24+00:00\" \/>\n<meta property=\"og:image\" content=\"https:\/\/www.m-q.ch\/wp-content\/uploads\/2022\/03\/Control-2022-macht-sich-startbereit_MQ.jpg\" \/>\n<meta name=\"author\" content=\"galledia\" \/>\n<meta name=\"twitter:card\" content=\"summary_large_image\" \/>\n<meta name=\"twitter:creator\" content=\"@admin\" \/>\n<script type=\"application\/ld+json\" class=\"yoast-schema-graph\">{\"@context\":\"https:\\\/\\\/schema.org\",\"@graph\":[{\"@type\":\"Article\",\"@id\":\"https:\\\/\\\/www.m-q.ch\\\/de\\\/control-2022-macht-sich-startbereit\\\/#article\",\"isPartOf\":{\"@id\":\"https:\\\/\\\/www.organisator.ch\\\/operational-excellence\\\/2022-03-16\\\/control-2022-macht-sich-startbereit\\\/\"},\"author\":{\"name\":\"galledia\",\"@id\":\"https:\\\/\\\/www.organisator.ch\\\/#\\\/schema\\\/person\\\/4e51799071cd2dd1232ac003643ef5f0\"},\"headline\":\"Control 2022 macht sich startbereit\",\"datePublished\":\"2022-03-16T13:47:23+00:00\",\"dateModified\":\"2022-08-02T14:34:24+00:00\",\"mainEntityOfPage\":{\"@id\":\"https:\\\/\\\/www.organisator.ch\\\/operational-excellence\\\/2022-03-16\\\/control-2022-macht-sich-startbereit\\\/\"},\"wordCount\":448,\"publisher\":{\"@id\":\"https:\\\/\\\/www.organisator.ch\\\/#organization\"},\"image\":{\"@id\":\"https:\\\/\\\/www.m-q.ch\\\/de\\\/control-2022-macht-sich-startbereit\\\/#primaryimage\"},\"thumbnailUrl\":\"https:\\\/\\\/www.m-q.ch\\\/wp-content\\\/uploads\\\/2022\\\/03\\\/Control-2022-macht-sich-startbereit_MQ.jpg\",\"keywords\":[\"Control 2022\"],\"articleSection\":[\"OPERATIONAL EXCELLENCE\"],\"inLanguage\":\"en-US\"},{\"@type\":\"WebPage\",\"@id\":\"https:\\\/\\\/www.organisator.ch\\\/operational-excellence\\\/2022-03-16\\\/control-2022-macht-sich-startbereit\\\/\",\"url\":\"https:\\\/\\\/www.m-q.ch\\\/de\\\/control-2022-macht-sich-startbereit\\\/\",\"name\":\"Control 2022 macht sich startbereit - Organisator\",\"isPartOf\":{\"@id\":\"https:\\\/\\\/www.organisator.ch\\\/#website\"},\"primaryImageOfPage\":{\"@id\":\"https:\\\/\\\/www.m-q.ch\\\/de\\\/control-2022-macht-sich-startbereit\\\/#primaryimage\"},\"image\":{\"@id\":\"https:\\\/\\\/www.m-q.ch\\\/de\\\/control-2022-macht-sich-startbereit\\\/#primaryimage\"},\"thumbnailUrl\":\"https:\\\/\\\/www.m-q.ch\\\/wp-content\\\/uploads\\\/2022\\\/03\\\/Control-2022-macht-sich-startbereit_MQ.jpg\",\"datePublished\":\"2022-03-16T13:47:23+00:00\",\"dateModified\":\"2022-08-02T14:34:24+00:00\",\"description\":\"Aussteller und Fachbesucher machen sich bereit f\u00fcr die Control 2022, der internationalen Fachmesse f\u00fcr Qualit\u00e4tssicherung.\",\"breadcrumb\":{\"@id\":\"https:\\\/\\\/www.m-q.ch\\\/de\\\/control-2022-macht-sich-startbereit\\\/#breadcrumb\"},\"inLanguage\":\"en-US\",\"potentialAction\":[{\"@type\":\"ReadAction\",\"target\":[\"https:\\\/\\\/www.m-q.ch\\\/de\\\/control-2022-macht-sich-startbereit\\\/\"]}]},{\"@type\":\"ImageObject\",\"inLanguage\":\"en-US\",\"@id\":\"https:\\\/\\\/www.m-q.ch\\\/de\\\/control-2022-macht-sich-startbereit\\\/#primaryimage\",\"url\":\"https:\\\/\\\/www.m-q.ch\\\/wp-content\\\/uploads\\\/2022\\\/03\\\/Control-2022-macht-sich-startbereit_MQ.jpg\",\"contentUrl\":\"https:\\\/\\\/www.m-q.ch\\\/wp-content\\\/uploads\\\/2022\\\/03\\\/Control-2022-macht-sich-startbereit_MQ.jpg\"},{\"@type\":\"BreadcrumbList\",\"@id\":\"https:\\\/\\\/www.m-q.ch\\\/de\\\/control-2022-macht-sich-startbereit\\\/#breadcrumb\",\"itemListElement\":[{\"@type\":\"ListItem\",\"position\":1,\"name\":\"Home\",\"item\":\"https:\\\/\\\/www.organisator.ch\\\/\"},{\"@type\":\"ListItem\",\"position\":2,\"name\":\"Control 2022 macht sich startbereit\"}]},{\"@type\":\"WebSite\",\"@id\":\"https:\\\/\\\/www.organisator.ch\\\/#website\",\"url\":\"https:\\\/\\\/www.organisator.ch\\\/\",\"name\":\"Organisator\",\"description\":\"Kompetent. Praxisnah. Der ORGANISATOR bereitet in 10 Ausgaben pro Jahr die wesentlichen Themen f\u00fcr F\u00fchrungskr\u00e4fte von KMU auf.\",\"publisher\":{\"@id\":\"https:\\\/\\\/www.organisator.ch\\\/#organization\"},\"potentialAction\":[{\"@type\":\"SearchAction\",\"target\":{\"@type\":\"EntryPoint\",\"urlTemplate\":\"https:\\\/\\\/www.organisator.ch\\\/?s={search_term_string}\"},\"query-input\":{\"@type\":\"PropertyValueSpecification\",\"valueRequired\":true,\"valueName\":\"search_term_string\"}}],\"inLanguage\":\"en-US\"},{\"@type\":\"Organization\",\"@id\":\"https:\\\/\\\/www.organisator.ch\\\/#organization\",\"name\":\"Organisator\",\"url\":\"https:\\\/\\\/www.organisator.ch\\\/\",\"logo\":{\"@type\":\"ImageObject\",\"inLanguage\":\"en-US\",\"@id\":\"https:\\\/\\\/www.organisator.ch\\\/#\\\/schema\\\/logo\\\/image\\\/\",\"url\":\"https:\\\/\\\/www.organisator.ch\\\/wp-content\\\/uploads\\\/2022\\\/01\\\/Logo_Organisator_Website.png\",\"contentUrl\":\"https:\\\/\\\/www.organisator.ch\\\/wp-content\\\/uploads\\\/2022\\\/01\\\/Logo_Organisator_Website.png\",\"width\":800,\"height\":77,\"caption\":\"Organisator\"},\"image\":{\"@id\":\"https:\\\/\\\/www.organisator.ch\\\/#\\\/schema\\\/logo\\\/image\\\/\"},\"sameAs\":[\"https:\\\/\\\/www.facebook.com\\\/OrganisatorFachmagazin\",\"https:\\\/\\\/www.linkedin.com\\\/showcase\\\/organisator-das-magazin-fr-kmu\",\"https:\\\/\\\/www.xing.com\\\/news\\\/pages\\\/organisator-ch-695\",\"https:\\\/\\\/www.youtube.com\\\/channel\\\/UCGP2Sq0iWaZwT3BdIAQFYpw\"]},{\"@type\":\"Person\",\"@id\":\"https:\\\/\\\/www.organisator.ch\\\/#\\\/schema\\\/person\\\/4e51799071cd2dd1232ac003643ef5f0\",\"name\":\"galledia\",\"image\":{\"@type\":\"ImageObject\",\"inLanguage\":\"en-US\",\"@id\":\"https:\\\/\\\/secure.gravatar.com\\\/avatar\\\/78a7f90c01fc2bfc875782a0d4922b37cde2cf184ce347b91316d23cd7f69a36?s=96&d=mm&r=g\",\"url\":\"https:\\\/\\\/secure.gravatar.com\\\/avatar\\\/78a7f90c01fc2bfc875782a0d4922b37cde2cf184ce347b91316d23cd7f69a36?s=96&d=mm&r=g\",\"contentUrl\":\"https:\\\/\\\/secure.gravatar.com\\\/avatar\\\/78a7f90c01fc2bfc875782a0d4922b37cde2cf184ce347b91316d23cd7f69a36?s=96&d=mm&r=g\",\"caption\":\"galledia\"},\"sameAs\":[\"https:\\\/\\\/x.com\\\/admin\"],\"url\":\"https:\\\/\\\/www.organisator.ch\\\/en\\\/author\\\/galledia\\\/\"}]}<\/script>\n<!-- \/ Yoast SEO plugin. -->","yoast_head_json":{"title":"Control 2022 gets ready for takeoff - Organizer","description":"Exhibitors and trade visitors get ready for Control 2022, the international trade fair for quality assurance.","robots":{"index":"index","follow":"follow","max-snippet":"max-snippet:-1","max-image-preview":"max-image-preview:large","max-video-preview":"max-video-preview:-1"},"canonical":"https:\/\/www.m-q.ch\/de\/control-2022-macht-sich-startbereit\/","og_locale":"en_US","og_type":"article","og_title":"Control 2022 macht sich startbereit - Organisator","og_description":"Aussteller und Fachbesucher machen sich bereit f\u00fcr die Control 2022, der internationalen Fachmesse f\u00fcr Qualit\u00e4tssicherung.","og_url":"https:\/\/www.m-q.ch\/de\/control-2022-macht-sich-startbereit\/","og_site_name":"Organisator","article_publisher":"https:\/\/www.facebook.com\/OrganisatorFachmagazin","article_published_time":"2022-03-16T13:47:23+00:00","article_modified_time":"2022-08-02T14:34:24+00:00","og_image":[{"url":"https:\/\/www.m-q.ch\/wp-content\/uploads\/2022\/03\/Control-2022-macht-sich-startbereit_MQ.jpg","type":"","width":"","height":""}],"author":"galledia","twitter_card":"summary_large_image","twitter_creator":"@admin","schema":{"@context":"https:\/\/schema.org","@graph":[{"@type":"Article","@id":"https:\/\/www.m-q.ch\/de\/control-2022-macht-sich-startbereit\/#article","isPartOf":{"@id":"https:\/\/www.organisator.ch\/operational-excellence\/2022-03-16\/control-2022-macht-sich-startbereit\/"},"author":{"name":"galledia","@id":"https:\/\/www.organisator.ch\/#\/schema\/person\/4e51799071cd2dd1232ac003643ef5f0"},"headline":"Control 2022 macht sich startbereit","datePublished":"2022-03-16T13:47:23+00:00","dateModified":"2022-08-02T14:34:24+00:00","mainEntityOfPage":{"@id":"https:\/\/www.organisator.ch\/operational-excellence\/2022-03-16\/control-2022-macht-sich-startbereit\/"},"wordCount":448,"publisher":{"@id":"https:\/\/www.organisator.ch\/#organization"},"image":{"@id":"https:\/\/www.m-q.ch\/de\/control-2022-macht-sich-startbereit\/#primaryimage"},"thumbnailUrl":"https:\/\/www.m-q.ch\/wp-content\/uploads\/2022\/03\/Control-2022-macht-sich-startbereit_MQ.jpg","keywords":["Control 2022"],"articleSection":["OPERATIONAL EXCELLENCE"],"inLanguage":"en-US"},{"@type":"WebPage","@id":"https:\/\/www.organisator.ch\/operational-excellence\/2022-03-16\/control-2022-macht-sich-startbereit\/","url":"https:\/\/www.m-q.ch\/de\/control-2022-macht-sich-startbereit\/","name":"Control 2022 gets ready for takeoff - Organizer","isPartOf":{"@id":"https:\/\/www.organisator.ch\/#website"},"primaryImageOfPage":{"@id":"https:\/\/www.m-q.ch\/de\/control-2022-macht-sich-startbereit\/#primaryimage"},"image":{"@id":"https:\/\/www.m-q.ch\/de\/control-2022-macht-sich-startbereit\/#primaryimage"},"thumbnailUrl":"https:\/\/www.m-q.ch\/wp-content\/uploads\/2022\/03\/Control-2022-macht-sich-startbereit_MQ.jpg","datePublished":"2022-03-16T13:47:23+00:00","dateModified":"2022-08-02T14:34:24+00:00","description":"Exhibitors and trade visitors get ready for Control 2022, the international trade fair for quality assurance.","breadcrumb":{"@id":"https:\/\/www.m-q.ch\/de\/control-2022-macht-sich-startbereit\/#breadcrumb"},"inLanguage":"en-US","potentialAction":[{"@type":"ReadAction","target":["https:\/\/www.m-q.ch\/de\/control-2022-macht-sich-startbereit\/"]}]},{"@type":"ImageObject","inLanguage":"en-US","@id":"https:\/\/www.m-q.ch\/de\/control-2022-macht-sich-startbereit\/#primaryimage","url":"https:\/\/www.m-q.ch\/wp-content\/uploads\/2022\/03\/Control-2022-macht-sich-startbereit_MQ.jpg","contentUrl":"https:\/\/www.m-q.ch\/wp-content\/uploads\/2022\/03\/Control-2022-macht-sich-startbereit_MQ.jpg"},{"@type":"BreadcrumbList","@id":"https:\/\/www.m-q.ch\/de\/control-2022-macht-sich-startbereit\/#breadcrumb","itemListElement":[{"@type":"ListItem","position":1,"name":"Home","item":"https:\/\/www.organisator.ch\/"},{"@type":"ListItem","position":2,"name":"Control 2022 macht sich startbereit"}]},{"@type":"WebSite","@id":"https:\/\/www.organisator.ch\/#website","url":"https:\/\/www.organisator.ch\/","name":"Organizer","description":"Competent. Practical. In 10 issues per year, ORGANISATOR presents the essential topics for managers of SMEs.","publisher":{"@id":"https:\/\/www.organisator.ch\/#organization"},"potentialAction":[{"@type":"SearchAction","target":{"@type":"EntryPoint","urlTemplate":"https:\/\/www.organisator.ch\/?s={search_term_string}"},"query-input":{"@type":"PropertyValueSpecification","valueRequired":true,"valueName":"search_term_string"}}],"inLanguage":"en-US"},{"@type":"Organization","@id":"https:\/\/www.organisator.ch\/#organization","name":"Organizer","url":"https:\/\/www.organisator.ch\/","logo":{"@type":"ImageObject","inLanguage":"en-US","@id":"https:\/\/www.organisator.ch\/#\/schema\/logo\/image\/","url":"https:\/\/www.organisator.ch\/wp-content\/uploads\/2022\/01\/Logo_Organisator_Website.png","contentUrl":"https:\/\/www.organisator.ch\/wp-content\/uploads\/2022\/01\/Logo_Organisator_Website.png","width":800,"height":77,"caption":"Organisator"},"image":{"@id":"https:\/\/www.organisator.ch\/#\/schema\/logo\/image\/"},"sameAs":["https:\/\/www.facebook.com\/OrganisatorFachmagazin","https:\/\/www.linkedin.com\/showcase\/organisator-das-magazin-fr-kmu","https:\/\/www.xing.com\/news\/pages\/organisator-ch-695","https:\/\/www.youtube.com\/channel\/UCGP2Sq0iWaZwT3BdIAQFYpw"]},{"@type":"Person","@id":"https:\/\/www.organisator.ch\/#\/schema\/person\/4e51799071cd2dd1232ac003643ef5f0","name":"galledia","image":{"@type":"ImageObject","inLanguage":"en-US","@id":"https:\/\/secure.gravatar.com\/avatar\/78a7f90c01fc2bfc875782a0d4922b37cde2cf184ce347b91316d23cd7f69a36?s=96&d=mm&r=g","url":"https:\/\/secure.gravatar.com\/avatar\/78a7f90c01fc2bfc875782a0d4922b37cde2cf184ce347b91316d23cd7f69a36?s=96&d=mm&r=g","contentUrl":"https:\/\/secure.gravatar.com\/avatar\/78a7f90c01fc2bfc875782a0d4922b37cde2cf184ce347b91316d23cd7f69a36?s=96&d=mm&r=g","caption":"galledia"},"sameAs":["https:\/\/x.com\/admin"],"url":"https:\/\/www.organisator.ch\/en\/author\/galledia\/"}]}},"_links":{"self":[{"href":"https:\/\/www.organisator.ch\/en\/wp-json\/wp\/v2\/posts\/12152","targetHints":{"allow":["GET"]}}],"collection":[{"href":"https:\/\/www.organisator.ch\/en\/wp-json\/wp\/v2\/posts"}],"about":[{"href":"https:\/\/www.organisator.ch\/en\/wp-json\/wp\/v2\/types\/post"}],"author":[{"embeddable":true,"href":"https:\/\/www.organisator.ch\/en\/wp-json\/wp\/v2\/users\/8"}],"replies":[{"embeddable":true,"href":"https:\/\/www.organisator.ch\/en\/wp-json\/wp\/v2\/comments?post=12152"}],"version-history":[{"count":5,"href":"https:\/\/www.organisator.ch\/en\/wp-json\/wp\/v2\/posts\/12152\/revisions"}],"predecessor-version":[{"id":16245,"href":"https:\/\/www.organisator.ch\/en\/wp-json\/wp\/v2\/posts\/12152\/revisions\/16245"}],"wp:attachment":[{"href":"https:\/\/www.organisator.ch\/en\/wp-json\/wp\/v2\/media?parent=12152"}],"wp:term":[{"taxonomy":"category","embeddable":true,"href":"https:\/\/www.organisator.ch\/en\/wp-json\/wp\/v2\/categories?post=12152"},{"taxonomy":"post_tag","embeddable":true,"href":"https:\/\/www.organisator.ch\/en\/wp-json\/wp\/v2\/tags?post=12152"}],"curies":[{"name":"wp","href":"https:\/\/api.w.org\/{rel}","templated":true}]}}