{"id":12158,"date":"2022-03-17T09:19:49","date_gmt":"2022-03-17T08:19:49","guid":{"rendered":"https:\/\/www.organisator.ch\/?p=12158"},"modified":"2022-03-22T11:54:45","modified_gmt":"2022-03-22T10:54:45","slug":"netto-null-bestrebungen-im-immobiliensektor","status":"publish","type":"post","link":"https:\/\/www.organisator.ch\/en\/sustainability\/2022-03-17\/netto-null-bestrebungen-im-immobiliensektor\/","title":{"rendered":"Net zero aspirations in the real estate sector"},"content":{"rendered":"<figure id=\"attachment_12159\" aria-describedby=\"caption-attachment-12159\" style=\"width: 680px\" class=\"wp-caption alignnone\"><img loading=\"lazy\" decoding=\"async\" class=\"size-full wp-image-12159\" src=\"https:\/\/www.organisator.ch\/wp-content\/uploads\/2022\/03\/Netto-Null-Bestrebungen-im-Immobiliensektor_Organisator.jpg\" alt=\"\" width=\"680\" height=\"412\" srcset=\"https:\/\/www.organisator.ch\/wp-content\/uploads\/2022\/03\/Netto-Null-Bestrebungen-im-Immobiliensektor_Organisator.jpg 680w, https:\/\/www.organisator.ch\/wp-content\/uploads\/2022\/03\/Netto-Null-Bestrebungen-im-Immobiliensektor_Organisator-18x12.jpg 18w, https:\/\/www.organisator.ch\/wp-content\/uploads\/2022\/03\/Netto-Null-Bestrebungen-im-Immobiliensektor_Organisator-289x175.jpg 289w, https:\/\/www.organisator.ch\/wp-content\/uploads\/2022\/03\/Netto-Null-Bestrebungen-im-Immobiliensektor_Organisator-578x350.jpg 578w, https:\/\/www.organisator.ch\/wp-content\/uploads\/2022\/03\/Netto-Null-Bestrebungen-im-Immobiliensektor_Organisator-300x182.jpg 300w\" sizes=\"auto, (max-width: 680px) 100vw, 680px\" \/><figcaption id=\"caption-attachment-12159\" class=\"wp-caption-text\">What about net-zero efforts in the real estate sector? Conditions are shaping up to be complicated, but 2022 could turn things around. (Image: Pixabay.com)<\/figcaption><\/figure>\n<p>U-turn for net-zero efforts in the real estate sector? At last year's COP26 climate conference, many participants called for a new form of radical collaboration in the real estate sector to address the climate crisis. This is undoubtedly important. However, for these measures to have an impact, several other important issues must also be addressed.<\/p>\n<h3><strong>Simplify the message <\/strong><\/h3>\n<p>First of all, the fact that everything is unnecessarily abbreviated must be addressed. The multitude of definitions and voluntary standards in this area continues to be confusing. They are all undoubtedly well-intentioned, but often attempt to address similar challenges from different angles without taking into account their mutual interaction. The result is an almost impenetrable tangle that sometimes makes it difficult for even highly competent ESG specialists to determine what is \"good\" and what is not.<\/p>\n<p>Fortunately, this issue is now well understood. Some common principles are emerging that lend credibility to net zero targets and provide greater clarity to investors, asset managers, and tenants on how to achieve them. These include the importance of rapid decarbonization across the value chain, near-term targets, and clarification regarding the role of voluntary CO<sub>2<\/sub>-Balances.<\/p>\n<p>Real estate investors have to take a number of things into account when it comes to this topic. The clearer and more standardized the key figures, the better.  For example, the question arises as to how energy-efficient the building is. Are fossil fuels used? Are there renewable energy sources on site? What activities does the tenant engage in and how might this affect future emissions?  And this only addresses the energy and CO<sub>2<\/sub>-aspect is illuminated. Other important considerations are biodiversity, health and well-being, a circular economy, social value and transport.<\/p>\n<h3><strong>Shaping the future <\/strong><\/h3>\n<p>In the real estate sector, there are currently many exciting design and innovation concepts related to net-zero efforts. Heat pump, energy storage and building materials technologies are all being developed and improved to support the energy transition. For this to happen at the scale and speed required, investment, innovation, and policies are needed to steer businesses in the right direction. Currently, the policy measures taken to decarbonize the sector fall far short of what would be required from a scientific perspective. Take energy performance certificates (EPCs), for example. These can provide useful information about a building's energy consumption. However, they are less helpful in managing global real estate portfolios. Key EU regulations on sustainable finance, which aim to eliminate greenwashing and improve transparency, place a strong emphasis on energy performance certificates and the related concept of the zero-energy building. The problem here is that the different implementation of these concepts at Member State level makes cross-country comparison almost impossible. Currently, the same building could be classified as efficient or inefficient (according to the Regulation on sustainability-related disclosure requirements in the financial services sector) or sustainable or unsustainable (according to the EU taxonomy), depending on the country in which it is located.<\/p>\n<h3><strong>Improvement of the policy measures <\/strong><\/h3>\n<p>There are encouraging signs that the policy approach is gradually becoming more coherent and reflecting the science-based findings. For example, there are update proposals to the Energy Performance of Buildings Directive (EPBD). These are intended to provide a clear signal for phasing out the use of fossil fuels in buildings, an emissions trading scheme for the use of fuels in buildings, support for large-scale retrofits, and mandated CO<sub>2<\/sub>-provide assessments. The proposals also seek to standardize the various methods used for energy performance certificates in all member states.<\/p>\n<p>The carbon intensity of buildings is already of great importance and will become even more important in the future. Indeed, we recently rejected investment opportunities for these reasons. However, accurately assessing the costs of taking real estate down the path of net-zero efforts is proving difficult, especially since the route options are unclear and everyone seems to be using a slightly different map. The basis for valuation is becoming much clearer with the convergence and increasing use of voluntary standards, the filling of an academic\/policy gap, and the recently updated guidance on ESG factors from the Royal Institute of Chartered Surveyors.<\/p>\n<h3><strong>Net Zero Efforts: Concluding considerations<\/strong><\/h3>\n<p>So will 2022 mark a turning point in net-zero efforts? There are encouraging signs, and the merging of voluntary standards and more clarity on policy direction will level the playing field and incentivize more rapid action. If just a little of the radical collaboration mentioned at the outset is achieved, perhaps 2022 can provide the much-needed tipping point for decarbonization of real estate. In any case, we are optimistic.<\/p>\n<p><em><strong>Author:<\/strong><br \/>\nRuairi Revell is ESG Manager, Real Estate at abrdn. He helps the real estate business protect and enhance investment performance by integrating ESG into all elements of the investment process. abrdn (formerly Aberdeen Standard Investments) is one of the world's leading active asset managers. With more than 800 investment specialists in over 30 globally networked locations, the company manages over CHF 575 billion in assets (as of 2021).<\/em><\/p>\n<p><a href=\"http:\/\/www.abrdn.com\"><em>www.abrdn.com<\/em><\/a><\/p>","protected":false},"excerpt":{"rendered":"<p>Kehrtwende f\u00fcr Netto-Null-Bestrebungen im Immobiliensektor? Auf der Klimakonferenz COP26 im letzten Jahr forderten viele Teilnehmer eine neue Form einer radikalen Zusammenarbeit im Immobiliensektor, um der Klimakrise zu begegnen. Dies ist zweifelsohne wichtig. Damit diese Massnahmen Wirkung zeigen, m\u00fcssen jedoch auch mehrere andere wichtige Probleme behoben werden. Die Botschaft vereinfachen Zun\u00e4chst einmal muss der Umstand angegangen [&hellip;]<\/p>\n","protected":false},"author":4,"featured_media":12159,"comment_status":"closed","ping_status":"closed","sticky":false,"template":"","format":"standard","meta":{"_acf_changed":false,"_yoast_wpseo_focuskw":"Netto-Null-Bestrebungen","_yoast_wpseo_metadesc":"Kommt 2022 die Kehrtwende f\u00fcr Netto-Null-Bestrebungen im Immobiliensektor? Einsch\u00e4tzungen von Ruari Revell, ESG Manager bei abrdn.","articlekey":"","footnotes":""},"categories":[580],"tags":[263,1443,358],"class_list":["post-12158","post","type-post","status-publish","format-standard","has-post-thumbnail","hentry","category-sustainability","tag-immobilien","tag-investments","tag-nachhaltige-wirtschaft"],"acf":[],"yoast_head":"<!-- This site is optimized with the Yoast SEO plugin v27.4 - https:\/\/yoast.com\/product\/yoast-seo-wordpress\/ -->\n<title>Netto-Null-Bestrebungen im Immobiliensektor - Organisator<\/title>\n<meta name=\"description\" content=\"Kommt 2022 die Kehrtwende f\u00fcr Netto-Null-Bestrebungen im Immobiliensektor? Einsch\u00e4tzungen von Ruari Revell, ESG Manager bei abrdn.\" \/>\n<meta name=\"robots\" content=\"index, follow, max-snippet:-1, max-image-preview:large, max-video-preview:-1\" \/>\n<link rel=\"canonical\" href=\"https:\/\/www.organisator.ch\/en\/sustainability\/2022-03-17\/netto-null-bestrebungen-im-immobiliensektor\/\" \/>\n<meta property=\"og:locale\" content=\"en_US\" \/>\n<meta property=\"og:type\" content=\"article\" \/>\n<meta property=\"og:title\" content=\"Netto-Null-Bestrebungen im Immobiliensektor\" \/>\n<meta property=\"og:description\" content=\"Kommt 2022 die Kehrtwende f\u00fcr Netto-Null-Bestrebungen im Immobiliensektor? Einsch\u00e4tzungen von Ruari Revell, ESG Manager bei abrdn.\" \/>\n<meta property=\"og:url\" content=\"https:\/\/www.organisator.ch\/en\/sustainability\/2022-03-17\/netto-null-bestrebungen-im-immobiliensektor\/\" \/>\n<meta property=\"og:site_name\" content=\"Organisator\" \/>\n<meta property=\"article:publisher\" content=\"https:\/\/www.facebook.com\/OrganisatorFachmagazin\" \/>\n<meta property=\"article:published_time\" content=\"2022-03-17T08:19:49+00:00\" \/>\n<meta property=\"article:modified_time\" content=\"2022-03-22T10:54:45+00:00\" \/>\n<meta property=\"og:image\" content=\"https:\/\/www.organisator.ch\/wp-content\/uploads\/2022\/03\/Netto-Null-Bestrebungen-im-Immobiliensektor_Organisator.jpg\" \/>\n\t<meta property=\"og:image:width\" content=\"680\" \/>\n\t<meta property=\"og:image:height\" content=\"412\" \/>\n\t<meta property=\"og:image:type\" content=\"image\/jpeg\" \/>\n<meta name=\"author\" content=\"thomas.berner\" \/>\n<meta name=\"twitter:card\" content=\"summary_large_image\" \/>\n<meta name=\"twitter:title\" content=\"#Netto-Null-Bestrebungen im #Immobiliensektor\" \/>\n<meta name=\"twitter:description\" content=\"Kommt 2022 die #Kehrtwende f\u00fcr #Netto-Null-Bestrebungen im #Immobiliensektor? Einsch\u00e4tzungen von Ruari Revell, ESG Manager bei #abrdn.\" \/>\n<meta name=\"twitter:image\" content=\"https:\/\/www.organisator.ch\/wp-content\/uploads\/2022\/03\/Netto-Null-Bestrebungen-im-Immobiliensektor_Organisator.jpg\" \/>\n<script type=\"application\/ld+json\" class=\"yoast-schema-graph\">{\"@context\":\"https:\\\/\\\/schema.org\",\"@graph\":[{\"@type\":\"Article\",\"@id\":\"https:\\\/\\\/www.organisator.ch\\\/sustainability\\\/2022-03-17\\\/netto-null-bestrebungen-im-immobiliensektor\\\/#article\",\"isPartOf\":{\"@id\":\"https:\\\/\\\/www.organisator.ch\\\/sustainability\\\/2022-03-17\\\/netto-null-bestrebungen-im-immobiliensektor\\\/\"},\"author\":{\"name\":\"thomas.berner\",\"@id\":\"https:\\\/\\\/www.organisator.ch\\\/#\\\/schema\\\/person\\\/6f650f90b2842cd4c0cc334b4e36f67e\"},\"headline\":\"Netto-Null-Bestrebungen im Immobiliensektor\",\"datePublished\":\"2022-03-17T08:19:49+00:00\",\"dateModified\":\"2022-03-22T10:54:45+00:00\",\"mainEntityOfPage\":{\"@id\":\"https:\\\/\\\/www.organisator.ch\\\/sustainability\\\/2022-03-17\\\/netto-null-bestrebungen-im-immobiliensektor\\\/\"},\"wordCount\":865,\"publisher\":{\"@id\":\"https:\\\/\\\/www.organisator.ch\\\/#organization\"},\"image\":{\"@id\":\"https:\\\/\\\/www.organisator.ch\\\/sustainability\\\/2022-03-17\\\/netto-null-bestrebungen-im-immobiliensektor\\\/#primaryimage\"},\"thumbnailUrl\":\"https:\\\/\\\/www.organisator.ch\\\/wp-content\\\/uploads\\\/2022\\\/03\\\/Netto-Null-Bestrebungen-im-Immobiliensektor_Organisator.jpg\",\"keywords\":[\"Immobilien\",\"Investments\",\"Nachhaltige Wirtschaft\"],\"articleSection\":[\"SUSTAINABILITY\"],\"inLanguage\":\"en-US\"},{\"@type\":\"WebPage\",\"@id\":\"https:\\\/\\\/www.organisator.ch\\\/sustainability\\\/2022-03-17\\\/netto-null-bestrebungen-im-immobiliensektor\\\/\",\"url\":\"https:\\\/\\\/www.organisator.ch\\\/sustainability\\\/2022-03-17\\\/netto-null-bestrebungen-im-immobiliensektor\\\/\",\"name\":\"Netto-Null-Bestrebungen im Immobiliensektor - Organisator\",\"isPartOf\":{\"@id\":\"https:\\\/\\\/www.organisator.ch\\\/#website\"},\"primaryImageOfPage\":{\"@id\":\"https:\\\/\\\/www.organisator.ch\\\/sustainability\\\/2022-03-17\\\/netto-null-bestrebungen-im-immobiliensektor\\\/#primaryimage\"},\"image\":{\"@id\":\"https:\\\/\\\/www.organisator.ch\\\/sustainability\\\/2022-03-17\\\/netto-null-bestrebungen-im-immobiliensektor\\\/#primaryimage\"},\"thumbnailUrl\":\"https:\\\/\\\/www.organisator.ch\\\/wp-content\\\/uploads\\\/2022\\\/03\\\/Netto-Null-Bestrebungen-im-Immobiliensektor_Organisator.jpg\",\"datePublished\":\"2022-03-17T08:19:49+00:00\",\"dateModified\":\"2022-03-22T10:54:45+00:00\",\"description\":\"Kommt 2022 die Kehrtwende f\u00fcr Netto-Null-Bestrebungen im Immobiliensektor? Einsch\u00e4tzungen von Ruari Revell, ESG Manager bei abrdn.\",\"breadcrumb\":{\"@id\":\"https:\\\/\\\/www.organisator.ch\\\/sustainability\\\/2022-03-17\\\/netto-null-bestrebungen-im-immobiliensektor\\\/#breadcrumb\"},\"inLanguage\":\"en-US\",\"potentialAction\":[{\"@type\":\"ReadAction\",\"target\":[\"https:\\\/\\\/www.organisator.ch\\\/sustainability\\\/2022-03-17\\\/netto-null-bestrebungen-im-immobiliensektor\\\/\"]}]},{\"@type\":\"ImageObject\",\"inLanguage\":\"en-US\",\"@id\":\"https:\\\/\\\/www.organisator.ch\\\/sustainability\\\/2022-03-17\\\/netto-null-bestrebungen-im-immobiliensektor\\\/#primaryimage\",\"url\":\"https:\\\/\\\/www.organisator.ch\\\/wp-content\\\/uploads\\\/2022\\\/03\\\/Netto-Null-Bestrebungen-im-Immobiliensektor_Organisator.jpg\",\"contentUrl\":\"https:\\\/\\\/www.organisator.ch\\\/wp-content\\\/uploads\\\/2022\\\/03\\\/Netto-Null-Bestrebungen-im-Immobiliensektor_Organisator.jpg\",\"width\":680,\"height\":412,\"caption\":\"Wie steht es um die Netto-Null-Bestrebungen im Immobiliensektor? Die Verh\u00e4ltnisse gestalten sich kompliziert, aber 2022 k\u00f6nnte eine Wende bringen. (Bild: Pixabay.com)\"},{\"@type\":\"BreadcrumbList\",\"@id\":\"https:\\\/\\\/www.organisator.ch\\\/sustainability\\\/2022-03-17\\\/netto-null-bestrebungen-im-immobiliensektor\\\/#breadcrumb\",\"itemListElement\":[{\"@type\":\"ListItem\",\"position\":1,\"name\":\"Home\",\"item\":\"https:\\\/\\\/www.organisator.ch\\\/\"},{\"@type\":\"ListItem\",\"position\":2,\"name\":\"Netto-Null-Bestrebungen im Immobiliensektor\"}]},{\"@type\":\"WebSite\",\"@id\":\"https:\\\/\\\/www.organisator.ch\\\/#website\",\"url\":\"https:\\\/\\\/www.organisator.ch\\\/\",\"name\":\"Organisator\",\"description\":\"Kompetent. Praxisnah. Der ORGANISATOR bereitet in 10 Ausgaben pro Jahr die wesentlichen Themen f\u00fcr F\u00fchrungskr\u00e4fte von KMU auf.\",\"publisher\":{\"@id\":\"https:\\\/\\\/www.organisator.ch\\\/#organization\"},\"potentialAction\":[{\"@type\":\"SearchAction\",\"target\":{\"@type\":\"EntryPoint\",\"urlTemplate\":\"https:\\\/\\\/www.organisator.ch\\\/?s={search_term_string}\"},\"query-input\":{\"@type\":\"PropertyValueSpecification\",\"valueRequired\":true,\"valueName\":\"search_term_string\"}}],\"inLanguage\":\"en-US\"},{\"@type\":\"Organization\",\"@id\":\"https:\\\/\\\/www.organisator.ch\\\/#organization\",\"name\":\"Organisator\",\"url\":\"https:\\\/\\\/www.organisator.ch\\\/\",\"logo\":{\"@type\":\"ImageObject\",\"inLanguage\":\"en-US\",\"@id\":\"https:\\\/\\\/www.organisator.ch\\\/#\\\/schema\\\/logo\\\/image\\\/\",\"url\":\"https:\\\/\\\/www.organisator.ch\\\/wp-content\\\/uploads\\\/2022\\\/01\\\/Logo_Organisator_Website.png\",\"contentUrl\":\"https:\\\/\\\/www.organisator.ch\\\/wp-content\\\/uploads\\\/2022\\\/01\\\/Logo_Organisator_Website.png\",\"width\":800,\"height\":77,\"caption\":\"Organisator\"},\"image\":{\"@id\":\"https:\\\/\\\/www.organisator.ch\\\/#\\\/schema\\\/logo\\\/image\\\/\"},\"sameAs\":[\"https:\\\/\\\/www.facebook.com\\\/OrganisatorFachmagazin\",\"https:\\\/\\\/www.linkedin.com\\\/showcase\\\/organisator-das-magazin-fr-kmu\",\"https:\\\/\\\/www.xing.com\\\/news\\\/pages\\\/organisator-ch-695\",\"https:\\\/\\\/www.youtube.com\\\/channel\\\/UCGP2Sq0iWaZwT3BdIAQFYpw\"]},{\"@type\":\"Person\",\"@id\":\"https:\\\/\\\/www.organisator.ch\\\/#\\\/schema\\\/person\\\/6f650f90b2842cd4c0cc334b4e36f67e\",\"name\":\"thomas.berner\",\"image\":{\"@type\":\"ImageObject\",\"inLanguage\":\"en-US\",\"@id\":\"https:\\\/\\\/secure.gravatar.com\\\/avatar\\\/ac5001d2a36cb6c6cd3e50789007ffca834b477b74a2144564522e944eabff61?s=96&d=mm&r=g\",\"url\":\"https:\\\/\\\/secure.gravatar.com\\\/avatar\\\/ac5001d2a36cb6c6cd3e50789007ffca834b477b74a2144564522e944eabff61?s=96&d=mm&r=g\",\"contentUrl\":\"https:\\\/\\\/secure.gravatar.com\\\/avatar\\\/ac5001d2a36cb6c6cd3e50789007ffca834b477b74a2144564522e944eabff61?s=96&d=mm&r=g\",\"caption\":\"thomas.berner\"},\"url\":\"https:\\\/\\\/www.organisator.ch\\\/en\\\/author\\\/thomas-berner\\\/\"}]}<\/script>\n<!-- \/ Yoast SEO plugin. -->","yoast_head_json":{"title":"Net zero aspirations in the real estate sector - organizer","description":"Will 2022 mark the turnaround for net-zero efforts in the real estate sector? Assessments by Ruari Revell, ESG Manager at abrdn.","robots":{"index":"index","follow":"follow","max-snippet":"max-snippet:-1","max-image-preview":"max-image-preview:large","max-video-preview":"max-video-preview:-1"},"canonical":"https:\/\/www.organisator.ch\/en\/sustainability\/2022-03-17\/netto-null-bestrebungen-im-immobiliensektor\/","og_locale":"en_US","og_type":"article","og_title":"Netto-Null-Bestrebungen im Immobiliensektor","og_description":"Kommt 2022 die Kehrtwende f\u00fcr Netto-Null-Bestrebungen im Immobiliensektor? Einsch\u00e4tzungen von Ruari Revell, ESG Manager bei abrdn.","og_url":"https:\/\/www.organisator.ch\/en\/sustainability\/2022-03-17\/netto-null-bestrebungen-im-immobiliensektor\/","og_site_name":"Organisator","article_publisher":"https:\/\/www.facebook.com\/OrganisatorFachmagazin","article_published_time":"2022-03-17T08:19:49+00:00","article_modified_time":"2022-03-22T10:54:45+00:00","og_image":[{"width":680,"height":412,"url":"https:\/\/www.organisator.ch\/wp-content\/uploads\/2022\/03\/Netto-Null-Bestrebungen-im-Immobiliensektor_Organisator.jpg","type":"image\/jpeg"}],"author":"thomas.berner","twitter_card":"summary_large_image","twitter_title":"#Netto-Null-Bestrebungen im #Immobiliensektor","twitter_description":"Kommt 2022 die #Kehrtwende f\u00fcr #Netto-Null-Bestrebungen im #Immobiliensektor? Einsch\u00e4tzungen von Ruari Revell, ESG Manager bei #abrdn.","twitter_image":"https:\/\/www.organisator.ch\/wp-content\/uploads\/2022\/03\/Netto-Null-Bestrebungen-im-Immobiliensektor_Organisator.jpg","schema":{"@context":"https:\/\/schema.org","@graph":[{"@type":"Article","@id":"https:\/\/www.organisator.ch\/sustainability\/2022-03-17\/netto-null-bestrebungen-im-immobiliensektor\/#article","isPartOf":{"@id":"https:\/\/www.organisator.ch\/sustainability\/2022-03-17\/netto-null-bestrebungen-im-immobiliensektor\/"},"author":{"name":"thomas.berner","@id":"https:\/\/www.organisator.ch\/#\/schema\/person\/6f650f90b2842cd4c0cc334b4e36f67e"},"headline":"Netto-Null-Bestrebungen im Immobiliensektor","datePublished":"2022-03-17T08:19:49+00:00","dateModified":"2022-03-22T10:54:45+00:00","mainEntityOfPage":{"@id":"https:\/\/www.organisator.ch\/sustainability\/2022-03-17\/netto-null-bestrebungen-im-immobiliensektor\/"},"wordCount":865,"publisher":{"@id":"https:\/\/www.organisator.ch\/#organization"},"image":{"@id":"https:\/\/www.organisator.ch\/sustainability\/2022-03-17\/netto-null-bestrebungen-im-immobiliensektor\/#primaryimage"},"thumbnailUrl":"https:\/\/www.organisator.ch\/wp-content\/uploads\/2022\/03\/Netto-Null-Bestrebungen-im-Immobiliensektor_Organisator.jpg","keywords":["Immobilien","Investments","Nachhaltige Wirtschaft"],"articleSection":["SUSTAINABILITY"],"inLanguage":"en-US"},{"@type":"WebPage","@id":"https:\/\/www.organisator.ch\/sustainability\/2022-03-17\/netto-null-bestrebungen-im-immobiliensektor\/","url":"https:\/\/www.organisator.ch\/sustainability\/2022-03-17\/netto-null-bestrebungen-im-immobiliensektor\/","name":"Net zero aspirations in the real estate sector - organizer","isPartOf":{"@id":"https:\/\/www.organisator.ch\/#website"},"primaryImageOfPage":{"@id":"https:\/\/www.organisator.ch\/sustainability\/2022-03-17\/netto-null-bestrebungen-im-immobiliensektor\/#primaryimage"},"image":{"@id":"https:\/\/www.organisator.ch\/sustainability\/2022-03-17\/netto-null-bestrebungen-im-immobiliensektor\/#primaryimage"},"thumbnailUrl":"https:\/\/www.organisator.ch\/wp-content\/uploads\/2022\/03\/Netto-Null-Bestrebungen-im-Immobiliensektor_Organisator.jpg","datePublished":"2022-03-17T08:19:49+00:00","dateModified":"2022-03-22T10:54:45+00:00","description":"Will 2022 mark the turnaround for net-zero efforts in the real estate sector? Assessments by Ruari Revell, ESG Manager at abrdn.","breadcrumb":{"@id":"https:\/\/www.organisator.ch\/sustainability\/2022-03-17\/netto-null-bestrebungen-im-immobiliensektor\/#breadcrumb"},"inLanguage":"en-US","potentialAction":[{"@type":"ReadAction","target":["https:\/\/www.organisator.ch\/sustainability\/2022-03-17\/netto-null-bestrebungen-im-immobiliensektor\/"]}]},{"@type":"ImageObject","inLanguage":"en-US","@id":"https:\/\/www.organisator.ch\/sustainability\/2022-03-17\/netto-null-bestrebungen-im-immobiliensektor\/#primaryimage","url":"https:\/\/www.organisator.ch\/wp-content\/uploads\/2022\/03\/Netto-Null-Bestrebungen-im-Immobiliensektor_Organisator.jpg","contentUrl":"https:\/\/www.organisator.ch\/wp-content\/uploads\/2022\/03\/Netto-Null-Bestrebungen-im-Immobiliensektor_Organisator.jpg","width":680,"height":412,"caption":"Wie steht es um die Netto-Null-Bestrebungen im Immobiliensektor? Die Verh\u00e4ltnisse gestalten sich kompliziert, aber 2022 k\u00f6nnte eine Wende bringen. (Bild: Pixabay.com)"},{"@type":"BreadcrumbList","@id":"https:\/\/www.organisator.ch\/sustainability\/2022-03-17\/netto-null-bestrebungen-im-immobiliensektor\/#breadcrumb","itemListElement":[{"@type":"ListItem","position":1,"name":"Home","item":"https:\/\/www.organisator.ch\/"},{"@type":"ListItem","position":2,"name":"Netto-Null-Bestrebungen im Immobiliensektor"}]},{"@type":"WebSite","@id":"https:\/\/www.organisator.ch\/#website","url":"https:\/\/www.organisator.ch\/","name":"Organizer","description":"Competent. Practical. In 10 issues per year, ORGANISATOR presents the essential topics for managers of SMEs.","publisher":{"@id":"https:\/\/www.organisator.ch\/#organization"},"potentialAction":[{"@type":"SearchAction","target":{"@type":"EntryPoint","urlTemplate":"https:\/\/www.organisator.ch\/?s={search_term_string}"},"query-input":{"@type":"PropertyValueSpecification","valueRequired":true,"valueName":"search_term_string"}}],"inLanguage":"en-US"},{"@type":"Organization","@id":"https:\/\/www.organisator.ch\/#organization","name":"Organizer","url":"https:\/\/www.organisator.ch\/","logo":{"@type":"ImageObject","inLanguage":"en-US","@id":"https:\/\/www.organisator.ch\/#\/schema\/logo\/image\/","url":"https:\/\/www.organisator.ch\/wp-content\/uploads\/2022\/01\/Logo_Organisator_Website.png","contentUrl":"https:\/\/www.organisator.ch\/wp-content\/uploads\/2022\/01\/Logo_Organisator_Website.png","width":800,"height":77,"caption":"Organisator"},"image":{"@id":"https:\/\/www.organisator.ch\/#\/schema\/logo\/image\/"},"sameAs":["https:\/\/www.facebook.com\/OrganisatorFachmagazin","https:\/\/www.linkedin.com\/showcase\/organisator-das-magazin-fr-kmu","https:\/\/www.xing.com\/news\/pages\/organisator-ch-695","https:\/\/www.youtube.com\/channel\/UCGP2Sq0iWaZwT3BdIAQFYpw"]},{"@type":"Person","@id":"https:\/\/www.organisator.ch\/#\/schema\/person\/6f650f90b2842cd4c0cc334b4e36f67e","name":"thomas.berner","image":{"@type":"ImageObject","inLanguage":"en-US","@id":"https:\/\/secure.gravatar.com\/avatar\/ac5001d2a36cb6c6cd3e50789007ffca834b477b74a2144564522e944eabff61?s=96&d=mm&r=g","url":"https:\/\/secure.gravatar.com\/avatar\/ac5001d2a36cb6c6cd3e50789007ffca834b477b74a2144564522e944eabff61?s=96&d=mm&r=g","contentUrl":"https:\/\/secure.gravatar.com\/avatar\/ac5001d2a36cb6c6cd3e50789007ffca834b477b74a2144564522e944eabff61?s=96&d=mm&r=g","caption":"thomas.berner"},"url":"https:\/\/www.organisator.ch\/en\/author\/thomas-berner\/"}]}},"_links":{"self":[{"href":"https:\/\/www.organisator.ch\/en\/wp-json\/wp\/v2\/posts\/12158","targetHints":{"allow":["GET"]}}],"collection":[{"href":"https:\/\/www.organisator.ch\/en\/wp-json\/wp\/v2\/posts"}],"about":[{"href":"https:\/\/www.organisator.ch\/en\/wp-json\/wp\/v2\/types\/post"}],"author":[{"embeddable":true,"href":"https:\/\/www.organisator.ch\/en\/wp-json\/wp\/v2\/users\/4"}],"replies":[{"embeddable":true,"href":"https:\/\/www.organisator.ch\/en\/wp-json\/wp\/v2\/comments?post=12158"}],"version-history":[{"count":3,"href":"https:\/\/www.organisator.ch\/en\/wp-json\/wp\/v2\/posts\/12158\/revisions"}],"predecessor-version":[{"id":12195,"href":"https:\/\/www.organisator.ch\/en\/wp-json\/wp\/v2\/posts\/12158\/revisions\/12195"}],"wp:featuredmedia":[{"embeddable":true,"href":"https:\/\/www.organisator.ch\/en\/wp-json\/wp\/v2\/media\/12159"}],"wp:attachment":[{"href":"https:\/\/www.organisator.ch\/en\/wp-json\/wp\/v2\/media?parent=12158"}],"wp:term":[{"taxonomy":"category","embeddable":true,"href":"https:\/\/www.organisator.ch\/en\/wp-json\/wp\/v2\/categories?post=12158"},{"taxonomy":"post_tag","embeddable":true,"href":"https:\/\/www.organisator.ch\/en\/wp-json\/wp\/v2\/tags?post=12158"}],"curies":[{"name":"wp","href":"https:\/\/api.w.org\/{rel}","templated":true}]}}