{"id":12213,"date":"2022-03-24T13:46:38","date_gmt":"2022-03-24T12:46:38","guid":{"rendered":"https:\/\/www.organisator.ch\/?p=12213"},"modified":"2022-03-24T13:46:38","modified_gmt":"2022-03-24T12:46:38","slug":"basel-area-vermeldet-rekordjahr-im-standortmarketing","status":"publish","type":"post","link":"https:\/\/www.organisator.ch\/en\/allgemein\/2022-03-24\/basel-area-vermeldet-rekordjahr-im-standortmarketing\/","title":{"rendered":"Basel Area reports record year in location marketing"},"content":{"rendered":"<figure id=\"attachment_12214\" aria-describedby=\"caption-attachment-12214\" style=\"width: 680px\" class=\"wp-caption alignnone\"><img loading=\"lazy\" decoding=\"async\" class=\"size-full wp-image-12214\" src=\"https:\/\/www.organisator.ch\/wp-content\/uploads\/2022\/03\/Basel-Area-vermeldet-Rekordjahr-im-Standortmarketing_Organisator.jpg\" alt=\"\" width=\"680\" height=\"452\" srcset=\"https:\/\/www.organisator.ch\/wp-content\/uploads\/2022\/03\/Basel-Area-vermeldet-Rekordjahr-im-Standortmarketing_Organisator.jpg 680w, https:\/\/www.organisator.ch\/wp-content\/uploads\/2022\/03\/Basel-Area-vermeldet-Rekordjahr-im-Standortmarketing_Organisator-18x12.jpg 18w, https:\/\/www.organisator.ch\/wp-content\/uploads\/2022\/03\/Basel-Area-vermeldet-Rekordjahr-im-Standortmarketing_Organisator-263x175.jpg 263w, https:\/\/www.organisator.ch\/wp-content\/uploads\/2022\/03\/Basel-Area-vermeldet-Rekordjahr-im-Standortmarketing_Organisator-527x350.jpg 527w, https:\/\/www.organisator.ch\/wp-content\/uploads\/2022\/03\/Basel-Area-vermeldet-Rekordjahr-im-Standortmarketing_Organisator-300x199.jpg 300w\" sizes=\"auto, (max-width: 680px) 100vw, 680px\" \/><figcaption id=\"caption-attachment-12214\" class=\"wp-caption-text\">The Basel economic area was able to attract a growing number of new companies in 2021. (Image: zVg \/ Basel Area)<\/figcaption><\/figure>\n<p>Basel Area Business &amp; Innovation has never succeeded in helping more companies set up shop than in 2021. The non-profit organization, which focuses on the development of the region's leading industries such as life sciences, healthcare and production technology and operates the Switzerland Innovation Park Basel Area, is suitably pleased. It appeals to and attracts foreign companies looking to expand, supports innovative startups and promotes high-growth initiatives. This seems to have worked well in the second year of the Corona pandemic, as demand for the Basel Area location has not diminished, according to a media release. The new record of 39 company settlements even clearly exceeds the previous year's result of 27 settlements.<\/p>\n<h3>Life Sciences leading<\/h3>\n<p>With 28 settlements, companies from the life sciences sector account for more than two-thirds of the newcomers. Of these, 7 belong to the growing innovation area of digital health. This shows that the Basel economic region is becoming increasingly popular with companies involved in digital health innovations. At the same time, the region has also become more attractive for companies in the field of industrial transformation. 5 Companies active in production and process technology have newly established themselves in the region. The companies that have settled in the cantons of Basel-Landschaft, Basel-Stadt and Jura in 2021 come from 15 countries. The USA and France each accounted for 5 of the settlements, the UK for 3. 9 newcomers came from cantons outside the Basel area.<\/p>\n<h3>High number of startups<\/h3>\n<p>The number of new company startups remains remarkably high, it adds. According to the organization, it supported 76 startups that were founded in the Basel region in 2021. Although this is 6 fewer than in the previous year, it is the second-best figure ever achieved. The Basel Area's outstanding ecosystem plays a central role in both newly founded startups and the relocation of established companies. The support programs and accelerators BaseLaunch (biotech), DayOne (digital health), i4Challenge (industrial transformation) and the broad-based venture mentoring also play a major role in the further development of the ecosystem.<\/p>\n<h3>Basel Area moves Innovation Park<\/h3>\n<p>The Switzerland Innovation Park Basel Area is also developing well, with 68 companies and 14 research groups now operating at its sites in Allschwil, Basel and Jura, as well as on the Novartis Campus. Because the Innovation Park on the Novartis Campus is fully occupied, the move to the 12th and 14th floors of a neighboring building with significantly larger space and a view of the Basel Area will take place on April 1.<\/p>\n<p><em>Source: <a href=\"http:\/\/www.baselarea.swiss\">www.baselarea.swiss<\/a><\/em><\/p>","protected":false},"excerpt":{"rendered":"<p>Noch nie ist es Basel Area Business &amp; Innovation gelungen, mehr Unternehmen bei der Ansiedlung zu unterst\u00fctzen als 2021. Die Non-Profit-Organisation, die sich auf die Entwicklung der f\u00fchrenden Industrien der Region wie Life Sciences, Gesundheitsbranche und Produktionstechnologie und den Switzerland Innovation Park Basel Area betreibt, zeigt sich entsprechend erfreut. Sie spricht und zieht ausl\u00e4ndische Firmen [&hellip;]<\/p>\n","protected":false},"author":4,"featured_media":12214,"comment_status":"closed","ping_status":"closed","sticky":false,"template":"","format":"standard","meta":{"_acf_changed":false,"_yoast_wpseo_focuskw":"Basel Area","_yoast_wpseo_metadesc":"Rekordjahr f\u00fcr Basel Area: 2021 wurden in den Kantonen Basel-Landschaft, Basel-Stadt und Jura 39 Firmenansiedlungen unterst\u00fctzt.","articlekey":"","footnotes":""},"categories":[1],"tags":[2761,451,531],"class_list":["post-12213","post","type-post","status-publish","format-standard","has-post-thumbnail","hentry","category-allgemein","tag-standortfoerderung","tag-startups","tag-wirtschaftspolitik"],"acf":[],"yoast_head":"<!-- This site is optimized with the Yoast SEO plugin v27.5 - https:\/\/yoast.com\/product\/yoast-seo-wordpress\/ -->\n<title>Basel Area vermeldet Rekordjahr im Standortmarketing - Organisator<\/title>\n<meta name=\"description\" content=\"Rekordjahr f\u00fcr Basel Area: 2021 wurden in den Kantonen Basel-Landschaft, Basel-Stadt und Jura 39 Firmenansiedlungen unterst\u00fctzt.\" \/>\n<meta name=\"robots\" content=\"index, follow, max-snippet:-1, max-image-preview:large, max-video-preview:-1\" \/>\n<link rel=\"canonical\" href=\"https:\/\/www.organisator.ch\/en\/general\/2022-03-24\/basel-area-vermeldet-rekordjahr-im-standortmarketing\/\" \/>\n<meta property=\"og:locale\" content=\"en_US\" \/>\n<meta property=\"og:type\" content=\"article\" \/>\n<meta property=\"og:title\" content=\"Basel Area vermeldet Rekordjahr im Standortmarketing\" \/>\n<meta property=\"og:description\" content=\"Rekordjahr f\u00fcr Basel Area: 2021 wurden in den Kantonen Basel-Landschaft, Basel-Stadt und Jura 39 Firmenansiedlungen unterst\u00fctzt.\" \/>\n<meta property=\"og:url\" content=\"https:\/\/www.organisator.ch\/en\/general\/2022-03-24\/basel-area-vermeldet-rekordjahr-im-standortmarketing\/\" \/>\n<meta property=\"og:site_name\" content=\"Organisator\" \/>\n<meta property=\"article:publisher\" content=\"https:\/\/www.facebook.com\/OrganisatorFachmagazin\" \/>\n<meta property=\"article:published_time\" content=\"2022-03-24T12:46:38+00:00\" \/>\n<meta property=\"og:image\" content=\"https:\/\/www.organisator.ch\/wp-content\/uploads\/2022\/03\/Basel-Area-vermeldet-Rekordjahr-im-Standortmarketing_Organisator.jpg\" \/>\n\t<meta property=\"og:image:width\" content=\"680\" \/>\n\t<meta property=\"og:image:height\" content=\"452\" \/>\n\t<meta property=\"og:image:type\" content=\"image\/jpeg\" \/>\n<meta name=\"author\" content=\"thomas.berner\" \/>\n<meta name=\"twitter:card\" content=\"summary_large_image\" \/>\n<meta name=\"twitter:title\" content=\"#BaselArea vermeldet #Rekordjahr im #Standortmarketing\" \/>\n<meta name=\"twitter:description\" content=\"#Rekordjahr f\u00fcr #BaselArea: 2021 wurden in den Kantonen #Basel-Landschaft, #Basel-Stadt und #Jura 39 #Firmenansiedlungen unterst\u00fctzt.\" \/>\n<meta name=\"twitter:image\" content=\"https:\/\/www.organisator.ch\/wp-content\/uploads\/2022\/03\/Basel-Area-vermeldet-Rekordjahr-im-Standortmarketing_Organisator.jpg\" \/>\n<script type=\"application\/ld+json\" class=\"yoast-schema-graph\">{\"@context\":\"https:\\\/\\\/schema.org\",\"@graph\":[{\"@type\":\"Article\",\"@id\":\"https:\\\/\\\/www.organisator.ch\\\/fr\\\/general\\\/2022-03-24\\\/basel-area-remeldet-rekordjahr-im-standortmarketing\\\/#article\",\"isPartOf\":{\"@id\":\"https:\\\/\\\/www.organisator.ch\\\/fr\\\/general\\\/2022-03-24\\\/basel-area-remeldet-rekordjahr-im-standortmarketing\\\/\"},\"author\":{\"name\":\"thomas.berner\",\"@id\":\"https:\\\/\\\/www.organisator.ch\\\/#\\\/schema\\\/person\\\/6f650f90b2842cd4c0cc334b4e36f67e\"},\"headline\":\"Basel Area vermeldet Rekordjahr im Standortmarketing\",\"datePublished\":\"2022-03-24T12:46:38+00:00\",\"mainEntityOfPage\":{\"@id\":\"https:\\\/\\\/www.organisator.ch\\\/fr\\\/general\\\/2022-03-24\\\/basel-area-remeldet-rekordjahr-im-standortmarketing\\\/\"},\"wordCount\":444,\"publisher\":{\"@id\":\"https:\\\/\\\/www.organisator.ch\\\/#organization\"},\"image\":{\"@id\":\"https:\\\/\\\/www.organisator.ch\\\/fr\\\/general\\\/2022-03-24\\\/basel-area-remeldet-rekordjahr-im-standortmarketing\\\/#primaryimage\"},\"thumbnailUrl\":\"https:\\\/\\\/www.organisator.ch\\\/wp-content\\\/uploads\\\/2022\\\/03\\\/Basel-Area-vermeldet-Rekordjahr-im-Standortmarketing_Organisator.jpg\",\"keywords\":[\"Standortf\u00f6rderung\",\"Startups\",\"Wirtschaftspolitik\"],\"articleSection\":[\"Allgemein\"],\"inLanguage\":\"en-US\"},{\"@type\":\"WebPage\",\"@id\":\"https:\\\/\\\/www.organisator.ch\\\/fr\\\/general\\\/2022-03-24\\\/basel-area-remeldet-rekordjahr-im-standortmarketing\\\/\",\"url\":\"https:\\\/\\\/www.organisator.ch\\\/fr\\\/general\\\/2022-03-24\\\/basel-area-remeldet-rekordjahr-im-standortmarketing\\\/\",\"name\":\"Basel Area vermeldet Rekordjahr im Standortmarketing - Organisator\",\"isPartOf\":{\"@id\":\"https:\\\/\\\/www.organisator.ch\\\/#website\"},\"primaryImageOfPage\":{\"@id\":\"https:\\\/\\\/www.organisator.ch\\\/fr\\\/general\\\/2022-03-24\\\/basel-area-remeldet-rekordjahr-im-standortmarketing\\\/#primaryimage\"},\"image\":{\"@id\":\"https:\\\/\\\/www.organisator.ch\\\/fr\\\/general\\\/2022-03-24\\\/basel-area-remeldet-rekordjahr-im-standortmarketing\\\/#primaryimage\"},\"thumbnailUrl\":\"https:\\\/\\\/www.organisator.ch\\\/wp-content\\\/uploads\\\/2022\\\/03\\\/Basel-Area-vermeldet-Rekordjahr-im-Standortmarketing_Organisator.jpg\",\"datePublished\":\"2022-03-24T12:46:38+00:00\",\"description\":\"Rekordjahr f\u00fcr Basel Area: 2021 wurden in den Kantonen Basel-Landschaft, Basel-Stadt und Jura 39 Firmenansiedlungen unterst\u00fctzt.\",\"breadcrumb\":{\"@id\":\"https:\\\/\\\/www.organisator.ch\\\/fr\\\/general\\\/2022-03-24\\\/basel-area-remeldet-rekordjahr-im-standortmarketing\\\/#breadcrumb\"},\"inLanguage\":\"en-US\",\"potentialAction\":[{\"@type\":\"ReadAction\",\"target\":[\"https:\\\/\\\/www.organisator.ch\\\/fr\\\/general\\\/2022-03-24\\\/basel-area-remeldet-rekordjahr-im-standortmarketing\\\/\"]}]},{\"@type\":\"ImageObject\",\"inLanguage\":\"en-US\",\"@id\":\"https:\\\/\\\/www.organisator.ch\\\/fr\\\/general\\\/2022-03-24\\\/basel-area-remeldet-rekordjahr-im-standortmarketing\\\/#primaryimage\",\"url\":\"https:\\\/\\\/www.organisator.ch\\\/wp-content\\\/uploads\\\/2022\\\/03\\\/Basel-Area-vermeldet-Rekordjahr-im-Standortmarketing_Organisator.jpg\",\"contentUrl\":\"https:\\\/\\\/www.organisator.ch\\\/wp-content\\\/uploads\\\/2022\\\/03\\\/Basel-Area-vermeldet-Rekordjahr-im-Standortmarketing_Organisator.jpg\",\"width\":680,\"height\":452,\"caption\":\"Der Wirtschaftsraum Basel konnte 2021 eine wachsende Zahl neuer Firmen anlocken. (Bild: zVg \\\/ Basel Area)\"},{\"@type\":\"BreadcrumbList\",\"@id\":\"https:\\\/\\\/www.organisator.ch\\\/fr\\\/general\\\/2022-03-24\\\/basel-area-remeldet-rekordjahr-im-standortmarketing\\\/#breadcrumb\",\"itemListElement\":[{\"@type\":\"ListItem\",\"position\":1,\"name\":\"Home\",\"item\":\"https:\\\/\\\/www.organisator.ch\\\/\"},{\"@type\":\"ListItem\",\"position\":2,\"name\":\"Basel Area vermeldet Rekordjahr im Standortmarketing\"}]},{\"@type\":\"WebSite\",\"@id\":\"https:\\\/\\\/www.organisator.ch\\\/#website\",\"url\":\"https:\\\/\\\/www.organisator.ch\\\/\",\"name\":\"Organisator\",\"description\":\"Kompetent. Praxisnah. Der ORGANISATOR bereitet in 10 Ausgaben pro Jahr die wesentlichen Themen f\u00fcr F\u00fchrungskr\u00e4fte von KMU auf.\",\"publisher\":{\"@id\":\"https:\\\/\\\/www.organisator.ch\\\/#organization\"},\"potentialAction\":[{\"@type\":\"SearchAction\",\"target\":{\"@type\":\"EntryPoint\",\"urlTemplate\":\"https:\\\/\\\/www.organisator.ch\\\/?s={search_term_string}\"},\"query-input\":{\"@type\":\"PropertyValueSpecification\",\"valueRequired\":true,\"valueName\":\"search_term_string\"}}],\"inLanguage\":\"en-US\"},{\"@type\":\"Organization\",\"@id\":\"https:\\\/\\\/www.organisator.ch\\\/#organization\",\"name\":\"Organisator\",\"url\":\"https:\\\/\\\/www.organisator.ch\\\/\",\"logo\":{\"@type\":\"ImageObject\",\"inLanguage\":\"en-US\",\"@id\":\"https:\\\/\\\/www.organisator.ch\\\/#\\\/schema\\\/logo\\\/image\\\/\",\"url\":\"https:\\\/\\\/www.organisator.ch\\\/wp-content\\\/uploads\\\/2022\\\/01\\\/Logo_Organisator_Website.png\",\"contentUrl\":\"https:\\\/\\\/www.organisator.ch\\\/wp-content\\\/uploads\\\/2022\\\/01\\\/Logo_Organisator_Website.png\",\"width\":800,\"height\":77,\"caption\":\"Organisator\"},\"image\":{\"@id\":\"https:\\\/\\\/www.organisator.ch\\\/#\\\/schema\\\/logo\\\/image\\\/\"},\"sameAs\":[\"https:\\\/\\\/www.facebook.com\\\/OrganisatorFachmagazin\",\"https:\\\/\\\/www.linkedin.com\\\/showcase\\\/organisator-das-magazin-fr-kmu\",\"https:\\\/\\\/www.xing.com\\\/news\\\/pages\\\/organisator-ch-695\",\"https:\\\/\\\/www.youtube.com\\\/channel\\\/UCGP2Sq0iWaZwT3BdIAQFYpw\"]},{\"@type\":\"Person\",\"@id\":\"https:\\\/\\\/www.organisator.ch\\\/#\\\/schema\\\/person\\\/6f650f90b2842cd4c0cc334b4e36f67e\",\"name\":\"thomas.berner\",\"image\":{\"@type\":\"ImageObject\",\"inLanguage\":\"en-US\",\"@id\":\"https:\\\/\\\/secure.gravatar.com\\\/avatar\\\/ac5001d2a36cb6c6cd3e50789007ffca834b477b74a2144564522e944eabff61?s=96&d=mm&r=g\",\"url\":\"https:\\\/\\\/secure.gravatar.com\\\/avatar\\\/ac5001d2a36cb6c6cd3e50789007ffca834b477b74a2144564522e944eabff61?s=96&d=mm&r=g\",\"contentUrl\":\"https:\\\/\\\/secure.gravatar.com\\\/avatar\\\/ac5001d2a36cb6c6cd3e50789007ffca834b477b74a2144564522e944eabff61?s=96&d=mm&r=g\",\"caption\":\"thomas.berner\"},\"url\":\"https:\\\/\\\/www.organisator.ch\\\/en\\\/author\\\/thomas-berner\\\/\"}]}<\/script>\n<!-- \/ Yoast SEO plugin. -->","yoast_head_json":{"title":"Basel Area reports record year in location marketing - organizer","description":"Record year for Basel Area: In 2021, 39 company relocations were supported in the cantons of Basel-Landschaft, Basel-Stadt and Jura.","robots":{"index":"index","follow":"follow","max-snippet":"max-snippet:-1","max-image-preview":"max-image-preview:large","max-video-preview":"max-video-preview:-1"},"canonical":"https:\/\/www.organisator.ch\/en\/general\/2022-03-24\/basel-area-vermeldet-rekordjahr-im-standortmarketing\/","og_locale":"en_US","og_type":"article","og_title":"Basel Area vermeldet Rekordjahr im Standortmarketing","og_description":"Rekordjahr f\u00fcr Basel Area: 2021 wurden in den Kantonen Basel-Landschaft, Basel-Stadt und Jura 39 Firmenansiedlungen unterst\u00fctzt.","og_url":"https:\/\/www.organisator.ch\/en\/general\/2022-03-24\/basel-area-vermeldet-rekordjahr-im-standortmarketing\/","og_site_name":"Organisator","article_publisher":"https:\/\/www.facebook.com\/OrganisatorFachmagazin","article_published_time":"2022-03-24T12:46:38+00:00","og_image":[{"width":680,"height":452,"url":"https:\/\/www.organisator.ch\/wp-content\/uploads\/2022\/03\/Basel-Area-vermeldet-Rekordjahr-im-Standortmarketing_Organisator.jpg","type":"image\/jpeg"}],"author":"thomas.berner","twitter_card":"summary_large_image","twitter_title":"#BaselArea vermeldet #Rekordjahr im #Standortmarketing","twitter_description":"#Rekordjahr f\u00fcr #BaselArea: 2021 wurden in den Kantonen #Basel-Landschaft, #Basel-Stadt und #Jura 39 #Firmenansiedlungen unterst\u00fctzt.","twitter_image":"https:\/\/www.organisator.ch\/wp-content\/uploads\/2022\/03\/Basel-Area-vermeldet-Rekordjahr-im-Standortmarketing_Organisator.jpg","schema":{"@context":"https:\/\/schema.org","@graph":[{"@type":"Article","@id":"https:\/\/www.organisator.ch\/fr\/general\/2022-03-24\/basel-area-remeldet-rekordjahr-im-standortmarketing\/#article","isPartOf":{"@id":"https:\/\/www.organisator.ch\/fr\/general\/2022-03-24\/basel-area-remeldet-rekordjahr-im-standortmarketing\/"},"author":{"name":"thomas.berner","@id":"https:\/\/www.organisator.ch\/#\/schema\/person\/6f650f90b2842cd4c0cc334b4e36f67e"},"headline":"Basel Area vermeldet Rekordjahr im Standortmarketing","datePublished":"2022-03-24T12:46:38+00:00","mainEntityOfPage":{"@id":"https:\/\/www.organisator.ch\/fr\/general\/2022-03-24\/basel-area-remeldet-rekordjahr-im-standortmarketing\/"},"wordCount":444,"publisher":{"@id":"https:\/\/www.organisator.ch\/#organization"},"image":{"@id":"https:\/\/www.organisator.ch\/fr\/general\/2022-03-24\/basel-area-remeldet-rekordjahr-im-standortmarketing\/#primaryimage"},"thumbnailUrl":"https:\/\/www.organisator.ch\/wp-content\/uploads\/2022\/03\/Basel-Area-vermeldet-Rekordjahr-im-Standortmarketing_Organisator.jpg","keywords":["Standortf\u00f6rderung","Startups","Wirtschaftspolitik"],"articleSection":["Allgemein"],"inLanguage":"en-US"},{"@type":"WebPage","@id":"https:\/\/www.organisator.ch\/fr\/general\/2022-03-24\/basel-area-remeldet-rekordjahr-im-standortmarketing\/","url":"https:\/\/www.organisator.ch\/fr\/general\/2022-03-24\/basel-area-remeldet-rekordjahr-im-standortmarketing\/","name":"Basel Area reports record year in location marketing - organizer","isPartOf":{"@id":"https:\/\/www.organisator.ch\/#website"},"primaryImageOfPage":{"@id":"https:\/\/www.organisator.ch\/fr\/general\/2022-03-24\/basel-area-remeldet-rekordjahr-im-standortmarketing\/#primaryimage"},"image":{"@id":"https:\/\/www.organisator.ch\/fr\/general\/2022-03-24\/basel-area-remeldet-rekordjahr-im-standortmarketing\/#primaryimage"},"thumbnailUrl":"https:\/\/www.organisator.ch\/wp-content\/uploads\/2022\/03\/Basel-Area-vermeldet-Rekordjahr-im-Standortmarketing_Organisator.jpg","datePublished":"2022-03-24T12:46:38+00:00","description":"Record year for Basel Area: In 2021, 39 company relocations were supported in the cantons of Basel-Landschaft, Basel-Stadt and Jura.","breadcrumb":{"@id":"https:\/\/www.organisator.ch\/fr\/general\/2022-03-24\/basel-area-remeldet-rekordjahr-im-standortmarketing\/#breadcrumb"},"inLanguage":"en-US","potentialAction":[{"@type":"ReadAction","target":["https:\/\/www.organisator.ch\/fr\/general\/2022-03-24\/basel-area-remeldet-rekordjahr-im-standortmarketing\/"]}]},{"@type":"ImageObject","inLanguage":"en-US","@id":"https:\/\/www.organisator.ch\/fr\/general\/2022-03-24\/basel-area-remeldet-rekordjahr-im-standortmarketing\/#primaryimage","url":"https:\/\/www.organisator.ch\/wp-content\/uploads\/2022\/03\/Basel-Area-vermeldet-Rekordjahr-im-Standortmarketing_Organisator.jpg","contentUrl":"https:\/\/www.organisator.ch\/wp-content\/uploads\/2022\/03\/Basel-Area-vermeldet-Rekordjahr-im-Standortmarketing_Organisator.jpg","width":680,"height":452,"caption":"Der Wirtschaftsraum Basel konnte 2021 eine wachsende Zahl neuer Firmen anlocken. (Bild: zVg \/ Basel Area)"},{"@type":"BreadcrumbList","@id":"https:\/\/www.organisator.ch\/fr\/general\/2022-03-24\/basel-area-remeldet-rekordjahr-im-standortmarketing\/#breadcrumb","itemListElement":[{"@type":"ListItem","position":1,"name":"Home","item":"https:\/\/www.organisator.ch\/"},{"@type":"ListItem","position":2,"name":"Basel Area vermeldet Rekordjahr im Standortmarketing"}]},{"@type":"WebSite","@id":"https:\/\/www.organisator.ch\/#website","url":"https:\/\/www.organisator.ch\/","name":"Organizer","description":"Competent. Practical. In 10 issues per year, ORGANISATOR presents the essential topics for managers of SMEs.","publisher":{"@id":"https:\/\/www.organisator.ch\/#organization"},"potentialAction":[{"@type":"SearchAction","target":{"@type":"EntryPoint","urlTemplate":"https:\/\/www.organisator.ch\/?s={search_term_string}"},"query-input":{"@type":"PropertyValueSpecification","valueRequired":true,"valueName":"search_term_string"}}],"inLanguage":"en-US"},{"@type":"Organization","@id":"https:\/\/www.organisator.ch\/#organization","name":"Organizer","url":"https:\/\/www.organisator.ch\/","logo":{"@type":"ImageObject","inLanguage":"en-US","@id":"https:\/\/www.organisator.ch\/#\/schema\/logo\/image\/","url":"https:\/\/www.organisator.ch\/wp-content\/uploads\/2022\/01\/Logo_Organisator_Website.png","contentUrl":"https:\/\/www.organisator.ch\/wp-content\/uploads\/2022\/01\/Logo_Organisator_Website.png","width":800,"height":77,"caption":"Organisator"},"image":{"@id":"https:\/\/www.organisator.ch\/#\/schema\/logo\/image\/"},"sameAs":["https:\/\/www.facebook.com\/OrganisatorFachmagazin","https:\/\/www.linkedin.com\/showcase\/organisator-das-magazin-fr-kmu","https:\/\/www.xing.com\/news\/pages\/organisator-ch-695","https:\/\/www.youtube.com\/channel\/UCGP2Sq0iWaZwT3BdIAQFYpw"]},{"@type":"Person","@id":"https:\/\/www.organisator.ch\/#\/schema\/person\/6f650f90b2842cd4c0cc334b4e36f67e","name":"thomas.berner","image":{"@type":"ImageObject","inLanguage":"en-US","@id":"https:\/\/secure.gravatar.com\/avatar\/ac5001d2a36cb6c6cd3e50789007ffca834b477b74a2144564522e944eabff61?s=96&d=mm&r=g","url":"https:\/\/secure.gravatar.com\/avatar\/ac5001d2a36cb6c6cd3e50789007ffca834b477b74a2144564522e944eabff61?s=96&d=mm&r=g","contentUrl":"https:\/\/secure.gravatar.com\/avatar\/ac5001d2a36cb6c6cd3e50789007ffca834b477b74a2144564522e944eabff61?s=96&d=mm&r=g","caption":"thomas.berner"},"url":"https:\/\/www.organisator.ch\/en\/author\/thomas-berner\/"}]}},"_links":{"self":[{"href":"https:\/\/www.organisator.ch\/en\/wp-json\/wp\/v2\/posts\/12213","targetHints":{"allow":["GET"]}}],"collection":[{"href":"https:\/\/www.organisator.ch\/en\/wp-json\/wp\/v2\/posts"}],"about":[{"href":"https:\/\/www.organisator.ch\/en\/wp-json\/wp\/v2\/types\/post"}],"author":[{"embeddable":true,"href":"https:\/\/www.organisator.ch\/en\/wp-json\/wp\/v2\/users\/4"}],"replies":[{"embeddable":true,"href":"https:\/\/www.organisator.ch\/en\/wp-json\/wp\/v2\/comments?post=12213"}],"version-history":[{"count":1,"href":"https:\/\/www.organisator.ch\/en\/wp-json\/wp\/v2\/posts\/12213\/revisions"}],"predecessor-version":[{"id":12215,"href":"https:\/\/www.organisator.ch\/en\/wp-json\/wp\/v2\/posts\/12213\/revisions\/12215"}],"wp:featuredmedia":[{"embeddable":true,"href":"https:\/\/www.organisator.ch\/en\/wp-json\/wp\/v2\/media\/12214"}],"wp:attachment":[{"href":"https:\/\/www.organisator.ch\/en\/wp-json\/wp\/v2\/media?parent=12213"}],"wp:term":[{"taxonomy":"category","embeddable":true,"href":"https:\/\/www.organisator.ch\/en\/wp-json\/wp\/v2\/categories?post=12213"},{"taxonomy":"post_tag","embeddable":true,"href":"https:\/\/www.organisator.ch\/en\/wp-json\/wp\/v2\/tags?post=12213"}],"curies":[{"name":"wp","href":"https:\/\/api.w.org\/{rel}","templated":true}]}}