{"id":12227,"date":"2022-03-25T09:01:19","date_gmt":"2022-03-25T08:01:19","guid":{"rendered":"https:\/\/www.organisator.ch\/?p=12227"},"modified":"2022-03-28T13:45:41","modified_gmt":"2022-03-28T11:45:41","slug":"prix-svc-wirtschaftsraum-zuerich-2022-fuenf-firmen-fuer-den-begehrten-kmu-preis-nominiert","status":"publish","type":"post","link":"https:\/\/www.organisator.ch\/en\/management\/2022-03-25\/prix-svc-wirtschaftsraum-zuerich-2022-fuenf-firmen-fuer-den-begehrten-kmu-preis-nominiert\/","title":{"rendered":"Prix SVC Wirtschaftsraum Z\u00fcrich 2022: Five companies nominated for the coveted SME award"},"content":{"rendered":"<figure id=\"attachment_12228\" aria-describedby=\"caption-attachment-12228\" style=\"width: 680px\" class=\"wp-caption alignnone\"><img loading=\"lazy\" decoding=\"async\" class=\"size-full wp-image-12228\" src=\"https:\/\/www.organisator.ch\/wp-content\/uploads\/2022\/03\/Prix-SVC-Wirtschaftsraum-Zuerich-2022-Fuenf-Firmen-fuer-den-begehrten-KMU-Preis-nominiert_Organisator.jpg\" alt=\"\" width=\"680\" height=\"452\" srcset=\"https:\/\/www.organisator.ch\/wp-content\/uploads\/2022\/03\/Prix-SVC-Wirtschaftsraum-Zuerich-2022-Fuenf-Firmen-fuer-den-begehrten-KMU-Preis-nominiert_Organisator.jpg 680w, https:\/\/www.organisator.ch\/wp-content\/uploads\/2022\/03\/Prix-SVC-Wirtschaftsraum-Zuerich-2022-Fuenf-Firmen-fuer-den-begehrten-KMU-Preis-nominiert_Organisator-18x12.jpg 18w, https:\/\/www.organisator.ch\/wp-content\/uploads\/2022\/03\/Prix-SVC-Wirtschaftsraum-Zuerich-2022-Fuenf-Firmen-fuer-den-begehrten-KMU-Preis-nominiert_Organisator-263x175.jpg 263w, https:\/\/www.organisator.ch\/wp-content\/uploads\/2022\/03\/Prix-SVC-Wirtschaftsraum-Zuerich-2022-Fuenf-Firmen-fuer-den-begehrten-KMU-Preis-nominiert_Organisator-527x350.jpg 527w, https:\/\/www.organisator.ch\/wp-content\/uploads\/2022\/03\/Prix-SVC-Wirtschaftsraum-Zuerich-2022-Fuenf-Firmen-fuer-den-begehrten-KMU-Preis-nominiert_Organisator-300x199.jpg 300w\" sizes=\"auto, (max-width: 680px) 100vw, 680px\" \/><figcaption id=\"caption-attachment-12228\" class=\"wp-caption-text\">On September 20, 2022, five SMEs will be in the final for the Prix SVC Wirtschaftsraum Z\u00fcrich trophy. (Image: Thomas Berner)<\/figcaption><\/figure>\n<p>It's that time again: The seventeen-member jury of experts headed by Daniel L\u00e4ubli, partner at McKinsey &amp; Company Zurich, has selected five finalists for the Prix SVC Wirtschaftsraum Z\u00fcrich 2022 from over 100 companies in the Zurich economic region. The sponsor and initiator of the Prix SVC awards is the Swiss Venture Club, an independent association for the promotion and support of SMEs in Switzerland. With the Prix SVC Zurich Economic Area, it honors, <a href=\"https:\/\/www.organisator.ch\/de\/management\/2022-03-11\/wild-kuepfer-gewinnt-prix-svc-ostschweiz-2022\/\">as in other regions<\/a>The award is given to exemplary SMEs that impress with their innovative products and services, their corporate culture, the quality of their employees and management, and their sustainable track record. A prerequisite for nomination by the jury is a strong anchoring in the region.<\/p>\n<p><strong>The 2022 finalists: Five impressive success stories from the Zurich economic region\u00a0<\/strong>(in alphabetical order)<\/p>\n<ul>\n<li><strong>Falu Inc, <\/strong>R\u00fcti. For more than 55 years, the family-owned company domiciled in the Zurich Oberland has been producing machines for the production and packaging of cotton swabs and cotton pads, each adapted to the individual needs of different customers. The world-leading company is locally based, employs 20 people and is led by Guy Petignat, President and CEO.<br \/>\n<a href=\"http:\/\/www.falu.com\">www.falu.com<\/a><\/li>\n<li><strong>G. Bopp &amp; Co. AG,\u00a0<\/strong>Zurich. For decades, G. Bopp &amp; Co. AG has been one of the world's leading manufacturers of metal meshes for demanding and diverse applications. While at the time of the company's foundation in 1881 it was still a matter of producing high-quality, stable and reliable screens and grids, today the meshes are often important components in highly complex processes in industry or in research &amp; development. The company employs 200 people in Switzerland and is managed by Peter Bopp in the fourth generation.<br \/>\n<a href=\"http:\/\/www.bopp.com\/\">www.bopp.com<\/a><\/li>\n<li><strong>Kyburz Switzerland AG,\u00a0<\/strong>Freienstein. As an SME with over 170 employees, the company develops and produces high-quality electric vehicles for delivery and industrial companies as well as for private individuals. It is impossible to imagine our streets without, for example, Swiss Post's yellow 3-wheeled electric vehicles. The company has been an international leader in high-quality mobility and transport solutions for more than 30 years and is managed by Martin Kyburz.<br \/>\n<a href=\"https:\/\/kyburz-switzerland.ch\/\">www.kyburz-switzerland.ch<\/a><\/li>\n<li><strong>Planzer Transport AG,\u00a0<\/strong>Zurich. Planzer was founded in 1936 and has been a family-owned stock corporation since 1966. Today, the logistics company employs more than 5300 people at 68 locations in Switzerland and neighboring countries, including 370 apprentices. Since 2018, the family-owned company has been operating in the parcel business with the \"Planzer Paket\" brand, delivering shipments weighing up to 30kg to private and business recipients. Here, the company wants to be the most personal provider with the best employees and a great proximity to customers and recipients. A special focus is placed on the topic of sustainability. Thus, over 60 % of the shipments cover the majority of the transport distance by environmentally friendly rail.<br \/>\n<a href=\"http:\/\/www.planzer-paket.ch\">www.planzer-paket.ch<\/a><br \/>\n<a href=\"http:\/\/www.planzer.ch\">www.planzer.ch<\/a><\/li>\n<li><strong>South Pole,\u00a0<\/strong>Zurich. South Pole was founded in 2006 by ETH graduates as a startup and is today led by CEO Renat Heuberger. The company is both a global market leader in climate protection for companies and in the development of climate protection projects. It develops and implements emission reduction projects and strategies that transform climate protection into long-term business models for companies, governments and organizations around the world. The motivation and expertise of more than 800 employees in 22 offices on 6 continents are the basis for the success of more than 1000 ongoing climate protection projects around the globe - projects that not only save CO2, but also improve the quality of life of millions of people in over 50 countries.<br \/>\n<a href=\"http:\/\/www.southpole.com\">www.southpole.com<\/a><\/li>\n<\/ul>\n<p>The award ceremony will take place on September 20, 2022, at the Kongresshaus Zurich. 1,500 guests from business, science, politics, media and culture are expected. Nik Hartmann will host the ceremony.<\/p>\n<p><em><a href=\"http:\/\/www.svc.swiss\">www.svc.swiss<\/a><\/em><\/p>","protected":false},"excerpt":{"rendered":"<p>Es ist wieder soweit: Die siebzehnk\u00f6pfige Expertenjury unter der Leitung von Daniel L\u00e4ubli, Partner von McKinsey &amp; Company Z\u00fcrich hat aus \u00fcber 100 Unternehmen des Wirtschaftsraums Z\u00fcrich f\u00fcnf Finalisten f\u00fcr den Prix SVC Wirtschaftsraum Z\u00fcrich 2022 gek\u00fcrt. Tr\u00e4ger und Initiant der Prix SVC Verleihungen ist der Swiss Venture Club, ein unabh\u00e4ngiger Verein zur F\u00f6rderung und [&hellip;]<\/p>\n","protected":false},"author":4,"featured_media":12228,"comment_status":"closed","ping_status":"closed","sticky":false,"template":"","format":"standard","meta":{"_acf_changed":false,"_yoast_wpseo_focuskw":"Prix SVC Wirtschaftsraum Z\u00fcrich","_yoast_wpseo_metadesc":"Der Swiss Venture Club (SVC) vergibt am 20. September 2022 zum achten Mal den Prix SVC Wirtschaftsraum Z\u00fcrich und gibt 5 Finalisten bekannt.","articlekey":"","footnotes":""},"categories":[28],"tags":[66,390,492],"class_list":["post-12227","post","type-post","status-publish","format-standard","has-post-thumbnail","hentry","category-management","tag-awards","tag-prix-svc","tag-unternehmen"],"acf":[],"yoast_head":"<!-- This site is optimized with the Yoast SEO plugin v27.4 - https:\/\/yoast.com\/product\/yoast-seo-wordpress\/ -->\n<title>Prix SVC Wirtschaftsraum Z\u00fcrich 2022: F\u00fcnf Firmen f\u00fcr den begehrten KMU-Preis nominiert - Organisator<\/title>\n<meta name=\"description\" content=\"Der Swiss Venture Club (SVC) vergibt am 20. September 2022 zum achten Mal den Prix SVC Wirtschaftsraum Z\u00fcrich und gibt 5 Finalisten bekannt.\" \/>\n<meta name=\"robots\" content=\"index, follow, max-snippet:-1, max-image-preview:large, max-video-preview:-1\" \/>\n<link rel=\"canonical\" href=\"https:\/\/www.organisator.ch\/en\/management\/2022-03-25\/prix-svc-wirtschaftsraum-zuerich-2022-fuenf-firmen-fuer-den-begehrten-kmu-preis-nominiert\/\" \/>\n<meta property=\"og:locale\" content=\"en_US\" \/>\n<meta property=\"og:type\" content=\"article\" \/>\n<meta property=\"og:title\" content=\"Prix SVC Wirtschaftsraum Z\u00fcrich 2022: F\u00fcnf Firmen f\u00fcr den begehrten KMU-Preis nominiert\" \/>\n<meta property=\"og:description\" content=\"Der Swiss Venture Club (SVC) vergibt am 20. September 2022 zum achten Mal den Prix SVC Wirtschaftsraum Z\u00fcrich und gibt 5 Finalisten bekannt.\" \/>\n<meta property=\"og:url\" content=\"https:\/\/www.organisator.ch\/en\/management\/2022-03-25\/prix-svc-wirtschaftsraum-zuerich-2022-fuenf-firmen-fuer-den-begehrten-kmu-preis-nominiert\/\" \/>\n<meta property=\"og:site_name\" content=\"Organisator\" \/>\n<meta property=\"article:publisher\" content=\"https:\/\/www.facebook.com\/OrganisatorFachmagazin\" \/>\n<meta property=\"article:published_time\" content=\"2022-03-25T08:01:19+00:00\" \/>\n<meta property=\"article:modified_time\" content=\"2022-03-28T11:45:41+00:00\" \/>\n<meta property=\"og:image\" content=\"https:\/\/www.organisator.ch\/wp-content\/uploads\/2022\/03\/Prix-SVC-Wirtschaftsraum-Zuerich-2022-Fuenf-Firmen-fuer-den-begehrten-KMU-Preis-nominiert_Organisator.jpg\" \/>\n\t<meta property=\"og:image:width\" content=\"680\" \/>\n\t<meta property=\"og:image:height\" content=\"452\" \/>\n\t<meta property=\"og:image:type\" content=\"image\/jpeg\" \/>\n<meta name=\"author\" content=\"thomas.berner\" \/>\n<meta name=\"twitter:card\" content=\"summary_large_image\" \/>\n<meta name=\"twitter:title\" content=\"Prix #SVC #Wirtschaftsraum Z\u00fcrich 2022: F\u00fcnf Firmen f\u00fcr den begehrten #KMU-Preis nominiert\" \/>\n<meta name=\"twitter:description\" content=\"Der Swiss Venture Club (#SVC) vergibt am 20. September 2022 zum achten Mal den Prix SVC #Wirtschaftsraum Z\u00fcrich und gibt 5 Finalisten bekannt.\" \/>\n<meta name=\"twitter:image\" content=\"https:\/\/www.organisator.ch\/wp-content\/uploads\/2022\/03\/Prix-SVC-Wirtschaftsraum-Zuerich-2022-Fuenf-Firmen-fuer-den-begehrten-KMU-Preis-nominiert_Organisator.jpg\" \/>\n<script type=\"application\/ld+json\" class=\"yoast-schema-graph\">{\"@context\":\"https:\\\/\\\/schema.org\",\"@graph\":[{\"@type\":\"Article\",\"@id\":\"https:\\\/\\\/www.organisator.ch\\\/management\\\/2022-03-25\\\/prix-svc-wirtschaftsraum-zuerich-2022-fuenf-firmen-fuer-den-begehrten-kmu-preis-nominiert\\\/#article\",\"isPartOf\":{\"@id\":\"https:\\\/\\\/www.organisator.ch\\\/management\\\/2022-03-25\\\/prix-svc-wirtschaftsraum-zuerich-2022-fuenf-firmen-fuer-den-begehrten-kmu-preis-nominiert\\\/\"},\"author\":{\"name\":\"thomas.berner\",\"@id\":\"https:\\\/\\\/www.organisator.ch\\\/#\\\/schema\\\/person\\\/6f650f90b2842cd4c0cc334b4e36f67e\"},\"headline\":\"Prix SVC Wirtschaftsraum Z\u00fcrich 2022: F\u00fcnf Firmen f\u00fcr den begehrten KMU-Preis nominiert\",\"datePublished\":\"2022-03-25T08:01:19+00:00\",\"dateModified\":\"2022-03-28T11:45:41+00:00\",\"mainEntityOfPage\":{\"@id\":\"https:\\\/\\\/www.organisator.ch\\\/management\\\/2022-03-25\\\/prix-svc-wirtschaftsraum-zuerich-2022-fuenf-firmen-fuer-den-begehrten-kmu-preis-nominiert\\\/\"},\"wordCount\":665,\"publisher\":{\"@id\":\"https:\\\/\\\/www.organisator.ch\\\/#organization\"},\"image\":{\"@id\":\"https:\\\/\\\/www.organisator.ch\\\/management\\\/2022-03-25\\\/prix-svc-wirtschaftsraum-zuerich-2022-fuenf-firmen-fuer-den-begehrten-kmu-preis-nominiert\\\/#primaryimage\"},\"thumbnailUrl\":\"https:\\\/\\\/www.organisator.ch\\\/wp-content\\\/uploads\\\/2022\\\/03\\\/Prix-SVC-Wirtschaftsraum-Zuerich-2022-Fuenf-Firmen-fuer-den-begehrten-KMU-Preis-nominiert_Organisator.jpg\",\"keywords\":[\"Awards\",\"Prix SVC\",\"Unternehmen\"],\"articleSection\":[\"MANAGEMENT\"],\"inLanguage\":\"en-US\"},{\"@type\":\"WebPage\",\"@id\":\"https:\\\/\\\/www.organisator.ch\\\/management\\\/2022-03-25\\\/prix-svc-wirtschaftsraum-zuerich-2022-fuenf-firmen-fuer-den-begehrten-kmu-preis-nominiert\\\/\",\"url\":\"https:\\\/\\\/www.organisator.ch\\\/management\\\/2022-03-25\\\/prix-svc-wirtschaftsraum-zuerich-2022-fuenf-firmen-fuer-den-begehrten-kmu-preis-nominiert\\\/\",\"name\":\"Prix SVC Wirtschaftsraum Z\u00fcrich 2022: F\u00fcnf Firmen f\u00fcr den begehrten KMU-Preis nominiert - Organisator\",\"isPartOf\":{\"@id\":\"https:\\\/\\\/www.organisator.ch\\\/#website\"},\"primaryImageOfPage\":{\"@id\":\"https:\\\/\\\/www.organisator.ch\\\/management\\\/2022-03-25\\\/prix-svc-wirtschaftsraum-zuerich-2022-fuenf-firmen-fuer-den-begehrten-kmu-preis-nominiert\\\/#primaryimage\"},\"image\":{\"@id\":\"https:\\\/\\\/www.organisator.ch\\\/management\\\/2022-03-25\\\/prix-svc-wirtschaftsraum-zuerich-2022-fuenf-firmen-fuer-den-begehrten-kmu-preis-nominiert\\\/#primaryimage\"},\"thumbnailUrl\":\"https:\\\/\\\/www.organisator.ch\\\/wp-content\\\/uploads\\\/2022\\\/03\\\/Prix-SVC-Wirtschaftsraum-Zuerich-2022-Fuenf-Firmen-fuer-den-begehrten-KMU-Preis-nominiert_Organisator.jpg\",\"datePublished\":\"2022-03-25T08:01:19+00:00\",\"dateModified\":\"2022-03-28T11:45:41+00:00\",\"description\":\"Der Swiss Venture Club (SVC) vergibt am 20. September 2022 zum achten Mal den Prix SVC Wirtschaftsraum Z\u00fcrich und gibt 5 Finalisten bekannt.\",\"breadcrumb\":{\"@id\":\"https:\\\/\\\/www.organisator.ch\\\/management\\\/2022-03-25\\\/prix-svc-wirtschaftsraum-zuerich-2022-fuenf-firmen-fuer-den-begehrten-kmu-preis-nominiert\\\/#breadcrumb\"},\"inLanguage\":\"en-US\",\"potentialAction\":[{\"@type\":\"ReadAction\",\"target\":[\"https:\\\/\\\/www.organisator.ch\\\/management\\\/2022-03-25\\\/prix-svc-wirtschaftsraum-zuerich-2022-fuenf-firmen-fuer-den-begehrten-kmu-preis-nominiert\\\/\"]}]},{\"@type\":\"ImageObject\",\"inLanguage\":\"en-US\",\"@id\":\"https:\\\/\\\/www.organisator.ch\\\/management\\\/2022-03-25\\\/prix-svc-wirtschaftsraum-zuerich-2022-fuenf-firmen-fuer-den-begehrten-kmu-preis-nominiert\\\/#primaryimage\",\"url\":\"https:\\\/\\\/www.organisator.ch\\\/wp-content\\\/uploads\\\/2022\\\/03\\\/Prix-SVC-Wirtschaftsraum-Zuerich-2022-Fuenf-Firmen-fuer-den-begehrten-KMU-Preis-nominiert_Organisator.jpg\",\"contentUrl\":\"https:\\\/\\\/www.organisator.ch\\\/wp-content\\\/uploads\\\/2022\\\/03\\\/Prix-SVC-Wirtschaftsraum-Zuerich-2022-Fuenf-Firmen-fuer-den-begehrten-KMU-Preis-nominiert_Organisator.jpg\",\"width\":680,\"height\":452,\"caption\":\"Am 20. September 2022 stehen 5 KMU im Final f\u00fcr die Troph\u00e4e des Prix SVC Wirtschaftsraum Z\u00fcrich. (Bild: Thomas Berner)\"},{\"@type\":\"BreadcrumbList\",\"@id\":\"https:\\\/\\\/www.organisator.ch\\\/management\\\/2022-03-25\\\/prix-svc-wirtschaftsraum-zuerich-2022-fuenf-firmen-fuer-den-begehrten-kmu-preis-nominiert\\\/#breadcrumb\",\"itemListElement\":[{\"@type\":\"ListItem\",\"position\":1,\"name\":\"Home\",\"item\":\"https:\\\/\\\/www.organisator.ch\\\/\"},{\"@type\":\"ListItem\",\"position\":2,\"name\":\"Prix SVC Wirtschaftsraum Z\u00fcrich 2022: F\u00fcnf Firmen f\u00fcr den begehrten KMU-Preis nominiert\"}]},{\"@type\":\"WebSite\",\"@id\":\"https:\\\/\\\/www.organisator.ch\\\/#website\",\"url\":\"https:\\\/\\\/www.organisator.ch\\\/\",\"name\":\"Organisator\",\"description\":\"Kompetent. Praxisnah. Der ORGANISATOR bereitet in 10 Ausgaben pro Jahr die wesentlichen Themen f\u00fcr F\u00fchrungskr\u00e4fte von KMU auf.\",\"publisher\":{\"@id\":\"https:\\\/\\\/www.organisator.ch\\\/#organization\"},\"potentialAction\":[{\"@type\":\"SearchAction\",\"target\":{\"@type\":\"EntryPoint\",\"urlTemplate\":\"https:\\\/\\\/www.organisator.ch\\\/?s={search_term_string}\"},\"query-input\":{\"@type\":\"PropertyValueSpecification\",\"valueRequired\":true,\"valueName\":\"search_term_string\"}}],\"inLanguage\":\"en-US\"},{\"@type\":\"Organization\",\"@id\":\"https:\\\/\\\/www.organisator.ch\\\/#organization\",\"name\":\"Organisator\",\"url\":\"https:\\\/\\\/www.organisator.ch\\\/\",\"logo\":{\"@type\":\"ImageObject\",\"inLanguage\":\"en-US\",\"@id\":\"https:\\\/\\\/www.organisator.ch\\\/#\\\/schema\\\/logo\\\/image\\\/\",\"url\":\"https:\\\/\\\/www.organisator.ch\\\/wp-content\\\/uploads\\\/2022\\\/01\\\/Logo_Organisator_Website.png\",\"contentUrl\":\"https:\\\/\\\/www.organisator.ch\\\/wp-content\\\/uploads\\\/2022\\\/01\\\/Logo_Organisator_Website.png\",\"width\":800,\"height\":77,\"caption\":\"Organisator\"},\"image\":{\"@id\":\"https:\\\/\\\/www.organisator.ch\\\/#\\\/schema\\\/logo\\\/image\\\/\"},\"sameAs\":[\"https:\\\/\\\/www.facebook.com\\\/OrganisatorFachmagazin\",\"https:\\\/\\\/www.linkedin.com\\\/showcase\\\/organisator-das-magazin-fr-kmu\",\"https:\\\/\\\/www.xing.com\\\/news\\\/pages\\\/organisator-ch-695\",\"https:\\\/\\\/www.youtube.com\\\/channel\\\/UCGP2Sq0iWaZwT3BdIAQFYpw\"]},{\"@type\":\"Person\",\"@id\":\"https:\\\/\\\/www.organisator.ch\\\/#\\\/schema\\\/person\\\/6f650f90b2842cd4c0cc334b4e36f67e\",\"name\":\"thomas.berner\",\"image\":{\"@type\":\"ImageObject\",\"inLanguage\":\"en-US\",\"@id\":\"https:\\\/\\\/secure.gravatar.com\\\/avatar\\\/ac5001d2a36cb6c6cd3e50789007ffca834b477b74a2144564522e944eabff61?s=96&d=mm&r=g\",\"url\":\"https:\\\/\\\/secure.gravatar.com\\\/avatar\\\/ac5001d2a36cb6c6cd3e50789007ffca834b477b74a2144564522e944eabff61?s=96&d=mm&r=g\",\"contentUrl\":\"https:\\\/\\\/secure.gravatar.com\\\/avatar\\\/ac5001d2a36cb6c6cd3e50789007ffca834b477b74a2144564522e944eabff61?s=96&d=mm&r=g\",\"caption\":\"thomas.berner\"},\"url\":\"https:\\\/\\\/www.organisator.ch\\\/en\\\/author\\\/thomas-berner\\\/\"}]}<\/script>\n<!-- \/ Yoast SEO plugin. -->","yoast_head_json":{"title":"Prix SVC Wirtschaftsraum Z\u00fcrich 2022: Five companies nominated for the coveted SME award - Organizer","description":"The Swiss Venture Club (SVC) will award the Prix SVC Wirtschaftsraum Z\u00fcrich for the eighth time on September 20, 2022 and announce 5 finalists.","robots":{"index":"index","follow":"follow","max-snippet":"max-snippet:-1","max-image-preview":"max-image-preview:large","max-video-preview":"max-video-preview:-1"},"canonical":"https:\/\/www.organisator.ch\/en\/management\/2022-03-25\/prix-svc-wirtschaftsraum-zuerich-2022-fuenf-firmen-fuer-den-begehrten-kmu-preis-nominiert\/","og_locale":"en_US","og_type":"article","og_title":"Prix SVC Wirtschaftsraum Z\u00fcrich 2022: F\u00fcnf Firmen f\u00fcr den begehrten KMU-Preis nominiert","og_description":"Der Swiss Venture Club (SVC) vergibt am 20. September 2022 zum achten Mal den Prix SVC Wirtschaftsraum Z\u00fcrich und gibt 5 Finalisten bekannt.","og_url":"https:\/\/www.organisator.ch\/en\/management\/2022-03-25\/prix-svc-wirtschaftsraum-zuerich-2022-fuenf-firmen-fuer-den-begehrten-kmu-preis-nominiert\/","og_site_name":"Organisator","article_publisher":"https:\/\/www.facebook.com\/OrganisatorFachmagazin","article_published_time":"2022-03-25T08:01:19+00:00","article_modified_time":"2022-03-28T11:45:41+00:00","og_image":[{"width":680,"height":452,"url":"https:\/\/www.organisator.ch\/wp-content\/uploads\/2022\/03\/Prix-SVC-Wirtschaftsraum-Zuerich-2022-Fuenf-Firmen-fuer-den-begehrten-KMU-Preis-nominiert_Organisator.jpg","type":"image\/jpeg"}],"author":"thomas.berner","twitter_card":"summary_large_image","twitter_title":"Prix #SVC #Wirtschaftsraum Z\u00fcrich 2022: F\u00fcnf Firmen f\u00fcr den begehrten #KMU-Preis nominiert","twitter_description":"Der Swiss Venture Club (#SVC) vergibt am 20. September 2022 zum achten Mal den Prix SVC #Wirtschaftsraum Z\u00fcrich und gibt 5 Finalisten bekannt.","twitter_image":"https:\/\/www.organisator.ch\/wp-content\/uploads\/2022\/03\/Prix-SVC-Wirtschaftsraum-Zuerich-2022-Fuenf-Firmen-fuer-den-begehrten-KMU-Preis-nominiert_Organisator.jpg","schema":{"@context":"https:\/\/schema.org","@graph":[{"@type":"Article","@id":"https:\/\/www.organisator.ch\/management\/2022-03-25\/prix-svc-wirtschaftsraum-zuerich-2022-fuenf-firmen-fuer-den-begehrten-kmu-preis-nominiert\/#article","isPartOf":{"@id":"https:\/\/www.organisator.ch\/management\/2022-03-25\/prix-svc-wirtschaftsraum-zuerich-2022-fuenf-firmen-fuer-den-begehrten-kmu-preis-nominiert\/"},"author":{"name":"thomas.berner","@id":"https:\/\/www.organisator.ch\/#\/schema\/person\/6f650f90b2842cd4c0cc334b4e36f67e"},"headline":"Prix SVC Wirtschaftsraum Z\u00fcrich 2022: F\u00fcnf Firmen f\u00fcr den begehrten KMU-Preis nominiert","datePublished":"2022-03-25T08:01:19+00:00","dateModified":"2022-03-28T11:45:41+00:00","mainEntityOfPage":{"@id":"https:\/\/www.organisator.ch\/management\/2022-03-25\/prix-svc-wirtschaftsraum-zuerich-2022-fuenf-firmen-fuer-den-begehrten-kmu-preis-nominiert\/"},"wordCount":665,"publisher":{"@id":"https:\/\/www.organisator.ch\/#organization"},"image":{"@id":"https:\/\/www.organisator.ch\/management\/2022-03-25\/prix-svc-wirtschaftsraum-zuerich-2022-fuenf-firmen-fuer-den-begehrten-kmu-preis-nominiert\/#primaryimage"},"thumbnailUrl":"https:\/\/www.organisator.ch\/wp-content\/uploads\/2022\/03\/Prix-SVC-Wirtschaftsraum-Zuerich-2022-Fuenf-Firmen-fuer-den-begehrten-KMU-Preis-nominiert_Organisator.jpg","keywords":["Awards","Prix SVC","Unternehmen"],"articleSection":["MANAGEMENT"],"inLanguage":"en-US"},{"@type":"WebPage","@id":"https:\/\/www.organisator.ch\/management\/2022-03-25\/prix-svc-wirtschaftsraum-zuerich-2022-fuenf-firmen-fuer-den-begehrten-kmu-preis-nominiert\/","url":"https:\/\/www.organisator.ch\/management\/2022-03-25\/prix-svc-wirtschaftsraum-zuerich-2022-fuenf-firmen-fuer-den-begehrten-kmu-preis-nominiert\/","name":"Prix SVC Wirtschaftsraum Z\u00fcrich 2022: Five companies nominated for the coveted SME award - Organizer","isPartOf":{"@id":"https:\/\/www.organisator.ch\/#website"},"primaryImageOfPage":{"@id":"https:\/\/www.organisator.ch\/management\/2022-03-25\/prix-svc-wirtschaftsraum-zuerich-2022-fuenf-firmen-fuer-den-begehrten-kmu-preis-nominiert\/#primaryimage"},"image":{"@id":"https:\/\/www.organisator.ch\/management\/2022-03-25\/prix-svc-wirtschaftsraum-zuerich-2022-fuenf-firmen-fuer-den-begehrten-kmu-preis-nominiert\/#primaryimage"},"thumbnailUrl":"https:\/\/www.organisator.ch\/wp-content\/uploads\/2022\/03\/Prix-SVC-Wirtschaftsraum-Zuerich-2022-Fuenf-Firmen-fuer-den-begehrten-KMU-Preis-nominiert_Organisator.jpg","datePublished":"2022-03-25T08:01:19+00:00","dateModified":"2022-03-28T11:45:41+00:00","description":"The Swiss Venture Club (SVC) will award the Prix SVC Wirtschaftsraum Z\u00fcrich for the eighth time on September 20, 2022 and announce 5 finalists.","breadcrumb":{"@id":"https:\/\/www.organisator.ch\/management\/2022-03-25\/prix-svc-wirtschaftsraum-zuerich-2022-fuenf-firmen-fuer-den-begehrten-kmu-preis-nominiert\/#breadcrumb"},"inLanguage":"en-US","potentialAction":[{"@type":"ReadAction","target":["https:\/\/www.organisator.ch\/management\/2022-03-25\/prix-svc-wirtschaftsraum-zuerich-2022-fuenf-firmen-fuer-den-begehrten-kmu-preis-nominiert\/"]}]},{"@type":"ImageObject","inLanguage":"en-US","@id":"https:\/\/www.organisator.ch\/management\/2022-03-25\/prix-svc-wirtschaftsraum-zuerich-2022-fuenf-firmen-fuer-den-begehrten-kmu-preis-nominiert\/#primaryimage","url":"https:\/\/www.organisator.ch\/wp-content\/uploads\/2022\/03\/Prix-SVC-Wirtschaftsraum-Zuerich-2022-Fuenf-Firmen-fuer-den-begehrten-KMU-Preis-nominiert_Organisator.jpg","contentUrl":"https:\/\/www.organisator.ch\/wp-content\/uploads\/2022\/03\/Prix-SVC-Wirtschaftsraum-Zuerich-2022-Fuenf-Firmen-fuer-den-begehrten-KMU-Preis-nominiert_Organisator.jpg","width":680,"height":452,"caption":"Am 20. September 2022 stehen 5 KMU im Final f\u00fcr die Troph\u00e4e des Prix SVC Wirtschaftsraum Z\u00fcrich. (Bild: Thomas Berner)"},{"@type":"BreadcrumbList","@id":"https:\/\/www.organisator.ch\/management\/2022-03-25\/prix-svc-wirtschaftsraum-zuerich-2022-fuenf-firmen-fuer-den-begehrten-kmu-preis-nominiert\/#breadcrumb","itemListElement":[{"@type":"ListItem","position":1,"name":"Home","item":"https:\/\/www.organisator.ch\/"},{"@type":"ListItem","position":2,"name":"Prix SVC Wirtschaftsraum Z\u00fcrich 2022: F\u00fcnf Firmen f\u00fcr den begehrten KMU-Preis nominiert"}]},{"@type":"WebSite","@id":"https:\/\/www.organisator.ch\/#website","url":"https:\/\/www.organisator.ch\/","name":"Organizer","description":"Competent. Practical. In 10 issues per year, ORGANISATOR presents the essential topics for managers of SMEs.","publisher":{"@id":"https:\/\/www.organisator.ch\/#organization"},"potentialAction":[{"@type":"SearchAction","target":{"@type":"EntryPoint","urlTemplate":"https:\/\/www.organisator.ch\/?s={search_term_string}"},"query-input":{"@type":"PropertyValueSpecification","valueRequired":true,"valueName":"search_term_string"}}],"inLanguage":"en-US"},{"@type":"Organization","@id":"https:\/\/www.organisator.ch\/#organization","name":"Organizer","url":"https:\/\/www.organisator.ch\/","logo":{"@type":"ImageObject","inLanguage":"en-US","@id":"https:\/\/www.organisator.ch\/#\/schema\/logo\/image\/","url":"https:\/\/www.organisator.ch\/wp-content\/uploads\/2022\/01\/Logo_Organisator_Website.png","contentUrl":"https:\/\/www.organisator.ch\/wp-content\/uploads\/2022\/01\/Logo_Organisator_Website.png","width":800,"height":77,"caption":"Organisator"},"image":{"@id":"https:\/\/www.organisator.ch\/#\/schema\/logo\/image\/"},"sameAs":["https:\/\/www.facebook.com\/OrganisatorFachmagazin","https:\/\/www.linkedin.com\/showcase\/organisator-das-magazin-fr-kmu","https:\/\/www.xing.com\/news\/pages\/organisator-ch-695","https:\/\/www.youtube.com\/channel\/UCGP2Sq0iWaZwT3BdIAQFYpw"]},{"@type":"Person","@id":"https:\/\/www.organisator.ch\/#\/schema\/person\/6f650f90b2842cd4c0cc334b4e36f67e","name":"thomas.berner","image":{"@type":"ImageObject","inLanguage":"en-US","@id":"https:\/\/secure.gravatar.com\/avatar\/ac5001d2a36cb6c6cd3e50789007ffca834b477b74a2144564522e944eabff61?s=96&d=mm&r=g","url":"https:\/\/secure.gravatar.com\/avatar\/ac5001d2a36cb6c6cd3e50789007ffca834b477b74a2144564522e944eabff61?s=96&d=mm&r=g","contentUrl":"https:\/\/secure.gravatar.com\/avatar\/ac5001d2a36cb6c6cd3e50789007ffca834b477b74a2144564522e944eabff61?s=96&d=mm&r=g","caption":"thomas.berner"},"url":"https:\/\/www.organisator.ch\/en\/author\/thomas-berner\/"}]}},"_links":{"self":[{"href":"https:\/\/www.organisator.ch\/en\/wp-json\/wp\/v2\/posts\/12227","targetHints":{"allow":["GET"]}}],"collection":[{"href":"https:\/\/www.organisator.ch\/en\/wp-json\/wp\/v2\/posts"}],"about":[{"href":"https:\/\/www.organisator.ch\/en\/wp-json\/wp\/v2\/types\/post"}],"author":[{"embeddable":true,"href":"https:\/\/www.organisator.ch\/en\/wp-json\/wp\/v2\/users\/4"}],"replies":[{"embeddable":true,"href":"https:\/\/www.organisator.ch\/en\/wp-json\/wp\/v2\/comments?post=12227"}],"version-history":[{"count":1,"href":"https:\/\/www.organisator.ch\/en\/wp-json\/wp\/v2\/posts\/12227\/revisions"}],"predecessor-version":[{"id":12229,"href":"https:\/\/www.organisator.ch\/en\/wp-json\/wp\/v2\/posts\/12227\/revisions\/12229"}],"wp:featuredmedia":[{"embeddable":true,"href":"https:\/\/www.organisator.ch\/en\/wp-json\/wp\/v2\/media\/12228"}],"wp:attachment":[{"href":"https:\/\/www.organisator.ch\/en\/wp-json\/wp\/v2\/media?parent=12227"}],"wp:term":[{"taxonomy":"category","embeddable":true,"href":"https:\/\/www.organisator.ch\/en\/wp-json\/wp\/v2\/categories?post=12227"},{"taxonomy":"post_tag","embeddable":true,"href":"https:\/\/www.organisator.ch\/en\/wp-json\/wp\/v2\/tags?post=12227"}],"curies":[{"name":"wp","href":"https:\/\/api.w.org\/{rel}","templated":true}]}}