{"id":12250,"date":"2022-03-28T13:45:02","date_gmt":"2022-03-28T11:45:02","guid":{"rendered":"https:\/\/www.organisator.ch\/?p=12250"},"modified":"2022-04-07T08:51:01","modified_gmt":"2022-04-07T06:51:01","slug":"alpha-collaboration-leadership-and-collaboration-in-transition","status":"publish","type":"post","link":"https:\/\/www.organisator.ch\/en\/management\/2022-03-28\/alpha-collaboration-fuehrung-und-zusammenarbeit-im-umbruch\/","title":{"rendered":"Alpha Collaboration: Leadership and Collaboration in Transition"},"content":{"rendered":"<figure id=\"attachment_12251\" aria-describedby=\"caption-attachment-12251\" style=\"width: 680px\" class=\"wp-caption alignnone\"><img loading=\"lazy\" decoding=\"async\" class=\"size-full wp-image-12251\" src=\"https:\/\/www.organisator.ch\/wp-content\/uploads\/2022\/03\/Alpha-Collaboration-Fuehrung-und-Zusammenarbeit-im-Umbruch_Organisator.jpg\" alt=\"\" width=\"680\" height=\"488\" srcset=\"https:\/\/www.organisator.ch\/wp-content\/uploads\/2022\/03\/Alpha-Collaboration-Fuehrung-und-Zusammenarbeit-im-Umbruch_Organisator.jpg 680w, https:\/\/www.organisator.ch\/wp-content\/uploads\/2022\/03\/Alpha-Collaboration-Fuehrung-und-Zusammenarbeit-im-Umbruch_Organisator-18x12.jpg 18w, https:\/\/www.organisator.ch\/wp-content\/uploads\/2022\/03\/Alpha-Collaboration-Fuehrung-und-Zusammenarbeit-im-Umbruch_Organisator-244x175.jpg 244w, https:\/\/www.organisator.ch\/wp-content\/uploads\/2022\/03\/Alpha-Collaboration-Fuehrung-und-Zusammenarbeit-im-Umbruch_Organisator-488x350.jpg 488w, https:\/\/www.organisator.ch\/wp-content\/uploads\/2022\/03\/Alpha-Collaboration-Fuehrung-und-Zusammenarbeit-im-Umbruch_Organisator-300x215.jpg 300w\" sizes=\"auto, (max-width: 680px) 100vw, 680px\" \/><figcaption id=\"caption-attachment-12251\" class=\"wp-caption-text\">Cover of the new IFIDZ study on changes in leadership cultures. (Image: IFIDZ)<\/figcaption><\/figure>\n<p>In addition to the topic of virtual leadership or leadership at a distance, the topic of lateral leadership, i.e. leadership without authority to issue directives, is becoming increasingly important in companies. Eighty percent of managers are convinced of this. This is the conclusion of the study \"Alpha-Collaboration - Leadership in Transition; Perspectives for Collaboration in the Future,\" which was conducted by the Institute for Leadership Culture in the Digital Age (IFIDZ), Frankfurt. For this study, 482 executives in the DACH region were surveyed online and 51 in in-depth interviews.<\/p>\n<p>As a cause for this, the executives cite the fact that the core services of the companies are increasingly being provided in cross-divisional and often even cross-company team and project work. This increases not only the importance of online communication, but also its dependence on employees from other areas and on external suppliers and service providers to achieve goals.<\/p>\n<h3><strong>Managers are in demand as relationship managers<\/strong><\/h3>\n<p>Managers have no authority to issue directives to these partners. They are therefore increasingly faced with the challenge of inspiring and \"leading\" people whose superiors they are not. In their view, the leadership roles of \"influencer\/relationship manager\" (76 percent) and \"leader\/spiritualizer\" (80 percent) are gaining in importance accordingly.<\/p>\n<figure id=\"attachment_12252\" aria-describedby=\"caption-attachment-12252\" style=\"width: 680px\" class=\"wp-caption alignnone\"><img loading=\"lazy\" decoding=\"async\" class=\"size-full wp-image-12252\" src=\"https:\/\/www.organisator.ch\/wp-content\/uploads\/2022\/03\/Alpha-Collaboration-Fuehrung-und-Zusammenarbeit-im-Umbruch-2_Organisator.jpg\" alt=\"\" width=\"680\" height=\"319\" srcset=\"https:\/\/www.organisator.ch\/wp-content\/uploads\/2022\/03\/Alpha-Collaboration-Fuehrung-und-Zusammenarbeit-im-Umbruch-2_Organisator.jpg 680w, https:\/\/www.organisator.ch\/wp-content\/uploads\/2022\/03\/Alpha-Collaboration-Fuehrung-und-Zusammenarbeit-im-Umbruch-2_Organisator-18x8.jpg 18w, https:\/\/www.organisator.ch\/wp-content\/uploads\/2022\/03\/Alpha-Collaboration-Fuehrung-und-Zusammenarbeit-im-Umbruch-2_Organisator-373x175.jpg 373w, https:\/\/www.organisator.ch\/wp-content\/uploads\/2022\/03\/Alpha-Collaboration-Fuehrung-und-Zusammenarbeit-im-Umbruch-2_Organisator-300x141.jpg 300w\" sizes=\"auto, (max-width: 680px) 100vw, 680px\" \/><figcaption id=\"caption-attachment-12252\" class=\"wp-caption-text\">(Graphic: IFIDZ)<\/figcaption><\/figure>\n<p>Almost all managers also expect the demands on leadership to continue to rise - particularly in the areas of \"team leadership\" (80 percent) and \"employee leadership\" (68 percent). A correspondingly large number see a great need for development in the area of \"self-leadership\/management\" (37 percent), in addition to \"digital competence\" (53 percent). They also see a great need for development in all areas that are closely linked to their ability to build sustainable relationships - for example, relationship management (44 percent) and communication\/motivation (41 percent).<\/p>\n<h3><strong>Leading at a distance is often viewed critically <\/strong><\/h3>\n<p>As a central point as to why they will need different competencies in the future, the managers repeatedly refer to virtual leadership and increased work in the home office. It is striking that this is the case: Most managers consider remote leadership to be a \"necessary evil\" due to the general conditions. Only 30 percent believe that this form of leadership has more advantages than disadvantages.<\/p>\n<figure id=\"attachment_12253\" aria-describedby=\"caption-attachment-12253\" style=\"width: 680px\" class=\"wp-caption alignnone\"><img loading=\"lazy\" decoding=\"async\" class=\"size-full wp-image-12253\" src=\"https:\/\/www.organisator.ch\/wp-content\/uploads\/2022\/03\/Alpha-Collaboration-Fuehrung-und-Zusammenarbeit-im-Umbruch-3_Organisator.jpg\" alt=\"\" width=\"680\" height=\"386\" srcset=\"https:\/\/www.organisator.ch\/wp-content\/uploads\/2022\/03\/Alpha-Collaboration-Fuehrung-und-Zusammenarbeit-im-Umbruch-3_Organisator.jpg 680w, https:\/\/www.organisator.ch\/wp-content\/uploads\/2022\/03\/Alpha-Collaboration-Fuehrung-und-Zusammenarbeit-im-Umbruch-3_Organisator-18x10.jpg 18w, https:\/\/www.organisator.ch\/wp-content\/uploads\/2022\/03\/Alpha-Collaboration-Fuehrung-und-Zusammenarbeit-im-Umbruch-3_Organisator-308x175.jpg 308w, https:\/\/www.organisator.ch\/wp-content\/uploads\/2022\/03\/Alpha-Collaboration-Fuehrung-und-Zusammenarbeit-im-Umbruch-3_Organisator-617x350.jpg 617w, https:\/\/www.organisator.ch\/wp-content\/uploads\/2022\/03\/Alpha-Collaboration-Fuehrung-und-Zusammenarbeit-im-Umbruch-3_Organisator-300x170.jpg 300w\" sizes=\"auto, (max-width: 680px) 100vw, 680px\" \/><figcaption id=\"caption-attachment-12253\" class=\"wp-caption-text\">(Graphic: IFIDZ)<\/figcaption><\/figure>\n<p>Three quarters of managers (78 percent), on the other hand, see a risk of a decline in the quality of the relationship between employees and themselves when managing at a distance. Other risks identified by many include a decline in identification with the company (52 percent), excessive demands on employees (42 percent) and a drop in their motivation (29 percent). With regard to the topic of leading at a distance, many managers see a need for development in the areas of communication (43 percent), digital competence (38 percent), team leadership\/development (33 percent) and motivation (32 percent).<\/p>\n<p>The signaled need for development largely corresponds with the results of the study \"Alpha Intelligence: What tomorrow's managers need\", which IFIDZ conducted back in 2014. It came to the conclusion that managers in the modern working world must develop into relationship managers or \"alpha-intelligent personalities\" who are characterized by a high level of \"personality intelligence,\" \"relationship intelligence\" and \"digital intelligence.<\/p>\n<h3><strong>The future belongs to \"Alpha Collaboration<\/strong><\/h3>\n<p>Many managers also see it this way, partly because a change in awareness has obviously taken place among them. For example, it was noticeable in the personal interviews: When managers talk about team leadership today, they usually refer not only to the employees who report to them in disciplinary terms, but also to such network partners as employees and managers in other areas as well as external partners such as service providers and customers. In other words, they have overcome the classic divisional or pillar thinking and instead think in network-like contexts.<\/p>\n<p>In addition, many executives have obviously already internalized that leadership aimed at improving alpha collaboration - i.e., cross-divisional, cross-functional and cross-company collaboration - also requires a partly changed self-image as a manager. This is indicated by the fact that the majority of them expect the leadership roles of \"leader\/starter\" and \"influencer\/relationship manager\" to continue to gain in importance.<\/p>\n<h3><strong>\"Alpha Collaboration\" requires a culture of trust<\/strong><\/h3>\n<p>This is relevant insofar as mutual trust is a central success factor in both distance and lateral leadership. The study concludes that companies already have a culture of collaboration and leadership, which is increasingly relevant for success in the VUCA world. These need to be expanded.<\/p>\n<p>For more information about the study \"Alpha Collaboration - Leadership in Transition; Perspectives for the Collaboration of the Future\", please visit the IFIDZ website (<a href=\"http:\/\/www.ifidz.de\">www.ifidz.de<\/a>). There you can also order the 58-page study and a free management summary for 39 euros.<\/p>","protected":false},"excerpt":{"rendered":"<p>Au\u00dfer dem Thema virtuelle F\u00fchrung bzw. F\u00fchrung auf Distanz gewinnt in den Unternehmen das Thema laterale F\u00fchrung, also F\u00fchrung ohne Weisungsbefugnis, stark an Bedeutung. Davon sind 80 Prozent der F\u00fchrungskr\u00e4fte \u00fcberzeugt. Zu diesem Ergebnis kommt die Studie \u201eAlpha-Collaboration \u2013 F\u00fchrung im Umbruch; Perspektiven f\u00fcr die Zusammenarbeit der Zukunft\u201c, die das Institut f\u00fcr F\u00fchrungskultur im digitalen [&hellip;]<\/p>\n","protected":false},"author":4,"featured_media":12251,"comment_status":"closed","ping_status":"closed","sticky":false,"template":"","format":"standard","meta":{"_acf_changed":false,"_yoast_wpseo_focuskw":"Alpha Collaboration","_yoast_wpseo_metadesc":"Die Anforderungen an F\u00fchrung ver\u00e4ndern sich nachhaltig. Der Alpha Collaboration wird die Zukunft geh\u00f6ren, besagt eine neue Studie.","articlekey":"","footnotes":""},"categories":[28],"tags":[320,335,459],"class_list":["post-12250","post","type-post","status-publish","format-standard","has-post-thumbnail","hentry","category-management","tag-leadership","tag-management-und-unternehmensfuehrung","tag-studie"],"acf":[],"yoast_head":"<!-- This site is optimized with the Yoast SEO plugin v27.5 - https:\/\/yoast.com\/product\/yoast-seo-wordpress\/ -->\n<title>Alpha Collaboration: F\u00fchrung und Zusammenarbeit im Umbruch - Organisator<\/title>\n<meta name=\"description\" content=\"Die Anforderungen an F\u00fchrung ver\u00e4ndern sich nachhaltig. Der Alpha Collaboration wird die Zukunft geh\u00f6ren, besagt eine neue Studie.\" \/>\n<meta name=\"robots\" content=\"index, follow, max-snippet:-1, max-image-preview:large, max-video-preview:-1\" \/>\n<link rel=\"canonical\" href=\"https:\/\/www.organisator.ch\/en\/management\/2022-03-28\/alpha-collaboration-leadership-and-collaboration-in-transition\/\" \/>\n<meta property=\"og:locale\" content=\"en_US\" \/>\n<meta property=\"og:type\" content=\"article\" \/>\n<meta property=\"og:title\" content=\"Alpha Collaboration: F\u00fchrung und Zusammenarbeit im Umbruch\" \/>\n<meta property=\"og:description\" content=\"Die Anforderungen an F\u00fchrung ver\u00e4ndern sich nachhaltig. Der Alpha Collaboration wird die Zukunft geh\u00f6ren, besagt eine neue Studie.\" \/>\n<meta property=\"og:url\" content=\"https:\/\/www.organisator.ch\/en\/management\/2022-03-28\/alpha-collaboration-leadership-and-collaboration-in-transition\/\" \/>\n<meta property=\"og:site_name\" content=\"Organisator\" \/>\n<meta property=\"article:publisher\" content=\"https:\/\/www.facebook.com\/OrganisatorFachmagazin\" \/>\n<meta property=\"article:published_time\" content=\"2022-03-28T11:45:02+00:00\" \/>\n<meta property=\"article:modified_time\" content=\"2022-04-07T06:51:01+00:00\" \/>\n<meta property=\"og:image\" content=\"https:\/\/www.organisator.ch\/wp-content\/uploads\/2022\/03\/Alpha-Collaboration-Fuehrung-und-Zusammenarbeit-im-Umbruch_Organisator.jpg\" \/>\n\t<meta property=\"og:image:width\" content=\"680\" \/>\n\t<meta property=\"og:image:height\" content=\"488\" \/>\n\t<meta property=\"og:image:type\" content=\"image\/jpeg\" \/>\n<meta name=\"author\" content=\"thomas.berner\" \/>\n<meta name=\"twitter:card\" content=\"summary_large_image\" \/>\n<meta name=\"twitter:title\" content=\"#AlphaCollaboration: #F\u00fchrung und #Zusammenarbeit im Umbruch\" \/>\n<meta name=\"twitter:description\" content=\"Die Anforderungen an #F\u00fchrung ver\u00e4ndern sich nachhaltig. Der #AlphaCollaboration wird die Zukunft geh\u00f6ren, besagt eine neue Studie.\" \/>\n<meta name=\"twitter:image\" content=\"https:\/\/www.organisator.ch\/wp-content\/uploads\/2022\/03\/Alpha-Collaboration-Fuehrung-und-Zusammenarbeit-im-Umbruch_Organisator.jpg\" \/>\n<script type=\"application\/ld+json\" class=\"yoast-schema-graph\">{\"@context\":\"https:\\\/\\\/schema.org\",\"@graph\":[{\"@type\":\"Article\",\"@id\":\"https:\\\/\\\/www.organisator.ch\\\/management\\\/2022-03-28\\\/alpha-collaboration-fuehrung-und-zusammenarbeit-im-umbruch\\\/#article\",\"isPartOf\":{\"@id\":\"https:\\\/\\\/www.organisator.ch\\\/management\\\/2022-03-28\\\/alpha-collaboration-fuehrung-und-zusammenarbeit-im-umbruch\\\/\"},\"author\":{\"name\":\"thomas.berner\",\"@id\":\"https:\\\/\\\/www.organisator.ch\\\/#\\\/schema\\\/person\\\/6f650f90b2842cd4c0cc334b4e36f67e\"},\"headline\":\"Alpha Collaboration: F\u00fchrung und Zusammenarbeit im Umbruch\",\"datePublished\":\"2022-03-28T11:45:02+00:00\",\"dateModified\":\"2022-04-07T06:51:01+00:00\",\"mainEntityOfPage\":{\"@id\":\"https:\\\/\\\/www.organisator.ch\\\/management\\\/2022-03-28\\\/alpha-collaboration-fuehrung-und-zusammenarbeit-im-umbruch\\\/\"},\"wordCount\":793,\"publisher\":{\"@id\":\"https:\\\/\\\/www.organisator.ch\\\/#organization\"},\"image\":{\"@id\":\"https:\\\/\\\/www.organisator.ch\\\/management\\\/2022-03-28\\\/alpha-collaboration-fuehrung-und-zusammenarbeit-im-umbruch\\\/#primaryimage\"},\"thumbnailUrl\":\"https:\\\/\\\/www.organisator.ch\\\/wp-content\\\/uploads\\\/2022\\\/03\\\/Alpha-Collaboration-Fuehrung-und-Zusammenarbeit-im-Umbruch_Organisator.jpg\",\"keywords\":[\"Leadership\",\"Management und Unternehmensf\u00fchrung\",\"Studie\"],\"articleSection\":[\"MANAGEMENT\"],\"inLanguage\":\"en-US\"},{\"@type\":\"WebPage\",\"@id\":\"https:\\\/\\\/www.organisator.ch\\\/management\\\/2022-03-28\\\/alpha-collaboration-fuehrung-und-zusammenarbeit-im-umbruch\\\/\",\"url\":\"https:\\\/\\\/www.organisator.ch\\\/management\\\/2022-03-28\\\/alpha-collaboration-fuehrung-und-zusammenarbeit-im-umbruch\\\/\",\"name\":\"Alpha Collaboration: F\u00fchrung und Zusammenarbeit im Umbruch - Organisator\",\"isPartOf\":{\"@id\":\"https:\\\/\\\/www.organisator.ch\\\/#website\"},\"primaryImageOfPage\":{\"@id\":\"https:\\\/\\\/www.organisator.ch\\\/management\\\/2022-03-28\\\/alpha-collaboration-fuehrung-und-zusammenarbeit-im-umbruch\\\/#primaryimage\"},\"image\":{\"@id\":\"https:\\\/\\\/www.organisator.ch\\\/management\\\/2022-03-28\\\/alpha-collaboration-fuehrung-und-zusammenarbeit-im-umbruch\\\/#primaryimage\"},\"thumbnailUrl\":\"https:\\\/\\\/www.organisator.ch\\\/wp-content\\\/uploads\\\/2022\\\/03\\\/Alpha-Collaboration-Fuehrung-und-Zusammenarbeit-im-Umbruch_Organisator.jpg\",\"datePublished\":\"2022-03-28T11:45:02+00:00\",\"dateModified\":\"2022-04-07T06:51:01+00:00\",\"description\":\"Die Anforderungen an F\u00fchrung ver\u00e4ndern sich nachhaltig. Der Alpha Collaboration wird die Zukunft geh\u00f6ren, besagt eine neue Studie.\",\"breadcrumb\":{\"@id\":\"https:\\\/\\\/www.organisator.ch\\\/management\\\/2022-03-28\\\/alpha-collaboration-fuehrung-und-zusammenarbeit-im-umbruch\\\/#breadcrumb\"},\"inLanguage\":\"en-US\",\"potentialAction\":[{\"@type\":\"ReadAction\",\"target\":[\"https:\\\/\\\/www.organisator.ch\\\/management\\\/2022-03-28\\\/alpha-collaboration-fuehrung-und-zusammenarbeit-im-umbruch\\\/\"]}]},{\"@type\":\"ImageObject\",\"inLanguage\":\"en-US\",\"@id\":\"https:\\\/\\\/www.organisator.ch\\\/management\\\/2022-03-28\\\/alpha-collaboration-fuehrung-und-zusammenarbeit-im-umbruch\\\/#primaryimage\",\"url\":\"https:\\\/\\\/www.organisator.ch\\\/wp-content\\\/uploads\\\/2022\\\/03\\\/Alpha-Collaboration-Fuehrung-und-Zusammenarbeit-im-Umbruch_Organisator.jpg\",\"contentUrl\":\"https:\\\/\\\/www.organisator.ch\\\/wp-content\\\/uploads\\\/2022\\\/03\\\/Alpha-Collaboration-Fuehrung-und-Zusammenarbeit-im-Umbruch_Organisator.jpg\",\"width\":680,\"height\":488,\"caption\":\"Cover der neuen IFIDZ-Studie \u00fcber die Ver\u00e4nderungen von F\u00fchrungskulturen. (Bild: IFIDZ)\"},{\"@type\":\"BreadcrumbList\",\"@id\":\"https:\\\/\\\/www.organisator.ch\\\/management\\\/2022-03-28\\\/alpha-collaboration-fuehrung-und-zusammenarbeit-im-umbruch\\\/#breadcrumb\",\"itemListElement\":[{\"@type\":\"ListItem\",\"position\":1,\"name\":\"Home\",\"item\":\"https:\\\/\\\/www.organisator.ch\\\/\"},{\"@type\":\"ListItem\",\"position\":2,\"name\":\"Alpha Collaboration: F\u00fchrung und Zusammenarbeit im Umbruch\"}]},{\"@type\":\"WebSite\",\"@id\":\"https:\\\/\\\/www.organisator.ch\\\/#website\",\"url\":\"https:\\\/\\\/www.organisator.ch\\\/\",\"name\":\"Organisator\",\"description\":\"Kompetent. Praxisnah. Der ORGANISATOR bereitet in 10 Ausgaben pro Jahr die wesentlichen Themen f\u00fcr F\u00fchrungskr\u00e4fte von KMU auf.\",\"publisher\":{\"@id\":\"https:\\\/\\\/www.organisator.ch\\\/#organization\"},\"potentialAction\":[{\"@type\":\"SearchAction\",\"target\":{\"@type\":\"EntryPoint\",\"urlTemplate\":\"https:\\\/\\\/www.organisator.ch\\\/?s={search_term_string}\"},\"query-input\":{\"@type\":\"PropertyValueSpecification\",\"valueRequired\":true,\"valueName\":\"search_term_string\"}}],\"inLanguage\":\"en-US\"},{\"@type\":\"Organization\",\"@id\":\"https:\\\/\\\/www.organisator.ch\\\/#organization\",\"name\":\"Organisator\",\"url\":\"https:\\\/\\\/www.organisator.ch\\\/\",\"logo\":{\"@type\":\"ImageObject\",\"inLanguage\":\"en-US\",\"@id\":\"https:\\\/\\\/www.organisator.ch\\\/#\\\/schema\\\/logo\\\/image\\\/\",\"url\":\"https:\\\/\\\/www.organisator.ch\\\/wp-content\\\/uploads\\\/2022\\\/01\\\/Logo_Organisator_Website.png\",\"contentUrl\":\"https:\\\/\\\/www.organisator.ch\\\/wp-content\\\/uploads\\\/2022\\\/01\\\/Logo_Organisator_Website.png\",\"width\":800,\"height\":77,\"caption\":\"Organisator\"},\"image\":{\"@id\":\"https:\\\/\\\/www.organisator.ch\\\/#\\\/schema\\\/logo\\\/image\\\/\"},\"sameAs\":[\"https:\\\/\\\/www.facebook.com\\\/OrganisatorFachmagazin\",\"https:\\\/\\\/www.linkedin.com\\\/showcase\\\/organisator-das-magazin-fr-kmu\",\"https:\\\/\\\/www.xing.com\\\/news\\\/pages\\\/organisator-ch-695\",\"https:\\\/\\\/www.youtube.com\\\/channel\\\/UCGP2Sq0iWaZwT3BdIAQFYpw\"]},{\"@type\":\"Person\",\"@id\":\"https:\\\/\\\/www.organisator.ch\\\/#\\\/schema\\\/person\\\/6f650f90b2842cd4c0cc334b4e36f67e\",\"name\":\"thomas.berner\",\"image\":{\"@type\":\"ImageObject\",\"inLanguage\":\"en-US\",\"@id\":\"https:\\\/\\\/secure.gravatar.com\\\/avatar\\\/ac5001d2a36cb6c6cd3e50789007ffca834b477b74a2144564522e944eabff61?s=96&d=mm&r=g\",\"url\":\"https:\\\/\\\/secure.gravatar.com\\\/avatar\\\/ac5001d2a36cb6c6cd3e50789007ffca834b477b74a2144564522e944eabff61?s=96&d=mm&r=g\",\"contentUrl\":\"https:\\\/\\\/secure.gravatar.com\\\/avatar\\\/ac5001d2a36cb6c6cd3e50789007ffca834b477b74a2144564522e944eabff61?s=96&d=mm&r=g\",\"caption\":\"thomas.berner\"},\"url\":\"https:\\\/\\\/www.organisator.ch\\\/en\\\/author\\\/thomas-berner\\\/\"}]}<\/script>\n<!-- \/ Yoast SEO plugin. -->","yoast_head_json":{"title":"Alpha Collaboration: Leadership and Collaboration in Transition - Organizer","description":"The demands on leadership are changing permanently. Alpha collaboration will be the future, says a new study.","robots":{"index":"index","follow":"follow","max-snippet":"max-snippet:-1","max-image-preview":"max-image-preview:large","max-video-preview":"max-video-preview:-1"},"canonical":"https:\/\/www.organisator.ch\/en\/management\/2022-03-28\/alpha-collaboration-leadership-and-collaboration-in-transition\/","og_locale":"en_US","og_type":"article","og_title":"Alpha Collaboration: F\u00fchrung und Zusammenarbeit im Umbruch","og_description":"Die Anforderungen an F\u00fchrung ver\u00e4ndern sich nachhaltig. Der Alpha Collaboration wird die Zukunft geh\u00f6ren, besagt eine neue Studie.","og_url":"https:\/\/www.organisator.ch\/en\/management\/2022-03-28\/alpha-collaboration-leadership-and-collaboration-in-transition\/","og_site_name":"Organisator","article_publisher":"https:\/\/www.facebook.com\/OrganisatorFachmagazin","article_published_time":"2022-03-28T11:45:02+00:00","article_modified_time":"2022-04-07T06:51:01+00:00","og_image":[{"width":680,"height":488,"url":"https:\/\/www.organisator.ch\/wp-content\/uploads\/2022\/03\/Alpha-Collaboration-Fuehrung-und-Zusammenarbeit-im-Umbruch_Organisator.jpg","type":"image\/jpeg"}],"author":"thomas.berner","twitter_card":"summary_large_image","twitter_title":"#AlphaCollaboration: #F\u00fchrung und #Zusammenarbeit im Umbruch","twitter_description":"Die Anforderungen an #F\u00fchrung ver\u00e4ndern sich nachhaltig. Der #AlphaCollaboration wird die Zukunft geh\u00f6ren, besagt eine neue Studie.","twitter_image":"https:\/\/www.organisator.ch\/wp-content\/uploads\/2022\/03\/Alpha-Collaboration-Fuehrung-und-Zusammenarbeit-im-Umbruch_Organisator.jpg","schema":{"@context":"https:\/\/schema.org","@graph":[{"@type":"Article","@id":"https:\/\/www.organisator.ch\/management\/2022-03-28\/alpha-collaboration-fuehrung-und-zusammenarbeit-im-umbruch\/#article","isPartOf":{"@id":"https:\/\/www.organisator.ch\/management\/2022-03-28\/alpha-collaboration-fuehrung-und-zusammenarbeit-im-umbruch\/"},"author":{"name":"thomas.berner","@id":"https:\/\/www.organisator.ch\/#\/schema\/person\/6f650f90b2842cd4c0cc334b4e36f67e"},"headline":"Alpha Collaboration: F\u00fchrung und Zusammenarbeit im Umbruch","datePublished":"2022-03-28T11:45:02+00:00","dateModified":"2022-04-07T06:51:01+00:00","mainEntityOfPage":{"@id":"https:\/\/www.organisator.ch\/management\/2022-03-28\/alpha-collaboration-fuehrung-und-zusammenarbeit-im-umbruch\/"},"wordCount":793,"publisher":{"@id":"https:\/\/www.organisator.ch\/#organization"},"image":{"@id":"https:\/\/www.organisator.ch\/management\/2022-03-28\/alpha-collaboration-fuehrung-und-zusammenarbeit-im-umbruch\/#primaryimage"},"thumbnailUrl":"https:\/\/www.organisator.ch\/wp-content\/uploads\/2022\/03\/Alpha-Collaboration-Fuehrung-und-Zusammenarbeit-im-Umbruch_Organisator.jpg","keywords":["Leadership","Management und Unternehmensf\u00fchrung","Studie"],"articleSection":["MANAGEMENT"],"inLanguage":"en-US"},{"@type":"WebPage","@id":"https:\/\/www.organisator.ch\/management\/2022-03-28\/alpha-collaboration-fuehrung-und-zusammenarbeit-im-umbruch\/","url":"https:\/\/www.organisator.ch\/management\/2022-03-28\/alpha-collaboration-fuehrung-und-zusammenarbeit-im-umbruch\/","name":"Alpha Collaboration: Leadership and Collaboration in Transition - Organizer","isPartOf":{"@id":"https:\/\/www.organisator.ch\/#website"},"primaryImageOfPage":{"@id":"https:\/\/www.organisator.ch\/management\/2022-03-28\/alpha-collaboration-fuehrung-und-zusammenarbeit-im-umbruch\/#primaryimage"},"image":{"@id":"https:\/\/www.organisator.ch\/management\/2022-03-28\/alpha-collaboration-fuehrung-und-zusammenarbeit-im-umbruch\/#primaryimage"},"thumbnailUrl":"https:\/\/www.organisator.ch\/wp-content\/uploads\/2022\/03\/Alpha-Collaboration-Fuehrung-und-Zusammenarbeit-im-Umbruch_Organisator.jpg","datePublished":"2022-03-28T11:45:02+00:00","dateModified":"2022-04-07T06:51:01+00:00","description":"The demands on leadership are changing permanently. Alpha collaboration will be the future, says a new study.","breadcrumb":{"@id":"https:\/\/www.organisator.ch\/management\/2022-03-28\/alpha-collaboration-fuehrung-und-zusammenarbeit-im-umbruch\/#breadcrumb"},"inLanguage":"en-US","potentialAction":[{"@type":"ReadAction","target":["https:\/\/www.organisator.ch\/management\/2022-03-28\/alpha-collaboration-fuehrung-und-zusammenarbeit-im-umbruch\/"]}]},{"@type":"ImageObject","inLanguage":"en-US","@id":"https:\/\/www.organisator.ch\/management\/2022-03-28\/alpha-collaboration-fuehrung-und-zusammenarbeit-im-umbruch\/#primaryimage","url":"https:\/\/www.organisator.ch\/wp-content\/uploads\/2022\/03\/Alpha-Collaboration-Fuehrung-und-Zusammenarbeit-im-Umbruch_Organisator.jpg","contentUrl":"https:\/\/www.organisator.ch\/wp-content\/uploads\/2022\/03\/Alpha-Collaboration-Fuehrung-und-Zusammenarbeit-im-Umbruch_Organisator.jpg","width":680,"height":488,"caption":"Cover der neuen IFIDZ-Studie \u00fcber die Ver\u00e4nderungen von F\u00fchrungskulturen. (Bild: IFIDZ)"},{"@type":"BreadcrumbList","@id":"https:\/\/www.organisator.ch\/management\/2022-03-28\/alpha-collaboration-fuehrung-und-zusammenarbeit-im-umbruch\/#breadcrumb","itemListElement":[{"@type":"ListItem","position":1,"name":"Home","item":"https:\/\/www.organisator.ch\/"},{"@type":"ListItem","position":2,"name":"Alpha Collaboration: F\u00fchrung und Zusammenarbeit im Umbruch"}]},{"@type":"WebSite","@id":"https:\/\/www.organisator.ch\/#website","url":"https:\/\/www.organisator.ch\/","name":"Organizer","description":"Competent. Practical. In 10 issues per year, ORGANISATOR presents the essential topics for managers of SMEs.","publisher":{"@id":"https:\/\/www.organisator.ch\/#organization"},"potentialAction":[{"@type":"SearchAction","target":{"@type":"EntryPoint","urlTemplate":"https:\/\/www.organisator.ch\/?s={search_term_string}"},"query-input":{"@type":"PropertyValueSpecification","valueRequired":true,"valueName":"search_term_string"}}],"inLanguage":"en-US"},{"@type":"Organization","@id":"https:\/\/www.organisator.ch\/#organization","name":"Organizer","url":"https:\/\/www.organisator.ch\/","logo":{"@type":"ImageObject","inLanguage":"en-US","@id":"https:\/\/www.organisator.ch\/#\/schema\/logo\/image\/","url":"https:\/\/www.organisator.ch\/wp-content\/uploads\/2022\/01\/Logo_Organisator_Website.png","contentUrl":"https:\/\/www.organisator.ch\/wp-content\/uploads\/2022\/01\/Logo_Organisator_Website.png","width":800,"height":77,"caption":"Organisator"},"image":{"@id":"https:\/\/www.organisator.ch\/#\/schema\/logo\/image\/"},"sameAs":["https:\/\/www.facebook.com\/OrganisatorFachmagazin","https:\/\/www.linkedin.com\/showcase\/organisator-das-magazin-fr-kmu","https:\/\/www.xing.com\/news\/pages\/organisator-ch-695","https:\/\/www.youtube.com\/channel\/UCGP2Sq0iWaZwT3BdIAQFYpw"]},{"@type":"Person","@id":"https:\/\/www.organisator.ch\/#\/schema\/person\/6f650f90b2842cd4c0cc334b4e36f67e","name":"thomas.berner","image":{"@type":"ImageObject","inLanguage":"en-US","@id":"https:\/\/secure.gravatar.com\/avatar\/ac5001d2a36cb6c6cd3e50789007ffca834b477b74a2144564522e944eabff61?s=96&d=mm&r=g","url":"https:\/\/secure.gravatar.com\/avatar\/ac5001d2a36cb6c6cd3e50789007ffca834b477b74a2144564522e944eabff61?s=96&d=mm&r=g","contentUrl":"https:\/\/secure.gravatar.com\/avatar\/ac5001d2a36cb6c6cd3e50789007ffca834b477b74a2144564522e944eabff61?s=96&d=mm&r=g","caption":"thomas.berner"},"url":"https:\/\/www.organisator.ch\/en\/author\/thomas-berner\/"}]}},"_links":{"self":[{"href":"https:\/\/www.organisator.ch\/en\/wp-json\/wp\/v2\/posts\/12250","targetHints":{"allow":["GET"]}}],"collection":[{"href":"https:\/\/www.organisator.ch\/en\/wp-json\/wp\/v2\/posts"}],"about":[{"href":"https:\/\/www.organisator.ch\/en\/wp-json\/wp\/v2\/types\/post"}],"author":[{"embeddable":true,"href":"https:\/\/www.organisator.ch\/en\/wp-json\/wp\/v2\/users\/4"}],"replies":[{"embeddable":true,"href":"https:\/\/www.organisator.ch\/en\/wp-json\/wp\/v2\/comments?post=12250"}],"version-history":[{"count":1,"href":"https:\/\/www.organisator.ch\/en\/wp-json\/wp\/v2\/posts\/12250\/revisions"}],"predecessor-version":[{"id":12254,"href":"https:\/\/www.organisator.ch\/en\/wp-json\/wp\/v2\/posts\/12250\/revisions\/12254"}],"wp:featuredmedia":[{"embeddable":true,"href":"https:\/\/www.organisator.ch\/en\/wp-json\/wp\/v2\/media\/12251"}],"wp:attachment":[{"href":"https:\/\/www.organisator.ch\/en\/wp-json\/wp\/v2\/media?parent=12250"}],"wp:term":[{"taxonomy":"category","embeddable":true,"href":"https:\/\/www.organisator.ch\/en\/wp-json\/wp\/v2\/categories?post=12250"},{"taxonomy":"post_tag","embeddable":true,"href":"https:\/\/www.organisator.ch\/en\/wp-json\/wp\/v2\/tags?post=12250"}],"curies":[{"name":"wp","href":"https:\/\/api.w.org\/{rel}","templated":true}]}}