{"id":12274,"date":"2022-03-29T14:36:38","date_gmt":"2022-03-29T12:36:38","guid":{"rendered":"https:\/\/www.m-q.ch\/?p=16103"},"modified":"2022-03-29T17:02:50","modified_gmt":"2022-03-29T15:02:50","slug":"led-anzeigen-fuer-luftqualitaet","status":"publish","type":"post","link":"https:\/\/www.organisator.ch\/en\/operational-excellence\/2022-03-29\/led-anzeigen-fuer-luftqualitaet\/","title":{"rendered":"LED indicators for air quality"},"content":{"rendered":"<figure id=\"attachment_16104\" class=\"wp-caption alignnone\" style=\"width: 680px;\" aria-describedby=\"caption-attachment-16104\"><img class=\"size-full wp-image-16104\" src=\"https:\/\/www.m-q.ch\/wp-content\/uploads\/2022\/03\/LED-Anzeigen-fuer-Luftqualitaet_MQ.png\" sizes=\"(max-width: 680px) 100vw, 680px\" srcset=\"https:\/\/www.m-q.ch\/wp-content\/uploads\/2022\/03\/LED-Anzeigen-fuer-Luftqualitaet_MQ.png 680w, https:\/\/www.m-q.ch\/wp-content\/uploads\/2022\/03\/LED-Anzeigen-fuer-Luftqualitaet_MQ-18x12.png 18w, https:\/\/www.m-q.ch\/wp-content\/uploads\/2022\/03\/LED-Anzeigen-fuer-Luftqualitaet_MQ-280x175.png 280w, https:\/\/www.m-q.ch\/wp-content\/uploads\/2022\/03\/LED-Anzeigen-fuer-Luftqualitaet_MQ-560x350.png 560w, https:\/\/www.m-q.ch\/wp-content\/uploads\/2022\/03\/LED-Anzeigen-fuer-Luftqualitaet_MQ-300x188.png 300w\" alt=\"\" width=\"680\" height=\"425\" \/><figcaption id=\"caption-attachment-16104\" class=\"wp-caption-text\">Bright LED displays can be used to visualize air pollution. (Image: Microsyst)<\/figcaption><\/figure>\r\nOzone, particulate matter, CO2 are substances that pollute our air. Fortunately, pollution in the air we breathe can now be measured very precisely. The manufacturer Microsyst has expanded its range of applications for easy visualization of the specific emission values: luminous LED displays are coupled with the measuring sensors using Microsyst's MKS software.\r\n\r\nThe software of the emission displays adapts to the data protocol of the sensors and thus communicates easily with any system regardless of manufacturer. The connection is made via existing industrial interfaces, wired or wireless. Seven-color spectrum, variable display and character height as well as single or multi-line display ensure best visibility and readability. An integrated brightness sensor and pixel pitch of 4 or 8 mm guarantee optimum visibility. Whether indoors, outdoors, bright, dark, sunny or rainy: the LED displays are readable at up to 100 meters. The wide radiation of the LEDs ensures a large viewing angle.\r\n\r\nRegardless of this, simple displays for integration in metal panels or pillars are available, as are full-surface LED display panels. Thanks to the modular design, almost anything is possible from small to large format: up to eight square meters of display area, possibly more after technical examination of the conditions on site, or multi-page versions. A programmable color change indicates when defined pollutant limits have been exceeded. In addition to numbers and letters, (warning) signs or instructions can also be set.\r\n\r\n<em>More information: <a href=\"https:\/\/www.microsyst.de\/anwendungsbereiche\/messwertanzeigen\/ziffernanzeige.html\">Microsyst<\/a><\/em>\n<p class=\"syndicated-attribution\">This article originally appeared on m-q.ch - <a href=\"https:\/\/www.m-q.ch\/de\/led-anzeigen-fuer-luftqualitaet\/\" target=\"_blank\">https:\/\/www.m-q.ch\/de\/led-anzeigen-fuer-luftqualitaet\/<\/a><\/p>","protected":false},"excerpt":{"rendered":"<p>Ozon, Feinstaub, CO2 sind Stoffe, die unsere Luft belasten. Gl\u00fccklicherweise lassen sich Belastungen in unserer Atemluft inzwischen sehr genau erfassen. F\u00fcr die problemlose Visualisierung der spezifischen Emissionswerte hat der Hersteller Microsyst sein Anwendungsspektrum erweitert: Leuchtstarke LED-Anzeigen werden dazu mithilfe der Microsyst-Software MKS mit den Messf\u00fchlern gekoppelt. Die Software der Emissionsanzeigen passt sich an das Datenprotokoll [\u2026]<\/p>\n","protected":false},"author":8,"featured_media":0,"comment_status":"closed","ping_status":"closed","sticky":false,"template":"","format":"standard","meta":{"_acf_changed":false,"_yoast_wpseo_focuskw":"LED-Anzeigen","_yoast_wpseo_metadesc":"Belastungen in der Atemluft k\u00f6nnen dank moderner Messtechnik genau erfasst werden. LED-Anzeigen k\u00f6nnen die Messwerte visualisieren.","articlekey":"","footnotes":""},"categories":[582],"tags":[2770,2648,393,402],"class_list":["post-12274","post","type-post","status-publish","format-standard","hentry","category-operational-excellence","tag-digital-signage","tag-messtechnik","tag-produkte","tag-qualitaetssicherung"],"acf":[],"yoast_head":"<!-- This site is optimized with the Yoast SEO plugin v27.5 - https:\/\/yoast.com\/product\/yoast-seo-wordpress\/ -->\n<title>LED-Anzeigen f\u00fcr Luftqualit\u00e4t - Organisator<\/title>\n<meta name=\"description\" content=\"Belastungen in der Atemluft k\u00f6nnen dank moderner Messtechnik genau erfasst werden. LED-Anzeigen k\u00f6nnen die Messwerte visualisieren.\" \/>\n<meta name=\"robots\" content=\"index, follow, max-snippet:-1, max-image-preview:large, max-video-preview:-1\" \/>\n<link rel=\"canonical\" href=\"https:\/\/www.organisator.ch\/en\/operational-excellence\/2022-03-29\/led-anzeigen-fuer-luftqualitaet\/\" \/>\n<meta property=\"og:locale\" content=\"en_US\" \/>\n<meta property=\"og:type\" content=\"article\" \/>\n<meta property=\"og:title\" content=\"LED-Anzeigen f\u00fcr Luftqualit\u00e4t - Organisator\" \/>\n<meta property=\"og:description\" content=\"Belastungen in der Atemluft k\u00f6nnen dank moderner Messtechnik genau erfasst werden. LED-Anzeigen k\u00f6nnen die Messwerte visualisieren.\" \/>\n<meta property=\"og:url\" content=\"https:\/\/www.organisator.ch\/en\/operational-excellence\/2022-03-29\/led-anzeigen-fuer-luftqualitaet\/\" \/>\n<meta property=\"og:site_name\" content=\"Organisator\" \/>\n<meta property=\"article:publisher\" content=\"https:\/\/www.facebook.com\/OrganisatorFachmagazin\" \/>\n<meta property=\"article:published_time\" content=\"2022-03-29T12:36:38+00:00\" \/>\n<meta property=\"article:modified_time\" content=\"2022-03-29T15:02:50+00:00\" \/>\n<meta property=\"og:image\" content=\"https:\/\/www.m-q.ch\/wp-content\/uploads\/2022\/03\/LED-Anzeigen-fuer-Luftqualitaet_MQ.png\" \/>\n<meta name=\"author\" content=\"galledia\" \/>\n<meta name=\"twitter:card\" content=\"summary_large_image\" \/>\n<meta name=\"twitter:creator\" content=\"@admin\" \/>\n<script type=\"application\/ld+json\" class=\"yoast-schema-graph\">{\"@context\":\"https:\\\/\\\/schema.org\",\"@graph\":[{\"@type\":\"Article\",\"@id\":\"https:\\\/\\\/www.organisator.ch\\\/operational-excellence\\\/2022-03-29\\\/led-anzeigen-fuer-luftqualitaet\\\/#article\",\"isPartOf\":{\"@id\":\"https:\\\/\\\/www.organisator.ch\\\/operational-excellence\\\/2022-03-29\\\/led-anzeigen-fuer-luftqualitaet\\\/\"},\"author\":{\"name\":\"galledia\",\"@id\":\"https:\\\/\\\/www.organisator.ch\\\/#\\\/schema\\\/person\\\/4e51799071cd2dd1232ac003643ef5f0\"},\"headline\":\"LED-Anzeigen f\u00fcr Luftqualit\u00e4t\",\"datePublished\":\"2022-03-29T12:36:38+00:00\",\"dateModified\":\"2022-03-29T15:02:50+00:00\",\"mainEntityOfPage\":{\"@id\":\"https:\\\/\\\/www.organisator.ch\\\/operational-excellence\\\/2022-03-29\\\/led-anzeigen-fuer-luftqualitaet\\\/\"},\"wordCount\":237,\"publisher\":{\"@id\":\"https:\\\/\\\/www.organisator.ch\\\/#organization\"},\"image\":{\"@id\":\"https:\\\/\\\/www.organisator.ch\\\/operational-excellence\\\/2022-03-29\\\/led-anzeigen-fuer-luftqualitaet\\\/#primaryimage\"},\"thumbnailUrl\":\"https:\\\/\\\/www.m-q.ch\\\/wp-content\\\/uploads\\\/2022\\\/03\\\/LED-Anzeigen-fuer-Luftqualitaet_MQ.png\",\"keywords\":[\"Digital Signage\",\"Messtechnik\",\"Produkte\",\"Qualit\u00e4tssicherung\"],\"articleSection\":[\"OPERATIONAL EXCELLENCE\"],\"inLanguage\":\"en-US\"},{\"@type\":\"WebPage\",\"@id\":\"https:\\\/\\\/www.organisator.ch\\\/operational-excellence\\\/2022-03-29\\\/led-anzeigen-fuer-luftqualitaet\\\/\",\"url\":\"https:\\\/\\\/www.organisator.ch\\\/operational-excellence\\\/2022-03-29\\\/led-anzeigen-fuer-luftqualitaet\\\/\",\"name\":\"LED-Anzeigen f\u00fcr Luftqualit\u00e4t - Organisator\",\"isPartOf\":{\"@id\":\"https:\\\/\\\/www.organisator.ch\\\/#website\"},\"primaryImageOfPage\":{\"@id\":\"https:\\\/\\\/www.organisator.ch\\\/operational-excellence\\\/2022-03-29\\\/led-anzeigen-fuer-luftqualitaet\\\/#primaryimage\"},\"image\":{\"@id\":\"https:\\\/\\\/www.organisator.ch\\\/operational-excellence\\\/2022-03-29\\\/led-anzeigen-fuer-luftqualitaet\\\/#primaryimage\"},\"thumbnailUrl\":\"https:\\\/\\\/www.m-q.ch\\\/wp-content\\\/uploads\\\/2022\\\/03\\\/LED-Anzeigen-fuer-Luftqualitaet_MQ.png\",\"datePublished\":\"2022-03-29T12:36:38+00:00\",\"dateModified\":\"2022-03-29T15:02:50+00:00\",\"description\":\"Belastungen in der Atemluft k\u00f6nnen dank moderner Messtechnik genau erfasst werden. LED-Anzeigen k\u00f6nnen die Messwerte visualisieren.\",\"breadcrumb\":{\"@id\":\"https:\\\/\\\/www.organisator.ch\\\/operational-excellence\\\/2022-03-29\\\/led-anzeigen-fuer-luftqualitaet\\\/#breadcrumb\"},\"inLanguage\":\"en-US\",\"potentialAction\":[{\"@type\":\"ReadAction\",\"target\":[\"https:\\\/\\\/www.organisator.ch\\\/operational-excellence\\\/2022-03-29\\\/led-anzeigen-fuer-luftqualitaet\\\/\"]}]},{\"@type\":\"ImageObject\",\"inLanguage\":\"en-US\",\"@id\":\"https:\\\/\\\/www.organisator.ch\\\/operational-excellence\\\/2022-03-29\\\/led-anzeigen-fuer-luftqualitaet\\\/#primaryimage\",\"url\":\"https:\\\/\\\/www.m-q.ch\\\/wp-content\\\/uploads\\\/2022\\\/03\\\/LED-Anzeigen-fuer-Luftqualitaet_MQ.png\",\"contentUrl\":\"https:\\\/\\\/www.m-q.ch\\\/wp-content\\\/uploads\\\/2022\\\/03\\\/LED-Anzeigen-fuer-Luftqualitaet_MQ.png\"},{\"@type\":\"BreadcrumbList\",\"@id\":\"https:\\\/\\\/www.organisator.ch\\\/operational-excellence\\\/2022-03-29\\\/led-anzeigen-fuer-luftqualitaet\\\/#breadcrumb\",\"itemListElement\":[{\"@type\":\"ListItem\",\"position\":1,\"name\":\"Home\",\"item\":\"https:\\\/\\\/www.organisator.ch\\\/\"},{\"@type\":\"ListItem\",\"position\":2,\"name\":\"LED-Anzeigen f\u00fcr Luftqualit\u00e4t\"}]},{\"@type\":\"WebSite\",\"@id\":\"https:\\\/\\\/www.organisator.ch\\\/#website\",\"url\":\"https:\\\/\\\/www.organisator.ch\\\/\",\"name\":\"Organisator\",\"description\":\"Kompetent. Praxisnah. Der ORGANISATOR bereitet in 10 Ausgaben pro Jahr die wesentlichen Themen f\u00fcr F\u00fchrungskr\u00e4fte von KMU auf.\",\"publisher\":{\"@id\":\"https:\\\/\\\/www.organisator.ch\\\/#organization\"},\"potentialAction\":[{\"@type\":\"SearchAction\",\"target\":{\"@type\":\"EntryPoint\",\"urlTemplate\":\"https:\\\/\\\/www.organisator.ch\\\/?s={search_term_string}\"},\"query-input\":{\"@type\":\"PropertyValueSpecification\",\"valueRequired\":true,\"valueName\":\"search_term_string\"}}],\"inLanguage\":\"en-US\"},{\"@type\":\"Organization\",\"@id\":\"https:\\\/\\\/www.organisator.ch\\\/#organization\",\"name\":\"Organisator\",\"url\":\"https:\\\/\\\/www.organisator.ch\\\/\",\"logo\":{\"@type\":\"ImageObject\",\"inLanguage\":\"en-US\",\"@id\":\"https:\\\/\\\/www.organisator.ch\\\/#\\\/schema\\\/logo\\\/image\\\/\",\"url\":\"https:\\\/\\\/www.organisator.ch\\\/wp-content\\\/uploads\\\/2022\\\/01\\\/Logo_Organisator_Website.png\",\"contentUrl\":\"https:\\\/\\\/www.organisator.ch\\\/wp-content\\\/uploads\\\/2022\\\/01\\\/Logo_Organisator_Website.png\",\"width\":800,\"height\":77,\"caption\":\"Organisator\"},\"image\":{\"@id\":\"https:\\\/\\\/www.organisator.ch\\\/#\\\/schema\\\/logo\\\/image\\\/\"},\"sameAs\":[\"https:\\\/\\\/www.facebook.com\\\/OrganisatorFachmagazin\",\"https:\\\/\\\/www.linkedin.com\\\/showcase\\\/organisator-das-magazin-fr-kmu\",\"https:\\\/\\\/www.xing.com\\\/news\\\/pages\\\/organisator-ch-695\",\"https:\\\/\\\/www.youtube.com\\\/channel\\\/UCGP2Sq0iWaZwT3BdIAQFYpw\"]},{\"@type\":\"Person\",\"@id\":\"https:\\\/\\\/www.organisator.ch\\\/#\\\/schema\\\/person\\\/4e51799071cd2dd1232ac003643ef5f0\",\"name\":\"galledia\",\"image\":{\"@type\":\"ImageObject\",\"inLanguage\":\"en-US\",\"@id\":\"https:\\\/\\\/secure.gravatar.com\\\/avatar\\\/78a7f90c01fc2bfc875782a0d4922b37cde2cf184ce347b91316d23cd7f69a36?s=96&d=mm&r=g\",\"url\":\"https:\\\/\\\/secure.gravatar.com\\\/avatar\\\/78a7f90c01fc2bfc875782a0d4922b37cde2cf184ce347b91316d23cd7f69a36?s=96&d=mm&r=g\",\"contentUrl\":\"https:\\\/\\\/secure.gravatar.com\\\/avatar\\\/78a7f90c01fc2bfc875782a0d4922b37cde2cf184ce347b91316d23cd7f69a36?s=96&d=mm&r=g\",\"caption\":\"galledia\"},\"sameAs\":[\"https:\\\/\\\/x.com\\\/admin\"],\"url\":\"https:\\\/\\\/www.organisator.ch\\\/en\\\/author\\\/galledia\\\/\"}]}<\/script>\n<!-- \/ Yoast SEO plugin. -->","yoast_head_json":{"title":"LED indicators for air quality - organizer","description":"Loads in the breathing air can be precisely recorded thanks to modern measurement technology. LED displays can visualize the measured values.","robots":{"index":"index","follow":"follow","max-snippet":"max-snippet:-1","max-image-preview":"max-image-preview:large","max-video-preview":"max-video-preview:-1"},"canonical":"https:\/\/www.organisator.ch\/en\/operational-excellence\/2022-03-29\/led-anzeigen-fuer-luftqualitaet\/","og_locale":"en_US","og_type":"article","og_title":"LED-Anzeigen f\u00fcr Luftqualit\u00e4t - Organisator","og_description":"Belastungen in der Atemluft k\u00f6nnen dank moderner Messtechnik genau erfasst werden. LED-Anzeigen k\u00f6nnen die Messwerte visualisieren.","og_url":"https:\/\/www.organisator.ch\/en\/operational-excellence\/2022-03-29\/led-anzeigen-fuer-luftqualitaet\/","og_site_name":"Organisator","article_publisher":"https:\/\/www.facebook.com\/OrganisatorFachmagazin","article_published_time":"2022-03-29T12:36:38+00:00","article_modified_time":"2022-03-29T15:02:50+00:00","og_image":[{"url":"https:\/\/www.m-q.ch\/wp-content\/uploads\/2022\/03\/LED-Anzeigen-fuer-Luftqualitaet_MQ.png","type":"","width":"","height":""}],"author":"galledia","twitter_card":"summary_large_image","twitter_creator":"@admin","schema":{"@context":"https:\/\/schema.org","@graph":[{"@type":"Article","@id":"https:\/\/www.organisator.ch\/operational-excellence\/2022-03-29\/led-anzeigen-fuer-luftqualitaet\/#article","isPartOf":{"@id":"https:\/\/www.organisator.ch\/operational-excellence\/2022-03-29\/led-anzeigen-fuer-luftqualitaet\/"},"author":{"name":"galledia","@id":"https:\/\/www.organisator.ch\/#\/schema\/person\/4e51799071cd2dd1232ac003643ef5f0"},"headline":"LED-Anzeigen f\u00fcr Luftqualit\u00e4t","datePublished":"2022-03-29T12:36:38+00:00","dateModified":"2022-03-29T15:02:50+00:00","mainEntityOfPage":{"@id":"https:\/\/www.organisator.ch\/operational-excellence\/2022-03-29\/led-anzeigen-fuer-luftqualitaet\/"},"wordCount":237,"publisher":{"@id":"https:\/\/www.organisator.ch\/#organization"},"image":{"@id":"https:\/\/www.organisator.ch\/operational-excellence\/2022-03-29\/led-anzeigen-fuer-luftqualitaet\/#primaryimage"},"thumbnailUrl":"https:\/\/www.m-q.ch\/wp-content\/uploads\/2022\/03\/LED-Anzeigen-fuer-Luftqualitaet_MQ.png","keywords":["Digital Signage","Messtechnik","Produkte","Qualit\u00e4tssicherung"],"articleSection":["OPERATIONAL EXCELLENCE"],"inLanguage":"en-US"},{"@type":"WebPage","@id":"https:\/\/www.organisator.ch\/operational-excellence\/2022-03-29\/led-anzeigen-fuer-luftqualitaet\/","url":"https:\/\/www.organisator.ch\/operational-excellence\/2022-03-29\/led-anzeigen-fuer-luftqualitaet\/","name":"LED indicators for air quality - organizer","isPartOf":{"@id":"https:\/\/www.organisator.ch\/#website"},"primaryImageOfPage":{"@id":"https:\/\/www.organisator.ch\/operational-excellence\/2022-03-29\/led-anzeigen-fuer-luftqualitaet\/#primaryimage"},"image":{"@id":"https:\/\/www.organisator.ch\/operational-excellence\/2022-03-29\/led-anzeigen-fuer-luftqualitaet\/#primaryimage"},"thumbnailUrl":"https:\/\/www.m-q.ch\/wp-content\/uploads\/2022\/03\/LED-Anzeigen-fuer-Luftqualitaet_MQ.png","datePublished":"2022-03-29T12:36:38+00:00","dateModified":"2022-03-29T15:02:50+00:00","description":"Loads in the breathing air can be precisely recorded thanks to modern measurement technology. LED displays can visualize the measured values.","breadcrumb":{"@id":"https:\/\/www.organisator.ch\/operational-excellence\/2022-03-29\/led-anzeigen-fuer-luftqualitaet\/#breadcrumb"},"inLanguage":"en-US","potentialAction":[{"@type":"ReadAction","target":["https:\/\/www.organisator.ch\/operational-excellence\/2022-03-29\/led-anzeigen-fuer-luftqualitaet\/"]}]},{"@type":"ImageObject","inLanguage":"en-US","@id":"https:\/\/www.organisator.ch\/operational-excellence\/2022-03-29\/led-anzeigen-fuer-luftqualitaet\/#primaryimage","url":"https:\/\/www.m-q.ch\/wp-content\/uploads\/2022\/03\/LED-Anzeigen-fuer-Luftqualitaet_MQ.png","contentUrl":"https:\/\/www.m-q.ch\/wp-content\/uploads\/2022\/03\/LED-Anzeigen-fuer-Luftqualitaet_MQ.png"},{"@type":"BreadcrumbList","@id":"https:\/\/www.organisator.ch\/operational-excellence\/2022-03-29\/led-anzeigen-fuer-luftqualitaet\/#breadcrumb","itemListElement":[{"@type":"ListItem","position":1,"name":"Home","item":"https:\/\/www.organisator.ch\/"},{"@type":"ListItem","position":2,"name":"LED-Anzeigen f\u00fcr Luftqualit\u00e4t"}]},{"@type":"WebSite","@id":"https:\/\/www.organisator.ch\/#website","url":"https:\/\/www.organisator.ch\/","name":"Organizer","description":"Competent. Practical. In 10 issues per year, ORGANISATOR presents the essential topics for managers of SMEs.","publisher":{"@id":"https:\/\/www.organisator.ch\/#organization"},"potentialAction":[{"@type":"SearchAction","target":{"@type":"EntryPoint","urlTemplate":"https:\/\/www.organisator.ch\/?s={search_term_string}"},"query-input":{"@type":"PropertyValueSpecification","valueRequired":true,"valueName":"search_term_string"}}],"inLanguage":"en-US"},{"@type":"Organization","@id":"https:\/\/www.organisator.ch\/#organization","name":"Organizer","url":"https:\/\/www.organisator.ch\/","logo":{"@type":"ImageObject","inLanguage":"en-US","@id":"https:\/\/www.organisator.ch\/#\/schema\/logo\/image\/","url":"https:\/\/www.organisator.ch\/wp-content\/uploads\/2022\/01\/Logo_Organisator_Website.png","contentUrl":"https:\/\/www.organisator.ch\/wp-content\/uploads\/2022\/01\/Logo_Organisator_Website.png","width":800,"height":77,"caption":"Organisator"},"image":{"@id":"https:\/\/www.organisator.ch\/#\/schema\/logo\/image\/"},"sameAs":["https:\/\/www.facebook.com\/OrganisatorFachmagazin","https:\/\/www.linkedin.com\/showcase\/organisator-das-magazin-fr-kmu","https:\/\/www.xing.com\/news\/pages\/organisator-ch-695","https:\/\/www.youtube.com\/channel\/UCGP2Sq0iWaZwT3BdIAQFYpw"]},{"@type":"Person","@id":"https:\/\/www.organisator.ch\/#\/schema\/person\/4e51799071cd2dd1232ac003643ef5f0","name":"galledia","image":{"@type":"ImageObject","inLanguage":"en-US","@id":"https:\/\/secure.gravatar.com\/avatar\/78a7f90c01fc2bfc875782a0d4922b37cde2cf184ce347b91316d23cd7f69a36?s=96&d=mm&r=g","url":"https:\/\/secure.gravatar.com\/avatar\/78a7f90c01fc2bfc875782a0d4922b37cde2cf184ce347b91316d23cd7f69a36?s=96&d=mm&r=g","contentUrl":"https:\/\/secure.gravatar.com\/avatar\/78a7f90c01fc2bfc875782a0d4922b37cde2cf184ce347b91316d23cd7f69a36?s=96&d=mm&r=g","caption":"galledia"},"sameAs":["https:\/\/x.com\/admin"],"url":"https:\/\/www.organisator.ch\/en\/author\/galledia\/"}]}},"_links":{"self":[{"href":"https:\/\/www.organisator.ch\/en\/wp-json\/wp\/v2\/posts\/12274","targetHints":{"allow":["GET"]}}],"collection":[{"href":"https:\/\/www.organisator.ch\/en\/wp-json\/wp\/v2\/posts"}],"about":[{"href":"https:\/\/www.organisator.ch\/en\/wp-json\/wp\/v2\/types\/post"}],"author":[{"embeddable":true,"href":"https:\/\/www.organisator.ch\/en\/wp-json\/wp\/v2\/users\/8"}],"replies":[{"embeddable":true,"href":"https:\/\/www.organisator.ch\/en\/wp-json\/wp\/v2\/comments?post=12274"}],"version-history":[{"count":3,"href":"https:\/\/www.organisator.ch\/en\/wp-json\/wp\/v2\/posts\/12274\/revisions"}],"predecessor-version":[{"id":12277,"href":"https:\/\/www.organisator.ch\/en\/wp-json\/wp\/v2\/posts\/12274\/revisions\/12277"}],"wp:attachment":[{"href":"https:\/\/www.organisator.ch\/en\/wp-json\/wp\/v2\/media?parent=12274"}],"wp:term":[{"taxonomy":"category","embeddable":true,"href":"https:\/\/www.organisator.ch\/en\/wp-json\/wp\/v2\/categories?post=12274"},{"taxonomy":"post_tag","embeddable":true,"href":"https:\/\/www.organisator.ch\/en\/wp-json\/wp\/v2\/tags?post=12274"}],"curies":[{"name":"wp","href":"https:\/\/api.w.org\/{rel}","templated":true}]}}