{"id":12282,"date":"2022-03-30T15:15:13","date_gmt":"2022-03-30T13:15:13","guid":{"rendered":"https:\/\/www.organisator.ch\/?p=12282"},"modified":"2022-03-30T15:15:13","modified_gmt":"2022-03-30T13:15:13","slug":"anton-stadelmann-we-ceo-of-bluecode","status":"publish","type":"post","link":"https:\/\/www.organisator.ch\/en\/management\/2022-03-30\/anton-stadelmann-wird-ceo-von-bluecode\/","title":{"rendered":"Anton Stadelmann becomes CEO of Bluecode"},"content":{"rendered":"<figure id=\"attachment_12283\" aria-describedby=\"caption-attachment-12283\" style=\"width: 680px\" class=\"wp-caption alignnone\"><img loading=\"lazy\" decoding=\"async\" class=\"size-full wp-image-12283\" src=\"https:\/\/www.organisator.ch\/wp-content\/uploads\/2022\/03\/Anton-Stadelmann-wird-CEO-von-Bluecode_Organisator.jpg\" alt=\"\" width=\"680\" height=\"367\" srcset=\"https:\/\/www.organisator.ch\/wp-content\/uploads\/2022\/03\/Anton-Stadelmann-wird-CEO-von-Bluecode_Organisator.jpg 680w, https:\/\/www.organisator.ch\/wp-content\/uploads\/2022\/03\/Anton-Stadelmann-wird-CEO-von-Bluecode_Organisator-18x10.jpg 18w, https:\/\/www.organisator.ch\/wp-content\/uploads\/2022\/03\/Anton-Stadelmann-wird-CEO-von-Bluecode_Organisator-324x175.jpg 324w, https:\/\/www.organisator.ch\/wp-content\/uploads\/2022\/03\/Anton-Stadelmann-wird-CEO-von-Bluecode_Organisator-649x350.jpg 649w, https:\/\/www.organisator.ch\/wp-content\/uploads\/2022\/03\/Anton-Stadelmann-wird-CEO-von-Bluecode_Organisator-300x162.jpg 300w\" sizes=\"auto, (max-width: 680px) 100vw, 680px\" \/><figcaption id=\"caption-attachment-12283\" class=\"wp-caption-text\">Bluecode Executive Chairman Christian Pirkner (left) and Chief Executive Officer Anton Stadelmann. (\u00a9 Blue Code International AG)<\/figcaption><\/figure>\n<p>Bluecode is growing rapidly. In recent months, more banks and retailers have become partners of Bluecode. Now the company is bringing Anton Stadelmann on board as its new Chief Executive Officer. Anton Stadelmann is a pioneer of European payments and has built up the Swiss payment solution TWINT in recent years and established it as a market leader. Stadelmann was also actively involved in the founding of the European Mobile Payment Systems Association (EMPSA) and led it as Chairman.<\/p>\n<h3>Anton Stadelmann: Experienced in e-payment<\/h3>\n<p>\"Building Bluecode into the leading mobile payment solution that creates a great customer experience together with banks and retailers is something I am passionate about. I am very excited about this new task,\" says Anton Stadelmann.<\/p>\n<p>As Executive Chairman of Bluecode, Christian Pirkner will remain responsible for the strategic direction of the group and will increasingly focus on the development of European payment interoperability. \"I am enormously pleased that we were able to win Anton Stadelmann for Bluecode. He has a lot of experience in European payments and has developed a mobile payment system into a market leader with his convincing work and extensive network. He now brings this expertise to Bluecode, and together we will lead Bluecode into the next phase of growth.\"<\/p>\n<h3><strong>Independent mobile payment solution<\/strong><\/h3>\n<p>For Europe's banks and merchants, Bluecode represents the independent mobile payment solution. In many European countries, banks and merchants have not yet established an account-based mobile payment solution in their own apps. The Bluecode platform enables retailers and the banking industry to implement a technically, legally and commercially independent mobile payment solution quickly and cost-effectively. Bluecode partners retain the master data of their customers, control the customer journey from their own apps and have commercial sovereignty over the business model. At the same time, they benefit from low investment costs and the agile innovation power of the Bluecode platform. Anton Stadelmann sees great potential in Bluecode: \"Bluecode is in an excellent position to attract customers to mobile payments. Bluecode's areas of application are extremely versatile and create added value for users. Bluecode also offers a unique opportunity for banks and retailers to shape the customer experience from within their own apps. I am very excited to grow with Christian and the Bluecode team and bring more application areas to the market.\"<\/p>\n<p><em>Source and further information: <a href=\"http:\/\/www.bluecode.com\">www.bluecode.com<\/a><\/em><\/p>","protected":false},"excerpt":{"rendered":"<p>Bluecode w\u00e4chst rasant. In den letzten Monaten sind weitere Banken und H\u00e4ndler Partner von Bluecode geworden. Jetzt holt das Unternehmen Anton Stadelmann als neuen Chief Executive Officer an Bord. Anton Stadelmann ist ein Pionier des europ\u00e4ischen Payments und hat in den letzten Jahren die Schweizer Payment-L\u00f6sung TWINT aufgebaut und als Marktf\u00fchrer etabliert. Zudem war Stadelmann [&hellip;]<\/p>\n","protected":false},"author":4,"featured_media":12283,"comment_status":"closed","ping_status":"closed","sticky":false,"template":"","format":"standard","meta":{"_acf_changed":false,"_yoast_wpseo_focuskw":"Anton Stadelmann","_yoast_wpseo_metadesc":"Die europ\u00e4ische Payment-L\u00f6sung Bluecode f\u00fchrt ihren Wachstumskurs weiter und ernennt den Ex-TWINT-Vizechef Anton Stadelmann zum neuen CEO.","articlekey":"","footnotes":""},"categories":[28],"tags":[2677,334,381],"class_list":["post-12282","post","type-post","status-publish","format-standard","has-post-thumbnail","hentry","category-management","tag-e-payment","tag-management","tag-personalia"],"acf":[],"yoast_head":"<!-- This site is optimized with the Yoast SEO plugin v27.5 - https:\/\/yoast.com\/product\/yoast-seo-wordpress\/ -->\n<title>Anton Stadelmann wird CEO von Bluecode - Organisator<\/title>\n<meta name=\"description\" content=\"Die europ\u00e4ische Payment-L\u00f6sung Bluecode f\u00fchrt ihren Wachstumskurs weiter und ernennt den Ex-TWINT-Vizechef Anton Stadelmann zum neuen CEO.\" \/>\n<meta name=\"robots\" content=\"index, follow, max-snippet:-1, max-image-preview:large, max-video-preview:-1\" \/>\n<link rel=\"canonical\" href=\"https:\/\/www.organisator.ch\/en\/management\/2022-03-30\/anton-stadelmann-we-ceo-of-bluecode\/\" \/>\n<meta property=\"og:locale\" content=\"en_US\" \/>\n<meta property=\"og:type\" content=\"article\" \/>\n<meta property=\"og:title\" content=\"Anton Stadelmann wird CEO von Bluecode\" \/>\n<meta property=\"og:description\" content=\"Die europ\u00e4ische Payment-L\u00f6sung Bluecode f\u00fchrt ihren Wachstumskurs weiter und ernennt den Ex-TWINT-Vizechef Anton Stadelmann zum neuen CEO.\" \/>\n<meta property=\"og:url\" content=\"https:\/\/www.organisator.ch\/en\/management\/2022-03-30\/anton-stadelmann-we-ceo-of-bluecode\/\" \/>\n<meta property=\"og:site_name\" content=\"Organisator\" \/>\n<meta property=\"article:publisher\" content=\"https:\/\/www.facebook.com\/OrganisatorFachmagazin\" \/>\n<meta property=\"article:published_time\" content=\"2022-03-30T13:15:13+00:00\" \/>\n<meta property=\"og:image\" content=\"https:\/\/www.organisator.ch\/wp-content\/uploads\/2022\/03\/Anton-Stadelmann-wird-CEO-von-Bluecode_Organisator.jpg\" \/>\n\t<meta property=\"og:image:width\" content=\"680\" \/>\n\t<meta property=\"og:image:height\" content=\"367\" \/>\n\t<meta property=\"og:image:type\" content=\"image\/jpeg\" \/>\n<meta name=\"author\" content=\"thomas.berner\" \/>\n<meta name=\"twitter:card\" content=\"summary_large_image\" \/>\n<meta name=\"twitter:title\" content=\"Anton #Stadelmann wird CEO von #Bluecode\" \/>\n<meta name=\"twitter:description\" content=\"Die europ\u00e4ische #Payment-L\u00f6sung #Bluecode f\u00fchrt ihren Wachstumskurs weiter und ernennt den #Ex-TWINT-Vizechef Anton #Stadelmann zum neuen #CEO.\" \/>\n<meta name=\"twitter:image\" content=\"https:\/\/www.organisator.ch\/wp-content\/uploads\/2022\/03\/Anton-Stadelmann-wird-CEO-von-Bluecode_Organisator.jpg\" \/>\n<script type=\"application\/ld+json\" class=\"yoast-schema-graph\">{\"@context\":\"https:\\\/\\\/schema.org\",\"@graph\":[{\"@type\":\"Article\",\"@id\":\"https:\\\/\\\/www.organisator.ch\\\/management\\\/2022-03-30\\\/anton-stadelmann-wird-ceo-von-bluecode\\\/#article\",\"isPartOf\":{\"@id\":\"https:\\\/\\\/www.organisator.ch\\\/management\\\/2022-03-30\\\/anton-stadelmann-wird-ceo-von-bluecode\\\/\"},\"author\":{\"name\":\"thomas.berner\",\"@id\":\"https:\\\/\\\/www.organisator.ch\\\/#\\\/schema\\\/person\\\/6f650f90b2842cd4c0cc334b4e36f67e\"},\"headline\":\"Anton Stadelmann wird CEO von Bluecode\",\"datePublished\":\"2022-03-30T13:15:13+00:00\",\"mainEntityOfPage\":{\"@id\":\"https:\\\/\\\/www.organisator.ch\\\/management\\\/2022-03-30\\\/anton-stadelmann-wird-ceo-von-bluecode\\\/\"},\"wordCount\":441,\"publisher\":{\"@id\":\"https:\\\/\\\/www.organisator.ch\\\/#organization\"},\"image\":{\"@id\":\"https:\\\/\\\/www.organisator.ch\\\/management\\\/2022-03-30\\\/anton-stadelmann-wird-ceo-von-bluecode\\\/#primaryimage\"},\"thumbnailUrl\":\"https:\\\/\\\/www.organisator.ch\\\/wp-content\\\/uploads\\\/2022\\\/03\\\/Anton-Stadelmann-wird-CEO-von-Bluecode_Organisator.jpg\",\"keywords\":[\"E-Payment\",\"Management\",\"Personalia\"],\"articleSection\":[\"MANAGEMENT\"],\"inLanguage\":\"en-US\"},{\"@type\":\"WebPage\",\"@id\":\"https:\\\/\\\/www.organisator.ch\\\/management\\\/2022-03-30\\\/anton-stadelmann-wird-ceo-von-bluecode\\\/\",\"url\":\"https:\\\/\\\/www.organisator.ch\\\/management\\\/2022-03-30\\\/anton-stadelmann-wird-ceo-von-bluecode\\\/\",\"name\":\"Anton Stadelmann wird CEO von Bluecode - Organisator\",\"isPartOf\":{\"@id\":\"https:\\\/\\\/www.organisator.ch\\\/#website\"},\"primaryImageOfPage\":{\"@id\":\"https:\\\/\\\/www.organisator.ch\\\/management\\\/2022-03-30\\\/anton-stadelmann-wird-ceo-von-bluecode\\\/#primaryimage\"},\"image\":{\"@id\":\"https:\\\/\\\/www.organisator.ch\\\/management\\\/2022-03-30\\\/anton-stadelmann-wird-ceo-von-bluecode\\\/#primaryimage\"},\"thumbnailUrl\":\"https:\\\/\\\/www.organisator.ch\\\/wp-content\\\/uploads\\\/2022\\\/03\\\/Anton-Stadelmann-wird-CEO-von-Bluecode_Organisator.jpg\",\"datePublished\":\"2022-03-30T13:15:13+00:00\",\"description\":\"Die europ\u00e4ische Payment-L\u00f6sung Bluecode f\u00fchrt ihren Wachstumskurs weiter und ernennt den Ex-TWINT-Vizechef Anton Stadelmann zum neuen CEO.\",\"breadcrumb\":{\"@id\":\"https:\\\/\\\/www.organisator.ch\\\/management\\\/2022-03-30\\\/anton-stadelmann-wird-ceo-von-bluecode\\\/#breadcrumb\"},\"inLanguage\":\"en-US\",\"potentialAction\":[{\"@type\":\"ReadAction\",\"target\":[\"https:\\\/\\\/www.organisator.ch\\\/management\\\/2022-03-30\\\/anton-stadelmann-wird-ceo-von-bluecode\\\/\"]}]},{\"@type\":\"ImageObject\",\"inLanguage\":\"en-US\",\"@id\":\"https:\\\/\\\/www.organisator.ch\\\/management\\\/2022-03-30\\\/anton-stadelmann-wird-ceo-von-bluecode\\\/#primaryimage\",\"url\":\"https:\\\/\\\/www.organisator.ch\\\/wp-content\\\/uploads\\\/2022\\\/03\\\/Anton-Stadelmann-wird-CEO-von-Bluecode_Organisator.jpg\",\"contentUrl\":\"https:\\\/\\\/www.organisator.ch\\\/wp-content\\\/uploads\\\/2022\\\/03\\\/Anton-Stadelmann-wird-CEO-von-Bluecode_Organisator.jpg\",\"width\":680,\"height\":367,\"caption\":\"Bluecode Executive Chairman Christian Pirkner (li.) und Chief Executive Officer Anton Stadelmann. (\u00a9 Blue Code International AG)\"},{\"@type\":\"BreadcrumbList\",\"@id\":\"https:\\\/\\\/www.organisator.ch\\\/management\\\/2022-03-30\\\/anton-stadelmann-wird-ceo-von-bluecode\\\/#breadcrumb\",\"itemListElement\":[{\"@type\":\"ListItem\",\"position\":1,\"name\":\"Home\",\"item\":\"https:\\\/\\\/www.organisator.ch\\\/\"},{\"@type\":\"ListItem\",\"position\":2,\"name\":\"Anton Stadelmann wird CEO von Bluecode\"}]},{\"@type\":\"WebSite\",\"@id\":\"https:\\\/\\\/www.organisator.ch\\\/#website\",\"url\":\"https:\\\/\\\/www.organisator.ch\\\/\",\"name\":\"Organisator\",\"description\":\"Kompetent. Praxisnah. Der ORGANISATOR bereitet in 10 Ausgaben pro Jahr die wesentlichen Themen f\u00fcr F\u00fchrungskr\u00e4fte von KMU auf.\",\"publisher\":{\"@id\":\"https:\\\/\\\/www.organisator.ch\\\/#organization\"},\"potentialAction\":[{\"@type\":\"SearchAction\",\"target\":{\"@type\":\"EntryPoint\",\"urlTemplate\":\"https:\\\/\\\/www.organisator.ch\\\/?s={search_term_string}\"},\"query-input\":{\"@type\":\"PropertyValueSpecification\",\"valueRequired\":true,\"valueName\":\"search_term_string\"}}],\"inLanguage\":\"en-US\"},{\"@type\":\"Organization\",\"@id\":\"https:\\\/\\\/www.organisator.ch\\\/#organization\",\"name\":\"Organisator\",\"url\":\"https:\\\/\\\/www.organisator.ch\\\/\",\"logo\":{\"@type\":\"ImageObject\",\"inLanguage\":\"en-US\",\"@id\":\"https:\\\/\\\/www.organisator.ch\\\/#\\\/schema\\\/logo\\\/image\\\/\",\"url\":\"https:\\\/\\\/www.organisator.ch\\\/wp-content\\\/uploads\\\/2022\\\/01\\\/Logo_Organisator_Website.png\",\"contentUrl\":\"https:\\\/\\\/www.organisator.ch\\\/wp-content\\\/uploads\\\/2022\\\/01\\\/Logo_Organisator_Website.png\",\"width\":800,\"height\":77,\"caption\":\"Organisator\"},\"image\":{\"@id\":\"https:\\\/\\\/www.organisator.ch\\\/#\\\/schema\\\/logo\\\/image\\\/\"},\"sameAs\":[\"https:\\\/\\\/www.facebook.com\\\/OrganisatorFachmagazin\",\"https:\\\/\\\/www.linkedin.com\\\/showcase\\\/organisator-das-magazin-fr-kmu\",\"https:\\\/\\\/www.xing.com\\\/news\\\/pages\\\/organisator-ch-695\",\"https:\\\/\\\/www.youtube.com\\\/channel\\\/UCGP2Sq0iWaZwT3BdIAQFYpw\"]},{\"@type\":\"Person\",\"@id\":\"https:\\\/\\\/www.organisator.ch\\\/#\\\/schema\\\/person\\\/6f650f90b2842cd4c0cc334b4e36f67e\",\"name\":\"thomas.berner\",\"image\":{\"@type\":\"ImageObject\",\"inLanguage\":\"en-US\",\"@id\":\"https:\\\/\\\/secure.gravatar.com\\\/avatar\\\/ac5001d2a36cb6c6cd3e50789007ffca834b477b74a2144564522e944eabff61?s=96&d=mm&r=g\",\"url\":\"https:\\\/\\\/secure.gravatar.com\\\/avatar\\\/ac5001d2a36cb6c6cd3e50789007ffca834b477b74a2144564522e944eabff61?s=96&d=mm&r=g\",\"contentUrl\":\"https:\\\/\\\/secure.gravatar.com\\\/avatar\\\/ac5001d2a36cb6c6cd3e50789007ffca834b477b74a2144564522e944eabff61?s=96&d=mm&r=g\",\"caption\":\"thomas.berner\"},\"url\":\"https:\\\/\\\/www.organisator.ch\\\/en\\\/author\\\/thomas-berner\\\/\"}]}<\/script>\n<!-- \/ Yoast SEO plugin. -->","yoast_head_json":{"title":"Anton Stadelmann becomes CEO of Bluecode - Organizer","description":"European payment solution Bluecode continues its growth path and appoints ex-TWINT vice president Anton Stadelmann as new CEO.","robots":{"index":"index","follow":"follow","max-snippet":"max-snippet:-1","max-image-preview":"max-image-preview:large","max-video-preview":"max-video-preview:-1"},"canonical":"https:\/\/www.organisator.ch\/en\/management\/2022-03-30\/anton-stadelmann-we-ceo-of-bluecode\/","og_locale":"en_US","og_type":"article","og_title":"Anton Stadelmann wird CEO von Bluecode","og_description":"Die europ\u00e4ische Payment-L\u00f6sung Bluecode f\u00fchrt ihren Wachstumskurs weiter und ernennt den Ex-TWINT-Vizechef Anton Stadelmann zum neuen CEO.","og_url":"https:\/\/www.organisator.ch\/en\/management\/2022-03-30\/anton-stadelmann-we-ceo-of-bluecode\/","og_site_name":"Organisator","article_publisher":"https:\/\/www.facebook.com\/OrganisatorFachmagazin","article_published_time":"2022-03-30T13:15:13+00:00","og_image":[{"width":680,"height":367,"url":"https:\/\/www.organisator.ch\/wp-content\/uploads\/2022\/03\/Anton-Stadelmann-wird-CEO-von-Bluecode_Organisator.jpg","type":"image\/jpeg"}],"author":"thomas.berner","twitter_card":"summary_large_image","twitter_title":"Anton #Stadelmann wird CEO von #Bluecode","twitter_description":"Die europ\u00e4ische #Payment-L\u00f6sung #Bluecode f\u00fchrt ihren Wachstumskurs weiter und ernennt den #Ex-TWINT-Vizechef Anton #Stadelmann zum neuen #CEO.","twitter_image":"https:\/\/www.organisator.ch\/wp-content\/uploads\/2022\/03\/Anton-Stadelmann-wird-CEO-von-Bluecode_Organisator.jpg","schema":{"@context":"https:\/\/schema.org","@graph":[{"@type":"Article","@id":"https:\/\/www.organisator.ch\/management\/2022-03-30\/anton-stadelmann-wird-ceo-von-bluecode\/#article","isPartOf":{"@id":"https:\/\/www.organisator.ch\/management\/2022-03-30\/anton-stadelmann-wird-ceo-von-bluecode\/"},"author":{"name":"thomas.berner","@id":"https:\/\/www.organisator.ch\/#\/schema\/person\/6f650f90b2842cd4c0cc334b4e36f67e"},"headline":"Anton Stadelmann wird CEO von Bluecode","datePublished":"2022-03-30T13:15:13+00:00","mainEntityOfPage":{"@id":"https:\/\/www.organisator.ch\/management\/2022-03-30\/anton-stadelmann-wird-ceo-von-bluecode\/"},"wordCount":441,"publisher":{"@id":"https:\/\/www.organisator.ch\/#organization"},"image":{"@id":"https:\/\/www.organisator.ch\/management\/2022-03-30\/anton-stadelmann-wird-ceo-von-bluecode\/#primaryimage"},"thumbnailUrl":"https:\/\/www.organisator.ch\/wp-content\/uploads\/2022\/03\/Anton-Stadelmann-wird-CEO-von-Bluecode_Organisator.jpg","keywords":["E-Payment","Management","Personalia"],"articleSection":["MANAGEMENT"],"inLanguage":"en-US"},{"@type":"WebPage","@id":"https:\/\/www.organisator.ch\/management\/2022-03-30\/anton-stadelmann-wird-ceo-von-bluecode\/","url":"https:\/\/www.organisator.ch\/management\/2022-03-30\/anton-stadelmann-wird-ceo-von-bluecode\/","name":"Anton Stadelmann becomes CEO of Bluecode - Organizer","isPartOf":{"@id":"https:\/\/www.organisator.ch\/#website"},"primaryImageOfPage":{"@id":"https:\/\/www.organisator.ch\/management\/2022-03-30\/anton-stadelmann-wird-ceo-von-bluecode\/#primaryimage"},"image":{"@id":"https:\/\/www.organisator.ch\/management\/2022-03-30\/anton-stadelmann-wird-ceo-von-bluecode\/#primaryimage"},"thumbnailUrl":"https:\/\/www.organisator.ch\/wp-content\/uploads\/2022\/03\/Anton-Stadelmann-wird-CEO-von-Bluecode_Organisator.jpg","datePublished":"2022-03-30T13:15:13+00:00","description":"European payment solution Bluecode continues its growth path and appoints ex-TWINT vice president Anton Stadelmann as new CEO.","breadcrumb":{"@id":"https:\/\/www.organisator.ch\/management\/2022-03-30\/anton-stadelmann-wird-ceo-von-bluecode\/#breadcrumb"},"inLanguage":"en-US","potentialAction":[{"@type":"ReadAction","target":["https:\/\/www.organisator.ch\/management\/2022-03-30\/anton-stadelmann-wird-ceo-von-bluecode\/"]}]},{"@type":"ImageObject","inLanguage":"en-US","@id":"https:\/\/www.organisator.ch\/management\/2022-03-30\/anton-stadelmann-wird-ceo-von-bluecode\/#primaryimage","url":"https:\/\/www.organisator.ch\/wp-content\/uploads\/2022\/03\/Anton-Stadelmann-wird-CEO-von-Bluecode_Organisator.jpg","contentUrl":"https:\/\/www.organisator.ch\/wp-content\/uploads\/2022\/03\/Anton-Stadelmann-wird-CEO-von-Bluecode_Organisator.jpg","width":680,"height":367,"caption":"Bluecode Executive Chairman Christian Pirkner (li.) und Chief Executive Officer Anton Stadelmann. (\u00a9 Blue Code International AG)"},{"@type":"BreadcrumbList","@id":"https:\/\/www.organisator.ch\/management\/2022-03-30\/anton-stadelmann-wird-ceo-von-bluecode\/#breadcrumb","itemListElement":[{"@type":"ListItem","position":1,"name":"Home","item":"https:\/\/www.organisator.ch\/"},{"@type":"ListItem","position":2,"name":"Anton Stadelmann wird CEO von Bluecode"}]},{"@type":"WebSite","@id":"https:\/\/www.organisator.ch\/#website","url":"https:\/\/www.organisator.ch\/","name":"Organizer","description":"Competent. Practical. In 10 issues per year, ORGANISATOR presents the essential topics for managers of SMEs.","publisher":{"@id":"https:\/\/www.organisator.ch\/#organization"},"potentialAction":[{"@type":"SearchAction","target":{"@type":"EntryPoint","urlTemplate":"https:\/\/www.organisator.ch\/?s={search_term_string}"},"query-input":{"@type":"PropertyValueSpecification","valueRequired":true,"valueName":"search_term_string"}}],"inLanguage":"en-US"},{"@type":"Organization","@id":"https:\/\/www.organisator.ch\/#organization","name":"Organizer","url":"https:\/\/www.organisator.ch\/","logo":{"@type":"ImageObject","inLanguage":"en-US","@id":"https:\/\/www.organisator.ch\/#\/schema\/logo\/image\/","url":"https:\/\/www.organisator.ch\/wp-content\/uploads\/2022\/01\/Logo_Organisator_Website.png","contentUrl":"https:\/\/www.organisator.ch\/wp-content\/uploads\/2022\/01\/Logo_Organisator_Website.png","width":800,"height":77,"caption":"Organisator"},"image":{"@id":"https:\/\/www.organisator.ch\/#\/schema\/logo\/image\/"},"sameAs":["https:\/\/www.facebook.com\/OrganisatorFachmagazin","https:\/\/www.linkedin.com\/showcase\/organisator-das-magazin-fr-kmu","https:\/\/www.xing.com\/news\/pages\/organisator-ch-695","https:\/\/www.youtube.com\/channel\/UCGP2Sq0iWaZwT3BdIAQFYpw"]},{"@type":"Person","@id":"https:\/\/www.organisator.ch\/#\/schema\/person\/6f650f90b2842cd4c0cc334b4e36f67e","name":"thomas.berner","image":{"@type":"ImageObject","inLanguage":"en-US","@id":"https:\/\/secure.gravatar.com\/avatar\/ac5001d2a36cb6c6cd3e50789007ffca834b477b74a2144564522e944eabff61?s=96&d=mm&r=g","url":"https:\/\/secure.gravatar.com\/avatar\/ac5001d2a36cb6c6cd3e50789007ffca834b477b74a2144564522e944eabff61?s=96&d=mm&r=g","contentUrl":"https:\/\/secure.gravatar.com\/avatar\/ac5001d2a36cb6c6cd3e50789007ffca834b477b74a2144564522e944eabff61?s=96&d=mm&r=g","caption":"thomas.berner"},"url":"https:\/\/www.organisator.ch\/en\/author\/thomas-berner\/"}]}},"_links":{"self":[{"href":"https:\/\/www.organisator.ch\/en\/wp-json\/wp\/v2\/posts\/12282","targetHints":{"allow":["GET"]}}],"collection":[{"href":"https:\/\/www.organisator.ch\/en\/wp-json\/wp\/v2\/posts"}],"about":[{"href":"https:\/\/www.organisator.ch\/en\/wp-json\/wp\/v2\/types\/post"}],"author":[{"embeddable":true,"href":"https:\/\/www.organisator.ch\/en\/wp-json\/wp\/v2\/users\/4"}],"replies":[{"embeddable":true,"href":"https:\/\/www.organisator.ch\/en\/wp-json\/wp\/v2\/comments?post=12282"}],"version-history":[{"count":1,"href":"https:\/\/www.organisator.ch\/en\/wp-json\/wp\/v2\/posts\/12282\/revisions"}],"predecessor-version":[{"id":12284,"href":"https:\/\/www.organisator.ch\/en\/wp-json\/wp\/v2\/posts\/12282\/revisions\/12284"}],"wp:featuredmedia":[{"embeddable":true,"href":"https:\/\/www.organisator.ch\/en\/wp-json\/wp\/v2\/media\/12283"}],"wp:attachment":[{"href":"https:\/\/www.organisator.ch\/en\/wp-json\/wp\/v2\/media?parent=12282"}],"wp:term":[{"taxonomy":"category","embeddable":true,"href":"https:\/\/www.organisator.ch\/en\/wp-json\/wp\/v2\/categories?post=12282"},{"taxonomy":"post_tag","embeddable":true,"href":"https:\/\/www.organisator.ch\/en\/wp-json\/wp\/v2\/tags?post=12282"}],"curies":[{"name":"wp","href":"https:\/\/api.w.org\/{rel}","templated":true}]}}