{"id":12285,"date":"2022-03-30T15:33:05","date_gmt":"2022-03-30T13:33:05","guid":{"rendered":"https:\/\/www.m-q.ch\/?p=16108"},"modified":"2022-07-30T14:50:57","modified_gmt":"2022-07-30T12:50:57","slug":"egovernment-rubicon-will-mit-neuem-schweizer-ceo-auch-in-der-privatwirtschaft-wachsen","status":"publish","type":"post","link":"https:\/\/www.organisator.ch\/en\/operational-excellence\/2022-03-30\/egovernment-rubicon-will-mit-neuem-schweizer-ceo-auch-in-der-privatwirtschaft-wachsen\/","title":{"rendered":"eGovernment: RUBICON wants to grow in the private sector with new Swiss CEO"},"content":{"rendered":"<figure id=\"attachment_16109\" class=\"wp-caption alignnone\" style=\"width: 680px\" aria-describedby=\"caption-attachment-16109\"><img class=\"size-full wp-image-16109\" src=\"https:\/\/www.m-q.ch\/wp-content\/uploads\/2022\/03\/eGovernment-RUBICON-will-mit-neuem-Schweizer-CEO-auch-in-der-Privatwirtschaft-wachsen_MQ.jpg\" alt=\"\" width=\"680\" height=\"470\" \/><figcaption id=\"caption-attachment-16109\" class=\"wp-caption-text\">Christoph Unger, Managing Director of RUBICON IT Schweiz AG, wants to bring the success with eGovernment solutions to the private sector. (Image: zVg \/ RUBICON)<\/figcaption><\/figure>\r\nThe Austrian software company RUBICON is one of Europe's leading providers of IT solutions for the digitalization of central business processes in public administrations (eGovernment) as well as in the enterprise sector. With RUBICON IT Schweiz AG, the company has been based in the city of Bern since 2004, where it currently employs nine people. The development of tailor-made IT solutions takes place at the location in Vienna. RUBICON Switzerland draws on specialists from the parent company as needed.\r\n<h2>Successful eGovernment implementations fuel demand<\/h2>\r\n\"Now that we have distinguished ourselves as a digitization partner for the administration, our experience and know-how are increasingly attracting interest from the private sector,\" says Christoph Unger. The 42-year-old was previously responsible for the market development and establishment of Acta Nova for the GEVER system in the Swiss market. \"We support Swiss companies in expanding their digital ability to act from A to Z - from electronic requests to execution and delivery,\" says Unger.\r\n\r\nAs a digitization partner for administration and companies, RUBICON covers a wide range of needs. These include solutions in the area of document and workflow management based on Acta Nova. In addition, there is template and output management with Document Partner, but also high-availability server and application operation, expertise in the areas of databases and networks, as well as auditing and software security via SignPath.\r\n<h2><strong>Federal administration: 26,000 people use RUBICON solution<\/strong><\/h2>\r\nThe company's long-standing customers include the Swiss Federal Railways (SBB), the Zurich Transport Authority (VBZ), and a large number of cantons and cities as well as over 900 Swiss municipalities. Since August 2021, more than 26,000 employees of the Swiss federal administration have been using the RUBICON application Acta Nova nationwide. This runs on GEVER, the federal government's digital platform for business administration, and guarantees uniform and stable document and workflow management. Since then, the processes have been gradually optimized during ongoing operations. In addition, RUBICON is constantly developing the platform further.\r\n\r\nActa Nova allows the digitalization and automation of business processes and offers interfaces to online forms, so that data can be entered easily and quickly and transferred without media breaks. In addition, the software automatically encrypts confidential documents and offers central data storage. At the same time, Acta Nova accelerates, for example, the issuing of permits, the response time to inquiries, increases the traceability of all processes and, last but not least, increases the efficiency of the administration. Since digitization also eliminates transport routes and mountains of paper, the use of Acta Nova also leads to substantial savings.\r\n\r\nSince then, the processes have been gradually optimized during ongoing operations. In addition, the platform is constantly being further developed. Important topics are inbound and outbound management as well as digital interaction with countless business partners.\r\n\r\n<em>Source and information: <a href=\"http:\/\/www.rubicon.eu\/\">www.rubicon.eu<\/a><\/em>\n<p class=\"syndicated-attribution\">This article originally appeared on m-q.ch - <a href=\"https:\/\/www.m-q.ch\/de\/egovernment-rubicon-will-mit-neuem-schweizer-ceo-auch-in-der-privatwirtschaft-wachsen\/\" target=\"_blank\">https:\/\/www.m-q.ch\/de\/egovernment-rubicon-will-mit-neuem-schweizer-ceo-auch-in-der-privatwirtschaft-wachsen\/<\/a><\/p>","protected":false},"excerpt":{"rendered":"<p>Das \u00f6sterreichische Software-Unternehmen RUBICON geh\u00f6rt in Europa zu den f\u00fchrenden Anbietern von IT-L\u00f6sungen f\u00fcr die Digitalisierung zentraler Gesch\u00e4ftsprozesse in \u00f6ffentlichen Verwaltungen (eGovernment) sowie im Enterprise-Bereich. Mit der RUBICON IT Schweiz AG besteht seit 2004 ein Sitz in der Stadt Bern, wo heute neun Mitarbeiter besch\u00e4ftigt sind. Die Entwicklung massgeschneiderter IT-L\u00f6sungen erfolgt am Standort in Wien. [\u2026]<\/p>\n","protected":false},"author":8,"featured_media":0,"comment_status":"closed","ping_status":"closed","sticky":false,"template":"","format":"standard","meta":{"_acf_changed":false,"_yoast_wpseo_focuskw":"RUBICON","_yoast_wpseo_metadesc":"Der Erfolg weckte die Nachfrage nach den Services von RUBICON. Der Spezialist f\u00fcr eGovernment- und Enterprise-L\u00f6sungen hat 2021 seine Anwendung Acta Nova auf dem Gesch\u00e4ftsverwaltungssystem GEVER der Bundesverwaltung implementiert.","articlekey":"","footnotes":""},"categories":[582],"tags":[2771,3187,3184,3188],"class_list":["post-12285","post","type-post","status-publish","format-standard","hentry","category-operational-excellence","tag-bundesverwaltung","tag-egovernment","tag-rubicon","tag-schweizer-ceo"],"acf":[],"yoast_head":"<!-- This site is optimized with the Yoast SEO plugin v27.5 - https:\/\/yoast.com\/product\/yoast-seo-wordpress\/ -->\n<title>eGovernment: RUBICON will mit neuem Schweizer CEO auch in der Privatwirtschaft wachsen - Organisator<\/title>\n<meta name=\"description\" content=\"Der Erfolg weckte die Nachfrage nach den Services von RUBICON. Der Spezialist f\u00fcr eGovernment- und Enterprise-L\u00f6sungen hat 2021 seine Anwendung Acta Nova auf dem Gesch\u00e4ftsverwaltungssystem GEVER der Bundesverwaltung implementiert.\" \/>\n<meta name=\"robots\" content=\"index, follow, max-snippet:-1, max-image-preview:large, max-video-preview:-1\" \/>\n<link rel=\"canonical\" href=\"https:\/\/www.m-q.ch\/de\/egovernment-rubicon-will-mit-neuem-schweizer-ceo-auch-in-der-privatwirtschaft-wachsen\/\" \/>\n<meta property=\"og:locale\" content=\"en_US\" \/>\n<meta property=\"og:type\" content=\"article\" \/>\n<meta property=\"og:title\" content=\"eGovernment: RUBICON will mit neuem Schweizer CEO auch in der Privatwirtschaft wachsen - Organisator\" \/>\n<meta property=\"og:description\" content=\"Der Erfolg weckte die Nachfrage nach den Services von RUBICON. Der Spezialist f\u00fcr eGovernment- und Enterprise-L\u00f6sungen hat 2021 seine Anwendung Acta Nova auf dem Gesch\u00e4ftsverwaltungssystem GEVER der Bundesverwaltung implementiert.\" \/>\n<meta property=\"og:url\" content=\"https:\/\/www.m-q.ch\/de\/egovernment-rubicon-will-mit-neuem-schweizer-ceo-auch-in-der-privatwirtschaft-wachsen\/\" \/>\n<meta property=\"og:site_name\" content=\"Organisator\" \/>\n<meta property=\"article:publisher\" content=\"https:\/\/www.facebook.com\/OrganisatorFachmagazin\" \/>\n<meta property=\"article:published_time\" content=\"2022-03-30T13:33:05+00:00\" \/>\n<meta property=\"article:modified_time\" content=\"2022-07-30T12:50:57+00:00\" \/>\n<meta property=\"og:image\" content=\"https:\/\/www.m-q.ch\/wp-content\/uploads\/2022\/03\/eGovernment-RUBICON-will-mit-neuem-Schweizer-CEO-auch-in-der-Privatwirtschaft-wachsen_MQ.jpg\" \/>\n<meta name=\"author\" content=\"galledia\" \/>\n<meta name=\"twitter:card\" content=\"summary_large_image\" \/>\n<meta name=\"twitter:creator\" content=\"@admin\" \/>\n<script type=\"application\/ld+json\" class=\"yoast-schema-graph\">{\"@context\":\"https:\\\/\\\/schema.org\",\"@graph\":[{\"@type\":\"Article\",\"@id\":\"https:\\\/\\\/www.m-q.ch\\\/de\\\/egovernment-rubicon-will-mit-neuem-schweizer-ceo-auch-in-der-privatwirtschaft-wachsen\\\/#article\",\"isPartOf\":{\"@id\":\"https:\\\/\\\/www.organisator.ch\\\/operational-excellence\\\/2022-03-30\\\/egovernment-rubicon-will-mit-neuem-schweizer-ceo-auch-in-der-privatwirtschaft-wachsen\\\/\"},\"author\":{\"name\":\"galledia\",\"@id\":\"https:\\\/\\\/www.organisator.ch\\\/#\\\/schema\\\/person\\\/4e51799071cd2dd1232ac003643ef5f0\"},\"headline\":\"eGovernment: RUBICON will mit neuem Schweizer CEO auch in der Privatwirtschaft wachsen\",\"datePublished\":\"2022-03-30T13:33:05+00:00\",\"dateModified\":\"2022-07-30T12:50:57+00:00\",\"mainEntityOfPage\":{\"@id\":\"https:\\\/\\\/www.organisator.ch\\\/operational-excellence\\\/2022-03-30\\\/egovernment-rubicon-will-mit-neuem-schweizer-ceo-auch-in-der-privatwirtschaft-wachsen\\\/\"},\"wordCount\":466,\"publisher\":{\"@id\":\"https:\\\/\\\/www.organisator.ch\\\/#organization\"},\"image\":{\"@id\":\"https:\\\/\\\/www.m-q.ch\\\/de\\\/egovernment-rubicon-will-mit-neuem-schweizer-ceo-auch-in-der-privatwirtschaft-wachsen\\\/#primaryimage\"},\"thumbnailUrl\":\"https:\\\/\\\/www.m-q.ch\\\/wp-content\\\/uploads\\\/2022\\\/03\\\/eGovernment-RUBICON-will-mit-neuem-Schweizer-CEO-auch-in-der-Privatwirtschaft-wachsen_MQ.jpg\",\"keywords\":[\"Bundesverwaltung\",\"eGovernment\",\"RUBICON\",\"Schweizer CEO\"],\"articleSection\":[\"OPERATIONAL EXCELLENCE\"],\"inLanguage\":\"en-US\"},{\"@type\":\"WebPage\",\"@id\":\"https:\\\/\\\/www.organisator.ch\\\/operational-excellence\\\/2022-03-30\\\/egovernment-rubicon-will-mit-neuem-schweizer-ceo-auch-in-der-privatwirtschaft-wachsen\\\/\",\"url\":\"https:\\\/\\\/www.m-q.ch\\\/de\\\/egovernment-rubicon-will-mit-neuem-schweizer-ceo-auch-in-der-privatwirtschaft-wachsen\\\/\",\"name\":\"eGovernment: RUBICON will mit neuem Schweizer CEO auch in der Privatwirtschaft wachsen - Organisator\",\"isPartOf\":{\"@id\":\"https:\\\/\\\/www.organisator.ch\\\/#website\"},\"primaryImageOfPage\":{\"@id\":\"https:\\\/\\\/www.m-q.ch\\\/de\\\/egovernment-rubicon-will-mit-neuem-schweizer-ceo-auch-in-der-privatwirtschaft-wachsen\\\/#primaryimage\"},\"image\":{\"@id\":\"https:\\\/\\\/www.m-q.ch\\\/de\\\/egovernment-rubicon-will-mit-neuem-schweizer-ceo-auch-in-der-privatwirtschaft-wachsen\\\/#primaryimage\"},\"thumbnailUrl\":\"https:\\\/\\\/www.m-q.ch\\\/wp-content\\\/uploads\\\/2022\\\/03\\\/eGovernment-RUBICON-will-mit-neuem-Schweizer-CEO-auch-in-der-Privatwirtschaft-wachsen_MQ.jpg\",\"datePublished\":\"2022-03-30T13:33:05+00:00\",\"dateModified\":\"2022-07-30T12:50:57+00:00\",\"description\":\"Der Erfolg weckte die Nachfrage nach den Services von RUBICON. Der Spezialist f\u00fcr eGovernment- und Enterprise-L\u00f6sungen hat 2021 seine Anwendung Acta Nova auf dem Gesch\u00e4ftsverwaltungssystem GEVER der Bundesverwaltung implementiert.\",\"breadcrumb\":{\"@id\":\"https:\\\/\\\/www.m-q.ch\\\/de\\\/egovernment-rubicon-will-mit-neuem-schweizer-ceo-auch-in-der-privatwirtschaft-wachsen\\\/#breadcrumb\"},\"inLanguage\":\"en-US\",\"potentialAction\":[{\"@type\":\"ReadAction\",\"target\":[\"https:\\\/\\\/www.m-q.ch\\\/de\\\/egovernment-rubicon-will-mit-neuem-schweizer-ceo-auch-in-der-privatwirtschaft-wachsen\\\/\"]}]},{\"@type\":\"ImageObject\",\"inLanguage\":\"en-US\",\"@id\":\"https:\\\/\\\/www.m-q.ch\\\/de\\\/egovernment-rubicon-will-mit-neuem-schweizer-ceo-auch-in-der-privatwirtschaft-wachsen\\\/#primaryimage\",\"url\":\"https:\\\/\\\/www.m-q.ch\\\/wp-content\\\/uploads\\\/2022\\\/03\\\/eGovernment-RUBICON-will-mit-neuem-Schweizer-CEO-auch-in-der-Privatwirtschaft-wachsen_MQ.jpg\",\"contentUrl\":\"https:\\\/\\\/www.m-q.ch\\\/wp-content\\\/uploads\\\/2022\\\/03\\\/eGovernment-RUBICON-will-mit-neuem-Schweizer-CEO-auch-in-der-Privatwirtschaft-wachsen_MQ.jpg\"},{\"@type\":\"BreadcrumbList\",\"@id\":\"https:\\\/\\\/www.m-q.ch\\\/de\\\/egovernment-rubicon-will-mit-neuem-schweizer-ceo-auch-in-der-privatwirtschaft-wachsen\\\/#breadcrumb\",\"itemListElement\":[{\"@type\":\"ListItem\",\"position\":1,\"name\":\"Home\",\"item\":\"https:\\\/\\\/www.organisator.ch\\\/\"},{\"@type\":\"ListItem\",\"position\":2,\"name\":\"eGovernment: RUBICON will mit neuem Schweizer CEO auch in der Privatwirtschaft wachsen\"}]},{\"@type\":\"WebSite\",\"@id\":\"https:\\\/\\\/www.organisator.ch\\\/#website\",\"url\":\"https:\\\/\\\/www.organisator.ch\\\/\",\"name\":\"Organisator\",\"description\":\"Kompetent. Praxisnah. Der ORGANISATOR bereitet in 10 Ausgaben pro Jahr die wesentlichen Themen f\u00fcr F\u00fchrungskr\u00e4fte von KMU auf.\",\"publisher\":{\"@id\":\"https:\\\/\\\/www.organisator.ch\\\/#organization\"},\"potentialAction\":[{\"@type\":\"SearchAction\",\"target\":{\"@type\":\"EntryPoint\",\"urlTemplate\":\"https:\\\/\\\/www.organisator.ch\\\/?s={search_term_string}\"},\"query-input\":{\"@type\":\"PropertyValueSpecification\",\"valueRequired\":true,\"valueName\":\"search_term_string\"}}],\"inLanguage\":\"en-US\"},{\"@type\":\"Organization\",\"@id\":\"https:\\\/\\\/www.organisator.ch\\\/#organization\",\"name\":\"Organisator\",\"url\":\"https:\\\/\\\/www.organisator.ch\\\/\",\"logo\":{\"@type\":\"ImageObject\",\"inLanguage\":\"en-US\",\"@id\":\"https:\\\/\\\/www.organisator.ch\\\/#\\\/schema\\\/logo\\\/image\\\/\",\"url\":\"https:\\\/\\\/www.organisator.ch\\\/wp-content\\\/uploads\\\/2022\\\/01\\\/Logo_Organisator_Website.png\",\"contentUrl\":\"https:\\\/\\\/www.organisator.ch\\\/wp-content\\\/uploads\\\/2022\\\/01\\\/Logo_Organisator_Website.png\",\"width\":800,\"height\":77,\"caption\":\"Organisator\"},\"image\":{\"@id\":\"https:\\\/\\\/www.organisator.ch\\\/#\\\/schema\\\/logo\\\/image\\\/\"},\"sameAs\":[\"https:\\\/\\\/www.facebook.com\\\/OrganisatorFachmagazin\",\"https:\\\/\\\/www.linkedin.com\\\/showcase\\\/organisator-das-magazin-fr-kmu\",\"https:\\\/\\\/www.xing.com\\\/news\\\/pages\\\/organisator-ch-695\",\"https:\\\/\\\/www.youtube.com\\\/channel\\\/UCGP2Sq0iWaZwT3BdIAQFYpw\"]},{\"@type\":\"Person\",\"@id\":\"https:\\\/\\\/www.organisator.ch\\\/#\\\/schema\\\/person\\\/4e51799071cd2dd1232ac003643ef5f0\",\"name\":\"galledia\",\"image\":{\"@type\":\"ImageObject\",\"inLanguage\":\"en-US\",\"@id\":\"https:\\\/\\\/secure.gravatar.com\\\/avatar\\\/78a7f90c01fc2bfc875782a0d4922b37cde2cf184ce347b91316d23cd7f69a36?s=96&d=mm&r=g\",\"url\":\"https:\\\/\\\/secure.gravatar.com\\\/avatar\\\/78a7f90c01fc2bfc875782a0d4922b37cde2cf184ce347b91316d23cd7f69a36?s=96&d=mm&r=g\",\"contentUrl\":\"https:\\\/\\\/secure.gravatar.com\\\/avatar\\\/78a7f90c01fc2bfc875782a0d4922b37cde2cf184ce347b91316d23cd7f69a36?s=96&d=mm&r=g\",\"caption\":\"galledia\"},\"sameAs\":[\"https:\\\/\\\/x.com\\\/admin\"],\"url\":\"https:\\\/\\\/www.organisator.ch\\\/en\\\/author\\\/galledia\\\/\"}]}<\/script>\n<!-- \/ Yoast SEO plugin. -->","yoast_head_json":{"title":"eGovernment: RUBICON wants to grow in the private sector with new Swiss CEO - Organizer","description":"The success awakened demand for RUBICON's services. The specialist for eGovernment and enterprise solutions implemented its Acta Nova application on the federal administration's GEVER business management system in 2021.","robots":{"index":"index","follow":"follow","max-snippet":"max-snippet:-1","max-image-preview":"max-image-preview:large","max-video-preview":"max-video-preview:-1"},"canonical":"https:\/\/www.m-q.ch\/de\/egovernment-rubicon-will-mit-neuem-schweizer-ceo-auch-in-der-privatwirtschaft-wachsen\/","og_locale":"en_US","og_type":"article","og_title":"eGovernment: RUBICON will mit neuem Schweizer CEO auch in der Privatwirtschaft wachsen - Organisator","og_description":"Der Erfolg weckte die Nachfrage nach den Services von RUBICON. Der Spezialist f\u00fcr eGovernment- und Enterprise-L\u00f6sungen hat 2021 seine Anwendung Acta Nova auf dem Gesch\u00e4ftsverwaltungssystem GEVER der Bundesverwaltung implementiert.","og_url":"https:\/\/www.m-q.ch\/de\/egovernment-rubicon-will-mit-neuem-schweizer-ceo-auch-in-der-privatwirtschaft-wachsen\/","og_site_name":"Organisator","article_publisher":"https:\/\/www.facebook.com\/OrganisatorFachmagazin","article_published_time":"2022-03-30T13:33:05+00:00","article_modified_time":"2022-07-30T12:50:57+00:00","og_image":[{"url":"https:\/\/www.m-q.ch\/wp-content\/uploads\/2022\/03\/eGovernment-RUBICON-will-mit-neuem-Schweizer-CEO-auch-in-der-Privatwirtschaft-wachsen_MQ.jpg","type":"","width":"","height":""}],"author":"galledia","twitter_card":"summary_large_image","twitter_creator":"@admin","schema":{"@context":"https:\/\/schema.org","@graph":[{"@type":"Article","@id":"https:\/\/www.m-q.ch\/de\/egovernment-rubicon-will-mit-neuem-schweizer-ceo-auch-in-der-privatwirtschaft-wachsen\/#article","isPartOf":{"@id":"https:\/\/www.organisator.ch\/operational-excellence\/2022-03-30\/egovernment-rubicon-will-mit-neuem-schweizer-ceo-auch-in-der-privatwirtschaft-wachsen\/"},"author":{"name":"galledia","@id":"https:\/\/www.organisator.ch\/#\/schema\/person\/4e51799071cd2dd1232ac003643ef5f0"},"headline":"eGovernment: RUBICON will mit neuem Schweizer CEO auch in der Privatwirtschaft wachsen","datePublished":"2022-03-30T13:33:05+00:00","dateModified":"2022-07-30T12:50:57+00:00","mainEntityOfPage":{"@id":"https:\/\/www.organisator.ch\/operational-excellence\/2022-03-30\/egovernment-rubicon-will-mit-neuem-schweizer-ceo-auch-in-der-privatwirtschaft-wachsen\/"},"wordCount":466,"publisher":{"@id":"https:\/\/www.organisator.ch\/#organization"},"image":{"@id":"https:\/\/www.m-q.ch\/de\/egovernment-rubicon-will-mit-neuem-schweizer-ceo-auch-in-der-privatwirtschaft-wachsen\/#primaryimage"},"thumbnailUrl":"https:\/\/www.m-q.ch\/wp-content\/uploads\/2022\/03\/eGovernment-RUBICON-will-mit-neuem-Schweizer-CEO-auch-in-der-Privatwirtschaft-wachsen_MQ.jpg","keywords":["Bundesverwaltung","eGovernment","RUBICON","Schweizer CEO"],"articleSection":["OPERATIONAL EXCELLENCE"],"inLanguage":"en-US"},{"@type":"WebPage","@id":"https:\/\/www.organisator.ch\/operational-excellence\/2022-03-30\/egovernment-rubicon-will-mit-neuem-schweizer-ceo-auch-in-der-privatwirtschaft-wachsen\/","url":"https:\/\/www.m-q.ch\/de\/egovernment-rubicon-will-mit-neuem-schweizer-ceo-auch-in-der-privatwirtschaft-wachsen\/","name":"eGovernment: RUBICON wants to grow in the private sector with new Swiss CEO - Organizer","isPartOf":{"@id":"https:\/\/www.organisator.ch\/#website"},"primaryImageOfPage":{"@id":"https:\/\/www.m-q.ch\/de\/egovernment-rubicon-will-mit-neuem-schweizer-ceo-auch-in-der-privatwirtschaft-wachsen\/#primaryimage"},"image":{"@id":"https:\/\/www.m-q.ch\/de\/egovernment-rubicon-will-mit-neuem-schweizer-ceo-auch-in-der-privatwirtschaft-wachsen\/#primaryimage"},"thumbnailUrl":"https:\/\/www.m-q.ch\/wp-content\/uploads\/2022\/03\/eGovernment-RUBICON-will-mit-neuem-Schweizer-CEO-auch-in-der-Privatwirtschaft-wachsen_MQ.jpg","datePublished":"2022-03-30T13:33:05+00:00","dateModified":"2022-07-30T12:50:57+00:00","description":"The success awakened demand for RUBICON's services. The specialist for eGovernment and enterprise solutions implemented its Acta Nova application on the federal administration's GEVER business management system in 2021.","breadcrumb":{"@id":"https:\/\/www.m-q.ch\/de\/egovernment-rubicon-will-mit-neuem-schweizer-ceo-auch-in-der-privatwirtschaft-wachsen\/#breadcrumb"},"inLanguage":"en-US","potentialAction":[{"@type":"ReadAction","target":["https:\/\/www.m-q.ch\/de\/egovernment-rubicon-will-mit-neuem-schweizer-ceo-auch-in-der-privatwirtschaft-wachsen\/"]}]},{"@type":"ImageObject","inLanguage":"en-US","@id":"https:\/\/www.m-q.ch\/de\/egovernment-rubicon-will-mit-neuem-schweizer-ceo-auch-in-der-privatwirtschaft-wachsen\/#primaryimage","url":"https:\/\/www.m-q.ch\/wp-content\/uploads\/2022\/03\/eGovernment-RUBICON-will-mit-neuem-Schweizer-CEO-auch-in-der-Privatwirtschaft-wachsen_MQ.jpg","contentUrl":"https:\/\/www.m-q.ch\/wp-content\/uploads\/2022\/03\/eGovernment-RUBICON-will-mit-neuem-Schweizer-CEO-auch-in-der-Privatwirtschaft-wachsen_MQ.jpg"},{"@type":"BreadcrumbList","@id":"https:\/\/www.m-q.ch\/de\/egovernment-rubicon-will-mit-neuem-schweizer-ceo-auch-in-der-privatwirtschaft-wachsen\/#breadcrumb","itemListElement":[{"@type":"ListItem","position":1,"name":"Home","item":"https:\/\/www.organisator.ch\/"},{"@type":"ListItem","position":2,"name":"eGovernment: RUBICON will mit neuem Schweizer CEO auch in der Privatwirtschaft wachsen"}]},{"@type":"WebSite","@id":"https:\/\/www.organisator.ch\/#website","url":"https:\/\/www.organisator.ch\/","name":"Organizer","description":"Competent. Practical. In 10 issues per year, ORGANISATOR presents the essential topics for managers of SMEs.","publisher":{"@id":"https:\/\/www.organisator.ch\/#organization"},"potentialAction":[{"@type":"SearchAction","target":{"@type":"EntryPoint","urlTemplate":"https:\/\/www.organisator.ch\/?s={search_term_string}"},"query-input":{"@type":"PropertyValueSpecification","valueRequired":true,"valueName":"search_term_string"}}],"inLanguage":"en-US"},{"@type":"Organization","@id":"https:\/\/www.organisator.ch\/#organization","name":"Organizer","url":"https:\/\/www.organisator.ch\/","logo":{"@type":"ImageObject","inLanguage":"en-US","@id":"https:\/\/www.organisator.ch\/#\/schema\/logo\/image\/","url":"https:\/\/www.organisator.ch\/wp-content\/uploads\/2022\/01\/Logo_Organisator_Website.png","contentUrl":"https:\/\/www.organisator.ch\/wp-content\/uploads\/2022\/01\/Logo_Organisator_Website.png","width":800,"height":77,"caption":"Organisator"},"image":{"@id":"https:\/\/www.organisator.ch\/#\/schema\/logo\/image\/"},"sameAs":["https:\/\/www.facebook.com\/OrganisatorFachmagazin","https:\/\/www.linkedin.com\/showcase\/organisator-das-magazin-fr-kmu","https:\/\/www.xing.com\/news\/pages\/organisator-ch-695","https:\/\/www.youtube.com\/channel\/UCGP2Sq0iWaZwT3BdIAQFYpw"]},{"@type":"Person","@id":"https:\/\/www.organisator.ch\/#\/schema\/person\/4e51799071cd2dd1232ac003643ef5f0","name":"galledia","image":{"@type":"ImageObject","inLanguage":"en-US","@id":"https:\/\/secure.gravatar.com\/avatar\/78a7f90c01fc2bfc875782a0d4922b37cde2cf184ce347b91316d23cd7f69a36?s=96&d=mm&r=g","url":"https:\/\/secure.gravatar.com\/avatar\/78a7f90c01fc2bfc875782a0d4922b37cde2cf184ce347b91316d23cd7f69a36?s=96&d=mm&r=g","contentUrl":"https:\/\/secure.gravatar.com\/avatar\/78a7f90c01fc2bfc875782a0d4922b37cde2cf184ce347b91316d23cd7f69a36?s=96&d=mm&r=g","caption":"galledia"},"sameAs":["https:\/\/x.com\/admin"],"url":"https:\/\/www.organisator.ch\/en\/author\/galledia\/"}]}},"_links":{"self":[{"href":"https:\/\/www.organisator.ch\/en\/wp-json\/wp\/v2\/posts\/12285","targetHints":{"allow":["GET"]}}],"collection":[{"href":"https:\/\/www.organisator.ch\/en\/wp-json\/wp\/v2\/posts"}],"about":[{"href":"https:\/\/www.organisator.ch\/en\/wp-json\/wp\/v2\/types\/post"}],"author":[{"embeddable":true,"href":"https:\/\/www.organisator.ch\/en\/wp-json\/wp\/v2\/users\/8"}],"replies":[{"embeddable":true,"href":"https:\/\/www.organisator.ch\/en\/wp-json\/wp\/v2\/comments?post=12285"}],"version-history":[{"count":4,"href":"https:\/\/www.organisator.ch\/en\/wp-json\/wp\/v2\/posts\/12285\/revisions"}],"predecessor-version":[{"id":16016,"href":"https:\/\/www.organisator.ch\/en\/wp-json\/wp\/v2\/posts\/12285\/revisions\/16016"}],"wp:attachment":[{"href":"https:\/\/www.organisator.ch\/en\/wp-json\/wp\/v2\/media?parent=12285"}],"wp:term":[{"taxonomy":"category","embeddable":true,"href":"https:\/\/www.organisator.ch\/en\/wp-json\/wp\/v2\/categories?post=12285"},{"taxonomy":"post_tag","embeddable":true,"href":"https:\/\/www.organisator.ch\/en\/wp-json\/wp\/v2\/tags?post=12285"}],"curies":[{"name":"wp","href":"https:\/\/api.w.org\/{rel}","templated":true}]}}