{"id":12346,"date":"2022-04-01T16:23:48","date_gmt":"2022-04-01T14:23:48","guid":{"rendered":"https:\/\/www.m-q.ch\/?p=16117"},"modified":"2022-07-30T15:01:42","modified_gmt":"2022-07-30T13:01:42","slug":"allianz-digitale-transformation-im-gesundheitswesen-neu-als-verein","status":"publish","type":"post","link":"https:\/\/www.organisator.ch\/en\/operational-excellence\/2022-04-01\/allianz-digitale-transformation-im-gesundheitswesen-neu-als-verein\/","title":{"rendered":"Alliance \"Digital Transformation in Healthcare\" new as an association"},"content":{"rendered":"<figure id=\"attachment_16118\" class=\"wp-caption alignnone\" style=\"width: 680px\" aria-describedby=\"caption-attachment-16118\"><img class=\"alignnone wp-image-16118 size-full\" src=\"https:\/\/www.m-q.ch\/wp-content\/uploads\/2022\/04\/Allianz-Digitale-Transformation-im-Gesundheitswesen-neu-als-Verein_MQ.jpg\" alt=\"Healthcare\" width=\"680\" height=\"443\" \/><figcaption id=\"caption-attachment-16118\" class=\"wp-caption-text\">There's still a lot of paperwork: the digital transformation in healthcare still needs a lot of work - especially at the political level. (Image: Depositphotos.com)<\/figcaption><\/figure>\r\nTransmission of Corona data by fax, no progress with the electronic patient dossier, security problems on healthcare websites: The digital transformation backlog in healthcare is significant. Leading associations have now called for the <a href=\"https:\/\/www.m-q.ch\/de\/allianz-digitale-transformation-im-gesundheitswesen-gegruendet\/\">Alliance \"Digital Transformation in Healthcare<\/a> newly founded as an association according to Art. 60ff. ZGB: They develop joint positions that are submitted to the political arena. Four working groups started their work last year: the working groups \"EPD\", \"Health Data Ecosystems\", \"Semantics &amp; Interoperability\" and \"Economic Incentives\".\r\n\r\nThe Federal Council will make a directional decision on the revision of the electronic patient dossier in mid-April. The Alliance has communicated to the Federal Council the most important adjustments from the point of view of the associations, which were developed in the \"EPD\" working group. The \"Digital Transformation in Healthcare\" alliance proposes short-term and medium-term measures.\r\n\r\n\"Policymakers are dependent on input from practitioners when it comes to innovative topics such as digital transformation in healthcare. It is neither sensible nor possible to build up the necessary expertise within the administration,\" says Anna Hitz, co-president of the alliance. \"We call on the Federal Council to resume the participatory process that the FOPH exemplified during the pre-parliamentary phase of the EPDG,\" says Alexander Zimmer, MD, co-president of the Alliance. \"Experts from the field must be involved in the revision of the EPDG so that we can benefit from practical experience from home and abroad. The implementation must finally be practical,\" says the third co-president Ulrich Schaefer.\r\n\r\nAt the founding meeting, the statutes were approved, a co-presidency and a board of directors were elected. The members were informed about the status of the work of the working groups and about the next steps of the newly founded association. The founding members of the Alliance for Digital Transformation in Healthcare association are: ASPS, ASSGP, Axsana, economiesuisse, FMH, GS1 Switzerland, Geliko, HL7, IG eHealth, IHE Suisse, Interpharma, Lungenliga Schweiz, mfe, pharmaSuisse, Schweizerischer Drogistenverband, Scienceindustries, SVDE, Swiss Medtech, Vips.\r\n\r\n<em>Source and further information: <\/em><em><a href=\"http:\/\/www.ig-ehealth.ch\/\">www.ig-ehealth.ch<\/a><\/em>\n<p class=\"syndicated-attribution\">This article originally appeared on m-q.ch - <a href=\"https:\/\/www.m-q.ch\/de\/allianz-digitale-transformation-im-gesundheitswesen-neu-als-verein\/\" target=\"_blank\">https:\/\/www.m-q.ch\/de\/allianz-digitale-transformation-im-gesundheitswesen-neu-als-verein\/<\/a><\/p>","protected":false},"excerpt":{"rendered":"<p>\u00dcbertragung von Corona-Daten per Fax, mit dem elektronischen Patientendossier geht es nicht vorw\u00e4rts, Sicherheitsprobleme auf Gesundheits-Websites: Der R\u00fcckstand bei der digitalen Transformation im Gesundheitswesen ist betr\u00e4chtlich. F\u00fchrende Verb\u00e4nde haben nun die Allianz \u00abDigitale Transformation im Gesundheitswesen\u00bb neu als Verein nach Art. 60ff. ZGB gegr\u00fcndet: Sie erarbeiten gemeinsame Positionen, die der Politik unterbreitet werden. Vier Arbeitsgruppen [\u2026]<\/p>\n","protected":false},"author":8,"featured_media":0,"comment_status":"closed","ping_status":"closed","sticky":false,"template":"","format":"standard","meta":{"_acf_changed":false,"_yoast_wpseo_focuskw":"Gesundheitswesen","_yoast_wpseo_metadesc":"Die im M\u00e4rz 2021 gegr\u00fcndete Allianz \u00abDigitale Transformation im Gesundheitswesen\u00bb wird neu in eine Vereinsstruktur \u00fcberf\u00fchrt.","articlekey":"","footnotes":""},"categories":[582],"tags":[694,2780,2732,2443],"class_list":["post-12346","post","type-post","status-publish","format-standard","hentry","category-operational-excellence","tag-allianz","tag-gesundheitspolitik","tag-gesundheitswesen","tag-verein"],"acf":[],"yoast_head":"<!-- This site is optimized with the Yoast SEO plugin v27.5 - https:\/\/yoast.com\/product\/yoast-seo-wordpress\/ -->\n<title>Allianz \u00abDigitale Transformation im Gesundheitswesen\u00bb neu als Verein - Organisator<\/title>\n<meta name=\"description\" content=\"Die im M\u00e4rz 2021 gegr\u00fcndete Allianz \u00abDigitale Transformation im Gesundheitswesen\u00bb wird neu in eine Vereinsstruktur \u00fcberf\u00fchrt.\" \/>\n<meta name=\"robots\" content=\"index, follow, max-snippet:-1, max-image-preview:large, max-video-preview:-1\" \/>\n<link rel=\"canonical\" href=\"https:\/\/www.m-q.ch\/de\/allianz-digitale-transformation-im-gesundheitswesen-neu-als-verein\/\" \/>\n<meta property=\"og:locale\" content=\"en_US\" \/>\n<meta property=\"og:type\" content=\"article\" \/>\n<meta property=\"og:title\" content=\"Allianz \u00abDigitale Transformation im Gesundheitswesen\u00bb neu als Verein - Organisator\" \/>\n<meta property=\"og:description\" content=\"Die im M\u00e4rz 2021 gegr\u00fcndete Allianz \u00abDigitale Transformation im Gesundheitswesen\u00bb wird neu in eine Vereinsstruktur \u00fcberf\u00fchrt.\" \/>\n<meta property=\"og:url\" content=\"https:\/\/www.m-q.ch\/de\/allianz-digitale-transformation-im-gesundheitswesen-neu-als-verein\/\" \/>\n<meta property=\"og:site_name\" content=\"Organisator\" \/>\n<meta property=\"article:publisher\" content=\"https:\/\/www.facebook.com\/OrganisatorFachmagazin\" \/>\n<meta property=\"article:published_time\" content=\"2022-04-01T14:23:48+00:00\" \/>\n<meta property=\"article:modified_time\" content=\"2022-07-30T13:01:42+00:00\" \/>\n<meta property=\"og:image\" content=\"https:\/\/www.m-q.ch\/wp-content\/uploads\/2022\/04\/Allianz-Digitale-Transformation-im-Gesundheitswesen-neu-als-Verein_MQ.jpg\" \/>\n<meta name=\"author\" content=\"galledia\" \/>\n<meta name=\"twitter:card\" content=\"summary_large_image\" \/>\n<meta name=\"twitter:creator\" content=\"@admin\" \/>\n<script type=\"application\/ld+json\" class=\"yoast-schema-graph\">{\"@context\":\"https:\\\/\\\/schema.org\",\"@graph\":[{\"@type\":\"Article\",\"@id\":\"https:\\\/\\\/www.m-q.ch\\\/de\\\/allianz-digitale-transformation-im-gesundheitswesen-neu-als-verein\\\/#article\",\"isPartOf\":{\"@id\":\"https:\\\/\\\/www.organisator.ch\\\/operational-excellence\\\/2022-04-01\\\/allianz-digitale-transformation-im-gesundheitswesen-neu-als-verein\\\/\"},\"author\":{\"name\":\"galledia\",\"@id\":\"https:\\\/\\\/www.organisator.ch\\\/#\\\/schema\\\/person\\\/4e51799071cd2dd1232ac003643ef5f0\"},\"headline\":\"Allianz \u00abDigitale Transformation im Gesundheitswesen\u00bb neu als Verein\",\"datePublished\":\"2022-04-01T14:23:48+00:00\",\"dateModified\":\"2022-07-30T13:01:42+00:00\",\"mainEntityOfPage\":{\"@id\":\"https:\\\/\\\/www.organisator.ch\\\/operational-excellence\\\/2022-04-01\\\/allianz-digitale-transformation-im-gesundheitswesen-neu-als-verein\\\/\"},\"wordCount\":355,\"publisher\":{\"@id\":\"https:\\\/\\\/www.organisator.ch\\\/#organization\"},\"image\":{\"@id\":\"https:\\\/\\\/www.m-q.ch\\\/de\\\/allianz-digitale-transformation-im-gesundheitswesen-neu-als-verein\\\/#primaryimage\"},\"thumbnailUrl\":\"https:\\\/\\\/www.m-q.ch\\\/wp-content\\\/uploads\\\/2022\\\/04\\\/Allianz-Digitale-Transformation-im-Gesundheitswesen-neu-als-Verein_MQ.jpg\",\"keywords\":[\"Allianz\",\"Gesundheitspolitik\",\"Gesundheitswesen\",\"Verein\"],\"articleSection\":[\"OPERATIONAL EXCELLENCE\"],\"inLanguage\":\"en-US\"},{\"@type\":\"WebPage\",\"@id\":\"https:\\\/\\\/www.organisator.ch\\\/operational-excellence\\\/2022-04-01\\\/allianz-digitale-transformation-im-gesundheitswesen-neu-als-verein\\\/\",\"url\":\"https:\\\/\\\/www.m-q.ch\\\/de\\\/allianz-digitale-transformation-im-gesundheitswesen-neu-als-verein\\\/\",\"name\":\"Allianz \u00abDigitale Transformation im Gesundheitswesen\u00bb neu als Verein - Organisator\",\"isPartOf\":{\"@id\":\"https:\\\/\\\/www.organisator.ch\\\/#website\"},\"primaryImageOfPage\":{\"@id\":\"https:\\\/\\\/www.m-q.ch\\\/de\\\/allianz-digitale-transformation-im-gesundheitswesen-neu-als-verein\\\/#primaryimage\"},\"image\":{\"@id\":\"https:\\\/\\\/www.m-q.ch\\\/de\\\/allianz-digitale-transformation-im-gesundheitswesen-neu-als-verein\\\/#primaryimage\"},\"thumbnailUrl\":\"https:\\\/\\\/www.m-q.ch\\\/wp-content\\\/uploads\\\/2022\\\/04\\\/Allianz-Digitale-Transformation-im-Gesundheitswesen-neu-als-Verein_MQ.jpg\",\"datePublished\":\"2022-04-01T14:23:48+00:00\",\"dateModified\":\"2022-07-30T13:01:42+00:00\",\"description\":\"Die im M\u00e4rz 2021 gegr\u00fcndete Allianz \u00abDigitale Transformation im Gesundheitswesen\u00bb wird neu in eine Vereinsstruktur \u00fcberf\u00fchrt.\",\"breadcrumb\":{\"@id\":\"https:\\\/\\\/www.m-q.ch\\\/de\\\/allianz-digitale-transformation-im-gesundheitswesen-neu-als-verein\\\/#breadcrumb\"},\"inLanguage\":\"en-US\",\"potentialAction\":[{\"@type\":\"ReadAction\",\"target\":[\"https:\\\/\\\/www.m-q.ch\\\/de\\\/allianz-digitale-transformation-im-gesundheitswesen-neu-als-verein\\\/\"]}]},{\"@type\":\"ImageObject\",\"inLanguage\":\"en-US\",\"@id\":\"https:\\\/\\\/www.m-q.ch\\\/de\\\/allianz-digitale-transformation-im-gesundheitswesen-neu-als-verein\\\/#primaryimage\",\"url\":\"https:\\\/\\\/www.m-q.ch\\\/wp-content\\\/uploads\\\/2022\\\/04\\\/Allianz-Digitale-Transformation-im-Gesundheitswesen-neu-als-Verein_MQ.jpg\",\"contentUrl\":\"https:\\\/\\\/www.m-q.ch\\\/wp-content\\\/uploads\\\/2022\\\/04\\\/Allianz-Digitale-Transformation-im-Gesundheitswesen-neu-als-Verein_MQ.jpg\"},{\"@type\":\"BreadcrumbList\",\"@id\":\"https:\\\/\\\/www.m-q.ch\\\/de\\\/allianz-digitale-transformation-im-gesundheitswesen-neu-als-verein\\\/#breadcrumb\",\"itemListElement\":[{\"@type\":\"ListItem\",\"position\":1,\"name\":\"Home\",\"item\":\"https:\\\/\\\/www.organisator.ch\\\/\"},{\"@type\":\"ListItem\",\"position\":2,\"name\":\"Allianz \u00abDigitale Transformation im Gesundheitswesen\u00bb neu als Verein\"}]},{\"@type\":\"WebSite\",\"@id\":\"https:\\\/\\\/www.organisator.ch\\\/#website\",\"url\":\"https:\\\/\\\/www.organisator.ch\\\/\",\"name\":\"Organisator\",\"description\":\"Kompetent. Praxisnah. Der ORGANISATOR bereitet in 10 Ausgaben pro Jahr die wesentlichen Themen f\u00fcr F\u00fchrungskr\u00e4fte von KMU auf.\",\"publisher\":{\"@id\":\"https:\\\/\\\/www.organisator.ch\\\/#organization\"},\"potentialAction\":[{\"@type\":\"SearchAction\",\"target\":{\"@type\":\"EntryPoint\",\"urlTemplate\":\"https:\\\/\\\/www.organisator.ch\\\/?s={search_term_string}\"},\"query-input\":{\"@type\":\"PropertyValueSpecification\",\"valueRequired\":true,\"valueName\":\"search_term_string\"}}],\"inLanguage\":\"en-US\"},{\"@type\":\"Organization\",\"@id\":\"https:\\\/\\\/www.organisator.ch\\\/#organization\",\"name\":\"Organisator\",\"url\":\"https:\\\/\\\/www.organisator.ch\\\/\",\"logo\":{\"@type\":\"ImageObject\",\"inLanguage\":\"en-US\",\"@id\":\"https:\\\/\\\/www.organisator.ch\\\/#\\\/schema\\\/logo\\\/image\\\/\",\"url\":\"https:\\\/\\\/www.organisator.ch\\\/wp-content\\\/uploads\\\/2022\\\/01\\\/Logo_Organisator_Website.png\",\"contentUrl\":\"https:\\\/\\\/www.organisator.ch\\\/wp-content\\\/uploads\\\/2022\\\/01\\\/Logo_Organisator_Website.png\",\"width\":800,\"height\":77,\"caption\":\"Organisator\"},\"image\":{\"@id\":\"https:\\\/\\\/www.organisator.ch\\\/#\\\/schema\\\/logo\\\/image\\\/\"},\"sameAs\":[\"https:\\\/\\\/www.facebook.com\\\/OrganisatorFachmagazin\",\"https:\\\/\\\/www.linkedin.com\\\/showcase\\\/organisator-das-magazin-fr-kmu\",\"https:\\\/\\\/www.xing.com\\\/news\\\/pages\\\/organisator-ch-695\",\"https:\\\/\\\/www.youtube.com\\\/channel\\\/UCGP2Sq0iWaZwT3BdIAQFYpw\"]},{\"@type\":\"Person\",\"@id\":\"https:\\\/\\\/www.organisator.ch\\\/#\\\/schema\\\/person\\\/4e51799071cd2dd1232ac003643ef5f0\",\"name\":\"galledia\",\"image\":{\"@type\":\"ImageObject\",\"inLanguage\":\"en-US\",\"@id\":\"https:\\\/\\\/secure.gravatar.com\\\/avatar\\\/78a7f90c01fc2bfc875782a0d4922b37cde2cf184ce347b91316d23cd7f69a36?s=96&d=mm&r=g\",\"url\":\"https:\\\/\\\/secure.gravatar.com\\\/avatar\\\/78a7f90c01fc2bfc875782a0d4922b37cde2cf184ce347b91316d23cd7f69a36?s=96&d=mm&r=g\",\"contentUrl\":\"https:\\\/\\\/secure.gravatar.com\\\/avatar\\\/78a7f90c01fc2bfc875782a0d4922b37cde2cf184ce347b91316d23cd7f69a36?s=96&d=mm&r=g\",\"caption\":\"galledia\"},\"sameAs\":[\"https:\\\/\\\/x.com\\\/admin\"],\"url\":\"https:\\\/\\\/www.organisator.ch\\\/en\\\/author\\\/galledia\\\/\"}]}<\/script>\n<!-- \/ Yoast SEO plugin. -->","yoast_head_json":{"title":"Alliance \"Digital Transformation in Healthcare\" new as association - organizer","description":"The \"Digital Transformation in Healthcare\" alliance, founded in March 2021, will be newly transformed into an association structure.","robots":{"index":"index","follow":"follow","max-snippet":"max-snippet:-1","max-image-preview":"max-image-preview:large","max-video-preview":"max-video-preview:-1"},"canonical":"https:\/\/www.m-q.ch\/de\/allianz-digitale-transformation-im-gesundheitswesen-neu-als-verein\/","og_locale":"en_US","og_type":"article","og_title":"Allianz \u00abDigitale Transformation im Gesundheitswesen\u00bb neu als Verein - Organisator","og_description":"Die im M\u00e4rz 2021 gegr\u00fcndete Allianz \u00abDigitale Transformation im Gesundheitswesen\u00bb wird neu in eine Vereinsstruktur \u00fcberf\u00fchrt.","og_url":"https:\/\/www.m-q.ch\/de\/allianz-digitale-transformation-im-gesundheitswesen-neu-als-verein\/","og_site_name":"Organisator","article_publisher":"https:\/\/www.facebook.com\/OrganisatorFachmagazin","article_published_time":"2022-04-01T14:23:48+00:00","article_modified_time":"2022-07-30T13:01:42+00:00","og_image":[{"url":"https:\/\/www.m-q.ch\/wp-content\/uploads\/2022\/04\/Allianz-Digitale-Transformation-im-Gesundheitswesen-neu-als-Verein_MQ.jpg","type":"","width":"","height":""}],"author":"galledia","twitter_card":"summary_large_image","twitter_creator":"@admin","schema":{"@context":"https:\/\/schema.org","@graph":[{"@type":"Article","@id":"https:\/\/www.m-q.ch\/de\/allianz-digitale-transformation-im-gesundheitswesen-neu-als-verein\/#article","isPartOf":{"@id":"https:\/\/www.organisator.ch\/operational-excellence\/2022-04-01\/allianz-digitale-transformation-im-gesundheitswesen-neu-als-verein\/"},"author":{"name":"galledia","@id":"https:\/\/www.organisator.ch\/#\/schema\/person\/4e51799071cd2dd1232ac003643ef5f0"},"headline":"Allianz \u00abDigitale Transformation im Gesundheitswesen\u00bb neu als Verein","datePublished":"2022-04-01T14:23:48+00:00","dateModified":"2022-07-30T13:01:42+00:00","mainEntityOfPage":{"@id":"https:\/\/www.organisator.ch\/operational-excellence\/2022-04-01\/allianz-digitale-transformation-im-gesundheitswesen-neu-als-verein\/"},"wordCount":355,"publisher":{"@id":"https:\/\/www.organisator.ch\/#organization"},"image":{"@id":"https:\/\/www.m-q.ch\/de\/allianz-digitale-transformation-im-gesundheitswesen-neu-als-verein\/#primaryimage"},"thumbnailUrl":"https:\/\/www.m-q.ch\/wp-content\/uploads\/2022\/04\/Allianz-Digitale-Transformation-im-Gesundheitswesen-neu-als-Verein_MQ.jpg","keywords":["Allianz","Gesundheitspolitik","Gesundheitswesen","Verein"],"articleSection":["OPERATIONAL EXCELLENCE"],"inLanguage":"en-US"},{"@type":"WebPage","@id":"https:\/\/www.organisator.ch\/operational-excellence\/2022-04-01\/allianz-digitale-transformation-im-gesundheitswesen-neu-als-verein\/","url":"https:\/\/www.m-q.ch\/de\/allianz-digitale-transformation-im-gesundheitswesen-neu-als-verein\/","name":"Alliance \"Digital Transformation in Healthcare\" new as association - organizer","isPartOf":{"@id":"https:\/\/www.organisator.ch\/#website"},"primaryImageOfPage":{"@id":"https:\/\/www.m-q.ch\/de\/allianz-digitale-transformation-im-gesundheitswesen-neu-als-verein\/#primaryimage"},"image":{"@id":"https:\/\/www.m-q.ch\/de\/allianz-digitale-transformation-im-gesundheitswesen-neu-als-verein\/#primaryimage"},"thumbnailUrl":"https:\/\/www.m-q.ch\/wp-content\/uploads\/2022\/04\/Allianz-Digitale-Transformation-im-Gesundheitswesen-neu-als-Verein_MQ.jpg","datePublished":"2022-04-01T14:23:48+00:00","dateModified":"2022-07-30T13:01:42+00:00","description":"The \"Digital Transformation in Healthcare\" alliance, founded in March 2021, will be newly transformed into an association structure.","breadcrumb":{"@id":"https:\/\/www.m-q.ch\/de\/allianz-digitale-transformation-im-gesundheitswesen-neu-als-verein\/#breadcrumb"},"inLanguage":"en-US","potentialAction":[{"@type":"ReadAction","target":["https:\/\/www.m-q.ch\/de\/allianz-digitale-transformation-im-gesundheitswesen-neu-als-verein\/"]}]},{"@type":"ImageObject","inLanguage":"en-US","@id":"https:\/\/www.m-q.ch\/de\/allianz-digitale-transformation-im-gesundheitswesen-neu-als-verein\/#primaryimage","url":"https:\/\/www.m-q.ch\/wp-content\/uploads\/2022\/04\/Allianz-Digitale-Transformation-im-Gesundheitswesen-neu-als-Verein_MQ.jpg","contentUrl":"https:\/\/www.m-q.ch\/wp-content\/uploads\/2022\/04\/Allianz-Digitale-Transformation-im-Gesundheitswesen-neu-als-Verein_MQ.jpg"},{"@type":"BreadcrumbList","@id":"https:\/\/www.m-q.ch\/de\/allianz-digitale-transformation-im-gesundheitswesen-neu-als-verein\/#breadcrumb","itemListElement":[{"@type":"ListItem","position":1,"name":"Home","item":"https:\/\/www.organisator.ch\/"},{"@type":"ListItem","position":2,"name":"Allianz \u00abDigitale Transformation im Gesundheitswesen\u00bb neu als Verein"}]},{"@type":"WebSite","@id":"https:\/\/www.organisator.ch\/#website","url":"https:\/\/www.organisator.ch\/","name":"Organizer","description":"Competent. Practical. In 10 issues per year, ORGANISATOR presents the essential topics for managers of SMEs.","publisher":{"@id":"https:\/\/www.organisator.ch\/#organization"},"potentialAction":[{"@type":"SearchAction","target":{"@type":"EntryPoint","urlTemplate":"https:\/\/www.organisator.ch\/?s={search_term_string}"},"query-input":{"@type":"PropertyValueSpecification","valueRequired":true,"valueName":"search_term_string"}}],"inLanguage":"en-US"},{"@type":"Organization","@id":"https:\/\/www.organisator.ch\/#organization","name":"Organizer","url":"https:\/\/www.organisator.ch\/","logo":{"@type":"ImageObject","inLanguage":"en-US","@id":"https:\/\/www.organisator.ch\/#\/schema\/logo\/image\/","url":"https:\/\/www.organisator.ch\/wp-content\/uploads\/2022\/01\/Logo_Organisator_Website.png","contentUrl":"https:\/\/www.organisator.ch\/wp-content\/uploads\/2022\/01\/Logo_Organisator_Website.png","width":800,"height":77,"caption":"Organisator"},"image":{"@id":"https:\/\/www.organisator.ch\/#\/schema\/logo\/image\/"},"sameAs":["https:\/\/www.facebook.com\/OrganisatorFachmagazin","https:\/\/www.linkedin.com\/showcase\/organisator-das-magazin-fr-kmu","https:\/\/www.xing.com\/news\/pages\/organisator-ch-695","https:\/\/www.youtube.com\/channel\/UCGP2Sq0iWaZwT3BdIAQFYpw"]},{"@type":"Person","@id":"https:\/\/www.organisator.ch\/#\/schema\/person\/4e51799071cd2dd1232ac003643ef5f0","name":"galledia","image":{"@type":"ImageObject","inLanguage":"en-US","@id":"https:\/\/secure.gravatar.com\/avatar\/78a7f90c01fc2bfc875782a0d4922b37cde2cf184ce347b91316d23cd7f69a36?s=96&d=mm&r=g","url":"https:\/\/secure.gravatar.com\/avatar\/78a7f90c01fc2bfc875782a0d4922b37cde2cf184ce347b91316d23cd7f69a36?s=96&d=mm&r=g","contentUrl":"https:\/\/secure.gravatar.com\/avatar\/78a7f90c01fc2bfc875782a0d4922b37cde2cf184ce347b91316d23cd7f69a36?s=96&d=mm&r=g","caption":"galledia"},"sameAs":["https:\/\/x.com\/admin"],"url":"https:\/\/www.organisator.ch\/en\/author\/galledia\/"}]}},"_links":{"self":[{"href":"https:\/\/www.organisator.ch\/en\/wp-json\/wp\/v2\/posts\/12346","targetHints":{"allow":["GET"]}}],"collection":[{"href":"https:\/\/www.organisator.ch\/en\/wp-json\/wp\/v2\/posts"}],"about":[{"href":"https:\/\/www.organisator.ch\/en\/wp-json\/wp\/v2\/types\/post"}],"author":[{"embeddable":true,"href":"https:\/\/www.organisator.ch\/en\/wp-json\/wp\/v2\/users\/8"}],"replies":[{"embeddable":true,"href":"https:\/\/www.organisator.ch\/en\/wp-json\/wp\/v2\/comments?post=12346"}],"version-history":[{"count":4,"href":"https:\/\/www.organisator.ch\/en\/wp-json\/wp\/v2\/posts\/12346\/revisions"}],"predecessor-version":[{"id":16006,"href":"https:\/\/www.organisator.ch\/en\/wp-json\/wp\/v2\/posts\/12346\/revisions\/16006"}],"wp:attachment":[{"href":"https:\/\/www.organisator.ch\/en\/wp-json\/wp\/v2\/media?parent=12346"}],"wp:term":[{"taxonomy":"category","embeddable":true,"href":"https:\/\/www.organisator.ch\/en\/wp-json\/wp\/v2\/categories?post=12346"},{"taxonomy":"post_tag","embeddable":true,"href":"https:\/\/www.organisator.ch\/en\/wp-json\/wp\/v2\/tags?post=12346"}],"curies":[{"name":"wp","href":"https:\/\/api.w.org\/{rel}","templated":true}]}}