{"id":12350,"date":"2022-04-04T07:34:54","date_gmt":"2022-04-04T05:34:54","guid":{"rendered":"https:\/\/www.organisator.ch\/?p=12350"},"modified":"2022-04-04T07:34:54","modified_gmt":"2022-04-04T05:34:54","slug":"neue-showcase-serie-von-best-retail-cases-switzerland","status":"publish","type":"post","link":"https:\/\/www.organisator.ch\/en\/marketing\/2022-04-04\/neue-showcase-serie-von-best-retail-cases-switzerland\/","title":{"rendered":"New showcase series from Best Retail Cases Switzerland"},"content":{"rendered":"<figure id=\"attachment_12351\" aria-describedby=\"caption-attachment-12351\" style=\"width: 680px\" class=\"wp-caption alignnone\"><img loading=\"lazy\" decoding=\"async\" class=\"size-full wp-image-12351\" src=\"https:\/\/www.organisator.ch\/wp-content\/uploads\/2022\/04\/Neue-Showcase-Serie-von-Best-Retail-Cases-Switzerland_Organisator.jpg\" alt=\"\" width=\"680\" height=\"340\" srcset=\"https:\/\/www.organisator.ch\/wp-content\/uploads\/2022\/04\/Neue-Showcase-Serie-von-Best-Retail-Cases-Switzerland_Organisator.jpg 680w, https:\/\/www.organisator.ch\/wp-content\/uploads\/2022\/04\/Neue-Showcase-Serie-von-Best-Retail-Cases-Switzerland_Organisator-18x9.jpg 18w, https:\/\/www.organisator.ch\/wp-content\/uploads\/2022\/04\/Neue-Showcase-Serie-von-Best-Retail-Cases-Switzerland_Organisator-350x175.jpg 350w, https:\/\/www.organisator.ch\/wp-content\/uploads\/2022\/04\/Neue-Showcase-Serie-von-Best-Retail-Cases-Switzerland_Organisator-300x150.jpg 300w\" sizes=\"auto, (max-width: 680px) 100vw, 680px\" \/><figcaption id=\"caption-attachment-12351\" class=\"wp-caption-text\">Best Retail Cases Switzerland will launch a showcase series on April 12. (Image: Best Retail Cases)<\/figcaption><\/figure>\n<p>The first showcase series of Best Retail Cases Switzerland (BRCS) starts on April 12. The \"State of the Art\" in Retail &amp; eCommerce will be presented in five compact events. The sessions will start on Tuesdays at 8:30 a.m. and will last about 90 minutes in total.<\/p>\n<ul>\n<li>12 Apr 2022 - Retail ERP \"The central database\".<\/li>\n<li>3 May 2022 - Webshop Solutions \"The must-have sales channel\".<\/li>\n<li>10 May 2022 - Retail Marketing \"Picking up customers on the customer journey\".<\/li>\n<li>17 May 2022 - Retail Logistics \"The critical success factor for webshops\".<\/li>\n<li>24 May 2022 - Retail Payment \"The digital check-out\".<\/li>\n<\/ul>\n<h3>Focus on knowledge transfer and networking<\/h3>\n<p>Best Retail Cases Switzerland goes into the next round with the showcase series. Following the successful award in February, in-depth insights are now on the agenda. Experts, providers and users will present the latest trends, best practices, current solutions and concrete application examples in the retail business. Modern formats, such as customer and supplier interviews and the new live panels \"Swiss Retail Voices\" make every event an exciting live experience. Retailers, marketplaces and online stores as well as manufacturers in the B2C business are thus offered the opportunity to learn from the best and gain valuable impulses for their own retail business. \"The showcase series aims to impart knowledge to users and connect them with innovative providers,\" explains Ewa Ming, initiator of Best Retail Cases Switzerland.<\/p>\n<h3>Showcase series starts on April 12, 2002 with Retail ERP Solutions<\/h3>\n<p>Due to the ever-increasing growth of online business, more and more SMEs are now also relying on ERP integration of webshops and eCommerce functions. How this can be implemented is precisely what the first showcase event on April 12, 2022 will be about. Moderated by ERP expert and topsoft editor-in-chief Christian B\u00fchlmann, experts and software providers will demonstrate various ways in which data and processes can be used efficiently and how customers can be \"picked up\" at the most important touchpoints with ERP-integrated mobile apps.<\/p>\n<p>Building on the latest ERP systems as the central data basis, the series of topics will be rounded off with Webshop Solutions, Retail Marketing, Retail Logistics and Retail Payment along the retail value chain.<\/p>\n<p><em>Registration is now open at: <a href=\"http:\/\/www.innovationworld.ch\/brcs-showcase-serie\">www.innovationworld.ch\/brcs-showcase-serie<\/a><\/em><\/p>","protected":false},"excerpt":{"rendered":"<p>Am 12. April startet die erste Showcase Serie von Best Retail Cases Switzerland (BRCS). Der \u00abState of the Art\u00bb in Retail &amp; eCommerce wird Ihnen in f\u00fcnf kompakten Events pr\u00e4sentiert. Die Sessions starten jeweils dienstags um 08:30 Uhr und dauern insgesamt circa 90 Minuten. 12 Apr 2022 \u2013 Retail ERP \u00abDie zentrale Datenbasis\u00bb 3 Mai [&hellip;]<\/p>\n","protected":false},"author":4,"featured_media":12351,"comment_status":"closed","ping_status":"closed","sticky":false,"template":"","format":"standard","meta":{"_acf_changed":false,"_yoast_wpseo_focuskw":"Showcase Serie","_yoast_wpseo_metadesc":"Nach dem erfolgreichen Best Retail Cases Swiss Awards vom Februar folgt jetzt die erste Best Retail Cases Switzerland Showcase Serie 2022.","articlekey":"","footnotes":""},"categories":[29],"tags":[66,163,417,539],"class_list":["post-12350","post","type-post","status-publish","format-standard","has-post-thumbnail","hentry","category-marketing","tag-awards","tag-e-commerce","tag-retail","tag-workshop"],"acf":[],"yoast_head":"<!-- This site is optimized with the Yoast SEO plugin v27.4 - https:\/\/yoast.com\/product\/yoast-seo-wordpress\/ -->\n<title>Neue Showcase Serie von Best Retail Cases Switzerland - Organisator<\/title>\n<meta name=\"description\" content=\"Nach dem erfolgreichen Best Retail Cases Swiss Awards vom Februar folgt jetzt die erste Best Retail Cases Switzerland Showcase Serie 2022.\" \/>\n<meta name=\"robots\" content=\"index, follow, max-snippet:-1, max-image-preview:large, max-video-preview:-1\" \/>\n<link rel=\"canonical\" href=\"https:\/\/www.organisator.ch\/en\/marketing\/2022-04-04\/neue-showcase-serie-von-best-retail-cases-switzerland\/\" \/>\n<meta property=\"og:locale\" content=\"en_US\" \/>\n<meta property=\"og:type\" content=\"article\" \/>\n<meta property=\"og:title\" content=\"Neue Showcase Serie von Best Retail Cases Switzerland\" \/>\n<meta property=\"og:description\" content=\"Nach dem erfolgreichen Best Retail Cases Swiss Awards vom Februar folgt jetzt die erste Best Retail Cases Switzerland Showcase Serie 2022.\" \/>\n<meta property=\"og:url\" content=\"https:\/\/www.organisator.ch\/en\/marketing\/2022-04-04\/neue-showcase-serie-von-best-retail-cases-switzerland\/\" \/>\n<meta property=\"og:site_name\" content=\"Organisator\" \/>\n<meta property=\"article:publisher\" content=\"https:\/\/www.facebook.com\/OrganisatorFachmagazin\" \/>\n<meta property=\"article:published_time\" content=\"2022-04-04T05:34:54+00:00\" \/>\n<meta property=\"og:image\" content=\"https:\/\/www.organisator.ch\/wp-content\/uploads\/2022\/04\/Neue-Showcase-Serie-von-Best-Retail-Cases-Switzerland_Organisator.jpg\" \/>\n\t<meta property=\"og:image:width\" content=\"680\" \/>\n\t<meta property=\"og:image:height\" content=\"340\" \/>\n\t<meta property=\"og:image:type\" content=\"image\/jpeg\" \/>\n<meta name=\"author\" content=\"thomas.berner\" \/>\n<meta name=\"twitter:card\" content=\"summary_large_image\" \/>\n<meta name=\"twitter:title\" content=\"Neue #Showcase Serie von #BestRetailCases Switzerland\" \/>\n<meta name=\"twitter:description\" content=\"Nach dem erfolgreichen Best Retail Cases Swiss Awards vom Februar folgt jetzt die erste #BestRetailCases Switzerland #Showcase Serie 2022.\" \/>\n<meta name=\"twitter:image\" content=\"https:\/\/www.organisator.ch\/wp-content\/uploads\/2022\/04\/Neue-Showcase-Serie-von-Best-Retail-Cases-Switzerland_Organisator.jpg\" \/>\n<script type=\"application\/ld+json\" class=\"yoast-schema-graph\">{\"@context\":\"https:\\\/\\\/schema.org\",\"@graph\":[{\"@type\":\"Article\",\"@id\":\"https:\\\/\\\/www.organisator.ch\\\/marketing\\\/2022-04-04\\\/neue-showcase-serie-von-best-retail-cases-switzerland\\\/#article\",\"isPartOf\":{\"@id\":\"https:\\\/\\\/www.organisator.ch\\\/marketing\\\/2022-04-04\\\/neue-showcase-serie-von-best-retail-cases-switzerland\\\/\"},\"author\":{\"name\":\"thomas.berner\",\"@id\":\"https:\\\/\\\/www.organisator.ch\\\/#\\\/schema\\\/person\\\/6f650f90b2842cd4c0cc334b4e36f67e\"},\"headline\":\"Neue Showcase Serie von Best Retail Cases Switzerland\",\"datePublished\":\"2022-04-04T05:34:54+00:00\",\"mainEntityOfPage\":{\"@id\":\"https:\\\/\\\/www.organisator.ch\\\/marketing\\\/2022-04-04\\\/neue-showcase-serie-von-best-retail-cases-switzerland\\\/\"},\"wordCount\":368,\"publisher\":{\"@id\":\"https:\\\/\\\/www.organisator.ch\\\/#organization\"},\"image\":{\"@id\":\"https:\\\/\\\/www.organisator.ch\\\/marketing\\\/2022-04-04\\\/neue-showcase-serie-von-best-retail-cases-switzerland\\\/#primaryimage\"},\"thumbnailUrl\":\"https:\\\/\\\/www.organisator.ch\\\/wp-content\\\/uploads\\\/2022\\\/04\\\/Neue-Showcase-Serie-von-Best-Retail-Cases-Switzerland_Organisator.jpg\",\"keywords\":[\"Awards\",\"E-Commerce\",\"Retail\",\"Workshop\"],\"articleSection\":[\"MARKETING\"],\"inLanguage\":\"en-US\"},{\"@type\":\"WebPage\",\"@id\":\"https:\\\/\\\/www.organisator.ch\\\/marketing\\\/2022-04-04\\\/neue-showcase-serie-von-best-retail-cases-switzerland\\\/\",\"url\":\"https:\\\/\\\/www.organisator.ch\\\/marketing\\\/2022-04-04\\\/neue-showcase-serie-von-best-retail-cases-switzerland\\\/\",\"name\":\"Neue Showcase Serie von Best Retail Cases Switzerland - Organisator\",\"isPartOf\":{\"@id\":\"https:\\\/\\\/www.organisator.ch\\\/#website\"},\"primaryImageOfPage\":{\"@id\":\"https:\\\/\\\/www.organisator.ch\\\/marketing\\\/2022-04-04\\\/neue-showcase-serie-von-best-retail-cases-switzerland\\\/#primaryimage\"},\"image\":{\"@id\":\"https:\\\/\\\/www.organisator.ch\\\/marketing\\\/2022-04-04\\\/neue-showcase-serie-von-best-retail-cases-switzerland\\\/#primaryimage\"},\"thumbnailUrl\":\"https:\\\/\\\/www.organisator.ch\\\/wp-content\\\/uploads\\\/2022\\\/04\\\/Neue-Showcase-Serie-von-Best-Retail-Cases-Switzerland_Organisator.jpg\",\"datePublished\":\"2022-04-04T05:34:54+00:00\",\"description\":\"Nach dem erfolgreichen Best Retail Cases Swiss Awards vom Februar folgt jetzt die erste Best Retail Cases Switzerland Showcase Serie 2022.\",\"breadcrumb\":{\"@id\":\"https:\\\/\\\/www.organisator.ch\\\/marketing\\\/2022-04-04\\\/neue-showcase-serie-von-best-retail-cases-switzerland\\\/#breadcrumb\"},\"inLanguage\":\"en-US\",\"potentialAction\":[{\"@type\":\"ReadAction\",\"target\":[\"https:\\\/\\\/www.organisator.ch\\\/marketing\\\/2022-04-04\\\/neue-showcase-serie-von-best-retail-cases-switzerland\\\/\"]}]},{\"@type\":\"ImageObject\",\"inLanguage\":\"en-US\",\"@id\":\"https:\\\/\\\/www.organisator.ch\\\/marketing\\\/2022-04-04\\\/neue-showcase-serie-von-best-retail-cases-switzerland\\\/#primaryimage\",\"url\":\"https:\\\/\\\/www.organisator.ch\\\/wp-content\\\/uploads\\\/2022\\\/04\\\/Neue-Showcase-Serie-von-Best-Retail-Cases-Switzerland_Organisator.jpg\",\"contentUrl\":\"https:\\\/\\\/www.organisator.ch\\\/wp-content\\\/uploads\\\/2022\\\/04\\\/Neue-Showcase-Serie-von-Best-Retail-Cases-Switzerland_Organisator.jpg\",\"width\":680,\"height\":340,\"caption\":\"Die Best Retail Cases Switzerland starten am 12. April mit einer Showcase Serie. (Bild: Best Retail Cases)\"},{\"@type\":\"BreadcrumbList\",\"@id\":\"https:\\\/\\\/www.organisator.ch\\\/marketing\\\/2022-04-04\\\/neue-showcase-serie-von-best-retail-cases-switzerland\\\/#breadcrumb\",\"itemListElement\":[{\"@type\":\"ListItem\",\"position\":1,\"name\":\"Home\",\"item\":\"https:\\\/\\\/www.organisator.ch\\\/\"},{\"@type\":\"ListItem\",\"position\":2,\"name\":\"Neue Showcase Serie von Best Retail Cases Switzerland\"}]},{\"@type\":\"WebSite\",\"@id\":\"https:\\\/\\\/www.organisator.ch\\\/#website\",\"url\":\"https:\\\/\\\/www.organisator.ch\\\/\",\"name\":\"Organisator\",\"description\":\"Kompetent. Praxisnah. Der ORGANISATOR bereitet in 10 Ausgaben pro Jahr die wesentlichen Themen f\u00fcr F\u00fchrungskr\u00e4fte von KMU auf.\",\"publisher\":{\"@id\":\"https:\\\/\\\/www.organisator.ch\\\/#organization\"},\"potentialAction\":[{\"@type\":\"SearchAction\",\"target\":{\"@type\":\"EntryPoint\",\"urlTemplate\":\"https:\\\/\\\/www.organisator.ch\\\/?s={search_term_string}\"},\"query-input\":{\"@type\":\"PropertyValueSpecification\",\"valueRequired\":true,\"valueName\":\"search_term_string\"}}],\"inLanguage\":\"en-US\"},{\"@type\":\"Organization\",\"@id\":\"https:\\\/\\\/www.organisator.ch\\\/#organization\",\"name\":\"Organisator\",\"url\":\"https:\\\/\\\/www.organisator.ch\\\/\",\"logo\":{\"@type\":\"ImageObject\",\"inLanguage\":\"en-US\",\"@id\":\"https:\\\/\\\/www.organisator.ch\\\/#\\\/schema\\\/logo\\\/image\\\/\",\"url\":\"https:\\\/\\\/www.organisator.ch\\\/wp-content\\\/uploads\\\/2022\\\/01\\\/Logo_Organisator_Website.png\",\"contentUrl\":\"https:\\\/\\\/www.organisator.ch\\\/wp-content\\\/uploads\\\/2022\\\/01\\\/Logo_Organisator_Website.png\",\"width\":800,\"height\":77,\"caption\":\"Organisator\"},\"image\":{\"@id\":\"https:\\\/\\\/www.organisator.ch\\\/#\\\/schema\\\/logo\\\/image\\\/\"},\"sameAs\":[\"https:\\\/\\\/www.facebook.com\\\/OrganisatorFachmagazin\",\"https:\\\/\\\/www.linkedin.com\\\/showcase\\\/organisator-das-magazin-fr-kmu\",\"https:\\\/\\\/www.xing.com\\\/news\\\/pages\\\/organisator-ch-695\",\"https:\\\/\\\/www.youtube.com\\\/channel\\\/UCGP2Sq0iWaZwT3BdIAQFYpw\"]},{\"@type\":\"Person\",\"@id\":\"https:\\\/\\\/www.organisator.ch\\\/#\\\/schema\\\/person\\\/6f650f90b2842cd4c0cc334b4e36f67e\",\"name\":\"thomas.berner\",\"image\":{\"@type\":\"ImageObject\",\"inLanguage\":\"en-US\",\"@id\":\"https:\\\/\\\/secure.gravatar.com\\\/avatar\\\/ac5001d2a36cb6c6cd3e50789007ffca834b477b74a2144564522e944eabff61?s=96&d=mm&r=g\",\"url\":\"https:\\\/\\\/secure.gravatar.com\\\/avatar\\\/ac5001d2a36cb6c6cd3e50789007ffca834b477b74a2144564522e944eabff61?s=96&d=mm&r=g\",\"contentUrl\":\"https:\\\/\\\/secure.gravatar.com\\\/avatar\\\/ac5001d2a36cb6c6cd3e50789007ffca834b477b74a2144564522e944eabff61?s=96&d=mm&r=g\",\"caption\":\"thomas.berner\"},\"url\":\"https:\\\/\\\/www.organisator.ch\\\/en\\\/author\\\/thomas-berner\\\/\"}]}<\/script>\n<!-- \/ Yoast SEO plugin. -->","yoast_head_json":{"title":"New showcase series of Best Retail Cases Switzerland - organizer","description":"After the successful Best Retail Cases Swiss Awards in February, the first Best Retail Cases Switzerland Showcase Series 2022 now follows.","robots":{"index":"index","follow":"follow","max-snippet":"max-snippet:-1","max-image-preview":"max-image-preview:large","max-video-preview":"max-video-preview:-1"},"canonical":"https:\/\/www.organisator.ch\/en\/marketing\/2022-04-04\/neue-showcase-serie-von-best-retail-cases-switzerland\/","og_locale":"en_US","og_type":"article","og_title":"Neue Showcase Serie von Best Retail Cases Switzerland","og_description":"Nach dem erfolgreichen Best Retail Cases Swiss Awards vom Februar folgt jetzt die erste Best Retail Cases Switzerland Showcase Serie 2022.","og_url":"https:\/\/www.organisator.ch\/en\/marketing\/2022-04-04\/neue-showcase-serie-von-best-retail-cases-switzerland\/","og_site_name":"Organisator","article_publisher":"https:\/\/www.facebook.com\/OrganisatorFachmagazin","article_published_time":"2022-04-04T05:34:54+00:00","og_image":[{"width":680,"height":340,"url":"https:\/\/www.organisator.ch\/wp-content\/uploads\/2022\/04\/Neue-Showcase-Serie-von-Best-Retail-Cases-Switzerland_Organisator.jpg","type":"image\/jpeg"}],"author":"thomas.berner","twitter_card":"summary_large_image","twitter_title":"Neue #Showcase Serie von #BestRetailCases Switzerland","twitter_description":"Nach dem erfolgreichen Best Retail Cases Swiss Awards vom Februar folgt jetzt die erste #BestRetailCases Switzerland #Showcase Serie 2022.","twitter_image":"https:\/\/www.organisator.ch\/wp-content\/uploads\/2022\/04\/Neue-Showcase-Serie-von-Best-Retail-Cases-Switzerland_Organisator.jpg","schema":{"@context":"https:\/\/schema.org","@graph":[{"@type":"Article","@id":"https:\/\/www.organisator.ch\/marketing\/2022-04-04\/neue-showcase-serie-von-best-retail-cases-switzerland\/#article","isPartOf":{"@id":"https:\/\/www.organisator.ch\/marketing\/2022-04-04\/neue-showcase-serie-von-best-retail-cases-switzerland\/"},"author":{"name":"thomas.berner","@id":"https:\/\/www.organisator.ch\/#\/schema\/person\/6f650f90b2842cd4c0cc334b4e36f67e"},"headline":"Neue Showcase Serie von Best Retail Cases Switzerland","datePublished":"2022-04-04T05:34:54+00:00","mainEntityOfPage":{"@id":"https:\/\/www.organisator.ch\/marketing\/2022-04-04\/neue-showcase-serie-von-best-retail-cases-switzerland\/"},"wordCount":368,"publisher":{"@id":"https:\/\/www.organisator.ch\/#organization"},"image":{"@id":"https:\/\/www.organisator.ch\/marketing\/2022-04-04\/neue-showcase-serie-von-best-retail-cases-switzerland\/#primaryimage"},"thumbnailUrl":"https:\/\/www.organisator.ch\/wp-content\/uploads\/2022\/04\/Neue-Showcase-Serie-von-Best-Retail-Cases-Switzerland_Organisator.jpg","keywords":["Awards","E-Commerce","Retail","Workshop"],"articleSection":["MARKETING"],"inLanguage":"en-US"},{"@type":"WebPage","@id":"https:\/\/www.organisator.ch\/marketing\/2022-04-04\/neue-showcase-serie-von-best-retail-cases-switzerland\/","url":"https:\/\/www.organisator.ch\/marketing\/2022-04-04\/neue-showcase-serie-von-best-retail-cases-switzerland\/","name":"New showcase series of Best Retail Cases Switzerland - organizer","isPartOf":{"@id":"https:\/\/www.organisator.ch\/#website"},"primaryImageOfPage":{"@id":"https:\/\/www.organisator.ch\/marketing\/2022-04-04\/neue-showcase-serie-von-best-retail-cases-switzerland\/#primaryimage"},"image":{"@id":"https:\/\/www.organisator.ch\/marketing\/2022-04-04\/neue-showcase-serie-von-best-retail-cases-switzerland\/#primaryimage"},"thumbnailUrl":"https:\/\/www.organisator.ch\/wp-content\/uploads\/2022\/04\/Neue-Showcase-Serie-von-Best-Retail-Cases-Switzerland_Organisator.jpg","datePublished":"2022-04-04T05:34:54+00:00","description":"After the successful Best Retail Cases Swiss Awards in February, the first Best Retail Cases Switzerland Showcase Series 2022 now follows.","breadcrumb":{"@id":"https:\/\/www.organisator.ch\/marketing\/2022-04-04\/neue-showcase-serie-von-best-retail-cases-switzerland\/#breadcrumb"},"inLanguage":"en-US","potentialAction":[{"@type":"ReadAction","target":["https:\/\/www.organisator.ch\/marketing\/2022-04-04\/neue-showcase-serie-von-best-retail-cases-switzerland\/"]}]},{"@type":"ImageObject","inLanguage":"en-US","@id":"https:\/\/www.organisator.ch\/marketing\/2022-04-04\/neue-showcase-serie-von-best-retail-cases-switzerland\/#primaryimage","url":"https:\/\/www.organisator.ch\/wp-content\/uploads\/2022\/04\/Neue-Showcase-Serie-von-Best-Retail-Cases-Switzerland_Organisator.jpg","contentUrl":"https:\/\/www.organisator.ch\/wp-content\/uploads\/2022\/04\/Neue-Showcase-Serie-von-Best-Retail-Cases-Switzerland_Organisator.jpg","width":680,"height":340,"caption":"Die Best Retail Cases Switzerland starten am 12. April mit einer Showcase Serie. (Bild: Best Retail Cases)"},{"@type":"BreadcrumbList","@id":"https:\/\/www.organisator.ch\/marketing\/2022-04-04\/neue-showcase-serie-von-best-retail-cases-switzerland\/#breadcrumb","itemListElement":[{"@type":"ListItem","position":1,"name":"Home","item":"https:\/\/www.organisator.ch\/"},{"@type":"ListItem","position":2,"name":"Neue Showcase Serie von Best Retail Cases Switzerland"}]},{"@type":"WebSite","@id":"https:\/\/www.organisator.ch\/#website","url":"https:\/\/www.organisator.ch\/","name":"Organizer","description":"Competent. Practical. In 10 issues per year, ORGANISATOR presents the essential topics for managers of SMEs.","publisher":{"@id":"https:\/\/www.organisator.ch\/#organization"},"potentialAction":[{"@type":"SearchAction","target":{"@type":"EntryPoint","urlTemplate":"https:\/\/www.organisator.ch\/?s={search_term_string}"},"query-input":{"@type":"PropertyValueSpecification","valueRequired":true,"valueName":"search_term_string"}}],"inLanguage":"en-US"},{"@type":"Organization","@id":"https:\/\/www.organisator.ch\/#organization","name":"Organizer","url":"https:\/\/www.organisator.ch\/","logo":{"@type":"ImageObject","inLanguage":"en-US","@id":"https:\/\/www.organisator.ch\/#\/schema\/logo\/image\/","url":"https:\/\/www.organisator.ch\/wp-content\/uploads\/2022\/01\/Logo_Organisator_Website.png","contentUrl":"https:\/\/www.organisator.ch\/wp-content\/uploads\/2022\/01\/Logo_Organisator_Website.png","width":800,"height":77,"caption":"Organisator"},"image":{"@id":"https:\/\/www.organisator.ch\/#\/schema\/logo\/image\/"},"sameAs":["https:\/\/www.facebook.com\/OrganisatorFachmagazin","https:\/\/www.linkedin.com\/showcase\/organisator-das-magazin-fr-kmu","https:\/\/www.xing.com\/news\/pages\/organisator-ch-695","https:\/\/www.youtube.com\/channel\/UCGP2Sq0iWaZwT3BdIAQFYpw"]},{"@type":"Person","@id":"https:\/\/www.organisator.ch\/#\/schema\/person\/6f650f90b2842cd4c0cc334b4e36f67e","name":"thomas.berner","image":{"@type":"ImageObject","inLanguage":"en-US","@id":"https:\/\/secure.gravatar.com\/avatar\/ac5001d2a36cb6c6cd3e50789007ffca834b477b74a2144564522e944eabff61?s=96&d=mm&r=g","url":"https:\/\/secure.gravatar.com\/avatar\/ac5001d2a36cb6c6cd3e50789007ffca834b477b74a2144564522e944eabff61?s=96&d=mm&r=g","contentUrl":"https:\/\/secure.gravatar.com\/avatar\/ac5001d2a36cb6c6cd3e50789007ffca834b477b74a2144564522e944eabff61?s=96&d=mm&r=g","caption":"thomas.berner"},"url":"https:\/\/www.organisator.ch\/en\/author\/thomas-berner\/"}]}},"_links":{"self":[{"href":"https:\/\/www.organisator.ch\/en\/wp-json\/wp\/v2\/posts\/12350","targetHints":{"allow":["GET"]}}],"collection":[{"href":"https:\/\/www.organisator.ch\/en\/wp-json\/wp\/v2\/posts"}],"about":[{"href":"https:\/\/www.organisator.ch\/en\/wp-json\/wp\/v2\/types\/post"}],"author":[{"embeddable":true,"href":"https:\/\/www.organisator.ch\/en\/wp-json\/wp\/v2\/users\/4"}],"replies":[{"embeddable":true,"href":"https:\/\/www.organisator.ch\/en\/wp-json\/wp\/v2\/comments?post=12350"}],"version-history":[{"count":1,"href":"https:\/\/www.organisator.ch\/en\/wp-json\/wp\/v2\/posts\/12350\/revisions"}],"predecessor-version":[{"id":12352,"href":"https:\/\/www.organisator.ch\/en\/wp-json\/wp\/v2\/posts\/12350\/revisions\/12352"}],"wp:featuredmedia":[{"embeddable":true,"href":"https:\/\/www.organisator.ch\/en\/wp-json\/wp\/v2\/media\/12351"}],"wp:attachment":[{"href":"https:\/\/www.organisator.ch\/en\/wp-json\/wp\/v2\/media?parent=12350"}],"wp:term":[{"taxonomy":"category","embeddable":true,"href":"https:\/\/www.organisator.ch\/en\/wp-json\/wp\/v2\/categories?post=12350"},{"taxonomy":"post_tag","embeddable":true,"href":"https:\/\/www.organisator.ch\/en\/wp-json\/wp\/v2\/tags?post=12350"}],"curies":[{"name":"wp","href":"https:\/\/api.w.org\/{rel}","templated":true}]}}