{"id":12424,"date":"2022-04-12T07:50:39","date_gmt":"2022-04-12T05:50:39","guid":{"rendered":"https:\/\/www.organisator.ch\/?p=12424"},"modified":"2022-04-05T07:56:18","modified_gmt":"2022-04-05T05:56:18","slug":"it-projektleiter-ich-bin-ein-klassischer-quereinsteiger","status":"publish","type":"post","link":"https:\/\/www.organisator.ch\/en\/abo\/2022-04-12\/it-projektleiter-ich-bin-ein-klassischer-quereinsteiger\/","title":{"rendered":"IT project manager: \"I'm a classic career changer\"."},"content":{"rendered":"<div class=\"swpm-post-not-logged-in-msg\">You need to be logged in to view this content. Please <a class=\"swpm-login-link\" href=\"https:\/\/www.organisator.ch\/login\/\">Log In<\/a>. Not a Member? <a href=\"https:\/\/www.organisator.ch\/shop\/\">Join Us<\/a><\/div>","protected":false},"excerpt":{"rendered":"<p>You need to be logged in to view this content. Please Log In. Not a Member? Join Us<\/p>","protected":false},"author":1,"featured_media":12425,"comment_status":"closed","ping_status":"closed","sticky":false,"template":"","format":"standard","meta":{"_acf_changed":false,"_yoast_wpseo_focuskw":"IT-Projektleiter","_yoast_wpseo_metadesc":"Besonders h\u00e4ufig gesucht werden derzeit IT-Projektleiter. Cris Wouters von Opacc Software AG erz\u00e4hlt von seinen Erfahrungen.","articlekey":"","footnotes":""},"categories":[578,579],"tags":[2781,283,286,294],"class_list":["post-12424","post","type-post","status-publish","format-standard","has-post-thumbnail","hentry","category-abo","category-human-resources","tag-ausgabe-3-4-2022","tag-interview","tag-it","tag-karriere"],"acf":[],"yoast_head":"<!-- This site is optimized with the Yoast SEO plugin v27.4 - https:\/\/yoast.com\/product\/yoast-seo-wordpress\/ -->\n<title>IT-Projektleiter: &quot;Ich bin ein klassischer Quereinsteiger&quot; - Organisator<\/title>\n<meta name=\"description\" content=\"Besonders h\u00e4ufig gesucht werden derzeit IT-Projektleiter. Cris Wouters von Opacc Software AG erz\u00e4hlt von seinen Erfahrungen.\" \/>\n<meta name=\"robots\" content=\"index, follow, max-snippet:-1, max-image-preview:large, max-video-preview:-1\" \/>\n<link rel=\"canonical\" href=\"https:\/\/www.organisator.ch\/en\/subscription\/2022-04-12\/it-projektleiter-ich-bin-ein-klassischer-quereinsteiger\/\" \/>\n<meta property=\"og:locale\" content=\"en_US\" \/>\n<meta property=\"og:type\" content=\"article\" \/>\n<meta property=\"og:title\" content=\"IT-Projektleiter: &quot;Ich bin ein klassischer Quereinsteiger&quot;\" \/>\n<meta property=\"og:description\" content=\"Besonders h\u00e4ufig gesucht werden derzeit IT-Projektleiter. Cris Wouters von Opacc Software AG erz\u00e4hlt von seinen Erfahrungen.\" \/>\n<meta property=\"og:url\" content=\"https:\/\/www.organisator.ch\/en\/subscription\/2022-04-12\/it-projektleiter-ich-bin-ein-klassischer-quereinsteiger\/\" \/>\n<meta property=\"og:site_name\" content=\"Organisator\" \/>\n<meta property=\"article:publisher\" content=\"https:\/\/www.facebook.com\/OrganisatorFachmagazin\" \/>\n<meta property=\"article:published_time\" content=\"2022-04-12T05:50:39+00:00\" \/>\n<meta property=\"og:image\" content=\"https:\/\/www.organisator.ch\/wp-content\/uploads\/2022\/04\/Organisator-Ich-bin-ein-klassischer-Quereinsteiger.jpg\" \/>\n\t<meta property=\"og:image:width\" content=\"925\" \/>\n\t<meta property=\"og:image:height\" content=\"500\" \/>\n\t<meta property=\"og:image:type\" content=\"image\/jpeg\" \/>\n<meta name=\"author\" content=\"admin\" \/>\n<meta name=\"twitter:card\" content=\"summary_large_image\" \/>\n<meta name=\"twitter:title\" content=\"#IT-Projektleiter: &quot;Ich bin ein klassischer #Quereinsteiger&quot;\" \/>\n<meta name=\"twitter:description\" content=\"Besonders h\u00e4ufig gesucht werden derzeit #IT-Projektleiter. Cris Wouters von #Opacc Software AG erz\u00e4hlt von seinen Erfahrungen.\" \/>\n<meta name=\"twitter:image\" content=\"https:\/\/www.organisator.ch\/wp-content\/uploads\/2022\/04\/Organisator-Ich-bin-ein-klassischer-Quereinsteiger.jpg\" \/>\n<script type=\"application\/ld+json\" class=\"yoast-schema-graph\">{\"@context\":\"https:\\\/\\\/schema.org\",\"@graph\":[{\"@type\":\"Article\",\"@id\":\"https:\\\/\\\/www.organisator.ch\\\/abo\\\/2022-04-12\\\/it-projektleiter-ich-bin-ein-klassischer-quereinsteiger\\\/#article\",\"isPartOf\":{\"@id\":\"https:\\\/\\\/www.organisator.ch\\\/abo\\\/2022-04-12\\\/it-projektleiter-ich-bin-ein-klassischer-quereinsteiger\\\/\"},\"author\":{\"name\":\"admin\",\"@id\":\"https:\\\/\\\/www.organisator.ch\\\/#\\\/schema\\\/person\\\/aa2bace6c5c5aad60102004a50c4eb1c\"},\"headline\":\"IT-Projektleiter: &#8222;Ich bin ein klassischer Quereinsteiger&#8220;\",\"datePublished\":\"2022-04-12T05:50:39+00:00\",\"mainEntityOfPage\":{\"@id\":\"https:\\\/\\\/www.organisator.ch\\\/abo\\\/2022-04-12\\\/it-projektleiter-ich-bin-ein-klassischer-quereinsteiger\\\/\"},\"wordCount\":1021,\"publisher\":{\"@id\":\"https:\\\/\\\/www.organisator.ch\\\/#organization\"},\"image\":{\"@id\":\"https:\\\/\\\/www.organisator.ch\\\/abo\\\/2022-04-12\\\/it-projektleiter-ich-bin-ein-klassischer-quereinsteiger\\\/#primaryimage\"},\"thumbnailUrl\":\"https:\\\/\\\/www.organisator.ch\\\/wp-content\\\/uploads\\\/2022\\\/04\\\/Organisator-Ich-bin-ein-klassischer-Quereinsteiger.jpg\",\"keywords\":[\"Ausgabe 3-4\\\/2022\",\"Interview\",\"IT\",\"Karriere\"],\"articleSection\":[\"ABO+\",\"HUMAN RESOURCES\"],\"inLanguage\":\"en-US\"},{\"@type\":\"WebPage\",\"@id\":\"https:\\\/\\\/www.organisator.ch\\\/abo\\\/2022-04-12\\\/it-projektleiter-ich-bin-ein-klassischer-quereinsteiger\\\/\",\"url\":\"https:\\\/\\\/www.organisator.ch\\\/abo\\\/2022-04-12\\\/it-projektleiter-ich-bin-ein-klassischer-quereinsteiger\\\/\",\"name\":\"IT-Projektleiter: \\\"Ich bin ein klassischer Quereinsteiger\\\" - Organisator\",\"isPartOf\":{\"@id\":\"https:\\\/\\\/www.organisator.ch\\\/#website\"},\"primaryImageOfPage\":{\"@id\":\"https:\\\/\\\/www.organisator.ch\\\/abo\\\/2022-04-12\\\/it-projektleiter-ich-bin-ein-klassischer-quereinsteiger\\\/#primaryimage\"},\"image\":{\"@id\":\"https:\\\/\\\/www.organisator.ch\\\/abo\\\/2022-04-12\\\/it-projektleiter-ich-bin-ein-klassischer-quereinsteiger\\\/#primaryimage\"},\"thumbnailUrl\":\"https:\\\/\\\/www.organisator.ch\\\/wp-content\\\/uploads\\\/2022\\\/04\\\/Organisator-Ich-bin-ein-klassischer-Quereinsteiger.jpg\",\"datePublished\":\"2022-04-12T05:50:39+00:00\",\"description\":\"Besonders h\u00e4ufig gesucht werden derzeit IT-Projektleiter. Cris Wouters von Opacc Software AG erz\u00e4hlt von seinen Erfahrungen.\",\"breadcrumb\":{\"@id\":\"https:\\\/\\\/www.organisator.ch\\\/abo\\\/2022-04-12\\\/it-projektleiter-ich-bin-ein-klassischer-quereinsteiger\\\/#breadcrumb\"},\"inLanguage\":\"en-US\",\"potentialAction\":[{\"@type\":\"ReadAction\",\"target\":[\"https:\\\/\\\/www.organisator.ch\\\/abo\\\/2022-04-12\\\/it-projektleiter-ich-bin-ein-klassischer-quereinsteiger\\\/\"]}]},{\"@type\":\"ImageObject\",\"inLanguage\":\"en-US\",\"@id\":\"https:\\\/\\\/www.organisator.ch\\\/abo\\\/2022-04-12\\\/it-projektleiter-ich-bin-ein-klassischer-quereinsteiger\\\/#primaryimage\",\"url\":\"https:\\\/\\\/www.organisator.ch\\\/wp-content\\\/uploads\\\/2022\\\/04\\\/Organisator-Ich-bin-ein-klassischer-Quereinsteiger.jpg\",\"contentUrl\":\"https:\\\/\\\/www.organisator.ch\\\/wp-content\\\/uploads\\\/2022\\\/04\\\/Organisator-Ich-bin-ein-klassischer-Quereinsteiger.jpg\",\"width\":925,\"height\":500,\"caption\":\"Cris Wouters, Abteilungsleiter ERP, Partner und Mitglied der Gesch\u00e4ftsleitung, arbeitet seit 1998 bei Opacc Software. Der ausgebildete Betriebstechniker TS und Absolvent eines Nachdiplomstudiums in Betriebswirtschaft machte schliesslich sein pers\u00f6nliches Interesse an der IT zu seinem neuen Beruf. Bild: OPACC\"},{\"@type\":\"BreadcrumbList\",\"@id\":\"https:\\\/\\\/www.organisator.ch\\\/abo\\\/2022-04-12\\\/it-projektleiter-ich-bin-ein-klassischer-quereinsteiger\\\/#breadcrumb\",\"itemListElement\":[{\"@type\":\"ListItem\",\"position\":1,\"name\":\"Home\",\"item\":\"https:\\\/\\\/www.organisator.ch\\\/\"},{\"@type\":\"ListItem\",\"position\":2,\"name\":\"IT-Projektleiter: &#8222;Ich bin ein klassischer Quereinsteiger&#8220;\"}]},{\"@type\":\"WebSite\",\"@id\":\"https:\\\/\\\/www.organisator.ch\\\/#website\",\"url\":\"https:\\\/\\\/www.organisator.ch\\\/\",\"name\":\"Organisator\",\"description\":\"Kompetent. Praxisnah. Der ORGANISATOR bereitet in 10 Ausgaben pro Jahr die wesentlichen Themen f\u00fcr F\u00fchrungskr\u00e4fte von KMU auf.\",\"publisher\":{\"@id\":\"https:\\\/\\\/www.organisator.ch\\\/#organization\"},\"potentialAction\":[{\"@type\":\"SearchAction\",\"target\":{\"@type\":\"EntryPoint\",\"urlTemplate\":\"https:\\\/\\\/www.organisator.ch\\\/?s={search_term_string}\"},\"query-input\":{\"@type\":\"PropertyValueSpecification\",\"valueRequired\":true,\"valueName\":\"search_term_string\"}}],\"inLanguage\":\"en-US\"},{\"@type\":\"Organization\",\"@id\":\"https:\\\/\\\/www.organisator.ch\\\/#organization\",\"name\":\"Organisator\",\"url\":\"https:\\\/\\\/www.organisator.ch\\\/\",\"logo\":{\"@type\":\"ImageObject\",\"inLanguage\":\"en-US\",\"@id\":\"https:\\\/\\\/www.organisator.ch\\\/#\\\/schema\\\/logo\\\/image\\\/\",\"url\":\"https:\\\/\\\/www.organisator.ch\\\/wp-content\\\/uploads\\\/2022\\\/01\\\/Logo_Organisator_Website.png\",\"contentUrl\":\"https:\\\/\\\/www.organisator.ch\\\/wp-content\\\/uploads\\\/2022\\\/01\\\/Logo_Organisator_Website.png\",\"width\":800,\"height\":77,\"caption\":\"Organisator\"},\"image\":{\"@id\":\"https:\\\/\\\/www.organisator.ch\\\/#\\\/schema\\\/logo\\\/image\\\/\"},\"sameAs\":[\"https:\\\/\\\/www.facebook.com\\\/OrganisatorFachmagazin\",\"https:\\\/\\\/www.linkedin.com\\\/showcase\\\/organisator-das-magazin-fr-kmu\",\"https:\\\/\\\/www.xing.com\\\/news\\\/pages\\\/organisator-ch-695\",\"https:\\\/\\\/www.youtube.com\\\/channel\\\/UCGP2Sq0iWaZwT3BdIAQFYpw\"]},{\"@type\":\"Person\",\"@id\":\"https:\\\/\\\/www.organisator.ch\\\/#\\\/schema\\\/person\\\/aa2bace6c5c5aad60102004a50c4eb1c\",\"name\":\"admin\",\"image\":{\"@type\":\"ImageObject\",\"inLanguage\":\"en-US\",\"@id\":\"https:\\\/\\\/secure.gravatar.com\\\/avatar\\\/ae2f4d718e6c49043e314ce431e7e645d646302a24a5ef5a8bc8e3f5a032e319?s=96&d=mm&r=g\",\"url\":\"https:\\\/\\\/secure.gravatar.com\\\/avatar\\\/ae2f4d718e6c49043e314ce431e7e645d646302a24a5ef5a8bc8e3f5a032e319?s=96&d=mm&r=g\",\"contentUrl\":\"https:\\\/\\\/secure.gravatar.com\\\/avatar\\\/ae2f4d718e6c49043e314ce431e7e645d646302a24a5ef5a8bc8e3f5a032e319?s=96&d=mm&r=g\",\"caption\":\"admin\"},\"sameAs\":[\"https:\\\/\\\/www.organisator.ch\"],\"url\":\"https:\\\/\\\/www.organisator.ch\\\/en\\\/author\\\/admin\\\/\"}]}<\/script>\n<!-- \/ Yoast SEO plugin. -->","yoast_head_json":{"title":"IT project manager: \"I'm a classic career changer\" - Organizer","description":"IT project managers are currently in particularly high demand. Cris Wouters from Opacc Software AG talks about his experiences.","robots":{"index":"index","follow":"follow","max-snippet":"max-snippet:-1","max-image-preview":"max-image-preview:large","max-video-preview":"max-video-preview:-1"},"canonical":"https:\/\/www.organisator.ch\/en\/subscription\/2022-04-12\/it-projektleiter-ich-bin-ein-klassischer-quereinsteiger\/","og_locale":"en_US","og_type":"article","og_title":"IT-Projektleiter: \"Ich bin ein klassischer Quereinsteiger\"","og_description":"Besonders h\u00e4ufig gesucht werden derzeit IT-Projektleiter. Cris Wouters von Opacc Software AG erz\u00e4hlt von seinen Erfahrungen.","og_url":"https:\/\/www.organisator.ch\/en\/subscription\/2022-04-12\/it-projektleiter-ich-bin-ein-klassischer-quereinsteiger\/","og_site_name":"Organisator","article_publisher":"https:\/\/www.facebook.com\/OrganisatorFachmagazin","article_published_time":"2022-04-12T05:50:39+00:00","og_image":[{"width":925,"height":500,"url":"https:\/\/www.organisator.ch\/wp-content\/uploads\/2022\/04\/Organisator-Ich-bin-ein-klassischer-Quereinsteiger.jpg","type":"image\/jpeg"}],"author":"admin","twitter_card":"summary_large_image","twitter_title":"#IT-Projektleiter: \"Ich bin ein klassischer #Quereinsteiger\"","twitter_description":"Besonders h\u00e4ufig gesucht werden derzeit #IT-Projektleiter. Cris Wouters von #Opacc Software AG erz\u00e4hlt von seinen Erfahrungen.","twitter_image":"https:\/\/www.organisator.ch\/wp-content\/uploads\/2022\/04\/Organisator-Ich-bin-ein-klassischer-Quereinsteiger.jpg","schema":{"@context":"https:\/\/schema.org","@graph":[{"@type":"Article","@id":"https:\/\/www.organisator.ch\/abo\/2022-04-12\/it-projektleiter-ich-bin-ein-klassischer-quereinsteiger\/#article","isPartOf":{"@id":"https:\/\/www.organisator.ch\/abo\/2022-04-12\/it-projektleiter-ich-bin-ein-klassischer-quereinsteiger\/"},"author":{"name":"admin","@id":"https:\/\/www.organisator.ch\/#\/schema\/person\/aa2bace6c5c5aad60102004a50c4eb1c"},"headline":"IT-Projektleiter: &#8222;Ich bin ein klassischer Quereinsteiger&#8220;","datePublished":"2022-04-12T05:50:39+00:00","mainEntityOfPage":{"@id":"https:\/\/www.organisator.ch\/abo\/2022-04-12\/it-projektleiter-ich-bin-ein-klassischer-quereinsteiger\/"},"wordCount":1021,"publisher":{"@id":"https:\/\/www.organisator.ch\/#organization"},"image":{"@id":"https:\/\/www.organisator.ch\/abo\/2022-04-12\/it-projektleiter-ich-bin-ein-klassischer-quereinsteiger\/#primaryimage"},"thumbnailUrl":"https:\/\/www.organisator.ch\/wp-content\/uploads\/2022\/04\/Organisator-Ich-bin-ein-klassischer-Quereinsteiger.jpg","keywords":["Ausgabe 3-4\/2022","Interview","IT","Karriere"],"articleSection":["ABO+","HUMAN RESOURCES"],"inLanguage":"en-US"},{"@type":"WebPage","@id":"https:\/\/www.organisator.ch\/abo\/2022-04-12\/it-projektleiter-ich-bin-ein-klassischer-quereinsteiger\/","url":"https:\/\/www.organisator.ch\/abo\/2022-04-12\/it-projektleiter-ich-bin-ein-klassischer-quereinsteiger\/","name":"IT project manager: \"I'm a classic career changer\" - Organizer","isPartOf":{"@id":"https:\/\/www.organisator.ch\/#website"},"primaryImageOfPage":{"@id":"https:\/\/www.organisator.ch\/abo\/2022-04-12\/it-projektleiter-ich-bin-ein-klassischer-quereinsteiger\/#primaryimage"},"image":{"@id":"https:\/\/www.organisator.ch\/abo\/2022-04-12\/it-projektleiter-ich-bin-ein-klassischer-quereinsteiger\/#primaryimage"},"thumbnailUrl":"https:\/\/www.organisator.ch\/wp-content\/uploads\/2022\/04\/Organisator-Ich-bin-ein-klassischer-Quereinsteiger.jpg","datePublished":"2022-04-12T05:50:39+00:00","description":"IT project managers are currently in particularly high demand. Cris Wouters from Opacc Software AG talks about his experiences.","breadcrumb":{"@id":"https:\/\/www.organisator.ch\/abo\/2022-04-12\/it-projektleiter-ich-bin-ein-klassischer-quereinsteiger\/#breadcrumb"},"inLanguage":"en-US","potentialAction":[{"@type":"ReadAction","target":["https:\/\/www.organisator.ch\/abo\/2022-04-12\/it-projektleiter-ich-bin-ein-klassischer-quereinsteiger\/"]}]},{"@type":"ImageObject","inLanguage":"en-US","@id":"https:\/\/www.organisator.ch\/abo\/2022-04-12\/it-projektleiter-ich-bin-ein-klassischer-quereinsteiger\/#primaryimage","url":"https:\/\/www.organisator.ch\/wp-content\/uploads\/2022\/04\/Organisator-Ich-bin-ein-klassischer-Quereinsteiger.jpg","contentUrl":"https:\/\/www.organisator.ch\/wp-content\/uploads\/2022\/04\/Organisator-Ich-bin-ein-klassischer-Quereinsteiger.jpg","width":925,"height":500,"caption":"Cris Wouters, Abteilungsleiter ERP, Partner und Mitglied der Gesch\u00e4ftsleitung, arbeitet seit 1998 bei Opacc Software. Der ausgebildete Betriebstechniker TS und Absolvent eines Nachdiplomstudiums in Betriebswirtschaft machte schliesslich sein pers\u00f6nliches Interesse an der IT zu seinem neuen Beruf. Bild: OPACC"},{"@type":"BreadcrumbList","@id":"https:\/\/www.organisator.ch\/abo\/2022-04-12\/it-projektleiter-ich-bin-ein-klassischer-quereinsteiger\/#breadcrumb","itemListElement":[{"@type":"ListItem","position":1,"name":"Home","item":"https:\/\/www.organisator.ch\/"},{"@type":"ListItem","position":2,"name":"IT-Projektleiter: &#8222;Ich bin ein klassischer Quereinsteiger&#8220;"}]},{"@type":"WebSite","@id":"https:\/\/www.organisator.ch\/#website","url":"https:\/\/www.organisator.ch\/","name":"Organizer","description":"Competent. Practical. In 10 issues per year, ORGANISATOR presents the essential topics for managers of SMEs.","publisher":{"@id":"https:\/\/www.organisator.ch\/#organization"},"potentialAction":[{"@type":"SearchAction","target":{"@type":"EntryPoint","urlTemplate":"https:\/\/www.organisator.ch\/?s={search_term_string}"},"query-input":{"@type":"PropertyValueSpecification","valueRequired":true,"valueName":"search_term_string"}}],"inLanguage":"en-US"},{"@type":"Organization","@id":"https:\/\/www.organisator.ch\/#organization","name":"Organizer","url":"https:\/\/www.organisator.ch\/","logo":{"@type":"ImageObject","inLanguage":"en-US","@id":"https:\/\/www.organisator.ch\/#\/schema\/logo\/image\/","url":"https:\/\/www.organisator.ch\/wp-content\/uploads\/2022\/01\/Logo_Organisator_Website.png","contentUrl":"https:\/\/www.organisator.ch\/wp-content\/uploads\/2022\/01\/Logo_Organisator_Website.png","width":800,"height":77,"caption":"Organisator"},"image":{"@id":"https:\/\/www.organisator.ch\/#\/schema\/logo\/image\/"},"sameAs":["https:\/\/www.facebook.com\/OrganisatorFachmagazin","https:\/\/www.linkedin.com\/showcase\/organisator-das-magazin-fr-kmu","https:\/\/www.xing.com\/news\/pages\/organisator-ch-695","https:\/\/www.youtube.com\/channel\/UCGP2Sq0iWaZwT3BdIAQFYpw"]},{"@type":"Person","@id":"https:\/\/www.organisator.ch\/#\/schema\/person\/aa2bace6c5c5aad60102004a50c4eb1c","name":"admin","image":{"@type":"ImageObject","inLanguage":"en-US","@id":"https:\/\/secure.gravatar.com\/avatar\/ae2f4d718e6c49043e314ce431e7e645d646302a24a5ef5a8bc8e3f5a032e319?s=96&d=mm&r=g","url":"https:\/\/secure.gravatar.com\/avatar\/ae2f4d718e6c49043e314ce431e7e645d646302a24a5ef5a8bc8e3f5a032e319?s=96&d=mm&r=g","contentUrl":"https:\/\/secure.gravatar.com\/avatar\/ae2f4d718e6c49043e314ce431e7e645d646302a24a5ef5a8bc8e3f5a032e319?s=96&d=mm&r=g","caption":"admin"},"sameAs":["https:\/\/www.organisator.ch"],"url":"https:\/\/www.organisator.ch\/en\/author\/admin\/"}]}},"_links":{"self":[{"href":"https:\/\/www.organisator.ch\/en\/wp-json\/wp\/v2\/posts\/12424","targetHints":{"allow":["GET"]}}],"collection":[{"href":"https:\/\/www.organisator.ch\/en\/wp-json\/wp\/v2\/posts"}],"about":[{"href":"https:\/\/www.organisator.ch\/en\/wp-json\/wp\/v2\/types\/post"}],"author":[{"embeddable":true,"href":"https:\/\/www.organisator.ch\/en\/wp-json\/wp\/v2\/users\/1"}],"replies":[{"embeddable":true,"href":"https:\/\/www.organisator.ch\/en\/wp-json\/wp\/v2\/comments?post=12424"}],"version-history":[{"count":3,"href":"https:\/\/www.organisator.ch\/en\/wp-json\/wp\/v2\/posts\/12424\/revisions"}],"predecessor-version":[{"id":12458,"href":"https:\/\/www.organisator.ch\/en\/wp-json\/wp\/v2\/posts\/12424\/revisions\/12458"}],"wp:featuredmedia":[{"embeddable":true,"href":"https:\/\/www.organisator.ch\/en\/wp-json\/wp\/v2\/media\/12425"}],"wp:attachment":[{"href":"https:\/\/www.organisator.ch\/en\/wp-json\/wp\/v2\/media?parent=12424"}],"wp:term":[{"taxonomy":"category","embeddable":true,"href":"https:\/\/www.organisator.ch\/en\/wp-json\/wp\/v2\/categories?post=12424"},{"taxonomy":"post_tag","embeddable":true,"href":"https:\/\/www.organisator.ch\/en\/wp-json\/wp\/v2\/tags?post=12424"}],"curies":[{"name":"wp","href":"https:\/\/api.w.org\/{rel}","templated":true}]}}