{"id":12466,"date":"2022-04-05T15:45:54","date_gmt":"2022-04-05T13:45:54","guid":{"rendered":"https:\/\/www.organisator.ch\/?p=12466"},"modified":"2022-04-05T15:45:54","modified_gmt":"2022-04-05T13:45:54","slug":"somnitec-ag-uebernimmt-tecitec","status":"publish","type":"post","link":"https:\/\/www.organisator.ch\/en\/management\/it\/2022-04-05\/somnitec-ag-uebernimmt-tecitec\/","title":{"rendered":"Somnitec AG takes over tecITec"},"content":{"rendered":"<figure id=\"attachment_12467\" aria-describedby=\"caption-attachment-12467\" style=\"width: 680px\" class=\"wp-caption alignnone\"><img loading=\"lazy\" decoding=\"async\" class=\"size-full wp-image-12467\" src=\"https:\/\/www.organisator.ch\/wp-content\/uploads\/2022\/04\/Somnitec-AG-uebernimmt-tecITec_Organisator.jpg\" alt=\"\" width=\"680\" height=\"157\" srcset=\"https:\/\/www.organisator.ch\/wp-content\/uploads\/2022\/04\/Somnitec-AG-uebernimmt-tecITec_Organisator.jpg 680w, https:\/\/www.organisator.ch\/wp-content\/uploads\/2022\/04\/Somnitec-AG-uebernimmt-tecITec_Organisator-18x4.jpg 18w, https:\/\/www.organisator.ch\/wp-content\/uploads\/2022\/04\/Somnitec-AG-uebernimmt-tecITec_Organisator-375x87.jpg 375w, https:\/\/www.organisator.ch\/wp-content\/uploads\/2022\/04\/Somnitec-AG-uebernimmt-tecITec_Organisator-300x69.jpg 300w\" sizes=\"auto, (max-width: 680px) 100vw, 680px\" \/><figcaption id=\"caption-attachment-12467\" class=\"wp-caption-text\">Somnitec AG in Gerlafingen takes over the Modern Workplace specialist tecITec AG from Winkel ZH.<\/figcaption><\/figure>\n<p>In 2020, Somnitec AG, based in Gerlafingen in the canton of Solothurn, realigned itself and focused on three high-growth business areas: Cloud Platform, Application &amp; Business Process Management and Modern Workplace. With the acquisition of tecITec AG, Somnitec has strengthened its position in the provision of modern end user solutions and now employs around 72 people. As a Microsoft Gold Partner and Cloud Solution Provider, the focus is on hybrid cloud solutions for medium to large, also internationally active SMEs. Somnitec offers integrated business IT solutions from consulting to operation, with its own private cloud platform and professional support organization. Managed services around Microsoft, the partnership with SAP and many years of experience in the operation of SAP\/SAP HANA environments are also part of the company's portfolio.<\/p>\n<p>teclTec AG, in turn, specializes in the automated provision and management of high-quality Modern Workplace environments. The SME-focused business is perfectly complemented with the help of the Microsoft 365 portfolio. The balance of security requirements and usability, combined with a high degree of standardization, offers customers an outstanding user experience, according to the company.<\/p>\n<p>\"I am very pleased to further develop the existing SME business together with a strong and renowned partner like Somnitec AG and to become part of the Somnitec family,\" explains teclTec AG's Managing Director Leontina Hoti. \"Through the acquisition of teclTec AG and its solution portfolio, we will be able to meet the needs of our SME customers in an even better and more standardized way in the future. With Leontina Hoti, we are also gaining another strong personality who will develop the business together with us and fits perfectly into the Somnitec family!\" adds Vanja Rohr, CEO of Somnitec AG.<\/p>\n<p><em><a href=\"http:\/\/www.somnitec.ch\">More information<\/a><\/em><\/p>","protected":false},"excerpt":{"rendered":"<p>2020 richtete sich Somnitec AG mit Sitz im solothurnischen Gerlafingen neu aus und legte den Fokus auf drei wachstumsstarke Gesch\u00e4ftsbereiche: Cloud Plattform, Application &amp; Business Process Management und Modern Workplace. Mit dem Erwerb der tecITec AG verst\u00e4rkt sich Somnitec in der Bereitstellung moderner End User L\u00f6sungen und besch\u00e4ftigt nun rund 72 Mitarbeitende. Als Microsoft Gold [&hellip;]<\/p>\n","protected":false},"author":4,"featured_media":12467,"comment_status":"closed","ping_status":"closed","sticky":false,"template":"","format":"standard","meta":{"_acf_changed":false,"_yoast_wpseo_focuskw":"Somnitec AG","_yoast_wpseo_metadesc":"Mit dem Erwerb der tecITec AG im Februar 2022 verst\u00e4rkt sich die Somnitec AG im schnell wachsenden Gesch\u00e4ftsfeld Modern Workplace.","articlekey":"","footnotes":""},"categories":[27],"tags":[155,287,492],"class_list":["post-12466","post","type-post","status-publish","format-standard","has-post-thumbnail","hentry","category-it","tag-digital-workplace","tag-itbusiness-software","tag-unternehmen"],"acf":[],"yoast_head":"<!-- This site is optimized with the Yoast SEO plugin v27.5 - https:\/\/yoast.com\/product\/yoast-seo-wordpress\/ -->\n<title>Somnitec AG \u00fcbernimmt tecITec - Organisator<\/title>\n<meta name=\"description\" content=\"Mit dem Erwerb der tecITec AG im Februar 2022 verst\u00e4rkt sich die Somnitec AG im schnell wachsenden Gesch\u00e4ftsfeld Modern Workplace.\" \/>\n<meta name=\"robots\" content=\"index, follow, max-snippet:-1, max-image-preview:large, max-video-preview:-1\" \/>\n<link rel=\"canonical\" href=\"https:\/\/www.organisator.ch\/en\/management\/it\/2022-04-05\/somnitec-ag-uebernimmt-tecitec\/\" \/>\n<meta property=\"og:locale\" content=\"en_US\" \/>\n<meta property=\"og:type\" content=\"article\" \/>\n<meta property=\"og:title\" content=\"Somnitec AG \u00fcbernimmt tecITec\" \/>\n<meta property=\"og:description\" content=\"Mit dem Erwerb der tecITec AG im Februar 2022 verst\u00e4rkt sich die Somnitec AG im schnell wachsenden Gesch\u00e4ftsfeld Modern Workplace.\" \/>\n<meta property=\"og:url\" content=\"https:\/\/www.organisator.ch\/en\/management\/it\/2022-04-05\/somnitec-ag-uebernimmt-tecitec\/\" \/>\n<meta property=\"og:site_name\" content=\"Organisator\" \/>\n<meta property=\"article:publisher\" content=\"https:\/\/www.facebook.com\/OrganisatorFachmagazin\" \/>\n<meta property=\"article:published_time\" content=\"2022-04-05T13:45:54+00:00\" \/>\n<meta property=\"og:image\" content=\"https:\/\/www.organisator.ch\/wp-content\/uploads\/2022\/04\/Somnitec-AG-uebernimmt-tecITec_Organisator.jpg\" \/>\n\t<meta property=\"og:image:width\" content=\"680\" \/>\n\t<meta property=\"og:image:height\" content=\"157\" \/>\n\t<meta property=\"og:image:type\" content=\"image\/jpeg\" \/>\n<meta name=\"author\" content=\"thomas.berner\" \/>\n<meta name=\"twitter:card\" content=\"summary_large_image\" \/>\n<meta name=\"twitter:title\" content=\"#Somnitec AG \u00fcbernimmt #tecITec\" \/>\n<meta name=\"twitter:description\" content=\"Mit dem Erwerb der #tecITec AG im Februar 2022 verst\u00e4rkt sich die #Somnitec AG im schnell wachsenden Gesch\u00e4ftsfeld Modern #Workplace.\" \/>\n<script type=\"application\/ld+json\" class=\"yoast-schema-graph\">{\"@context\":\"https:\\\/\\\/schema.org\",\"@graph\":[{\"@type\":\"Article\",\"@id\":\"https:\\\/\\\/www.organisator.ch\\\/management\\\/it\\\/2022-04-05\\\/somnitec-ag-uebernimmt-tecitec\\\/#article\",\"isPartOf\":{\"@id\":\"https:\\\/\\\/www.organisator.ch\\\/management\\\/it\\\/2022-04-05\\\/somnitec-ag-uebernimmt-tecitec\\\/\"},\"author\":{\"name\":\"thomas.berner\",\"@id\":\"https:\\\/\\\/www.organisator.ch\\\/#\\\/schema\\\/person\\\/6f650f90b2842cd4c0cc334b4e36f67e\"},\"headline\":\"Somnitec AG \u00fcbernimmt tecITec\",\"datePublished\":\"2022-04-05T13:45:54+00:00\",\"mainEntityOfPage\":{\"@id\":\"https:\\\/\\\/www.organisator.ch\\\/management\\\/it\\\/2022-04-05\\\/somnitec-ag-uebernimmt-tecitec\\\/\"},\"wordCount\":309,\"publisher\":{\"@id\":\"https:\\\/\\\/www.organisator.ch\\\/#organization\"},\"image\":{\"@id\":\"https:\\\/\\\/www.organisator.ch\\\/management\\\/it\\\/2022-04-05\\\/somnitec-ag-uebernimmt-tecitec\\\/#primaryimage\"},\"thumbnailUrl\":\"https:\\\/\\\/www.organisator.ch\\\/wp-content\\\/uploads\\\/2022\\\/04\\\/Somnitec-AG-uebernimmt-tecITec_Organisator.jpg\",\"keywords\":[\"Digital Workplace\",\"IT\u2009&amp;\u2009Business Software\",\"Unternehmen\"],\"articleSection\":[\"IT\"],\"inLanguage\":\"en-US\"},{\"@type\":\"WebPage\",\"@id\":\"https:\\\/\\\/www.organisator.ch\\\/management\\\/it\\\/2022-04-05\\\/somnitec-ag-uebernimmt-tecitec\\\/\",\"url\":\"https:\\\/\\\/www.organisator.ch\\\/management\\\/it\\\/2022-04-05\\\/somnitec-ag-uebernimmt-tecitec\\\/\",\"name\":\"Somnitec AG \u00fcbernimmt tecITec - Organisator\",\"isPartOf\":{\"@id\":\"https:\\\/\\\/www.organisator.ch\\\/#website\"},\"primaryImageOfPage\":{\"@id\":\"https:\\\/\\\/www.organisator.ch\\\/management\\\/it\\\/2022-04-05\\\/somnitec-ag-uebernimmt-tecitec\\\/#primaryimage\"},\"image\":{\"@id\":\"https:\\\/\\\/www.organisator.ch\\\/management\\\/it\\\/2022-04-05\\\/somnitec-ag-uebernimmt-tecitec\\\/#primaryimage\"},\"thumbnailUrl\":\"https:\\\/\\\/www.organisator.ch\\\/wp-content\\\/uploads\\\/2022\\\/04\\\/Somnitec-AG-uebernimmt-tecITec_Organisator.jpg\",\"datePublished\":\"2022-04-05T13:45:54+00:00\",\"description\":\"Mit dem Erwerb der tecITec AG im Februar 2022 verst\u00e4rkt sich die Somnitec AG im schnell wachsenden Gesch\u00e4ftsfeld Modern Workplace.\",\"breadcrumb\":{\"@id\":\"https:\\\/\\\/www.organisator.ch\\\/management\\\/it\\\/2022-04-05\\\/somnitec-ag-uebernimmt-tecitec\\\/#breadcrumb\"},\"inLanguage\":\"en-US\",\"potentialAction\":[{\"@type\":\"ReadAction\",\"target\":[\"https:\\\/\\\/www.organisator.ch\\\/management\\\/it\\\/2022-04-05\\\/somnitec-ag-uebernimmt-tecitec\\\/\"]}]},{\"@type\":\"ImageObject\",\"inLanguage\":\"en-US\",\"@id\":\"https:\\\/\\\/www.organisator.ch\\\/management\\\/it\\\/2022-04-05\\\/somnitec-ag-uebernimmt-tecitec\\\/#primaryimage\",\"url\":\"https:\\\/\\\/www.organisator.ch\\\/wp-content\\\/uploads\\\/2022\\\/04\\\/Somnitec-AG-uebernimmt-tecITec_Organisator.jpg\",\"contentUrl\":\"https:\\\/\\\/www.organisator.ch\\\/wp-content\\\/uploads\\\/2022\\\/04\\\/Somnitec-AG-uebernimmt-tecITec_Organisator.jpg\",\"width\":680,\"height\":157,\"caption\":\"Die Somnitec AG \u00fcbernimmt den Modern Workplace Spezialisten tecITec AG.\"},{\"@type\":\"BreadcrumbList\",\"@id\":\"https:\\\/\\\/www.organisator.ch\\\/management\\\/it\\\/2022-04-05\\\/somnitec-ag-uebernimmt-tecitec\\\/#breadcrumb\",\"itemListElement\":[{\"@type\":\"ListItem\",\"position\":1,\"name\":\"Home\",\"item\":\"https:\\\/\\\/www.organisator.ch\\\/\"},{\"@type\":\"ListItem\",\"position\":2,\"name\":\"Somnitec AG \u00fcbernimmt tecITec\"}]},{\"@type\":\"WebSite\",\"@id\":\"https:\\\/\\\/www.organisator.ch\\\/#website\",\"url\":\"https:\\\/\\\/www.organisator.ch\\\/\",\"name\":\"Organisator\",\"description\":\"Kompetent. Praxisnah. Der ORGANISATOR bereitet in 10 Ausgaben pro Jahr die wesentlichen Themen f\u00fcr F\u00fchrungskr\u00e4fte von KMU auf.\",\"publisher\":{\"@id\":\"https:\\\/\\\/www.organisator.ch\\\/#organization\"},\"potentialAction\":[{\"@type\":\"SearchAction\",\"target\":{\"@type\":\"EntryPoint\",\"urlTemplate\":\"https:\\\/\\\/www.organisator.ch\\\/?s={search_term_string}\"},\"query-input\":{\"@type\":\"PropertyValueSpecification\",\"valueRequired\":true,\"valueName\":\"search_term_string\"}}],\"inLanguage\":\"en-US\"},{\"@type\":\"Organization\",\"@id\":\"https:\\\/\\\/www.organisator.ch\\\/#organization\",\"name\":\"Organisator\",\"url\":\"https:\\\/\\\/www.organisator.ch\\\/\",\"logo\":{\"@type\":\"ImageObject\",\"inLanguage\":\"en-US\",\"@id\":\"https:\\\/\\\/www.organisator.ch\\\/#\\\/schema\\\/logo\\\/image\\\/\",\"url\":\"https:\\\/\\\/www.organisator.ch\\\/wp-content\\\/uploads\\\/2022\\\/01\\\/Logo_Organisator_Website.png\",\"contentUrl\":\"https:\\\/\\\/www.organisator.ch\\\/wp-content\\\/uploads\\\/2022\\\/01\\\/Logo_Organisator_Website.png\",\"width\":800,\"height\":77,\"caption\":\"Organisator\"},\"image\":{\"@id\":\"https:\\\/\\\/www.organisator.ch\\\/#\\\/schema\\\/logo\\\/image\\\/\"},\"sameAs\":[\"https:\\\/\\\/www.facebook.com\\\/OrganisatorFachmagazin\",\"https:\\\/\\\/www.linkedin.com\\\/showcase\\\/organisator-das-magazin-fr-kmu\",\"https:\\\/\\\/www.xing.com\\\/news\\\/pages\\\/organisator-ch-695\",\"https:\\\/\\\/www.youtube.com\\\/channel\\\/UCGP2Sq0iWaZwT3BdIAQFYpw\"]},{\"@type\":\"Person\",\"@id\":\"https:\\\/\\\/www.organisator.ch\\\/#\\\/schema\\\/person\\\/6f650f90b2842cd4c0cc334b4e36f67e\",\"name\":\"thomas.berner\",\"image\":{\"@type\":\"ImageObject\",\"inLanguage\":\"en-US\",\"@id\":\"https:\\\/\\\/secure.gravatar.com\\\/avatar\\\/ac5001d2a36cb6c6cd3e50789007ffca834b477b74a2144564522e944eabff61?s=96&d=mm&r=g\",\"url\":\"https:\\\/\\\/secure.gravatar.com\\\/avatar\\\/ac5001d2a36cb6c6cd3e50789007ffca834b477b74a2144564522e944eabff61?s=96&d=mm&r=g\",\"contentUrl\":\"https:\\\/\\\/secure.gravatar.com\\\/avatar\\\/ac5001d2a36cb6c6cd3e50789007ffca834b477b74a2144564522e944eabff61?s=96&d=mm&r=g\",\"caption\":\"thomas.berner\"},\"url\":\"https:\\\/\\\/www.organisator.ch\\\/en\\\/author\\\/thomas-berner\\\/\"}]}<\/script>\n<!-- \/ Yoast SEO plugin. -->","yoast_head_json":{"title":"Somnitec AG takes over tecITec - organizer","description":"With the acquisition of tecITec AG in February 2022, Somnitec AG strengthens its position in the fast-growing Modern Workplace business segment.","robots":{"index":"index","follow":"follow","max-snippet":"max-snippet:-1","max-image-preview":"max-image-preview:large","max-video-preview":"max-video-preview:-1"},"canonical":"https:\/\/www.organisator.ch\/en\/management\/it\/2022-04-05\/somnitec-ag-uebernimmt-tecitec\/","og_locale":"en_US","og_type":"article","og_title":"Somnitec AG \u00fcbernimmt tecITec","og_description":"Mit dem Erwerb der tecITec AG im Februar 2022 verst\u00e4rkt sich die Somnitec AG im schnell wachsenden Gesch\u00e4ftsfeld Modern Workplace.","og_url":"https:\/\/www.organisator.ch\/en\/management\/it\/2022-04-05\/somnitec-ag-uebernimmt-tecitec\/","og_site_name":"Organisator","article_publisher":"https:\/\/www.facebook.com\/OrganisatorFachmagazin","article_published_time":"2022-04-05T13:45:54+00:00","og_image":[{"width":680,"height":157,"url":"https:\/\/www.organisator.ch\/wp-content\/uploads\/2022\/04\/Somnitec-AG-uebernimmt-tecITec_Organisator.jpg","type":"image\/jpeg"}],"author":"thomas.berner","twitter_card":"summary_large_image","twitter_title":"#Somnitec AG \u00fcbernimmt #tecITec","twitter_description":"Mit dem Erwerb der #tecITec AG im Februar 2022 verst\u00e4rkt sich die #Somnitec AG im schnell wachsenden Gesch\u00e4ftsfeld Modern #Workplace.","schema":{"@context":"https:\/\/schema.org","@graph":[{"@type":"Article","@id":"https:\/\/www.organisator.ch\/management\/it\/2022-04-05\/somnitec-ag-uebernimmt-tecitec\/#article","isPartOf":{"@id":"https:\/\/www.organisator.ch\/management\/it\/2022-04-05\/somnitec-ag-uebernimmt-tecitec\/"},"author":{"name":"thomas.berner","@id":"https:\/\/www.organisator.ch\/#\/schema\/person\/6f650f90b2842cd4c0cc334b4e36f67e"},"headline":"Somnitec AG \u00fcbernimmt tecITec","datePublished":"2022-04-05T13:45:54+00:00","mainEntityOfPage":{"@id":"https:\/\/www.organisator.ch\/management\/it\/2022-04-05\/somnitec-ag-uebernimmt-tecitec\/"},"wordCount":309,"publisher":{"@id":"https:\/\/www.organisator.ch\/#organization"},"image":{"@id":"https:\/\/www.organisator.ch\/management\/it\/2022-04-05\/somnitec-ag-uebernimmt-tecitec\/#primaryimage"},"thumbnailUrl":"https:\/\/www.organisator.ch\/wp-content\/uploads\/2022\/04\/Somnitec-AG-uebernimmt-tecITec_Organisator.jpg","keywords":["Digital Workplace","IT\u2009&amp;\u2009Business Software","Unternehmen"],"articleSection":["IT"],"inLanguage":"en-US"},{"@type":"WebPage","@id":"https:\/\/www.organisator.ch\/management\/it\/2022-04-05\/somnitec-ag-uebernimmt-tecitec\/","url":"https:\/\/www.organisator.ch\/management\/it\/2022-04-05\/somnitec-ag-uebernimmt-tecitec\/","name":"Somnitec AG takes over tecITec - organizer","isPartOf":{"@id":"https:\/\/www.organisator.ch\/#website"},"primaryImageOfPage":{"@id":"https:\/\/www.organisator.ch\/management\/it\/2022-04-05\/somnitec-ag-uebernimmt-tecitec\/#primaryimage"},"image":{"@id":"https:\/\/www.organisator.ch\/management\/it\/2022-04-05\/somnitec-ag-uebernimmt-tecitec\/#primaryimage"},"thumbnailUrl":"https:\/\/www.organisator.ch\/wp-content\/uploads\/2022\/04\/Somnitec-AG-uebernimmt-tecITec_Organisator.jpg","datePublished":"2022-04-05T13:45:54+00:00","description":"With the acquisition of tecITec AG in February 2022, Somnitec AG strengthens its position in the fast-growing Modern Workplace business segment.","breadcrumb":{"@id":"https:\/\/www.organisator.ch\/management\/it\/2022-04-05\/somnitec-ag-uebernimmt-tecitec\/#breadcrumb"},"inLanguage":"en-US","potentialAction":[{"@type":"ReadAction","target":["https:\/\/www.organisator.ch\/management\/it\/2022-04-05\/somnitec-ag-uebernimmt-tecitec\/"]}]},{"@type":"ImageObject","inLanguage":"en-US","@id":"https:\/\/www.organisator.ch\/management\/it\/2022-04-05\/somnitec-ag-uebernimmt-tecitec\/#primaryimage","url":"https:\/\/www.organisator.ch\/wp-content\/uploads\/2022\/04\/Somnitec-AG-uebernimmt-tecITec_Organisator.jpg","contentUrl":"https:\/\/www.organisator.ch\/wp-content\/uploads\/2022\/04\/Somnitec-AG-uebernimmt-tecITec_Organisator.jpg","width":680,"height":157,"caption":"Die Somnitec AG \u00fcbernimmt den Modern Workplace Spezialisten tecITec AG."},{"@type":"BreadcrumbList","@id":"https:\/\/www.organisator.ch\/management\/it\/2022-04-05\/somnitec-ag-uebernimmt-tecitec\/#breadcrumb","itemListElement":[{"@type":"ListItem","position":1,"name":"Home","item":"https:\/\/www.organisator.ch\/"},{"@type":"ListItem","position":2,"name":"Somnitec AG \u00fcbernimmt tecITec"}]},{"@type":"WebSite","@id":"https:\/\/www.organisator.ch\/#website","url":"https:\/\/www.organisator.ch\/","name":"Organizer","description":"Competent. Practical. In 10 issues per year, ORGANISATOR presents the essential topics for managers of SMEs.","publisher":{"@id":"https:\/\/www.organisator.ch\/#organization"},"potentialAction":[{"@type":"SearchAction","target":{"@type":"EntryPoint","urlTemplate":"https:\/\/www.organisator.ch\/?s={search_term_string}"},"query-input":{"@type":"PropertyValueSpecification","valueRequired":true,"valueName":"search_term_string"}}],"inLanguage":"en-US"},{"@type":"Organization","@id":"https:\/\/www.organisator.ch\/#organization","name":"Organizer","url":"https:\/\/www.organisator.ch\/","logo":{"@type":"ImageObject","inLanguage":"en-US","@id":"https:\/\/www.organisator.ch\/#\/schema\/logo\/image\/","url":"https:\/\/www.organisator.ch\/wp-content\/uploads\/2022\/01\/Logo_Organisator_Website.png","contentUrl":"https:\/\/www.organisator.ch\/wp-content\/uploads\/2022\/01\/Logo_Organisator_Website.png","width":800,"height":77,"caption":"Organisator"},"image":{"@id":"https:\/\/www.organisator.ch\/#\/schema\/logo\/image\/"},"sameAs":["https:\/\/www.facebook.com\/OrganisatorFachmagazin","https:\/\/www.linkedin.com\/showcase\/organisator-das-magazin-fr-kmu","https:\/\/www.xing.com\/news\/pages\/organisator-ch-695","https:\/\/www.youtube.com\/channel\/UCGP2Sq0iWaZwT3BdIAQFYpw"]},{"@type":"Person","@id":"https:\/\/www.organisator.ch\/#\/schema\/person\/6f650f90b2842cd4c0cc334b4e36f67e","name":"thomas.berner","image":{"@type":"ImageObject","inLanguage":"en-US","@id":"https:\/\/secure.gravatar.com\/avatar\/ac5001d2a36cb6c6cd3e50789007ffca834b477b74a2144564522e944eabff61?s=96&d=mm&r=g","url":"https:\/\/secure.gravatar.com\/avatar\/ac5001d2a36cb6c6cd3e50789007ffca834b477b74a2144564522e944eabff61?s=96&d=mm&r=g","contentUrl":"https:\/\/secure.gravatar.com\/avatar\/ac5001d2a36cb6c6cd3e50789007ffca834b477b74a2144564522e944eabff61?s=96&d=mm&r=g","caption":"thomas.berner"},"url":"https:\/\/www.organisator.ch\/en\/author\/thomas-berner\/"}]}},"_links":{"self":[{"href":"https:\/\/www.organisator.ch\/en\/wp-json\/wp\/v2\/posts\/12466","targetHints":{"allow":["GET"]}}],"collection":[{"href":"https:\/\/www.organisator.ch\/en\/wp-json\/wp\/v2\/posts"}],"about":[{"href":"https:\/\/www.organisator.ch\/en\/wp-json\/wp\/v2\/types\/post"}],"author":[{"embeddable":true,"href":"https:\/\/www.organisator.ch\/en\/wp-json\/wp\/v2\/users\/4"}],"replies":[{"embeddable":true,"href":"https:\/\/www.organisator.ch\/en\/wp-json\/wp\/v2\/comments?post=12466"}],"version-history":[{"count":1,"href":"https:\/\/www.organisator.ch\/en\/wp-json\/wp\/v2\/posts\/12466\/revisions"}],"predecessor-version":[{"id":12468,"href":"https:\/\/www.organisator.ch\/en\/wp-json\/wp\/v2\/posts\/12466\/revisions\/12468"}],"wp:featuredmedia":[{"embeddable":true,"href":"https:\/\/www.organisator.ch\/en\/wp-json\/wp\/v2\/media\/12467"}],"wp:attachment":[{"href":"https:\/\/www.organisator.ch\/en\/wp-json\/wp\/v2\/media?parent=12466"}],"wp:term":[{"taxonomy":"category","embeddable":true,"href":"https:\/\/www.organisator.ch\/en\/wp-json\/wp\/v2\/categories?post=12466"},{"taxonomy":"post_tag","embeddable":true,"href":"https:\/\/www.organisator.ch\/en\/wp-json\/wp\/v2\/tags?post=12466"}],"curies":[{"name":"wp","href":"https:\/\/api.w.org\/{rel}","templated":true}]}}