{"id":12537,"date":"2022-04-07T16:48:06","date_gmt":"2022-04-07T14:48:06","guid":{"rendered":"https:\/\/www.m-q.ch\/?p=16135"},"modified":"2022-08-01T13:55:53","modified_gmt":"2022-08-01T11:55:53","slug":"swiss-cyber-security-days-2022-waren-ein-voller-erfolg","status":"publish","type":"post","link":"https:\/\/www.organisator.ch\/en\/operational-excellence\/2022-04-07\/swiss-cyber-security-days-2022-waren-ein-voller-erfolg\/","title":{"rendered":"Swiss Cyber Security Days 2022 were a complete success"},"content":{"rendered":"<figure id=\"attachment_16136\" class=\"wp-caption alignnone\" style=\"width: 680px\" aria-describedby=\"caption-attachment-16136\"><img class=\"alignnone wp-image-16136 size-full\" src=\"https:\/\/www.m-q.ch\/wp-content\/uploads\/2022\/04\/Swiss-Cyber-Security-Days-2022-waren-ein-voller-Erfolg_MQ.jpg\" alt=\"Swiss Cyber Security Days\" width=\"680\" height=\"400\" \/><figcaption id=\"caption-attachment-16136\" class=\"wp-caption-text\">U.S. President Joe Biden's advisor on cybersecurity issues Chris Inglis stressed the importance of good cooperation, as cyberspace knows no national borders, and praised Switzerland's potential for innovation. (Image: SCSD)<\/figcaption><\/figure>\r\nThe Swiss Cyber Security Days 2022 (SCSD 2022), the most important meeting on cyber security in Switzerland, brought together key decision-makers and experts in the field of cyber security at national and international level and around 2,000 visitors on Wednesday, April 6 and Thursday, April 7. The first day focused on key global security issues for Switzerland. At the opening ceremony, National Councilor and SCSD President Doris Fiala and Daniel Berger, president of Cyber Resilience Ltd, which is organizing the event, pointed out that the increase in infrastructures and data transfer volumes is leading to ever greater vulnerabilities. Moreover, these processes have been accelerated by the pandemic. Companies and administrations are confronted with and threatened by cybercrime on a daily basis, he said. Olivier Curty, President of the State Council of the Canton of Fribourg, also welcomed the participants on the first day in a welcoming message and underlined the importance of cyber security for the cantons.\r\n<h2>Global security issues on the first day of the Swiss Cyber Security Days 2022<\/h2>\r\nAmong the highlights of the first day of the congress was the presentation by Chris Inglis, National Cyber Director and Advisor to the President of the United States Joe Biden. He stressed the importance of good cooperation. Cyberspace knows no national borders, Inglis warned, praising the potential of Swiss innovations. Florian Sch\u00fctz, the Swiss government's delegate for cybersecurity, looked back at developments in recent years. He said the Swiss government has made a lot of progress and is currently working on the second version of the national cyber risk protection strategy. Div. Alan Vuitel, head of the Armed Forces Cyber Command project, looked at cybersecurity from a military perspective. He spoke about the main challenges we currently face from a national security perspective.\r\n<h2>SMEs in focus on the second day<\/h2>\r\nOn the second day, the event focused on cybersecurity in SMEs. Gerhard Andrey, entrepreneur and member of the National Council, spoke about how the aviation industry has been dealing with technical defects in complex systems for decades. This is achieved by means of precise, complete information transmission and transparency. He calls for this to become the standard in dealing with cybersecurity as well. In a panel organized by the insurance company Mobiliar, Susanne Maurer, Editor Corporate Communication, Andreas H\u00f6lzli, Head of Competence Center Cyber Risk, and Thomas K\u00fchne, CIO, discussed a recent GFS study showing that one in three companies has already been the victim of a cyber attack. The greatest risk is and remains the employees themselves, whose awareness makes an important contribution to prevention.\r\n\r\n<a href=\"https:\/\/www.m-q.ch\/de\/tatort-wirtschaft\/\">Nicolas Mayencourt<\/a>, CEO and founder of Dreamlab Technologies, and Prof. Dr. Marc K. Peter, Head of Centre for Digital Transformation at FHNW, presented the annual edition of the State of Swiss Cyberspace. The study conducted a full scan of Switzerland's public attack surface and presented vulnerabilities by sector for the first time. The study found that the three sectors of education, healthcare and government have the most vulnerabilities.\r\n<h2>Presentation of the SCION project of ETH<\/h2>\r\nETH's SCION project was presented to the public for the first time at the SCSD. The secure Internet architecture SCION offers increased security, availability and performance. The SCI-ED project enables secure and highly available communication between institutions of the ETH Domain and partners. The project was presented by Adrian Perrig, ETH \/ SCION, Martin Bosshardt, Anapaya, Florian Sch\u00fctz, NCSC, August Benz, SBA, Urs Fischer, HIN, Stefan Berg, Swisscom, and Robert Wigger, Sunrise Impulse.\r\n<h2>Swiss Cyber Security Days 2022: 130 conferences, panels, expert discussions<\/h2>\r\nAfter last year's edition was held entirely online due to the pandemic, they were even more pleased that Cyber Security Days could be held on-site again this year. B\u00e9at Kunz, CEO of SCSD, says: \"Although we were very satisfied with the virtual edition, it doesn't replace the personal contacts that are made, especially in the exhibition area.\" More than 100 exhibitors had gathered at Forum Fribourg. During the two days, more than 130 conferences, panels, expert discussions, best practices and round tables took place. In addition to the key-notes, the Expert Tracks offered many interesting technical presentations and innovations on both days and the two Best Practices Tracks were also a great success. This year, for the first time, admission to the exhibition and the Best Practice Tracks (comprising 20 presentations per day) was free of charge. The Swiss Cyber Security Days 2023 will take place on March 29 and 30.\r\n\r\n<a href=\"http:\/\/www.swisscybersecuritydays.ch\/\"><em>www.swisscybersecuritydays.ch<\/em><\/a>\n<p class=\"syndicated-attribution\">This article originally appeared on m-q.ch - <a href=\"https:\/\/www.m-q.ch\/de\/swiss-cyber-security-days-2022-waren-ein-voller-erfolg\/\" target=\"_blank\">https:\/\/www.m-q.ch\/de\/swiss-cyber-security-days-2022-waren-ein-voller-erfolg\/<\/a><\/p>","protected":false},"excerpt":{"rendered":"<p>Die Swiss Cyber Security Days 2022 (SCSD 2022), das wichtigste Treffen zum Thema Cybersicherheit in der Schweiz, brachte am Mittwoch, 6. und Donnerstag, 7. April die wichtigsten Entscheidungstr\u00e4ger und Experten im Bereich Cybersicherheit auf nationaler und internationaler Ebene und rund 2\u2019000 Besucherinnen und Besucher zusammen. Der erste Tag konzentrierte sich auf wichtige globale Sicherheitsfragen f\u00fcr [\u2026]<\/p>\n","protected":false},"author":8,"featured_media":0,"comment_status":"closed","ping_status":"closed","sticky":false,"template":"","format":"standard","meta":{"_acf_changed":false,"_yoast_wpseo_focuskw":"Swiss Cyber Security Days","_yoast_wpseo_metadesc":"Die Swiss Cyber Security Days 2022 boten mit dem amerikanischen Cyber Security Director und Berater von Pr\u00e4sident Joe Biden einen hochstehenden Wissensinput f\u00fcr das Publikum und die Schweiz.","articlekey":"","footnotes":""},"categories":[582],"tags":[2804],"class_list":["post-12537","post","type-post","status-publish","format-standard","hentry","category-operational-excellence","tag-swiss-cyber-security-days"],"acf":[],"yoast_head":"<!-- This site is optimized with the Yoast SEO plugin v27.5 - https:\/\/yoast.com\/product\/yoast-seo-wordpress\/ -->\n<title>Swiss Cyber Security Days 2022 waren ein voller Erfolg - Organisator<\/title>\n<meta name=\"description\" content=\"Die Swiss Cyber Security Days 2022 boten mit dem amerikanischen Cyber Security Director und Berater von Pr\u00e4sident Joe Biden einen hochstehenden Wissensinput f\u00fcr das Publikum und die Schweiz.\" \/>\n<meta name=\"robots\" content=\"index, follow, max-snippet:-1, max-image-preview:large, max-video-preview:-1\" \/>\n<link rel=\"canonical\" href=\"https:\/\/www.m-q.ch\/de\/swiss-cyber-security-days-2022-waren-ein-voller-erfolg\/\" \/>\n<meta property=\"og:locale\" content=\"en_US\" \/>\n<meta property=\"og:type\" content=\"article\" \/>\n<meta property=\"og:title\" content=\"Swiss Cyber Security Days 2022 waren ein voller Erfolg - Organisator\" \/>\n<meta property=\"og:description\" content=\"Die Swiss Cyber Security Days 2022 boten mit dem amerikanischen Cyber Security Director und Berater von Pr\u00e4sident Joe Biden einen hochstehenden Wissensinput f\u00fcr das Publikum und die Schweiz.\" \/>\n<meta property=\"og:url\" content=\"https:\/\/www.m-q.ch\/de\/swiss-cyber-security-days-2022-waren-ein-voller-erfolg\/\" \/>\n<meta property=\"og:site_name\" content=\"Organisator\" \/>\n<meta property=\"article:publisher\" content=\"https:\/\/www.facebook.com\/OrganisatorFachmagazin\" \/>\n<meta property=\"article:published_time\" content=\"2022-04-07T14:48:06+00:00\" \/>\n<meta property=\"article:modified_time\" content=\"2022-08-01T11:55:53+00:00\" \/>\n<meta property=\"og:image\" content=\"https:\/\/www.m-q.ch\/wp-content\/uploads\/2022\/04\/Swiss-Cyber-Security-Days-2022-waren-ein-voller-Erfolg_MQ.jpg\" \/>\n<meta name=\"author\" content=\"galledia\" \/>\n<meta name=\"twitter:card\" content=\"summary_large_image\" \/>\n<meta name=\"twitter:creator\" content=\"@admin\" \/>\n<script type=\"application\/ld+json\" class=\"yoast-schema-graph\">{\"@context\":\"https:\\\/\\\/schema.org\",\"@graph\":[{\"@type\":\"Article\",\"@id\":\"https:\\\/\\\/www.m-q.ch\\\/de\\\/swiss-cyber-security-days-2022-waren-ein-voller-erfolg\\\/#article\",\"isPartOf\":{\"@id\":\"https:\\\/\\\/www.organisator.ch\\\/operational-excellence\\\/2022-04-07\\\/swiss-cyber-security-days-2022-waren-ein-voller-erfolg\\\/\"},\"author\":{\"name\":\"galledia\",\"@id\":\"https:\\\/\\\/www.organisator.ch\\\/#\\\/schema\\\/person\\\/4e51799071cd2dd1232ac003643ef5f0\"},\"headline\":\"Swiss Cyber Security Days 2022 waren ein voller Erfolg\",\"datePublished\":\"2022-04-07T14:48:06+00:00\",\"dateModified\":\"2022-08-01T11:55:53+00:00\",\"mainEntityOfPage\":{\"@id\":\"https:\\\/\\\/www.organisator.ch\\\/operational-excellence\\\/2022-04-07\\\/swiss-cyber-security-days-2022-waren-ein-voller-erfolg\\\/\"},\"wordCount\":758,\"publisher\":{\"@id\":\"https:\\\/\\\/www.organisator.ch\\\/#organization\"},\"image\":{\"@id\":\"https:\\\/\\\/www.m-q.ch\\\/de\\\/swiss-cyber-security-days-2022-waren-ein-voller-erfolg\\\/#primaryimage\"},\"thumbnailUrl\":\"https:\\\/\\\/www.m-q.ch\\\/wp-content\\\/uploads\\\/2022\\\/04\\\/Swiss-Cyber-Security-Days-2022-waren-ein-voller-Erfolg_MQ.jpg\",\"keywords\":[\"Swiss Cyber Security Days\"],\"articleSection\":[\"OPERATIONAL EXCELLENCE\"],\"inLanguage\":\"en-US\"},{\"@type\":\"WebPage\",\"@id\":\"https:\\\/\\\/www.organisator.ch\\\/operational-excellence\\\/2022-04-07\\\/swiss-cyber-security-days-2022-waren-ein-voller-erfolg\\\/\",\"url\":\"https:\\\/\\\/www.m-q.ch\\\/de\\\/swiss-cyber-security-days-2022-waren-ein-voller-erfolg\\\/\",\"name\":\"Swiss Cyber Security Days 2022 waren ein voller Erfolg - Organisator\",\"isPartOf\":{\"@id\":\"https:\\\/\\\/www.organisator.ch\\\/#website\"},\"primaryImageOfPage\":{\"@id\":\"https:\\\/\\\/www.m-q.ch\\\/de\\\/swiss-cyber-security-days-2022-waren-ein-voller-erfolg\\\/#primaryimage\"},\"image\":{\"@id\":\"https:\\\/\\\/www.m-q.ch\\\/de\\\/swiss-cyber-security-days-2022-waren-ein-voller-erfolg\\\/#primaryimage\"},\"thumbnailUrl\":\"https:\\\/\\\/www.m-q.ch\\\/wp-content\\\/uploads\\\/2022\\\/04\\\/Swiss-Cyber-Security-Days-2022-waren-ein-voller-Erfolg_MQ.jpg\",\"datePublished\":\"2022-04-07T14:48:06+00:00\",\"dateModified\":\"2022-08-01T11:55:53+00:00\",\"description\":\"Die Swiss Cyber Security Days 2022 boten mit dem amerikanischen Cyber Security Director und Berater von Pr\u00e4sident Joe Biden einen hochstehenden Wissensinput f\u00fcr das Publikum und die Schweiz.\",\"breadcrumb\":{\"@id\":\"https:\\\/\\\/www.m-q.ch\\\/de\\\/swiss-cyber-security-days-2022-waren-ein-voller-erfolg\\\/#breadcrumb\"},\"inLanguage\":\"en-US\",\"potentialAction\":[{\"@type\":\"ReadAction\",\"target\":[\"https:\\\/\\\/www.m-q.ch\\\/de\\\/swiss-cyber-security-days-2022-waren-ein-voller-erfolg\\\/\"]}]},{\"@type\":\"ImageObject\",\"inLanguage\":\"en-US\",\"@id\":\"https:\\\/\\\/www.m-q.ch\\\/de\\\/swiss-cyber-security-days-2022-waren-ein-voller-erfolg\\\/#primaryimage\",\"url\":\"https:\\\/\\\/www.m-q.ch\\\/wp-content\\\/uploads\\\/2022\\\/04\\\/Swiss-Cyber-Security-Days-2022-waren-ein-voller-Erfolg_MQ.jpg\",\"contentUrl\":\"https:\\\/\\\/www.m-q.ch\\\/wp-content\\\/uploads\\\/2022\\\/04\\\/Swiss-Cyber-Security-Days-2022-waren-ein-voller-Erfolg_MQ.jpg\"},{\"@type\":\"BreadcrumbList\",\"@id\":\"https:\\\/\\\/www.m-q.ch\\\/de\\\/swiss-cyber-security-days-2022-waren-ein-voller-erfolg\\\/#breadcrumb\",\"itemListElement\":[{\"@type\":\"ListItem\",\"position\":1,\"name\":\"Home\",\"item\":\"https:\\\/\\\/www.organisator.ch\\\/\"},{\"@type\":\"ListItem\",\"position\":2,\"name\":\"Swiss Cyber Security Days 2022 waren ein voller Erfolg\"}]},{\"@type\":\"WebSite\",\"@id\":\"https:\\\/\\\/www.organisator.ch\\\/#website\",\"url\":\"https:\\\/\\\/www.organisator.ch\\\/\",\"name\":\"Organisator\",\"description\":\"Kompetent. Praxisnah. Der ORGANISATOR bereitet in 10 Ausgaben pro Jahr die wesentlichen Themen f\u00fcr F\u00fchrungskr\u00e4fte von KMU auf.\",\"publisher\":{\"@id\":\"https:\\\/\\\/www.organisator.ch\\\/#organization\"},\"potentialAction\":[{\"@type\":\"SearchAction\",\"target\":{\"@type\":\"EntryPoint\",\"urlTemplate\":\"https:\\\/\\\/www.organisator.ch\\\/?s={search_term_string}\"},\"query-input\":{\"@type\":\"PropertyValueSpecification\",\"valueRequired\":true,\"valueName\":\"search_term_string\"}}],\"inLanguage\":\"en-US\"},{\"@type\":\"Organization\",\"@id\":\"https:\\\/\\\/www.organisator.ch\\\/#organization\",\"name\":\"Organisator\",\"url\":\"https:\\\/\\\/www.organisator.ch\\\/\",\"logo\":{\"@type\":\"ImageObject\",\"inLanguage\":\"en-US\",\"@id\":\"https:\\\/\\\/www.organisator.ch\\\/#\\\/schema\\\/logo\\\/image\\\/\",\"url\":\"https:\\\/\\\/www.organisator.ch\\\/wp-content\\\/uploads\\\/2022\\\/01\\\/Logo_Organisator_Website.png\",\"contentUrl\":\"https:\\\/\\\/www.organisator.ch\\\/wp-content\\\/uploads\\\/2022\\\/01\\\/Logo_Organisator_Website.png\",\"width\":800,\"height\":77,\"caption\":\"Organisator\"},\"image\":{\"@id\":\"https:\\\/\\\/www.organisator.ch\\\/#\\\/schema\\\/logo\\\/image\\\/\"},\"sameAs\":[\"https:\\\/\\\/www.facebook.com\\\/OrganisatorFachmagazin\",\"https:\\\/\\\/www.linkedin.com\\\/showcase\\\/organisator-das-magazin-fr-kmu\",\"https:\\\/\\\/www.xing.com\\\/news\\\/pages\\\/organisator-ch-695\",\"https:\\\/\\\/www.youtube.com\\\/channel\\\/UCGP2Sq0iWaZwT3BdIAQFYpw\"]},{\"@type\":\"Person\",\"@id\":\"https:\\\/\\\/www.organisator.ch\\\/#\\\/schema\\\/person\\\/4e51799071cd2dd1232ac003643ef5f0\",\"name\":\"galledia\",\"image\":{\"@type\":\"ImageObject\",\"inLanguage\":\"en-US\",\"@id\":\"https:\\\/\\\/secure.gravatar.com\\\/avatar\\\/78a7f90c01fc2bfc875782a0d4922b37cde2cf184ce347b91316d23cd7f69a36?s=96&d=mm&r=g\",\"url\":\"https:\\\/\\\/secure.gravatar.com\\\/avatar\\\/78a7f90c01fc2bfc875782a0d4922b37cde2cf184ce347b91316d23cd7f69a36?s=96&d=mm&r=g\",\"contentUrl\":\"https:\\\/\\\/secure.gravatar.com\\\/avatar\\\/78a7f90c01fc2bfc875782a0d4922b37cde2cf184ce347b91316d23cd7f69a36?s=96&d=mm&r=g\",\"caption\":\"galledia\"},\"sameAs\":[\"https:\\\/\\\/x.com\\\/admin\"],\"url\":\"https:\\\/\\\/www.organisator.ch\\\/en\\\/author\\\/galledia\\\/\"}]}<\/script>\n<!-- \/ Yoast SEO plugin. -->","yoast_head_json":{"title":"Swiss Cyber Security Days 2022 were a complete success - organizer","description":"The Swiss Cyber Security Days 2022 offered a high-level knowledge input for the audience and Switzerland with the American Cyber Security Director and advisor to President Joe Biden.","robots":{"index":"index","follow":"follow","max-snippet":"max-snippet:-1","max-image-preview":"max-image-preview:large","max-video-preview":"max-video-preview:-1"},"canonical":"https:\/\/www.m-q.ch\/de\/swiss-cyber-security-days-2022-waren-ein-voller-erfolg\/","og_locale":"en_US","og_type":"article","og_title":"Swiss Cyber Security Days 2022 waren ein voller Erfolg - Organisator","og_description":"Die Swiss Cyber Security Days 2022 boten mit dem amerikanischen Cyber Security Director und Berater von Pr\u00e4sident Joe Biden einen hochstehenden Wissensinput f\u00fcr das Publikum und die Schweiz.","og_url":"https:\/\/www.m-q.ch\/de\/swiss-cyber-security-days-2022-waren-ein-voller-erfolg\/","og_site_name":"Organisator","article_publisher":"https:\/\/www.facebook.com\/OrganisatorFachmagazin","article_published_time":"2022-04-07T14:48:06+00:00","article_modified_time":"2022-08-01T11:55:53+00:00","og_image":[{"url":"https:\/\/www.m-q.ch\/wp-content\/uploads\/2022\/04\/Swiss-Cyber-Security-Days-2022-waren-ein-voller-Erfolg_MQ.jpg","type":"","width":"","height":""}],"author":"galledia","twitter_card":"summary_large_image","twitter_creator":"@admin","schema":{"@context":"https:\/\/schema.org","@graph":[{"@type":"Article","@id":"https:\/\/www.m-q.ch\/de\/swiss-cyber-security-days-2022-waren-ein-voller-erfolg\/#article","isPartOf":{"@id":"https:\/\/www.organisator.ch\/operational-excellence\/2022-04-07\/swiss-cyber-security-days-2022-waren-ein-voller-erfolg\/"},"author":{"name":"galledia","@id":"https:\/\/www.organisator.ch\/#\/schema\/person\/4e51799071cd2dd1232ac003643ef5f0"},"headline":"Swiss Cyber Security Days 2022 waren ein voller Erfolg","datePublished":"2022-04-07T14:48:06+00:00","dateModified":"2022-08-01T11:55:53+00:00","mainEntityOfPage":{"@id":"https:\/\/www.organisator.ch\/operational-excellence\/2022-04-07\/swiss-cyber-security-days-2022-waren-ein-voller-erfolg\/"},"wordCount":758,"publisher":{"@id":"https:\/\/www.organisator.ch\/#organization"},"image":{"@id":"https:\/\/www.m-q.ch\/de\/swiss-cyber-security-days-2022-waren-ein-voller-erfolg\/#primaryimage"},"thumbnailUrl":"https:\/\/www.m-q.ch\/wp-content\/uploads\/2022\/04\/Swiss-Cyber-Security-Days-2022-waren-ein-voller-Erfolg_MQ.jpg","keywords":["Swiss Cyber Security Days"],"articleSection":["OPERATIONAL EXCELLENCE"],"inLanguage":"en-US"},{"@type":"WebPage","@id":"https:\/\/www.organisator.ch\/operational-excellence\/2022-04-07\/swiss-cyber-security-days-2022-waren-ein-voller-erfolg\/","url":"https:\/\/www.m-q.ch\/de\/swiss-cyber-security-days-2022-waren-ein-voller-erfolg\/","name":"Swiss Cyber Security Days 2022 were a complete success - organizer","isPartOf":{"@id":"https:\/\/www.organisator.ch\/#website"},"primaryImageOfPage":{"@id":"https:\/\/www.m-q.ch\/de\/swiss-cyber-security-days-2022-waren-ein-voller-erfolg\/#primaryimage"},"image":{"@id":"https:\/\/www.m-q.ch\/de\/swiss-cyber-security-days-2022-waren-ein-voller-erfolg\/#primaryimage"},"thumbnailUrl":"https:\/\/www.m-q.ch\/wp-content\/uploads\/2022\/04\/Swiss-Cyber-Security-Days-2022-waren-ein-voller-Erfolg_MQ.jpg","datePublished":"2022-04-07T14:48:06+00:00","dateModified":"2022-08-01T11:55:53+00:00","description":"The Swiss Cyber Security Days 2022 offered a high-level knowledge input for the audience and Switzerland with the American Cyber Security Director and advisor to President Joe Biden.","breadcrumb":{"@id":"https:\/\/www.m-q.ch\/de\/swiss-cyber-security-days-2022-waren-ein-voller-erfolg\/#breadcrumb"},"inLanguage":"en-US","potentialAction":[{"@type":"ReadAction","target":["https:\/\/www.m-q.ch\/de\/swiss-cyber-security-days-2022-waren-ein-voller-erfolg\/"]}]},{"@type":"ImageObject","inLanguage":"en-US","@id":"https:\/\/www.m-q.ch\/de\/swiss-cyber-security-days-2022-waren-ein-voller-erfolg\/#primaryimage","url":"https:\/\/www.m-q.ch\/wp-content\/uploads\/2022\/04\/Swiss-Cyber-Security-Days-2022-waren-ein-voller-Erfolg_MQ.jpg","contentUrl":"https:\/\/www.m-q.ch\/wp-content\/uploads\/2022\/04\/Swiss-Cyber-Security-Days-2022-waren-ein-voller-Erfolg_MQ.jpg"},{"@type":"BreadcrumbList","@id":"https:\/\/www.m-q.ch\/de\/swiss-cyber-security-days-2022-waren-ein-voller-erfolg\/#breadcrumb","itemListElement":[{"@type":"ListItem","position":1,"name":"Home","item":"https:\/\/www.organisator.ch\/"},{"@type":"ListItem","position":2,"name":"Swiss Cyber Security Days 2022 waren ein voller Erfolg"}]},{"@type":"WebSite","@id":"https:\/\/www.organisator.ch\/#website","url":"https:\/\/www.organisator.ch\/","name":"Organizer","description":"Competent. Practical. In 10 issues per year, ORGANISATOR presents the essential topics for managers of SMEs.","publisher":{"@id":"https:\/\/www.organisator.ch\/#organization"},"potentialAction":[{"@type":"SearchAction","target":{"@type":"EntryPoint","urlTemplate":"https:\/\/www.organisator.ch\/?s={search_term_string}"},"query-input":{"@type":"PropertyValueSpecification","valueRequired":true,"valueName":"search_term_string"}}],"inLanguage":"en-US"},{"@type":"Organization","@id":"https:\/\/www.organisator.ch\/#organization","name":"Organizer","url":"https:\/\/www.organisator.ch\/","logo":{"@type":"ImageObject","inLanguage":"en-US","@id":"https:\/\/www.organisator.ch\/#\/schema\/logo\/image\/","url":"https:\/\/www.organisator.ch\/wp-content\/uploads\/2022\/01\/Logo_Organisator_Website.png","contentUrl":"https:\/\/www.organisator.ch\/wp-content\/uploads\/2022\/01\/Logo_Organisator_Website.png","width":800,"height":77,"caption":"Organisator"},"image":{"@id":"https:\/\/www.organisator.ch\/#\/schema\/logo\/image\/"},"sameAs":["https:\/\/www.facebook.com\/OrganisatorFachmagazin","https:\/\/www.linkedin.com\/showcase\/organisator-das-magazin-fr-kmu","https:\/\/www.xing.com\/news\/pages\/organisator-ch-695","https:\/\/www.youtube.com\/channel\/UCGP2Sq0iWaZwT3BdIAQFYpw"]},{"@type":"Person","@id":"https:\/\/www.organisator.ch\/#\/schema\/person\/4e51799071cd2dd1232ac003643ef5f0","name":"galledia","image":{"@type":"ImageObject","inLanguage":"en-US","@id":"https:\/\/secure.gravatar.com\/avatar\/78a7f90c01fc2bfc875782a0d4922b37cde2cf184ce347b91316d23cd7f69a36?s=96&d=mm&r=g","url":"https:\/\/secure.gravatar.com\/avatar\/78a7f90c01fc2bfc875782a0d4922b37cde2cf184ce347b91316d23cd7f69a36?s=96&d=mm&r=g","contentUrl":"https:\/\/secure.gravatar.com\/avatar\/78a7f90c01fc2bfc875782a0d4922b37cde2cf184ce347b91316d23cd7f69a36?s=96&d=mm&r=g","caption":"galledia"},"sameAs":["https:\/\/x.com\/admin"],"url":"https:\/\/www.organisator.ch\/en\/author\/galledia\/"}]}},"_links":{"self":[{"href":"https:\/\/www.organisator.ch\/en\/wp-json\/wp\/v2\/posts\/12537","targetHints":{"allow":["GET"]}}],"collection":[{"href":"https:\/\/www.organisator.ch\/en\/wp-json\/wp\/v2\/posts"}],"about":[{"href":"https:\/\/www.organisator.ch\/en\/wp-json\/wp\/v2\/types\/post"}],"author":[{"embeddable":true,"href":"https:\/\/www.organisator.ch\/en\/wp-json\/wp\/v2\/users\/8"}],"replies":[{"embeddable":true,"href":"https:\/\/www.organisator.ch\/en\/wp-json\/wp\/v2\/comments?post=12537"}],"version-history":[{"count":4,"href":"https:\/\/www.organisator.ch\/en\/wp-json\/wp\/v2\/posts\/12537\/revisions"}],"predecessor-version":[{"id":16051,"href":"https:\/\/www.organisator.ch\/en\/wp-json\/wp\/v2\/posts\/12537\/revisions\/16051"}],"wp:attachment":[{"href":"https:\/\/www.organisator.ch\/en\/wp-json\/wp\/v2\/media?parent=12537"}],"wp:term":[{"taxonomy":"category","embeddable":true,"href":"https:\/\/www.organisator.ch\/en\/wp-json\/wp\/v2\/categories?post=12537"},{"taxonomy":"post_tag","embeddable":true,"href":"https:\/\/www.organisator.ch\/en\/wp-json\/wp\/v2\/tags?post=12537"}],"curies":[{"name":"wp","href":"https:\/\/api.w.org\/{rel}","templated":true}]}}