{"id":12592,"date":"2022-04-19T13:43:40","date_gmt":"2022-04-19T11:43:40","guid":{"rendered":"https:\/\/www.m-q.ch\/?p=16228"},"modified":"2022-08-01T15:57:53","modified_gmt":"2022-08-01T13:57:53","slug":"mit-vereinten-kraeften-das-oekosystem-der-schweizer-krankenversicherungen-erneuern","status":"publish","type":"post","link":"https:\/\/www.organisator.ch\/en\/operational-excellence\/2022-04-19\/mit-vereinten-kraeften-das-oekosystem-der-schweizer-krankenversicherungen-erneuern\/","title":{"rendered":"Joining forces to renew the Swiss health insurance ecosystem"},"content":{"rendered":"<div class=\"field__item\"><section id=\"\" class=\"paragraph paragraph--type--rich-text paragraph--view-mode--default\">\r\n<div class=\"container container--10\">\r\n<div class=\"col-10-of-10 col-xs-fullwidth\">\r\n<figure id=\"attachment_16229\" class=\"wp-caption alignnone\" style=\"width: 680px\" aria-describedby=\"caption-attachment-16229\"><img class=\"alignnone wp-image-16229 size-full\" src=\"https:\/\/www.m-q.ch\/wp-content\/uploads\/2022\/04\/Mit-vereinten-Kraeften-das-Oekosystem-der-Schweizer-Krankenversicherungen-erneuern_MQ.jpg\" alt=\"Health insurance\" width=\"680\" height=\"292\" \/><figcaption id=\"caption-attachment-16229\" class=\"wp-caption-text\">Health insurers of all sizes should be able to manage their plans through a platform that requires minimal staff. (Image: Pixabay.com)<\/figcaption><\/figure>\r\nDiverse technology vendors have made significant investments to address health insurance software developments in terms of complexity, cost and technological innovation. This has resulted in leading-edge solutions that address the needs of both insurance companies and their customers. Offering a better user experience while reducing costs was a challenge that required strong, specific competencies and a mid- to long-term strategic perspective.\r\n<h2>Vision: More efficiency in health insurance<\/h2>\r\nThrough the merger, Sumex AG and Secon AG say they intend to live up to a shared vision of improving the efficiency of the Swiss healthcare system through highly automated and fully digital end-to-end processes. \"The two companies complement each other perfectly and the combination of the two solutions opens up new strategic opportunities,\" says<strong>\u00a0Felix Musterle, General Manager of Sumex AG.<\/strong> To this end, the focus is concentrated on the following objectives:\r\n<ul>\r\n \t<li>Lower transaction costs through a high degree of automation and maximum effectiveness in damage control<\/li>\r\n \t<li>Separation of complex tasks from standardized activities, which enables optimal use of specialized resources<\/li>\r\n \t<li>Modular and open software architecture<\/li>\r\n \t<li>A Swiss solution designed to meet the needs of Swiss insurance companies<\/li>\r\n \t<li>Expanded know-how and expertise for innovation and functional coverage that enables Swiss insurance companies to take the next step in their digitization strategy<\/li>\r\n<\/ul>\r\n<\/div>\r\n<\/div>\r\n<\/section><\/div>\r\n<div class=\"field__item\"><section class=\"paragraph paragraph--type--quotation paragraph--view-mode--default box color-black--0 elca-behavior-processed\" data-img=\"\" data-bg=\"\">\r\n<div class=\"inner inner--top inner--top--\">\r\n<div class=\"carousel carousel--white--0\">\r\n<div class=\"container container--10 mb--2 p--4 carousel__box bg-grey--4\">\r\n<div class=\"p--2\">\r\n<p class=\"quote\">\"The ELCA Group is committed to enriching the Swiss market with innovation and supporting digital transformation across all major industries with a clear vision and strategy. This strategic partnership is an important step on this journey and we are very much looking forward to opening a new chapter together with our customers and partners that will bring added value to health insurers and the Swiss population,\" said Yves Pitton, Chief Business Solutions Officer of ELCA Group.<\/p>\r\n\r\n<h2>Pure Swiss Cloud<\/h2>\r\nThe new entity will also benefit from Secon's extensive operational expertise and the ELCA Group's deep competencies in cloud services &amp; management, cybersecurity, data management and engineering capabilities. Already today, several components of the Sumex solution are operated at ELCA Cloud Services in a fully sovereign Swiss cloud, and both companies run their core system for various customers in their own cloud environment or on-premise in the health insurance company's infrastructure. The goal of the strategic partnership is to expand the ways in which health insurers can manage their mission-critical systems today and in the future. \"As long-time customers of Sumex and Secon, we look forward to this partnership and hope to achieve even higher levels of automation in our own processes through the deep integration of the products and combined knowledge,\" says Christof Z\u00fcrcher, CEO of Atupri Health Insurance, for example.\r\n\r\n<em>Source and further information: <a href=\"http:\/\/www.elca.ch\/\">www.elca.ch<\/a><\/em>\r\n\r\n<\/div>\r\n<\/div>\r\n<\/div>\r\n<\/div>\r\n<\/section><\/div>\n<p class=\"syndicated-attribution\">This article originally appeared on m-q.ch - <a href=\"https:\/\/www.m-q.ch\/de\/mit-vereinten-kraeften-das-oekosystem-der-schweizer-krankenversicherungen-erneuern\/\" target=\"_blank\">https:\/\/www.m-q.ch\/de\/mit-vereinten-kraeften-das-oekosystem-der-schweizer-krankenversicherungen-erneuern\/<\/a><\/p>","protected":false},"excerpt":{"rendered":"<p>Diverse Technologieanbieter haben erhebliche Investitionen get\u00e4tigt, um den Softwareentwicklungen bei Krankenversicherungen bez\u00fcglich Komplexit\u00e4t, Kosten und technologischer Innovation gerecht zu werden. Daraus resultierten Spitzenl\u00f6sungen, die sowohl auf die Bed\u00fcrfnisse der Versicherungsunternehmen wie auch deren Kunden eingehen. Ein besseres Benutzererlebnis bei gleichzeitiger Kostensenkung anzubieten war eine Herausforderung, die starke, spezifische Kompetenzen und eine mittel- bis langfristige strategische [\u2026]<\/p>\n","protected":false},"author":8,"featured_media":0,"comment_status":"closed","ping_status":"closed","sticky":false,"template":"","format":"standard","meta":{"_acf_changed":false,"_yoast_wpseo_focuskw":"Krankenversicherungen","_yoast_wpseo_metadesc":"Sumex AG, eine hundertprozentige Tochtergesellschaft der ELCA Gruppe, einem f\u00fchrenden Schweizer Unternehmen f\u00fcr Engineering, Entwicklung und Business Solutions, und Secon AG, ein Prozess- und Datenspezialist f\u00fcr das Kerngesch\u00e4ft der Versicherungen, geben die Gr\u00fcndung einer strategischen Partnerschaft bekannt.","articlekey":"","footnotes":""},"categories":[582],"tags":[2810,2811],"class_list":["post-12592","post","type-post","status-publish","format-standard","hentry","category-operational-excellence","tag-krankenversicherungen","tag-softwareloesungen"],"acf":[],"yoast_head":"<!-- This site is optimized with the Yoast SEO plugin v27.5 - https:\/\/yoast.com\/product\/yoast-seo-wordpress\/ -->\n<title>Mit vereinten Kr\u00e4ften das \u00d6kosystem der Schweizer Krankenversicherungen erneuern - Organisator<\/title>\n<meta name=\"description\" content=\"Sumex AG, eine hundertprozentige Tochtergesellschaft der ELCA Gruppe, einem f\u00fchrenden Schweizer Unternehmen f\u00fcr Engineering, Entwicklung und Business Solutions, und Secon AG, ein Prozess- und Datenspezialist f\u00fcr das Kerngesch\u00e4ft der Versicherungen, geben die Gr\u00fcndung einer strategischen Partnerschaft bekannt.\" \/>\n<meta name=\"robots\" content=\"index, follow, max-snippet:-1, max-image-preview:large, max-video-preview:-1\" \/>\n<link rel=\"canonical\" href=\"https:\/\/www.m-q.ch\/de\/mit-vereinten-kraeften-das-oekosystem-der-schweizer-krankenversicherungen-erneuern\/\" \/>\n<meta property=\"og:locale\" content=\"en_US\" \/>\n<meta property=\"og:type\" content=\"article\" \/>\n<meta property=\"og:title\" content=\"Mit vereinten Kr\u00e4ften das \u00d6kosystem der Schweizer Krankenversicherungen erneuern - Organisator\" \/>\n<meta property=\"og:description\" content=\"Sumex AG, eine hundertprozentige Tochtergesellschaft der ELCA Gruppe, einem f\u00fchrenden Schweizer Unternehmen f\u00fcr Engineering, Entwicklung und Business Solutions, und Secon AG, ein Prozess- und Datenspezialist f\u00fcr das Kerngesch\u00e4ft der Versicherungen, geben die Gr\u00fcndung einer strategischen Partnerschaft bekannt.\" \/>\n<meta property=\"og:url\" content=\"https:\/\/www.m-q.ch\/de\/mit-vereinten-kraeften-das-oekosystem-der-schweizer-krankenversicherungen-erneuern\/\" \/>\n<meta property=\"og:site_name\" content=\"Organisator\" \/>\n<meta property=\"article:publisher\" content=\"https:\/\/www.facebook.com\/OrganisatorFachmagazin\" \/>\n<meta property=\"article:published_time\" content=\"2022-04-19T11:43:40+00:00\" \/>\n<meta property=\"article:modified_time\" content=\"2022-08-01T13:57:53+00:00\" \/>\n<meta property=\"og:image\" content=\"https:\/\/www.m-q.ch\/wp-content\/uploads\/2022\/04\/Mit-vereinten-Kraeften-das-Oekosystem-der-Schweizer-Krankenversicherungen-erneuern_MQ.jpg\" \/>\n<meta name=\"author\" content=\"galledia\" \/>\n<meta name=\"twitter:card\" content=\"summary_large_image\" \/>\n<meta name=\"twitter:creator\" content=\"@admin\" \/>\n<script type=\"application\/ld+json\" class=\"yoast-schema-graph\">{\"@context\":\"https:\\\/\\\/schema.org\",\"@graph\":[{\"@type\":\"Article\",\"@id\":\"https:\\\/\\\/www.m-q.ch\\\/de\\\/mit-vereinten-kraeften-das-oekosystem-der-schweizer-krankenversicherungen-erneuern\\\/#article\",\"isPartOf\":{\"@id\":\"https:\\\/\\\/www.organisator.ch\\\/operational-excellence\\\/2022-04-19\\\/mit-vereinten-kraeften-das-oekosystem-der-schweizer-krankenversicherungen-erneuern\\\/\"},\"author\":{\"name\":\"galledia\",\"@id\":\"https:\\\/\\\/www.organisator.ch\\\/#\\\/schema\\\/person\\\/4e51799071cd2dd1232ac003643ef5f0\"},\"headline\":\"Mit vereinten Kr\u00e4ften das \u00d6kosystem der Schweizer Krankenversicherungen erneuern\",\"datePublished\":\"2022-04-19T11:43:40+00:00\",\"dateModified\":\"2022-08-01T13:57:53+00:00\",\"mainEntityOfPage\":{\"@id\":\"https:\\\/\\\/www.organisator.ch\\\/operational-excellence\\\/2022-04-19\\\/mit-vereinten-kraeften-das-oekosystem-der-schweizer-krankenversicherungen-erneuern\\\/\"},\"wordCount\":472,\"publisher\":{\"@id\":\"https:\\\/\\\/www.organisator.ch\\\/#organization\"},\"image\":{\"@id\":\"https:\\\/\\\/www.m-q.ch\\\/de\\\/mit-vereinten-kraeften-das-oekosystem-der-schweizer-krankenversicherungen-erneuern\\\/#primaryimage\"},\"thumbnailUrl\":\"https:\\\/\\\/www.m-q.ch\\\/wp-content\\\/uploads\\\/2022\\\/04\\\/Mit-vereinten-Kraeften-das-Oekosystem-der-Schweizer-Krankenversicherungen-erneuern_MQ.jpg\",\"keywords\":[\"Krankenversicherungen\",\"Softwarel\u00f6sungen\"],\"articleSection\":[\"OPERATIONAL EXCELLENCE\"],\"inLanguage\":\"en-US\"},{\"@type\":\"WebPage\",\"@id\":\"https:\\\/\\\/www.organisator.ch\\\/operational-excellence\\\/2022-04-19\\\/mit-vereinten-kraeften-das-oekosystem-der-schweizer-krankenversicherungen-erneuern\\\/\",\"url\":\"https:\\\/\\\/www.m-q.ch\\\/de\\\/mit-vereinten-kraeften-das-oekosystem-der-schweizer-krankenversicherungen-erneuern\\\/\",\"name\":\"Mit vereinten Kr\u00e4ften das \u00d6kosystem der Schweizer Krankenversicherungen erneuern - Organisator\",\"isPartOf\":{\"@id\":\"https:\\\/\\\/www.organisator.ch\\\/#website\"},\"primaryImageOfPage\":{\"@id\":\"https:\\\/\\\/www.m-q.ch\\\/de\\\/mit-vereinten-kraeften-das-oekosystem-der-schweizer-krankenversicherungen-erneuern\\\/#primaryimage\"},\"image\":{\"@id\":\"https:\\\/\\\/www.m-q.ch\\\/de\\\/mit-vereinten-kraeften-das-oekosystem-der-schweizer-krankenversicherungen-erneuern\\\/#primaryimage\"},\"thumbnailUrl\":\"https:\\\/\\\/www.m-q.ch\\\/wp-content\\\/uploads\\\/2022\\\/04\\\/Mit-vereinten-Kraeften-das-Oekosystem-der-Schweizer-Krankenversicherungen-erneuern_MQ.jpg\",\"datePublished\":\"2022-04-19T11:43:40+00:00\",\"dateModified\":\"2022-08-01T13:57:53+00:00\",\"description\":\"Sumex AG, eine hundertprozentige Tochtergesellschaft der ELCA Gruppe, einem f\u00fchrenden Schweizer Unternehmen f\u00fcr Engineering, Entwicklung und Business Solutions, und Secon AG, ein Prozess- und Datenspezialist f\u00fcr das Kerngesch\u00e4ft der Versicherungen, geben die Gr\u00fcndung einer strategischen Partnerschaft bekannt.\",\"breadcrumb\":{\"@id\":\"https:\\\/\\\/www.m-q.ch\\\/de\\\/mit-vereinten-kraeften-das-oekosystem-der-schweizer-krankenversicherungen-erneuern\\\/#breadcrumb\"},\"inLanguage\":\"en-US\",\"potentialAction\":[{\"@type\":\"ReadAction\",\"target\":[\"https:\\\/\\\/www.m-q.ch\\\/de\\\/mit-vereinten-kraeften-das-oekosystem-der-schweizer-krankenversicherungen-erneuern\\\/\"]}]},{\"@type\":\"ImageObject\",\"inLanguage\":\"en-US\",\"@id\":\"https:\\\/\\\/www.m-q.ch\\\/de\\\/mit-vereinten-kraeften-das-oekosystem-der-schweizer-krankenversicherungen-erneuern\\\/#primaryimage\",\"url\":\"https:\\\/\\\/www.m-q.ch\\\/wp-content\\\/uploads\\\/2022\\\/04\\\/Mit-vereinten-Kraeften-das-Oekosystem-der-Schweizer-Krankenversicherungen-erneuern_MQ.jpg\",\"contentUrl\":\"https:\\\/\\\/www.m-q.ch\\\/wp-content\\\/uploads\\\/2022\\\/04\\\/Mit-vereinten-Kraeften-das-Oekosystem-der-Schweizer-Krankenversicherungen-erneuern_MQ.jpg\"},{\"@type\":\"BreadcrumbList\",\"@id\":\"https:\\\/\\\/www.m-q.ch\\\/de\\\/mit-vereinten-kraeften-das-oekosystem-der-schweizer-krankenversicherungen-erneuern\\\/#breadcrumb\",\"itemListElement\":[{\"@type\":\"ListItem\",\"position\":1,\"name\":\"Home\",\"item\":\"https:\\\/\\\/www.organisator.ch\\\/\"},{\"@type\":\"ListItem\",\"position\":2,\"name\":\"Mit vereinten Kr\u00e4ften das \u00d6kosystem der Schweizer Krankenversicherungen erneuern\"}]},{\"@type\":\"WebSite\",\"@id\":\"https:\\\/\\\/www.organisator.ch\\\/#website\",\"url\":\"https:\\\/\\\/www.organisator.ch\\\/\",\"name\":\"Organisator\",\"description\":\"Kompetent. Praxisnah. Der ORGANISATOR bereitet in 10 Ausgaben pro Jahr die wesentlichen Themen f\u00fcr F\u00fchrungskr\u00e4fte von KMU auf.\",\"publisher\":{\"@id\":\"https:\\\/\\\/www.organisator.ch\\\/#organization\"},\"potentialAction\":[{\"@type\":\"SearchAction\",\"target\":{\"@type\":\"EntryPoint\",\"urlTemplate\":\"https:\\\/\\\/www.organisator.ch\\\/?s={search_term_string}\"},\"query-input\":{\"@type\":\"PropertyValueSpecification\",\"valueRequired\":true,\"valueName\":\"search_term_string\"}}],\"inLanguage\":\"en-US\"},{\"@type\":\"Organization\",\"@id\":\"https:\\\/\\\/www.organisator.ch\\\/#organization\",\"name\":\"Organisator\",\"url\":\"https:\\\/\\\/www.organisator.ch\\\/\",\"logo\":{\"@type\":\"ImageObject\",\"inLanguage\":\"en-US\",\"@id\":\"https:\\\/\\\/www.organisator.ch\\\/#\\\/schema\\\/logo\\\/image\\\/\",\"url\":\"https:\\\/\\\/www.organisator.ch\\\/wp-content\\\/uploads\\\/2022\\\/01\\\/Logo_Organisator_Website.png\",\"contentUrl\":\"https:\\\/\\\/www.organisator.ch\\\/wp-content\\\/uploads\\\/2022\\\/01\\\/Logo_Organisator_Website.png\",\"width\":800,\"height\":77,\"caption\":\"Organisator\"},\"image\":{\"@id\":\"https:\\\/\\\/www.organisator.ch\\\/#\\\/schema\\\/logo\\\/image\\\/\"},\"sameAs\":[\"https:\\\/\\\/www.facebook.com\\\/OrganisatorFachmagazin\",\"https:\\\/\\\/www.linkedin.com\\\/showcase\\\/organisator-das-magazin-fr-kmu\",\"https:\\\/\\\/www.xing.com\\\/news\\\/pages\\\/organisator-ch-695\",\"https:\\\/\\\/www.youtube.com\\\/channel\\\/UCGP2Sq0iWaZwT3BdIAQFYpw\"]},{\"@type\":\"Person\",\"@id\":\"https:\\\/\\\/www.organisator.ch\\\/#\\\/schema\\\/person\\\/4e51799071cd2dd1232ac003643ef5f0\",\"name\":\"galledia\",\"image\":{\"@type\":\"ImageObject\",\"inLanguage\":\"en-US\",\"@id\":\"https:\\\/\\\/secure.gravatar.com\\\/avatar\\\/78a7f90c01fc2bfc875782a0d4922b37cde2cf184ce347b91316d23cd7f69a36?s=96&d=mm&r=g\",\"url\":\"https:\\\/\\\/secure.gravatar.com\\\/avatar\\\/78a7f90c01fc2bfc875782a0d4922b37cde2cf184ce347b91316d23cd7f69a36?s=96&d=mm&r=g\",\"contentUrl\":\"https:\\\/\\\/secure.gravatar.com\\\/avatar\\\/78a7f90c01fc2bfc875782a0d4922b37cde2cf184ce347b91316d23cd7f69a36?s=96&d=mm&r=g\",\"caption\":\"galledia\"},\"sameAs\":[\"https:\\\/\\\/x.com\\\/admin\"],\"url\":\"https:\\\/\\\/www.organisator.ch\\\/en\\\/author\\\/galledia\\\/\"}]}<\/script>\n<!-- \/ Yoast SEO plugin. -->","yoast_head_json":{"title":"Joining forces to renew the Swiss health insurance ecosystem - organizer","description":"Sumex AG, a wholly owned subsidiary of ELCA Group, a leading Swiss engineering, development and business solutions company, and Secon AG, a process and data specialist for the core insurance business, announce the formation of a strategic partnership.","robots":{"index":"index","follow":"follow","max-snippet":"max-snippet:-1","max-image-preview":"max-image-preview:large","max-video-preview":"max-video-preview:-1"},"canonical":"https:\/\/www.m-q.ch\/de\/mit-vereinten-kraeften-das-oekosystem-der-schweizer-krankenversicherungen-erneuern\/","og_locale":"en_US","og_type":"article","og_title":"Mit vereinten Kr\u00e4ften das \u00d6kosystem der Schweizer Krankenversicherungen erneuern - Organisator","og_description":"Sumex AG, eine hundertprozentige Tochtergesellschaft der ELCA Gruppe, einem f\u00fchrenden Schweizer Unternehmen f\u00fcr Engineering, Entwicklung und Business Solutions, und Secon AG, ein Prozess- und Datenspezialist f\u00fcr das Kerngesch\u00e4ft der Versicherungen, geben die Gr\u00fcndung einer strategischen Partnerschaft bekannt.","og_url":"https:\/\/www.m-q.ch\/de\/mit-vereinten-kraeften-das-oekosystem-der-schweizer-krankenversicherungen-erneuern\/","og_site_name":"Organisator","article_publisher":"https:\/\/www.facebook.com\/OrganisatorFachmagazin","article_published_time":"2022-04-19T11:43:40+00:00","article_modified_time":"2022-08-01T13:57:53+00:00","og_image":[{"url":"https:\/\/www.m-q.ch\/wp-content\/uploads\/2022\/04\/Mit-vereinten-Kraeften-das-Oekosystem-der-Schweizer-Krankenversicherungen-erneuern_MQ.jpg","type":"","width":"","height":""}],"author":"galledia","twitter_card":"summary_large_image","twitter_creator":"@admin","schema":{"@context":"https:\/\/schema.org","@graph":[{"@type":"Article","@id":"https:\/\/www.m-q.ch\/de\/mit-vereinten-kraeften-das-oekosystem-der-schweizer-krankenversicherungen-erneuern\/#article","isPartOf":{"@id":"https:\/\/www.organisator.ch\/operational-excellence\/2022-04-19\/mit-vereinten-kraeften-das-oekosystem-der-schweizer-krankenversicherungen-erneuern\/"},"author":{"name":"galledia","@id":"https:\/\/www.organisator.ch\/#\/schema\/person\/4e51799071cd2dd1232ac003643ef5f0"},"headline":"Mit vereinten Kr\u00e4ften das \u00d6kosystem der Schweizer Krankenversicherungen erneuern","datePublished":"2022-04-19T11:43:40+00:00","dateModified":"2022-08-01T13:57:53+00:00","mainEntityOfPage":{"@id":"https:\/\/www.organisator.ch\/operational-excellence\/2022-04-19\/mit-vereinten-kraeften-das-oekosystem-der-schweizer-krankenversicherungen-erneuern\/"},"wordCount":472,"publisher":{"@id":"https:\/\/www.organisator.ch\/#organization"},"image":{"@id":"https:\/\/www.m-q.ch\/de\/mit-vereinten-kraeften-das-oekosystem-der-schweizer-krankenversicherungen-erneuern\/#primaryimage"},"thumbnailUrl":"https:\/\/www.m-q.ch\/wp-content\/uploads\/2022\/04\/Mit-vereinten-Kraeften-das-Oekosystem-der-Schweizer-Krankenversicherungen-erneuern_MQ.jpg","keywords":["Krankenversicherungen","Softwarel\u00f6sungen"],"articleSection":["OPERATIONAL EXCELLENCE"],"inLanguage":"en-US"},{"@type":"WebPage","@id":"https:\/\/www.organisator.ch\/operational-excellence\/2022-04-19\/mit-vereinten-kraeften-das-oekosystem-der-schweizer-krankenversicherungen-erneuern\/","url":"https:\/\/www.m-q.ch\/de\/mit-vereinten-kraeften-das-oekosystem-der-schweizer-krankenversicherungen-erneuern\/","name":"Joining forces to renew the Swiss health insurance ecosystem - organizer","isPartOf":{"@id":"https:\/\/www.organisator.ch\/#website"},"primaryImageOfPage":{"@id":"https:\/\/www.m-q.ch\/de\/mit-vereinten-kraeften-das-oekosystem-der-schweizer-krankenversicherungen-erneuern\/#primaryimage"},"image":{"@id":"https:\/\/www.m-q.ch\/de\/mit-vereinten-kraeften-das-oekosystem-der-schweizer-krankenversicherungen-erneuern\/#primaryimage"},"thumbnailUrl":"https:\/\/www.m-q.ch\/wp-content\/uploads\/2022\/04\/Mit-vereinten-Kraeften-das-Oekosystem-der-Schweizer-Krankenversicherungen-erneuern_MQ.jpg","datePublished":"2022-04-19T11:43:40+00:00","dateModified":"2022-08-01T13:57:53+00:00","description":"Sumex AG, a wholly owned subsidiary of ELCA Group, a leading Swiss engineering, development and business solutions company, and Secon AG, a process and data specialist for the core insurance business, announce the formation of a strategic partnership.","breadcrumb":{"@id":"https:\/\/www.m-q.ch\/de\/mit-vereinten-kraeften-das-oekosystem-der-schweizer-krankenversicherungen-erneuern\/#breadcrumb"},"inLanguage":"en-US","potentialAction":[{"@type":"ReadAction","target":["https:\/\/www.m-q.ch\/de\/mit-vereinten-kraeften-das-oekosystem-der-schweizer-krankenversicherungen-erneuern\/"]}]},{"@type":"ImageObject","inLanguage":"en-US","@id":"https:\/\/www.m-q.ch\/de\/mit-vereinten-kraeften-das-oekosystem-der-schweizer-krankenversicherungen-erneuern\/#primaryimage","url":"https:\/\/www.m-q.ch\/wp-content\/uploads\/2022\/04\/Mit-vereinten-Kraeften-das-Oekosystem-der-Schweizer-Krankenversicherungen-erneuern_MQ.jpg","contentUrl":"https:\/\/www.m-q.ch\/wp-content\/uploads\/2022\/04\/Mit-vereinten-Kraeften-das-Oekosystem-der-Schweizer-Krankenversicherungen-erneuern_MQ.jpg"},{"@type":"BreadcrumbList","@id":"https:\/\/www.m-q.ch\/de\/mit-vereinten-kraeften-das-oekosystem-der-schweizer-krankenversicherungen-erneuern\/#breadcrumb","itemListElement":[{"@type":"ListItem","position":1,"name":"Home","item":"https:\/\/www.organisator.ch\/"},{"@type":"ListItem","position":2,"name":"Mit vereinten Kr\u00e4ften das \u00d6kosystem der Schweizer Krankenversicherungen erneuern"}]},{"@type":"WebSite","@id":"https:\/\/www.organisator.ch\/#website","url":"https:\/\/www.organisator.ch\/","name":"Organizer","description":"Competent. Practical. In 10 issues per year, ORGANISATOR presents the essential topics for managers of SMEs.","publisher":{"@id":"https:\/\/www.organisator.ch\/#organization"},"potentialAction":[{"@type":"SearchAction","target":{"@type":"EntryPoint","urlTemplate":"https:\/\/www.organisator.ch\/?s={search_term_string}"},"query-input":{"@type":"PropertyValueSpecification","valueRequired":true,"valueName":"search_term_string"}}],"inLanguage":"en-US"},{"@type":"Organization","@id":"https:\/\/www.organisator.ch\/#organization","name":"Organizer","url":"https:\/\/www.organisator.ch\/","logo":{"@type":"ImageObject","inLanguage":"en-US","@id":"https:\/\/www.organisator.ch\/#\/schema\/logo\/image\/","url":"https:\/\/www.organisator.ch\/wp-content\/uploads\/2022\/01\/Logo_Organisator_Website.png","contentUrl":"https:\/\/www.organisator.ch\/wp-content\/uploads\/2022\/01\/Logo_Organisator_Website.png","width":800,"height":77,"caption":"Organisator"},"image":{"@id":"https:\/\/www.organisator.ch\/#\/schema\/logo\/image\/"},"sameAs":["https:\/\/www.facebook.com\/OrganisatorFachmagazin","https:\/\/www.linkedin.com\/showcase\/organisator-das-magazin-fr-kmu","https:\/\/www.xing.com\/news\/pages\/organisator-ch-695","https:\/\/www.youtube.com\/channel\/UCGP2Sq0iWaZwT3BdIAQFYpw"]},{"@type":"Person","@id":"https:\/\/www.organisator.ch\/#\/schema\/person\/4e51799071cd2dd1232ac003643ef5f0","name":"galledia","image":{"@type":"ImageObject","inLanguage":"en-US","@id":"https:\/\/secure.gravatar.com\/avatar\/78a7f90c01fc2bfc875782a0d4922b37cde2cf184ce347b91316d23cd7f69a36?s=96&d=mm&r=g","url":"https:\/\/secure.gravatar.com\/avatar\/78a7f90c01fc2bfc875782a0d4922b37cde2cf184ce347b91316d23cd7f69a36?s=96&d=mm&r=g","contentUrl":"https:\/\/secure.gravatar.com\/avatar\/78a7f90c01fc2bfc875782a0d4922b37cde2cf184ce347b91316d23cd7f69a36?s=96&d=mm&r=g","caption":"galledia"},"sameAs":["https:\/\/x.com\/admin"],"url":"https:\/\/www.organisator.ch\/en\/author\/galledia\/"}]}},"_links":{"self":[{"href":"https:\/\/www.organisator.ch\/en\/wp-json\/wp\/v2\/posts\/12592","targetHints":{"allow":["GET"]}}],"collection":[{"href":"https:\/\/www.organisator.ch\/en\/wp-json\/wp\/v2\/posts"}],"about":[{"href":"https:\/\/www.organisator.ch\/en\/wp-json\/wp\/v2\/types\/post"}],"author":[{"embeddable":true,"href":"https:\/\/www.organisator.ch\/en\/wp-json\/wp\/v2\/users\/8"}],"replies":[{"embeddable":true,"href":"https:\/\/www.organisator.ch\/en\/wp-json\/wp\/v2\/comments?post=12592"}],"version-history":[{"count":4,"href":"https:\/\/www.organisator.ch\/en\/wp-json\/wp\/v2\/posts\/12592\/revisions"}],"predecessor-version":[{"id":16117,"href":"https:\/\/www.organisator.ch\/en\/wp-json\/wp\/v2\/posts\/12592\/revisions\/16117"}],"wp:attachment":[{"href":"https:\/\/www.organisator.ch\/en\/wp-json\/wp\/v2\/media?parent=12592"}],"wp:term":[{"taxonomy":"category","embeddable":true,"href":"https:\/\/www.organisator.ch\/en\/wp-json\/wp\/v2\/categories?post=12592"},{"taxonomy":"post_tag","embeddable":true,"href":"https:\/\/www.organisator.ch\/en\/wp-json\/wp\/v2\/tags?post=12592"}],"curies":[{"name":"wp","href":"https:\/\/api.w.org\/{rel}","templated":true}]}}