{"id":12620,"date":"2022-04-20T15:33:37","date_gmt":"2022-04-20T13:33:37","guid":{"rendered":"https:\/\/www.organisator.ch\/?p=12620"},"modified":"2022-04-28T09:58:47","modified_gmt":"2022-04-28T07:58:47","slug":"lehrabgaengerstudie-2021-kaufmaennische-berufsleute-schauen-optimistisch-nach-vorne","status":"publish","type":"post","link":"https:\/\/www.organisator.ch\/en\/human-resources\/2022-04-20\/lehrabgaengerstudie-2021-kaufmaennische-berufsleute-schauen-optimistisch-nach-vorne\/","title":{"rendered":"Apprenticeship leaver study 2021: Commercial apprentices optimistic about the future"},"content":{"rendered":"<figure id=\"attachment_12621\" aria-describedby=\"caption-attachment-12621\" style=\"width: 680px\" class=\"wp-caption alignnone\"><img loading=\"lazy\" decoding=\"async\" class=\"size-full wp-image-12621\" src=\"https:\/\/www.organisator.ch\/wp-content\/uploads\/2022\/04\/Lehrabgaengerstudie-2021-Kaufmaennische-Berufsleute-schauen-optimistisch-nach-vorne-1_Organisator.jpg\" alt=\"\" width=\"680\" height=\"720\" srcset=\"https:\/\/www.organisator.ch\/wp-content\/uploads\/2022\/04\/Lehrabgaengerstudie-2021-Kaufmaennische-Berufsleute-schauen-optimistisch-nach-vorne-1_Organisator.jpg 680w, https:\/\/www.organisator.ch\/wp-content\/uploads\/2022\/04\/Lehrabgaengerstudie-2021-Kaufmaennische-Berufsleute-schauen-optimistisch-nach-vorne-1_Organisator-11x12.jpg 11w, https:\/\/www.organisator.ch\/wp-content\/uploads\/2022\/04\/Lehrabgaengerstudie-2021-Kaufmaennische-Berufsleute-schauen-optimistisch-nach-vorne-1_Organisator-165x175.jpg 165w, https:\/\/www.organisator.ch\/wp-content\/uploads\/2022\/04\/Lehrabgaengerstudie-2021-Kaufmaennische-Berufsleute-schauen-optimistisch-nach-vorne-1_Organisator-331x350.jpg 331w, https:\/\/www.organisator.ch\/wp-content\/uploads\/2022\/04\/Lehrabgaengerstudie-2021-Kaufmaennische-Berufsleute-schauen-optimistisch-nach-vorne-1_Organisator-300x318.jpg 300w\" sizes=\"auto, (max-width: 680px) 100vw, 680px\" \/><figcaption id=\"caption-attachment-12621\" class=\"wp-caption-text\">According to the 2021 apprenticeship leaver study by the Commercial Association, young professionals are optimistic about the future. (Image: Unsplash.com)<\/figcaption><\/figure>\n<p>With around 14,000 graduates per year, the commercial apprenticeship is the most popular basic education in Switzerland. In order to monitor the situation during and after the apprenticeship as well as the future plans of young professionals, the Commercial Association has conducted an annual survey of commercial apprentices in Switzerland since 2006. Around 3,600 people took part in the first survey wave in July 2021; around 1,200 people in the second survey wave in November 2021. The last two years have been marked by the Corona pandemic and the prescribed measures. For commercial apprentices, this meant a daily routine with home office and home schooling and thus reduced contact with their friends, school colleagues and employees in the company. In addition to the job situation of the young professionals and their further training plans, the focus of the apprenticeship leaver study 2021 is therefore on mental health and general well-being.<\/p>\n<h3>After the apprenticeship is far from over<\/h3>\n<p>The Covid 19 pandemic had hit young professionals hard and made it difficult for them to enter the labor market. However, the situation of apprenticeship graduates recovered quickly after the pandemic-related challenges in 2020. As a result, the majority of graduates (71.6%) are employed at the time of the second wave of the survey in November 2021 (see Chart 1). \"The upward trend observed in recent years is continuing after an interim low in 2020,\" confirms Kathrin Ziltener, specialist in charge of basic education &amp; youth counseling at the Commercial Association. At 4.2%, the proportion of jobseekers in November is even lower than in the years before Corona. The interest of young commercial apprentices in further training also remains enormous. Some 90% of the participants have already started continuing education or plan to do so in the future. \"The survey confirms that CT continues to serve as a solid basic education for a wide variety of specializations and careers,\" says Ziltener.<\/p>\n<figure id=\"attachment_12622\" aria-describedby=\"caption-attachment-12622\" style=\"width: 680px\" class=\"wp-caption alignnone\"><img loading=\"lazy\" decoding=\"async\" class=\"size-full wp-image-12622\" src=\"https:\/\/www.organisator.ch\/wp-content\/uploads\/2022\/04\/Lehrabgaengerstudie-2021-Kaufmaennische-Berufsleute-schauen-optimistisch-nach-vorne-2_Organisator.jpg\" alt=\"\" width=\"680\" height=\"446\" srcset=\"https:\/\/www.organisator.ch\/wp-content\/uploads\/2022\/04\/Lehrabgaengerstudie-2021-Kaufmaennische-Berufsleute-schauen-optimistisch-nach-vorne-2_Organisator.jpg 680w, https:\/\/www.organisator.ch\/wp-content\/uploads\/2022\/04\/Lehrabgaengerstudie-2021-Kaufmaennische-Berufsleute-schauen-optimistisch-nach-vorne-2_Organisator-18x12.jpg 18w, https:\/\/www.organisator.ch\/wp-content\/uploads\/2022\/04\/Lehrabgaengerstudie-2021-Kaufmaennische-Berufsleute-schauen-optimistisch-nach-vorne-2_Organisator-267x175.jpg 267w, https:\/\/www.organisator.ch\/wp-content\/uploads\/2022\/04\/Lehrabgaengerstudie-2021-Kaufmaennische-Berufsleute-schauen-optimistisch-nach-vorne-2_Organisator-534x350.jpg 534w, https:\/\/www.organisator.ch\/wp-content\/uploads\/2022\/04\/Lehrabgaengerstudie-2021-Kaufmaennische-Berufsleute-schauen-optimistisch-nach-vorne-2_Organisator-300x197.jpg 300w\" sizes=\"auto, (max-width: 680px) 100vw, 680px\" \/><figcaption id=\"caption-attachment-12622\" class=\"wp-caption-text\">Chart 1: Employment four months after completion of apprenticeship (in %) (source: kfmv)<\/figcaption><\/figure>\n<h3>Apprenticeship leaver study 2021 asked specifically about well-being and mental health<\/h3>\n<p>It is pleasing to note that around 90% had a positive perception of the training period in the apprenticeship\/internship company: Both in terms of the nature of the tasks, the working atmosphere and the support provided by the vocational and practical trainers. Most respondents also coped well with the more difficult Covid 19 situation and are positive about the future. Nevertheless, a considerable proportion of young people also share fears. About one-third (32.4 %) of youth say the future worries them. \"The reasons vary in nature: some worry about their professional future, their job or further education, while others feel overwhelmed and stressed,\" explains Ziltener. Uncertainty factors also include the megatrends of digitalization and climate change.<br \/>\nZiltener states: \"It is particularly important that young people are given the opportunity to talk about fears and negative feelings. Only by talking openly about it can solutions also be found for those affected and mental health strengthened.\" 86% of the participants have one or more people in their environment with whom they can talk about their worries and fears in confidence. However, not all young people fare equally well: around 14% state that they cannot or do not want to talk to anyone about their problems (see chart 2). For these young people, there is an urgent need for external contact points so that they can also get the support they need in difficult situations.<\/p>\n<figure id=\"attachment_12623\" aria-describedby=\"caption-attachment-12623\" style=\"width: 680px\" class=\"wp-caption alignnone\"><img loading=\"lazy\" decoding=\"async\" class=\"size-full wp-image-12623\" src=\"https:\/\/www.organisator.ch\/wp-content\/uploads\/2022\/04\/Lehrabgaengerstudie-2021-Kaufmaennische-Berufsleute-schauen-optimistisch-nach-vorne-3_Organisator.jpg\" alt=\"\" width=\"680\" height=\"458\" srcset=\"https:\/\/www.organisator.ch\/wp-content\/uploads\/2022\/04\/Lehrabgaengerstudie-2021-Kaufmaennische-Berufsleute-schauen-optimistisch-nach-vorne-3_Organisator.jpg 680w, https:\/\/www.organisator.ch\/wp-content\/uploads\/2022\/04\/Lehrabgaengerstudie-2021-Kaufmaennische-Berufsleute-schauen-optimistisch-nach-vorne-3_Organisator-18x12.jpg 18w, https:\/\/www.organisator.ch\/wp-content\/uploads\/2022\/04\/Lehrabgaengerstudie-2021-Kaufmaennische-Berufsleute-schauen-optimistisch-nach-vorne-3_Organisator-260x175.jpg 260w, https:\/\/www.organisator.ch\/wp-content\/uploads\/2022\/04\/Lehrabgaengerstudie-2021-Kaufmaennische-Berufsleute-schauen-optimistisch-nach-vorne-3_Organisator-520x350.jpg 520w, https:\/\/www.organisator.ch\/wp-content\/uploads\/2022\/04\/Lehrabgaengerstudie-2021-Kaufmaennische-Berufsleute-schauen-optimistisch-nach-vorne-3_Organisator-300x202.jpg 300w\" sizes=\"auto, (max-width: 680px) 100vw, 680px\" \/><figcaption id=\"caption-attachment-12623\" class=\"wp-caption-text\">Graph 2: Where learners wished for more support during the pandemic. (Source: kfmv)<\/figcaption><\/figure>\n<h3>New <a href=\"https:\/\/www.organisator.ch\/de\/human-resources\/hrm\/2022-01-28\/gesunde-lernende-dank-bgm-von-gesundheitsfoerderung-schweiz\/\">Partnership with Health Promotion Switzerland<\/a><\/h3>\n<p>The Commercial Association says it takes the concerns of commercial apprentices and their need for more information very seriously and is therefore expanding its existing support services. This includes a new partnership with the Swiss Health Promotion Foundation. This will further focus on the health of apprentices and healthy home offices. Reto K\u00e4lin, Head of Partnerships at Health Promotion Switzerland, confirms: \"The Job Stress Index, which we have been calculating periodically since 2014, provides key figures on how work-related stress affects the health and productivity of employees. The latest survey reinforces that particular attention should be paid to the mental health of young workers.\" A comparison of different age groups shows that in Switzerland, young workers between the ages of 16 and 24 have the highest stress levels. Health Promotion Switzerland launched Apprentice for VET students in 2021 to promote the mental health of learners. As part of the cantonal action programs and two language-regional campaigns to promote mental health, the foundation is also working with the cantons to ensure that young people eat a balanced diet, take more exercise and stay mentally healthy.<\/p>\n<p><em>Source and further information: <a href=\"http:\/\/www.kfmv.ch\">KV Switzerland<\/a><\/em><\/p>","protected":false},"excerpt":{"rendered":"<p>Mit rund 14 000 Absolvierenden pro Jahr ist die KV-Lehre die beliebteste Grundbildung der Schweiz. Um die Situation w\u00e4hrend und nach der Lehre sowie die Zukunftspl\u00e4ne der jungen Berufsleute zu observieren, f\u00fchrt der Kaufm\u00e4nnische Verband seit 2006 j\u00e4hrlich eine Umfrage bei KV-Lehrabg\u00e4nger\/-innen in der Schweiz durch. An der ersten Erhebungswelle im Juli 2021 haben rund [&hellip;]<\/p>\n","protected":false},"author":4,"featured_media":0,"comment_status":"closed","ping_status":"closed","sticky":false,"template":"","format":"standard","meta":{"_acf_changed":false,"_yoast_wpseo_focuskw":"Lehrabg\u00e4ngerstudie 2021","_yoast_wpseo_metadesc":"Die Lehrabg\u00e4ngerstudie 2021 zeigt, dass ein Grossteil der jungen Berufsleute die erschwerte Covid-19-Situation gut \u00fcberstanden hat.","articlekey":"","footnotes":""},"categories":[579],"tags":[62,132,459,503],"class_list":["post-12620","post","type-post","status-publish","format-standard","hentry","category-human-resources","tag-aus-weiterbildung","tag-coronavirus","tag-studie","tag-verbaende"],"acf":[],"yoast_head":"<!-- This site is optimized with the Yoast SEO plugin v27.5 - https:\/\/yoast.com\/product\/yoast-seo-wordpress\/ -->\n<title>Lehrabg\u00e4ngerstudie 2021: Kaufm\u00e4nnische Berufsleute schauen optimistisch nach vorne - Organisator<\/title>\n<meta name=\"description\" content=\"Die Lehrabg\u00e4ngerstudie 2021 zeigt, dass ein Grossteil der jungen Berufsleute die erschwerte Covid-19-Situation gut \u00fcberstanden hat.\" \/>\n<meta name=\"robots\" content=\"index, follow, max-snippet:-1, max-image-preview:large, max-video-preview:-1\" \/>\n<link rel=\"canonical\" href=\"https:\/\/www.organisator.ch\/en\/human-resources\/2022-04-20\/lehrabgaengerstudie-2021-kaufmaennische-berufsleute-schauen-optimistisch-nach-vorne\/\" \/>\n<meta property=\"og:locale\" content=\"en_US\" \/>\n<meta property=\"og:type\" content=\"article\" \/>\n<meta property=\"og:title\" content=\"Lehrabg\u00e4ngerstudie 2021: Kaufm\u00e4nnische Berufsleute schauen optimistisch nach vorne\" \/>\n<meta property=\"og:description\" content=\"Die Lehrabg\u00e4ngerstudie 2021 zeigt, dass ein Grossteil der jungen Berufsleute die erschwerte Covid-19-Situation gut \u00fcberstanden hat.\" \/>\n<meta property=\"og:url\" content=\"https:\/\/www.organisator.ch\/en\/human-resources\/2022-04-20\/lehrabgaengerstudie-2021-kaufmaennische-berufsleute-schauen-optimistisch-nach-vorne\/\" \/>\n<meta property=\"og:site_name\" content=\"Organisator\" \/>\n<meta property=\"article:publisher\" content=\"https:\/\/www.facebook.com\/OrganisatorFachmagazin\" \/>\n<meta property=\"article:published_time\" content=\"2022-04-20T13:33:37+00:00\" \/>\n<meta property=\"article:modified_time\" content=\"2022-04-28T07:58:47+00:00\" \/>\n<meta property=\"og:image\" content=\"https:\/\/www.organisator.ch\/wp-content\/uploads\/2022\/04\/Lehrabgaengerstudie-2021-Kaufmaennische-Berufsleute-schauen-optimistisch-nach-vorne-1_Organisator.jpg\" \/>\n\t<meta property=\"og:image:width\" content=\"680\" \/>\n\t<meta property=\"og:image:height\" content=\"720\" \/>\n\t<meta property=\"og:image:type\" content=\"image\/jpeg\" \/>\n<meta name=\"author\" content=\"thomas.berner\" \/>\n<meta name=\"twitter:card\" content=\"summary_large_image\" \/>\n<meta name=\"twitter:title\" content=\"#Lehrabg\u00e4ngerstudie 2021: Kaufm\u00e4nnische #Berufsleute schauen optimistisch nach vorne\" \/>\n<meta name=\"twitter:description\" content=\"Die #Lehrabg\u00e4ngerstudie 2021 zeigt, dass ein Grossteil der jungen #Berufsleute die erschwerte #Covid-19-Situation gut \u00fcberstanden hat.\" \/>\n<meta name=\"twitter:image\" content=\"https:\/\/www.organisator.ch\/wp-content\/uploads\/2022\/04\/Lehrabgaengerstudie-2021-Kaufmaennische-Berufsleute-schauen-optimistisch-nach-vorne-1_Organisator.jpg\" \/>\n<script type=\"application\/ld+json\" class=\"yoast-schema-graph\">{\"@context\":\"https:\\\/\\\/schema.org\",\"@graph\":[{\"@type\":\"Article\",\"@id\":\"https:\\\/\\\/www.organisator.ch\\\/human-resources\\\/2022-04-20\\\/lehrabgaengerstudie-2021-kaufmaennische-berufsleute-schauen-optimistisch-nach-vorne\\\/#article\",\"isPartOf\":{\"@id\":\"https:\\\/\\\/www.organisator.ch\\\/human-resources\\\/2022-04-20\\\/lehrabgaengerstudie-2021-kaufmaennische-berufsleute-schauen-optimistisch-nach-vorne\\\/\"},\"author\":{\"name\":\"thomas.berner\",\"@id\":\"https:\\\/\\\/www.organisator.ch\\\/#\\\/schema\\\/person\\\/6f650f90b2842cd4c0cc334b4e36f67e\"},\"headline\":\"Lehrabg\u00e4ngerstudie 2021: Kaufm\u00e4nnische Berufsleute schauen optimistisch nach vorne\",\"datePublished\":\"2022-04-20T13:33:37+00:00\",\"dateModified\":\"2022-04-28T07:58:47+00:00\",\"mainEntityOfPage\":{\"@id\":\"https:\\\/\\\/www.organisator.ch\\\/human-resources\\\/2022-04-20\\\/lehrabgaengerstudie-2021-kaufmaennische-berufsleute-schauen-optimistisch-nach-vorne\\\/\"},\"wordCount\":795,\"publisher\":{\"@id\":\"https:\\\/\\\/www.organisator.ch\\\/#organization\"},\"image\":{\"@id\":\"https:\\\/\\\/www.organisator.ch\\\/human-resources\\\/2022-04-20\\\/lehrabgaengerstudie-2021-kaufmaennische-berufsleute-schauen-optimistisch-nach-vorne\\\/#primaryimage\"},\"thumbnailUrl\":\"https:\\\/\\\/www.organisator.ch\\\/wp-content\\\/uploads\\\/2022\\\/04\\\/Lehrabgaengerstudie-2021-Kaufmaennische-Berufsleute-schauen-optimistisch-nach-vorne-1_Organisator.jpg\",\"keywords\":[\"Aus-\\\/Weiterbildung\",\"Coronavirus\",\"Studie\",\"Verb\u00e4nde\"],\"articleSection\":[\"HUMAN RESOURCES\"],\"inLanguage\":\"en-US\"},{\"@type\":\"WebPage\",\"@id\":\"https:\\\/\\\/www.organisator.ch\\\/human-resources\\\/2022-04-20\\\/lehrabgaengerstudie-2021-kaufmaennische-berufsleute-schauen-optimistisch-nach-vorne\\\/\",\"url\":\"https:\\\/\\\/www.organisator.ch\\\/human-resources\\\/2022-04-20\\\/lehrabgaengerstudie-2021-kaufmaennische-berufsleute-schauen-optimistisch-nach-vorne\\\/\",\"name\":\"Lehrabg\u00e4ngerstudie 2021: Kaufm\u00e4nnische Berufsleute schauen optimistisch nach vorne - Organisator\",\"isPartOf\":{\"@id\":\"https:\\\/\\\/www.organisator.ch\\\/#website\"},\"primaryImageOfPage\":{\"@id\":\"https:\\\/\\\/www.organisator.ch\\\/human-resources\\\/2022-04-20\\\/lehrabgaengerstudie-2021-kaufmaennische-berufsleute-schauen-optimistisch-nach-vorne\\\/#primaryimage\"},\"image\":{\"@id\":\"https:\\\/\\\/www.organisator.ch\\\/human-resources\\\/2022-04-20\\\/lehrabgaengerstudie-2021-kaufmaennische-berufsleute-schauen-optimistisch-nach-vorne\\\/#primaryimage\"},\"thumbnailUrl\":\"https:\\\/\\\/www.organisator.ch\\\/wp-content\\\/uploads\\\/2022\\\/04\\\/Lehrabgaengerstudie-2021-Kaufmaennische-Berufsleute-schauen-optimistisch-nach-vorne-1_Organisator.jpg\",\"datePublished\":\"2022-04-20T13:33:37+00:00\",\"dateModified\":\"2022-04-28T07:58:47+00:00\",\"description\":\"Die Lehrabg\u00e4ngerstudie 2021 zeigt, dass ein Grossteil der jungen Berufsleute die erschwerte Covid-19-Situation gut \u00fcberstanden hat.\",\"breadcrumb\":{\"@id\":\"https:\\\/\\\/www.organisator.ch\\\/human-resources\\\/2022-04-20\\\/lehrabgaengerstudie-2021-kaufmaennische-berufsleute-schauen-optimistisch-nach-vorne\\\/#breadcrumb\"},\"inLanguage\":\"en-US\",\"potentialAction\":[{\"@type\":\"ReadAction\",\"target\":[\"https:\\\/\\\/www.organisator.ch\\\/human-resources\\\/2022-04-20\\\/lehrabgaengerstudie-2021-kaufmaennische-berufsleute-schauen-optimistisch-nach-vorne\\\/\"]}]},{\"@type\":\"ImageObject\",\"inLanguage\":\"en-US\",\"@id\":\"https:\\\/\\\/www.organisator.ch\\\/human-resources\\\/2022-04-20\\\/lehrabgaengerstudie-2021-kaufmaennische-berufsleute-schauen-optimistisch-nach-vorne\\\/#primaryimage\",\"url\":\"https:\\\/\\\/www.organisator.ch\\\/wp-content\\\/uploads\\\/2022\\\/04\\\/Lehrabgaengerstudie-2021-Kaufmaennische-Berufsleute-schauen-optimistisch-nach-vorne-1_Organisator.jpg\",\"contentUrl\":\"https:\\\/\\\/www.organisator.ch\\\/wp-content\\\/uploads\\\/2022\\\/04\\\/Lehrabgaengerstudie-2021-Kaufmaennische-Berufsleute-schauen-optimistisch-nach-vorne-1_Organisator.jpg\"},{\"@type\":\"BreadcrumbList\",\"@id\":\"https:\\\/\\\/www.organisator.ch\\\/human-resources\\\/2022-04-20\\\/lehrabgaengerstudie-2021-kaufmaennische-berufsleute-schauen-optimistisch-nach-vorne\\\/#breadcrumb\",\"itemListElement\":[{\"@type\":\"ListItem\",\"position\":1,\"name\":\"Home\",\"item\":\"https:\\\/\\\/www.organisator.ch\\\/\"},{\"@type\":\"ListItem\",\"position\":2,\"name\":\"Lehrabg\u00e4ngerstudie 2021: Kaufm\u00e4nnische Berufsleute schauen optimistisch nach vorne\"}]},{\"@type\":\"WebSite\",\"@id\":\"https:\\\/\\\/www.organisator.ch\\\/#website\",\"url\":\"https:\\\/\\\/www.organisator.ch\\\/\",\"name\":\"Organisator\",\"description\":\"Kompetent. Praxisnah. Der ORGANISATOR bereitet in 10 Ausgaben pro Jahr die wesentlichen Themen f\u00fcr F\u00fchrungskr\u00e4fte von KMU auf.\",\"publisher\":{\"@id\":\"https:\\\/\\\/www.organisator.ch\\\/#organization\"},\"potentialAction\":[{\"@type\":\"SearchAction\",\"target\":{\"@type\":\"EntryPoint\",\"urlTemplate\":\"https:\\\/\\\/www.organisator.ch\\\/?s={search_term_string}\"},\"query-input\":{\"@type\":\"PropertyValueSpecification\",\"valueRequired\":true,\"valueName\":\"search_term_string\"}}],\"inLanguage\":\"en-US\"},{\"@type\":\"Organization\",\"@id\":\"https:\\\/\\\/www.organisator.ch\\\/#organization\",\"name\":\"Organisator\",\"url\":\"https:\\\/\\\/www.organisator.ch\\\/\",\"logo\":{\"@type\":\"ImageObject\",\"inLanguage\":\"en-US\",\"@id\":\"https:\\\/\\\/www.organisator.ch\\\/#\\\/schema\\\/logo\\\/image\\\/\",\"url\":\"https:\\\/\\\/www.organisator.ch\\\/wp-content\\\/uploads\\\/2022\\\/01\\\/Logo_Organisator_Website.png\",\"contentUrl\":\"https:\\\/\\\/www.organisator.ch\\\/wp-content\\\/uploads\\\/2022\\\/01\\\/Logo_Organisator_Website.png\",\"width\":800,\"height\":77,\"caption\":\"Organisator\"},\"image\":{\"@id\":\"https:\\\/\\\/www.organisator.ch\\\/#\\\/schema\\\/logo\\\/image\\\/\"},\"sameAs\":[\"https:\\\/\\\/www.facebook.com\\\/OrganisatorFachmagazin\",\"https:\\\/\\\/www.linkedin.com\\\/showcase\\\/organisator-das-magazin-fr-kmu\",\"https:\\\/\\\/www.xing.com\\\/news\\\/pages\\\/organisator-ch-695\",\"https:\\\/\\\/www.youtube.com\\\/channel\\\/UCGP2Sq0iWaZwT3BdIAQFYpw\"]},{\"@type\":\"Person\",\"@id\":\"https:\\\/\\\/www.organisator.ch\\\/#\\\/schema\\\/person\\\/6f650f90b2842cd4c0cc334b4e36f67e\",\"name\":\"thomas.berner\",\"image\":{\"@type\":\"ImageObject\",\"inLanguage\":\"en-US\",\"@id\":\"https:\\\/\\\/secure.gravatar.com\\\/avatar\\\/ac5001d2a36cb6c6cd3e50789007ffca834b477b74a2144564522e944eabff61?s=96&d=mm&r=g\",\"url\":\"https:\\\/\\\/secure.gravatar.com\\\/avatar\\\/ac5001d2a36cb6c6cd3e50789007ffca834b477b74a2144564522e944eabff61?s=96&d=mm&r=g\",\"contentUrl\":\"https:\\\/\\\/secure.gravatar.com\\\/avatar\\\/ac5001d2a36cb6c6cd3e50789007ffca834b477b74a2144564522e944eabff61?s=96&d=mm&r=g\",\"caption\":\"thomas.berner\"},\"url\":\"https:\\\/\\\/www.organisator.ch\\\/en\\\/author\\\/thomas-berner\\\/\"}]}<\/script>\n<!-- \/ Yoast SEO plugin. -->","yoast_head_json":{"title":"Apprenticeship leaver study 2021: Commercial professionals look ahead optimistically - Organizer","description":"The 2021 Apprenticeship Survey shows that a majority of young professionals have weathered the aggravated Covid 19 situation well.","robots":{"index":"index","follow":"follow","max-snippet":"max-snippet:-1","max-image-preview":"max-image-preview:large","max-video-preview":"max-video-preview:-1"},"canonical":"https:\/\/www.organisator.ch\/en\/human-resources\/2022-04-20\/lehrabgaengerstudie-2021-kaufmaennische-berufsleute-schauen-optimistisch-nach-vorne\/","og_locale":"en_US","og_type":"article","og_title":"Lehrabg\u00e4ngerstudie 2021: Kaufm\u00e4nnische Berufsleute schauen optimistisch nach vorne","og_description":"Die Lehrabg\u00e4ngerstudie 2021 zeigt, dass ein Grossteil der jungen Berufsleute die erschwerte Covid-19-Situation gut \u00fcberstanden hat.","og_url":"https:\/\/www.organisator.ch\/en\/human-resources\/2022-04-20\/lehrabgaengerstudie-2021-kaufmaennische-berufsleute-schauen-optimistisch-nach-vorne\/","og_site_name":"Organisator","article_publisher":"https:\/\/www.facebook.com\/OrganisatorFachmagazin","article_published_time":"2022-04-20T13:33:37+00:00","article_modified_time":"2022-04-28T07:58:47+00:00","og_image":[{"width":680,"height":720,"url":"https:\/\/www.organisator.ch\/wp-content\/uploads\/2022\/04\/Lehrabgaengerstudie-2021-Kaufmaennische-Berufsleute-schauen-optimistisch-nach-vorne-1_Organisator.jpg","type":"image\/jpeg"}],"author":"thomas.berner","twitter_card":"summary_large_image","twitter_title":"#Lehrabg\u00e4ngerstudie 2021: Kaufm\u00e4nnische #Berufsleute schauen optimistisch nach vorne","twitter_description":"Die #Lehrabg\u00e4ngerstudie 2021 zeigt, dass ein Grossteil der jungen #Berufsleute die erschwerte #Covid-19-Situation gut \u00fcberstanden hat.","twitter_image":"https:\/\/www.organisator.ch\/wp-content\/uploads\/2022\/04\/Lehrabgaengerstudie-2021-Kaufmaennische-Berufsleute-schauen-optimistisch-nach-vorne-1_Organisator.jpg","schema":{"@context":"https:\/\/schema.org","@graph":[{"@type":"Article","@id":"https:\/\/www.organisator.ch\/human-resources\/2022-04-20\/lehrabgaengerstudie-2021-kaufmaennische-berufsleute-schauen-optimistisch-nach-vorne\/#article","isPartOf":{"@id":"https:\/\/www.organisator.ch\/human-resources\/2022-04-20\/lehrabgaengerstudie-2021-kaufmaennische-berufsleute-schauen-optimistisch-nach-vorne\/"},"author":{"name":"thomas.berner","@id":"https:\/\/www.organisator.ch\/#\/schema\/person\/6f650f90b2842cd4c0cc334b4e36f67e"},"headline":"Lehrabg\u00e4ngerstudie 2021: Kaufm\u00e4nnische Berufsleute schauen optimistisch nach vorne","datePublished":"2022-04-20T13:33:37+00:00","dateModified":"2022-04-28T07:58:47+00:00","mainEntityOfPage":{"@id":"https:\/\/www.organisator.ch\/human-resources\/2022-04-20\/lehrabgaengerstudie-2021-kaufmaennische-berufsleute-schauen-optimistisch-nach-vorne\/"},"wordCount":795,"publisher":{"@id":"https:\/\/www.organisator.ch\/#organization"},"image":{"@id":"https:\/\/www.organisator.ch\/human-resources\/2022-04-20\/lehrabgaengerstudie-2021-kaufmaennische-berufsleute-schauen-optimistisch-nach-vorne\/#primaryimage"},"thumbnailUrl":"https:\/\/www.organisator.ch\/wp-content\/uploads\/2022\/04\/Lehrabgaengerstudie-2021-Kaufmaennische-Berufsleute-schauen-optimistisch-nach-vorne-1_Organisator.jpg","keywords":["Aus-\/Weiterbildung","Coronavirus","Studie","Verb\u00e4nde"],"articleSection":["HUMAN RESOURCES"],"inLanguage":"en-US"},{"@type":"WebPage","@id":"https:\/\/www.organisator.ch\/human-resources\/2022-04-20\/lehrabgaengerstudie-2021-kaufmaennische-berufsleute-schauen-optimistisch-nach-vorne\/","url":"https:\/\/www.organisator.ch\/human-resources\/2022-04-20\/lehrabgaengerstudie-2021-kaufmaennische-berufsleute-schauen-optimistisch-nach-vorne\/","name":"Apprenticeship leaver study 2021: Commercial professionals look ahead optimistically - Organizer","isPartOf":{"@id":"https:\/\/www.organisator.ch\/#website"},"primaryImageOfPage":{"@id":"https:\/\/www.organisator.ch\/human-resources\/2022-04-20\/lehrabgaengerstudie-2021-kaufmaennische-berufsleute-schauen-optimistisch-nach-vorne\/#primaryimage"},"image":{"@id":"https:\/\/www.organisator.ch\/human-resources\/2022-04-20\/lehrabgaengerstudie-2021-kaufmaennische-berufsleute-schauen-optimistisch-nach-vorne\/#primaryimage"},"thumbnailUrl":"https:\/\/www.organisator.ch\/wp-content\/uploads\/2022\/04\/Lehrabgaengerstudie-2021-Kaufmaennische-Berufsleute-schauen-optimistisch-nach-vorne-1_Organisator.jpg","datePublished":"2022-04-20T13:33:37+00:00","dateModified":"2022-04-28T07:58:47+00:00","description":"The 2021 Apprenticeship Survey shows that a majority of young professionals have weathered the aggravated Covid 19 situation well.","breadcrumb":{"@id":"https:\/\/www.organisator.ch\/human-resources\/2022-04-20\/lehrabgaengerstudie-2021-kaufmaennische-berufsleute-schauen-optimistisch-nach-vorne\/#breadcrumb"},"inLanguage":"en-US","potentialAction":[{"@type":"ReadAction","target":["https:\/\/www.organisator.ch\/human-resources\/2022-04-20\/lehrabgaengerstudie-2021-kaufmaennische-berufsleute-schauen-optimistisch-nach-vorne\/"]}]},{"@type":"ImageObject","inLanguage":"en-US","@id":"https:\/\/www.organisator.ch\/human-resources\/2022-04-20\/lehrabgaengerstudie-2021-kaufmaennische-berufsleute-schauen-optimistisch-nach-vorne\/#primaryimage","url":"https:\/\/www.organisator.ch\/wp-content\/uploads\/2022\/04\/Lehrabgaengerstudie-2021-Kaufmaennische-Berufsleute-schauen-optimistisch-nach-vorne-1_Organisator.jpg","contentUrl":"https:\/\/www.organisator.ch\/wp-content\/uploads\/2022\/04\/Lehrabgaengerstudie-2021-Kaufmaennische-Berufsleute-schauen-optimistisch-nach-vorne-1_Organisator.jpg"},{"@type":"BreadcrumbList","@id":"https:\/\/www.organisator.ch\/human-resources\/2022-04-20\/lehrabgaengerstudie-2021-kaufmaennische-berufsleute-schauen-optimistisch-nach-vorne\/#breadcrumb","itemListElement":[{"@type":"ListItem","position":1,"name":"Home","item":"https:\/\/www.organisator.ch\/"},{"@type":"ListItem","position":2,"name":"Lehrabg\u00e4ngerstudie 2021: Kaufm\u00e4nnische Berufsleute schauen optimistisch nach vorne"}]},{"@type":"WebSite","@id":"https:\/\/www.organisator.ch\/#website","url":"https:\/\/www.organisator.ch\/","name":"Organizer","description":"Competent. Practical. In 10 issues per year, ORGANISATOR presents the essential topics for managers of SMEs.","publisher":{"@id":"https:\/\/www.organisator.ch\/#organization"},"potentialAction":[{"@type":"SearchAction","target":{"@type":"EntryPoint","urlTemplate":"https:\/\/www.organisator.ch\/?s={search_term_string}"},"query-input":{"@type":"PropertyValueSpecification","valueRequired":true,"valueName":"search_term_string"}}],"inLanguage":"en-US"},{"@type":"Organization","@id":"https:\/\/www.organisator.ch\/#organization","name":"Organizer","url":"https:\/\/www.organisator.ch\/","logo":{"@type":"ImageObject","inLanguage":"en-US","@id":"https:\/\/www.organisator.ch\/#\/schema\/logo\/image\/","url":"https:\/\/www.organisator.ch\/wp-content\/uploads\/2022\/01\/Logo_Organisator_Website.png","contentUrl":"https:\/\/www.organisator.ch\/wp-content\/uploads\/2022\/01\/Logo_Organisator_Website.png","width":800,"height":77,"caption":"Organisator"},"image":{"@id":"https:\/\/www.organisator.ch\/#\/schema\/logo\/image\/"},"sameAs":["https:\/\/www.facebook.com\/OrganisatorFachmagazin","https:\/\/www.linkedin.com\/showcase\/organisator-das-magazin-fr-kmu","https:\/\/www.xing.com\/news\/pages\/organisator-ch-695","https:\/\/www.youtube.com\/channel\/UCGP2Sq0iWaZwT3BdIAQFYpw"]},{"@type":"Person","@id":"https:\/\/www.organisator.ch\/#\/schema\/person\/6f650f90b2842cd4c0cc334b4e36f67e","name":"thomas.berner","image":{"@type":"ImageObject","inLanguage":"en-US","@id":"https:\/\/secure.gravatar.com\/avatar\/ac5001d2a36cb6c6cd3e50789007ffca834b477b74a2144564522e944eabff61?s=96&d=mm&r=g","url":"https:\/\/secure.gravatar.com\/avatar\/ac5001d2a36cb6c6cd3e50789007ffca834b477b74a2144564522e944eabff61?s=96&d=mm&r=g","contentUrl":"https:\/\/secure.gravatar.com\/avatar\/ac5001d2a36cb6c6cd3e50789007ffca834b477b74a2144564522e944eabff61?s=96&d=mm&r=g","caption":"thomas.berner"},"url":"https:\/\/www.organisator.ch\/en\/author\/thomas-berner\/"}]}},"_links":{"self":[{"href":"https:\/\/www.organisator.ch\/en\/wp-json\/wp\/v2\/posts\/12620","targetHints":{"allow":["GET"]}}],"collection":[{"href":"https:\/\/www.organisator.ch\/en\/wp-json\/wp\/v2\/posts"}],"about":[{"href":"https:\/\/www.organisator.ch\/en\/wp-json\/wp\/v2\/types\/post"}],"author":[{"embeddable":true,"href":"https:\/\/www.organisator.ch\/en\/wp-json\/wp\/v2\/users\/4"}],"replies":[{"embeddable":true,"href":"https:\/\/www.organisator.ch\/en\/wp-json\/wp\/v2\/comments?post=12620"}],"version-history":[{"count":1,"href":"https:\/\/www.organisator.ch\/en\/wp-json\/wp\/v2\/posts\/12620\/revisions"}],"predecessor-version":[{"id":12624,"href":"https:\/\/www.organisator.ch\/en\/wp-json\/wp\/v2\/posts\/12620\/revisions\/12624"}],"wp:attachment":[{"href":"https:\/\/www.organisator.ch\/en\/wp-json\/wp\/v2\/media?parent=12620"}],"wp:term":[{"taxonomy":"category","embeddable":true,"href":"https:\/\/www.organisator.ch\/en\/wp-json\/wp\/v2\/categories?post=12620"},{"taxonomy":"post_tag","embeddable":true,"href":"https:\/\/www.organisator.ch\/en\/wp-json\/wp\/v2\/tags?post=12620"}],"curies":[{"name":"wp","href":"https:\/\/api.w.org\/{rel}","templated":true}]}}