{"id":12646,"date":"2022-04-26T06:20:40","date_gmt":"2022-04-26T04:20:40","guid":{"rendered":"https:\/\/www.organisator.ch\/?p=12646"},"modified":"2022-05-04T08:55:53","modified_gmt":"2022-05-04T06:55:53","slug":"fuehren-ohne-chef-zu-sein-wie-geht-das","status":"publish","type":"post","link":"https:\/\/www.organisator.ch\/en\/management\/2022-04-26\/fuehren-ohne-chef-zu-sein-wie-geht-das\/","title":{"rendered":"Leading without being the boss: How does it work?"},"content":{"rendered":"<figure id=\"attachment_12649\" aria-describedby=\"caption-attachment-12649\" style=\"width: 680px\" class=\"wp-caption alignnone\"><img loading=\"lazy\" decoding=\"async\" class=\"size-full wp-image-12649\" src=\"https:\/\/www.organisator.ch\/wp-content\/uploads\/2022\/04\/Fuehren-ohne-Chef-zu-sein-Wie-geht-das_Organisator.jpg\" alt=\"\" width=\"680\" height=\"453\" srcset=\"https:\/\/www.organisator.ch\/wp-content\/uploads\/2022\/04\/Fuehren-ohne-Chef-zu-sein-Wie-geht-das_Organisator.jpg 680w, https:\/\/www.organisator.ch\/wp-content\/uploads\/2022\/04\/Fuehren-ohne-Chef-zu-sein-Wie-geht-das_Organisator-18x12.jpg 18w, https:\/\/www.organisator.ch\/wp-content\/uploads\/2022\/04\/Fuehren-ohne-Chef-zu-sein-Wie-geht-das_Organisator-263x175.jpg 263w, https:\/\/www.organisator.ch\/wp-content\/uploads\/2022\/04\/Fuehren-ohne-Chef-zu-sein-Wie-geht-das_Organisator-525x350.jpg 525w, https:\/\/www.organisator.ch\/wp-content\/uploads\/2022\/04\/Fuehren-ohne-Chef-zu-sein-Wie-geht-das_Organisator-300x200.jpg 300w\" sizes=\"auto, (max-width: 680px) 100vw, 680px\" \/><figcaption id=\"caption-attachment-12649\" class=\"wp-caption-text\">Leading without being the boss: successful leadership also works across team boundaries. (Image: Unsplash.com)<\/figcaption><\/figure>\n<p>Good leadership is already challenging when you formally occupy the position of boss. Because even your \"position power\" doesn't do you much good if people are reluctant to follow you. At best, you can force results in the short term. In the medium and long term, that never works. On the other hand, how much more difficult is it when you have to lead others but you have no formal authority to issue directives?<\/p>\n<p>From my observation, such positions are becoming more and more common: be it the product portfolio manager across several divisions, the global sales head who is dependent on the national subsidiaries, or the project manager with twenty project team members from a wide variety of areas. The influence in all these cases is indirect. How can you achieve maximum results with your virtual team in these cases?<\/p>\n<p>Well, the answer lies in the fact that top leadership has always meant top influence - whether with or without a formal position. So leading without a position is even more about your influence.<\/p>\n<p><strong>So the question is: How do you influence people in your favor, even if they have a different boss?<\/strong><\/p>\n<p>Here are three important questions to answer:<\/p>\n<ol>\n<li><strong>\"What do I want?\"<\/strong><br \/>\nThis question may sound very simple, but most people have great difficulty in answering it (at least that is what I experience again and again in my coaching). It is very important that you can name clear results for clear time periods: What exactly do you want to have achieved by the end of the year? With whom? And why? Because if you are not one hundred percent clear about what exactly you want, how are others supposed to follow you? How are you going to convince others?<\/li>\n<li><strong>\"What do the others get out of it?\"<\/strong><br \/>\nIn sales, this is called the \"benefit argument.\" What do the others you want to influence get out of your role and leadership? What value do you bring from their perspective? Many individuals find this thought difficult, but you must also sell yourself in such a position. You need to be able to clearly demonstrate why they should spend their valuable time on your issues. By the way, a good way (as in sales) is to ask the others specifically.<\/li>\n<li><strong>\"How k<\/strong><strong>\u00f6<\/strong><strong>n can we benefit from each other together?\"<\/strong><br \/>\nThis is a good question to ask those with whom you want to achieve something together. Such an open and positive question challenges reflection. Additional tip: You can also ask the question in relation to specific topics that you want to advance. By doing so, you steer the others in the direction you want them to go. This is then called \"exerting influence.\" This will make you a better leader.<\/li>\n<\/ol>\n<p>So, if you are in a challenging leadership situation, I recommend answering these three questions. You will expand your influence a good bit by doing so.<\/p>\n<p><strong><em>Author:<br \/>\n<\/em><\/strong><em>Volkmar V\u00f6lzke is a success maximizer, book author, consultant, coach, speaker.<\/em><em><a href=\"https:\/\/www.volkmarvoelzke.ch\/\">www.volkmarvoelzke.ch<\/a><\/em><\/p>","protected":false},"excerpt":{"rendered":"<p>Gutes Leadership ist bereits dann herausfordernd, wenn Sie formal die Position des Chefs oder der Chefin besetzen. Denn auch Ihre &#8222;Position Power&#8220; nutzt Ihnen nicht viel, wenn die Leute Ihnen nur widerwillig folgen. Sie k\u00f6nnen dann allenfalls kurzfristig Ergebnisse erzwingen. Mittel- und langfristig funktioniert das nie. Wieviel schwieriger ist es hingegen, wenn Sie andere f\u00fchren [&hellip;]<\/p>\n","protected":false},"author":4,"featured_media":12649,"comment_status":"closed","ping_status":"closed","sticky":false,"template":"","format":"standard","meta":{"_acf_changed":false,"_yoast_wpseo_focuskw":"F\u00fchren ohne Chef","_yoast_wpseo_metadesc":"Sie haben keine formale Weisungsbefugnisse, m\u00fcssen aber dennoch andere f\u00fchren. Wie geht dieses \"F\u00fchren ohne Chef zu sein\"?","articlekey":"","footnotes":""},"categories":[28],"tags":[177,320,335],"class_list":["post-12646","post","type-post","status-publish","format-standard","has-post-thumbnail","hentry","category-management","tag-erfolgs-impuls","tag-leadership","tag-management-und-unternehmensfuehrung"],"acf":[],"yoast_head":"<!-- This site is optimized with the Yoast SEO plugin v27.5 - https:\/\/yoast.com\/product\/yoast-seo-wordpress\/ -->\n<title>F\u00fchren ohne Chef zu sein: Wie geht das? - Organisator<\/title>\n<meta name=\"description\" content=\"Sie haben keine formale Weisungsbefugnisse, m\u00fcssen aber dennoch andere f\u00fchren. Wie geht dieses &quot;F\u00fchren ohne Chef zu sein&quot;?\" \/>\n<meta name=\"robots\" content=\"index, follow, max-snippet:-1, max-image-preview:large, max-video-preview:-1\" \/>\n<link rel=\"canonical\" href=\"https:\/\/www.organisator.ch\/en\/management\/2022-04-26\/fuehren-ohne-chef-zu-sein-wie-geht-das\/\" \/>\n<meta property=\"og:locale\" content=\"en_US\" \/>\n<meta property=\"og:type\" content=\"article\" \/>\n<meta property=\"og:title\" content=\"F\u00fchren ohne Chef zu sein: Wie geht das?\" \/>\n<meta property=\"og:description\" content=\"Sie haben keine formale Weisungsbefugnisse, m\u00fcssen aber dennoch andere f\u00fchren. Wie geht dieses &quot;F\u00fchren ohne Chef zu sein&quot;?\" \/>\n<meta property=\"og:url\" content=\"https:\/\/www.organisator.ch\/en\/management\/2022-04-26\/fuehren-ohne-chef-zu-sein-wie-geht-das\/\" \/>\n<meta property=\"og:site_name\" content=\"Organisator\" \/>\n<meta property=\"article:publisher\" content=\"https:\/\/www.facebook.com\/OrganisatorFachmagazin\" \/>\n<meta property=\"article:published_time\" content=\"2022-04-26T04:20:40+00:00\" \/>\n<meta property=\"article:modified_time\" content=\"2022-05-04T06:55:53+00:00\" \/>\n<meta property=\"og:image\" content=\"https:\/\/www.organisator.ch\/wp-content\/uploads\/2022\/04\/Fuehren-ohne-Chef-zu-sein-Wie-geht-das_Organisator.jpg\" \/>\n\t<meta property=\"og:image:width\" content=\"680\" \/>\n\t<meta property=\"og:image:height\" content=\"453\" \/>\n\t<meta property=\"og:image:type\" content=\"image\/jpeg\" \/>\n<meta name=\"author\" content=\"thomas.berner\" \/>\n<meta name=\"twitter:card\" content=\"summary_large_image\" \/>\n<meta name=\"twitter:title\" content=\"#F\u00fchren ohne #Chef zu sein: Wie geht das?\" \/>\n<meta name=\"twitter:description\" content=\"Sie haben keine formale #Weisungsbefugnisse, m\u00fcssen aber dennoch andere f\u00fchren. Wie geht dieses &quot;F\u00fchren ohne Chef zu sein&quot;?\" \/>\n<meta name=\"twitter:image\" content=\"https:\/\/www.organisator.ch\/wp-content\/uploads\/2022\/04\/Fuehren-ohne-Chef-zu-sein-Wie-geht-das_Organisator.jpg\" \/>\n<script type=\"application\/ld+json\" class=\"yoast-schema-graph\">{\"@context\":\"https:\\\/\\\/schema.org\",\"@graph\":[{\"@type\":\"Article\",\"@id\":\"https:\\\/\\\/www.organisator.ch\\\/management\\\/2022-04-26\\\/fuehren-ohne-chef-zu-sein-wie-geht-das\\\/#article\",\"isPartOf\":{\"@id\":\"https:\\\/\\\/www.organisator.ch\\\/management\\\/2022-04-26\\\/fuehren-ohne-chef-zu-sein-wie-geht-das\\\/\"},\"author\":{\"name\":\"thomas.berner\",\"@id\":\"https:\\\/\\\/www.organisator.ch\\\/#\\\/schema\\\/person\\\/6f650f90b2842cd4c0cc334b4e36f67e\"},\"headline\":\"F\u00fchren ohne Chef zu sein: Wie geht das?\",\"datePublished\":\"2022-04-26T04:20:40+00:00\",\"dateModified\":\"2022-05-04T06:55:53+00:00\",\"mainEntityOfPage\":{\"@id\":\"https:\\\/\\\/www.organisator.ch\\\/management\\\/2022-04-26\\\/fuehren-ohne-chef-zu-sein-wie-geht-das\\\/\"},\"wordCount\":499,\"publisher\":{\"@id\":\"https:\\\/\\\/www.organisator.ch\\\/#organization\"},\"image\":{\"@id\":\"https:\\\/\\\/www.organisator.ch\\\/management\\\/2022-04-26\\\/fuehren-ohne-chef-zu-sein-wie-geht-das\\\/#primaryimage\"},\"thumbnailUrl\":\"https:\\\/\\\/www.organisator.ch\\\/wp-content\\\/uploads\\\/2022\\\/04\\\/Fuehren-ohne-Chef-zu-sein-Wie-geht-das_Organisator.jpg\",\"keywords\":[\"Erfolgs-Impuls\",\"Leadership\",\"Management und Unternehmensf\u00fchrung\"],\"articleSection\":[\"MANAGEMENT\"],\"inLanguage\":\"en-US\"},{\"@type\":\"WebPage\",\"@id\":\"https:\\\/\\\/www.organisator.ch\\\/management\\\/2022-04-26\\\/fuehren-ohne-chef-zu-sein-wie-geht-das\\\/\",\"url\":\"https:\\\/\\\/www.organisator.ch\\\/management\\\/2022-04-26\\\/fuehren-ohne-chef-zu-sein-wie-geht-das\\\/\",\"name\":\"F\u00fchren ohne Chef zu sein: Wie geht das? - Organisator\",\"isPartOf\":{\"@id\":\"https:\\\/\\\/www.organisator.ch\\\/#website\"},\"primaryImageOfPage\":{\"@id\":\"https:\\\/\\\/www.organisator.ch\\\/management\\\/2022-04-26\\\/fuehren-ohne-chef-zu-sein-wie-geht-das\\\/#primaryimage\"},\"image\":{\"@id\":\"https:\\\/\\\/www.organisator.ch\\\/management\\\/2022-04-26\\\/fuehren-ohne-chef-zu-sein-wie-geht-das\\\/#primaryimage\"},\"thumbnailUrl\":\"https:\\\/\\\/www.organisator.ch\\\/wp-content\\\/uploads\\\/2022\\\/04\\\/Fuehren-ohne-Chef-zu-sein-Wie-geht-das_Organisator.jpg\",\"datePublished\":\"2022-04-26T04:20:40+00:00\",\"dateModified\":\"2022-05-04T06:55:53+00:00\",\"description\":\"Sie haben keine formale Weisungsbefugnisse, m\u00fcssen aber dennoch andere f\u00fchren. Wie geht dieses \\\"F\u00fchren ohne Chef zu sein\\\"?\",\"breadcrumb\":{\"@id\":\"https:\\\/\\\/www.organisator.ch\\\/management\\\/2022-04-26\\\/fuehren-ohne-chef-zu-sein-wie-geht-das\\\/#breadcrumb\"},\"inLanguage\":\"en-US\",\"potentialAction\":[{\"@type\":\"ReadAction\",\"target\":[\"https:\\\/\\\/www.organisator.ch\\\/management\\\/2022-04-26\\\/fuehren-ohne-chef-zu-sein-wie-geht-das\\\/\"]}]},{\"@type\":\"ImageObject\",\"inLanguage\":\"en-US\",\"@id\":\"https:\\\/\\\/www.organisator.ch\\\/management\\\/2022-04-26\\\/fuehren-ohne-chef-zu-sein-wie-geht-das\\\/#primaryimage\",\"url\":\"https:\\\/\\\/www.organisator.ch\\\/wp-content\\\/uploads\\\/2022\\\/04\\\/Fuehren-ohne-Chef-zu-sein-Wie-geht-das_Organisator.jpg\",\"contentUrl\":\"https:\\\/\\\/www.organisator.ch\\\/wp-content\\\/uploads\\\/2022\\\/04\\\/Fuehren-ohne-Chef-zu-sein-Wie-geht-das_Organisator.jpg\",\"width\":680,\"height\":453,\"caption\":\"F\u00fchren ohne Chef zu sein: Erfolgreiche Leadership funktioniert auch \u00fcber Team-Grenzen hinaus. (Bild: Unsplash.com)\"},{\"@type\":\"BreadcrumbList\",\"@id\":\"https:\\\/\\\/www.organisator.ch\\\/management\\\/2022-04-26\\\/fuehren-ohne-chef-zu-sein-wie-geht-das\\\/#breadcrumb\",\"itemListElement\":[{\"@type\":\"ListItem\",\"position\":1,\"name\":\"Home\",\"item\":\"https:\\\/\\\/www.organisator.ch\\\/\"},{\"@type\":\"ListItem\",\"position\":2,\"name\":\"F\u00fchren ohne Chef zu sein: Wie geht das?\"}]},{\"@type\":\"WebSite\",\"@id\":\"https:\\\/\\\/www.organisator.ch\\\/#website\",\"url\":\"https:\\\/\\\/www.organisator.ch\\\/\",\"name\":\"Organisator\",\"description\":\"Kompetent. Praxisnah. Der ORGANISATOR bereitet in 10 Ausgaben pro Jahr die wesentlichen Themen f\u00fcr F\u00fchrungskr\u00e4fte von KMU auf.\",\"publisher\":{\"@id\":\"https:\\\/\\\/www.organisator.ch\\\/#organization\"},\"potentialAction\":[{\"@type\":\"SearchAction\",\"target\":{\"@type\":\"EntryPoint\",\"urlTemplate\":\"https:\\\/\\\/www.organisator.ch\\\/?s={search_term_string}\"},\"query-input\":{\"@type\":\"PropertyValueSpecification\",\"valueRequired\":true,\"valueName\":\"search_term_string\"}}],\"inLanguage\":\"en-US\"},{\"@type\":\"Organization\",\"@id\":\"https:\\\/\\\/www.organisator.ch\\\/#organization\",\"name\":\"Organisator\",\"url\":\"https:\\\/\\\/www.organisator.ch\\\/\",\"logo\":{\"@type\":\"ImageObject\",\"inLanguage\":\"en-US\",\"@id\":\"https:\\\/\\\/www.organisator.ch\\\/#\\\/schema\\\/logo\\\/image\\\/\",\"url\":\"https:\\\/\\\/www.organisator.ch\\\/wp-content\\\/uploads\\\/2022\\\/01\\\/Logo_Organisator_Website.png\",\"contentUrl\":\"https:\\\/\\\/www.organisator.ch\\\/wp-content\\\/uploads\\\/2022\\\/01\\\/Logo_Organisator_Website.png\",\"width\":800,\"height\":77,\"caption\":\"Organisator\"},\"image\":{\"@id\":\"https:\\\/\\\/www.organisator.ch\\\/#\\\/schema\\\/logo\\\/image\\\/\"},\"sameAs\":[\"https:\\\/\\\/www.facebook.com\\\/OrganisatorFachmagazin\",\"https:\\\/\\\/www.linkedin.com\\\/showcase\\\/organisator-das-magazin-fr-kmu\",\"https:\\\/\\\/www.xing.com\\\/news\\\/pages\\\/organisator-ch-695\",\"https:\\\/\\\/www.youtube.com\\\/channel\\\/UCGP2Sq0iWaZwT3BdIAQFYpw\"]},{\"@type\":\"Person\",\"@id\":\"https:\\\/\\\/www.organisator.ch\\\/#\\\/schema\\\/person\\\/6f650f90b2842cd4c0cc334b4e36f67e\",\"name\":\"thomas.berner\",\"image\":{\"@type\":\"ImageObject\",\"inLanguage\":\"en-US\",\"@id\":\"https:\\\/\\\/secure.gravatar.com\\\/avatar\\\/ac5001d2a36cb6c6cd3e50789007ffca834b477b74a2144564522e944eabff61?s=96&d=mm&r=g\",\"url\":\"https:\\\/\\\/secure.gravatar.com\\\/avatar\\\/ac5001d2a36cb6c6cd3e50789007ffca834b477b74a2144564522e944eabff61?s=96&d=mm&r=g\",\"contentUrl\":\"https:\\\/\\\/secure.gravatar.com\\\/avatar\\\/ac5001d2a36cb6c6cd3e50789007ffca834b477b74a2144564522e944eabff61?s=96&d=mm&r=g\",\"caption\":\"thomas.berner\"},\"url\":\"https:\\\/\\\/www.organisator.ch\\\/en\\\/author\\\/thomas-berner\\\/\"}]}<\/script>\n<!-- \/ Yoast SEO plugin. -->","yoast_head_json":{"title":"Leading without being the boss: How does it work? - Organizer","description":"You have no formal authority to issue directives, but you still have to lead others. How does this \"leading without being the boss\" work?","robots":{"index":"index","follow":"follow","max-snippet":"max-snippet:-1","max-image-preview":"max-image-preview:large","max-video-preview":"max-video-preview:-1"},"canonical":"https:\/\/www.organisator.ch\/en\/management\/2022-04-26\/fuehren-ohne-chef-zu-sein-wie-geht-das\/","og_locale":"en_US","og_type":"article","og_title":"F\u00fchren ohne Chef zu sein: Wie geht das?","og_description":"Sie haben keine formale Weisungsbefugnisse, m\u00fcssen aber dennoch andere f\u00fchren. Wie geht dieses \"F\u00fchren ohne Chef zu sein\"?","og_url":"https:\/\/www.organisator.ch\/en\/management\/2022-04-26\/fuehren-ohne-chef-zu-sein-wie-geht-das\/","og_site_name":"Organisator","article_publisher":"https:\/\/www.facebook.com\/OrganisatorFachmagazin","article_published_time":"2022-04-26T04:20:40+00:00","article_modified_time":"2022-05-04T06:55:53+00:00","og_image":[{"width":680,"height":453,"url":"https:\/\/www.organisator.ch\/wp-content\/uploads\/2022\/04\/Fuehren-ohne-Chef-zu-sein-Wie-geht-das_Organisator.jpg","type":"image\/jpeg"}],"author":"thomas.berner","twitter_card":"summary_large_image","twitter_title":"#F\u00fchren ohne #Chef zu sein: Wie geht das?","twitter_description":"Sie haben keine formale #Weisungsbefugnisse, m\u00fcssen aber dennoch andere f\u00fchren. Wie geht dieses \"F\u00fchren ohne Chef zu sein\"?","twitter_image":"https:\/\/www.organisator.ch\/wp-content\/uploads\/2022\/04\/Fuehren-ohne-Chef-zu-sein-Wie-geht-das_Organisator.jpg","schema":{"@context":"https:\/\/schema.org","@graph":[{"@type":"Article","@id":"https:\/\/www.organisator.ch\/management\/2022-04-26\/fuehren-ohne-chef-zu-sein-wie-geht-das\/#article","isPartOf":{"@id":"https:\/\/www.organisator.ch\/management\/2022-04-26\/fuehren-ohne-chef-zu-sein-wie-geht-das\/"},"author":{"name":"thomas.berner","@id":"https:\/\/www.organisator.ch\/#\/schema\/person\/6f650f90b2842cd4c0cc334b4e36f67e"},"headline":"F\u00fchren ohne Chef zu sein: Wie geht das?","datePublished":"2022-04-26T04:20:40+00:00","dateModified":"2022-05-04T06:55:53+00:00","mainEntityOfPage":{"@id":"https:\/\/www.organisator.ch\/management\/2022-04-26\/fuehren-ohne-chef-zu-sein-wie-geht-das\/"},"wordCount":499,"publisher":{"@id":"https:\/\/www.organisator.ch\/#organization"},"image":{"@id":"https:\/\/www.organisator.ch\/management\/2022-04-26\/fuehren-ohne-chef-zu-sein-wie-geht-das\/#primaryimage"},"thumbnailUrl":"https:\/\/www.organisator.ch\/wp-content\/uploads\/2022\/04\/Fuehren-ohne-Chef-zu-sein-Wie-geht-das_Organisator.jpg","keywords":["Erfolgs-Impuls","Leadership","Management und Unternehmensf\u00fchrung"],"articleSection":["MANAGEMENT"],"inLanguage":"en-US"},{"@type":"WebPage","@id":"https:\/\/www.organisator.ch\/management\/2022-04-26\/fuehren-ohne-chef-zu-sein-wie-geht-das\/","url":"https:\/\/www.organisator.ch\/management\/2022-04-26\/fuehren-ohne-chef-zu-sein-wie-geht-das\/","name":"Leading without being the boss: How does it work? - Organizer","isPartOf":{"@id":"https:\/\/www.organisator.ch\/#website"},"primaryImageOfPage":{"@id":"https:\/\/www.organisator.ch\/management\/2022-04-26\/fuehren-ohne-chef-zu-sein-wie-geht-das\/#primaryimage"},"image":{"@id":"https:\/\/www.organisator.ch\/management\/2022-04-26\/fuehren-ohne-chef-zu-sein-wie-geht-das\/#primaryimage"},"thumbnailUrl":"https:\/\/www.organisator.ch\/wp-content\/uploads\/2022\/04\/Fuehren-ohne-Chef-zu-sein-Wie-geht-das_Organisator.jpg","datePublished":"2022-04-26T04:20:40+00:00","dateModified":"2022-05-04T06:55:53+00:00","description":"You have no formal authority to issue directives, but you still have to lead others. How does this \"leading without being the boss\" work?","breadcrumb":{"@id":"https:\/\/www.organisator.ch\/management\/2022-04-26\/fuehren-ohne-chef-zu-sein-wie-geht-das\/#breadcrumb"},"inLanguage":"en-US","potentialAction":[{"@type":"ReadAction","target":["https:\/\/www.organisator.ch\/management\/2022-04-26\/fuehren-ohne-chef-zu-sein-wie-geht-das\/"]}]},{"@type":"ImageObject","inLanguage":"en-US","@id":"https:\/\/www.organisator.ch\/management\/2022-04-26\/fuehren-ohne-chef-zu-sein-wie-geht-das\/#primaryimage","url":"https:\/\/www.organisator.ch\/wp-content\/uploads\/2022\/04\/Fuehren-ohne-Chef-zu-sein-Wie-geht-das_Organisator.jpg","contentUrl":"https:\/\/www.organisator.ch\/wp-content\/uploads\/2022\/04\/Fuehren-ohne-Chef-zu-sein-Wie-geht-das_Organisator.jpg","width":680,"height":453,"caption":"F\u00fchren ohne Chef zu sein: Erfolgreiche Leadership funktioniert auch \u00fcber Team-Grenzen hinaus. (Bild: Unsplash.com)"},{"@type":"BreadcrumbList","@id":"https:\/\/www.organisator.ch\/management\/2022-04-26\/fuehren-ohne-chef-zu-sein-wie-geht-das\/#breadcrumb","itemListElement":[{"@type":"ListItem","position":1,"name":"Home","item":"https:\/\/www.organisator.ch\/"},{"@type":"ListItem","position":2,"name":"F\u00fchren ohne Chef zu sein: Wie geht das?"}]},{"@type":"WebSite","@id":"https:\/\/www.organisator.ch\/#website","url":"https:\/\/www.organisator.ch\/","name":"Organizer","description":"Competent. Practical. In 10 issues per year, ORGANISATOR presents the essential topics for managers of SMEs.","publisher":{"@id":"https:\/\/www.organisator.ch\/#organization"},"potentialAction":[{"@type":"SearchAction","target":{"@type":"EntryPoint","urlTemplate":"https:\/\/www.organisator.ch\/?s={search_term_string}"},"query-input":{"@type":"PropertyValueSpecification","valueRequired":true,"valueName":"search_term_string"}}],"inLanguage":"en-US"},{"@type":"Organization","@id":"https:\/\/www.organisator.ch\/#organization","name":"Organizer","url":"https:\/\/www.organisator.ch\/","logo":{"@type":"ImageObject","inLanguage":"en-US","@id":"https:\/\/www.organisator.ch\/#\/schema\/logo\/image\/","url":"https:\/\/www.organisator.ch\/wp-content\/uploads\/2022\/01\/Logo_Organisator_Website.png","contentUrl":"https:\/\/www.organisator.ch\/wp-content\/uploads\/2022\/01\/Logo_Organisator_Website.png","width":800,"height":77,"caption":"Organisator"},"image":{"@id":"https:\/\/www.organisator.ch\/#\/schema\/logo\/image\/"},"sameAs":["https:\/\/www.facebook.com\/OrganisatorFachmagazin","https:\/\/www.linkedin.com\/showcase\/organisator-das-magazin-fr-kmu","https:\/\/www.xing.com\/news\/pages\/organisator-ch-695","https:\/\/www.youtube.com\/channel\/UCGP2Sq0iWaZwT3BdIAQFYpw"]},{"@type":"Person","@id":"https:\/\/www.organisator.ch\/#\/schema\/person\/6f650f90b2842cd4c0cc334b4e36f67e","name":"thomas.berner","image":{"@type":"ImageObject","inLanguage":"en-US","@id":"https:\/\/secure.gravatar.com\/avatar\/ac5001d2a36cb6c6cd3e50789007ffca834b477b74a2144564522e944eabff61?s=96&d=mm&r=g","url":"https:\/\/secure.gravatar.com\/avatar\/ac5001d2a36cb6c6cd3e50789007ffca834b477b74a2144564522e944eabff61?s=96&d=mm&r=g","contentUrl":"https:\/\/secure.gravatar.com\/avatar\/ac5001d2a36cb6c6cd3e50789007ffca834b477b74a2144564522e944eabff61?s=96&d=mm&r=g","caption":"thomas.berner"},"url":"https:\/\/www.organisator.ch\/en\/author\/thomas-berner\/"}]}},"_links":{"self":[{"href":"https:\/\/www.organisator.ch\/en\/wp-json\/wp\/v2\/posts\/12646","targetHints":{"allow":["GET"]}}],"collection":[{"href":"https:\/\/www.organisator.ch\/en\/wp-json\/wp\/v2\/posts"}],"about":[{"href":"https:\/\/www.organisator.ch\/en\/wp-json\/wp\/v2\/types\/post"}],"author":[{"embeddable":true,"href":"https:\/\/www.organisator.ch\/en\/wp-json\/wp\/v2\/users\/4"}],"replies":[{"embeddable":true,"href":"https:\/\/www.organisator.ch\/en\/wp-json\/wp\/v2\/comments?post=12646"}],"version-history":[{"count":3,"href":"https:\/\/www.organisator.ch\/en\/wp-json\/wp\/v2\/posts\/12646\/revisions"}],"predecessor-version":[{"id":12650,"href":"https:\/\/www.organisator.ch\/en\/wp-json\/wp\/v2\/posts\/12646\/revisions\/12650"}],"wp:featuredmedia":[{"embeddable":true,"href":"https:\/\/www.organisator.ch\/en\/wp-json\/wp\/v2\/media\/12649"}],"wp:attachment":[{"href":"https:\/\/www.organisator.ch\/en\/wp-json\/wp\/v2\/media?parent=12646"}],"wp:term":[{"taxonomy":"category","embeddable":true,"href":"https:\/\/www.organisator.ch\/en\/wp-json\/wp\/v2\/categories?post=12646"},{"taxonomy":"post_tag","embeddable":true,"href":"https:\/\/www.organisator.ch\/en\/wp-json\/wp\/v2\/tags?post=12646"}],"curies":[{"name":"wp","href":"https:\/\/api.w.org\/{rel}","templated":true}]}}