{"id":12685,"date":"2022-04-27T09:15:04","date_gmt":"2022-04-27T07:15:04","guid":{"rendered":"https:\/\/www.organisator.ch\/?p=12685"},"modified":"2022-04-27T09:15:04","modified_gmt":"2022-04-27T07:15:04","slug":"vertriebschef-verlaesst-allianz-suisse","status":"publish","type":"post","link":"https:\/\/www.organisator.ch\/en\/management\/2022-04-27\/vertriebschef-verlaesst-allianz-suisse\/","title":{"rendered":"Head of Sales leaves Allianz Suisse"},"content":{"rendered":"<figure id=\"attachment_12686\" aria-describedby=\"caption-attachment-12686\" style=\"width: 680px\" class=\"wp-caption alignnone\"><img loading=\"lazy\" decoding=\"async\" class=\"size-full wp-image-12686\" src=\"https:\/\/www.organisator.ch\/wp-content\/uploads\/2022\/04\/Vertriebschef-verlaesst-Allianz-Suisse_Organisator.jpg\" alt=\"\" width=\"680\" height=\"377\" srcset=\"https:\/\/www.organisator.ch\/wp-content\/uploads\/2022\/04\/Vertriebschef-verlaesst-Allianz-Suisse_Organisator.jpg 680w, https:\/\/www.organisator.ch\/wp-content\/uploads\/2022\/04\/Vertriebschef-verlaesst-Allianz-Suisse_Organisator-18x10.jpg 18w, https:\/\/www.organisator.ch\/wp-content\/uploads\/2022\/04\/Vertriebschef-verlaesst-Allianz-Suisse_Organisator-316x175.jpg 316w, https:\/\/www.organisator.ch\/wp-content\/uploads\/2022\/04\/Vertriebschef-verlaesst-Allianz-Suisse_Organisator-631x350.jpg 631w, https:\/\/www.organisator.ch\/wp-content\/uploads\/2022\/04\/Vertriebschef-verlaesst-Allianz-Suisse_Organisator-300x166.jpg 300w\" sizes=\"auto, (max-width: 680px) 100vw, 680px\" \/><figcaption id=\"caption-attachment-12686\" class=\"wp-caption-text\">Head of Sales Alfred Widmer is leaving Allianz Suisse to take on new professional challenges. (Image: Allianz Suisse)<\/figcaption><\/figure>\n<p>Head of sales Alfred Widmer is leaving Allianz Suisse. The succession process will be started immediately, according to a statement from the insurance group. Alfred Widmer took over the role as head of sales only at the beginning of October 2020, in the middle of the pandemic. He succeeded Severin Moser at that time. Previously, Widmer was CEO of legal protection insurer Axa-Arag.<\/p>\n<p>Despite the difficult starting conditions, Alfred Widmer quickly succeeded in building up a functioning network in the sales organization, Allianz Suisse reports. Under his leadership, the course was successfully set for the transformation of the sales organization and measures were launched to strengthen the sales force and customer relationships and to support the expansion of customers across channels. In addition, Alfred Widmer continued to drive forward the broker business, the direct channel and the automotive cooperation business.<\/p>\n<p>Alfred Widmer is leaving Allianz Suisse at his own request to pursue a new professional challenge. \"We regret his decision and thank Alfred Widmer for his great commitment. We wish him all the best and much success for his future career and private life. As Head of Sales, he has laid the foundation for a continued successful future,\" emphasizes Ruedi Kubat, CEO of Allianz Suisse.<\/p>\n<p><em>Source: <a href=\"http:\/\/www.allianz.ch\">Allianz Suisse<\/a><\/em><\/p>","protected":false},"excerpt":{"rendered":"<p>Vertriebschef Alfred Widmer verl\u00e4sst die Allianz Suisse. Der Nachfolgeprozess wird umgehend gestartet, wie es in einer Mitteilung des Versicherungskonzerns heisst. Die Funktion als Vertriebschef hat Alfred Widmer erst Anfang Oktober 2020 \u00fcbernommen, mitten in der Pandemie. Er trat damals die Nachfolge von Severin Moser an. Zuvor war Widmer CEO des Rechtsschutzvericherers Axa-Arag. Trotz der schwierigen [&hellip;]<\/p>\n","protected":false},"author":4,"featured_media":12686,"comment_status":"closed","ping_status":"closed","sticky":false,"template":"","format":"standard","meta":{"_acf_changed":false,"_yoast_wpseo_focuskw":"Vertriebschef","_yoast_wpseo_metadesc":"Alfred Widmer, Vertriebschef bei Allianz Suisse, verl\u00e4sst das Unternehmen. Er stellt sich einer neuen beruflichen Herausforderung.","articlekey":"","footnotes":""},"categories":[28],"tags":[381,492,511],"class_list":["post-12685","post","type-post","status-publish","format-standard","has-post-thumbnail","hentry","category-management","tag-personalia","tag-unternehmen","tag-versicherungen"],"acf":[],"yoast_head":"<!-- This site is optimized with the Yoast SEO plugin v27.5 - https:\/\/yoast.com\/product\/yoast-seo-wordpress\/ -->\n<title>Vertriebschef verl\u00e4sst Allianz Suisse - Organisator<\/title>\n<meta name=\"description\" content=\"Alfred Widmer, Vertriebschef bei Allianz Suisse, verl\u00e4sst das Unternehmen. Er stellt sich einer neuen beruflichen Herausforderung.\" \/>\n<meta name=\"robots\" content=\"index, follow, max-snippet:-1, max-image-preview:large, max-video-preview:-1\" \/>\n<link rel=\"canonical\" href=\"https:\/\/www.organisator.ch\/en\/management\/2022-04-27\/vertriebschef-verlaesst-allianz-suisse\/\" \/>\n<meta property=\"og:locale\" content=\"en_US\" \/>\n<meta property=\"og:type\" content=\"article\" \/>\n<meta property=\"og:title\" content=\"Vertriebschef verl\u00e4sst Allianz Suisse\" \/>\n<meta property=\"og:description\" content=\"Alfred Widmer, Vertriebschef bei Allianz Suisse, verl\u00e4sst das Unternehmen. Er stellt sich einer neuen beruflichen Herausforderung.\" \/>\n<meta property=\"og:url\" content=\"https:\/\/www.organisator.ch\/en\/management\/2022-04-27\/vertriebschef-verlaesst-allianz-suisse\/\" \/>\n<meta property=\"og:site_name\" content=\"Organisator\" \/>\n<meta property=\"article:publisher\" content=\"https:\/\/www.facebook.com\/OrganisatorFachmagazin\" \/>\n<meta property=\"article:published_time\" content=\"2022-04-27T07:15:04+00:00\" \/>\n<meta property=\"og:image\" content=\"https:\/\/www.organisator.ch\/wp-content\/uploads\/2022\/04\/Vertriebschef-verlaesst-Allianz-Suisse_Organisator.jpg\" \/>\n\t<meta property=\"og:image:width\" content=\"680\" \/>\n\t<meta property=\"og:image:height\" content=\"377\" \/>\n\t<meta property=\"og:image:type\" content=\"image\/jpeg\" \/>\n<meta name=\"author\" content=\"thomas.berner\" \/>\n<meta name=\"twitter:card\" content=\"summary_large_image\" \/>\n<meta name=\"twitter:title\" content=\"#Vertriebschef verl\u00e4sst #Allianz Suisse\" \/>\n<meta name=\"twitter:description\" content=\"Alfred #Widmer, Vertriebschef bei #Allianz Suisse, verl\u00e4sst das Unternehmen. Er stellt sich einer neuen beruflichen #Herausforderung.\" \/>\n<meta name=\"twitter:image\" content=\"https:\/\/www.organisator.ch\/wp-content\/uploads\/2022\/04\/Vertriebschef-verlaesst-Allianz-Suisse_Organisator.jpg\" \/>\n<script type=\"application\/ld+json\" class=\"yoast-schema-graph\">{\"@context\":\"https:\\\/\\\/schema.org\",\"@graph\":[{\"@type\":\"Article\",\"@id\":\"https:\\\/\\\/www.organisator.ch\\\/management\\\/2022-04-27\\\/vertriebschef-verlaesst-allianz-suisse\\\/#article\",\"isPartOf\":{\"@id\":\"https:\\\/\\\/www.organisator.ch\\\/management\\\/2022-04-27\\\/vertriebschef-verlaesst-allianz-suisse\\\/\"},\"author\":{\"name\":\"thomas.berner\",\"@id\":\"https:\\\/\\\/www.organisator.ch\\\/#\\\/schema\\\/person\\\/6f650f90b2842cd4c0cc334b4e36f67e\"},\"headline\":\"Vertriebschef verl\u00e4sst Allianz Suisse\",\"datePublished\":\"2022-04-27T07:15:04+00:00\",\"mainEntityOfPage\":{\"@id\":\"https:\\\/\\\/www.organisator.ch\\\/management\\\/2022-04-27\\\/vertriebschef-verlaesst-allianz-suisse\\\/\"},\"wordCount\":226,\"publisher\":{\"@id\":\"https:\\\/\\\/www.organisator.ch\\\/#organization\"},\"image\":{\"@id\":\"https:\\\/\\\/www.organisator.ch\\\/management\\\/2022-04-27\\\/vertriebschef-verlaesst-allianz-suisse\\\/#primaryimage\"},\"thumbnailUrl\":\"https:\\\/\\\/www.organisator.ch\\\/wp-content\\\/uploads\\\/2022\\\/04\\\/Vertriebschef-verlaesst-Allianz-Suisse_Organisator.jpg\",\"keywords\":[\"Personalia\",\"Unternehmen\",\"Versicherungen\"],\"articleSection\":[\"MANAGEMENT\"],\"inLanguage\":\"en-US\"},{\"@type\":\"WebPage\",\"@id\":\"https:\\\/\\\/www.organisator.ch\\\/management\\\/2022-04-27\\\/vertriebschef-verlaesst-allianz-suisse\\\/\",\"url\":\"https:\\\/\\\/www.organisator.ch\\\/management\\\/2022-04-27\\\/vertriebschef-verlaesst-allianz-suisse\\\/\",\"name\":\"Vertriebschef verl\u00e4sst Allianz Suisse - Organisator\",\"isPartOf\":{\"@id\":\"https:\\\/\\\/www.organisator.ch\\\/#website\"},\"primaryImageOfPage\":{\"@id\":\"https:\\\/\\\/www.organisator.ch\\\/management\\\/2022-04-27\\\/vertriebschef-verlaesst-allianz-suisse\\\/#primaryimage\"},\"image\":{\"@id\":\"https:\\\/\\\/www.organisator.ch\\\/management\\\/2022-04-27\\\/vertriebschef-verlaesst-allianz-suisse\\\/#primaryimage\"},\"thumbnailUrl\":\"https:\\\/\\\/www.organisator.ch\\\/wp-content\\\/uploads\\\/2022\\\/04\\\/Vertriebschef-verlaesst-Allianz-Suisse_Organisator.jpg\",\"datePublished\":\"2022-04-27T07:15:04+00:00\",\"description\":\"Alfred Widmer, Vertriebschef bei Allianz Suisse, verl\u00e4sst das Unternehmen. Er stellt sich einer neuen beruflichen Herausforderung.\",\"breadcrumb\":{\"@id\":\"https:\\\/\\\/www.organisator.ch\\\/management\\\/2022-04-27\\\/vertriebschef-verlaesst-allianz-suisse\\\/#breadcrumb\"},\"inLanguage\":\"en-US\",\"potentialAction\":[{\"@type\":\"ReadAction\",\"target\":[\"https:\\\/\\\/www.organisator.ch\\\/management\\\/2022-04-27\\\/vertriebschef-verlaesst-allianz-suisse\\\/\"]}]},{\"@type\":\"ImageObject\",\"inLanguage\":\"en-US\",\"@id\":\"https:\\\/\\\/www.organisator.ch\\\/management\\\/2022-04-27\\\/vertriebschef-verlaesst-allianz-suisse\\\/#primaryimage\",\"url\":\"https:\\\/\\\/www.organisator.ch\\\/wp-content\\\/uploads\\\/2022\\\/04\\\/Vertriebschef-verlaesst-Allianz-Suisse_Organisator.jpg\",\"contentUrl\":\"https:\\\/\\\/www.organisator.ch\\\/wp-content\\\/uploads\\\/2022\\\/04\\\/Vertriebschef-verlaesst-Allianz-Suisse_Organisator.jpg\",\"width\":680,\"height\":377,\"caption\":\"Vertriebschef Alfred Widmer verl\u00e4sst die Allianz Suisse um sich neuen beruflichen Herausforderungen zu stellen. (Bild: Allianz Suisse)\"},{\"@type\":\"BreadcrumbList\",\"@id\":\"https:\\\/\\\/www.organisator.ch\\\/management\\\/2022-04-27\\\/vertriebschef-verlaesst-allianz-suisse\\\/#breadcrumb\",\"itemListElement\":[{\"@type\":\"ListItem\",\"position\":1,\"name\":\"Home\",\"item\":\"https:\\\/\\\/www.organisator.ch\\\/\"},{\"@type\":\"ListItem\",\"position\":2,\"name\":\"Vertriebschef verl\u00e4sst Allianz Suisse\"}]},{\"@type\":\"WebSite\",\"@id\":\"https:\\\/\\\/www.organisator.ch\\\/#website\",\"url\":\"https:\\\/\\\/www.organisator.ch\\\/\",\"name\":\"Organisator\",\"description\":\"Kompetent. Praxisnah. Der ORGANISATOR bereitet in 10 Ausgaben pro Jahr die wesentlichen Themen f\u00fcr F\u00fchrungskr\u00e4fte von KMU auf.\",\"publisher\":{\"@id\":\"https:\\\/\\\/www.organisator.ch\\\/#organization\"},\"potentialAction\":[{\"@type\":\"SearchAction\",\"target\":{\"@type\":\"EntryPoint\",\"urlTemplate\":\"https:\\\/\\\/www.organisator.ch\\\/?s={search_term_string}\"},\"query-input\":{\"@type\":\"PropertyValueSpecification\",\"valueRequired\":true,\"valueName\":\"search_term_string\"}}],\"inLanguage\":\"en-US\"},{\"@type\":\"Organization\",\"@id\":\"https:\\\/\\\/www.organisator.ch\\\/#organization\",\"name\":\"Organisator\",\"url\":\"https:\\\/\\\/www.organisator.ch\\\/\",\"logo\":{\"@type\":\"ImageObject\",\"inLanguage\":\"en-US\",\"@id\":\"https:\\\/\\\/www.organisator.ch\\\/#\\\/schema\\\/logo\\\/image\\\/\",\"url\":\"https:\\\/\\\/www.organisator.ch\\\/wp-content\\\/uploads\\\/2022\\\/01\\\/Logo_Organisator_Website.png\",\"contentUrl\":\"https:\\\/\\\/www.organisator.ch\\\/wp-content\\\/uploads\\\/2022\\\/01\\\/Logo_Organisator_Website.png\",\"width\":800,\"height\":77,\"caption\":\"Organisator\"},\"image\":{\"@id\":\"https:\\\/\\\/www.organisator.ch\\\/#\\\/schema\\\/logo\\\/image\\\/\"},\"sameAs\":[\"https:\\\/\\\/www.facebook.com\\\/OrganisatorFachmagazin\",\"https:\\\/\\\/www.linkedin.com\\\/showcase\\\/organisator-das-magazin-fr-kmu\",\"https:\\\/\\\/www.xing.com\\\/news\\\/pages\\\/organisator-ch-695\",\"https:\\\/\\\/www.youtube.com\\\/channel\\\/UCGP2Sq0iWaZwT3BdIAQFYpw\"]},{\"@type\":\"Person\",\"@id\":\"https:\\\/\\\/www.organisator.ch\\\/#\\\/schema\\\/person\\\/6f650f90b2842cd4c0cc334b4e36f67e\",\"name\":\"thomas.berner\",\"image\":{\"@type\":\"ImageObject\",\"inLanguage\":\"en-US\",\"@id\":\"https:\\\/\\\/secure.gravatar.com\\\/avatar\\\/ac5001d2a36cb6c6cd3e50789007ffca834b477b74a2144564522e944eabff61?s=96&d=mm&r=g\",\"url\":\"https:\\\/\\\/secure.gravatar.com\\\/avatar\\\/ac5001d2a36cb6c6cd3e50789007ffca834b477b74a2144564522e944eabff61?s=96&d=mm&r=g\",\"contentUrl\":\"https:\\\/\\\/secure.gravatar.com\\\/avatar\\\/ac5001d2a36cb6c6cd3e50789007ffca834b477b74a2144564522e944eabff61?s=96&d=mm&r=g\",\"caption\":\"thomas.berner\"},\"url\":\"https:\\\/\\\/www.organisator.ch\\\/en\\\/author\\\/thomas-berner\\\/\"}]}<\/script>\n<!-- \/ Yoast SEO plugin. -->","yoast_head_json":{"title":"Head of sales leaves Allianz Suisse - Organizer","description":"Alfred Widmer, Head of Sales at Allianz Suisse, is leaving the company. He is taking on a new professional challenge.","robots":{"index":"index","follow":"follow","max-snippet":"max-snippet:-1","max-image-preview":"max-image-preview:large","max-video-preview":"max-video-preview:-1"},"canonical":"https:\/\/www.organisator.ch\/en\/management\/2022-04-27\/vertriebschef-verlaesst-allianz-suisse\/","og_locale":"en_US","og_type":"article","og_title":"Vertriebschef verl\u00e4sst Allianz Suisse","og_description":"Alfred Widmer, Vertriebschef bei Allianz Suisse, verl\u00e4sst das Unternehmen. Er stellt sich einer neuen beruflichen Herausforderung.","og_url":"https:\/\/www.organisator.ch\/en\/management\/2022-04-27\/vertriebschef-verlaesst-allianz-suisse\/","og_site_name":"Organisator","article_publisher":"https:\/\/www.facebook.com\/OrganisatorFachmagazin","article_published_time":"2022-04-27T07:15:04+00:00","og_image":[{"width":680,"height":377,"url":"https:\/\/www.organisator.ch\/wp-content\/uploads\/2022\/04\/Vertriebschef-verlaesst-Allianz-Suisse_Organisator.jpg","type":"image\/jpeg"}],"author":"thomas.berner","twitter_card":"summary_large_image","twitter_title":"#Vertriebschef verl\u00e4sst #Allianz Suisse","twitter_description":"Alfred #Widmer, Vertriebschef bei #Allianz Suisse, verl\u00e4sst das Unternehmen. Er stellt sich einer neuen beruflichen #Herausforderung.","twitter_image":"https:\/\/www.organisator.ch\/wp-content\/uploads\/2022\/04\/Vertriebschef-verlaesst-Allianz-Suisse_Organisator.jpg","schema":{"@context":"https:\/\/schema.org","@graph":[{"@type":"Article","@id":"https:\/\/www.organisator.ch\/management\/2022-04-27\/vertriebschef-verlaesst-allianz-suisse\/#article","isPartOf":{"@id":"https:\/\/www.organisator.ch\/management\/2022-04-27\/vertriebschef-verlaesst-allianz-suisse\/"},"author":{"name":"thomas.berner","@id":"https:\/\/www.organisator.ch\/#\/schema\/person\/6f650f90b2842cd4c0cc334b4e36f67e"},"headline":"Vertriebschef verl\u00e4sst Allianz Suisse","datePublished":"2022-04-27T07:15:04+00:00","mainEntityOfPage":{"@id":"https:\/\/www.organisator.ch\/management\/2022-04-27\/vertriebschef-verlaesst-allianz-suisse\/"},"wordCount":226,"publisher":{"@id":"https:\/\/www.organisator.ch\/#organization"},"image":{"@id":"https:\/\/www.organisator.ch\/management\/2022-04-27\/vertriebschef-verlaesst-allianz-suisse\/#primaryimage"},"thumbnailUrl":"https:\/\/www.organisator.ch\/wp-content\/uploads\/2022\/04\/Vertriebschef-verlaesst-Allianz-Suisse_Organisator.jpg","keywords":["Personalia","Unternehmen","Versicherungen"],"articleSection":["MANAGEMENT"],"inLanguage":"en-US"},{"@type":"WebPage","@id":"https:\/\/www.organisator.ch\/management\/2022-04-27\/vertriebschef-verlaesst-allianz-suisse\/","url":"https:\/\/www.organisator.ch\/management\/2022-04-27\/vertriebschef-verlaesst-allianz-suisse\/","name":"Head of sales leaves Allianz Suisse - Organizer","isPartOf":{"@id":"https:\/\/www.organisator.ch\/#website"},"primaryImageOfPage":{"@id":"https:\/\/www.organisator.ch\/management\/2022-04-27\/vertriebschef-verlaesst-allianz-suisse\/#primaryimage"},"image":{"@id":"https:\/\/www.organisator.ch\/management\/2022-04-27\/vertriebschef-verlaesst-allianz-suisse\/#primaryimage"},"thumbnailUrl":"https:\/\/www.organisator.ch\/wp-content\/uploads\/2022\/04\/Vertriebschef-verlaesst-Allianz-Suisse_Organisator.jpg","datePublished":"2022-04-27T07:15:04+00:00","description":"Alfred Widmer, Head of Sales at Allianz Suisse, is leaving the company. He is taking on a new professional challenge.","breadcrumb":{"@id":"https:\/\/www.organisator.ch\/management\/2022-04-27\/vertriebschef-verlaesst-allianz-suisse\/#breadcrumb"},"inLanguage":"en-US","potentialAction":[{"@type":"ReadAction","target":["https:\/\/www.organisator.ch\/management\/2022-04-27\/vertriebschef-verlaesst-allianz-suisse\/"]}]},{"@type":"ImageObject","inLanguage":"en-US","@id":"https:\/\/www.organisator.ch\/management\/2022-04-27\/vertriebschef-verlaesst-allianz-suisse\/#primaryimage","url":"https:\/\/www.organisator.ch\/wp-content\/uploads\/2022\/04\/Vertriebschef-verlaesst-Allianz-Suisse_Organisator.jpg","contentUrl":"https:\/\/www.organisator.ch\/wp-content\/uploads\/2022\/04\/Vertriebschef-verlaesst-Allianz-Suisse_Organisator.jpg","width":680,"height":377,"caption":"Vertriebschef Alfred Widmer verl\u00e4sst die Allianz Suisse um sich neuen beruflichen Herausforderungen zu stellen. (Bild: Allianz Suisse)"},{"@type":"BreadcrumbList","@id":"https:\/\/www.organisator.ch\/management\/2022-04-27\/vertriebschef-verlaesst-allianz-suisse\/#breadcrumb","itemListElement":[{"@type":"ListItem","position":1,"name":"Home","item":"https:\/\/www.organisator.ch\/"},{"@type":"ListItem","position":2,"name":"Vertriebschef verl\u00e4sst Allianz Suisse"}]},{"@type":"WebSite","@id":"https:\/\/www.organisator.ch\/#website","url":"https:\/\/www.organisator.ch\/","name":"Organizer","description":"Competent. Practical. In 10 issues per year, ORGANISATOR presents the essential topics for managers of SMEs.","publisher":{"@id":"https:\/\/www.organisator.ch\/#organization"},"potentialAction":[{"@type":"SearchAction","target":{"@type":"EntryPoint","urlTemplate":"https:\/\/www.organisator.ch\/?s={search_term_string}"},"query-input":{"@type":"PropertyValueSpecification","valueRequired":true,"valueName":"search_term_string"}}],"inLanguage":"en-US"},{"@type":"Organization","@id":"https:\/\/www.organisator.ch\/#organization","name":"Organizer","url":"https:\/\/www.organisator.ch\/","logo":{"@type":"ImageObject","inLanguage":"en-US","@id":"https:\/\/www.organisator.ch\/#\/schema\/logo\/image\/","url":"https:\/\/www.organisator.ch\/wp-content\/uploads\/2022\/01\/Logo_Organisator_Website.png","contentUrl":"https:\/\/www.organisator.ch\/wp-content\/uploads\/2022\/01\/Logo_Organisator_Website.png","width":800,"height":77,"caption":"Organisator"},"image":{"@id":"https:\/\/www.organisator.ch\/#\/schema\/logo\/image\/"},"sameAs":["https:\/\/www.facebook.com\/OrganisatorFachmagazin","https:\/\/www.linkedin.com\/showcase\/organisator-das-magazin-fr-kmu","https:\/\/www.xing.com\/news\/pages\/organisator-ch-695","https:\/\/www.youtube.com\/channel\/UCGP2Sq0iWaZwT3BdIAQFYpw"]},{"@type":"Person","@id":"https:\/\/www.organisator.ch\/#\/schema\/person\/6f650f90b2842cd4c0cc334b4e36f67e","name":"thomas.berner","image":{"@type":"ImageObject","inLanguage":"en-US","@id":"https:\/\/secure.gravatar.com\/avatar\/ac5001d2a36cb6c6cd3e50789007ffca834b477b74a2144564522e944eabff61?s=96&d=mm&r=g","url":"https:\/\/secure.gravatar.com\/avatar\/ac5001d2a36cb6c6cd3e50789007ffca834b477b74a2144564522e944eabff61?s=96&d=mm&r=g","contentUrl":"https:\/\/secure.gravatar.com\/avatar\/ac5001d2a36cb6c6cd3e50789007ffca834b477b74a2144564522e944eabff61?s=96&d=mm&r=g","caption":"thomas.berner"},"url":"https:\/\/www.organisator.ch\/en\/author\/thomas-berner\/"}]}},"_links":{"self":[{"href":"https:\/\/www.organisator.ch\/en\/wp-json\/wp\/v2\/posts\/12685","targetHints":{"allow":["GET"]}}],"collection":[{"href":"https:\/\/www.organisator.ch\/en\/wp-json\/wp\/v2\/posts"}],"about":[{"href":"https:\/\/www.organisator.ch\/en\/wp-json\/wp\/v2\/types\/post"}],"author":[{"embeddable":true,"href":"https:\/\/www.organisator.ch\/en\/wp-json\/wp\/v2\/users\/4"}],"replies":[{"embeddable":true,"href":"https:\/\/www.organisator.ch\/en\/wp-json\/wp\/v2\/comments?post=12685"}],"version-history":[{"count":1,"href":"https:\/\/www.organisator.ch\/en\/wp-json\/wp\/v2\/posts\/12685\/revisions"}],"predecessor-version":[{"id":12687,"href":"https:\/\/www.organisator.ch\/en\/wp-json\/wp\/v2\/posts\/12685\/revisions\/12687"}],"wp:featuredmedia":[{"embeddable":true,"href":"https:\/\/www.organisator.ch\/en\/wp-json\/wp\/v2\/media\/12686"}],"wp:attachment":[{"href":"https:\/\/www.organisator.ch\/en\/wp-json\/wp\/v2\/media?parent=12685"}],"wp:term":[{"taxonomy":"category","embeddable":true,"href":"https:\/\/www.organisator.ch\/en\/wp-json\/wp\/v2\/categories?post=12685"},{"taxonomy":"post_tag","embeddable":true,"href":"https:\/\/www.organisator.ch\/en\/wp-json\/wp\/v2\/tags?post=12685"}],"curies":[{"name":"wp","href":"https:\/\/api.w.org\/{rel}","templated":true}]}}