{"id":12705,"date":"2022-04-28T13:32:57","date_gmt":"2022-04-28T11:32:57","guid":{"rendered":"https:\/\/www.organisator.ch\/?p=12705"},"modified":"2022-04-28T13:32:57","modified_gmt":"2022-04-28T11:32:57","slug":"erne-group-digitizes-with-axept","status":"publish","type":"post","link":"https:\/\/www.organisator.ch\/en\/management\/it\/2022-04-28\/erne-gruppe-digitalisiert-mit-axept\/","title":{"rendered":"ERNE Group digitizes with Axept"},"content":{"rendered":"<figure id=\"attachment_12709\" aria-describedby=\"caption-attachment-12709\" style=\"width: 680px\" class=\"wp-caption alignnone\"><img loading=\"lazy\" decoding=\"async\" class=\"size-full wp-image-12709\" src=\"https:\/\/www.organisator.ch\/wp-content\/uploads\/2022\/04\/ERNE-Gruppe-digitalisiert-mit-Axept_Organisator.jpg\" alt=\"\" width=\"680\" height=\"278\" srcset=\"https:\/\/www.organisator.ch\/wp-content\/uploads\/2022\/04\/ERNE-Gruppe-digitalisiert-mit-Axept_Organisator.jpg 680w, https:\/\/www.organisator.ch\/wp-content\/uploads\/2022\/04\/ERNE-Gruppe-digitalisiert-mit-Axept_Organisator-18x7.jpg 18w, https:\/\/www.organisator.ch\/wp-content\/uploads\/2022\/04\/ERNE-Gruppe-digitalisiert-mit-Axept_Organisator-375x153.jpg 375w, https:\/\/www.organisator.ch\/wp-content\/uploads\/2022\/04\/ERNE-Gruppe-digitalisiert-mit-Axept_Organisator-300x123.jpg 300w\" sizes=\"auto, (max-width: 680px) 100vw, 680px\" \/><figcaption id=\"caption-attachment-12709\" class=\"wp-caption-text\">ERNE and Axept have been working together on a major ERP project since January 2021. From left to right: On the Axept side: Hannes K\u00fcng (Project Manager), No\u00ebl Lanker (Member of the Executive Board), Urs Zoller (Head of Projects) and on the customer side: Thomas Br\u00fchlmeier (Overall Project Management), Ingo Schmuckli (Project Management Deputy), Markus Strahm (Construction Coordination), Peter G\u00f6bel (Construction Coordination Deputy), Marco Roth (Project Management). (Image: zVg)<\/figcaption><\/figure>\n<p>In January 2021, Axept acquired the ERNE Group as a new major customer. This group of companies from the construction industry, which is in the fourth generation of family ownership, examined the replacement of the previously used software solution based on SAP in an extensive concept phase and searched for a new digitization partner. The concept phase was successfully completed at the end of 2021 and the implementation phase started in the first quarter of 2022. Axept will provide more than 10,000 service hours in the project until the go-live date. Almost all available Abacus applications will be introduced. The high requirements in the area of data management due to the connection of more than 10 different software solutions are implemented by Axept on the basis of AXsuite. Data analysis is done with AXview, Axept's BI solution , with which different systems can be connected and the data can be displayed and analyzed in the form of key figures and dashboards.<\/p>\n<h3>As of 2023, the digitization of the ERNE Group will take place<\/h3>\n<p>After other large and innovative construction companies, the ERNE Group now also relies on the specialists and products of Axept. Axept will ensure the Abacus business software, which is tailored to customer needs, as well as its constant support and permanent further development from the planned go live on January 1, 2023. Thomas Br\u00fchlmeier, CFO at the ERNE Group, is convinced that the collaboration with Axept will enable the new Abacus system landscape to be used optimally: \"Digital transformation is and remains an important topic. The effects of digitalization, especially the implementation of integrated processes as well as new ways of communication, will lead to more efficiency, better quality and new opportunities in our company.\" Br\u00fchlmeier adds that in Axept they have found a partner who stands for a holistic introduction as well as sustainable support and further development of the new system.<\/p>\n<h3>Focused on an innovative and digital future<\/h3>\n<p>\"We are extremely pleased to be working with the ERNE Group. The trust placed in us confirms our leading role as an Abacus software integrator and additionally strengthens our market position in the construction industry. Our most important concern in the coming years is to accompany innovative Swiss companies into a successful digital future. The challenging major project with ERNE will help us to achieve this,\" comments Raphael Kohler, CEO and Partner at Axept Business Software AG. The software company, founded in 2006, implements business management solutions with Abacus Business Software, Business Intelligence Software from Qlik and PROVIS for well-known Swiss companies, not only from the construction industry.<\/p>\n<p><em>Source and further information: <a href=\"http:\/\/www.axept.ch\">www.axept.ch<\/a> \/ <a href=\"http:\/\/www.erne-gruppe.ch\">www.erne-gruppe.ch<\/a><\/em><\/p>","protected":false},"excerpt":{"rendered":"<p>Im Januar 2021 hat Axept die ERNE Gruppe als neuen Grosskunden gewonnen. Diese Unternehmensgruppe aus der Baubranche, welche sich in der vierten Generation im Familienbesitz befindet, hat in einer umfangreichen Konzeptphase die Abl\u00f6sung der bisher eingesetzten Software-L\u00f6sung auf Basis von SAP gepr\u00fcft und nach einem neuen Digitalisierungspartner gesucht. Ende 2021 konnte die Konzeptphase erfolgreich abgeschlossen [&hellip;]<\/p>\n","protected":false},"author":4,"featured_media":12709,"comment_status":"closed","ping_status":"closed","sticky":false,"template":"","format":"standard","meta":{"_acf_changed":false,"_yoast_wpseo_focuskw":"ERNE Gruppe","_yoast_wpseo_metadesc":"Die ERNE Gruppe und Axept setzen ein gemeinsames ERP-Projekt um: Es geht um die Digitalisierung aller relevanten Prozesse.","articlekey":"","footnotes":""},"categories":[27],"tags":[182,287,397,492],"class_list":["post-12705","post","type-post","status-publish","format-standard","has-post-thumbnail","hentry","category-it","tag-erp","tag-itbusiness-software","tag-projektmanagement","tag-unternehmen"],"acf":[],"yoast_head":"<!-- This site is optimized with the Yoast SEO plugin v27.4 - https:\/\/yoast.com\/product\/yoast-seo-wordpress\/ -->\n<title>ERNE Gruppe digitalisiert mit Axept - Organisator<\/title>\n<meta name=\"description\" content=\"Die ERNE Gruppe und Axept setzen ein gemeinsames ERP-Projekt um: Es geht um die Digitalisierung aller relevanten Prozesse.\" \/>\n<meta name=\"robots\" content=\"index, follow, max-snippet:-1, max-image-preview:large, max-video-preview:-1\" \/>\n<link rel=\"canonical\" href=\"https:\/\/www.organisator.ch\/en\/management\/it\/2022-04-28\/erne-group-digitizes-with-axept\/\" \/>\n<meta property=\"og:locale\" content=\"en_US\" \/>\n<meta property=\"og:type\" content=\"article\" \/>\n<meta property=\"og:title\" content=\"ERNE Gruppe digitalisiert mit Axept\" \/>\n<meta property=\"og:description\" content=\"Die ERNE Gruppe und Axept setzen ein gemeinsames ERP-Projekt um: Es geht um die Digitalisierung aller relevanten Prozesse.\" \/>\n<meta property=\"og:url\" content=\"https:\/\/www.organisator.ch\/en\/management\/it\/2022-04-28\/erne-group-digitizes-with-axept\/\" \/>\n<meta property=\"og:site_name\" content=\"Organisator\" \/>\n<meta property=\"article:publisher\" content=\"https:\/\/www.facebook.com\/OrganisatorFachmagazin\" \/>\n<meta property=\"article:published_time\" content=\"2022-04-28T11:32:57+00:00\" \/>\n<meta property=\"og:image\" content=\"https:\/\/www.organisator.ch\/wp-content\/uploads\/2022\/04\/ERNE-Gruppe-digitalisiert-mit-Axept_Organisator.jpg\" \/>\n\t<meta property=\"og:image:width\" content=\"680\" \/>\n\t<meta property=\"og:image:height\" content=\"278\" \/>\n\t<meta property=\"og:image:type\" content=\"image\/jpeg\" \/>\n<meta name=\"author\" content=\"thomas.berner\" \/>\n<meta name=\"twitter:card\" content=\"summary_large_image\" \/>\n<meta name=\"twitter:title\" content=\"#ERNE Gruppe digitalisiert mit #Axept\" \/>\n<meta name=\"twitter:description\" content=\"Die #ERNE Gruppe und #Axept setzen ein gemeinsames #ERP-Projekt um: Es geht um die Digitalisierung aller relevanten Prozesse.\" \/>\n<meta name=\"twitter:image\" content=\"https:\/\/www.organisator.ch\/wp-content\/uploads\/2022\/04\/ERNE-Gruppe-digitalisiert-mit-Axept_Organisator.jpg\" \/>\n<script type=\"application\/ld+json\" class=\"yoast-schema-graph\">{\"@context\":\"https:\\\/\\\/schema.org\",\"@graph\":[{\"@type\":\"Article\",\"@id\":\"https:\\\/\\\/www.organisator.ch\\\/management\\\/it\\\/2022-04-28\\\/erne-gruppe-digitalisiert-mit-axept\\\/#article\",\"isPartOf\":{\"@id\":\"https:\\\/\\\/www.organisator.ch\\\/management\\\/it\\\/2022-04-28\\\/erne-gruppe-digitalisiert-mit-axept\\\/\"},\"author\":{\"name\":\"thomas.berner\",\"@id\":\"https:\\\/\\\/www.organisator.ch\\\/#\\\/schema\\\/person\\\/6f650f90b2842cd4c0cc334b4e36f67e\"},\"headline\":\"ERNE Gruppe digitalisiert mit Axept\",\"datePublished\":\"2022-04-28T11:32:57+00:00\",\"mainEntityOfPage\":{\"@id\":\"https:\\\/\\\/www.organisator.ch\\\/management\\\/it\\\/2022-04-28\\\/erne-gruppe-digitalisiert-mit-axept\\\/\"},\"wordCount\":473,\"publisher\":{\"@id\":\"https:\\\/\\\/www.organisator.ch\\\/#organization\"},\"image\":{\"@id\":\"https:\\\/\\\/www.organisator.ch\\\/management\\\/it\\\/2022-04-28\\\/erne-gruppe-digitalisiert-mit-axept\\\/#primaryimage\"},\"thumbnailUrl\":\"https:\\\/\\\/www.organisator.ch\\\/wp-content\\\/uploads\\\/2022\\\/04\\\/ERNE-Gruppe-digitalisiert-mit-Axept_Organisator.jpg\",\"keywords\":[\"ERP\",\"IT\u2009&amp;\u2009Business Software\",\"Projektmanagement\",\"Unternehmen\"],\"articleSection\":[\"IT\"],\"inLanguage\":\"en-US\"},{\"@type\":\"WebPage\",\"@id\":\"https:\\\/\\\/www.organisator.ch\\\/management\\\/it\\\/2022-04-28\\\/erne-gruppe-digitalisiert-mit-axept\\\/\",\"url\":\"https:\\\/\\\/www.organisator.ch\\\/management\\\/it\\\/2022-04-28\\\/erne-gruppe-digitalisiert-mit-axept\\\/\",\"name\":\"ERNE Gruppe digitalisiert mit Axept - Organisator\",\"isPartOf\":{\"@id\":\"https:\\\/\\\/www.organisator.ch\\\/#website\"},\"primaryImageOfPage\":{\"@id\":\"https:\\\/\\\/www.organisator.ch\\\/management\\\/it\\\/2022-04-28\\\/erne-gruppe-digitalisiert-mit-axept\\\/#primaryimage\"},\"image\":{\"@id\":\"https:\\\/\\\/www.organisator.ch\\\/management\\\/it\\\/2022-04-28\\\/erne-gruppe-digitalisiert-mit-axept\\\/#primaryimage\"},\"thumbnailUrl\":\"https:\\\/\\\/www.organisator.ch\\\/wp-content\\\/uploads\\\/2022\\\/04\\\/ERNE-Gruppe-digitalisiert-mit-Axept_Organisator.jpg\",\"datePublished\":\"2022-04-28T11:32:57+00:00\",\"description\":\"Die ERNE Gruppe und Axept setzen ein gemeinsames ERP-Projekt um: Es geht um die Digitalisierung aller relevanten Prozesse.\",\"breadcrumb\":{\"@id\":\"https:\\\/\\\/www.organisator.ch\\\/management\\\/it\\\/2022-04-28\\\/erne-gruppe-digitalisiert-mit-axept\\\/#breadcrumb\"},\"inLanguage\":\"en-US\",\"potentialAction\":[{\"@type\":\"ReadAction\",\"target\":[\"https:\\\/\\\/www.organisator.ch\\\/management\\\/it\\\/2022-04-28\\\/erne-gruppe-digitalisiert-mit-axept\\\/\"]}]},{\"@type\":\"ImageObject\",\"inLanguage\":\"en-US\",\"@id\":\"https:\\\/\\\/www.organisator.ch\\\/management\\\/it\\\/2022-04-28\\\/erne-gruppe-digitalisiert-mit-axept\\\/#primaryimage\",\"url\":\"https:\\\/\\\/www.organisator.ch\\\/wp-content\\\/uploads\\\/2022\\\/04\\\/ERNE-Gruppe-digitalisiert-mit-Axept_Organisator.jpg\",\"contentUrl\":\"https:\\\/\\\/www.organisator.ch\\\/wp-content\\\/uploads\\\/2022\\\/04\\\/ERNE-Gruppe-digitalisiert-mit-Axept_Organisator.jpg\",\"width\":680,\"height\":278,\"caption\":\"ERNE und Axept a rbeiten seit Januar 202 1 in einem ERP Grossprojekt zusammen v.l.n.r.: A uf Seiten von Axept : Hannes K\u00fcng (Projekt leiter), No\u00ebl Lanker (Mitglied de r Gesch\u00e4ftsleitung), Urs Z oller Leiter P roj ekte und kundenseitig: T homas Br\u00fchlmeier (Gesamtprojektleitung) Gesamtprojektleitung), Ingo Schmuckli ( leitung Stv.) Stv.), Markus Strahm (Baukoordination) Baukoordination), Peter G\u00f6bel (Ba ukoordination Stv.) Stv.), Marco Roth (\"},{\"@type\":\"BreadcrumbList\",\"@id\":\"https:\\\/\\\/www.organisator.ch\\\/management\\\/it\\\/2022-04-28\\\/erne-gruppe-digitalisiert-mit-axept\\\/#breadcrumb\",\"itemListElement\":[{\"@type\":\"ListItem\",\"position\":1,\"name\":\"Home\",\"item\":\"https:\\\/\\\/www.organisator.ch\\\/\"},{\"@type\":\"ListItem\",\"position\":2,\"name\":\"ERNE Gruppe digitalisiert mit Axept\"}]},{\"@type\":\"WebSite\",\"@id\":\"https:\\\/\\\/www.organisator.ch\\\/#website\",\"url\":\"https:\\\/\\\/www.organisator.ch\\\/\",\"name\":\"Organisator\",\"description\":\"Kompetent. Praxisnah. Der ORGANISATOR bereitet in 10 Ausgaben pro Jahr die wesentlichen Themen f\u00fcr F\u00fchrungskr\u00e4fte von KMU auf.\",\"publisher\":{\"@id\":\"https:\\\/\\\/www.organisator.ch\\\/#organization\"},\"potentialAction\":[{\"@type\":\"SearchAction\",\"target\":{\"@type\":\"EntryPoint\",\"urlTemplate\":\"https:\\\/\\\/www.organisator.ch\\\/?s={search_term_string}\"},\"query-input\":{\"@type\":\"PropertyValueSpecification\",\"valueRequired\":true,\"valueName\":\"search_term_string\"}}],\"inLanguage\":\"en-US\"},{\"@type\":\"Organization\",\"@id\":\"https:\\\/\\\/www.organisator.ch\\\/#organization\",\"name\":\"Organisator\",\"url\":\"https:\\\/\\\/www.organisator.ch\\\/\",\"logo\":{\"@type\":\"ImageObject\",\"inLanguage\":\"en-US\",\"@id\":\"https:\\\/\\\/www.organisator.ch\\\/#\\\/schema\\\/logo\\\/image\\\/\",\"url\":\"https:\\\/\\\/www.organisator.ch\\\/wp-content\\\/uploads\\\/2022\\\/01\\\/Logo_Organisator_Website.png\",\"contentUrl\":\"https:\\\/\\\/www.organisator.ch\\\/wp-content\\\/uploads\\\/2022\\\/01\\\/Logo_Organisator_Website.png\",\"width\":800,\"height\":77,\"caption\":\"Organisator\"},\"image\":{\"@id\":\"https:\\\/\\\/www.organisator.ch\\\/#\\\/schema\\\/logo\\\/image\\\/\"},\"sameAs\":[\"https:\\\/\\\/www.facebook.com\\\/OrganisatorFachmagazin\",\"https:\\\/\\\/www.linkedin.com\\\/showcase\\\/organisator-das-magazin-fr-kmu\",\"https:\\\/\\\/www.xing.com\\\/news\\\/pages\\\/organisator-ch-695\",\"https:\\\/\\\/www.youtube.com\\\/channel\\\/UCGP2Sq0iWaZwT3BdIAQFYpw\"]},{\"@type\":\"Person\",\"@id\":\"https:\\\/\\\/www.organisator.ch\\\/#\\\/schema\\\/person\\\/6f650f90b2842cd4c0cc334b4e36f67e\",\"name\":\"thomas.berner\",\"image\":{\"@type\":\"ImageObject\",\"inLanguage\":\"en-US\",\"@id\":\"https:\\\/\\\/secure.gravatar.com\\\/avatar\\\/ac5001d2a36cb6c6cd3e50789007ffca834b477b74a2144564522e944eabff61?s=96&d=mm&r=g\",\"url\":\"https:\\\/\\\/secure.gravatar.com\\\/avatar\\\/ac5001d2a36cb6c6cd3e50789007ffca834b477b74a2144564522e944eabff61?s=96&d=mm&r=g\",\"contentUrl\":\"https:\\\/\\\/secure.gravatar.com\\\/avatar\\\/ac5001d2a36cb6c6cd3e50789007ffca834b477b74a2144564522e944eabff61?s=96&d=mm&r=g\",\"caption\":\"thomas.berner\"},\"url\":\"https:\\\/\\\/www.organisator.ch\\\/en\\\/author\\\/thomas-berner\\\/\"}]}<\/script>\n<!-- \/ Yoast SEO plugin. -->","yoast_head_json":{"title":"ERNE Group digitizes with Axept - Organizer","description":"The ERNE Group and Axept are implementing a joint ERP project: the aim is to digitize all relevant processes.","robots":{"index":"index","follow":"follow","max-snippet":"max-snippet:-1","max-image-preview":"max-image-preview:large","max-video-preview":"max-video-preview:-1"},"canonical":"https:\/\/www.organisator.ch\/en\/management\/it\/2022-04-28\/erne-group-digitizes-with-axept\/","og_locale":"en_US","og_type":"article","og_title":"ERNE Gruppe digitalisiert mit Axept","og_description":"Die ERNE Gruppe und Axept setzen ein gemeinsames ERP-Projekt um: Es geht um die Digitalisierung aller relevanten Prozesse.","og_url":"https:\/\/www.organisator.ch\/en\/management\/it\/2022-04-28\/erne-group-digitizes-with-axept\/","og_site_name":"Organisator","article_publisher":"https:\/\/www.facebook.com\/OrganisatorFachmagazin","article_published_time":"2022-04-28T11:32:57+00:00","og_image":[{"width":680,"height":278,"url":"https:\/\/www.organisator.ch\/wp-content\/uploads\/2022\/04\/ERNE-Gruppe-digitalisiert-mit-Axept_Organisator.jpg","type":"image\/jpeg"}],"author":"thomas.berner","twitter_card":"summary_large_image","twitter_title":"#ERNE Gruppe digitalisiert mit #Axept","twitter_description":"Die #ERNE Gruppe und #Axept setzen ein gemeinsames #ERP-Projekt um: Es geht um die Digitalisierung aller relevanten Prozesse.","twitter_image":"https:\/\/www.organisator.ch\/wp-content\/uploads\/2022\/04\/ERNE-Gruppe-digitalisiert-mit-Axept_Organisator.jpg","schema":{"@context":"https:\/\/schema.org","@graph":[{"@type":"Article","@id":"https:\/\/www.organisator.ch\/management\/it\/2022-04-28\/erne-gruppe-digitalisiert-mit-axept\/#article","isPartOf":{"@id":"https:\/\/www.organisator.ch\/management\/it\/2022-04-28\/erne-gruppe-digitalisiert-mit-axept\/"},"author":{"name":"thomas.berner","@id":"https:\/\/www.organisator.ch\/#\/schema\/person\/6f650f90b2842cd4c0cc334b4e36f67e"},"headline":"ERNE Gruppe digitalisiert mit Axept","datePublished":"2022-04-28T11:32:57+00:00","mainEntityOfPage":{"@id":"https:\/\/www.organisator.ch\/management\/it\/2022-04-28\/erne-gruppe-digitalisiert-mit-axept\/"},"wordCount":473,"publisher":{"@id":"https:\/\/www.organisator.ch\/#organization"},"image":{"@id":"https:\/\/www.organisator.ch\/management\/it\/2022-04-28\/erne-gruppe-digitalisiert-mit-axept\/#primaryimage"},"thumbnailUrl":"https:\/\/www.organisator.ch\/wp-content\/uploads\/2022\/04\/ERNE-Gruppe-digitalisiert-mit-Axept_Organisator.jpg","keywords":["ERP","IT\u2009&amp;\u2009Business Software","Projektmanagement","Unternehmen"],"articleSection":["IT"],"inLanguage":"en-US"},{"@type":"WebPage","@id":"https:\/\/www.organisator.ch\/management\/it\/2022-04-28\/erne-gruppe-digitalisiert-mit-axept\/","url":"https:\/\/www.organisator.ch\/management\/it\/2022-04-28\/erne-gruppe-digitalisiert-mit-axept\/","name":"ERNE Group digitizes with Axept - Organizer","isPartOf":{"@id":"https:\/\/www.organisator.ch\/#website"},"primaryImageOfPage":{"@id":"https:\/\/www.organisator.ch\/management\/it\/2022-04-28\/erne-gruppe-digitalisiert-mit-axept\/#primaryimage"},"image":{"@id":"https:\/\/www.organisator.ch\/management\/it\/2022-04-28\/erne-gruppe-digitalisiert-mit-axept\/#primaryimage"},"thumbnailUrl":"https:\/\/www.organisator.ch\/wp-content\/uploads\/2022\/04\/ERNE-Gruppe-digitalisiert-mit-Axept_Organisator.jpg","datePublished":"2022-04-28T11:32:57+00:00","description":"The ERNE Group and Axept are implementing a joint ERP project: the aim is to digitize all relevant processes.","breadcrumb":{"@id":"https:\/\/www.organisator.ch\/management\/it\/2022-04-28\/erne-gruppe-digitalisiert-mit-axept\/#breadcrumb"},"inLanguage":"en-US","potentialAction":[{"@type":"ReadAction","target":["https:\/\/www.organisator.ch\/management\/it\/2022-04-28\/erne-gruppe-digitalisiert-mit-axept\/"]}]},{"@type":"ImageObject","inLanguage":"en-US","@id":"https:\/\/www.organisator.ch\/management\/it\/2022-04-28\/erne-gruppe-digitalisiert-mit-axept\/#primaryimage","url":"https:\/\/www.organisator.ch\/wp-content\/uploads\/2022\/04\/ERNE-Gruppe-digitalisiert-mit-Axept_Organisator.jpg","contentUrl":"https:\/\/www.organisator.ch\/wp-content\/uploads\/2022\/04\/ERNE-Gruppe-digitalisiert-mit-Axept_Organisator.jpg","width":680,"height":278,"caption":"ERNE und Axept a rbeiten seit Januar 202 1 in einem ERP Grossprojekt zusammen v.l.n.r.: A uf Seiten von Axept : Hannes K\u00fcng (Projekt leiter), No\u00ebl Lanker (Mitglied de r Gesch\u00e4ftsleitung), Urs Z oller Leiter P roj ekte und kundenseitig: T homas Br\u00fchlmeier (Gesamtprojektleitung) Gesamtprojektleitung), Ingo Schmuckli ( leitung Stv.) Stv.), Markus Strahm (Baukoordination) Baukoordination), Peter G\u00f6bel (Ba ukoordination Stv.) Stv.), Marco Roth ("},{"@type":"BreadcrumbList","@id":"https:\/\/www.organisator.ch\/management\/it\/2022-04-28\/erne-gruppe-digitalisiert-mit-axept\/#breadcrumb","itemListElement":[{"@type":"ListItem","position":1,"name":"Home","item":"https:\/\/www.organisator.ch\/"},{"@type":"ListItem","position":2,"name":"ERNE Gruppe digitalisiert mit Axept"}]},{"@type":"WebSite","@id":"https:\/\/www.organisator.ch\/#website","url":"https:\/\/www.organisator.ch\/","name":"Organizer","description":"Competent. Practical. In 10 issues per year, ORGANISATOR presents the essential topics for managers of SMEs.","publisher":{"@id":"https:\/\/www.organisator.ch\/#organization"},"potentialAction":[{"@type":"SearchAction","target":{"@type":"EntryPoint","urlTemplate":"https:\/\/www.organisator.ch\/?s={search_term_string}"},"query-input":{"@type":"PropertyValueSpecification","valueRequired":true,"valueName":"search_term_string"}}],"inLanguage":"en-US"},{"@type":"Organization","@id":"https:\/\/www.organisator.ch\/#organization","name":"Organizer","url":"https:\/\/www.organisator.ch\/","logo":{"@type":"ImageObject","inLanguage":"en-US","@id":"https:\/\/www.organisator.ch\/#\/schema\/logo\/image\/","url":"https:\/\/www.organisator.ch\/wp-content\/uploads\/2022\/01\/Logo_Organisator_Website.png","contentUrl":"https:\/\/www.organisator.ch\/wp-content\/uploads\/2022\/01\/Logo_Organisator_Website.png","width":800,"height":77,"caption":"Organisator"},"image":{"@id":"https:\/\/www.organisator.ch\/#\/schema\/logo\/image\/"},"sameAs":["https:\/\/www.facebook.com\/OrganisatorFachmagazin","https:\/\/www.linkedin.com\/showcase\/organisator-das-magazin-fr-kmu","https:\/\/www.xing.com\/news\/pages\/organisator-ch-695","https:\/\/www.youtube.com\/channel\/UCGP2Sq0iWaZwT3BdIAQFYpw"]},{"@type":"Person","@id":"https:\/\/www.organisator.ch\/#\/schema\/person\/6f650f90b2842cd4c0cc334b4e36f67e","name":"thomas.berner","image":{"@type":"ImageObject","inLanguage":"en-US","@id":"https:\/\/secure.gravatar.com\/avatar\/ac5001d2a36cb6c6cd3e50789007ffca834b477b74a2144564522e944eabff61?s=96&d=mm&r=g","url":"https:\/\/secure.gravatar.com\/avatar\/ac5001d2a36cb6c6cd3e50789007ffca834b477b74a2144564522e944eabff61?s=96&d=mm&r=g","contentUrl":"https:\/\/secure.gravatar.com\/avatar\/ac5001d2a36cb6c6cd3e50789007ffca834b477b74a2144564522e944eabff61?s=96&d=mm&r=g","caption":"thomas.berner"},"url":"https:\/\/www.organisator.ch\/en\/author\/thomas-berner\/"}]}},"_links":{"self":[{"href":"https:\/\/www.organisator.ch\/en\/wp-json\/wp\/v2\/posts\/12705","targetHints":{"allow":["GET"]}}],"collection":[{"href":"https:\/\/www.organisator.ch\/en\/wp-json\/wp\/v2\/posts"}],"about":[{"href":"https:\/\/www.organisator.ch\/en\/wp-json\/wp\/v2\/types\/post"}],"author":[{"embeddable":true,"href":"https:\/\/www.organisator.ch\/en\/wp-json\/wp\/v2\/users\/4"}],"replies":[{"embeddable":true,"href":"https:\/\/www.organisator.ch\/en\/wp-json\/wp\/v2\/comments?post=12705"}],"version-history":[{"count":2,"href":"https:\/\/www.organisator.ch\/en\/wp-json\/wp\/v2\/posts\/12705\/revisions"}],"predecessor-version":[{"id":12710,"href":"https:\/\/www.organisator.ch\/en\/wp-json\/wp\/v2\/posts\/12705\/revisions\/12710"}],"wp:featuredmedia":[{"embeddable":true,"href":"https:\/\/www.organisator.ch\/en\/wp-json\/wp\/v2\/media\/12709"}],"wp:attachment":[{"href":"https:\/\/www.organisator.ch\/en\/wp-json\/wp\/v2\/media?parent=12705"}],"wp:term":[{"taxonomy":"category","embeddable":true,"href":"https:\/\/www.organisator.ch\/en\/wp-json\/wp\/v2\/categories?post=12705"},{"taxonomy":"post_tag","embeddable":true,"href":"https:\/\/www.organisator.ch\/en\/wp-json\/wp\/v2\/tags?post=12705"}],"curies":[{"name":"wp","href":"https:\/\/api.w.org\/{rel}","templated":true}]}}