{"id":12714,"date":"2022-04-29T08:00:36","date_gmt":"2022-04-29T06:00:36","guid":{"rendered":"https:\/\/www.organisator.ch\/?p=12714"},"modified":"2022-04-29T08:00:36","modified_gmt":"2022-04-29T06:00:36","slug":"lyreco-setzt-auf-eigenen-solarstrom","status":"publish","type":"post","link":"https:\/\/www.organisator.ch\/en\/sustainability\/2022-04-29\/lyreco-setzt-auf-eigenen-solarstrom\/","title":{"rendered":"Lyreco relies on its own solar power"},"content":{"rendered":"<figure id=\"attachment_12716\" aria-describedby=\"caption-attachment-12716\" style=\"width: 680px\" class=\"wp-caption alignnone\"><img loading=\"lazy\" decoding=\"async\" class=\"size-full wp-image-12716\" src=\"https:\/\/www.organisator.ch\/wp-content\/uploads\/2022\/04\/Lyreco-setzt-auf-eigenen-Solarstrom_Organisator.jpg\" alt=\"\" width=\"680\" height=\"403\" srcset=\"https:\/\/www.organisator.ch\/wp-content\/uploads\/2022\/04\/Lyreco-setzt-auf-eigenen-Solarstrom_Organisator.jpg 680w, https:\/\/www.organisator.ch\/wp-content\/uploads\/2022\/04\/Lyreco-setzt-auf-eigenen-Solarstrom_Organisator-18x12.jpg 18w, https:\/\/www.organisator.ch\/wp-content\/uploads\/2022\/04\/Lyreco-setzt-auf-eigenen-Solarstrom_Organisator-295x175.jpg 295w, https:\/\/www.organisator.ch\/wp-content\/uploads\/2022\/04\/Lyreco-setzt-auf-eigenen-Solarstrom_Organisator-591x350.jpg 591w, https:\/\/www.organisator.ch\/wp-content\/uploads\/2022\/04\/Lyreco-setzt-auf-eigenen-Solarstrom_Organisator-300x178.jpg 300w\" sizes=\"auto, (max-width: 680px) 100vw, 680px\" \/><figcaption id=\"caption-attachment-12716\" class=\"wp-caption-text\">From April 2022, solar power will be produced on the roof of Lyreco's logistics center in Dintikon, Aargau. (Image: Lyreco)<\/figcaption><\/figure>\n<p>Lyreco has been using renewable electricity at its Dintikon site for around ten years. Now, in line with Lyreco's sustainability strategy, a photovoltaic plant is being built on the roof of the logistics center in Dintikon. Around 3000 solar panels on a total area of 5424 m<sup>2<\/sup>implemented by partner Romande Energie, will supply the Dintikon site with ecological electricity from solar energy from April 2022. The newly constructed plant will be able to generate 1.1 gigawatt hours of solar power per year, which is equivalent to the demand of 450 apartments. The Lyreco logistics center will use around 40 percent of this for its own use, with the remaining 60 percent flowing directly into Romande Energie's solar power grid. The solar plant is designed for a useful life of 30 years. According to Romande Energie, it will use the latest generation of solar panels, which are 15 to 20 percent more efficient than older models.<\/p>\n<p>Sustainability is firmly anchored in Lyreco's corporate philosophy. That is why the company says it is consistently committed to further minimizing its ecological footprint and reducing CO2 emissions. This is to be achieved, for example, with environmentally friendly transport via rail, by <a href=\"https:\/\/www.organisator.ch\/de\/allgemein\/2021-01-21\/einsatz-von-e-vans-lyreco-liefert-elektrisch\/\">E-Van<\/a> or e-rickshaw - or with the robust and climate-neutral reusable boxes made from recycled material, which are used up to six times on average. The company's goal is to reduce CO2 emissions in Switzerland by 15 percent by 2024 compared to 2019. Ecologically produced electricity from solar energy is intended to bring the company an important step closer to this goal.<\/p>\n<p><em>Source: <a href=\"http:\/\/www.lyreco.ch\">Lyreco<\/a><\/em><\/p>","protected":false},"excerpt":{"rendered":"<p>Schon seit rund zehn Jahren bezieht Lyreco am Standort Dintikon erneuerbar produzierten Strom. Nun wird im Sinne der Nachhaltigkeitsstrategie von Lyreco auf dem Dach des Logistikzentrums in Dintikon eine Fotovoltaikanlage gebaut. Rund 3000 Solarpaneele auf einer Gesamtfl\u00e4che von 5424\u00a0m2, die der Partner Romande Energie realisiert, versorgen den Standort Dintikon ab April 2022 mit \u00f6kologischem Strom [&hellip;]<\/p>\n","protected":false},"author":4,"featured_media":12716,"comment_status":"closed","ping_status":"closed","sticky":false,"template":"","format":"standard","meta":{"_acf_changed":false,"_yoast_wpseo_focuskw":"Solarstrom","_yoast_wpseo_metadesc":"Auf dem Dach des Logistikzentrums von Lyreco im aargauischen Dintikon wird ab April 2022 eigener Solarstrom produziert.","articlekey":"","footnotes":""},"categories":[580],"tags":[358,2143,492],"class_list":["post-12714","post","type-post","status-publish","format-standard","has-post-thumbnail","hentry","category-sustainability","tag-nachhaltige-wirtschaft","tag-solarenergie","tag-unternehmen"],"acf":[],"yoast_head":"<!-- This site is optimized with the Yoast SEO plugin v27.5 - https:\/\/yoast.com\/product\/yoast-seo-wordpress\/ -->\n<title>Lyreco setzt auf eigenen Solarstrom - Organisator<\/title>\n<meta name=\"description\" content=\"Auf dem Dach des Logistikzentrums von Lyreco im aargauischen Dintikon wird ab April 2022 eigener Solarstrom produziert.\" \/>\n<meta name=\"robots\" content=\"index, follow, max-snippet:-1, max-image-preview:large, max-video-preview:-1\" \/>\n<link rel=\"canonical\" href=\"https:\/\/www.organisator.ch\/en\/sustainability\/2022-04-29\/lyreco-setzt-auf-eigenen-solarstrom\/\" \/>\n<meta property=\"og:locale\" content=\"en_US\" \/>\n<meta property=\"og:type\" content=\"article\" \/>\n<meta property=\"og:title\" content=\"Lyreco setzt auf eigenen Solarstrom\" \/>\n<meta property=\"og:description\" content=\"Auf dem Dach des Logistikzentrums von Lyreco im aargauischen Dintikon wird ab April 2022 eigener Solarstrom produziert.\" \/>\n<meta property=\"og:url\" content=\"https:\/\/www.organisator.ch\/en\/sustainability\/2022-04-29\/lyreco-setzt-auf-eigenen-solarstrom\/\" \/>\n<meta property=\"og:site_name\" content=\"Organisator\" \/>\n<meta property=\"article:publisher\" content=\"https:\/\/www.facebook.com\/OrganisatorFachmagazin\" \/>\n<meta property=\"article:published_time\" content=\"2022-04-29T06:00:36+00:00\" \/>\n<meta property=\"og:image\" content=\"https:\/\/www.organisator.ch\/wp-content\/uploads\/2022\/04\/Lyreco-setzt-auf-eigenen-Solarstrom_Organisator.jpg\" \/>\n\t<meta property=\"og:image:width\" content=\"680\" \/>\n\t<meta property=\"og:image:height\" content=\"403\" \/>\n\t<meta property=\"og:image:type\" content=\"image\/jpeg\" \/>\n<meta name=\"author\" content=\"thomas.berner\" \/>\n<meta name=\"twitter:card\" content=\"summary_large_image\" \/>\n<meta name=\"twitter:title\" content=\"#Lyreco setzt auf eigenen #Solarstrom\" \/>\n<meta name=\"twitter:description\" content=\"Auf dem Dach des #Logistikzentrums von #Lyreco im aargauischen #Dintikon wird ab April 2022 eigener #Solarstrom produziert.\" \/>\n<meta name=\"twitter:image\" content=\"https:\/\/www.organisator.ch\/wp-content\/uploads\/2022\/04\/Lyreco-setzt-auf-eigenen-Solarstrom_Organisator.jpg\" \/>\n<script type=\"application\/ld+json\" class=\"yoast-schema-graph\">{\"@context\":\"https:\\\/\\\/schema.org\",\"@graph\":[{\"@type\":\"Article\",\"@id\":\"https:\\\/\\\/www.organisator.ch\\\/sustainability\\\/2022-04-29\\\/lyreco-setzt-auf-eigenen-solarstrom\\\/#article\",\"isPartOf\":{\"@id\":\"https:\\\/\\\/www.organisator.ch\\\/sustainability\\\/2022-04-29\\\/lyreco-setzt-auf-eigenen-solarstrom\\\/\"},\"author\":{\"name\":\"thomas.berner\",\"@id\":\"https:\\\/\\\/www.organisator.ch\\\/#\\\/schema\\\/person\\\/6f650f90b2842cd4c0cc334b4e36f67e\"},\"headline\":\"Lyreco setzt auf eigenen Solarstrom\",\"datePublished\":\"2022-04-29T06:00:36+00:00\",\"mainEntityOfPage\":{\"@id\":\"https:\\\/\\\/www.organisator.ch\\\/sustainability\\\/2022-04-29\\\/lyreco-setzt-auf-eigenen-solarstrom\\\/\"},\"wordCount\":264,\"publisher\":{\"@id\":\"https:\\\/\\\/www.organisator.ch\\\/#organization\"},\"image\":{\"@id\":\"https:\\\/\\\/www.organisator.ch\\\/sustainability\\\/2022-04-29\\\/lyreco-setzt-auf-eigenen-solarstrom\\\/#primaryimage\"},\"thumbnailUrl\":\"https:\\\/\\\/www.organisator.ch\\\/wp-content\\\/uploads\\\/2022\\\/04\\\/Lyreco-setzt-auf-eigenen-Solarstrom_Organisator.jpg\",\"keywords\":[\"Nachhaltige Wirtschaft\",\"Solarenergie\",\"Unternehmen\"],\"articleSection\":[\"SUSTAINABILITY\"],\"inLanguage\":\"en-US\"},{\"@type\":\"WebPage\",\"@id\":\"https:\\\/\\\/www.organisator.ch\\\/sustainability\\\/2022-04-29\\\/lyreco-setzt-auf-eigenen-solarstrom\\\/\",\"url\":\"https:\\\/\\\/www.organisator.ch\\\/sustainability\\\/2022-04-29\\\/lyreco-setzt-auf-eigenen-solarstrom\\\/\",\"name\":\"Lyreco setzt auf eigenen Solarstrom - Organisator\",\"isPartOf\":{\"@id\":\"https:\\\/\\\/www.organisator.ch\\\/#website\"},\"primaryImageOfPage\":{\"@id\":\"https:\\\/\\\/www.organisator.ch\\\/sustainability\\\/2022-04-29\\\/lyreco-setzt-auf-eigenen-solarstrom\\\/#primaryimage\"},\"image\":{\"@id\":\"https:\\\/\\\/www.organisator.ch\\\/sustainability\\\/2022-04-29\\\/lyreco-setzt-auf-eigenen-solarstrom\\\/#primaryimage\"},\"thumbnailUrl\":\"https:\\\/\\\/www.organisator.ch\\\/wp-content\\\/uploads\\\/2022\\\/04\\\/Lyreco-setzt-auf-eigenen-Solarstrom_Organisator.jpg\",\"datePublished\":\"2022-04-29T06:00:36+00:00\",\"description\":\"Auf dem Dach des Logistikzentrums von Lyreco im aargauischen Dintikon wird ab April 2022 eigener Solarstrom produziert.\",\"breadcrumb\":{\"@id\":\"https:\\\/\\\/www.organisator.ch\\\/sustainability\\\/2022-04-29\\\/lyreco-setzt-auf-eigenen-solarstrom\\\/#breadcrumb\"},\"inLanguage\":\"en-US\",\"potentialAction\":[{\"@type\":\"ReadAction\",\"target\":[\"https:\\\/\\\/www.organisator.ch\\\/sustainability\\\/2022-04-29\\\/lyreco-setzt-auf-eigenen-solarstrom\\\/\"]}]},{\"@type\":\"ImageObject\",\"inLanguage\":\"en-US\",\"@id\":\"https:\\\/\\\/www.organisator.ch\\\/sustainability\\\/2022-04-29\\\/lyreco-setzt-auf-eigenen-solarstrom\\\/#primaryimage\",\"url\":\"https:\\\/\\\/www.organisator.ch\\\/wp-content\\\/uploads\\\/2022\\\/04\\\/Lyreco-setzt-auf-eigenen-Solarstrom_Organisator.jpg\",\"contentUrl\":\"https:\\\/\\\/www.organisator.ch\\\/wp-content\\\/uploads\\\/2022\\\/04\\\/Lyreco-setzt-auf-eigenen-Solarstrom_Organisator.jpg\",\"width\":680,\"height\":403,\"caption\":\"Ab April 2022 wird auf dem Dach des Logistikzentrums von Lyreco im aargauischen Dintikon Solarstrom produziert. (Bild: Lyreco)\"},{\"@type\":\"BreadcrumbList\",\"@id\":\"https:\\\/\\\/www.organisator.ch\\\/sustainability\\\/2022-04-29\\\/lyreco-setzt-auf-eigenen-solarstrom\\\/#breadcrumb\",\"itemListElement\":[{\"@type\":\"ListItem\",\"position\":1,\"name\":\"Home\",\"item\":\"https:\\\/\\\/www.organisator.ch\\\/\"},{\"@type\":\"ListItem\",\"position\":2,\"name\":\"Lyreco setzt auf eigenen Solarstrom\"}]},{\"@type\":\"WebSite\",\"@id\":\"https:\\\/\\\/www.organisator.ch\\\/#website\",\"url\":\"https:\\\/\\\/www.organisator.ch\\\/\",\"name\":\"Organisator\",\"description\":\"Kompetent. Praxisnah. Der ORGANISATOR bereitet in 10 Ausgaben pro Jahr die wesentlichen Themen f\u00fcr F\u00fchrungskr\u00e4fte von KMU auf.\",\"publisher\":{\"@id\":\"https:\\\/\\\/www.organisator.ch\\\/#organization\"},\"potentialAction\":[{\"@type\":\"SearchAction\",\"target\":{\"@type\":\"EntryPoint\",\"urlTemplate\":\"https:\\\/\\\/www.organisator.ch\\\/?s={search_term_string}\"},\"query-input\":{\"@type\":\"PropertyValueSpecification\",\"valueRequired\":true,\"valueName\":\"search_term_string\"}}],\"inLanguage\":\"en-US\"},{\"@type\":\"Organization\",\"@id\":\"https:\\\/\\\/www.organisator.ch\\\/#organization\",\"name\":\"Organisator\",\"url\":\"https:\\\/\\\/www.organisator.ch\\\/\",\"logo\":{\"@type\":\"ImageObject\",\"inLanguage\":\"en-US\",\"@id\":\"https:\\\/\\\/www.organisator.ch\\\/#\\\/schema\\\/logo\\\/image\\\/\",\"url\":\"https:\\\/\\\/www.organisator.ch\\\/wp-content\\\/uploads\\\/2022\\\/01\\\/Logo_Organisator_Website.png\",\"contentUrl\":\"https:\\\/\\\/www.organisator.ch\\\/wp-content\\\/uploads\\\/2022\\\/01\\\/Logo_Organisator_Website.png\",\"width\":800,\"height\":77,\"caption\":\"Organisator\"},\"image\":{\"@id\":\"https:\\\/\\\/www.organisator.ch\\\/#\\\/schema\\\/logo\\\/image\\\/\"},\"sameAs\":[\"https:\\\/\\\/www.facebook.com\\\/OrganisatorFachmagazin\",\"https:\\\/\\\/www.linkedin.com\\\/showcase\\\/organisator-das-magazin-fr-kmu\",\"https:\\\/\\\/www.xing.com\\\/news\\\/pages\\\/organisator-ch-695\",\"https:\\\/\\\/www.youtube.com\\\/channel\\\/UCGP2Sq0iWaZwT3BdIAQFYpw\"]},{\"@type\":\"Person\",\"@id\":\"https:\\\/\\\/www.organisator.ch\\\/#\\\/schema\\\/person\\\/6f650f90b2842cd4c0cc334b4e36f67e\",\"name\":\"thomas.berner\",\"image\":{\"@type\":\"ImageObject\",\"inLanguage\":\"en-US\",\"@id\":\"https:\\\/\\\/secure.gravatar.com\\\/avatar\\\/ac5001d2a36cb6c6cd3e50789007ffca834b477b74a2144564522e944eabff61?s=96&d=mm&r=g\",\"url\":\"https:\\\/\\\/secure.gravatar.com\\\/avatar\\\/ac5001d2a36cb6c6cd3e50789007ffca834b477b74a2144564522e944eabff61?s=96&d=mm&r=g\",\"contentUrl\":\"https:\\\/\\\/secure.gravatar.com\\\/avatar\\\/ac5001d2a36cb6c6cd3e50789007ffca834b477b74a2144564522e944eabff61?s=96&d=mm&r=g\",\"caption\":\"thomas.berner\"},\"url\":\"https:\\\/\\\/www.organisator.ch\\\/en\\\/author\\\/thomas-berner\\\/\"}]}<\/script>\n<!-- \/ Yoast SEO plugin. -->","yoast_head_json":{"title":"Lyreco relies on its own solar power - organizer","description":"On the roof of Lyreco's logistics center in Dintikon, Aargau, the company will produce its own solar power from April 2022.","robots":{"index":"index","follow":"follow","max-snippet":"max-snippet:-1","max-image-preview":"max-image-preview:large","max-video-preview":"max-video-preview:-1"},"canonical":"https:\/\/www.organisator.ch\/en\/sustainability\/2022-04-29\/lyreco-setzt-auf-eigenen-solarstrom\/","og_locale":"en_US","og_type":"article","og_title":"Lyreco setzt auf eigenen Solarstrom","og_description":"Auf dem Dach des Logistikzentrums von Lyreco im aargauischen Dintikon wird ab April 2022 eigener Solarstrom produziert.","og_url":"https:\/\/www.organisator.ch\/en\/sustainability\/2022-04-29\/lyreco-setzt-auf-eigenen-solarstrom\/","og_site_name":"Organisator","article_publisher":"https:\/\/www.facebook.com\/OrganisatorFachmagazin","article_published_time":"2022-04-29T06:00:36+00:00","og_image":[{"width":680,"height":403,"url":"https:\/\/www.organisator.ch\/wp-content\/uploads\/2022\/04\/Lyreco-setzt-auf-eigenen-Solarstrom_Organisator.jpg","type":"image\/jpeg"}],"author":"thomas.berner","twitter_card":"summary_large_image","twitter_title":"#Lyreco setzt auf eigenen #Solarstrom","twitter_description":"Auf dem Dach des #Logistikzentrums von #Lyreco im aargauischen #Dintikon wird ab April 2022 eigener #Solarstrom produziert.","twitter_image":"https:\/\/www.organisator.ch\/wp-content\/uploads\/2022\/04\/Lyreco-setzt-auf-eigenen-Solarstrom_Organisator.jpg","schema":{"@context":"https:\/\/schema.org","@graph":[{"@type":"Article","@id":"https:\/\/www.organisator.ch\/sustainability\/2022-04-29\/lyreco-setzt-auf-eigenen-solarstrom\/#article","isPartOf":{"@id":"https:\/\/www.organisator.ch\/sustainability\/2022-04-29\/lyreco-setzt-auf-eigenen-solarstrom\/"},"author":{"name":"thomas.berner","@id":"https:\/\/www.organisator.ch\/#\/schema\/person\/6f650f90b2842cd4c0cc334b4e36f67e"},"headline":"Lyreco setzt auf eigenen Solarstrom","datePublished":"2022-04-29T06:00:36+00:00","mainEntityOfPage":{"@id":"https:\/\/www.organisator.ch\/sustainability\/2022-04-29\/lyreco-setzt-auf-eigenen-solarstrom\/"},"wordCount":264,"publisher":{"@id":"https:\/\/www.organisator.ch\/#organization"},"image":{"@id":"https:\/\/www.organisator.ch\/sustainability\/2022-04-29\/lyreco-setzt-auf-eigenen-solarstrom\/#primaryimage"},"thumbnailUrl":"https:\/\/www.organisator.ch\/wp-content\/uploads\/2022\/04\/Lyreco-setzt-auf-eigenen-Solarstrom_Organisator.jpg","keywords":["Nachhaltige Wirtschaft","Solarenergie","Unternehmen"],"articleSection":["SUSTAINABILITY"],"inLanguage":"en-US"},{"@type":"WebPage","@id":"https:\/\/www.organisator.ch\/sustainability\/2022-04-29\/lyreco-setzt-auf-eigenen-solarstrom\/","url":"https:\/\/www.organisator.ch\/sustainability\/2022-04-29\/lyreco-setzt-auf-eigenen-solarstrom\/","name":"Lyreco relies on its own solar power - organizer","isPartOf":{"@id":"https:\/\/www.organisator.ch\/#website"},"primaryImageOfPage":{"@id":"https:\/\/www.organisator.ch\/sustainability\/2022-04-29\/lyreco-setzt-auf-eigenen-solarstrom\/#primaryimage"},"image":{"@id":"https:\/\/www.organisator.ch\/sustainability\/2022-04-29\/lyreco-setzt-auf-eigenen-solarstrom\/#primaryimage"},"thumbnailUrl":"https:\/\/www.organisator.ch\/wp-content\/uploads\/2022\/04\/Lyreco-setzt-auf-eigenen-Solarstrom_Organisator.jpg","datePublished":"2022-04-29T06:00:36+00:00","description":"On the roof of Lyreco's logistics center in Dintikon, Aargau, the company will produce its own solar power from April 2022.","breadcrumb":{"@id":"https:\/\/www.organisator.ch\/sustainability\/2022-04-29\/lyreco-setzt-auf-eigenen-solarstrom\/#breadcrumb"},"inLanguage":"en-US","potentialAction":[{"@type":"ReadAction","target":["https:\/\/www.organisator.ch\/sustainability\/2022-04-29\/lyreco-setzt-auf-eigenen-solarstrom\/"]}]},{"@type":"ImageObject","inLanguage":"en-US","@id":"https:\/\/www.organisator.ch\/sustainability\/2022-04-29\/lyreco-setzt-auf-eigenen-solarstrom\/#primaryimage","url":"https:\/\/www.organisator.ch\/wp-content\/uploads\/2022\/04\/Lyreco-setzt-auf-eigenen-Solarstrom_Organisator.jpg","contentUrl":"https:\/\/www.organisator.ch\/wp-content\/uploads\/2022\/04\/Lyreco-setzt-auf-eigenen-Solarstrom_Organisator.jpg","width":680,"height":403,"caption":"Ab April 2022 wird auf dem Dach des Logistikzentrums von Lyreco im aargauischen Dintikon Solarstrom produziert. (Bild: Lyreco)"},{"@type":"BreadcrumbList","@id":"https:\/\/www.organisator.ch\/sustainability\/2022-04-29\/lyreco-setzt-auf-eigenen-solarstrom\/#breadcrumb","itemListElement":[{"@type":"ListItem","position":1,"name":"Home","item":"https:\/\/www.organisator.ch\/"},{"@type":"ListItem","position":2,"name":"Lyreco setzt auf eigenen Solarstrom"}]},{"@type":"WebSite","@id":"https:\/\/www.organisator.ch\/#website","url":"https:\/\/www.organisator.ch\/","name":"Organizer","description":"Competent. Practical. In 10 issues per year, ORGANISATOR presents the essential topics for managers of SMEs.","publisher":{"@id":"https:\/\/www.organisator.ch\/#organization"},"potentialAction":[{"@type":"SearchAction","target":{"@type":"EntryPoint","urlTemplate":"https:\/\/www.organisator.ch\/?s={search_term_string}"},"query-input":{"@type":"PropertyValueSpecification","valueRequired":true,"valueName":"search_term_string"}}],"inLanguage":"en-US"},{"@type":"Organization","@id":"https:\/\/www.organisator.ch\/#organization","name":"Organizer","url":"https:\/\/www.organisator.ch\/","logo":{"@type":"ImageObject","inLanguage":"en-US","@id":"https:\/\/www.organisator.ch\/#\/schema\/logo\/image\/","url":"https:\/\/www.organisator.ch\/wp-content\/uploads\/2022\/01\/Logo_Organisator_Website.png","contentUrl":"https:\/\/www.organisator.ch\/wp-content\/uploads\/2022\/01\/Logo_Organisator_Website.png","width":800,"height":77,"caption":"Organisator"},"image":{"@id":"https:\/\/www.organisator.ch\/#\/schema\/logo\/image\/"},"sameAs":["https:\/\/www.facebook.com\/OrganisatorFachmagazin","https:\/\/www.linkedin.com\/showcase\/organisator-das-magazin-fr-kmu","https:\/\/www.xing.com\/news\/pages\/organisator-ch-695","https:\/\/www.youtube.com\/channel\/UCGP2Sq0iWaZwT3BdIAQFYpw"]},{"@type":"Person","@id":"https:\/\/www.organisator.ch\/#\/schema\/person\/6f650f90b2842cd4c0cc334b4e36f67e","name":"thomas.berner","image":{"@type":"ImageObject","inLanguage":"en-US","@id":"https:\/\/secure.gravatar.com\/avatar\/ac5001d2a36cb6c6cd3e50789007ffca834b477b74a2144564522e944eabff61?s=96&d=mm&r=g","url":"https:\/\/secure.gravatar.com\/avatar\/ac5001d2a36cb6c6cd3e50789007ffca834b477b74a2144564522e944eabff61?s=96&d=mm&r=g","contentUrl":"https:\/\/secure.gravatar.com\/avatar\/ac5001d2a36cb6c6cd3e50789007ffca834b477b74a2144564522e944eabff61?s=96&d=mm&r=g","caption":"thomas.berner"},"url":"https:\/\/www.organisator.ch\/en\/author\/thomas-berner\/"}]}},"_links":{"self":[{"href":"https:\/\/www.organisator.ch\/en\/wp-json\/wp\/v2\/posts\/12714","targetHints":{"allow":["GET"]}}],"collection":[{"href":"https:\/\/www.organisator.ch\/en\/wp-json\/wp\/v2\/posts"}],"about":[{"href":"https:\/\/www.organisator.ch\/en\/wp-json\/wp\/v2\/types\/post"}],"author":[{"embeddable":true,"href":"https:\/\/www.organisator.ch\/en\/wp-json\/wp\/v2\/users\/4"}],"replies":[{"embeddable":true,"href":"https:\/\/www.organisator.ch\/en\/wp-json\/wp\/v2\/comments?post=12714"}],"version-history":[{"count":4,"href":"https:\/\/www.organisator.ch\/en\/wp-json\/wp\/v2\/posts\/12714\/revisions"}],"predecessor-version":[{"id":12755,"href":"https:\/\/www.organisator.ch\/en\/wp-json\/wp\/v2\/posts\/12714\/revisions\/12755"}],"wp:featuredmedia":[{"embeddable":true,"href":"https:\/\/www.organisator.ch\/en\/wp-json\/wp\/v2\/media\/12716"}],"wp:attachment":[{"href":"https:\/\/www.organisator.ch\/en\/wp-json\/wp\/v2\/media?parent=12714"}],"wp:term":[{"taxonomy":"category","embeddable":true,"href":"https:\/\/www.organisator.ch\/en\/wp-json\/wp\/v2\/categories?post=12714"},{"taxonomy":"post_tag","embeddable":true,"href":"https:\/\/www.organisator.ch\/en\/wp-json\/wp\/v2\/tags?post=12714"}],"curies":[{"name":"wp","href":"https:\/\/api.w.org\/{rel}","templated":true}]}}