{"id":12734,"date":"2022-05-02T07:55:19","date_gmt":"2022-05-02T05:55:19","guid":{"rendered":"https:\/\/www.organisator.ch\/?p=12734"},"modified":"2022-05-02T07:55:19","modified_gmt":"2022-05-02T05:55:19","slug":"dr-thomas-schmuckli-neuer-vr-praesident-bei-helvetia","status":"publish","type":"post","link":"https:\/\/www.organisator.ch\/en\/management\/2022-05-02\/dr-thomas-schmuckli-neuer-vr-praesident-bei-helvetia\/","title":{"rendered":"Dr. Thomas Schmuckli new Chairman of the Board of Directors at Helvetia"},"content":{"rendered":"<figure id=\"attachment_12735\" aria-describedby=\"caption-attachment-12735\" style=\"width: 680px\" class=\"wp-caption alignnone\"><img loading=\"lazy\" decoding=\"async\" class=\"size-full wp-image-12735\" src=\"https:\/\/www.organisator.ch\/wp-content\/uploads\/2022\/05\/Dr.-Thomas-Schmuckli-neuer-VR-Praesident-bei-Helvetia-1_Organisator.jpg\" alt=\"\" width=\"680\" height=\"438\" srcset=\"https:\/\/www.organisator.ch\/wp-content\/uploads\/2022\/05\/Dr.-Thomas-Schmuckli-neuer-VR-Praesident-bei-Helvetia-1_Organisator.jpg 680w, https:\/\/www.organisator.ch\/wp-content\/uploads\/2022\/05\/Dr.-Thomas-Schmuckli-neuer-VR-Praesident-bei-Helvetia-1_Organisator-18x12.jpg 18w, https:\/\/www.organisator.ch\/wp-content\/uploads\/2022\/05\/Dr.-Thomas-Schmuckli-neuer-VR-Praesident-bei-Helvetia-1_Organisator-272x175.jpg 272w, https:\/\/www.organisator.ch\/wp-content\/uploads\/2022\/05\/Dr.-Thomas-Schmuckli-neuer-VR-Praesident-bei-Helvetia-1_Organisator-543x350.jpg 543w, https:\/\/www.organisator.ch\/wp-content\/uploads\/2022\/05\/Dr.-Thomas-Schmuckli-neuer-VR-Praesident-bei-Helvetia-1_Organisator-300x193.jpg 300w\" sizes=\"auto, (max-width: 680px) 100vw, 680px\" \/><figcaption id=\"caption-attachment-12735\" class=\"wp-caption-text\">Thomas Schmuckli, new Chairman of the Board of Directors of Helvetia. (Image: zVg \/ Helvetia)<\/figcaption><\/figure>\n<p>After the Shareholders' Meeting of Helvetia Holding AG had been held without the physical participation of shareholders in the past two years, it was again possible to attend the 26th Ordinary Shareholders' Meeting on site at the Olma Messen St.Gallen. The 1810 shareholders present and entitled to vote (representing 64.8 percent of the share capital) approved the management report, the annual financial statements and the consolidated financial statements for 2021. They also discharged the Board of Directors and the Group Executive Management for their activities in the past financial year.<\/p>\n<h3><strong>Secure retirement provision required for Switzerland<\/strong><\/h3>\n<p>In her presidential address, outgoing BoD President Doris Russi Schurter addressed the need for reform in the pension system, which was both compelling and urgent due to demographic changes. \"The challenge has long been known: We are living longer and longer. The baby boomers are retiring. That costs us more than we pay in. Also because we're getting almost no more interest,\" Doris Russi Schurter explained and immediately outlined a solution: \"Save more, pay out a little less and a little longer in return, and work a little longer.\" In conclusion, she said: \"Switzerland deserves a secure pension system.<\/p>\n<h3><strong>Successful start to the new strategy period - dividend increased<\/strong><\/h3>\n<p>Dr. Philipp Gm\u00fcr, Group CEO of Helvetia, informed the Shareholders' Meeting about the 2021 financial year. Thanks to profitable growth, a substantial contribution from the Spanish company Caser and a very good investment result, Helvetia was able to significantly increase its profit and business volume. Helvetia also made a successful start to the new strategy period. <em>helvetia 20.25<\/em> and is investing in customer convenience in particular, the report continues. Thus, the successful business model of Smile, the digital lifestyle brand in Switzerland among insurers, is now to be launched in European country markets as well. The launch will take place in Austria. The aim is to establish Smile as the leading online insurer in this market by the end of the strategy period.<\/p>\n<p>The Annual General Meeting approved a dividend of CHF 5.50 per share (previous year: CHF 5.00). With this dividend increase of 10 percent, shareholders will benefit from the good financial year 2021 as well as from the successful acquisition of Caser and the associated strengthening of earnings power and dividend capacity.<\/p>\n<h3><strong>Dr. Thomas Schmuckli elected as President<\/strong><\/h3>\n<p>The shareholders elected Dr. Thomas Schmuckli as the new Chairman. Dr. Thomas Schmuckli has been a member and Vice Chairman of the Board of Directors of Helvetia Holding AG since 2018. In addition, he has led the Board of Directors of Helvetia's anchor shareholder, Patria Genossenschaft, since 2019. He will relinquish this mandate as of May 13, 2022. As announced, Doris Russi Schurter, the previous Chairwoman of the Board of Directors, did not stand for re-election due to a stroke of family fate. Dr. Thomas Schmuckli paid tribute to her services to Helvetia at the Shareholders' Meeting: \"Doris Russi Schurter has played a decisive role in the further development of Helvetia into a European financial services provider. On behalf of the entire Board of Directors, I would like to thank Doris Russi Schurter most sincerely for her many years of service to Helvetia.\"<\/p>\n<figure id=\"attachment_12736\" aria-describedby=\"caption-attachment-12736\" style=\"width: 680px\" class=\"wp-caption alignnone\"><img loading=\"lazy\" decoding=\"async\" class=\"size-full wp-image-12736\" src=\"https:\/\/www.organisator.ch\/wp-content\/uploads\/2022\/05\/Dr.-Thomas-Schmuckli-neuer-VR-Praesident-bei-Helvetia-2_Organisator.jpg\" alt=\"\" width=\"680\" height=\"453\" srcset=\"https:\/\/www.organisator.ch\/wp-content\/uploads\/2022\/05\/Dr.-Thomas-Schmuckli-neuer-VR-Praesident-bei-Helvetia-2_Organisator.jpg 680w, https:\/\/www.organisator.ch\/wp-content\/uploads\/2022\/05\/Dr.-Thomas-Schmuckli-neuer-VR-Praesident-bei-Helvetia-2_Organisator-18x12.jpg 18w, https:\/\/www.organisator.ch\/wp-content\/uploads\/2022\/05\/Dr.-Thomas-Schmuckli-neuer-VR-Praesident-bei-Helvetia-2_Organisator-263x175.jpg 263w, https:\/\/www.organisator.ch\/wp-content\/uploads\/2022\/05\/Dr.-Thomas-Schmuckli-neuer-VR-Praesident-bei-Helvetia-2_Organisator-525x350.jpg 525w, https:\/\/www.organisator.ch\/wp-content\/uploads\/2022\/05\/Dr.-Thomas-Schmuckli-neuer-VR-Praesident-bei-Helvetia-2_Organisator-300x200.jpg 300w\" sizes=\"auto, (max-width: 680px) 100vw, 680px\" \/><figcaption id=\"caption-attachment-12736\" class=\"wp-caption-text\">Farewell with thanks for her services: Doris Russi Schurter did not run for re-election. (Image: zVg \/ Helvetia)<\/figcaption><\/figure>\n<p>The shareholders also elected Luigi Lubelli as a new member of the Board of Directors. He lives in Spain and has many years of operational and strategic experience in the insurance industry in Italy and Spain, which are important country markets for Helvetia. Due to the term limit for members of the Board of Directors, Prof. Dr. Christoph Lechner did not stand for re-election.<\/p>\n<p>Furthermore, the Annual General Meeting approved the total amounts of the fixed compensation of the members of the Board of Directors as well as the fixed and variable compensation of the Group Executive Committee.<\/p>\n<p><em>Source and further information: <a href=\"http:\/\/www.helvetia.com\">Helvetia<\/a><\/em><\/p>","protected":false},"excerpt":{"rendered":"<p>Nachdem in den vergangenen beiden Jahren die Generalversammlung der Helvetia Holding AG ohne physische Teilnahme der Aktion\u00e4rinnen und Aktion\u00e4re stattgefunden hatte, war an der 26. ordentlichen Generalversammlung eine Teilnahme vor Ort in den Olma Messen St.Gallen wieder m\u00f6glich. Die 1810 anwesenden stimmberechtigten Aktion\u00e4rinnen und Aktion\u00e4re (Vertretung von 64.8 Prozent des Aktienkapitals) genehmigten den Lagebericht, die [&hellip;]<\/p>\n","protected":false},"author":4,"featured_media":0,"comment_status":"closed","ping_status":"closed","sticky":false,"template":"","format":"standard","meta":{"_acf_changed":false,"_yoast_wpseo_focuskw":"Thomas Schmuckli","_yoast_wpseo_metadesc":"An der ordentlichen GV der Helvetia Holding w\u00e4hlten die Aktion\u00e4rinnen und Aktion\u00e4re Dr. Thomas Schmuckli zum Pr\u00e4sidenten des Verwaltungsrates.","articlekey":"","footnotes":""},"categories":[28],"tags":[335,381,2471],"class_list":["post-12734","post","type-post","status-publish","format-standard","hentry","category-management","tag-management-und-unternehmensfuehrung","tag-personalia","tag-verwaltungsrat"],"acf":[],"yoast_head":"<!-- This site is optimized with the Yoast SEO plugin v27.5 - https:\/\/yoast.com\/product\/yoast-seo-wordpress\/ -->\n<title>Dr. Thomas Schmuckli neuer VR-Pr\u00e4sident bei Helvetia - Organisator<\/title>\n<meta name=\"description\" content=\"An der ordentlichen GV der Helvetia Holding w\u00e4hlten die Aktion\u00e4rinnen und Aktion\u00e4re Dr. Thomas Schmuckli zum Pr\u00e4sidenten des Verwaltungsrates.\" \/>\n<meta name=\"robots\" content=\"index, follow, max-snippet:-1, max-image-preview:large, max-video-preview:-1\" \/>\n<link rel=\"canonical\" href=\"https:\/\/www.organisator.ch\/en\/management\/2022-05-02\/dr-thomas-schmuckli-neuer-vr-praesident-bei-helvetia\/\" \/>\n<meta property=\"og:locale\" content=\"en_US\" \/>\n<meta property=\"og:type\" content=\"article\" \/>\n<meta property=\"og:title\" content=\"Dr. Thomas Schmuckli neuer VR-Pr\u00e4sident bei Helvetia\" \/>\n<meta property=\"og:description\" content=\"An der ordentlichen GV der Helvetia Holding w\u00e4hlten die Aktion\u00e4rinnen und Aktion\u00e4re Dr. Thomas Schmuckli zum Pr\u00e4sidenten des Verwaltungsrates.\" \/>\n<meta property=\"og:url\" content=\"https:\/\/www.organisator.ch\/en\/management\/2022-05-02\/dr-thomas-schmuckli-neuer-vr-praesident-bei-helvetia\/\" \/>\n<meta property=\"og:site_name\" content=\"Organisator\" \/>\n<meta property=\"article:publisher\" content=\"https:\/\/www.facebook.com\/OrganisatorFachmagazin\" \/>\n<meta property=\"article:published_time\" content=\"2022-05-02T05:55:19+00:00\" \/>\n<meta property=\"og:image\" content=\"https:\/\/www.organisator.ch\/wp-content\/uploads\/2022\/05\/Dr.-Thomas-Schmuckli-neuer-VR-Praesident-bei-Helvetia-1_Organisator.jpg\" \/>\n\t<meta property=\"og:image:width\" content=\"680\" \/>\n\t<meta property=\"og:image:height\" content=\"438\" \/>\n\t<meta property=\"og:image:type\" content=\"image\/jpeg\" \/>\n<meta name=\"author\" content=\"thomas.berner\" \/>\n<meta name=\"twitter:card\" content=\"summary_large_image\" \/>\n<meta name=\"twitter:title\" content=\"Dr. Thomas #Schmuckli neuer #VR-Pr\u00e4sident bei #Helvetia\" \/>\n<meta name=\"twitter:description\" content=\"An der ordentlichen #GV der #Helvetia Holding w\u00e4hlten die Aktion\u00e4rinnen und Aktion\u00e4re Dr. Thomas #Schmuckli zum Pr\u00e4sidenten des #Verwaltungsrates.\" \/>\n<meta name=\"twitter:image\" content=\"https:\/\/www.organisator.ch\/wp-content\/uploads\/2022\/05\/Dr.-Thomas-Schmuckli-neuer-VR-Praesident-bei-Helvetia-1_Organisator.jpg\" \/>\n<script type=\"application\/ld+json\" class=\"yoast-schema-graph\">{\"@context\":\"https:\\\/\\\/schema.org\",\"@graph\":[{\"@type\":\"Article\",\"@id\":\"https:\\\/\\\/www.organisator.ch\\\/management\\\/2022-05-02\\\/dr-thomas-schmuckli-neuer-vr-praesident-bei-helvetia\\\/#article\",\"isPartOf\":{\"@id\":\"https:\\\/\\\/www.organisator.ch\\\/management\\\/2022-05-02\\\/dr-thomas-schmuckli-neuer-vr-praesident-bei-helvetia\\\/\"},\"author\":{\"name\":\"thomas.berner\",\"@id\":\"https:\\\/\\\/www.organisator.ch\\\/#\\\/schema\\\/person\\\/6f650f90b2842cd4c0cc334b4e36f67e\"},\"headline\":\"Dr. Thomas Schmuckli neuer VR-Pr\u00e4sident bei Helvetia\",\"datePublished\":\"2022-05-02T05:55:19+00:00\",\"mainEntityOfPage\":{\"@id\":\"https:\\\/\\\/www.organisator.ch\\\/management\\\/2022-05-02\\\/dr-thomas-schmuckli-neuer-vr-praesident-bei-helvetia\\\/\"},\"wordCount\":628,\"publisher\":{\"@id\":\"https:\\\/\\\/www.organisator.ch\\\/#organization\"},\"image\":{\"@id\":\"https:\\\/\\\/www.organisator.ch\\\/management\\\/2022-05-02\\\/dr-thomas-schmuckli-neuer-vr-praesident-bei-helvetia\\\/#primaryimage\"},\"thumbnailUrl\":\"https:\\\/\\\/www.organisator.ch\\\/wp-content\\\/uploads\\\/2022\\\/05\\\/Dr.-Thomas-Schmuckli-neuer-VR-Praesident-bei-Helvetia-1_Organisator.jpg\",\"keywords\":[\"Management und Unternehmensf\u00fchrung\",\"Personalia\",\"Verwaltungsrat\"],\"articleSection\":[\"MANAGEMENT\"],\"inLanguage\":\"en-US\"},{\"@type\":\"WebPage\",\"@id\":\"https:\\\/\\\/www.organisator.ch\\\/management\\\/2022-05-02\\\/dr-thomas-schmuckli-neuer-vr-praesident-bei-helvetia\\\/\",\"url\":\"https:\\\/\\\/www.organisator.ch\\\/management\\\/2022-05-02\\\/dr-thomas-schmuckli-neuer-vr-praesident-bei-helvetia\\\/\",\"name\":\"Dr. Thomas Schmuckli neuer VR-Pr\u00e4sident bei Helvetia - Organisator\",\"isPartOf\":{\"@id\":\"https:\\\/\\\/www.organisator.ch\\\/#website\"},\"primaryImageOfPage\":{\"@id\":\"https:\\\/\\\/www.organisator.ch\\\/management\\\/2022-05-02\\\/dr-thomas-schmuckli-neuer-vr-praesident-bei-helvetia\\\/#primaryimage\"},\"image\":{\"@id\":\"https:\\\/\\\/www.organisator.ch\\\/management\\\/2022-05-02\\\/dr-thomas-schmuckli-neuer-vr-praesident-bei-helvetia\\\/#primaryimage\"},\"thumbnailUrl\":\"https:\\\/\\\/www.organisator.ch\\\/wp-content\\\/uploads\\\/2022\\\/05\\\/Dr.-Thomas-Schmuckli-neuer-VR-Praesident-bei-Helvetia-1_Organisator.jpg\",\"datePublished\":\"2022-05-02T05:55:19+00:00\",\"description\":\"An der ordentlichen GV der Helvetia Holding w\u00e4hlten die Aktion\u00e4rinnen und Aktion\u00e4re Dr. Thomas Schmuckli zum Pr\u00e4sidenten des Verwaltungsrates.\",\"breadcrumb\":{\"@id\":\"https:\\\/\\\/www.organisator.ch\\\/management\\\/2022-05-02\\\/dr-thomas-schmuckli-neuer-vr-praesident-bei-helvetia\\\/#breadcrumb\"},\"inLanguage\":\"en-US\",\"potentialAction\":[{\"@type\":\"ReadAction\",\"target\":[\"https:\\\/\\\/www.organisator.ch\\\/management\\\/2022-05-02\\\/dr-thomas-schmuckli-neuer-vr-praesident-bei-helvetia\\\/\"]}]},{\"@type\":\"ImageObject\",\"inLanguage\":\"en-US\",\"@id\":\"https:\\\/\\\/www.organisator.ch\\\/management\\\/2022-05-02\\\/dr-thomas-schmuckli-neuer-vr-praesident-bei-helvetia\\\/#primaryimage\",\"url\":\"https:\\\/\\\/www.organisator.ch\\\/wp-content\\\/uploads\\\/2022\\\/05\\\/Dr.-Thomas-Schmuckli-neuer-VR-Praesident-bei-Helvetia-1_Organisator.jpg\",\"contentUrl\":\"https:\\\/\\\/www.organisator.ch\\\/wp-content\\\/uploads\\\/2022\\\/05\\\/Dr.-Thomas-Schmuckli-neuer-VR-Praesident-bei-Helvetia-1_Organisator.jpg\"},{\"@type\":\"BreadcrumbList\",\"@id\":\"https:\\\/\\\/www.organisator.ch\\\/management\\\/2022-05-02\\\/dr-thomas-schmuckli-neuer-vr-praesident-bei-helvetia\\\/#breadcrumb\",\"itemListElement\":[{\"@type\":\"ListItem\",\"position\":1,\"name\":\"Home\",\"item\":\"https:\\\/\\\/www.organisator.ch\\\/\"},{\"@type\":\"ListItem\",\"position\":2,\"name\":\"Dr. Thomas Schmuckli neuer VR-Pr\u00e4sident bei Helvetia\"}]},{\"@type\":\"WebSite\",\"@id\":\"https:\\\/\\\/www.organisator.ch\\\/#website\",\"url\":\"https:\\\/\\\/www.organisator.ch\\\/\",\"name\":\"Organisator\",\"description\":\"Kompetent. Praxisnah. Der ORGANISATOR bereitet in 10 Ausgaben pro Jahr die wesentlichen Themen f\u00fcr F\u00fchrungskr\u00e4fte von KMU auf.\",\"publisher\":{\"@id\":\"https:\\\/\\\/www.organisator.ch\\\/#organization\"},\"potentialAction\":[{\"@type\":\"SearchAction\",\"target\":{\"@type\":\"EntryPoint\",\"urlTemplate\":\"https:\\\/\\\/www.organisator.ch\\\/?s={search_term_string}\"},\"query-input\":{\"@type\":\"PropertyValueSpecification\",\"valueRequired\":true,\"valueName\":\"search_term_string\"}}],\"inLanguage\":\"en-US\"},{\"@type\":\"Organization\",\"@id\":\"https:\\\/\\\/www.organisator.ch\\\/#organization\",\"name\":\"Organisator\",\"url\":\"https:\\\/\\\/www.organisator.ch\\\/\",\"logo\":{\"@type\":\"ImageObject\",\"inLanguage\":\"en-US\",\"@id\":\"https:\\\/\\\/www.organisator.ch\\\/#\\\/schema\\\/logo\\\/image\\\/\",\"url\":\"https:\\\/\\\/www.organisator.ch\\\/wp-content\\\/uploads\\\/2022\\\/01\\\/Logo_Organisator_Website.png\",\"contentUrl\":\"https:\\\/\\\/www.organisator.ch\\\/wp-content\\\/uploads\\\/2022\\\/01\\\/Logo_Organisator_Website.png\",\"width\":800,\"height\":77,\"caption\":\"Organisator\"},\"image\":{\"@id\":\"https:\\\/\\\/www.organisator.ch\\\/#\\\/schema\\\/logo\\\/image\\\/\"},\"sameAs\":[\"https:\\\/\\\/www.facebook.com\\\/OrganisatorFachmagazin\",\"https:\\\/\\\/www.linkedin.com\\\/showcase\\\/organisator-das-magazin-fr-kmu\",\"https:\\\/\\\/www.xing.com\\\/news\\\/pages\\\/organisator-ch-695\",\"https:\\\/\\\/www.youtube.com\\\/channel\\\/UCGP2Sq0iWaZwT3BdIAQFYpw\"]},{\"@type\":\"Person\",\"@id\":\"https:\\\/\\\/www.organisator.ch\\\/#\\\/schema\\\/person\\\/6f650f90b2842cd4c0cc334b4e36f67e\",\"name\":\"thomas.berner\",\"image\":{\"@type\":\"ImageObject\",\"inLanguage\":\"en-US\",\"@id\":\"https:\\\/\\\/secure.gravatar.com\\\/avatar\\\/ac5001d2a36cb6c6cd3e50789007ffca834b477b74a2144564522e944eabff61?s=96&d=mm&r=g\",\"url\":\"https:\\\/\\\/secure.gravatar.com\\\/avatar\\\/ac5001d2a36cb6c6cd3e50789007ffca834b477b74a2144564522e944eabff61?s=96&d=mm&r=g\",\"contentUrl\":\"https:\\\/\\\/secure.gravatar.com\\\/avatar\\\/ac5001d2a36cb6c6cd3e50789007ffca834b477b74a2144564522e944eabff61?s=96&d=mm&r=g\",\"caption\":\"thomas.berner\"},\"url\":\"https:\\\/\\\/www.organisator.ch\\\/en\\\/author\\\/thomas-berner\\\/\"}]}<\/script>\n<!-- \/ Yoast SEO plugin. -->","yoast_head_json":{"title":"Dr. Thomas Schmuckli new Chairman of the Board of Directors at Helvetia - Organizer","description":"At the Annual General Meeting of Helvetia Holding, the shareholders elected Dr. Thomas Schmuckli as Chairman of the Board of Directors.","robots":{"index":"index","follow":"follow","max-snippet":"max-snippet:-1","max-image-preview":"max-image-preview:large","max-video-preview":"max-video-preview:-1"},"canonical":"https:\/\/www.organisator.ch\/en\/management\/2022-05-02\/dr-thomas-schmuckli-neuer-vr-praesident-bei-helvetia\/","og_locale":"en_US","og_type":"article","og_title":"Dr. Thomas Schmuckli neuer VR-Pr\u00e4sident bei Helvetia","og_description":"An der ordentlichen GV der Helvetia Holding w\u00e4hlten die Aktion\u00e4rinnen und Aktion\u00e4re Dr. Thomas Schmuckli zum Pr\u00e4sidenten des Verwaltungsrates.","og_url":"https:\/\/www.organisator.ch\/en\/management\/2022-05-02\/dr-thomas-schmuckli-neuer-vr-praesident-bei-helvetia\/","og_site_name":"Organisator","article_publisher":"https:\/\/www.facebook.com\/OrganisatorFachmagazin","article_published_time":"2022-05-02T05:55:19+00:00","og_image":[{"width":680,"height":438,"url":"https:\/\/www.organisator.ch\/wp-content\/uploads\/2022\/05\/Dr.-Thomas-Schmuckli-neuer-VR-Praesident-bei-Helvetia-1_Organisator.jpg","type":"image\/jpeg"}],"author":"thomas.berner","twitter_card":"summary_large_image","twitter_title":"Dr. Thomas #Schmuckli neuer #VR-Pr\u00e4sident bei #Helvetia","twitter_description":"An der ordentlichen #GV der #Helvetia Holding w\u00e4hlten die Aktion\u00e4rinnen und Aktion\u00e4re Dr. Thomas #Schmuckli zum Pr\u00e4sidenten des #Verwaltungsrates.","twitter_image":"https:\/\/www.organisator.ch\/wp-content\/uploads\/2022\/05\/Dr.-Thomas-Schmuckli-neuer-VR-Praesident-bei-Helvetia-1_Organisator.jpg","schema":{"@context":"https:\/\/schema.org","@graph":[{"@type":"Article","@id":"https:\/\/www.organisator.ch\/management\/2022-05-02\/dr-thomas-schmuckli-neuer-vr-praesident-bei-helvetia\/#article","isPartOf":{"@id":"https:\/\/www.organisator.ch\/management\/2022-05-02\/dr-thomas-schmuckli-neuer-vr-praesident-bei-helvetia\/"},"author":{"name":"thomas.berner","@id":"https:\/\/www.organisator.ch\/#\/schema\/person\/6f650f90b2842cd4c0cc334b4e36f67e"},"headline":"Dr. Thomas Schmuckli neuer VR-Pr\u00e4sident bei Helvetia","datePublished":"2022-05-02T05:55:19+00:00","mainEntityOfPage":{"@id":"https:\/\/www.organisator.ch\/management\/2022-05-02\/dr-thomas-schmuckli-neuer-vr-praesident-bei-helvetia\/"},"wordCount":628,"publisher":{"@id":"https:\/\/www.organisator.ch\/#organization"},"image":{"@id":"https:\/\/www.organisator.ch\/management\/2022-05-02\/dr-thomas-schmuckli-neuer-vr-praesident-bei-helvetia\/#primaryimage"},"thumbnailUrl":"https:\/\/www.organisator.ch\/wp-content\/uploads\/2022\/05\/Dr.-Thomas-Schmuckli-neuer-VR-Praesident-bei-Helvetia-1_Organisator.jpg","keywords":["Management und Unternehmensf\u00fchrung","Personalia","Verwaltungsrat"],"articleSection":["MANAGEMENT"],"inLanguage":"en-US"},{"@type":"WebPage","@id":"https:\/\/www.organisator.ch\/management\/2022-05-02\/dr-thomas-schmuckli-neuer-vr-praesident-bei-helvetia\/","url":"https:\/\/www.organisator.ch\/management\/2022-05-02\/dr-thomas-schmuckli-neuer-vr-praesident-bei-helvetia\/","name":"Dr. Thomas Schmuckli new Chairman of the Board of Directors at Helvetia - Organizer","isPartOf":{"@id":"https:\/\/www.organisator.ch\/#website"},"primaryImageOfPage":{"@id":"https:\/\/www.organisator.ch\/management\/2022-05-02\/dr-thomas-schmuckli-neuer-vr-praesident-bei-helvetia\/#primaryimage"},"image":{"@id":"https:\/\/www.organisator.ch\/management\/2022-05-02\/dr-thomas-schmuckli-neuer-vr-praesident-bei-helvetia\/#primaryimage"},"thumbnailUrl":"https:\/\/www.organisator.ch\/wp-content\/uploads\/2022\/05\/Dr.-Thomas-Schmuckli-neuer-VR-Praesident-bei-Helvetia-1_Organisator.jpg","datePublished":"2022-05-02T05:55:19+00:00","description":"At the Annual General Meeting of Helvetia Holding, the shareholders elected Dr. Thomas Schmuckli as Chairman of the Board of Directors.","breadcrumb":{"@id":"https:\/\/www.organisator.ch\/management\/2022-05-02\/dr-thomas-schmuckli-neuer-vr-praesident-bei-helvetia\/#breadcrumb"},"inLanguage":"en-US","potentialAction":[{"@type":"ReadAction","target":["https:\/\/www.organisator.ch\/management\/2022-05-02\/dr-thomas-schmuckli-neuer-vr-praesident-bei-helvetia\/"]}]},{"@type":"ImageObject","inLanguage":"en-US","@id":"https:\/\/www.organisator.ch\/management\/2022-05-02\/dr-thomas-schmuckli-neuer-vr-praesident-bei-helvetia\/#primaryimage","url":"https:\/\/www.organisator.ch\/wp-content\/uploads\/2022\/05\/Dr.-Thomas-Schmuckli-neuer-VR-Praesident-bei-Helvetia-1_Organisator.jpg","contentUrl":"https:\/\/www.organisator.ch\/wp-content\/uploads\/2022\/05\/Dr.-Thomas-Schmuckli-neuer-VR-Praesident-bei-Helvetia-1_Organisator.jpg"},{"@type":"BreadcrumbList","@id":"https:\/\/www.organisator.ch\/management\/2022-05-02\/dr-thomas-schmuckli-neuer-vr-praesident-bei-helvetia\/#breadcrumb","itemListElement":[{"@type":"ListItem","position":1,"name":"Home","item":"https:\/\/www.organisator.ch\/"},{"@type":"ListItem","position":2,"name":"Dr. Thomas Schmuckli neuer VR-Pr\u00e4sident bei Helvetia"}]},{"@type":"WebSite","@id":"https:\/\/www.organisator.ch\/#website","url":"https:\/\/www.organisator.ch\/","name":"Organizer","description":"Competent. Practical. In 10 issues per year, ORGANISATOR presents the essential topics for managers of SMEs.","publisher":{"@id":"https:\/\/www.organisator.ch\/#organization"},"potentialAction":[{"@type":"SearchAction","target":{"@type":"EntryPoint","urlTemplate":"https:\/\/www.organisator.ch\/?s={search_term_string}"},"query-input":{"@type":"PropertyValueSpecification","valueRequired":true,"valueName":"search_term_string"}}],"inLanguage":"en-US"},{"@type":"Organization","@id":"https:\/\/www.organisator.ch\/#organization","name":"Organizer","url":"https:\/\/www.organisator.ch\/","logo":{"@type":"ImageObject","inLanguage":"en-US","@id":"https:\/\/www.organisator.ch\/#\/schema\/logo\/image\/","url":"https:\/\/www.organisator.ch\/wp-content\/uploads\/2022\/01\/Logo_Organisator_Website.png","contentUrl":"https:\/\/www.organisator.ch\/wp-content\/uploads\/2022\/01\/Logo_Organisator_Website.png","width":800,"height":77,"caption":"Organisator"},"image":{"@id":"https:\/\/www.organisator.ch\/#\/schema\/logo\/image\/"},"sameAs":["https:\/\/www.facebook.com\/OrganisatorFachmagazin","https:\/\/www.linkedin.com\/showcase\/organisator-das-magazin-fr-kmu","https:\/\/www.xing.com\/news\/pages\/organisator-ch-695","https:\/\/www.youtube.com\/channel\/UCGP2Sq0iWaZwT3BdIAQFYpw"]},{"@type":"Person","@id":"https:\/\/www.organisator.ch\/#\/schema\/person\/6f650f90b2842cd4c0cc334b4e36f67e","name":"thomas.berner","image":{"@type":"ImageObject","inLanguage":"en-US","@id":"https:\/\/secure.gravatar.com\/avatar\/ac5001d2a36cb6c6cd3e50789007ffca834b477b74a2144564522e944eabff61?s=96&d=mm&r=g","url":"https:\/\/secure.gravatar.com\/avatar\/ac5001d2a36cb6c6cd3e50789007ffca834b477b74a2144564522e944eabff61?s=96&d=mm&r=g","contentUrl":"https:\/\/secure.gravatar.com\/avatar\/ac5001d2a36cb6c6cd3e50789007ffca834b477b74a2144564522e944eabff61?s=96&d=mm&r=g","caption":"thomas.berner"},"url":"https:\/\/www.organisator.ch\/en\/author\/thomas-berner\/"}]}},"_links":{"self":[{"href":"https:\/\/www.organisator.ch\/en\/wp-json\/wp\/v2\/posts\/12734","targetHints":{"allow":["GET"]}}],"collection":[{"href":"https:\/\/www.organisator.ch\/en\/wp-json\/wp\/v2\/posts"}],"about":[{"href":"https:\/\/www.organisator.ch\/en\/wp-json\/wp\/v2\/types\/post"}],"author":[{"embeddable":true,"href":"https:\/\/www.organisator.ch\/en\/wp-json\/wp\/v2\/users\/4"}],"replies":[{"embeddable":true,"href":"https:\/\/www.organisator.ch\/en\/wp-json\/wp\/v2\/comments?post=12734"}],"version-history":[{"count":1,"href":"https:\/\/www.organisator.ch\/en\/wp-json\/wp\/v2\/posts\/12734\/revisions"}],"predecessor-version":[{"id":12737,"href":"https:\/\/www.organisator.ch\/en\/wp-json\/wp\/v2\/posts\/12734\/revisions\/12737"}],"wp:attachment":[{"href":"https:\/\/www.organisator.ch\/en\/wp-json\/wp\/v2\/media?parent=12734"}],"wp:term":[{"taxonomy":"category","embeddable":true,"href":"https:\/\/www.organisator.ch\/en\/wp-json\/wp\/v2\/categories?post=12734"},{"taxonomy":"post_tag","embeddable":true,"href":"https:\/\/www.organisator.ch\/en\/wp-json\/wp\/v2\/tags?post=12734"}],"curies":[{"name":"wp","href":"https:\/\/api.w.org\/{rel}","templated":true}]}}