{"id":12764,"date":"2022-05-04T05:32:44","date_gmt":"2022-05-04T03:32:44","guid":{"rendered":"https:\/\/www.organisator.ch\/?p=12764"},"modified":"2022-05-10T08:54:02","modified_gmt":"2022-05-10T06:54:02","slug":"wirtschaftskrise-bedroht-einen-viertel-der-schweizer-kmu","status":"publish","type":"post","link":"https:\/\/www.organisator.ch\/en\/management\/2022-05-04\/wirtschaftskrise-bedroht-einen-viertel-der-schweizer-kmu\/","title":{"rendered":"Economic crisis threatens a quarter of Swiss SMEs"},"content":{"rendered":"<figure id=\"attachment_12765\" aria-describedby=\"caption-attachment-12765\" style=\"width: 680px\" class=\"wp-caption alignnone\"><img loading=\"lazy\" decoding=\"async\" class=\"size-full wp-image-12765\" src=\"https:\/\/www.organisator.ch\/wp-content\/uploads\/2022\/05\/Wirtschaftskrise-bedroht-einen-Viertel-der-Schweizer-KMU-1_Organisator.jpg\" alt=\"\" width=\"680\" height=\"453\" srcset=\"https:\/\/www.organisator.ch\/wp-content\/uploads\/2022\/05\/Wirtschaftskrise-bedroht-einen-Viertel-der-Schweizer-KMU-1_Organisator.jpg 680w, https:\/\/www.organisator.ch\/wp-content\/uploads\/2022\/05\/Wirtschaftskrise-bedroht-einen-Viertel-der-Schweizer-KMU-1_Organisator-18x12.jpg 18w, https:\/\/www.organisator.ch\/wp-content\/uploads\/2022\/05\/Wirtschaftskrise-bedroht-einen-Viertel-der-Schweizer-KMU-1_Organisator-263x175.jpg 263w, https:\/\/www.organisator.ch\/wp-content\/uploads\/2022\/05\/Wirtschaftskrise-bedroht-einen-Viertel-der-Schweizer-KMU-1_Organisator-525x350.jpg 525w, https:\/\/www.organisator.ch\/wp-content\/uploads\/2022\/05\/Wirtschaftskrise-bedroht-einen-Viertel-der-Schweizer-KMU-1_Organisator-300x200.jpg 300w\" sizes=\"auto, (max-width: 680px) 100vw, 680px\" \/><figcaption id=\"caption-attachment-12765\" class=\"wp-caption-text\">Prices are rising, earnings are falling: More and more SMEs see themselves threatened by an economic crisis. In a survey, one-fifth of companies see inflation as an acute problem. (Image: Pixabay.com)<\/figcaption><\/figure>\n<p>For 17 percent of SME decision-makers surveyed by Visable, war is the biggest threat to their company's business, and even more, 28 percent, see themselves threatened by an economic crisis. Seventy-one percent of participating SME decision makers fear that crises of the current magnitude will occur more frequently (47%) or much more frequently (24%) in the next three years. Strikingly, Corona is still perceived as a threat, with 16 percent of mentions, roughly similar to war. Cyberattacks and hacker attacks are mentioned by 12 percent. \"SMEs are really struggling right now. One crisis is followed by another,\" says Peter F. Schmid, CEO of Visable. \"The central issue for the next few years will be to make companies crisis-proof. Otherwise, prosperity in Switzerland and Europe will be threatened,\" Schmid said. In Switzerland and Austria, 217 people with decision-making authority in small and medium-sized enterprises took part in the aforementioned survey. <a href=\"https:\/\/www.organisator.ch\/de\/allgemein\/2022-04-21\/trotz-krisenzeit-nachhaltigkeit-gewinnt-bei-kmu-an-bedeutung\/\">Elsewhere, we have already reported on further results of the survey.<\/a><\/p>\n<h3><strong>SMEs complain of sales losses<\/strong><\/h3>\n<p>The threat posed by the crisis scenarios mentioned in the survey is real for SMEs in Switzerland and can be quantified in terms of lost sales: 37 percent of the SMEs surveyed say that their company has lost up to a quarter of its sales since the beginning of 2021 as a result of the major crises. One in five companies (20%) has suffered even higher sales losses.<\/p>\n<p>In concrete terms, the companies are particularly affected by the massive rise in costs: Rising raw material and energy prices account for 34 and 29 percent respectively. And 30 percent complain about supply chain problems. HR departments are also still struggling with absenteeism due to illness and quarantine (28%) and shortages of skilled workers and labor (29%). Rising inflation is an acute concern for one-fifth of respondents (21%).<\/p>\n<figure id=\"attachment_12766\" aria-describedby=\"caption-attachment-12766\" style=\"width: 680px\" class=\"wp-caption alignnone\"><img loading=\"lazy\" decoding=\"async\" class=\"size-full wp-image-12766\" src=\"https:\/\/www.organisator.ch\/wp-content\/uploads\/2022\/05\/Wirtschaftskrise-bedroht-einen-Viertel-der-Schweizer-KMU-2_Organisator.jpg\" alt=\"\" width=\"680\" height=\"453\" srcset=\"https:\/\/www.organisator.ch\/wp-content\/uploads\/2022\/05\/Wirtschaftskrise-bedroht-einen-Viertel-der-Schweizer-KMU-2_Organisator.jpg 680w, https:\/\/www.organisator.ch\/wp-content\/uploads\/2022\/05\/Wirtschaftskrise-bedroht-einen-Viertel-der-Schweizer-KMU-2_Organisator-18x12.jpg 18w, https:\/\/www.organisator.ch\/wp-content\/uploads\/2022\/05\/Wirtschaftskrise-bedroht-einen-Viertel-der-Schweizer-KMU-2_Organisator-263x175.jpg 263w, https:\/\/www.organisator.ch\/wp-content\/uploads\/2022\/05\/Wirtschaftskrise-bedroht-einen-Viertel-der-Schweizer-KMU-2_Organisator-525x350.jpg 525w, https:\/\/www.organisator.ch\/wp-content\/uploads\/2022\/05\/Wirtschaftskrise-bedroht-einen-Viertel-der-Schweizer-KMU-2_Organisator-300x200.jpg 300w\" sizes=\"auto, (max-width: 680px) 100vw, 680px\" \/><figcaption id=\"caption-attachment-12766\" class=\"wp-caption-text\">(Source: Visable)<\/figcaption><\/figure>\n<p>\"Energy costs in particular will become the bread prices of the 21st century,\" says Peter F. Schmid. \"The problem affects the entire population directly (in the case of gasoline or heating) but especially indirectly (through rising production costs in industry). We must quickly and massively reduce our one-sided dependencies on energy and also raw materials. This is the only way to achieve resilience against crises,\" says the Visable CEO.<\/p>\n<h3><strong>Short-time working and staff reductions are also among the measures<\/strong><\/h3>\n<p>The measures companies are using to prevent the crises are not very pronounced and are quite diverse. Specifically, the most significant measure is staff reductions or wage cuts at 23 percent, followed by short-time working at 18 percent. Other precautionary measures include increased provisions at 13 percent, diversification of sales markets, investment in IT expertise and employee training for risk or crisis scenarios. As many as 16 percent of SMEs have operational emergency plans in the drawer for their own measures.<\/p>\n<p>In addition, the survey shows reasonably clear demands on policymakers to increase resilience to crises. More than a third (34%) of companies would like to see tax cuts and other financial support. Thirty percent call for bureaucracy reduction and greater legal flexibility. Exactly one-quarter cite tougher measures against climate change and investment in environmental protection as demands.<\/p>\n<h3><strong>All core markets threatened by economic crisis<\/strong><\/h3>\n<p>The fact that the crisis is not only on the minds of SME decision-makers in Switzerland is shown by parallel YouGov surveys in Germany, Austria and France: everywhere, more than two-thirds of respondents expect more frequent crises in the next three years. The French are just slightly more pessimistic than the Swiss: In France, a total of 72 percent fear more frequent crises. In Germany, the figure of 68 percent is on a par with the Austrian result. Visable CEO Peter F. Schmid comments: \"Fortunately, there have not been as many crises in Central Europe as there are at the moment for a very long time. It is worrying that more than two-thirds of all SMEs assume that the situation will get worse in such an acute situation. Those who are afraid invest less in the future.\"<\/p>\n<p>Companies could solve many challenges by moving business units and processes into the digital space. For example, purchasing could be diversified via digital B2B platforms to address supply chain issues and rising commodity prices, as well as increasing sustainability awareness. According to the survey, 14 percent of Swiss SMEs are already implementing purchasing diversification as a preventive measure against crises.<\/p>\n<p><em>Source and further information: <a href=\"http:\/\/www.visable.com\">Visible<\/a><\/em><\/p>","protected":false},"excerpt":{"rendered":"<p>F\u00fcr 17 Prozent der in einer Umfrage von Visable befragten KMU-Entscheider ist Krieg die gr\u00f6sste Bedrohung f\u00fcr die Gesch\u00e4ftst\u00e4tigkeit ihres Unternehmens und noch mehr, n\u00e4mlich 28 Prozent, sehen sich von einer Wirtschaftskrise bedroht. 71 Prozent der teilnehmenden KMU-Entscheider bef\u00fcrchten, dass es Krisen in der aktuellen Gr\u00f6ssenordnung in den n\u00e4chsten drei Jahren h\u00e4ufiger (47%) oder viel [&hellip;]<\/p>\n","protected":false},"author":4,"featured_media":12765,"comment_status":"closed","ping_status":"closed","sticky":false,"template":"","format":"standard","meta":{"_acf_changed":false,"_yoast_wpseo_focuskw":"Wirtschaftskrise bedroht","_yoast_wpseo_metadesc":"Die kleinen und mittleren Unternehmen in der Schweiz sind von der Wirtschaftskrise bedroht und erwarten, dass es noch schlimmer wird.","articlekey":"","footnotes":""},"categories":[28],"tags":[418,487,530],"class_list":["post-12764","post","type-post","status-publish","format-standard","has-post-thumbnail","hentry","category-management","tag-risikomanagement","tag-umfrage","tag-wirtschaftskrise"],"acf":[],"yoast_head":"<!-- This site is optimized with the Yoast SEO plugin v27.5 - https:\/\/yoast.com\/product\/yoast-seo-wordpress\/ -->\n<title>Wirtschaftskrise bedroht einen Viertel der Schweizer KMU - Organisator<\/title>\n<meta name=\"description\" content=\"Die kleinen und mittleren Unternehmen in der Schweiz sind von der Wirtschaftskrise bedroht und erwarten, dass es noch schlimmer wird.\" \/>\n<meta name=\"robots\" content=\"index, follow, max-snippet:-1, max-image-preview:large, max-video-preview:-1\" \/>\n<link rel=\"canonical\" href=\"https:\/\/www.organisator.ch\/en\/management\/2022-05-04\/wirtschaftskrise-bedroht-einen-viertel-der-schweizer-kmu\/\" \/>\n<meta property=\"og:locale\" content=\"en_US\" \/>\n<meta property=\"og:type\" content=\"article\" \/>\n<meta property=\"og:title\" content=\"Wirtschaftskrise bedroht einen Viertel der Schweizer KMU\" \/>\n<meta property=\"og:description\" content=\"Die kleinen und mittleren Unternehmen in der Schweiz sind von der Wirtschaftskrise bedroht und erwarten, dass es noch schlimmer wird.\" \/>\n<meta property=\"og:url\" content=\"https:\/\/www.organisator.ch\/en\/management\/2022-05-04\/wirtschaftskrise-bedroht-einen-viertel-der-schweizer-kmu\/\" \/>\n<meta property=\"og:site_name\" content=\"Organisator\" \/>\n<meta property=\"article:publisher\" content=\"https:\/\/www.facebook.com\/OrganisatorFachmagazin\" \/>\n<meta property=\"article:published_time\" content=\"2022-05-04T03:32:44+00:00\" \/>\n<meta property=\"article:modified_time\" content=\"2022-05-10T06:54:02+00:00\" \/>\n<meta property=\"og:image\" content=\"https:\/\/www.organisator.ch\/wp-content\/uploads\/2022\/05\/Wirtschaftskrise-bedroht-einen-Viertel-der-Schweizer-KMU-1_Organisator.jpg\" \/>\n\t<meta property=\"og:image:width\" content=\"680\" \/>\n\t<meta property=\"og:image:height\" content=\"453\" \/>\n\t<meta property=\"og:image:type\" content=\"image\/jpeg\" \/>\n<meta name=\"author\" content=\"thomas.berner\" \/>\n<meta name=\"twitter:card\" content=\"summary_large_image\" \/>\n<meta name=\"twitter:title\" content=\"#Wirtschaftskrise bedroht einen Viertel der Schweizer KMU\" \/>\n<meta name=\"twitter:description\" content=\"Die kleinen und mittleren Unternehmen in der Schweiz sind von der #Wirtschaftskrise bedroht und erwarten, dass es noch schlimmer wird.\" \/>\n<meta name=\"twitter:image\" content=\"https:\/\/www.organisator.ch\/wp-content\/uploads\/2022\/05\/Wirtschaftskrise-bedroht-einen-Viertel-der-Schweizer-KMU-1_Organisator.jpg\" \/>\n<script type=\"application\/ld+json\" class=\"yoast-schema-graph\">{\"@context\":\"https:\\\/\\\/schema.org\",\"@graph\":[{\"@type\":\"Article\",\"@id\":\"https:\\\/\\\/www.organisator.ch\\\/management\\\/2022-05-04\\\/wirtschaftskrise-bedroht-einen-viertel-der-schweizer-kmu\\\/#article\",\"isPartOf\":{\"@id\":\"https:\\\/\\\/www.organisator.ch\\\/management\\\/2022-05-04\\\/wirtschaftskrise-bedroht-einen-viertel-der-schweizer-kmu\\\/\"},\"author\":{\"name\":\"thomas.berner\",\"@id\":\"https:\\\/\\\/www.organisator.ch\\\/#\\\/schema\\\/person\\\/6f650f90b2842cd4c0cc334b4e36f67e\"},\"headline\":\"Wirtschaftskrise bedroht einen Viertel der Schweizer KMU\",\"datePublished\":\"2022-05-04T03:32:44+00:00\",\"dateModified\":\"2022-05-10T06:54:02+00:00\",\"mainEntityOfPage\":{\"@id\":\"https:\\\/\\\/www.organisator.ch\\\/management\\\/2022-05-04\\\/wirtschaftskrise-bedroht-einen-viertel-der-schweizer-kmu\\\/\"},\"wordCount\":759,\"publisher\":{\"@id\":\"https:\\\/\\\/www.organisator.ch\\\/#organization\"},\"image\":{\"@id\":\"https:\\\/\\\/www.organisator.ch\\\/management\\\/2022-05-04\\\/wirtschaftskrise-bedroht-einen-viertel-der-schweizer-kmu\\\/#primaryimage\"},\"thumbnailUrl\":\"https:\\\/\\\/www.organisator.ch\\\/wp-content\\\/uploads\\\/2022\\\/05\\\/Wirtschaftskrise-bedroht-einen-Viertel-der-Schweizer-KMU-1_Organisator.jpg\",\"keywords\":[\"Risikomanagement\",\"Umfrage\",\"Wirtschaftskrise\"],\"articleSection\":[\"MANAGEMENT\"],\"inLanguage\":\"en-US\"},{\"@type\":\"WebPage\",\"@id\":\"https:\\\/\\\/www.organisator.ch\\\/management\\\/2022-05-04\\\/wirtschaftskrise-bedroht-einen-viertel-der-schweizer-kmu\\\/\",\"url\":\"https:\\\/\\\/www.organisator.ch\\\/management\\\/2022-05-04\\\/wirtschaftskrise-bedroht-einen-viertel-der-schweizer-kmu\\\/\",\"name\":\"Wirtschaftskrise bedroht einen Viertel der Schweizer KMU - Organisator\",\"isPartOf\":{\"@id\":\"https:\\\/\\\/www.organisator.ch\\\/#website\"},\"primaryImageOfPage\":{\"@id\":\"https:\\\/\\\/www.organisator.ch\\\/management\\\/2022-05-04\\\/wirtschaftskrise-bedroht-einen-viertel-der-schweizer-kmu\\\/#primaryimage\"},\"image\":{\"@id\":\"https:\\\/\\\/www.organisator.ch\\\/management\\\/2022-05-04\\\/wirtschaftskrise-bedroht-einen-viertel-der-schweizer-kmu\\\/#primaryimage\"},\"thumbnailUrl\":\"https:\\\/\\\/www.organisator.ch\\\/wp-content\\\/uploads\\\/2022\\\/05\\\/Wirtschaftskrise-bedroht-einen-Viertel-der-Schweizer-KMU-1_Organisator.jpg\",\"datePublished\":\"2022-05-04T03:32:44+00:00\",\"dateModified\":\"2022-05-10T06:54:02+00:00\",\"description\":\"Die kleinen und mittleren Unternehmen in der Schweiz sind von der Wirtschaftskrise bedroht und erwarten, dass es noch schlimmer wird.\",\"breadcrumb\":{\"@id\":\"https:\\\/\\\/www.organisator.ch\\\/management\\\/2022-05-04\\\/wirtschaftskrise-bedroht-einen-viertel-der-schweizer-kmu\\\/#breadcrumb\"},\"inLanguage\":\"en-US\",\"potentialAction\":[{\"@type\":\"ReadAction\",\"target\":[\"https:\\\/\\\/www.organisator.ch\\\/management\\\/2022-05-04\\\/wirtschaftskrise-bedroht-einen-viertel-der-schweizer-kmu\\\/\"]}]},{\"@type\":\"ImageObject\",\"inLanguage\":\"en-US\",\"@id\":\"https:\\\/\\\/www.organisator.ch\\\/management\\\/2022-05-04\\\/wirtschaftskrise-bedroht-einen-viertel-der-schweizer-kmu\\\/#primaryimage\",\"url\":\"https:\\\/\\\/www.organisator.ch\\\/wp-content\\\/uploads\\\/2022\\\/05\\\/Wirtschaftskrise-bedroht-einen-Viertel-der-Schweizer-KMU-1_Organisator.jpg\",\"contentUrl\":\"https:\\\/\\\/www.organisator.ch\\\/wp-content\\\/uploads\\\/2022\\\/05\\\/Wirtschaftskrise-bedroht-einen-Viertel-der-Schweizer-KMU-1_Organisator.jpg\",\"width\":680,\"height\":453,\"caption\":\"Die Preise steigen, die Ertr\u00e4ge sinken: Immer mehr KMU sehen sich von einer Wirtschaftskrise bedroht. (Bild: Pixabay.com)\"},{\"@type\":\"BreadcrumbList\",\"@id\":\"https:\\\/\\\/www.organisator.ch\\\/management\\\/2022-05-04\\\/wirtschaftskrise-bedroht-einen-viertel-der-schweizer-kmu\\\/#breadcrumb\",\"itemListElement\":[{\"@type\":\"ListItem\",\"position\":1,\"name\":\"Home\",\"item\":\"https:\\\/\\\/www.organisator.ch\\\/\"},{\"@type\":\"ListItem\",\"position\":2,\"name\":\"Wirtschaftskrise bedroht einen Viertel der Schweizer KMU\"}]},{\"@type\":\"WebSite\",\"@id\":\"https:\\\/\\\/www.organisator.ch\\\/#website\",\"url\":\"https:\\\/\\\/www.organisator.ch\\\/\",\"name\":\"Organisator\",\"description\":\"Kompetent. Praxisnah. Der ORGANISATOR bereitet in 10 Ausgaben pro Jahr die wesentlichen Themen f\u00fcr F\u00fchrungskr\u00e4fte von KMU auf.\",\"publisher\":{\"@id\":\"https:\\\/\\\/www.organisator.ch\\\/#organization\"},\"potentialAction\":[{\"@type\":\"SearchAction\",\"target\":{\"@type\":\"EntryPoint\",\"urlTemplate\":\"https:\\\/\\\/www.organisator.ch\\\/?s={search_term_string}\"},\"query-input\":{\"@type\":\"PropertyValueSpecification\",\"valueRequired\":true,\"valueName\":\"search_term_string\"}}],\"inLanguage\":\"en-US\"},{\"@type\":\"Organization\",\"@id\":\"https:\\\/\\\/www.organisator.ch\\\/#organization\",\"name\":\"Organisator\",\"url\":\"https:\\\/\\\/www.organisator.ch\\\/\",\"logo\":{\"@type\":\"ImageObject\",\"inLanguage\":\"en-US\",\"@id\":\"https:\\\/\\\/www.organisator.ch\\\/#\\\/schema\\\/logo\\\/image\\\/\",\"url\":\"https:\\\/\\\/www.organisator.ch\\\/wp-content\\\/uploads\\\/2022\\\/01\\\/Logo_Organisator_Website.png\",\"contentUrl\":\"https:\\\/\\\/www.organisator.ch\\\/wp-content\\\/uploads\\\/2022\\\/01\\\/Logo_Organisator_Website.png\",\"width\":800,\"height\":77,\"caption\":\"Organisator\"},\"image\":{\"@id\":\"https:\\\/\\\/www.organisator.ch\\\/#\\\/schema\\\/logo\\\/image\\\/\"},\"sameAs\":[\"https:\\\/\\\/www.facebook.com\\\/OrganisatorFachmagazin\",\"https:\\\/\\\/www.linkedin.com\\\/showcase\\\/organisator-das-magazin-fr-kmu\",\"https:\\\/\\\/www.xing.com\\\/news\\\/pages\\\/organisator-ch-695\",\"https:\\\/\\\/www.youtube.com\\\/channel\\\/UCGP2Sq0iWaZwT3BdIAQFYpw\"]},{\"@type\":\"Person\",\"@id\":\"https:\\\/\\\/www.organisator.ch\\\/#\\\/schema\\\/person\\\/6f650f90b2842cd4c0cc334b4e36f67e\",\"name\":\"thomas.berner\",\"image\":{\"@type\":\"ImageObject\",\"inLanguage\":\"en-US\",\"@id\":\"https:\\\/\\\/secure.gravatar.com\\\/avatar\\\/ac5001d2a36cb6c6cd3e50789007ffca834b477b74a2144564522e944eabff61?s=96&d=mm&r=g\",\"url\":\"https:\\\/\\\/secure.gravatar.com\\\/avatar\\\/ac5001d2a36cb6c6cd3e50789007ffca834b477b74a2144564522e944eabff61?s=96&d=mm&r=g\",\"contentUrl\":\"https:\\\/\\\/secure.gravatar.com\\\/avatar\\\/ac5001d2a36cb6c6cd3e50789007ffca834b477b74a2144564522e944eabff61?s=96&d=mm&r=g\",\"caption\":\"thomas.berner\"},\"url\":\"https:\\\/\\\/www.organisator.ch\\\/en\\\/author\\\/thomas-berner\\\/\"}]}<\/script>\n<!-- \/ Yoast SEO plugin. -->","yoast_head_json":{"title":"Economic crisis threatens a quarter of Swiss SMEs - Organizer","description":"Small and medium-sized enterprises in Switzerland are threatened by the economic crisis and expect things to get worse.","robots":{"index":"index","follow":"follow","max-snippet":"max-snippet:-1","max-image-preview":"max-image-preview:large","max-video-preview":"max-video-preview:-1"},"canonical":"https:\/\/www.organisator.ch\/en\/management\/2022-05-04\/wirtschaftskrise-bedroht-einen-viertel-der-schweizer-kmu\/","og_locale":"en_US","og_type":"article","og_title":"Wirtschaftskrise bedroht einen Viertel der Schweizer KMU","og_description":"Die kleinen und mittleren Unternehmen in der Schweiz sind von der Wirtschaftskrise bedroht und erwarten, dass es noch schlimmer wird.","og_url":"https:\/\/www.organisator.ch\/en\/management\/2022-05-04\/wirtschaftskrise-bedroht-einen-viertel-der-schweizer-kmu\/","og_site_name":"Organisator","article_publisher":"https:\/\/www.facebook.com\/OrganisatorFachmagazin","article_published_time":"2022-05-04T03:32:44+00:00","article_modified_time":"2022-05-10T06:54:02+00:00","og_image":[{"width":680,"height":453,"url":"https:\/\/www.organisator.ch\/wp-content\/uploads\/2022\/05\/Wirtschaftskrise-bedroht-einen-Viertel-der-Schweizer-KMU-1_Organisator.jpg","type":"image\/jpeg"}],"author":"thomas.berner","twitter_card":"summary_large_image","twitter_title":"#Wirtschaftskrise bedroht einen Viertel der Schweizer KMU","twitter_description":"Die kleinen und mittleren Unternehmen in der Schweiz sind von der #Wirtschaftskrise bedroht und erwarten, dass es noch schlimmer wird.","twitter_image":"https:\/\/www.organisator.ch\/wp-content\/uploads\/2022\/05\/Wirtschaftskrise-bedroht-einen-Viertel-der-Schweizer-KMU-1_Organisator.jpg","schema":{"@context":"https:\/\/schema.org","@graph":[{"@type":"Article","@id":"https:\/\/www.organisator.ch\/management\/2022-05-04\/wirtschaftskrise-bedroht-einen-viertel-der-schweizer-kmu\/#article","isPartOf":{"@id":"https:\/\/www.organisator.ch\/management\/2022-05-04\/wirtschaftskrise-bedroht-einen-viertel-der-schweizer-kmu\/"},"author":{"name":"thomas.berner","@id":"https:\/\/www.organisator.ch\/#\/schema\/person\/6f650f90b2842cd4c0cc334b4e36f67e"},"headline":"Wirtschaftskrise bedroht einen Viertel der Schweizer KMU","datePublished":"2022-05-04T03:32:44+00:00","dateModified":"2022-05-10T06:54:02+00:00","mainEntityOfPage":{"@id":"https:\/\/www.organisator.ch\/management\/2022-05-04\/wirtschaftskrise-bedroht-einen-viertel-der-schweizer-kmu\/"},"wordCount":759,"publisher":{"@id":"https:\/\/www.organisator.ch\/#organization"},"image":{"@id":"https:\/\/www.organisator.ch\/management\/2022-05-04\/wirtschaftskrise-bedroht-einen-viertel-der-schweizer-kmu\/#primaryimage"},"thumbnailUrl":"https:\/\/www.organisator.ch\/wp-content\/uploads\/2022\/05\/Wirtschaftskrise-bedroht-einen-Viertel-der-Schweizer-KMU-1_Organisator.jpg","keywords":["Risikomanagement","Umfrage","Wirtschaftskrise"],"articleSection":["MANAGEMENT"],"inLanguage":"en-US"},{"@type":"WebPage","@id":"https:\/\/www.organisator.ch\/management\/2022-05-04\/wirtschaftskrise-bedroht-einen-viertel-der-schweizer-kmu\/","url":"https:\/\/www.organisator.ch\/management\/2022-05-04\/wirtschaftskrise-bedroht-einen-viertel-der-schweizer-kmu\/","name":"Economic crisis threatens a quarter of Swiss SMEs - Organizer","isPartOf":{"@id":"https:\/\/www.organisator.ch\/#website"},"primaryImageOfPage":{"@id":"https:\/\/www.organisator.ch\/management\/2022-05-04\/wirtschaftskrise-bedroht-einen-viertel-der-schweizer-kmu\/#primaryimage"},"image":{"@id":"https:\/\/www.organisator.ch\/management\/2022-05-04\/wirtschaftskrise-bedroht-einen-viertel-der-schweizer-kmu\/#primaryimage"},"thumbnailUrl":"https:\/\/www.organisator.ch\/wp-content\/uploads\/2022\/05\/Wirtschaftskrise-bedroht-einen-Viertel-der-Schweizer-KMU-1_Organisator.jpg","datePublished":"2022-05-04T03:32:44+00:00","dateModified":"2022-05-10T06:54:02+00:00","description":"Small and medium-sized enterprises in Switzerland are threatened by the economic crisis and expect things to get worse.","breadcrumb":{"@id":"https:\/\/www.organisator.ch\/management\/2022-05-04\/wirtschaftskrise-bedroht-einen-viertel-der-schweizer-kmu\/#breadcrumb"},"inLanguage":"en-US","potentialAction":[{"@type":"ReadAction","target":["https:\/\/www.organisator.ch\/management\/2022-05-04\/wirtschaftskrise-bedroht-einen-viertel-der-schweizer-kmu\/"]}]},{"@type":"ImageObject","inLanguage":"en-US","@id":"https:\/\/www.organisator.ch\/management\/2022-05-04\/wirtschaftskrise-bedroht-einen-viertel-der-schweizer-kmu\/#primaryimage","url":"https:\/\/www.organisator.ch\/wp-content\/uploads\/2022\/05\/Wirtschaftskrise-bedroht-einen-Viertel-der-Schweizer-KMU-1_Organisator.jpg","contentUrl":"https:\/\/www.organisator.ch\/wp-content\/uploads\/2022\/05\/Wirtschaftskrise-bedroht-einen-Viertel-der-Schweizer-KMU-1_Organisator.jpg","width":680,"height":453,"caption":"Die Preise steigen, die Ertr\u00e4ge sinken: Immer mehr KMU sehen sich von einer Wirtschaftskrise bedroht. (Bild: Pixabay.com)"},{"@type":"BreadcrumbList","@id":"https:\/\/www.organisator.ch\/management\/2022-05-04\/wirtschaftskrise-bedroht-einen-viertel-der-schweizer-kmu\/#breadcrumb","itemListElement":[{"@type":"ListItem","position":1,"name":"Home","item":"https:\/\/www.organisator.ch\/"},{"@type":"ListItem","position":2,"name":"Wirtschaftskrise bedroht einen Viertel der Schweizer KMU"}]},{"@type":"WebSite","@id":"https:\/\/www.organisator.ch\/#website","url":"https:\/\/www.organisator.ch\/","name":"Organizer","description":"Competent. Practical. In 10 issues per year, ORGANISATOR presents the essential topics for managers of SMEs.","publisher":{"@id":"https:\/\/www.organisator.ch\/#organization"},"potentialAction":[{"@type":"SearchAction","target":{"@type":"EntryPoint","urlTemplate":"https:\/\/www.organisator.ch\/?s={search_term_string}"},"query-input":{"@type":"PropertyValueSpecification","valueRequired":true,"valueName":"search_term_string"}}],"inLanguage":"en-US"},{"@type":"Organization","@id":"https:\/\/www.organisator.ch\/#organization","name":"Organizer","url":"https:\/\/www.organisator.ch\/","logo":{"@type":"ImageObject","inLanguage":"en-US","@id":"https:\/\/www.organisator.ch\/#\/schema\/logo\/image\/","url":"https:\/\/www.organisator.ch\/wp-content\/uploads\/2022\/01\/Logo_Organisator_Website.png","contentUrl":"https:\/\/www.organisator.ch\/wp-content\/uploads\/2022\/01\/Logo_Organisator_Website.png","width":800,"height":77,"caption":"Organisator"},"image":{"@id":"https:\/\/www.organisator.ch\/#\/schema\/logo\/image\/"},"sameAs":["https:\/\/www.facebook.com\/OrganisatorFachmagazin","https:\/\/www.linkedin.com\/showcase\/organisator-das-magazin-fr-kmu","https:\/\/www.xing.com\/news\/pages\/organisator-ch-695","https:\/\/www.youtube.com\/channel\/UCGP2Sq0iWaZwT3BdIAQFYpw"]},{"@type":"Person","@id":"https:\/\/www.organisator.ch\/#\/schema\/person\/6f650f90b2842cd4c0cc334b4e36f67e","name":"thomas.berner","image":{"@type":"ImageObject","inLanguage":"en-US","@id":"https:\/\/secure.gravatar.com\/avatar\/ac5001d2a36cb6c6cd3e50789007ffca834b477b74a2144564522e944eabff61?s=96&d=mm&r=g","url":"https:\/\/secure.gravatar.com\/avatar\/ac5001d2a36cb6c6cd3e50789007ffca834b477b74a2144564522e944eabff61?s=96&d=mm&r=g","contentUrl":"https:\/\/secure.gravatar.com\/avatar\/ac5001d2a36cb6c6cd3e50789007ffca834b477b74a2144564522e944eabff61?s=96&d=mm&r=g","caption":"thomas.berner"},"url":"https:\/\/www.organisator.ch\/en\/author\/thomas-berner\/"}]}},"_links":{"self":[{"href":"https:\/\/www.organisator.ch\/en\/wp-json\/wp\/v2\/posts\/12764","targetHints":{"allow":["GET"]}}],"collection":[{"href":"https:\/\/www.organisator.ch\/en\/wp-json\/wp\/v2\/posts"}],"about":[{"href":"https:\/\/www.organisator.ch\/en\/wp-json\/wp\/v2\/types\/post"}],"author":[{"embeddable":true,"href":"https:\/\/www.organisator.ch\/en\/wp-json\/wp\/v2\/users\/4"}],"replies":[{"embeddable":true,"href":"https:\/\/www.organisator.ch\/en\/wp-json\/wp\/v2\/comments?post=12764"}],"version-history":[{"count":1,"href":"https:\/\/www.organisator.ch\/en\/wp-json\/wp\/v2\/posts\/12764\/revisions"}],"predecessor-version":[{"id":12767,"href":"https:\/\/www.organisator.ch\/en\/wp-json\/wp\/v2\/posts\/12764\/revisions\/12767"}],"wp:featuredmedia":[{"embeddable":true,"href":"https:\/\/www.organisator.ch\/en\/wp-json\/wp\/v2\/media\/12765"}],"wp:attachment":[{"href":"https:\/\/www.organisator.ch\/en\/wp-json\/wp\/v2\/media?parent=12764"}],"wp:term":[{"taxonomy":"category","embeddable":true,"href":"https:\/\/www.organisator.ch\/en\/wp-json\/wp\/v2\/categories?post=12764"},{"taxonomy":"post_tag","embeddable":true,"href":"https:\/\/www.organisator.ch\/en\/wp-json\/wp\/v2\/tags?post=12764"}],"curies":[{"name":"wp","href":"https:\/\/api.w.org\/{rel}","templated":true}]}}