{"id":12776,"date":"2022-05-04T13:37:24","date_gmt":"2022-05-04T11:37:24","guid":{"rendered":"https:\/\/www.organisator.ch\/?p=12776"},"modified":"2022-05-04T13:37:24","modified_gmt":"2022-05-04T11:37:24","slug":"recyclables-collector-mr-green-faehrt-now-electric","status":"publish","type":"post","link":"https:\/\/www.organisator.ch\/en\/sustainability\/2022-05-04\/wertstoffsammler-mr-green-faehrt-nun-elektrisch\/","title":{"rendered":"Recyclables collector Mr. Green now runs on electricity"},"content":{"rendered":"<figure id=\"attachment_12777\" aria-describedby=\"caption-attachment-12777\" style=\"width: 680px\" class=\"wp-caption alignnone\"><img loading=\"lazy\" decoding=\"async\" class=\"size-full wp-image-12777\" src=\"https:\/\/www.organisator.ch\/wp-content\/uploads\/2022\/05\/Wertstoffsammler-Mr-Green-faehrt-nun-elektrisch_Organisator.jpg\" alt=\"\" width=\"680\" height=\"379\" srcset=\"https:\/\/www.organisator.ch\/wp-content\/uploads\/2022\/05\/Wertstoffsammler-Mr-Green-faehrt-nun-elektrisch_Organisator.jpg 680w, https:\/\/www.organisator.ch\/wp-content\/uploads\/2022\/05\/Wertstoffsammler-Mr-Green-faehrt-nun-elektrisch_Organisator-18x10.jpg 18w, https:\/\/www.organisator.ch\/wp-content\/uploads\/2022\/05\/Wertstoffsammler-Mr-Green-faehrt-nun-elektrisch_Organisator-314x175.jpg 314w, https:\/\/www.organisator.ch\/wp-content\/uploads\/2022\/05\/Wertstoffsammler-Mr-Green-faehrt-nun-elektrisch_Organisator-628x350.jpg 628w, https:\/\/www.organisator.ch\/wp-content\/uploads\/2022\/05\/Wertstoffsammler-Mr-Green-faehrt-nun-elektrisch_Organisator-300x167.jpg 300w\" sizes=\"auto, (max-width: 680px) 100vw, 680px\" \/><figcaption id=\"caption-attachment-12777\" class=\"wp-caption-text\">Electrically powered vehicles from Yepp Logistics are now going on tour for Mr. Green. (Image: YEPP Logistics)<\/figcaption><\/figure>\n<p>Sustainability starts on a small scale, i.e. in our own household. Returning recyclables to the cycle is important in order to combat the ever-growing mountains of waste. The recyclables collector Mr. Green has been making a notable contribution to this since 2009: the Zurich-based company collects 14 different recyclables from more than 10,000 customers in the cantons of Zurich, Bern and Basel - in green bags that have become part of everyday life in the city on the Limmat. Conventional recyclables such as glass, aluminum, batteries, pans and paper, but also plastic packaging, Tetrapaks and cork cones all end up in these green sacks - and are collected from the doorstep, professionally sorted and recycled. \"With Mr. Green, recycling is not only easier, but also better and more efficient,\" says co-founder and CEO Valentin Fisler.<\/p>\n<h3>Intermediate step for future-proof logistics<\/h3>\n<p>Mr. Green's recyclables collectors in Zurich have now teamed up with YEPP Logistics Ltd. for this purpose - and can thus keep their ecological promise even better. The logistics and fulfillment professionals from Schlieren are now collecting the bags with a fleet of brand new electric sprinters from Mercedes-Benz. Initial experience was gained from August last year. This marks the beginning of a new chapter not only in the history of Mr. Green, but also in that of YEPP Logistics, according to the company. \"We want to become the most sustainable partner for individual logistics and fulfillment solutions,\" holds Tullio Bucher, managing director and partner of YEPP Logistics. The electric Sprinter fleet, he says, is an intermediate step toward sustainable logistics. \"And it must and should be as sustainable as possible.\" In line with technical developments, the larger vehicles will also be replaced over time.<\/p>\n<h3>Recyclables collector with further ambitions<\/h3>\n<p>Under the name Green Bird, the company is also currently building other projects and customers in the circular economy and, together with partners such as Mr. Green, is dedicated to optimizing current tours. \"We want to promote the circular economy by offering circular logistics,\" Bucher explains, elaborating on how the green commitment will help the<br \/>\nLogistics expert inspired: \"Why shouldn't Mr. Green customers, for example, also have the option of receiving products from the web store or returning parcels when they regularly pick up their recyclables directly from their front door? Green Bird is not just an offer of environmentally friendly logistics solutions, but rather offers a connection to a network of like-minded partners who can benefit from each other and use synergies.<\/p>\n<p><em>Sources and further information: <a href=\"https:\/\/mr-green.ch\/\">mr-green.ch<\/a>; <a href=\"https:\/\/www.yepp.ch\/\">yepp.ch<\/a><\/em><\/p>","protected":false},"excerpt":{"rendered":"<p>Nachhaltigkeit beginnt im Kleinen, das heisst im eigenen Haushalt. Die Wertstoffe wieder in den Kreislauf zur\u00fcckzuf\u00fchren ist wichtig, um gegen die stetig wachsenden Abfallberge anzuk\u00e4mpfen. Der Wertstoffsammler Mr. Green leistet daf\u00fcr seit 2009 einen namhaften Beitrag: Das Unternehmen aus Z\u00fcrich sammelt bei \u00fcber 10&#8217;000 Kunden in den Kantonen Z\u00fcrich, Bern und Basel 14 verschiedene Wertstoffe [&hellip;]<\/p>\n","protected":false},"author":4,"featured_media":12777,"comment_status":"closed","ping_status":"closed","sticky":false,"template":"","format":"standard","meta":{"_acf_changed":false,"_yoast_wpseo_focuskw":"Wertstoffsammler","_yoast_wpseo_metadesc":"Das Logistikunternehmen YEPP Logistics f\u00e4hrt f\u00fcr die Wertstoffsammler von Mr. Green mit elektrisch betriebenen Fahrzeugen.","articlekey":"","footnotes":""},"categories":[580],"tags":[1006,594,328],"class_list":["post-12776","post","type-post","status-publish","format-standard","has-post-thumbnail","hentry","category-sustainability","tag-e-mobilitaet","tag-kreislaufwirtschaft","tag-logistik"],"acf":[],"yoast_head":"<!-- This site is optimized with the Yoast SEO plugin v27.5 - https:\/\/yoast.com\/product\/yoast-seo-wordpress\/ -->\n<title>Wertstoffsammler Mr. Green f\u00e4hrt nun elektrisch - Organisator<\/title>\n<meta name=\"description\" content=\"Das Logistikunternehmen YEPP Logistics f\u00e4hrt f\u00fcr die Wertstoffsammler von Mr. Green mit elektrisch betriebenen Fahrzeugen.\" \/>\n<meta name=\"robots\" content=\"index, follow, max-snippet:-1, max-image-preview:large, max-video-preview:-1\" \/>\n<link rel=\"canonical\" href=\"https:\/\/www.organisator.ch\/en\/sustainability\/2022-05-04\/recyclables-collector-mr-green-faehrt-now-electric\/\" \/>\n<meta property=\"og:locale\" content=\"en_US\" \/>\n<meta property=\"og:type\" content=\"article\" \/>\n<meta property=\"og:title\" content=\"Wertstoffsammler Mr. Green f\u00e4hrt nun elektrisch\" \/>\n<meta property=\"og:description\" content=\"Das Logistikunternehmen YEPP Logistics f\u00e4hrt f\u00fcr die Wertstoffsammler von Mr. Green mit elektrisch betriebenen Fahrzeugen.\" \/>\n<meta property=\"og:url\" content=\"https:\/\/www.organisator.ch\/en\/sustainability\/2022-05-04\/recyclables-collector-mr-green-faehrt-now-electric\/\" \/>\n<meta property=\"og:site_name\" content=\"Organisator\" \/>\n<meta property=\"article:publisher\" content=\"https:\/\/www.facebook.com\/OrganisatorFachmagazin\" \/>\n<meta property=\"article:published_time\" content=\"2022-05-04T11:37:24+00:00\" \/>\n<meta property=\"og:image\" content=\"https:\/\/www.organisator.ch\/wp-content\/uploads\/2022\/05\/Wertstoffsammler-Mr-Green-faehrt-nun-elektrisch_Organisator.jpg\" \/>\n\t<meta property=\"og:image:width\" content=\"680\" \/>\n\t<meta property=\"og:image:height\" content=\"379\" \/>\n\t<meta property=\"og:image:type\" content=\"image\/jpeg\" \/>\n<meta name=\"author\" content=\"thomas.berner\" \/>\n<meta name=\"twitter:card\" content=\"summary_large_image\" \/>\n<meta name=\"twitter:title\" content=\"#Wertstoffsammler Mr. Green f\u00e4hrt nun elektrisch\" \/>\n<meta name=\"twitter:description\" content=\"Das Logistikunternehmen #YEPP Logistics f\u00e4hrt f\u00fcr die #Wertstoffsammler von #Mr.Green mit elektrisch betriebenen Fahrzeugen.\" \/>\n<meta name=\"twitter:image\" content=\"https:\/\/www.organisator.ch\/wp-content\/uploads\/2022\/05\/Wertstoffsammler-Mr-Green-faehrt-nun-elektrisch_Organisator.jpg\" \/>\n<script type=\"application\/ld+json\" class=\"yoast-schema-graph\">{\"@context\":\"https:\\\/\\\/schema.org\",\"@graph\":[{\"@type\":\"Article\",\"@id\":\"https:\\\/\\\/www.organisator.ch\\\/sustainability\\\/2022-05-04\\\/wertstoffsammler-mr-green-faehrt-nun-elektrisch\\\/#article\",\"isPartOf\":{\"@id\":\"https:\\\/\\\/www.organisator.ch\\\/sustainability\\\/2022-05-04\\\/wertstoffsammler-mr-green-faehrt-nun-elektrisch\\\/\"},\"author\":{\"name\":\"thomas.berner\",\"@id\":\"https:\\\/\\\/www.organisator.ch\\\/#\\\/schema\\\/person\\\/6f650f90b2842cd4c0cc334b4e36f67e\"},\"headline\":\"Wertstoffsammler Mr. Green f\u00e4hrt nun elektrisch\",\"datePublished\":\"2022-05-04T11:37:24+00:00\",\"mainEntityOfPage\":{\"@id\":\"https:\\\/\\\/www.organisator.ch\\\/sustainability\\\/2022-05-04\\\/wertstoffsammler-mr-green-faehrt-nun-elektrisch\\\/\"},\"wordCount\":450,\"publisher\":{\"@id\":\"https:\\\/\\\/www.organisator.ch\\\/#organization\"},\"image\":{\"@id\":\"https:\\\/\\\/www.organisator.ch\\\/sustainability\\\/2022-05-04\\\/wertstoffsammler-mr-green-faehrt-nun-elektrisch\\\/#primaryimage\"},\"thumbnailUrl\":\"https:\\\/\\\/www.organisator.ch\\\/wp-content\\\/uploads\\\/2022\\\/05\\\/Wertstoffsammler-Mr-Green-faehrt-nun-elektrisch_Organisator.jpg\",\"keywords\":[\"E-Mobilit\u00e4t\",\"Kreislaufwirtschaft\",\"Logistik\"],\"articleSection\":[\"SUSTAINABILITY\"],\"inLanguage\":\"en-US\"},{\"@type\":\"WebPage\",\"@id\":\"https:\\\/\\\/www.organisator.ch\\\/sustainability\\\/2022-05-04\\\/wertstoffsammler-mr-green-faehrt-nun-elektrisch\\\/\",\"url\":\"https:\\\/\\\/www.organisator.ch\\\/sustainability\\\/2022-05-04\\\/wertstoffsammler-mr-green-faehrt-nun-elektrisch\\\/\",\"name\":\"Wertstoffsammler Mr. Green f\u00e4hrt nun elektrisch - Organisator\",\"isPartOf\":{\"@id\":\"https:\\\/\\\/www.organisator.ch\\\/#website\"},\"primaryImageOfPage\":{\"@id\":\"https:\\\/\\\/www.organisator.ch\\\/sustainability\\\/2022-05-04\\\/wertstoffsammler-mr-green-faehrt-nun-elektrisch\\\/#primaryimage\"},\"image\":{\"@id\":\"https:\\\/\\\/www.organisator.ch\\\/sustainability\\\/2022-05-04\\\/wertstoffsammler-mr-green-faehrt-nun-elektrisch\\\/#primaryimage\"},\"thumbnailUrl\":\"https:\\\/\\\/www.organisator.ch\\\/wp-content\\\/uploads\\\/2022\\\/05\\\/Wertstoffsammler-Mr-Green-faehrt-nun-elektrisch_Organisator.jpg\",\"datePublished\":\"2022-05-04T11:37:24+00:00\",\"description\":\"Das Logistikunternehmen YEPP Logistics f\u00e4hrt f\u00fcr die Wertstoffsammler von Mr. Green mit elektrisch betriebenen Fahrzeugen.\",\"breadcrumb\":{\"@id\":\"https:\\\/\\\/www.organisator.ch\\\/sustainability\\\/2022-05-04\\\/wertstoffsammler-mr-green-faehrt-nun-elektrisch\\\/#breadcrumb\"},\"inLanguage\":\"en-US\",\"potentialAction\":[{\"@type\":\"ReadAction\",\"target\":[\"https:\\\/\\\/www.organisator.ch\\\/sustainability\\\/2022-05-04\\\/wertstoffsammler-mr-green-faehrt-nun-elektrisch\\\/\"]}]},{\"@type\":\"ImageObject\",\"inLanguage\":\"en-US\",\"@id\":\"https:\\\/\\\/www.organisator.ch\\\/sustainability\\\/2022-05-04\\\/wertstoffsammler-mr-green-faehrt-nun-elektrisch\\\/#primaryimage\",\"url\":\"https:\\\/\\\/www.organisator.ch\\\/wp-content\\\/uploads\\\/2022\\\/05\\\/Wertstoffsammler-Mr-Green-faehrt-nun-elektrisch_Organisator.jpg\",\"contentUrl\":\"https:\\\/\\\/www.organisator.ch\\\/wp-content\\\/uploads\\\/2022\\\/05\\\/Wertstoffsammler-Mr-Green-faehrt-nun-elektrisch_Organisator.jpg\",\"width\":680,\"height\":379,\"caption\":\"Elektrisch betriebene Fahrzeuge von Yepp Logistics gehen nun f\u00fcr Mr. Green auf Tour. (Bild: Yepp)\"},{\"@type\":\"BreadcrumbList\",\"@id\":\"https:\\\/\\\/www.organisator.ch\\\/sustainability\\\/2022-05-04\\\/wertstoffsammler-mr-green-faehrt-nun-elektrisch\\\/#breadcrumb\",\"itemListElement\":[{\"@type\":\"ListItem\",\"position\":1,\"name\":\"Home\",\"item\":\"https:\\\/\\\/www.organisator.ch\\\/\"},{\"@type\":\"ListItem\",\"position\":2,\"name\":\"Wertstoffsammler Mr. Green f\u00e4hrt nun elektrisch\"}]},{\"@type\":\"WebSite\",\"@id\":\"https:\\\/\\\/www.organisator.ch\\\/#website\",\"url\":\"https:\\\/\\\/www.organisator.ch\\\/\",\"name\":\"Organisator\",\"description\":\"Kompetent. Praxisnah. Der ORGANISATOR bereitet in 10 Ausgaben pro Jahr die wesentlichen Themen f\u00fcr F\u00fchrungskr\u00e4fte von KMU auf.\",\"publisher\":{\"@id\":\"https:\\\/\\\/www.organisator.ch\\\/#organization\"},\"potentialAction\":[{\"@type\":\"SearchAction\",\"target\":{\"@type\":\"EntryPoint\",\"urlTemplate\":\"https:\\\/\\\/www.organisator.ch\\\/?s={search_term_string}\"},\"query-input\":{\"@type\":\"PropertyValueSpecification\",\"valueRequired\":true,\"valueName\":\"search_term_string\"}}],\"inLanguage\":\"en-US\"},{\"@type\":\"Organization\",\"@id\":\"https:\\\/\\\/www.organisator.ch\\\/#organization\",\"name\":\"Organisator\",\"url\":\"https:\\\/\\\/www.organisator.ch\\\/\",\"logo\":{\"@type\":\"ImageObject\",\"inLanguage\":\"en-US\",\"@id\":\"https:\\\/\\\/www.organisator.ch\\\/#\\\/schema\\\/logo\\\/image\\\/\",\"url\":\"https:\\\/\\\/www.organisator.ch\\\/wp-content\\\/uploads\\\/2022\\\/01\\\/Logo_Organisator_Website.png\",\"contentUrl\":\"https:\\\/\\\/www.organisator.ch\\\/wp-content\\\/uploads\\\/2022\\\/01\\\/Logo_Organisator_Website.png\",\"width\":800,\"height\":77,\"caption\":\"Organisator\"},\"image\":{\"@id\":\"https:\\\/\\\/www.organisator.ch\\\/#\\\/schema\\\/logo\\\/image\\\/\"},\"sameAs\":[\"https:\\\/\\\/www.facebook.com\\\/OrganisatorFachmagazin\",\"https:\\\/\\\/www.linkedin.com\\\/showcase\\\/organisator-das-magazin-fr-kmu\",\"https:\\\/\\\/www.xing.com\\\/news\\\/pages\\\/organisator-ch-695\",\"https:\\\/\\\/www.youtube.com\\\/channel\\\/UCGP2Sq0iWaZwT3BdIAQFYpw\"]},{\"@type\":\"Person\",\"@id\":\"https:\\\/\\\/www.organisator.ch\\\/#\\\/schema\\\/person\\\/6f650f90b2842cd4c0cc334b4e36f67e\",\"name\":\"thomas.berner\",\"image\":{\"@type\":\"ImageObject\",\"inLanguage\":\"en-US\",\"@id\":\"https:\\\/\\\/secure.gravatar.com\\\/avatar\\\/ac5001d2a36cb6c6cd3e50789007ffca834b477b74a2144564522e944eabff61?s=96&d=mm&r=g\",\"url\":\"https:\\\/\\\/secure.gravatar.com\\\/avatar\\\/ac5001d2a36cb6c6cd3e50789007ffca834b477b74a2144564522e944eabff61?s=96&d=mm&r=g\",\"contentUrl\":\"https:\\\/\\\/secure.gravatar.com\\\/avatar\\\/ac5001d2a36cb6c6cd3e50789007ffca834b477b74a2144564522e944eabff61?s=96&d=mm&r=g\",\"caption\":\"thomas.berner\"},\"url\":\"https:\\\/\\\/www.organisator.ch\\\/en\\\/author\\\/thomas-berner\\\/\"}]}<\/script>\n<!-- \/ Yoast SEO plugin. -->","yoast_head_json":{"title":"Recyclables collector Mr. Green now goes electric - Organizer","description":"Logistics company YEPP Logistics drives electric-powered vehicles for Mr. Green's recyclables collectors.","robots":{"index":"index","follow":"follow","max-snippet":"max-snippet:-1","max-image-preview":"max-image-preview:large","max-video-preview":"max-video-preview:-1"},"canonical":"https:\/\/www.organisator.ch\/en\/sustainability\/2022-05-04\/recyclables-collector-mr-green-faehrt-now-electric\/","og_locale":"en_US","og_type":"article","og_title":"Wertstoffsammler Mr. Green f\u00e4hrt nun elektrisch","og_description":"Das Logistikunternehmen YEPP Logistics f\u00e4hrt f\u00fcr die Wertstoffsammler von Mr. Green mit elektrisch betriebenen Fahrzeugen.","og_url":"https:\/\/www.organisator.ch\/en\/sustainability\/2022-05-04\/recyclables-collector-mr-green-faehrt-now-electric\/","og_site_name":"Organisator","article_publisher":"https:\/\/www.facebook.com\/OrganisatorFachmagazin","article_published_time":"2022-05-04T11:37:24+00:00","og_image":[{"width":680,"height":379,"url":"https:\/\/www.organisator.ch\/wp-content\/uploads\/2022\/05\/Wertstoffsammler-Mr-Green-faehrt-nun-elektrisch_Organisator.jpg","type":"image\/jpeg"}],"author":"thomas.berner","twitter_card":"summary_large_image","twitter_title":"#Wertstoffsammler Mr. Green f\u00e4hrt nun elektrisch","twitter_description":"Das Logistikunternehmen #YEPP Logistics f\u00e4hrt f\u00fcr die #Wertstoffsammler von #Mr.Green mit elektrisch betriebenen Fahrzeugen.","twitter_image":"https:\/\/www.organisator.ch\/wp-content\/uploads\/2022\/05\/Wertstoffsammler-Mr-Green-faehrt-nun-elektrisch_Organisator.jpg","schema":{"@context":"https:\/\/schema.org","@graph":[{"@type":"Article","@id":"https:\/\/www.organisator.ch\/sustainability\/2022-05-04\/wertstoffsammler-mr-green-faehrt-nun-elektrisch\/#article","isPartOf":{"@id":"https:\/\/www.organisator.ch\/sustainability\/2022-05-04\/wertstoffsammler-mr-green-faehrt-nun-elektrisch\/"},"author":{"name":"thomas.berner","@id":"https:\/\/www.organisator.ch\/#\/schema\/person\/6f650f90b2842cd4c0cc334b4e36f67e"},"headline":"Wertstoffsammler Mr. Green f\u00e4hrt nun elektrisch","datePublished":"2022-05-04T11:37:24+00:00","mainEntityOfPage":{"@id":"https:\/\/www.organisator.ch\/sustainability\/2022-05-04\/wertstoffsammler-mr-green-faehrt-nun-elektrisch\/"},"wordCount":450,"publisher":{"@id":"https:\/\/www.organisator.ch\/#organization"},"image":{"@id":"https:\/\/www.organisator.ch\/sustainability\/2022-05-04\/wertstoffsammler-mr-green-faehrt-nun-elektrisch\/#primaryimage"},"thumbnailUrl":"https:\/\/www.organisator.ch\/wp-content\/uploads\/2022\/05\/Wertstoffsammler-Mr-Green-faehrt-nun-elektrisch_Organisator.jpg","keywords":["E-Mobilit\u00e4t","Kreislaufwirtschaft","Logistik"],"articleSection":["SUSTAINABILITY"],"inLanguage":"en-US"},{"@type":"WebPage","@id":"https:\/\/www.organisator.ch\/sustainability\/2022-05-04\/wertstoffsammler-mr-green-faehrt-nun-elektrisch\/","url":"https:\/\/www.organisator.ch\/sustainability\/2022-05-04\/wertstoffsammler-mr-green-faehrt-nun-elektrisch\/","name":"Recyclables collector Mr. Green now goes electric - Organizer","isPartOf":{"@id":"https:\/\/www.organisator.ch\/#website"},"primaryImageOfPage":{"@id":"https:\/\/www.organisator.ch\/sustainability\/2022-05-04\/wertstoffsammler-mr-green-faehrt-nun-elektrisch\/#primaryimage"},"image":{"@id":"https:\/\/www.organisator.ch\/sustainability\/2022-05-04\/wertstoffsammler-mr-green-faehrt-nun-elektrisch\/#primaryimage"},"thumbnailUrl":"https:\/\/www.organisator.ch\/wp-content\/uploads\/2022\/05\/Wertstoffsammler-Mr-Green-faehrt-nun-elektrisch_Organisator.jpg","datePublished":"2022-05-04T11:37:24+00:00","description":"Logistics company YEPP Logistics drives electric-powered vehicles for Mr. Green's recyclables collectors.","breadcrumb":{"@id":"https:\/\/www.organisator.ch\/sustainability\/2022-05-04\/wertstoffsammler-mr-green-faehrt-nun-elektrisch\/#breadcrumb"},"inLanguage":"en-US","potentialAction":[{"@type":"ReadAction","target":["https:\/\/www.organisator.ch\/sustainability\/2022-05-04\/wertstoffsammler-mr-green-faehrt-nun-elektrisch\/"]}]},{"@type":"ImageObject","inLanguage":"en-US","@id":"https:\/\/www.organisator.ch\/sustainability\/2022-05-04\/wertstoffsammler-mr-green-faehrt-nun-elektrisch\/#primaryimage","url":"https:\/\/www.organisator.ch\/wp-content\/uploads\/2022\/05\/Wertstoffsammler-Mr-Green-faehrt-nun-elektrisch_Organisator.jpg","contentUrl":"https:\/\/www.organisator.ch\/wp-content\/uploads\/2022\/05\/Wertstoffsammler-Mr-Green-faehrt-nun-elektrisch_Organisator.jpg","width":680,"height":379,"caption":"Elektrisch betriebene Fahrzeuge von Yepp Logistics gehen nun f\u00fcr Mr. Green auf Tour. (Bild: Yepp)"},{"@type":"BreadcrumbList","@id":"https:\/\/www.organisator.ch\/sustainability\/2022-05-04\/wertstoffsammler-mr-green-faehrt-nun-elektrisch\/#breadcrumb","itemListElement":[{"@type":"ListItem","position":1,"name":"Home","item":"https:\/\/www.organisator.ch\/"},{"@type":"ListItem","position":2,"name":"Wertstoffsammler Mr. Green f\u00e4hrt nun elektrisch"}]},{"@type":"WebSite","@id":"https:\/\/www.organisator.ch\/#website","url":"https:\/\/www.organisator.ch\/","name":"Organizer","description":"Competent. Practical. In 10 issues per year, ORGANISATOR presents the essential topics for managers of SMEs.","publisher":{"@id":"https:\/\/www.organisator.ch\/#organization"},"potentialAction":[{"@type":"SearchAction","target":{"@type":"EntryPoint","urlTemplate":"https:\/\/www.organisator.ch\/?s={search_term_string}"},"query-input":{"@type":"PropertyValueSpecification","valueRequired":true,"valueName":"search_term_string"}}],"inLanguage":"en-US"},{"@type":"Organization","@id":"https:\/\/www.organisator.ch\/#organization","name":"Organizer","url":"https:\/\/www.organisator.ch\/","logo":{"@type":"ImageObject","inLanguage":"en-US","@id":"https:\/\/www.organisator.ch\/#\/schema\/logo\/image\/","url":"https:\/\/www.organisator.ch\/wp-content\/uploads\/2022\/01\/Logo_Organisator_Website.png","contentUrl":"https:\/\/www.organisator.ch\/wp-content\/uploads\/2022\/01\/Logo_Organisator_Website.png","width":800,"height":77,"caption":"Organisator"},"image":{"@id":"https:\/\/www.organisator.ch\/#\/schema\/logo\/image\/"},"sameAs":["https:\/\/www.facebook.com\/OrganisatorFachmagazin","https:\/\/www.linkedin.com\/showcase\/organisator-das-magazin-fr-kmu","https:\/\/www.xing.com\/news\/pages\/organisator-ch-695","https:\/\/www.youtube.com\/channel\/UCGP2Sq0iWaZwT3BdIAQFYpw"]},{"@type":"Person","@id":"https:\/\/www.organisator.ch\/#\/schema\/person\/6f650f90b2842cd4c0cc334b4e36f67e","name":"thomas.berner","image":{"@type":"ImageObject","inLanguage":"en-US","@id":"https:\/\/secure.gravatar.com\/avatar\/ac5001d2a36cb6c6cd3e50789007ffca834b477b74a2144564522e944eabff61?s=96&d=mm&r=g","url":"https:\/\/secure.gravatar.com\/avatar\/ac5001d2a36cb6c6cd3e50789007ffca834b477b74a2144564522e944eabff61?s=96&d=mm&r=g","contentUrl":"https:\/\/secure.gravatar.com\/avatar\/ac5001d2a36cb6c6cd3e50789007ffca834b477b74a2144564522e944eabff61?s=96&d=mm&r=g","caption":"thomas.berner"},"url":"https:\/\/www.organisator.ch\/en\/author\/thomas-berner\/"}]}},"_links":{"self":[{"href":"https:\/\/www.organisator.ch\/en\/wp-json\/wp\/v2\/posts\/12776","targetHints":{"allow":["GET"]}}],"collection":[{"href":"https:\/\/www.organisator.ch\/en\/wp-json\/wp\/v2\/posts"}],"about":[{"href":"https:\/\/www.organisator.ch\/en\/wp-json\/wp\/v2\/types\/post"}],"author":[{"embeddable":true,"href":"https:\/\/www.organisator.ch\/en\/wp-json\/wp\/v2\/users\/4"}],"replies":[{"embeddable":true,"href":"https:\/\/www.organisator.ch\/en\/wp-json\/wp\/v2\/comments?post=12776"}],"version-history":[{"count":3,"href":"https:\/\/www.organisator.ch\/en\/wp-json\/wp\/v2\/posts\/12776\/revisions"}],"predecessor-version":[{"id":12826,"href":"https:\/\/www.organisator.ch\/en\/wp-json\/wp\/v2\/posts\/12776\/revisions\/12826"}],"wp:featuredmedia":[{"embeddable":true,"href":"https:\/\/www.organisator.ch\/en\/wp-json\/wp\/v2\/media\/12777"}],"wp:attachment":[{"href":"https:\/\/www.organisator.ch\/en\/wp-json\/wp\/v2\/media?parent=12776"}],"wp:term":[{"taxonomy":"category","embeddable":true,"href":"https:\/\/www.organisator.ch\/en\/wp-json\/wp\/v2\/categories?post=12776"},{"taxonomy":"post_tag","embeddable":true,"href":"https:\/\/www.organisator.ch\/en\/wp-json\/wp\/v2\/tags?post=12776"}],"curies":[{"name":"wp","href":"https:\/\/api.w.org\/{rel}","templated":true}]}}