{"id":12780,"date":"2022-05-05T13:47:01","date_gmt":"2022-05-05T11:47:01","guid":{"rendered":"https:\/\/www.organisator.ch\/?p=12780"},"modified":"2022-05-04T14:01:08","modified_gmt":"2022-05-04T12:01:08","slug":"wachstum-von-noventa-eroeffnet-neue-karrierechancen","status":"publish","type":"post","link":"https:\/\/www.organisator.ch\/en\/management\/2022-05-05\/wachstum-von-noventa-eroeffnet-neue-karrierechancen\/","title":{"rendered":"Noventa's growth opens up new career opportunities"},"content":{"rendered":"<figure id=\"attachment_12781\" aria-describedby=\"caption-attachment-12781\" style=\"width: 680px\" class=\"wp-caption alignnone\"><img loading=\"lazy\" decoding=\"async\" class=\"size-full wp-image-12781\" src=\"https:\/\/www.organisator.ch\/wp-content\/uploads\/2022\/05\/Wachstum-von-Noventa-eroeffnet-neue-Karrierechancen_Organisator.jpg\" alt=\"\" width=\"680\" height=\"454\" srcset=\"https:\/\/www.organisator.ch\/wp-content\/uploads\/2022\/05\/Wachstum-von-Noventa-eroeffnet-neue-Karrierechancen_Organisator.jpg 680w, https:\/\/www.organisator.ch\/wp-content\/uploads\/2022\/05\/Wachstum-von-Noventa-eroeffnet-neue-Karrierechancen_Organisator-18x12.jpg 18w, https:\/\/www.organisator.ch\/wp-content\/uploads\/2022\/05\/Wachstum-von-Noventa-eroeffnet-neue-Karrierechancen_Organisator-262x175.jpg 262w, https:\/\/www.organisator.ch\/wp-content\/uploads\/2022\/05\/Wachstum-von-Noventa-eroeffnet-neue-Karrierechancen_Organisator-524x350.jpg 524w, https:\/\/www.organisator.ch\/wp-content\/uploads\/2022\/05\/Wachstum-von-Noventa-eroeffnet-neue-Karrierechancen_Organisator-300x200.jpg 300w\" sizes=\"auto, (max-width: 680px) 100vw, 680px\" \/><figcaption id=\"caption-attachment-12781\" class=\"wp-caption-text\">On the lookout for talent to drive forward the forward-looking projects in a targeted manner: CEO Patrick Besserer and project manager Rahel Hasler. (Image: zVg \/ Noventa)<\/figcaption><\/figure>\n<p>Thanks to new customers, projects and products, the technology company Noventa continues to grow as a development and manufacturing partner of established OEMs and innovative young companies. \"After challenging times, we are looking forward to a promising year with new customers and pioneering products. In the process, we could achieve sales of over CHF 100 million for the first time,\" says Patrick Besserer, CEO of Noventa AG. Projects for existing customers such as CWS, LaPreva, Laufen, V-Zug, K\u00e4rcher and Winterhalter will also contribute to this.<\/p>\n<h3><strong>Noventa's growth offers opportunities for new employees<\/strong><\/h3>\n<p>With its growth, the company is also opening up career opportunities for new employees. \"Thanks to full order books, new customers and new projects, we are clearly on course for growth. In almost all areas, we are opening up opportunities for new talent to actively shape the future of our company,\" says Chief Business Administration Philippe B\u00fcrki. In the coming months, the company will advertise numerous vacancies, according to the statement. The Diepoldsau site is already looking for personnel reinforcement for business administration tasks, but also for project management, development, procurement and finance.<\/p>\n<h3><strong>Modernization and expansion plans for all sites<\/strong><\/h3>\n<p>The industrial products and sanitary and hygiene products segments in particular are developing positively, but growth is also picking up significantly in the consumer goods, automotive and coffee machine segments. As a result, all sites are operating at full capacity and Noventa AG is pressing ahead with its further development, the statement to the media continued. The site in Romania is being modernized and expanded with new office and production space as well as additional injection molding machines. An expansion of production space is also planned at the Thailand production site. At its Swiss headquarters, the company is continuing to invest in its innovation center to create even more space for creativity and development.<\/p>\n<h3><strong>Noventa develops and produces trend-setting products for customers<\/strong><\/h3>\n<p>With around 700 employees and production sites in Switzerland, Thailand and Romania, the technology company supports the development and manufacture of products for the future. \"We are proud to work with our customers to develop and manufacture innovative products to market readiness,\" says product developer Christian Frei. \"This also particularly benefits companies that want to work with a specialist for sophisticated product systems.\"<\/p>\n<p>One recent example is the Dokoki \"Sandy\" baby monitor, which is equipped with cameras, a sleep aid, integrated media player and two-way communication, and can be conveniently controlled via a smartphone. Noventa also illustrates its enthusiasm for new ideas with a world first: The hygienic and waterless toilet system Clesana for motorhomes and boats is to be launched as early as the second quarter of 2022. For Laufen, Noventa manufactures the high-quality shower toilet Aqiva especially for the Chinese market, and for CWS the visually appealing, modern hygiene systems of the CWS PureLine product line.<\/p>\n<h3><strong>From plastics specialist to innovation and manufacturing center<\/strong><\/h3>\n<p>Noventa's roots go back to 1958. In the meantime, the company has developed into a high-performance innovation and manufacturing center for sophisticated product systems that are realized and produced on behalf of customers. With around 700 employees at three locations (headquarters in Switzerland, Thailand and Romania), the Noventa Group achieved annual sales of around CHF 82 million in 2021. It is led by a three-person management team, which also holds a majority stake in the company. Its customers include Bernina, Compleo, CWS, Laufen, LaPreva, Ivoclar, K\u00e4rcher, Siemens, SKROSS, V-Zug and Winterhalter. Since 2004, Noventa has acted as a showcase company for lean management. Following the introduction of lean production, the company has significantly increased its sales on the same floor space. The company's customers also benefit from this know-how. The Noventa Group includes the subsidiaries Noventa (Thailand) Co., Ltd., Noventa Romania S.R.L. (Romania), Noventa Tooling AG (Widnau), Noventa Consulting AG (Diepoldsau), and LaPreva AG (Diepoldsau).<\/p>\n<p><a href=\"http:\/\/www.noventa.com\"><em>More information<\/em><\/a><\/p>","protected":false},"excerpt":{"rendered":"<p>Dank neuer Kunden, Projekte und Produkte ist das Technologieunternehmen Noventa als Entwicklungs- und Fertigungspartner von etablierten OEM und innovativen Jungunternehmen weiter auf Wachstumskurs. \u00abNach herausfordernden Zeiten blicken wir auf ein vielversprechendes Jahr mit neuen Kunden und wegweisenden Produkten. Dabei k\u00f6nnten wir erstmals einen Umsatz von \u00fcber 100 Mio. Franken erreichen\u00bb, so Patrick Besserer, CEO der [&hellip;]<\/p>\n","protected":false},"author":4,"featured_media":12781,"comment_status":"closed","ping_status":"closed","sticky":false,"template":"","format":"standard","meta":{"_acf_changed":false,"_yoast_wpseo_focuskw":"Noventa","_yoast_wpseo_metadesc":"Dank voller Auftragsb\u00fccher, neuer Kunden und zukunftsweisender Projekte k\u00f6nnte Noventa die Umsatzmarke von 100 Mio. Franken 2022 knacken.","articlekey":"","footnotes":""},"categories":[28],"tags":[236,294,492],"class_list":["post-12780","post","type-post","status-publish","format-standard","has-post-thumbnail","hentry","category-management","tag-geschaeftsbericht","tag-karriere","tag-unternehmen"],"acf":[],"yoast_head":"<!-- This site is optimized with the Yoast SEO plugin v27.5 - https:\/\/yoast.com\/product\/yoast-seo-wordpress\/ -->\n<title>Wachstum von Noventa er\u00f6ffnet neue Karrierechancen - Organisator<\/title>\n<meta name=\"description\" content=\"Dank voller Auftragsb\u00fccher, neuer Kunden und zukunftsweisender Projekte k\u00f6nnte Noventa die Umsatzmarke von 100 Mio. Franken 2022 knacken.\" \/>\n<meta name=\"robots\" content=\"index, follow, max-snippet:-1, max-image-preview:large, max-video-preview:-1\" \/>\n<link rel=\"canonical\" href=\"https:\/\/www.organisator.ch\/en\/management\/2022-05-05\/wachstum-von-noventa-eroeffnet-neue-karrierechancen\/\" \/>\n<meta property=\"og:locale\" content=\"en_US\" \/>\n<meta property=\"og:type\" content=\"article\" \/>\n<meta property=\"og:title\" content=\"Wachstum von Noventa er\u00f6ffnet neue Karrierechancen\" \/>\n<meta property=\"og:description\" content=\"Dank voller Auftragsb\u00fccher, neuer Kunden und zukunftsweisender Projekte k\u00f6nnte Noventa die Umsatzmarke von 100 Mio. Franken 2022 knacken.\" \/>\n<meta property=\"og:url\" content=\"https:\/\/www.organisator.ch\/en\/management\/2022-05-05\/wachstum-von-noventa-eroeffnet-neue-karrierechancen\/\" \/>\n<meta property=\"og:site_name\" content=\"Organisator\" \/>\n<meta property=\"article:publisher\" content=\"https:\/\/www.facebook.com\/OrganisatorFachmagazin\" \/>\n<meta property=\"article:published_time\" content=\"2022-05-05T11:47:01+00:00\" \/>\n<meta property=\"og:image\" content=\"https:\/\/www.organisator.ch\/wp-content\/uploads\/2022\/05\/Wachstum-von-Noventa-eroeffnet-neue-Karrierechancen_Organisator.jpg\" \/>\n\t<meta property=\"og:image:width\" content=\"680\" \/>\n\t<meta property=\"og:image:height\" content=\"454\" \/>\n\t<meta property=\"og:image:type\" content=\"image\/jpeg\" \/>\n<meta name=\"author\" content=\"thomas.berner\" \/>\n<meta name=\"twitter:card\" content=\"summary_large_image\" \/>\n<meta name=\"twitter:title\" content=\"Wachstum von #Noventa er\u00f6ffnet neue #Karrierechancen\" \/>\n<meta name=\"twitter:description\" content=\"Dank voller #Auftragsb\u00fccher, neuer Kunden und zukunftsweisender Projekte k\u00f6nnte #Noventa die #Umsatzmarke von 100 Mio. Franken 2022 knacken.\" \/>\n<meta name=\"twitter:image\" content=\"https:\/\/www.organisator.ch\/wp-content\/uploads\/2022\/05\/Wachstum-von-Noventa-eroeffnet-neue-Karrierechancen_Organisator.jpg\" \/>\n<script type=\"application\/ld+json\" class=\"yoast-schema-graph\">{\"@context\":\"https:\\\/\\\/schema.org\",\"@graph\":[{\"@type\":\"Article\",\"@id\":\"https:\\\/\\\/www.organisator.ch\\\/management\\\/2022-05-05\\\/wachstum-von-noventa-eroeffnet-neue-karrierechancen\\\/#article\",\"isPartOf\":{\"@id\":\"https:\\\/\\\/www.organisator.ch\\\/management\\\/2022-05-05\\\/wachstum-von-noventa-eroeffnet-neue-karrierechancen\\\/\"},\"author\":{\"name\":\"thomas.berner\",\"@id\":\"https:\\\/\\\/www.organisator.ch\\\/#\\\/schema\\\/person\\\/6f650f90b2842cd4c0cc334b4e36f67e\"},\"headline\":\"Wachstum von Noventa er\u00f6ffnet neue Karrierechancen\",\"datePublished\":\"2022-05-05T11:47:01+00:00\",\"mainEntityOfPage\":{\"@id\":\"https:\\\/\\\/www.organisator.ch\\\/management\\\/2022-05-05\\\/wachstum-von-noventa-eroeffnet-neue-karrierechancen\\\/\"},\"wordCount\":637,\"publisher\":{\"@id\":\"https:\\\/\\\/www.organisator.ch\\\/#organization\"},\"image\":{\"@id\":\"https:\\\/\\\/www.organisator.ch\\\/management\\\/2022-05-05\\\/wachstum-von-noventa-eroeffnet-neue-karrierechancen\\\/#primaryimage\"},\"thumbnailUrl\":\"https:\\\/\\\/www.organisator.ch\\\/wp-content\\\/uploads\\\/2022\\\/05\\\/Wachstum-von-Noventa-eroeffnet-neue-Karrierechancen_Organisator.jpg\",\"keywords\":[\"Gesch\u00e4ftsbericht\",\"Karriere\",\"Unternehmen\"],\"articleSection\":[\"MANAGEMENT\"],\"inLanguage\":\"en-US\"},{\"@type\":\"WebPage\",\"@id\":\"https:\\\/\\\/www.organisator.ch\\\/management\\\/2022-05-05\\\/wachstum-von-noventa-eroeffnet-neue-karrierechancen\\\/\",\"url\":\"https:\\\/\\\/www.organisator.ch\\\/management\\\/2022-05-05\\\/wachstum-von-noventa-eroeffnet-neue-karrierechancen\\\/\",\"name\":\"Wachstum von Noventa er\u00f6ffnet neue Karrierechancen - Organisator\",\"isPartOf\":{\"@id\":\"https:\\\/\\\/www.organisator.ch\\\/#website\"},\"primaryImageOfPage\":{\"@id\":\"https:\\\/\\\/www.organisator.ch\\\/management\\\/2022-05-05\\\/wachstum-von-noventa-eroeffnet-neue-karrierechancen\\\/#primaryimage\"},\"image\":{\"@id\":\"https:\\\/\\\/www.organisator.ch\\\/management\\\/2022-05-05\\\/wachstum-von-noventa-eroeffnet-neue-karrierechancen\\\/#primaryimage\"},\"thumbnailUrl\":\"https:\\\/\\\/www.organisator.ch\\\/wp-content\\\/uploads\\\/2022\\\/05\\\/Wachstum-von-Noventa-eroeffnet-neue-Karrierechancen_Organisator.jpg\",\"datePublished\":\"2022-05-05T11:47:01+00:00\",\"description\":\"Dank voller Auftragsb\u00fccher, neuer Kunden und zukunftsweisender Projekte k\u00f6nnte Noventa die Umsatzmarke von 100 Mio. Franken 2022 knacken.\",\"breadcrumb\":{\"@id\":\"https:\\\/\\\/www.organisator.ch\\\/management\\\/2022-05-05\\\/wachstum-von-noventa-eroeffnet-neue-karrierechancen\\\/#breadcrumb\"},\"inLanguage\":\"en-US\",\"potentialAction\":[{\"@type\":\"ReadAction\",\"target\":[\"https:\\\/\\\/www.organisator.ch\\\/management\\\/2022-05-05\\\/wachstum-von-noventa-eroeffnet-neue-karrierechancen\\\/\"]}]},{\"@type\":\"ImageObject\",\"inLanguage\":\"en-US\",\"@id\":\"https:\\\/\\\/www.organisator.ch\\\/management\\\/2022-05-05\\\/wachstum-von-noventa-eroeffnet-neue-karrierechancen\\\/#primaryimage\",\"url\":\"https:\\\/\\\/www.organisator.ch\\\/wp-content\\\/uploads\\\/2022\\\/05\\\/Wachstum-von-Noventa-eroeffnet-neue-Karrierechancen_Organisator.jpg\",\"contentUrl\":\"https:\\\/\\\/www.organisator.ch\\\/wp-content\\\/uploads\\\/2022\\\/05\\\/Wachstum-von-Noventa-eroeffnet-neue-Karrierechancen_Organisator.jpg\",\"width\":680,\"height\":454,\"caption\":\"Auf der Suche nach Talenten, die die zukunftsweisenden Projekte zielgerichtet vorantreiben: Noventa CEO Patrick Besserer und Project-Managerin Rahel Hasler. (Bild: zVg \\\/ Noventa)\"},{\"@type\":\"BreadcrumbList\",\"@id\":\"https:\\\/\\\/www.organisator.ch\\\/management\\\/2022-05-05\\\/wachstum-von-noventa-eroeffnet-neue-karrierechancen\\\/#breadcrumb\",\"itemListElement\":[{\"@type\":\"ListItem\",\"position\":1,\"name\":\"Home\",\"item\":\"https:\\\/\\\/www.organisator.ch\\\/\"},{\"@type\":\"ListItem\",\"position\":2,\"name\":\"Wachstum von Noventa er\u00f6ffnet neue Karrierechancen\"}]},{\"@type\":\"WebSite\",\"@id\":\"https:\\\/\\\/www.organisator.ch\\\/#website\",\"url\":\"https:\\\/\\\/www.organisator.ch\\\/\",\"name\":\"Organisator\",\"description\":\"Kompetent. Praxisnah. Der ORGANISATOR bereitet in 10 Ausgaben pro Jahr die wesentlichen Themen f\u00fcr F\u00fchrungskr\u00e4fte von KMU auf.\",\"publisher\":{\"@id\":\"https:\\\/\\\/www.organisator.ch\\\/#organization\"},\"potentialAction\":[{\"@type\":\"SearchAction\",\"target\":{\"@type\":\"EntryPoint\",\"urlTemplate\":\"https:\\\/\\\/www.organisator.ch\\\/?s={search_term_string}\"},\"query-input\":{\"@type\":\"PropertyValueSpecification\",\"valueRequired\":true,\"valueName\":\"search_term_string\"}}],\"inLanguage\":\"en-US\"},{\"@type\":\"Organization\",\"@id\":\"https:\\\/\\\/www.organisator.ch\\\/#organization\",\"name\":\"Organisator\",\"url\":\"https:\\\/\\\/www.organisator.ch\\\/\",\"logo\":{\"@type\":\"ImageObject\",\"inLanguage\":\"en-US\",\"@id\":\"https:\\\/\\\/www.organisator.ch\\\/#\\\/schema\\\/logo\\\/image\\\/\",\"url\":\"https:\\\/\\\/www.organisator.ch\\\/wp-content\\\/uploads\\\/2022\\\/01\\\/Logo_Organisator_Website.png\",\"contentUrl\":\"https:\\\/\\\/www.organisator.ch\\\/wp-content\\\/uploads\\\/2022\\\/01\\\/Logo_Organisator_Website.png\",\"width\":800,\"height\":77,\"caption\":\"Organisator\"},\"image\":{\"@id\":\"https:\\\/\\\/www.organisator.ch\\\/#\\\/schema\\\/logo\\\/image\\\/\"},\"sameAs\":[\"https:\\\/\\\/www.facebook.com\\\/OrganisatorFachmagazin\",\"https:\\\/\\\/www.linkedin.com\\\/showcase\\\/organisator-das-magazin-fr-kmu\",\"https:\\\/\\\/www.xing.com\\\/news\\\/pages\\\/organisator-ch-695\",\"https:\\\/\\\/www.youtube.com\\\/channel\\\/UCGP2Sq0iWaZwT3BdIAQFYpw\"]},{\"@type\":\"Person\",\"@id\":\"https:\\\/\\\/www.organisator.ch\\\/#\\\/schema\\\/person\\\/6f650f90b2842cd4c0cc334b4e36f67e\",\"name\":\"thomas.berner\",\"image\":{\"@type\":\"ImageObject\",\"inLanguage\":\"en-US\",\"@id\":\"https:\\\/\\\/secure.gravatar.com\\\/avatar\\\/ac5001d2a36cb6c6cd3e50789007ffca834b477b74a2144564522e944eabff61?s=96&d=mm&r=g\",\"url\":\"https:\\\/\\\/secure.gravatar.com\\\/avatar\\\/ac5001d2a36cb6c6cd3e50789007ffca834b477b74a2144564522e944eabff61?s=96&d=mm&r=g\",\"contentUrl\":\"https:\\\/\\\/secure.gravatar.com\\\/avatar\\\/ac5001d2a36cb6c6cd3e50789007ffca834b477b74a2144564522e944eabff61?s=96&d=mm&r=g\",\"caption\":\"thomas.berner\"},\"url\":\"https:\\\/\\\/www.organisator.ch\\\/en\\\/author\\\/thomas-berner\\\/\"}]}<\/script>\n<!-- \/ Yoast SEO plugin. -->","yoast_head_json":{"title":"Noventa's growth opens up new career opportunities - Organizer","description":"Thanks to full order books, new customers and forward-looking projects, Noventa could break the CHF 100 million sales mark in 2022.","robots":{"index":"index","follow":"follow","max-snippet":"max-snippet:-1","max-image-preview":"max-image-preview:large","max-video-preview":"max-video-preview:-1"},"canonical":"https:\/\/www.organisator.ch\/en\/management\/2022-05-05\/wachstum-von-noventa-eroeffnet-neue-karrierechancen\/","og_locale":"en_US","og_type":"article","og_title":"Wachstum von Noventa er\u00f6ffnet neue Karrierechancen","og_description":"Dank voller Auftragsb\u00fccher, neuer Kunden und zukunftsweisender Projekte k\u00f6nnte Noventa die Umsatzmarke von 100 Mio. Franken 2022 knacken.","og_url":"https:\/\/www.organisator.ch\/en\/management\/2022-05-05\/wachstum-von-noventa-eroeffnet-neue-karrierechancen\/","og_site_name":"Organisator","article_publisher":"https:\/\/www.facebook.com\/OrganisatorFachmagazin","article_published_time":"2022-05-05T11:47:01+00:00","og_image":[{"width":680,"height":454,"url":"https:\/\/www.organisator.ch\/wp-content\/uploads\/2022\/05\/Wachstum-von-Noventa-eroeffnet-neue-Karrierechancen_Organisator.jpg","type":"image\/jpeg"}],"author":"thomas.berner","twitter_card":"summary_large_image","twitter_title":"Wachstum von #Noventa er\u00f6ffnet neue #Karrierechancen","twitter_description":"Dank voller #Auftragsb\u00fccher, neuer Kunden und zukunftsweisender Projekte k\u00f6nnte #Noventa die #Umsatzmarke von 100 Mio. Franken 2022 knacken.","twitter_image":"https:\/\/www.organisator.ch\/wp-content\/uploads\/2022\/05\/Wachstum-von-Noventa-eroeffnet-neue-Karrierechancen_Organisator.jpg","schema":{"@context":"https:\/\/schema.org","@graph":[{"@type":"Article","@id":"https:\/\/www.organisator.ch\/management\/2022-05-05\/wachstum-von-noventa-eroeffnet-neue-karrierechancen\/#article","isPartOf":{"@id":"https:\/\/www.organisator.ch\/management\/2022-05-05\/wachstum-von-noventa-eroeffnet-neue-karrierechancen\/"},"author":{"name":"thomas.berner","@id":"https:\/\/www.organisator.ch\/#\/schema\/person\/6f650f90b2842cd4c0cc334b4e36f67e"},"headline":"Wachstum von Noventa er\u00f6ffnet neue Karrierechancen","datePublished":"2022-05-05T11:47:01+00:00","mainEntityOfPage":{"@id":"https:\/\/www.organisator.ch\/management\/2022-05-05\/wachstum-von-noventa-eroeffnet-neue-karrierechancen\/"},"wordCount":637,"publisher":{"@id":"https:\/\/www.organisator.ch\/#organization"},"image":{"@id":"https:\/\/www.organisator.ch\/management\/2022-05-05\/wachstum-von-noventa-eroeffnet-neue-karrierechancen\/#primaryimage"},"thumbnailUrl":"https:\/\/www.organisator.ch\/wp-content\/uploads\/2022\/05\/Wachstum-von-Noventa-eroeffnet-neue-Karrierechancen_Organisator.jpg","keywords":["Gesch\u00e4ftsbericht","Karriere","Unternehmen"],"articleSection":["MANAGEMENT"],"inLanguage":"en-US"},{"@type":"WebPage","@id":"https:\/\/www.organisator.ch\/management\/2022-05-05\/wachstum-von-noventa-eroeffnet-neue-karrierechancen\/","url":"https:\/\/www.organisator.ch\/management\/2022-05-05\/wachstum-von-noventa-eroeffnet-neue-karrierechancen\/","name":"Noventa's growth opens up new career opportunities - Organizer","isPartOf":{"@id":"https:\/\/www.organisator.ch\/#website"},"primaryImageOfPage":{"@id":"https:\/\/www.organisator.ch\/management\/2022-05-05\/wachstum-von-noventa-eroeffnet-neue-karrierechancen\/#primaryimage"},"image":{"@id":"https:\/\/www.organisator.ch\/management\/2022-05-05\/wachstum-von-noventa-eroeffnet-neue-karrierechancen\/#primaryimage"},"thumbnailUrl":"https:\/\/www.organisator.ch\/wp-content\/uploads\/2022\/05\/Wachstum-von-Noventa-eroeffnet-neue-Karrierechancen_Organisator.jpg","datePublished":"2022-05-05T11:47:01+00:00","description":"Thanks to full order books, new customers and forward-looking projects, Noventa could break the CHF 100 million sales mark in 2022.","breadcrumb":{"@id":"https:\/\/www.organisator.ch\/management\/2022-05-05\/wachstum-von-noventa-eroeffnet-neue-karrierechancen\/#breadcrumb"},"inLanguage":"en-US","potentialAction":[{"@type":"ReadAction","target":["https:\/\/www.organisator.ch\/management\/2022-05-05\/wachstum-von-noventa-eroeffnet-neue-karrierechancen\/"]}]},{"@type":"ImageObject","inLanguage":"en-US","@id":"https:\/\/www.organisator.ch\/management\/2022-05-05\/wachstum-von-noventa-eroeffnet-neue-karrierechancen\/#primaryimage","url":"https:\/\/www.organisator.ch\/wp-content\/uploads\/2022\/05\/Wachstum-von-Noventa-eroeffnet-neue-Karrierechancen_Organisator.jpg","contentUrl":"https:\/\/www.organisator.ch\/wp-content\/uploads\/2022\/05\/Wachstum-von-Noventa-eroeffnet-neue-Karrierechancen_Organisator.jpg","width":680,"height":454,"caption":"Auf der Suche nach Talenten, die die zukunftsweisenden Projekte zielgerichtet vorantreiben: Noventa CEO Patrick Besserer und Project-Managerin Rahel Hasler. (Bild: zVg \/ Noventa)"},{"@type":"BreadcrumbList","@id":"https:\/\/www.organisator.ch\/management\/2022-05-05\/wachstum-von-noventa-eroeffnet-neue-karrierechancen\/#breadcrumb","itemListElement":[{"@type":"ListItem","position":1,"name":"Home","item":"https:\/\/www.organisator.ch\/"},{"@type":"ListItem","position":2,"name":"Wachstum von Noventa er\u00f6ffnet neue Karrierechancen"}]},{"@type":"WebSite","@id":"https:\/\/www.organisator.ch\/#website","url":"https:\/\/www.organisator.ch\/","name":"Organizer","description":"Competent. Practical. In 10 issues per year, ORGANISATOR presents the essential topics for managers of SMEs.","publisher":{"@id":"https:\/\/www.organisator.ch\/#organization"},"potentialAction":[{"@type":"SearchAction","target":{"@type":"EntryPoint","urlTemplate":"https:\/\/www.organisator.ch\/?s={search_term_string}"},"query-input":{"@type":"PropertyValueSpecification","valueRequired":true,"valueName":"search_term_string"}}],"inLanguage":"en-US"},{"@type":"Organization","@id":"https:\/\/www.organisator.ch\/#organization","name":"Organizer","url":"https:\/\/www.organisator.ch\/","logo":{"@type":"ImageObject","inLanguage":"en-US","@id":"https:\/\/www.organisator.ch\/#\/schema\/logo\/image\/","url":"https:\/\/www.organisator.ch\/wp-content\/uploads\/2022\/01\/Logo_Organisator_Website.png","contentUrl":"https:\/\/www.organisator.ch\/wp-content\/uploads\/2022\/01\/Logo_Organisator_Website.png","width":800,"height":77,"caption":"Organisator"},"image":{"@id":"https:\/\/www.organisator.ch\/#\/schema\/logo\/image\/"},"sameAs":["https:\/\/www.facebook.com\/OrganisatorFachmagazin","https:\/\/www.linkedin.com\/showcase\/organisator-das-magazin-fr-kmu","https:\/\/www.xing.com\/news\/pages\/organisator-ch-695","https:\/\/www.youtube.com\/channel\/UCGP2Sq0iWaZwT3BdIAQFYpw"]},{"@type":"Person","@id":"https:\/\/www.organisator.ch\/#\/schema\/person\/6f650f90b2842cd4c0cc334b4e36f67e","name":"thomas.berner","image":{"@type":"ImageObject","inLanguage":"en-US","@id":"https:\/\/secure.gravatar.com\/avatar\/ac5001d2a36cb6c6cd3e50789007ffca834b477b74a2144564522e944eabff61?s=96&d=mm&r=g","url":"https:\/\/secure.gravatar.com\/avatar\/ac5001d2a36cb6c6cd3e50789007ffca834b477b74a2144564522e944eabff61?s=96&d=mm&r=g","contentUrl":"https:\/\/secure.gravatar.com\/avatar\/ac5001d2a36cb6c6cd3e50789007ffca834b477b74a2144564522e944eabff61?s=96&d=mm&r=g","caption":"thomas.berner"},"url":"https:\/\/www.organisator.ch\/en\/author\/thomas-berner\/"}]}},"_links":{"self":[{"href":"https:\/\/www.organisator.ch\/en\/wp-json\/wp\/v2\/posts\/12780","targetHints":{"allow":["GET"]}}],"collection":[{"href":"https:\/\/www.organisator.ch\/en\/wp-json\/wp\/v2\/posts"}],"about":[{"href":"https:\/\/www.organisator.ch\/en\/wp-json\/wp\/v2\/types\/post"}],"author":[{"embeddable":true,"href":"https:\/\/www.organisator.ch\/en\/wp-json\/wp\/v2\/users\/4"}],"replies":[{"embeddable":true,"href":"https:\/\/www.organisator.ch\/en\/wp-json\/wp\/v2\/comments?post=12780"}],"version-history":[{"count":1,"href":"https:\/\/www.organisator.ch\/en\/wp-json\/wp\/v2\/posts\/12780\/revisions"}],"predecessor-version":[{"id":12782,"href":"https:\/\/www.organisator.ch\/en\/wp-json\/wp\/v2\/posts\/12780\/revisions\/12782"}],"wp:featuredmedia":[{"embeddable":true,"href":"https:\/\/www.organisator.ch\/en\/wp-json\/wp\/v2\/media\/12781"}],"wp:attachment":[{"href":"https:\/\/www.organisator.ch\/en\/wp-json\/wp\/v2\/media?parent=12780"}],"wp:term":[{"taxonomy":"category","embeddable":true,"href":"https:\/\/www.organisator.ch\/en\/wp-json\/wp\/v2\/categories?post=12780"},{"taxonomy":"post_tag","embeddable":true,"href":"https:\/\/www.organisator.ch\/en\/wp-json\/wp\/v2\/tags?post=12780"}],"curies":[{"name":"wp","href":"https:\/\/api.w.org\/{rel}","templated":true}]}}