{"id":12814,"date":"2022-05-06T13:48:02","date_gmt":"2022-05-06T11:48:02","guid":{"rendered":"https:\/\/www.m-q.ch\/?p=16332"},"modified":"2022-08-02T12:18:43","modified_gmt":"2022-08-02T10:18:43","slug":"cyber-risk-management-bewusstsein-allein-reicht-nicht","status":"publish","type":"post","link":"https:\/\/www.organisator.ch\/en\/operational-excellence\/2022-05-06\/cyber-risk-management-bewusstsein-allein-reicht-nicht\/","title":{"rendered":"Cyber Risk Management: Awareness alone is not enough"},"content":{"rendered":"<figure id=\"attachment_16333\" class=\"wp-caption alignnone\" style=\"width: 680px\" aria-describedby=\"caption-attachment-16333\"><img class=\"alignnone wp-image-16333 size-full\" src=\"https:\/\/www.m-q.ch\/wp-content\/uploads\/2022\/05\/Cyber-Risk-Management-Bewusstsein-allein-reicht-nicht_MQ.jpg\" alt=\"Cyber Risk\" width=\"680\" height=\"454\" \/><figcaption id=\"caption-attachment-16333\" class=\"wp-caption-text\">According to a study, many companies still take cyber risk management a bit too lightly. (Image: Unsplash.com)<\/figcaption><\/figure>\r\nSupervisory bodies are increasingly required to fulfill their legal control and supervisory duties also in dealing with cyber risks, according to the findings of a new study on dealing with cyber risks in companies. In addition to the legal obligation, there are also good reasons from a business perspective to invest in cyber risk management, according to the study, which was conducted by the Lucerne University of Applied Sciences and Arts together with the insurer Mobiliar and the business umbrella organization economiesuisse. After all, cyberattacks could cause considerable damage to organizations, which in the worst case could mean heavy fines, a severe loss of reputation, the withdrawal of operating licenses or bankruptcy.\r\n<h2>A ship without a captain: lack of statements on cyber risk readiness<\/h2>\r\nAccording to the study, many companies seem to lack a central foundation for managing cyber risks: None of the organizations surveyed explicitly defined the extent to which cyber risks should be consciously taken in order to achieve business goals. \"From a risk management perspective, it's comparable to a ship that doesn't have a captain,\" says <a href=\"https:\/\/www.m-q.ch\/de\/wie-covid-19-die-rolle-der-risk-manager-veraendert\/\">Stefan Hunziker<\/a>author of the study and head of the Risk &amp; Compliance Management Competence Center at the Lucerne University of Applied Sciences and Arts. Apparently, the development of so-called risk appetite statements causes great difficulty in practice.\r\n\r\nThe HSLU study further shows: in dealing with cyber risks, there is a gap between the technical IT infrastructure level and the organizational level. \"Cyber risks are still understood too strongly as a purely IT issue. Accordingly, they are managed in a decentralized and operational manner and are not integrated enough into enterprise-wide risk management,\" explains Hunziker. Here, a discrepancy between the relevance of risk (awareness) and \"risk governance\" can be observed. \"This circumstance prevents a consistent comparison - and thus also a meaningful prioritization - of cyber risks and other risk categories at top management level,\" says the expert. As a first step in the right direction, he recommends fostering collaboration between the chief information security officer (CISO) and risk manager. \"Because this is primarily where the bridge is built between technical cybersecurity and business risk management,\" Hunziker says.\r\n<h2>People\" as a risk factor: additional investments required<\/h2>\r\nOften, the simplest and equally effective measures for dealing with cyber risks are still neglected. Stefan Hunziker: \"The definition of cyber risks may therefore also be somewhat misleading, as many causes of risk are not to be found in cyber space, but in human misconduct.\" The analogy with medicine is helpful: there, it has long been known that correct human behavior prevents the transmission of diseases. Regular disinfection, disciplined hand washing and keeping a distance have been established behaviors - at least since the outbreak of the Corona pandemic. The present study confirms that the \"human factor,\" or human behavior, is still too little addressed in the area of cybersecurity compared with technical measures. \"The 'human factor' makes up only one element in the continuous improvement process of cybersecurity, but it is a very important one,\" Hunziker said. Human behavior in dealing with cybersecurity should be trained so that it becomes as natural and \"normal\" as sneezing into the crook of your arm.\r\n<h2>Cyber Risk Management and Cloud Migration<\/h2>\r\nMany cyber risks are caused by cloud usage. This makes it all the more important for organizations to plan their move to the cloud well and accompany it with appropriate measures. \"The creation of a clear strategy is at the very beginning of a well-planned migration to the cloud,\" says Armand Portmann, author of the study and head of Information &amp; Cyber Security | Privacy at the Department of Computer Science at the Lucerne University of Applied Sciences and Arts. Fortunately, the majority of the organizations surveyed have such a document, which describes the framework conditions for the introduction and use of cloud services. This allows the conclusion to be drawn that the topic of cloud computing now also enjoys attention in the management bodies. \"There is an awareness that the use of cloud services is associated with risks,\" says Armand Portmann.\r\n\r\nWhen it comes to naming the risks involved in using cloud services, however, the organizations surveyed are not at a loss for answers. \"Among the top three are loss of confidentiality, or breach of data protection, dependency on the cloud service provider and issues of liability,\" explains Fernand Dubler, study author and research associate at the Lucerne University of Applied Sciences and Arts. The topic is complex. Therefore, he says, it is not surprising that the measures needed to mitigate these risks are not straightforward. Dubler adds, \"These measures are extremely diverse and must be developed individually from the specific outsourcing situation. This often poses very significant challenges for the organizations concerned.\"\r\n\r\n<em>Source and further information: <a href=\"http:\/\/www.hslu.ch\/\">Lucerne University<\/a><\/em>\n<p class=\"syndicated-attribution\">This article originally appeared on m-q.ch - <a href=\"https:\/\/www.m-q.ch\/de\/cyber-risk-management-bewusstsein-allein-reicht-nicht\/\" target=\"_blank\">https:\/\/www.m-q.ch\/de\/cyber-risk-management-bewusstsein-allein-reicht-nicht\/<\/a><\/p>","protected":false},"excerpt":{"rendered":"<p>Aufsichtsorgane seien zunehmend gefordert, ihre rechtlichen Kontroll- und Aufsichtspflichten auch im Umgang mit Cyber-Risiken wahrzunehmen, so die Erkenntnisse einer neuen Studie zum Umgang mit Cyberrisiken in Unternehmen. Nebst der rechtlichen Verpflichtung gebe es aber auch aus betriebswirtschaftlicher Sicht gute Gr\u00fcnde, in das Cyber Risk Management zu investieren, so die Studie weiter, die von der Hochschule [\u2026]<\/p>\n","protected":false},"author":8,"featured_media":0,"comment_status":"closed","ping_status":"closed","sticky":false,"template":"","format":"standard","meta":{"_acf_changed":false,"_yoast_wpseo_focuskw":"Cyber Risk","_yoast_wpseo_metadesc":"Schweizer Unternehmen integrieren Cyber-Risiken zu wenig stark ins Risikomanagement. Das zeigt eine gemeinsame Studie der Hochschule Luzern, der Mobiliar und der economiesuisse.","articlekey":"","footnotes":""},"categories":[582],"tags":[3247],"class_list":["post-12814","post","type-post","status-publish","format-standard","hentry","category-operational-excellence","tag-cyber-risk"],"acf":[],"yoast_head":"<!-- This site is optimized with the Yoast SEO plugin v27.5 - https:\/\/yoast.com\/product\/yoast-seo-wordpress\/ -->\n<title>Cyber Risk Management: Bewusstsein allein reicht nicht - Organisator<\/title>\n<meta name=\"description\" content=\"Schweizer Unternehmen integrieren Cyber-Risiken zu wenig stark ins Risikomanagement. Das zeigt eine gemeinsame Studie der Hochschule Luzern, der Mobiliar und der economiesuisse.\" \/>\n<meta name=\"robots\" content=\"index, follow, max-snippet:-1, max-image-preview:large, max-video-preview:-1\" \/>\n<link rel=\"canonical\" href=\"https:\/\/www.m-q.ch\/de\/cyber-risk-management-bewusstsein-allein-reicht-nicht\/\" \/>\n<meta property=\"og:locale\" content=\"en_US\" \/>\n<meta property=\"og:type\" content=\"article\" \/>\n<meta property=\"og:title\" content=\"Cyber Risk Management: Bewusstsein allein reicht nicht - Organisator\" \/>\n<meta property=\"og:description\" content=\"Schweizer Unternehmen integrieren Cyber-Risiken zu wenig stark ins Risikomanagement. Das zeigt eine gemeinsame Studie der Hochschule Luzern, der Mobiliar und der economiesuisse.\" \/>\n<meta property=\"og:url\" content=\"https:\/\/www.m-q.ch\/de\/cyber-risk-management-bewusstsein-allein-reicht-nicht\/\" \/>\n<meta property=\"og:site_name\" content=\"Organisator\" \/>\n<meta property=\"article:publisher\" content=\"https:\/\/www.facebook.com\/OrganisatorFachmagazin\" \/>\n<meta property=\"article:published_time\" content=\"2022-05-06T11:48:02+00:00\" \/>\n<meta property=\"article:modified_time\" content=\"2022-08-02T10:18:43+00:00\" \/>\n<meta property=\"og:image\" content=\"https:\/\/www.m-q.ch\/wp-content\/uploads\/2022\/05\/Cyber-Risk-Management-Bewusstsein-allein-reicht-nicht_MQ.jpg\" \/>\n<meta name=\"author\" content=\"galledia\" \/>\n<meta name=\"twitter:card\" content=\"summary_large_image\" \/>\n<meta name=\"twitter:creator\" content=\"@admin\" \/>\n<script type=\"application\/ld+json\" class=\"yoast-schema-graph\">{\"@context\":\"https:\\\/\\\/schema.org\",\"@graph\":[{\"@type\":\"Article\",\"@id\":\"https:\\\/\\\/www.m-q.ch\\\/de\\\/cyber-risk-management-bewusstsein-allein-reicht-nicht\\\/#article\",\"isPartOf\":{\"@id\":\"https:\\\/\\\/www.organisator.ch\\\/operational-excellence\\\/2022-05-06\\\/cyber-risk-management-bewusstsein-allein-reicht-nicht\\\/\"},\"author\":{\"name\":\"galledia\",\"@id\":\"https:\\\/\\\/www.organisator.ch\\\/#\\\/schema\\\/person\\\/4e51799071cd2dd1232ac003643ef5f0\"},\"headline\":\"Cyber Risk Management: Bewusstsein allein reicht nicht\",\"datePublished\":\"2022-05-06T11:48:02+00:00\",\"dateModified\":\"2022-08-02T10:18:43+00:00\",\"mainEntityOfPage\":{\"@id\":\"https:\\\/\\\/www.organisator.ch\\\/operational-excellence\\\/2022-05-06\\\/cyber-risk-management-bewusstsein-allein-reicht-nicht\\\/\"},\"wordCount\":747,\"publisher\":{\"@id\":\"https:\\\/\\\/www.organisator.ch\\\/#organization\"},\"image\":{\"@id\":\"https:\\\/\\\/www.m-q.ch\\\/de\\\/cyber-risk-management-bewusstsein-allein-reicht-nicht\\\/#primaryimage\"},\"thumbnailUrl\":\"https:\\\/\\\/www.m-q.ch\\\/wp-content\\\/uploads\\\/2022\\\/05\\\/Cyber-Risk-Management-Bewusstsein-allein-reicht-nicht_MQ.jpg\",\"keywords\":[\"Cyber Risk\"],\"articleSection\":[\"OPERATIONAL EXCELLENCE\"],\"inLanguage\":\"en-US\"},{\"@type\":\"WebPage\",\"@id\":\"https:\\\/\\\/www.organisator.ch\\\/operational-excellence\\\/2022-05-06\\\/cyber-risk-management-bewusstsein-allein-reicht-nicht\\\/\",\"url\":\"https:\\\/\\\/www.m-q.ch\\\/de\\\/cyber-risk-management-bewusstsein-allein-reicht-nicht\\\/\",\"name\":\"Cyber Risk Management: Bewusstsein allein reicht nicht - Organisator\",\"isPartOf\":{\"@id\":\"https:\\\/\\\/www.organisator.ch\\\/#website\"},\"primaryImageOfPage\":{\"@id\":\"https:\\\/\\\/www.m-q.ch\\\/de\\\/cyber-risk-management-bewusstsein-allein-reicht-nicht\\\/#primaryimage\"},\"image\":{\"@id\":\"https:\\\/\\\/www.m-q.ch\\\/de\\\/cyber-risk-management-bewusstsein-allein-reicht-nicht\\\/#primaryimage\"},\"thumbnailUrl\":\"https:\\\/\\\/www.m-q.ch\\\/wp-content\\\/uploads\\\/2022\\\/05\\\/Cyber-Risk-Management-Bewusstsein-allein-reicht-nicht_MQ.jpg\",\"datePublished\":\"2022-05-06T11:48:02+00:00\",\"dateModified\":\"2022-08-02T10:18:43+00:00\",\"description\":\"Schweizer Unternehmen integrieren Cyber-Risiken zu wenig stark ins Risikomanagement. Das zeigt eine gemeinsame Studie der Hochschule Luzern, der Mobiliar und der economiesuisse.\",\"breadcrumb\":{\"@id\":\"https:\\\/\\\/www.m-q.ch\\\/de\\\/cyber-risk-management-bewusstsein-allein-reicht-nicht\\\/#breadcrumb\"},\"inLanguage\":\"en-US\",\"potentialAction\":[{\"@type\":\"ReadAction\",\"target\":[\"https:\\\/\\\/www.m-q.ch\\\/de\\\/cyber-risk-management-bewusstsein-allein-reicht-nicht\\\/\"]}]},{\"@type\":\"ImageObject\",\"inLanguage\":\"en-US\",\"@id\":\"https:\\\/\\\/www.m-q.ch\\\/de\\\/cyber-risk-management-bewusstsein-allein-reicht-nicht\\\/#primaryimage\",\"url\":\"https:\\\/\\\/www.m-q.ch\\\/wp-content\\\/uploads\\\/2022\\\/05\\\/Cyber-Risk-Management-Bewusstsein-allein-reicht-nicht_MQ.jpg\",\"contentUrl\":\"https:\\\/\\\/www.m-q.ch\\\/wp-content\\\/uploads\\\/2022\\\/05\\\/Cyber-Risk-Management-Bewusstsein-allein-reicht-nicht_MQ.jpg\"},{\"@type\":\"BreadcrumbList\",\"@id\":\"https:\\\/\\\/www.m-q.ch\\\/de\\\/cyber-risk-management-bewusstsein-allein-reicht-nicht\\\/#breadcrumb\",\"itemListElement\":[{\"@type\":\"ListItem\",\"position\":1,\"name\":\"Home\",\"item\":\"https:\\\/\\\/www.organisator.ch\\\/\"},{\"@type\":\"ListItem\",\"position\":2,\"name\":\"Cyber Risk Management: Bewusstsein allein reicht nicht\"}]},{\"@type\":\"WebSite\",\"@id\":\"https:\\\/\\\/www.organisator.ch\\\/#website\",\"url\":\"https:\\\/\\\/www.organisator.ch\\\/\",\"name\":\"Organisator\",\"description\":\"Kompetent. Praxisnah. Der ORGANISATOR bereitet in 10 Ausgaben pro Jahr die wesentlichen Themen f\u00fcr F\u00fchrungskr\u00e4fte von KMU auf.\",\"publisher\":{\"@id\":\"https:\\\/\\\/www.organisator.ch\\\/#organization\"},\"potentialAction\":[{\"@type\":\"SearchAction\",\"target\":{\"@type\":\"EntryPoint\",\"urlTemplate\":\"https:\\\/\\\/www.organisator.ch\\\/?s={search_term_string}\"},\"query-input\":{\"@type\":\"PropertyValueSpecification\",\"valueRequired\":true,\"valueName\":\"search_term_string\"}}],\"inLanguage\":\"en-US\"},{\"@type\":\"Organization\",\"@id\":\"https:\\\/\\\/www.organisator.ch\\\/#organization\",\"name\":\"Organisator\",\"url\":\"https:\\\/\\\/www.organisator.ch\\\/\",\"logo\":{\"@type\":\"ImageObject\",\"inLanguage\":\"en-US\",\"@id\":\"https:\\\/\\\/www.organisator.ch\\\/#\\\/schema\\\/logo\\\/image\\\/\",\"url\":\"https:\\\/\\\/www.organisator.ch\\\/wp-content\\\/uploads\\\/2022\\\/01\\\/Logo_Organisator_Website.png\",\"contentUrl\":\"https:\\\/\\\/www.organisator.ch\\\/wp-content\\\/uploads\\\/2022\\\/01\\\/Logo_Organisator_Website.png\",\"width\":800,\"height\":77,\"caption\":\"Organisator\"},\"image\":{\"@id\":\"https:\\\/\\\/www.organisator.ch\\\/#\\\/schema\\\/logo\\\/image\\\/\"},\"sameAs\":[\"https:\\\/\\\/www.facebook.com\\\/OrganisatorFachmagazin\",\"https:\\\/\\\/www.linkedin.com\\\/showcase\\\/organisator-das-magazin-fr-kmu\",\"https:\\\/\\\/www.xing.com\\\/news\\\/pages\\\/organisator-ch-695\",\"https:\\\/\\\/www.youtube.com\\\/channel\\\/UCGP2Sq0iWaZwT3BdIAQFYpw\"]},{\"@type\":\"Person\",\"@id\":\"https:\\\/\\\/www.organisator.ch\\\/#\\\/schema\\\/person\\\/4e51799071cd2dd1232ac003643ef5f0\",\"name\":\"galledia\",\"image\":{\"@type\":\"ImageObject\",\"inLanguage\":\"en-US\",\"@id\":\"https:\\\/\\\/secure.gravatar.com\\\/avatar\\\/78a7f90c01fc2bfc875782a0d4922b37cde2cf184ce347b91316d23cd7f69a36?s=96&d=mm&r=g\",\"url\":\"https:\\\/\\\/secure.gravatar.com\\\/avatar\\\/78a7f90c01fc2bfc875782a0d4922b37cde2cf184ce347b91316d23cd7f69a36?s=96&d=mm&r=g\",\"contentUrl\":\"https:\\\/\\\/secure.gravatar.com\\\/avatar\\\/78a7f90c01fc2bfc875782a0d4922b37cde2cf184ce347b91316d23cd7f69a36?s=96&d=mm&r=g\",\"caption\":\"galledia\"},\"sameAs\":[\"https:\\\/\\\/x.com\\\/admin\"],\"url\":\"https:\\\/\\\/www.organisator.ch\\\/en\\\/author\\\/galledia\\\/\"}]}<\/script>\n<!-- \/ Yoast SEO plugin. -->","yoast_head_json":{"title":"Cyber Risk Management: Awareness alone is not enough - Organizer","description":"Swiss companies do not integrate cyber risks into their risk management to a sufficient extent. This is the result of a joint study by the Lucerne University of Applied Sciences and Arts, Mobiliar and economiesuisse.","robots":{"index":"index","follow":"follow","max-snippet":"max-snippet:-1","max-image-preview":"max-image-preview:large","max-video-preview":"max-video-preview:-1"},"canonical":"https:\/\/www.m-q.ch\/de\/cyber-risk-management-bewusstsein-allein-reicht-nicht\/","og_locale":"en_US","og_type":"article","og_title":"Cyber Risk Management: Bewusstsein allein reicht nicht - Organisator","og_description":"Schweizer Unternehmen integrieren Cyber-Risiken zu wenig stark ins Risikomanagement. Das zeigt eine gemeinsame Studie der Hochschule Luzern, der Mobiliar und der economiesuisse.","og_url":"https:\/\/www.m-q.ch\/de\/cyber-risk-management-bewusstsein-allein-reicht-nicht\/","og_site_name":"Organisator","article_publisher":"https:\/\/www.facebook.com\/OrganisatorFachmagazin","article_published_time":"2022-05-06T11:48:02+00:00","article_modified_time":"2022-08-02T10:18:43+00:00","og_image":[{"url":"https:\/\/www.m-q.ch\/wp-content\/uploads\/2022\/05\/Cyber-Risk-Management-Bewusstsein-allein-reicht-nicht_MQ.jpg","type":"","width":"","height":""}],"author":"galledia","twitter_card":"summary_large_image","twitter_creator":"@admin","schema":{"@context":"https:\/\/schema.org","@graph":[{"@type":"Article","@id":"https:\/\/www.m-q.ch\/de\/cyber-risk-management-bewusstsein-allein-reicht-nicht\/#article","isPartOf":{"@id":"https:\/\/www.organisator.ch\/operational-excellence\/2022-05-06\/cyber-risk-management-bewusstsein-allein-reicht-nicht\/"},"author":{"name":"galledia","@id":"https:\/\/www.organisator.ch\/#\/schema\/person\/4e51799071cd2dd1232ac003643ef5f0"},"headline":"Cyber Risk Management: Bewusstsein allein reicht nicht","datePublished":"2022-05-06T11:48:02+00:00","dateModified":"2022-08-02T10:18:43+00:00","mainEntityOfPage":{"@id":"https:\/\/www.organisator.ch\/operational-excellence\/2022-05-06\/cyber-risk-management-bewusstsein-allein-reicht-nicht\/"},"wordCount":747,"publisher":{"@id":"https:\/\/www.organisator.ch\/#organization"},"image":{"@id":"https:\/\/www.m-q.ch\/de\/cyber-risk-management-bewusstsein-allein-reicht-nicht\/#primaryimage"},"thumbnailUrl":"https:\/\/www.m-q.ch\/wp-content\/uploads\/2022\/05\/Cyber-Risk-Management-Bewusstsein-allein-reicht-nicht_MQ.jpg","keywords":["Cyber Risk"],"articleSection":["OPERATIONAL EXCELLENCE"],"inLanguage":"en-US"},{"@type":"WebPage","@id":"https:\/\/www.organisator.ch\/operational-excellence\/2022-05-06\/cyber-risk-management-bewusstsein-allein-reicht-nicht\/","url":"https:\/\/www.m-q.ch\/de\/cyber-risk-management-bewusstsein-allein-reicht-nicht\/","name":"Cyber Risk Management: Awareness alone is not enough - Organizer","isPartOf":{"@id":"https:\/\/www.organisator.ch\/#website"},"primaryImageOfPage":{"@id":"https:\/\/www.m-q.ch\/de\/cyber-risk-management-bewusstsein-allein-reicht-nicht\/#primaryimage"},"image":{"@id":"https:\/\/www.m-q.ch\/de\/cyber-risk-management-bewusstsein-allein-reicht-nicht\/#primaryimage"},"thumbnailUrl":"https:\/\/www.m-q.ch\/wp-content\/uploads\/2022\/05\/Cyber-Risk-Management-Bewusstsein-allein-reicht-nicht_MQ.jpg","datePublished":"2022-05-06T11:48:02+00:00","dateModified":"2022-08-02T10:18:43+00:00","description":"Swiss companies do not integrate cyber risks into their risk management to a sufficient extent. This is the result of a joint study by the Lucerne University of Applied Sciences and Arts, Mobiliar and economiesuisse.","breadcrumb":{"@id":"https:\/\/www.m-q.ch\/de\/cyber-risk-management-bewusstsein-allein-reicht-nicht\/#breadcrumb"},"inLanguage":"en-US","potentialAction":[{"@type":"ReadAction","target":["https:\/\/www.m-q.ch\/de\/cyber-risk-management-bewusstsein-allein-reicht-nicht\/"]}]},{"@type":"ImageObject","inLanguage":"en-US","@id":"https:\/\/www.m-q.ch\/de\/cyber-risk-management-bewusstsein-allein-reicht-nicht\/#primaryimage","url":"https:\/\/www.m-q.ch\/wp-content\/uploads\/2022\/05\/Cyber-Risk-Management-Bewusstsein-allein-reicht-nicht_MQ.jpg","contentUrl":"https:\/\/www.m-q.ch\/wp-content\/uploads\/2022\/05\/Cyber-Risk-Management-Bewusstsein-allein-reicht-nicht_MQ.jpg"},{"@type":"BreadcrumbList","@id":"https:\/\/www.m-q.ch\/de\/cyber-risk-management-bewusstsein-allein-reicht-nicht\/#breadcrumb","itemListElement":[{"@type":"ListItem","position":1,"name":"Home","item":"https:\/\/www.organisator.ch\/"},{"@type":"ListItem","position":2,"name":"Cyber Risk Management: Bewusstsein allein reicht nicht"}]},{"@type":"WebSite","@id":"https:\/\/www.organisator.ch\/#website","url":"https:\/\/www.organisator.ch\/","name":"Organizer","description":"Competent. Practical. In 10 issues per year, ORGANISATOR presents the essential topics for managers of SMEs.","publisher":{"@id":"https:\/\/www.organisator.ch\/#organization"},"potentialAction":[{"@type":"SearchAction","target":{"@type":"EntryPoint","urlTemplate":"https:\/\/www.organisator.ch\/?s={search_term_string}"},"query-input":{"@type":"PropertyValueSpecification","valueRequired":true,"valueName":"search_term_string"}}],"inLanguage":"en-US"},{"@type":"Organization","@id":"https:\/\/www.organisator.ch\/#organization","name":"Organizer","url":"https:\/\/www.organisator.ch\/","logo":{"@type":"ImageObject","inLanguage":"en-US","@id":"https:\/\/www.organisator.ch\/#\/schema\/logo\/image\/","url":"https:\/\/www.organisator.ch\/wp-content\/uploads\/2022\/01\/Logo_Organisator_Website.png","contentUrl":"https:\/\/www.organisator.ch\/wp-content\/uploads\/2022\/01\/Logo_Organisator_Website.png","width":800,"height":77,"caption":"Organisator"},"image":{"@id":"https:\/\/www.organisator.ch\/#\/schema\/logo\/image\/"},"sameAs":["https:\/\/www.facebook.com\/OrganisatorFachmagazin","https:\/\/www.linkedin.com\/showcase\/organisator-das-magazin-fr-kmu","https:\/\/www.xing.com\/news\/pages\/organisator-ch-695","https:\/\/www.youtube.com\/channel\/UCGP2Sq0iWaZwT3BdIAQFYpw"]},{"@type":"Person","@id":"https:\/\/www.organisator.ch\/#\/schema\/person\/4e51799071cd2dd1232ac003643ef5f0","name":"galledia","image":{"@type":"ImageObject","inLanguage":"en-US","@id":"https:\/\/secure.gravatar.com\/avatar\/78a7f90c01fc2bfc875782a0d4922b37cde2cf184ce347b91316d23cd7f69a36?s=96&d=mm&r=g","url":"https:\/\/secure.gravatar.com\/avatar\/78a7f90c01fc2bfc875782a0d4922b37cde2cf184ce347b91316d23cd7f69a36?s=96&d=mm&r=g","contentUrl":"https:\/\/secure.gravatar.com\/avatar\/78a7f90c01fc2bfc875782a0d4922b37cde2cf184ce347b91316d23cd7f69a36?s=96&d=mm&r=g","caption":"galledia"},"sameAs":["https:\/\/x.com\/admin"],"url":"https:\/\/www.organisator.ch\/en\/author\/galledia\/"}]}},"_links":{"self":[{"href":"https:\/\/www.organisator.ch\/en\/wp-json\/wp\/v2\/posts\/12814","targetHints":{"allow":["GET"]}}],"collection":[{"href":"https:\/\/www.organisator.ch\/en\/wp-json\/wp\/v2\/posts"}],"about":[{"href":"https:\/\/www.organisator.ch\/en\/wp-json\/wp\/v2\/types\/post"}],"author":[{"embeddable":true,"href":"https:\/\/www.organisator.ch\/en\/wp-json\/wp\/v2\/users\/8"}],"replies":[{"embeddable":true,"href":"https:\/\/www.organisator.ch\/en\/wp-json\/wp\/v2\/comments?post=12814"}],"version-history":[{"count":4,"href":"https:\/\/www.organisator.ch\/en\/wp-json\/wp\/v2\/posts\/12814\/revisions"}],"predecessor-version":[{"id":16136,"href":"https:\/\/www.organisator.ch\/en\/wp-json\/wp\/v2\/posts\/12814\/revisions\/16136"}],"wp:attachment":[{"href":"https:\/\/www.organisator.ch\/en\/wp-json\/wp\/v2\/media?parent=12814"}],"wp:term":[{"taxonomy":"category","embeddable":true,"href":"https:\/\/www.organisator.ch\/en\/wp-json\/wp\/v2\/categories?post=12814"},{"taxonomy":"post_tag","embeddable":true,"href":"https:\/\/www.organisator.ch\/en\/wp-json\/wp\/v2\/tags?post=12814"}],"curies":[{"name":"wp","href":"https:\/\/api.w.org\/{rel}","templated":true}]}}