{"id":12819,"date":"2022-05-09T08:30:05","date_gmt":"2022-05-09T06:30:05","guid":{"rendered":"https:\/\/www.organisator.ch\/?p=12819"},"modified":"2022-05-09T08:30:05","modified_gmt":"2022-05-09T06:30:05","slug":"wuerth-ag-celebrates-60th-anniversary","status":"publish","type":"post","link":"https:\/\/www.organisator.ch\/en\/management\/2022-05-09\/wuerth-ag-feiert-60-jaehriges-jubilaeum\/","title":{"rendered":"W\u00fcrth AG celebrates 60th anniversary"},"content":{"rendered":"<figure id=\"attachment_12820\" aria-describedby=\"caption-attachment-12820\" style=\"width: 680px\" class=\"wp-caption alignnone\"><img loading=\"lazy\" decoding=\"async\" class=\"size-full wp-image-12820\" src=\"https:\/\/www.organisator.ch\/wp-content\/uploads\/2022\/05\/Wuerth-AG-feiert-60-jaehriges-Jubilaeum_Organisator.jpg\" alt=\"\" width=\"680\" height=\"453\" srcset=\"https:\/\/www.organisator.ch\/wp-content\/uploads\/2022\/05\/Wuerth-AG-feiert-60-jaehriges-Jubilaeum_Organisator.jpg 680w, https:\/\/www.organisator.ch\/wp-content\/uploads\/2022\/05\/Wuerth-AG-feiert-60-jaehriges-Jubilaeum_Organisator-18x12.jpg 18w, https:\/\/www.organisator.ch\/wp-content\/uploads\/2022\/05\/Wuerth-AG-feiert-60-jaehriges-Jubilaeum_Organisator-263x175.jpg 263w, https:\/\/www.organisator.ch\/wp-content\/uploads\/2022\/05\/Wuerth-AG-feiert-60-jaehriges-Jubilaeum_Organisator-525x350.jpg 525w, https:\/\/www.organisator.ch\/wp-content\/uploads\/2022\/05\/Wuerth-AG-feiert-60-jaehriges-Jubilaeum_Organisator-300x200.jpg 300w\" sizes=\"auto, (max-width: 680px) 100vw, 680px\" \/><figcaption id=\"caption-attachment-12820\" class=\"wp-caption-text\">W\u00fcrth AG with its headquarters in Arlesheim. (Image: zVg \/ W\u00fcrth)<\/figcaption><\/figure>\n<p>W\u00fcrth AG has been supplying craftsmen in all sectors with quality products and coordinated system solutions for the workshop, the warehouse and on the road for 60 years now. Reinhold W\u00fcrth, a trained wholesaler and retailer, took over the management of the Adolf W\u00fcrth screw wholesaler based in K\u00fcnzelsau, Germany, after the unexpected death of his father in 1954 at the age of just 19. Today, the international W\u00fcrth Group claims to be the world market leader in the development, manufacture and sale of assembly and fastening materials. In addition, trading and production companies, the Allied Companies, are active in related business fields. These include, for example, electrical wholesale or the electronics sector through to financial services. The Group employs more than 83,000 people in over 400 companies with over 2,400 branches in more than 80 countries worldwide.<\/p>\n<h3>W\u00fcrth AG in Switzerland<\/h3>\n<p>Even as a child, Reinhold W\u00fcrth had been able to accompany his father on sales trips to Austria and Switzerland. This paved the way for the expansion of the business field. In an interview in January 2022, Prof. Dr. h. c. mult. Reinhold W\u00fcrth, Chairman of the Supervisory Board of the W\u00fcrth Group's Family Trusts, what his fondest memory of the founding period is: \"Those were my own trips to the Swiss Confederation to help set up the sales force organization and canvass customers.\" But he also has fond memories of private matters: \"As a passionate skier, I was in Davos almost every winter season for 40 years. Today, at the age of 86, I treasure the memories of the descents from the Weissfluh summit to K\u00fcblis with a difference in altitude of 2,000 meters.\"<\/p>\n<h3>From a two-man business to a wholesale company<\/h3>\n<p>The first employees of Schrauben W\u00fcrth GmbH were true pioneers. Virtually from nowhere, they conquered new territories with their pointing book and order pad - with success. Schrauben W\u00fcrth GmbH grew rapidly and as early as 1966, sales exceeded 1 million Swiss francs. In 1979, the 10 million franc sales mark was cracked. Anno 1983 the transformation from W\u00fcrth GmbH to W\u00fcrth AG took place. W\u00fcrth AG moved into its current headquarters in Arlesheim in 1985. In 2003, the administration and sales center was expanded by two large warehouses, an office wing and the architecturally sophisticated Forum W\u00fcrth, where art and culture moved in. In 2021, W\u00fcrth AG generated annual sales of around CHF 183.5 million. Among other things, W\u00fcrth AG attributes this to its successful multi-channel strategy, through which customers are reached via all customer contact points.<\/p>\n<h3>Proximity to customers as a success factor<\/h3>\n<p>According to W\u00fcrth AG, it is optimism, dynamism, appreciation of employees and commitment to customers that have shaped and continue to shape the corporate culture in Switzerland. The ability to constantly reinvent the business, the products and W\u00fcrth itself are the factors behind the outstanding success story that W\u00fcrth AG has been writing for 60 years now.<\/p>\n<p>W\u00fcrth also began to develop its own products in 1975. ORSY\u00ae, ASSY\u00ae, ZEBRA\u00ae and M-CUBE\u00ae today stand for functionality, durability and high quality. More than 400 sales staff, 43 tradesmen stores, the online store and the W\u00fcrth App with the Click&amp;Collect function ensure great proximity to customers. For the past year, W\u00fcrth AG customers have also been able to collect points with every purchase and redeem them for attractive rewards. E-business as part of the multi-channel strategy will continue to grow in importance in the future. And company patron Prof. Dr. h. c. mult. Reinhold W\u00fcrth promises: \"You can be sure that the employees of W\u00fcrth AG will continue to go to great lengths in the future to fulfill the wishes of our customers and to provide service in the true sense of the word, namely to serve and to perform.\"<\/p>\n<p><em>More information: <a href=\"https:\/\/www.wuerth-ag.ch\/de\/ch\/home\">www.wuerth-ag.ch<\/a><\/em><\/p>","protected":false},"excerpt":{"rendered":"<p>Die W\u00fcrth AG beliefert Handwerker aller Branchen mit Qualit\u00e4tsprodukten und aufeinander abgestimmten Systeml\u00f6sungen rund um Werkstatt, Lager und f\u00fcr unterwegs, und dies seit nunmehr 60 Jahren. Der gelernte Gross- und Einzelhandelskaufmann Reinhold W\u00fcrth \u00fcbernahm nach dem \u00fcberraschenden Tod seines Vaters 1954 im Alter von nur 19 Jahren die Gesch\u00e4ftsleitung der Schraubengrosshandlung Adolf W\u00fcrth mit Sitz [&hellip;]<\/p>\n","protected":false},"author":4,"featured_media":12820,"comment_status":"closed","ping_status":"closed","sticky":false,"template":"","format":"standard","meta":{"_acf_changed":false,"_yoast_wpseo_focuskw":"W\u00fcrth AG","_yoast_wpseo_metadesc":"Aus einem Zweimannbetrieb ist in 60 Jahren die W\u00fcrth AG mit 750 Mitarbeitenden, 43 Handwerker-Shops und \u00fcber 150'000 Produkten entstanden.","articlekey":"","footnotes":""},"categories":[28],"tags":[206,335,492],"class_list":["post-12819","post","type-post","status-publish","format-standard","has-post-thumbnail","hentry","category-management","tag-firmenjubilaeum","tag-management-und-unternehmensfuehrung","tag-unternehmen"],"acf":[],"yoast_head":"<!-- This site is optimized with the Yoast SEO plugin v27.5 - https:\/\/yoast.com\/product\/yoast-seo-wordpress\/ -->\n<title>W\u00fcrth AG feiert 60-j\u00e4hriges Jubil\u00e4um - Organisator<\/title>\n<meta name=\"description\" content=\"Aus einem Zweimannbetrieb ist in 60 Jahren die W\u00fcrth AG mit 750 Mitarbeitenden, 43 Handwerker-Shops und \u00fcber 150&#039;000 Produkten entstanden.\" \/>\n<meta name=\"robots\" content=\"index, follow, max-snippet:-1, max-image-preview:large, max-video-preview:-1\" \/>\n<link rel=\"canonical\" href=\"https:\/\/www.organisator.ch\/en\/management\/2022-05-09\/wuerth-ag-celebrates-60th-anniversary\/\" \/>\n<meta property=\"og:locale\" content=\"en_US\" \/>\n<meta property=\"og:type\" content=\"article\" \/>\n<meta property=\"og:title\" content=\"W\u00fcrth AG feiert 60-j\u00e4hriges Jubil\u00e4um\" \/>\n<meta property=\"og:description\" content=\"Aus einem Zweimannbetrieb ist in 60 Jahren die W\u00fcrth AG mit 750 Mitarbeitenden, 43 Handwerker-Shops und \u00fcber 150&#039;000 Produkten entstanden.\" \/>\n<meta property=\"og:url\" content=\"https:\/\/www.organisator.ch\/en\/management\/2022-05-09\/wuerth-ag-celebrates-60th-anniversary\/\" \/>\n<meta property=\"og:site_name\" content=\"Organisator\" \/>\n<meta property=\"article:publisher\" content=\"https:\/\/www.facebook.com\/OrganisatorFachmagazin\" \/>\n<meta property=\"article:published_time\" content=\"2022-05-09T06:30:05+00:00\" \/>\n<meta property=\"og:image\" content=\"https:\/\/www.organisator.ch\/wp-content\/uploads\/2022\/05\/Wuerth-AG-feiert-60-jaehriges-Jubilaeum_Organisator.jpg\" \/>\n\t<meta property=\"og:image:width\" content=\"680\" \/>\n\t<meta property=\"og:image:height\" content=\"453\" \/>\n\t<meta property=\"og:image:type\" content=\"image\/jpeg\" \/>\n<meta name=\"author\" content=\"thomas.berner\" \/>\n<meta name=\"twitter:card\" content=\"summary_large_image\" \/>\n<meta name=\"twitter:title\" content=\"#W\u00fcrth AG feiert #60-j\u00e4hriges Jubil\u00e4um\" \/>\n<meta name=\"twitter:description\" content=\"Aus einem #Zweimannbetrieb ist in 60 Jahren die #W\u00fcrth AG mit 750 Mitarbeitenden, 43 #Handwerker-Shops und \u00fcber 150&#039;000 Produkten entstanden.\" \/>\n<meta name=\"twitter:image\" content=\"https:\/\/www.organisator.ch\/wp-content\/uploads\/2022\/05\/Wuerth-AG-feiert-60-jaehriges-Jubilaeum_Organisator.jpg\" \/>\n<script type=\"application\/ld+json\" class=\"yoast-schema-graph\">{\"@context\":\"https:\\\/\\\/schema.org\",\"@graph\":[{\"@type\":\"Article\",\"@id\":\"https:\\\/\\\/www.organisator.ch\\\/management\\\/2022-05-09\\\/wuerth-ag-feiert-60-jaehriges-jubilaeum\\\/#article\",\"isPartOf\":{\"@id\":\"https:\\\/\\\/www.organisator.ch\\\/management\\\/2022-05-09\\\/wuerth-ag-feiert-60-jaehriges-jubilaeum\\\/\"},\"author\":{\"name\":\"thomas.berner\",\"@id\":\"https:\\\/\\\/www.organisator.ch\\\/#\\\/schema\\\/person\\\/6f650f90b2842cd4c0cc334b4e36f67e\"},\"headline\":\"W\u00fcrth AG feiert 60-j\u00e4hriges Jubil\u00e4um\",\"datePublished\":\"2022-05-09T06:30:05+00:00\",\"mainEntityOfPage\":{\"@id\":\"https:\\\/\\\/www.organisator.ch\\\/management\\\/2022-05-09\\\/wuerth-ag-feiert-60-jaehriges-jubilaeum\\\/\"},\"wordCount\":654,\"publisher\":{\"@id\":\"https:\\\/\\\/www.organisator.ch\\\/#organization\"},\"image\":{\"@id\":\"https:\\\/\\\/www.organisator.ch\\\/management\\\/2022-05-09\\\/wuerth-ag-feiert-60-jaehriges-jubilaeum\\\/#primaryimage\"},\"thumbnailUrl\":\"https:\\\/\\\/www.organisator.ch\\\/wp-content\\\/uploads\\\/2022\\\/05\\\/Wuerth-AG-feiert-60-jaehriges-Jubilaeum_Organisator.jpg\",\"keywords\":[\"Firmenjubil\u00e4um\",\"Management und Unternehmensf\u00fchrung\",\"Unternehmen\"],\"articleSection\":[\"MANAGEMENT\"],\"inLanguage\":\"en-US\"},{\"@type\":\"WebPage\",\"@id\":\"https:\\\/\\\/www.organisator.ch\\\/management\\\/2022-05-09\\\/wuerth-ag-feiert-60-jaehriges-jubilaeum\\\/\",\"url\":\"https:\\\/\\\/www.organisator.ch\\\/management\\\/2022-05-09\\\/wuerth-ag-feiert-60-jaehriges-jubilaeum\\\/\",\"name\":\"W\u00fcrth AG feiert 60-j\u00e4hriges Jubil\u00e4um - Organisator\",\"isPartOf\":{\"@id\":\"https:\\\/\\\/www.organisator.ch\\\/#website\"},\"primaryImageOfPage\":{\"@id\":\"https:\\\/\\\/www.organisator.ch\\\/management\\\/2022-05-09\\\/wuerth-ag-feiert-60-jaehriges-jubilaeum\\\/#primaryimage\"},\"image\":{\"@id\":\"https:\\\/\\\/www.organisator.ch\\\/management\\\/2022-05-09\\\/wuerth-ag-feiert-60-jaehriges-jubilaeum\\\/#primaryimage\"},\"thumbnailUrl\":\"https:\\\/\\\/www.organisator.ch\\\/wp-content\\\/uploads\\\/2022\\\/05\\\/Wuerth-AG-feiert-60-jaehriges-Jubilaeum_Organisator.jpg\",\"datePublished\":\"2022-05-09T06:30:05+00:00\",\"description\":\"Aus einem Zweimannbetrieb ist in 60 Jahren die W\u00fcrth AG mit 750 Mitarbeitenden, 43 Handwerker-Shops und \u00fcber 150'000 Produkten entstanden.\",\"breadcrumb\":{\"@id\":\"https:\\\/\\\/www.organisator.ch\\\/management\\\/2022-05-09\\\/wuerth-ag-feiert-60-jaehriges-jubilaeum\\\/#breadcrumb\"},\"inLanguage\":\"en-US\",\"potentialAction\":[{\"@type\":\"ReadAction\",\"target\":[\"https:\\\/\\\/www.organisator.ch\\\/management\\\/2022-05-09\\\/wuerth-ag-feiert-60-jaehriges-jubilaeum\\\/\"]}]},{\"@type\":\"ImageObject\",\"inLanguage\":\"en-US\",\"@id\":\"https:\\\/\\\/www.organisator.ch\\\/management\\\/2022-05-09\\\/wuerth-ag-feiert-60-jaehriges-jubilaeum\\\/#primaryimage\",\"url\":\"https:\\\/\\\/www.organisator.ch\\\/wp-content\\\/uploads\\\/2022\\\/05\\\/Wuerth-AG-feiert-60-jaehriges-Jubilaeum_Organisator.jpg\",\"contentUrl\":\"https:\\\/\\\/www.organisator.ch\\\/wp-content\\\/uploads\\\/2022\\\/05\\\/Wuerth-AG-feiert-60-jaehriges-Jubilaeum_Organisator.jpg\",\"width\":680,\"height\":453,\"caption\":\"Die W\u00fcrth AG mit ihrem Sitz in Arlesheim. (Bild: zVg \\\/ W\u00fcrth)\"},{\"@type\":\"BreadcrumbList\",\"@id\":\"https:\\\/\\\/www.organisator.ch\\\/management\\\/2022-05-09\\\/wuerth-ag-feiert-60-jaehriges-jubilaeum\\\/#breadcrumb\",\"itemListElement\":[{\"@type\":\"ListItem\",\"position\":1,\"name\":\"Home\",\"item\":\"https:\\\/\\\/www.organisator.ch\\\/\"},{\"@type\":\"ListItem\",\"position\":2,\"name\":\"W\u00fcrth AG feiert 60-j\u00e4hriges Jubil\u00e4um\"}]},{\"@type\":\"WebSite\",\"@id\":\"https:\\\/\\\/www.organisator.ch\\\/#website\",\"url\":\"https:\\\/\\\/www.organisator.ch\\\/\",\"name\":\"Organisator\",\"description\":\"Kompetent. Praxisnah. Der ORGANISATOR bereitet in 10 Ausgaben pro Jahr die wesentlichen Themen f\u00fcr F\u00fchrungskr\u00e4fte von KMU auf.\",\"publisher\":{\"@id\":\"https:\\\/\\\/www.organisator.ch\\\/#organization\"},\"potentialAction\":[{\"@type\":\"SearchAction\",\"target\":{\"@type\":\"EntryPoint\",\"urlTemplate\":\"https:\\\/\\\/www.organisator.ch\\\/?s={search_term_string}\"},\"query-input\":{\"@type\":\"PropertyValueSpecification\",\"valueRequired\":true,\"valueName\":\"search_term_string\"}}],\"inLanguage\":\"en-US\"},{\"@type\":\"Organization\",\"@id\":\"https:\\\/\\\/www.organisator.ch\\\/#organization\",\"name\":\"Organisator\",\"url\":\"https:\\\/\\\/www.organisator.ch\\\/\",\"logo\":{\"@type\":\"ImageObject\",\"inLanguage\":\"en-US\",\"@id\":\"https:\\\/\\\/www.organisator.ch\\\/#\\\/schema\\\/logo\\\/image\\\/\",\"url\":\"https:\\\/\\\/www.organisator.ch\\\/wp-content\\\/uploads\\\/2022\\\/01\\\/Logo_Organisator_Website.png\",\"contentUrl\":\"https:\\\/\\\/www.organisator.ch\\\/wp-content\\\/uploads\\\/2022\\\/01\\\/Logo_Organisator_Website.png\",\"width\":800,\"height\":77,\"caption\":\"Organisator\"},\"image\":{\"@id\":\"https:\\\/\\\/www.organisator.ch\\\/#\\\/schema\\\/logo\\\/image\\\/\"},\"sameAs\":[\"https:\\\/\\\/www.facebook.com\\\/OrganisatorFachmagazin\",\"https:\\\/\\\/www.linkedin.com\\\/showcase\\\/organisator-das-magazin-fr-kmu\",\"https:\\\/\\\/www.xing.com\\\/news\\\/pages\\\/organisator-ch-695\",\"https:\\\/\\\/www.youtube.com\\\/channel\\\/UCGP2Sq0iWaZwT3BdIAQFYpw\"]},{\"@type\":\"Person\",\"@id\":\"https:\\\/\\\/www.organisator.ch\\\/#\\\/schema\\\/person\\\/6f650f90b2842cd4c0cc334b4e36f67e\",\"name\":\"thomas.berner\",\"image\":{\"@type\":\"ImageObject\",\"inLanguage\":\"en-US\",\"@id\":\"https:\\\/\\\/secure.gravatar.com\\\/avatar\\\/ac5001d2a36cb6c6cd3e50789007ffca834b477b74a2144564522e944eabff61?s=96&d=mm&r=g\",\"url\":\"https:\\\/\\\/secure.gravatar.com\\\/avatar\\\/ac5001d2a36cb6c6cd3e50789007ffca834b477b74a2144564522e944eabff61?s=96&d=mm&r=g\",\"contentUrl\":\"https:\\\/\\\/secure.gravatar.com\\\/avatar\\\/ac5001d2a36cb6c6cd3e50789007ffca834b477b74a2144564522e944eabff61?s=96&d=mm&r=g\",\"caption\":\"thomas.berner\"},\"url\":\"https:\\\/\\\/www.organisator.ch\\\/en\\\/author\\\/thomas-berner\\\/\"}]}<\/script>\n<!-- \/ Yoast SEO plugin. -->","yoast_head_json":{"title":"W\u00fcrth AG celebrates 60th anniversary - Organizer","description":"In 60 years, a two-man business has grown into W\u00fcrth AG with 750 employees, 43 craft stores and over 150,000 products.","robots":{"index":"index","follow":"follow","max-snippet":"max-snippet:-1","max-image-preview":"max-image-preview:large","max-video-preview":"max-video-preview:-1"},"canonical":"https:\/\/www.organisator.ch\/en\/management\/2022-05-09\/wuerth-ag-celebrates-60th-anniversary\/","og_locale":"en_US","og_type":"article","og_title":"W\u00fcrth AG feiert 60-j\u00e4hriges Jubil\u00e4um","og_description":"Aus einem Zweimannbetrieb ist in 60 Jahren die W\u00fcrth AG mit 750 Mitarbeitenden, 43 Handwerker-Shops und \u00fcber 150'000 Produkten entstanden.","og_url":"https:\/\/www.organisator.ch\/en\/management\/2022-05-09\/wuerth-ag-celebrates-60th-anniversary\/","og_site_name":"Organisator","article_publisher":"https:\/\/www.facebook.com\/OrganisatorFachmagazin","article_published_time":"2022-05-09T06:30:05+00:00","og_image":[{"width":680,"height":453,"url":"https:\/\/www.organisator.ch\/wp-content\/uploads\/2022\/05\/Wuerth-AG-feiert-60-jaehriges-Jubilaeum_Organisator.jpg","type":"image\/jpeg"}],"author":"thomas.berner","twitter_card":"summary_large_image","twitter_title":"#W\u00fcrth AG feiert #60-j\u00e4hriges Jubil\u00e4um","twitter_description":"Aus einem #Zweimannbetrieb ist in 60 Jahren die #W\u00fcrth AG mit 750 Mitarbeitenden, 43 #Handwerker-Shops und \u00fcber 150'000 Produkten entstanden.","twitter_image":"https:\/\/www.organisator.ch\/wp-content\/uploads\/2022\/05\/Wuerth-AG-feiert-60-jaehriges-Jubilaeum_Organisator.jpg","schema":{"@context":"https:\/\/schema.org","@graph":[{"@type":"Article","@id":"https:\/\/www.organisator.ch\/management\/2022-05-09\/wuerth-ag-feiert-60-jaehriges-jubilaeum\/#article","isPartOf":{"@id":"https:\/\/www.organisator.ch\/management\/2022-05-09\/wuerth-ag-feiert-60-jaehriges-jubilaeum\/"},"author":{"name":"thomas.berner","@id":"https:\/\/www.organisator.ch\/#\/schema\/person\/6f650f90b2842cd4c0cc334b4e36f67e"},"headline":"W\u00fcrth AG feiert 60-j\u00e4hriges Jubil\u00e4um","datePublished":"2022-05-09T06:30:05+00:00","mainEntityOfPage":{"@id":"https:\/\/www.organisator.ch\/management\/2022-05-09\/wuerth-ag-feiert-60-jaehriges-jubilaeum\/"},"wordCount":654,"publisher":{"@id":"https:\/\/www.organisator.ch\/#organization"},"image":{"@id":"https:\/\/www.organisator.ch\/management\/2022-05-09\/wuerth-ag-feiert-60-jaehriges-jubilaeum\/#primaryimage"},"thumbnailUrl":"https:\/\/www.organisator.ch\/wp-content\/uploads\/2022\/05\/Wuerth-AG-feiert-60-jaehriges-Jubilaeum_Organisator.jpg","keywords":["Firmenjubil\u00e4um","Management und Unternehmensf\u00fchrung","Unternehmen"],"articleSection":["MANAGEMENT"],"inLanguage":"en-US"},{"@type":"WebPage","@id":"https:\/\/www.organisator.ch\/management\/2022-05-09\/wuerth-ag-feiert-60-jaehriges-jubilaeum\/","url":"https:\/\/www.organisator.ch\/management\/2022-05-09\/wuerth-ag-feiert-60-jaehriges-jubilaeum\/","name":"W\u00fcrth AG celebrates 60th anniversary - Organizer","isPartOf":{"@id":"https:\/\/www.organisator.ch\/#website"},"primaryImageOfPage":{"@id":"https:\/\/www.organisator.ch\/management\/2022-05-09\/wuerth-ag-feiert-60-jaehriges-jubilaeum\/#primaryimage"},"image":{"@id":"https:\/\/www.organisator.ch\/management\/2022-05-09\/wuerth-ag-feiert-60-jaehriges-jubilaeum\/#primaryimage"},"thumbnailUrl":"https:\/\/www.organisator.ch\/wp-content\/uploads\/2022\/05\/Wuerth-AG-feiert-60-jaehriges-Jubilaeum_Organisator.jpg","datePublished":"2022-05-09T06:30:05+00:00","description":"In 60 years, a two-man business has grown into W\u00fcrth AG with 750 employees, 43 craft stores and over 150,000 products.","breadcrumb":{"@id":"https:\/\/www.organisator.ch\/management\/2022-05-09\/wuerth-ag-feiert-60-jaehriges-jubilaeum\/#breadcrumb"},"inLanguage":"en-US","potentialAction":[{"@type":"ReadAction","target":["https:\/\/www.organisator.ch\/management\/2022-05-09\/wuerth-ag-feiert-60-jaehriges-jubilaeum\/"]}]},{"@type":"ImageObject","inLanguage":"en-US","@id":"https:\/\/www.organisator.ch\/management\/2022-05-09\/wuerth-ag-feiert-60-jaehriges-jubilaeum\/#primaryimage","url":"https:\/\/www.organisator.ch\/wp-content\/uploads\/2022\/05\/Wuerth-AG-feiert-60-jaehriges-Jubilaeum_Organisator.jpg","contentUrl":"https:\/\/www.organisator.ch\/wp-content\/uploads\/2022\/05\/Wuerth-AG-feiert-60-jaehriges-Jubilaeum_Organisator.jpg","width":680,"height":453,"caption":"Die W\u00fcrth AG mit ihrem Sitz in Arlesheim. (Bild: zVg \/ W\u00fcrth)"},{"@type":"BreadcrumbList","@id":"https:\/\/www.organisator.ch\/management\/2022-05-09\/wuerth-ag-feiert-60-jaehriges-jubilaeum\/#breadcrumb","itemListElement":[{"@type":"ListItem","position":1,"name":"Home","item":"https:\/\/www.organisator.ch\/"},{"@type":"ListItem","position":2,"name":"W\u00fcrth AG feiert 60-j\u00e4hriges Jubil\u00e4um"}]},{"@type":"WebSite","@id":"https:\/\/www.organisator.ch\/#website","url":"https:\/\/www.organisator.ch\/","name":"Organizer","description":"Competent. Practical. In 10 issues per year, ORGANISATOR presents the essential topics for managers of SMEs.","publisher":{"@id":"https:\/\/www.organisator.ch\/#organization"},"potentialAction":[{"@type":"SearchAction","target":{"@type":"EntryPoint","urlTemplate":"https:\/\/www.organisator.ch\/?s={search_term_string}"},"query-input":{"@type":"PropertyValueSpecification","valueRequired":true,"valueName":"search_term_string"}}],"inLanguage":"en-US"},{"@type":"Organization","@id":"https:\/\/www.organisator.ch\/#organization","name":"Organizer","url":"https:\/\/www.organisator.ch\/","logo":{"@type":"ImageObject","inLanguage":"en-US","@id":"https:\/\/www.organisator.ch\/#\/schema\/logo\/image\/","url":"https:\/\/www.organisator.ch\/wp-content\/uploads\/2022\/01\/Logo_Organisator_Website.png","contentUrl":"https:\/\/www.organisator.ch\/wp-content\/uploads\/2022\/01\/Logo_Organisator_Website.png","width":800,"height":77,"caption":"Organisator"},"image":{"@id":"https:\/\/www.organisator.ch\/#\/schema\/logo\/image\/"},"sameAs":["https:\/\/www.facebook.com\/OrganisatorFachmagazin","https:\/\/www.linkedin.com\/showcase\/organisator-das-magazin-fr-kmu","https:\/\/www.xing.com\/news\/pages\/organisator-ch-695","https:\/\/www.youtube.com\/channel\/UCGP2Sq0iWaZwT3BdIAQFYpw"]},{"@type":"Person","@id":"https:\/\/www.organisator.ch\/#\/schema\/person\/6f650f90b2842cd4c0cc334b4e36f67e","name":"thomas.berner","image":{"@type":"ImageObject","inLanguage":"en-US","@id":"https:\/\/secure.gravatar.com\/avatar\/ac5001d2a36cb6c6cd3e50789007ffca834b477b74a2144564522e944eabff61?s=96&d=mm&r=g","url":"https:\/\/secure.gravatar.com\/avatar\/ac5001d2a36cb6c6cd3e50789007ffca834b477b74a2144564522e944eabff61?s=96&d=mm&r=g","contentUrl":"https:\/\/secure.gravatar.com\/avatar\/ac5001d2a36cb6c6cd3e50789007ffca834b477b74a2144564522e944eabff61?s=96&d=mm&r=g","caption":"thomas.berner"},"url":"https:\/\/www.organisator.ch\/en\/author\/thomas-berner\/"}]}},"_links":{"self":[{"href":"https:\/\/www.organisator.ch\/en\/wp-json\/wp\/v2\/posts\/12819","targetHints":{"allow":["GET"]}}],"collection":[{"href":"https:\/\/www.organisator.ch\/en\/wp-json\/wp\/v2\/posts"}],"about":[{"href":"https:\/\/www.organisator.ch\/en\/wp-json\/wp\/v2\/types\/post"}],"author":[{"embeddable":true,"href":"https:\/\/www.organisator.ch\/en\/wp-json\/wp\/v2\/users\/4"}],"replies":[{"embeddable":true,"href":"https:\/\/www.organisator.ch\/en\/wp-json\/wp\/v2\/comments?post=12819"}],"version-history":[{"count":1,"href":"https:\/\/www.organisator.ch\/en\/wp-json\/wp\/v2\/posts\/12819\/revisions"}],"predecessor-version":[{"id":12821,"href":"https:\/\/www.organisator.ch\/en\/wp-json\/wp\/v2\/posts\/12819\/revisions\/12821"}],"wp:featuredmedia":[{"embeddable":true,"href":"https:\/\/www.organisator.ch\/en\/wp-json\/wp\/v2\/media\/12820"}],"wp:attachment":[{"href":"https:\/\/www.organisator.ch\/en\/wp-json\/wp\/v2\/media?parent=12819"}],"wp:term":[{"taxonomy":"category","embeddable":true,"href":"https:\/\/www.organisator.ch\/en\/wp-json\/wp\/v2\/categories?post=12819"},{"taxonomy":"post_tag","embeddable":true,"href":"https:\/\/www.organisator.ch\/en\/wp-json\/wp\/v2\/tags?post=12819"}],"curies":[{"name":"wp","href":"https:\/\/api.w.org\/{rel}","templated":true}]}}