{"id":12833,"date":"2022-05-11T10:24:28","date_gmt":"2022-05-11T08:24:28","guid":{"rendered":"https:\/\/www.organisator.ch\/?p=12833"},"modified":"2022-05-11T10:24:28","modified_gmt":"2022-05-11T08:24:28","slug":"steuerthemen-2022-oekosteuern-steuertransparenz-und-globale-mindeststeuer","status":"publish","type":"post","link":"https:\/\/www.organisator.ch\/en\/management\/finanzen_recht\/2022-05-11\/steuerthemen-2022-oekosteuern-steuertransparenz-und-globale-mindeststeuer\/","title":{"rendered":"Tax topics in 2022: eco-taxes, tax transparency and global minimum tax"},"content":{"rendered":"<figure id=\"attachment_12834\" aria-describedby=\"caption-attachment-12834\" style=\"width: 680px\" class=\"wp-caption alignnone\"><img loading=\"lazy\" decoding=\"async\" class=\"size-full wp-image-12834\" src=\"https:\/\/www.organisator.ch\/wp-content\/uploads\/2022\/05\/Steuerthemen-2022-Oekosteuern-Steuertransparenz-und-globale-Mindeststeuer-1_Organisator.jpg\" alt=\"\" width=\"680\" height=\"417\" srcset=\"https:\/\/www.organisator.ch\/wp-content\/uploads\/2022\/05\/Steuerthemen-2022-Oekosteuern-Steuertransparenz-und-globale-Mindeststeuer-1_Organisator.jpg 680w, https:\/\/www.organisator.ch\/wp-content\/uploads\/2022\/05\/Steuerthemen-2022-Oekosteuern-Steuertransparenz-und-globale-Mindeststeuer-1_Organisator-18x12.jpg 18w, https:\/\/www.organisator.ch\/wp-content\/uploads\/2022\/05\/Steuerthemen-2022-Oekosteuern-Steuertransparenz-und-globale-Mindeststeuer-1_Organisator-285x175.jpg 285w, https:\/\/www.organisator.ch\/wp-content\/uploads\/2022\/05\/Steuerthemen-2022-Oekosteuern-Steuertransparenz-und-globale-Mindeststeuer-1_Organisator-571x350.jpg 571w, https:\/\/www.organisator.ch\/wp-content\/uploads\/2022\/05\/Steuerthemen-2022-Oekosteuern-Steuertransparenz-und-globale-Mindeststeuer-1_Organisator-300x184.jpg 300w\" sizes=\"auto, (max-width: 680px) 100vw, 680px\" \/><figcaption id=\"caption-attachment-12834\" class=\"wp-caption-text\">Profit tax rates in the cantons 2022. (Graphic: KPMG)<\/figcaption><\/figure>\n<p>The global tax landscape is in upheaval - with consequences for Switzerland and its resident companies. Switzerland is an attractive location for both companies and private individuals. KPMG's Swiss Tax Report focuses on the following tax issues in 2022: With a view to the introduction of a global minimum tax for large companies, Switzerland must hurry if it does not want to accept any disadvantages. In addition, the topics of environmental taxes and tax transparency are gaining in importance and may become a challenge for some companies.<\/p>\n<h3><strong>Profit tax rates in Switzerland down slightly<\/strong><\/h3>\n<p>Ordinary corporate income tax rates in Switzerland fell slightly year-on-year - from 14.9% to 14.7%. This is due in particular to the tax cuts in the cantons of Valais (-1.6 percentage points), Aargau (-1.1 percentage points, subject to referendum on May 15, 2022) and Jura (-1.0 percentage point). The cantons of Central Switzerland and Glarus and Appenzell-Innerrhoden continue to have the lowest ordinary profit tax rates. Canton Zug, for example, leads the ranking of cantons with a rate of 11.9%, followed by the cantons of Nidwalden (12.0%) and Lucerne (12.2%). The canton of Bern brings up the rear with a profit tax rate of 21.0%.<\/p>\n<p>In an international comparison, Switzerland taxes companies at a low rate. Only the classic offshore domiciles, Guernsey, Qatar and some (southern) eastern European states offer lower tax rates than the low-tax cantons. Ireland remains Switzerland's most important competitor in Europe.<\/p>\n<h3><strong>Almost half of the cantons provide relief for top earners<\/strong><\/h3>\n<p>Swiss tax rates for top incomes also fell slightly year-on-year - from 33.7 to 33.5%. The reason for this is that twelve cantons have slightly reduced the tax rate for top incomes. The biggest reductions were made by the cantons of Schwyz (-1.5 percentage points), Schaffhausen (-1.0 percentage points), Thurgau and Lucerne (around -0.6 percentage points each). Top incomes are taxed lowest in the cantons of Zug (22.2%), Appenzell Innerrhoden (23.8%) and Obwalden (24.3%). The highest tax rates are applied in the cantons of Geneva (44.8%), Basel-Landschaft (42.2%) and Vaud (41.5%).<\/p>\n<figure id=\"attachment_12835\" aria-describedby=\"caption-attachment-12835\" style=\"width: 680px\" class=\"wp-caption alignnone\"><img loading=\"lazy\" decoding=\"async\" class=\"size-full wp-image-12835\" src=\"https:\/\/www.organisator.ch\/wp-content\/uploads\/2022\/05\/Steuerthemen-2022-Oekosteuern-Steuertransparenz-und-globale-Mindeststeuer-2_Organisator.jpg\" alt=\"\" width=\"680\" height=\"419\" srcset=\"https:\/\/www.organisator.ch\/wp-content\/uploads\/2022\/05\/Steuerthemen-2022-Oekosteuern-Steuertransparenz-und-globale-Mindeststeuer-2_Organisator.jpg 680w, https:\/\/www.organisator.ch\/wp-content\/uploads\/2022\/05\/Steuerthemen-2022-Oekosteuern-Steuertransparenz-und-globale-Mindeststeuer-2_Organisator-18x12.jpg 18w, https:\/\/www.organisator.ch\/wp-content\/uploads\/2022\/05\/Steuerthemen-2022-Oekosteuern-Steuertransparenz-und-globale-Mindeststeuer-2_Organisator-284x175.jpg 284w, https:\/\/www.organisator.ch\/wp-content\/uploads\/2022\/05\/Steuerthemen-2022-Oekosteuern-Steuertransparenz-und-globale-Mindeststeuer-2_Organisator-568x350.jpg 568w, https:\/\/www.organisator.ch\/wp-content\/uploads\/2022\/05\/Steuerthemen-2022-Oekosteuern-Steuertransparenz-und-globale-Mindeststeuer-2_Organisator-300x185.jpg 300w\" sizes=\"auto, (max-width: 680px) 100vw, 680px\" \/><figcaption id=\"caption-attachment-12835\" class=\"wp-caption-text\">Income taxes by canton. (Graphic: KPMG)<\/figcaption><\/figure>\n<h3><strong>Key tax issues in 2022: Environmental taxes<\/strong><\/h3>\n<p>Countries around the world are turning to so-called \"green\" taxes to increase tax revenues and enforce the polluter-pays principle in the environmental sector. The spectrum ranges from energy taxes and emission-related measures to transport taxes and taxes on pollution, resource management and waste disposal. The share of environmental tax revenues in relation to GDP is still low. According to OECD statistics, it is around 1.5% in OECD member states, around 2.3% in the EU and around 1.4% in Switzerland. \"With the expected entry into force of significant environmental policy measures in the area of taxation of CO2 emissions and plastics, the share of environmental taxes in total tax income will increase significantly in the future,\" predicts Anne Marie Anselmi, tax expert at KPMG.<\/p>\n<figure id=\"attachment_12836\" aria-describedby=\"caption-attachment-12836\" style=\"width: 680px\" class=\"wp-caption alignnone\"><img loading=\"lazy\" decoding=\"async\" class=\"size-full wp-image-12836\" src=\"https:\/\/www.organisator.ch\/wp-content\/uploads\/2022\/05\/Steuerthemen-2022-Oekosteuern-Steuertransparenz-und-globale-Mindeststeuer-3_Organisator.jpg\" alt=\"\" width=\"680\" height=\"425\" srcset=\"https:\/\/www.organisator.ch\/wp-content\/uploads\/2022\/05\/Steuerthemen-2022-Oekosteuern-Steuertransparenz-und-globale-Mindeststeuer-3_Organisator.jpg 680w, https:\/\/www.organisator.ch\/wp-content\/uploads\/2022\/05\/Steuerthemen-2022-Oekosteuern-Steuertransparenz-und-globale-Mindeststeuer-3_Organisator-18x12.jpg 18w, https:\/\/www.organisator.ch\/wp-content\/uploads\/2022\/05\/Steuerthemen-2022-Oekosteuern-Steuertransparenz-und-globale-Mindeststeuer-3_Organisator-280x175.jpg 280w, https:\/\/www.organisator.ch\/wp-content\/uploads\/2022\/05\/Steuerthemen-2022-Oekosteuern-Steuertransparenz-und-globale-Mindeststeuer-3_Organisator-560x350.jpg 560w, https:\/\/www.organisator.ch\/wp-content\/uploads\/2022\/05\/Steuerthemen-2022-Oekosteuern-Steuertransparenz-und-globale-Mindeststeuer-3_Organisator-300x188.jpg 300w\" sizes=\"auto, (max-width: 680px) 100vw, 680px\" \/><figcaption id=\"caption-attachment-12836\" class=\"wp-caption-text\">One of the tax issues in 2022: environmental taxes. Here, the share of revenue from environmental taxes measured as a percentage of GDP. (Graphic: KPMG)<\/figcaption><\/figure>\n<p>Although recent statistics indicate a slight decline in environmental tax revenues as a share of GDP from 2019 to 2020, this decline mainly reflects delays in environmental policy implementation and tax compliance during this period. \"While countries have been primarily preoccupied with dealing with the Corona pandemic over the past two years, governments need to quickly gear their budgets to the next looming crisis: climate change. Environmental taxes are one way to raise tax revenues while providing targeted incentives for a more sustainable economy,\" Anselmi said. Because environmental taxes are implemented very differently in different countries, the scope for action on environmental policy is often unclear, especially for companies operating internationally.<\/p>\n<h3><strong>Only 19% of companies in Switzerland publish tax transparency reports<\/strong><\/h3>\n<p>At the same time, companies are also increasingly challenged on the topic of tax transparency, as this is emerging as an important metric for assessing the governance concept of companies and is closely linked to other ESG metrics. Many large Swiss companies now publish sustainability reports, but tax aspects are rarely covered in detail in these reports.<\/p>\n<p>A KPMG analysis of the 150 largest companies listed on the SIX Stock Exchange shows that just 19% of the companies publish tax transparency reports. This will change in the future. For example, numerous companies are expected to be subject to the EU's Public CbCR Directive from 2025. This will require new disclosure obligations for multinational companies with a branch in an EU country and annual sales of EUR 750 million or more.<\/p>\n<h3><strong>Global minimum taxation: Switzerland must hurry up<\/strong><\/h3>\n<p>The fact that Switzerland cannot escape international tax developments is also shown by a look at the forthcoming introduction of a global minimum tax: 18 cantons have tax rates below the minimum profit tax rate of 15% targeted by the OECD. If these cantons or Switzerland do not raise their profit tax rates for affected companies to this threshold, the difference could be taxed abroad. \"According to federal estimates, the Swiss treasury would lose tax revenues of around CHF 1 to 2.5 billion, at least in the short term, which it should not do without in view of the pandemic consequences and the challenges ahead,\" warns Olivier Eichenberger, a tax expert at KPMG.<\/p>\n<p>In view of the ambitious roadmap of the OECD and the G20 countries - the first elements of the minimum tax are to come into force as early as January 1, 2023 - Switzerland and its policy system are particularly challenged. Thus, the Federal Council has decided to implement the minimum tax with a constitutional amendment and to ensure by means of a temporary ordinance that the minimum tax can be introduced on January 1, 2024. The Swiss electorate is due to vote on this on June 23, 2023. Regardless of the outcome of the vote, the global minimum tax will have far-reaching significance for international location competition. It limits the possibilities of low-tax countries to position themselves by means of competitive tax regimes. \"Countries like Switzerland are strongly challenged to specifically cultivate their other location factors, such as access to skilled labor or flexible labor market conditions,\" says Stefan Kuhn, head of tax and legal advisory at KPMG.<\/p>\n<p><em>Source: <a href=\"http:\/\/www.kpmg.ch\">KPMG<\/a><\/em><\/p>","protected":false},"excerpt":{"rendered":"<p>Die globale Steuerlandschaft ist im Umbruch \u2013 mit Folgen f\u00fcr die Schweiz und die ans\u00e4ssigen Unternehmen. Zwar ist die Schweiz sowohl f\u00fcr Unternehmen als auch f\u00fcr Privatpersonen ein attraktiver Standort. Der Swiss Tax Report von KPMG r\u00fcckt folgende Steuerthemen 2022 in den Fokus: Mit Blick auf die Einf\u00fchrung einer globalen Mindeststeuer f\u00fcr grosse Unternehmen muss [&hellip;]<\/p>\n","protected":false},"author":4,"featured_media":12834,"comment_status":"closed","ping_status":"closed","sticky":false,"template":"","format":"standard","meta":{"_acf_changed":false,"_yoast_wpseo_focuskw":"Steuerthemen 2022","_yoast_wpseo_metadesc":"Der aktuelle Swiss Tax Report von KPMG zeigt die Steuerthemen 2022: Sinkende Steuers\u00e4tze, \u00d6kosteuern und die globale Mindeststeuer.","articlekey":"","footnotes":""},"categories":[24],"tags":[201,2849,454],"class_list":["post-12833","post","type-post","status-publish","format-standard","has-post-thumbnail","hentry","category-finanzen_recht","tag-finanzen","tag-gewinnsteuern","tag-steuern"],"acf":[],"yoast_head":"<!-- This site is optimized with the Yoast SEO plugin v27.4 - https:\/\/yoast.com\/product\/yoast-seo-wordpress\/ -->\n<title>Steuerthemen 2022: \u00d6kosteuern, Steuertransparenz und globale Mindeststeuer - Organisator<\/title>\n<meta name=\"description\" content=\"Der aktuelle Swiss Tax Report von KPMG zeigt die Steuerthemen 2022: Sinkende Steuers\u00e4tze, \u00d6kosteuern und die globale Mindeststeuer.\" \/>\n<meta name=\"robots\" content=\"index, follow, max-snippet:-1, max-image-preview:large, max-video-preview:-1\" \/>\n<link rel=\"canonical\" href=\"https:\/\/www.organisator.ch\/en\/management\/finanzen_recht\/2022-05-11\/steuerthemen-2022-oekosteuern-steuertransparenz-und-globale-mindeststeuer\/\" \/>\n<meta property=\"og:locale\" content=\"en_US\" \/>\n<meta property=\"og:type\" content=\"article\" \/>\n<meta property=\"og:title\" content=\"Steuerthemen 2022: \u00d6kosteuern, Steuertransparenz und globale Mindeststeuer\" \/>\n<meta property=\"og:description\" content=\"Der aktuelle Swiss Tax Report von KPMG zeigt die Steuerthemen 2022: Sinkende Steuers\u00e4tze, \u00d6kosteuern und die globale Mindeststeuer.\" \/>\n<meta property=\"og:url\" content=\"https:\/\/www.organisator.ch\/en\/management\/finanzen_recht\/2022-05-11\/steuerthemen-2022-oekosteuern-steuertransparenz-und-globale-mindeststeuer\/\" \/>\n<meta property=\"og:site_name\" content=\"Organisator\" \/>\n<meta property=\"article:publisher\" content=\"https:\/\/www.facebook.com\/OrganisatorFachmagazin\" \/>\n<meta property=\"article:published_time\" content=\"2022-05-11T08:24:28+00:00\" \/>\n<meta property=\"og:image\" content=\"https:\/\/www.organisator.ch\/wp-content\/uploads\/2022\/05\/Steuerthemen-2022-Oekosteuern-Steuertransparenz-und-globale-Mindeststeuer-1_Organisator.jpg\" \/>\n\t<meta property=\"og:image:width\" content=\"680\" \/>\n\t<meta property=\"og:image:height\" content=\"417\" \/>\n\t<meta property=\"og:image:type\" content=\"image\/jpeg\" \/>\n<meta name=\"author\" content=\"thomas.berner\" \/>\n<meta name=\"twitter:card\" content=\"summary_large_image\" \/>\n<meta name=\"twitter:title\" content=\"#Steuerthemen 2022: #\u00d6kosteuern, #Steuertransparenz und globale #Mindeststeuer\" \/>\n<meta name=\"twitter:description\" content=\"Der aktuelle Swiss Tax Report von KPMG zeigt die #Steuerthemen 2022: Sinkende #Steuers\u00e4tze, #\u00d6kosteuern und die globale #Mindeststeuer.\" \/>\n<meta name=\"twitter:image\" content=\"https:\/\/www.organisator.ch\/wp-content\/uploads\/2022\/05\/Steuerthemen-2022-Oekosteuern-Steuertransparenz-und-globale-Mindeststeuer-1_Organisator.jpg\" \/>\n<script type=\"application\/ld+json\" class=\"yoast-schema-graph\">{\"@context\":\"https:\\\/\\\/schema.org\",\"@graph\":[{\"@type\":\"Article\",\"@id\":\"https:\\\/\\\/www.organisator.ch\\\/management\\\/finanzen_recht\\\/2022-05-11\\\/steuerthemen-2022-oekosteuern-steuertransparenz-und-globale-mindeststeuer\\\/#article\",\"isPartOf\":{\"@id\":\"https:\\\/\\\/www.organisator.ch\\\/management\\\/finanzen_recht\\\/2022-05-11\\\/steuerthemen-2022-oekosteuern-steuertransparenz-und-globale-mindeststeuer\\\/\"},\"author\":{\"name\":\"thomas.berner\",\"@id\":\"https:\\\/\\\/www.organisator.ch\\\/#\\\/schema\\\/person\\\/6f650f90b2842cd4c0cc334b4e36f67e\"},\"headline\":\"Steuerthemen 2022: \u00d6kosteuern, Steuertransparenz und globale Mindeststeuer\",\"datePublished\":\"2022-05-11T08:24:28+00:00\",\"mainEntityOfPage\":{\"@id\":\"https:\\\/\\\/www.organisator.ch\\\/management\\\/finanzen_recht\\\/2022-05-11\\\/steuerthemen-2022-oekosteuern-steuertransparenz-und-globale-mindeststeuer\\\/\"},\"wordCount\":984,\"publisher\":{\"@id\":\"https:\\\/\\\/www.organisator.ch\\\/#organization\"},\"image\":{\"@id\":\"https:\\\/\\\/www.organisator.ch\\\/management\\\/finanzen_recht\\\/2022-05-11\\\/steuerthemen-2022-oekosteuern-steuertransparenz-und-globale-mindeststeuer\\\/#primaryimage\"},\"thumbnailUrl\":\"https:\\\/\\\/www.organisator.ch\\\/wp-content\\\/uploads\\\/2022\\\/05\\\/Steuerthemen-2022-Oekosteuern-Steuertransparenz-und-globale-Mindeststeuer-1_Organisator.jpg\",\"keywords\":[\"Finanzen\",\"Gewinnsteuern\",\"Steuern\"],\"articleSection\":[\"FINANZEN\\\/RECHT\"],\"inLanguage\":\"en-US\"},{\"@type\":\"WebPage\",\"@id\":\"https:\\\/\\\/www.organisator.ch\\\/management\\\/finanzen_recht\\\/2022-05-11\\\/steuerthemen-2022-oekosteuern-steuertransparenz-und-globale-mindeststeuer\\\/\",\"url\":\"https:\\\/\\\/www.organisator.ch\\\/management\\\/finanzen_recht\\\/2022-05-11\\\/steuerthemen-2022-oekosteuern-steuertransparenz-und-globale-mindeststeuer\\\/\",\"name\":\"Steuerthemen 2022: \u00d6kosteuern, Steuertransparenz und globale Mindeststeuer - Organisator\",\"isPartOf\":{\"@id\":\"https:\\\/\\\/www.organisator.ch\\\/#website\"},\"primaryImageOfPage\":{\"@id\":\"https:\\\/\\\/www.organisator.ch\\\/management\\\/finanzen_recht\\\/2022-05-11\\\/steuerthemen-2022-oekosteuern-steuertransparenz-und-globale-mindeststeuer\\\/#primaryimage\"},\"image\":{\"@id\":\"https:\\\/\\\/www.organisator.ch\\\/management\\\/finanzen_recht\\\/2022-05-11\\\/steuerthemen-2022-oekosteuern-steuertransparenz-und-globale-mindeststeuer\\\/#primaryimage\"},\"thumbnailUrl\":\"https:\\\/\\\/www.organisator.ch\\\/wp-content\\\/uploads\\\/2022\\\/05\\\/Steuerthemen-2022-Oekosteuern-Steuertransparenz-und-globale-Mindeststeuer-1_Organisator.jpg\",\"datePublished\":\"2022-05-11T08:24:28+00:00\",\"description\":\"Der aktuelle Swiss Tax Report von KPMG zeigt die Steuerthemen 2022: Sinkende Steuers\u00e4tze, \u00d6kosteuern und die globale Mindeststeuer.\",\"breadcrumb\":{\"@id\":\"https:\\\/\\\/www.organisator.ch\\\/management\\\/finanzen_recht\\\/2022-05-11\\\/steuerthemen-2022-oekosteuern-steuertransparenz-und-globale-mindeststeuer\\\/#breadcrumb\"},\"inLanguage\":\"en-US\",\"potentialAction\":[{\"@type\":\"ReadAction\",\"target\":[\"https:\\\/\\\/www.organisator.ch\\\/management\\\/finanzen_recht\\\/2022-05-11\\\/steuerthemen-2022-oekosteuern-steuertransparenz-und-globale-mindeststeuer\\\/\"]}]},{\"@type\":\"ImageObject\",\"inLanguage\":\"en-US\",\"@id\":\"https:\\\/\\\/www.organisator.ch\\\/management\\\/finanzen_recht\\\/2022-05-11\\\/steuerthemen-2022-oekosteuern-steuertransparenz-und-globale-mindeststeuer\\\/#primaryimage\",\"url\":\"https:\\\/\\\/www.organisator.ch\\\/wp-content\\\/uploads\\\/2022\\\/05\\\/Steuerthemen-2022-Oekosteuern-Steuertransparenz-und-globale-Mindeststeuer-1_Organisator.jpg\",\"contentUrl\":\"https:\\\/\\\/www.organisator.ch\\\/wp-content\\\/uploads\\\/2022\\\/05\\\/Steuerthemen-2022-Oekosteuern-Steuertransparenz-und-globale-Mindeststeuer-1_Organisator.jpg\",\"width\":680,\"height\":417,\"caption\":\"Gewinnsteuers\u00e4tze in den Kantonen 2022. (Grafik: KPMG)\"},{\"@type\":\"BreadcrumbList\",\"@id\":\"https:\\\/\\\/www.organisator.ch\\\/management\\\/finanzen_recht\\\/2022-05-11\\\/steuerthemen-2022-oekosteuern-steuertransparenz-und-globale-mindeststeuer\\\/#breadcrumb\",\"itemListElement\":[{\"@type\":\"ListItem\",\"position\":1,\"name\":\"Home\",\"item\":\"https:\\\/\\\/www.organisator.ch\\\/\"},{\"@type\":\"ListItem\",\"position\":2,\"name\":\"Steuerthemen 2022: \u00d6kosteuern, Steuertransparenz und globale Mindeststeuer\"}]},{\"@type\":\"WebSite\",\"@id\":\"https:\\\/\\\/www.organisator.ch\\\/#website\",\"url\":\"https:\\\/\\\/www.organisator.ch\\\/\",\"name\":\"Organisator\",\"description\":\"Kompetent. Praxisnah. Der ORGANISATOR bereitet in 10 Ausgaben pro Jahr die wesentlichen Themen f\u00fcr F\u00fchrungskr\u00e4fte von KMU auf.\",\"publisher\":{\"@id\":\"https:\\\/\\\/www.organisator.ch\\\/#organization\"},\"potentialAction\":[{\"@type\":\"SearchAction\",\"target\":{\"@type\":\"EntryPoint\",\"urlTemplate\":\"https:\\\/\\\/www.organisator.ch\\\/?s={search_term_string}\"},\"query-input\":{\"@type\":\"PropertyValueSpecification\",\"valueRequired\":true,\"valueName\":\"search_term_string\"}}],\"inLanguage\":\"en-US\"},{\"@type\":\"Organization\",\"@id\":\"https:\\\/\\\/www.organisator.ch\\\/#organization\",\"name\":\"Organisator\",\"url\":\"https:\\\/\\\/www.organisator.ch\\\/\",\"logo\":{\"@type\":\"ImageObject\",\"inLanguage\":\"en-US\",\"@id\":\"https:\\\/\\\/www.organisator.ch\\\/#\\\/schema\\\/logo\\\/image\\\/\",\"url\":\"https:\\\/\\\/www.organisator.ch\\\/wp-content\\\/uploads\\\/2022\\\/01\\\/Logo_Organisator_Website.png\",\"contentUrl\":\"https:\\\/\\\/www.organisator.ch\\\/wp-content\\\/uploads\\\/2022\\\/01\\\/Logo_Organisator_Website.png\",\"width\":800,\"height\":77,\"caption\":\"Organisator\"},\"image\":{\"@id\":\"https:\\\/\\\/www.organisator.ch\\\/#\\\/schema\\\/logo\\\/image\\\/\"},\"sameAs\":[\"https:\\\/\\\/www.facebook.com\\\/OrganisatorFachmagazin\",\"https:\\\/\\\/www.linkedin.com\\\/showcase\\\/organisator-das-magazin-fr-kmu\",\"https:\\\/\\\/www.xing.com\\\/news\\\/pages\\\/organisator-ch-695\",\"https:\\\/\\\/www.youtube.com\\\/channel\\\/UCGP2Sq0iWaZwT3BdIAQFYpw\"]},{\"@type\":\"Person\",\"@id\":\"https:\\\/\\\/www.organisator.ch\\\/#\\\/schema\\\/person\\\/6f650f90b2842cd4c0cc334b4e36f67e\",\"name\":\"thomas.berner\",\"image\":{\"@type\":\"ImageObject\",\"inLanguage\":\"en-US\",\"@id\":\"https:\\\/\\\/secure.gravatar.com\\\/avatar\\\/ac5001d2a36cb6c6cd3e50789007ffca834b477b74a2144564522e944eabff61?s=96&d=mm&r=g\",\"url\":\"https:\\\/\\\/secure.gravatar.com\\\/avatar\\\/ac5001d2a36cb6c6cd3e50789007ffca834b477b74a2144564522e944eabff61?s=96&d=mm&r=g\",\"contentUrl\":\"https:\\\/\\\/secure.gravatar.com\\\/avatar\\\/ac5001d2a36cb6c6cd3e50789007ffca834b477b74a2144564522e944eabff61?s=96&d=mm&r=g\",\"caption\":\"thomas.berner\"},\"url\":\"https:\\\/\\\/www.organisator.ch\\\/en\\\/author\\\/thomas-berner\\\/\"}]}<\/script>\n<!-- \/ Yoast SEO plugin. -->","yoast_head_json":{"title":"Tax issues 2022: eco-taxes, tax transparency and global minimum tax - organizer","description":"The latest Swiss Tax Report from KPMG shows the tax issues in 2022: falling tax rates, eco-taxes and the global minimum tax.","robots":{"index":"index","follow":"follow","max-snippet":"max-snippet:-1","max-image-preview":"max-image-preview:large","max-video-preview":"max-video-preview:-1"},"canonical":"https:\/\/www.organisator.ch\/en\/management\/finanzen_recht\/2022-05-11\/steuerthemen-2022-oekosteuern-steuertransparenz-und-globale-mindeststeuer\/","og_locale":"en_US","og_type":"article","og_title":"Steuerthemen 2022: \u00d6kosteuern, Steuertransparenz und globale Mindeststeuer","og_description":"Der aktuelle Swiss Tax Report von KPMG zeigt die Steuerthemen 2022: Sinkende Steuers\u00e4tze, \u00d6kosteuern und die globale Mindeststeuer.","og_url":"https:\/\/www.organisator.ch\/en\/management\/finanzen_recht\/2022-05-11\/steuerthemen-2022-oekosteuern-steuertransparenz-und-globale-mindeststeuer\/","og_site_name":"Organisator","article_publisher":"https:\/\/www.facebook.com\/OrganisatorFachmagazin","article_published_time":"2022-05-11T08:24:28+00:00","og_image":[{"width":680,"height":417,"url":"https:\/\/www.organisator.ch\/wp-content\/uploads\/2022\/05\/Steuerthemen-2022-Oekosteuern-Steuertransparenz-und-globale-Mindeststeuer-1_Organisator.jpg","type":"image\/jpeg"}],"author":"thomas.berner","twitter_card":"summary_large_image","twitter_title":"#Steuerthemen 2022: #\u00d6kosteuern, #Steuertransparenz und globale #Mindeststeuer","twitter_description":"Der aktuelle Swiss Tax Report von KPMG zeigt die #Steuerthemen 2022: Sinkende #Steuers\u00e4tze, #\u00d6kosteuern und die globale #Mindeststeuer.","twitter_image":"https:\/\/www.organisator.ch\/wp-content\/uploads\/2022\/05\/Steuerthemen-2022-Oekosteuern-Steuertransparenz-und-globale-Mindeststeuer-1_Organisator.jpg","schema":{"@context":"https:\/\/schema.org","@graph":[{"@type":"Article","@id":"https:\/\/www.organisator.ch\/management\/finanzen_recht\/2022-05-11\/steuerthemen-2022-oekosteuern-steuertransparenz-und-globale-mindeststeuer\/#article","isPartOf":{"@id":"https:\/\/www.organisator.ch\/management\/finanzen_recht\/2022-05-11\/steuerthemen-2022-oekosteuern-steuertransparenz-und-globale-mindeststeuer\/"},"author":{"name":"thomas.berner","@id":"https:\/\/www.organisator.ch\/#\/schema\/person\/6f650f90b2842cd4c0cc334b4e36f67e"},"headline":"Steuerthemen 2022: \u00d6kosteuern, Steuertransparenz und globale Mindeststeuer","datePublished":"2022-05-11T08:24:28+00:00","mainEntityOfPage":{"@id":"https:\/\/www.organisator.ch\/management\/finanzen_recht\/2022-05-11\/steuerthemen-2022-oekosteuern-steuertransparenz-und-globale-mindeststeuer\/"},"wordCount":984,"publisher":{"@id":"https:\/\/www.organisator.ch\/#organization"},"image":{"@id":"https:\/\/www.organisator.ch\/management\/finanzen_recht\/2022-05-11\/steuerthemen-2022-oekosteuern-steuertransparenz-und-globale-mindeststeuer\/#primaryimage"},"thumbnailUrl":"https:\/\/www.organisator.ch\/wp-content\/uploads\/2022\/05\/Steuerthemen-2022-Oekosteuern-Steuertransparenz-und-globale-Mindeststeuer-1_Organisator.jpg","keywords":["Finanzen","Gewinnsteuern","Steuern"],"articleSection":["FINANZEN\/RECHT"],"inLanguage":"en-US"},{"@type":"WebPage","@id":"https:\/\/www.organisator.ch\/management\/finanzen_recht\/2022-05-11\/steuerthemen-2022-oekosteuern-steuertransparenz-und-globale-mindeststeuer\/","url":"https:\/\/www.organisator.ch\/management\/finanzen_recht\/2022-05-11\/steuerthemen-2022-oekosteuern-steuertransparenz-und-globale-mindeststeuer\/","name":"Tax issues 2022: eco-taxes, tax transparency and global minimum tax - organizer","isPartOf":{"@id":"https:\/\/www.organisator.ch\/#website"},"primaryImageOfPage":{"@id":"https:\/\/www.organisator.ch\/management\/finanzen_recht\/2022-05-11\/steuerthemen-2022-oekosteuern-steuertransparenz-und-globale-mindeststeuer\/#primaryimage"},"image":{"@id":"https:\/\/www.organisator.ch\/management\/finanzen_recht\/2022-05-11\/steuerthemen-2022-oekosteuern-steuertransparenz-und-globale-mindeststeuer\/#primaryimage"},"thumbnailUrl":"https:\/\/www.organisator.ch\/wp-content\/uploads\/2022\/05\/Steuerthemen-2022-Oekosteuern-Steuertransparenz-und-globale-Mindeststeuer-1_Organisator.jpg","datePublished":"2022-05-11T08:24:28+00:00","description":"The latest Swiss Tax Report from KPMG shows the tax issues in 2022: falling tax rates, eco-taxes and the global minimum tax.","breadcrumb":{"@id":"https:\/\/www.organisator.ch\/management\/finanzen_recht\/2022-05-11\/steuerthemen-2022-oekosteuern-steuertransparenz-und-globale-mindeststeuer\/#breadcrumb"},"inLanguage":"en-US","potentialAction":[{"@type":"ReadAction","target":["https:\/\/www.organisator.ch\/management\/finanzen_recht\/2022-05-11\/steuerthemen-2022-oekosteuern-steuertransparenz-und-globale-mindeststeuer\/"]}]},{"@type":"ImageObject","inLanguage":"en-US","@id":"https:\/\/www.organisator.ch\/management\/finanzen_recht\/2022-05-11\/steuerthemen-2022-oekosteuern-steuertransparenz-und-globale-mindeststeuer\/#primaryimage","url":"https:\/\/www.organisator.ch\/wp-content\/uploads\/2022\/05\/Steuerthemen-2022-Oekosteuern-Steuertransparenz-und-globale-Mindeststeuer-1_Organisator.jpg","contentUrl":"https:\/\/www.organisator.ch\/wp-content\/uploads\/2022\/05\/Steuerthemen-2022-Oekosteuern-Steuertransparenz-und-globale-Mindeststeuer-1_Organisator.jpg","width":680,"height":417,"caption":"Gewinnsteuers\u00e4tze in den Kantonen 2022. (Grafik: KPMG)"},{"@type":"BreadcrumbList","@id":"https:\/\/www.organisator.ch\/management\/finanzen_recht\/2022-05-11\/steuerthemen-2022-oekosteuern-steuertransparenz-und-globale-mindeststeuer\/#breadcrumb","itemListElement":[{"@type":"ListItem","position":1,"name":"Home","item":"https:\/\/www.organisator.ch\/"},{"@type":"ListItem","position":2,"name":"Steuerthemen 2022: \u00d6kosteuern, Steuertransparenz und globale Mindeststeuer"}]},{"@type":"WebSite","@id":"https:\/\/www.organisator.ch\/#website","url":"https:\/\/www.organisator.ch\/","name":"Organizer","description":"Competent. Practical. In 10 issues per year, ORGANISATOR presents the essential topics for managers of SMEs.","publisher":{"@id":"https:\/\/www.organisator.ch\/#organization"},"potentialAction":[{"@type":"SearchAction","target":{"@type":"EntryPoint","urlTemplate":"https:\/\/www.organisator.ch\/?s={search_term_string}"},"query-input":{"@type":"PropertyValueSpecification","valueRequired":true,"valueName":"search_term_string"}}],"inLanguage":"en-US"},{"@type":"Organization","@id":"https:\/\/www.organisator.ch\/#organization","name":"Organizer","url":"https:\/\/www.organisator.ch\/","logo":{"@type":"ImageObject","inLanguage":"en-US","@id":"https:\/\/www.organisator.ch\/#\/schema\/logo\/image\/","url":"https:\/\/www.organisator.ch\/wp-content\/uploads\/2022\/01\/Logo_Organisator_Website.png","contentUrl":"https:\/\/www.organisator.ch\/wp-content\/uploads\/2022\/01\/Logo_Organisator_Website.png","width":800,"height":77,"caption":"Organisator"},"image":{"@id":"https:\/\/www.organisator.ch\/#\/schema\/logo\/image\/"},"sameAs":["https:\/\/www.facebook.com\/OrganisatorFachmagazin","https:\/\/www.linkedin.com\/showcase\/organisator-das-magazin-fr-kmu","https:\/\/www.xing.com\/news\/pages\/organisator-ch-695","https:\/\/www.youtube.com\/channel\/UCGP2Sq0iWaZwT3BdIAQFYpw"]},{"@type":"Person","@id":"https:\/\/www.organisator.ch\/#\/schema\/person\/6f650f90b2842cd4c0cc334b4e36f67e","name":"thomas.berner","image":{"@type":"ImageObject","inLanguage":"en-US","@id":"https:\/\/secure.gravatar.com\/avatar\/ac5001d2a36cb6c6cd3e50789007ffca834b477b74a2144564522e944eabff61?s=96&d=mm&r=g","url":"https:\/\/secure.gravatar.com\/avatar\/ac5001d2a36cb6c6cd3e50789007ffca834b477b74a2144564522e944eabff61?s=96&d=mm&r=g","contentUrl":"https:\/\/secure.gravatar.com\/avatar\/ac5001d2a36cb6c6cd3e50789007ffca834b477b74a2144564522e944eabff61?s=96&d=mm&r=g","caption":"thomas.berner"},"url":"https:\/\/www.organisator.ch\/en\/author\/thomas-berner\/"}]}},"_links":{"self":[{"href":"https:\/\/www.organisator.ch\/en\/wp-json\/wp\/v2\/posts\/12833","targetHints":{"allow":["GET"]}}],"collection":[{"href":"https:\/\/www.organisator.ch\/en\/wp-json\/wp\/v2\/posts"}],"about":[{"href":"https:\/\/www.organisator.ch\/en\/wp-json\/wp\/v2\/types\/post"}],"author":[{"embeddable":true,"href":"https:\/\/www.organisator.ch\/en\/wp-json\/wp\/v2\/users\/4"}],"replies":[{"embeddable":true,"href":"https:\/\/www.organisator.ch\/en\/wp-json\/wp\/v2\/comments?post=12833"}],"version-history":[{"count":1,"href":"https:\/\/www.organisator.ch\/en\/wp-json\/wp\/v2\/posts\/12833\/revisions"}],"predecessor-version":[{"id":12837,"href":"https:\/\/www.organisator.ch\/en\/wp-json\/wp\/v2\/posts\/12833\/revisions\/12837"}],"wp:featuredmedia":[{"embeddable":true,"href":"https:\/\/www.organisator.ch\/en\/wp-json\/wp\/v2\/media\/12834"}],"wp:attachment":[{"href":"https:\/\/www.organisator.ch\/en\/wp-json\/wp\/v2\/media?parent=12833"}],"wp:term":[{"taxonomy":"category","embeddable":true,"href":"https:\/\/www.organisator.ch\/en\/wp-json\/wp\/v2\/categories?post=12833"},{"taxonomy":"post_tag","embeddable":true,"href":"https:\/\/www.organisator.ch\/en\/wp-json\/wp\/v2\/tags?post=12833"}],"curies":[{"name":"wp","href":"https:\/\/api.w.org\/{rel}","templated":true}]}}