{"id":12849,"date":"2022-05-12T16:10:46","date_gmt":"2022-05-12T14:10:46","guid":{"rendered":"https:\/\/www.werbewoche.ch\/?p=170965"},"modified":"2022-08-02T11:52:50","modified_gmt":"2022-08-02T09:52:50","slug":"eyeloveyou-neuer-gesamtauftritt-fuer-medics","status":"publish","type":"post","link":"https:\/\/www.organisator.ch\/en\/marketing\/2022-05-12\/eyeloveyou-neuer-gesamtauftritt-fuer-medics\/","title":{"rendered":"eyeloveyou: New overall appearance for Medics"},"content":{"rendered":"<img class=\"alignnone wp-image-170980 size-large\" src=\"https:\/\/www.werbewoche.ch\/wp-content\/uploads\/2022\/05\/ELY_MDX_Bildwelt_2500x1562px_5-1024x737.jpg\" alt=\"Medics\" width=\"768\" height=\"553\" \/>The new market presence reflects Medics' expertise in laboratory medicine. The previous departmental AGs will appear in a common look in the future.\r\n<h3>A new brand architecture<\/h3>\r\neyeloveyou used the precision of the daily work in the laboratory and the interaction of the different departments as a basis for the brand architecture, the logo refresh and the visual concept of the new overall appearance.\r\n\r\nIn close exchange with the client, color scheme, typography, visual language as well as a headline concept were developed and subsequently captured in a digital brand portal.\r\n\r\n<img class=\"alignnone wp-image-170981 size-large\" src=\"https:\/\/www.werbewoche.ch\/wp-content\/uploads\/2022\/05\/ELY_MDX_Bildwelt_2500x1562px_1-1024x737.jpg\" alt=\"Medics\" width=\"768\" height=\"553\" \/>\r\n<h3>A modular image world<\/h3>\r\nThe new image world consists of modular elements that, inspired by the process of cell division, can be flexibly combined depending on the area of application. It integrates different formats and publications and comes on the new website<a href=\"http:\/\/www.medics.ch\/\">\u00a0<\/a>in animated form.\r\n<h3>Broad range of measures<\/h3>\r\nBrochures for patients and partners, instructions for handling laboratory medical equipment, but also trade fair roll-ups, give-aways or the annual business report appear in an overall look that reflects Medics' expertise in analysis and laboratory services.\r\n\r\n<img class=\"alignnone wp-image-170982 size-large\" src=\"https:\/\/www.werbewoche.ch\/wp-content\/uploads\/2022\/05\/ELY_MDX_Rollups_2500x1390px-1024x569.jpg\" alt=\"Medics\" width=\"768\" height=\"427\" \/>\r\n\r\n<hr \/>\r\n\r\n<strong>Responsible at Medics:<\/strong> Felix Ackermann (Head of Customer Service &amp; Marketing), Alessandra Decorvet (Marketing Associate). <strong>Responsible at eyeloveyou<\/strong>Christoph Merkt (creative direction), Alexandra Theiler (screen design), Martin Sautter (video &amp; animation), Robin Bodmer (conception, strategy), Benedikt Lachenmeier (text), Zoe Bensmann, Oliver Kirschbaum (project management, consulting). <strong>Website programming:<\/strong> Liip. <strong>Photography:<\/strong> Mike Niederhauser (Merlin Photography)","protected":false},"excerpt":{"rendered":"<p>Der neue Auftritt am Markt bildet die labormedizinische Expertise von Medics ab. Die bisherigen Abteilungs-AGs erscheinen zuk\u00fcnftig im gemeinsamen Look. Eine neue Markenarchitektur Die Pr\u00e4zision der t\u00e4glichen Arbeit im Labor und das Zusammenspiel der verschiedenen Abteilungen hat eyeloveyou als Grundlage f\u00fcr die Markenarchitektur, den Logo-Refresh und das visuelle Konzept des neue Gesamtauftritts verwendet. In engem [\u2026]<\/p>\n","protected":false},"author":8,"featured_media":0,"comment_status":"closed","ping_status":"closed","sticky":false,"template":"","format":"standard","meta":{"_acf_changed":false,"_yoast_wpseo_focuskw":"Medics","_yoast_wpseo_metadesc":"Das Rebranding f\u00fcr Medics wurde von Eyeloveyou schrittweise im Hintergrund vorbereitet und getestet, sodass zum Stichtag s\u00e4mtliche Bereiche bereit, gepr\u00fcft und umgesetzt waren.","articlekey":"","footnotes":""},"categories":[29],"tags":[3242,3241,2851],"class_list":["post-12849","post","type-post","status-publish","format-standard","hentry","category-marketing","tag-eyeloveyou","tag-medics","tag-rebranding"],"acf":[],"yoast_head":"<!-- This site is optimized with the Yoast SEO plugin v27.4 - https:\/\/yoast.com\/product\/yoast-seo-wordpress\/ -->\n<title>eyeloveyou: Neuer Gesamtauftritt f\u00fcr Medics - Organisator<\/title>\n<meta name=\"description\" content=\"Das Rebranding f\u00fcr Medics wurde von Eyeloveyou schrittweise im Hintergrund vorbereitet und getestet, sodass zum Stichtag s\u00e4mtliche Bereiche bereit, gepr\u00fcft und umgesetzt waren.\" \/>\n<meta name=\"robots\" content=\"index, follow, max-snippet:-1, max-image-preview:large, max-video-preview:-1\" \/>\n<link rel=\"canonical\" href=\"https:\/\/www.werbewoche.ch\/de\/marketing\/marken\/2022-05-12\/eyeloveyou-neuer-gesamtauftritt-fuer-medics\/\" \/>\n<meta property=\"og:locale\" content=\"en_US\" \/>\n<meta property=\"og:type\" content=\"article\" \/>\n<meta property=\"og:title\" content=\"eyeloveyou: Neuer Gesamtauftritt f\u00fcr Medics - Organisator\" \/>\n<meta property=\"og:description\" content=\"Das Rebranding f\u00fcr Medics wurde von Eyeloveyou schrittweise im Hintergrund vorbereitet und getestet, sodass zum Stichtag s\u00e4mtliche Bereiche bereit, gepr\u00fcft und umgesetzt waren.\" \/>\n<meta property=\"og:url\" content=\"https:\/\/www.werbewoche.ch\/de\/marketing\/marken\/2022-05-12\/eyeloveyou-neuer-gesamtauftritt-fuer-medics\/\" \/>\n<meta property=\"og:site_name\" content=\"Organisator\" \/>\n<meta property=\"article:publisher\" content=\"https:\/\/www.facebook.com\/OrganisatorFachmagazin\" \/>\n<meta property=\"article:published_time\" content=\"2022-05-12T14:10:46+00:00\" \/>\n<meta property=\"article:modified_time\" content=\"2022-08-02T09:52:50+00:00\" \/>\n<meta property=\"og:image\" content=\"https:\/\/www.werbewoche.ch\/wp-content\/uploads\/2022\/05\/ELY_MDX_Bildwelt_2500x1562px_5-1024x737.jpg\" \/>\n<meta name=\"author\" content=\"galledia\" \/>\n<meta name=\"twitter:card\" content=\"summary_large_image\" \/>\n<meta name=\"twitter:creator\" content=\"@admin\" \/>\n<script type=\"application\/ld+json\" class=\"yoast-schema-graph\">{\"@context\":\"https:\\\/\\\/schema.org\",\"@graph\":[{\"@type\":\"Article\",\"@id\":\"https:\\\/\\\/www.werbewoche.ch\\\/de\\\/marketing\\\/marken\\\/2022-05-12\\\/eyeloveyou-neuer-gesamtauftritt-fuer-medics\\\/#article\",\"isPartOf\":{\"@id\":\"https:\\\/\\\/www.organisator.ch\\\/marketing\\\/2022-05-12\\\/eyeloveyou-neuer-gesamtauftritt-fuer-medics\\\/\"},\"author\":{\"name\":\"galledia\",\"@id\":\"https:\\\/\\\/www.organisator.ch\\\/#\\\/schema\\\/person\\\/4e51799071cd2dd1232ac003643ef5f0\"},\"headline\":\"eyeloveyou: Neuer Gesamtauftritt f\u00fcr Medics\",\"datePublished\":\"2022-05-12T14:10:46+00:00\",\"dateModified\":\"2022-08-02T09:52:50+00:00\",\"mainEntityOfPage\":{\"@id\":\"https:\\\/\\\/www.organisator.ch\\\/marketing\\\/2022-05-12\\\/eyeloveyou-neuer-gesamtauftritt-fuer-medics\\\/\"},\"wordCount\":215,\"publisher\":{\"@id\":\"https:\\\/\\\/www.organisator.ch\\\/#organization\"},\"image\":{\"@id\":\"https:\\\/\\\/www.werbewoche.ch\\\/de\\\/marketing\\\/marken\\\/2022-05-12\\\/eyeloveyou-neuer-gesamtauftritt-fuer-medics\\\/#primaryimage\"},\"thumbnailUrl\":\"https:\\\/\\\/www.werbewoche.ch\\\/wp-content\\\/uploads\\\/2022\\\/05\\\/ELY_MDX_Bildwelt_2500x1562px_5-1024x737.jpg\",\"keywords\":[\"eyeloveyou\",\"Medics\",\"Rebranding\"],\"articleSection\":[\"MARKETING\"],\"inLanguage\":\"en-US\"},{\"@type\":\"WebPage\",\"@id\":\"https:\\\/\\\/www.organisator.ch\\\/marketing\\\/2022-05-12\\\/eyeloveyou-neuer-gesamtauftritt-fuer-medics\\\/\",\"url\":\"https:\\\/\\\/www.werbewoche.ch\\\/de\\\/marketing\\\/marken\\\/2022-05-12\\\/eyeloveyou-neuer-gesamtauftritt-fuer-medics\\\/\",\"name\":\"eyeloveyou: Neuer Gesamtauftritt f\u00fcr Medics - Organisator\",\"isPartOf\":{\"@id\":\"https:\\\/\\\/www.organisator.ch\\\/#website\"},\"primaryImageOfPage\":{\"@id\":\"https:\\\/\\\/www.werbewoche.ch\\\/de\\\/marketing\\\/marken\\\/2022-05-12\\\/eyeloveyou-neuer-gesamtauftritt-fuer-medics\\\/#primaryimage\"},\"image\":{\"@id\":\"https:\\\/\\\/www.werbewoche.ch\\\/de\\\/marketing\\\/marken\\\/2022-05-12\\\/eyeloveyou-neuer-gesamtauftritt-fuer-medics\\\/#primaryimage\"},\"thumbnailUrl\":\"https:\\\/\\\/www.werbewoche.ch\\\/wp-content\\\/uploads\\\/2022\\\/05\\\/ELY_MDX_Bildwelt_2500x1562px_5-1024x737.jpg\",\"datePublished\":\"2022-05-12T14:10:46+00:00\",\"dateModified\":\"2022-08-02T09:52:50+00:00\",\"description\":\"Das Rebranding f\u00fcr Medics wurde von Eyeloveyou schrittweise im Hintergrund vorbereitet und getestet, sodass zum Stichtag s\u00e4mtliche Bereiche bereit, gepr\u00fcft und umgesetzt waren.\",\"breadcrumb\":{\"@id\":\"https:\\\/\\\/www.werbewoche.ch\\\/de\\\/marketing\\\/marken\\\/2022-05-12\\\/eyeloveyou-neuer-gesamtauftritt-fuer-medics\\\/#breadcrumb\"},\"inLanguage\":\"en-US\",\"potentialAction\":[{\"@type\":\"ReadAction\",\"target\":[\"https:\\\/\\\/www.werbewoche.ch\\\/de\\\/marketing\\\/marken\\\/2022-05-12\\\/eyeloveyou-neuer-gesamtauftritt-fuer-medics\\\/\"]}]},{\"@type\":\"ImageObject\",\"inLanguage\":\"en-US\",\"@id\":\"https:\\\/\\\/www.werbewoche.ch\\\/de\\\/marketing\\\/marken\\\/2022-05-12\\\/eyeloveyou-neuer-gesamtauftritt-fuer-medics\\\/#primaryimage\",\"url\":\"https:\\\/\\\/www.werbewoche.ch\\\/wp-content\\\/uploads\\\/2022\\\/05\\\/ELY_MDX_Bildwelt_2500x1562px_5-1024x737.jpg\",\"contentUrl\":\"https:\\\/\\\/www.werbewoche.ch\\\/wp-content\\\/uploads\\\/2022\\\/05\\\/ELY_MDX_Bildwelt_2500x1562px_5-1024x737.jpg\"},{\"@type\":\"BreadcrumbList\",\"@id\":\"https:\\\/\\\/www.werbewoche.ch\\\/de\\\/marketing\\\/marken\\\/2022-05-12\\\/eyeloveyou-neuer-gesamtauftritt-fuer-medics\\\/#breadcrumb\",\"itemListElement\":[{\"@type\":\"ListItem\",\"position\":1,\"name\":\"Home\",\"item\":\"https:\\\/\\\/www.organisator.ch\\\/\"},{\"@type\":\"ListItem\",\"position\":2,\"name\":\"eyeloveyou: Neuer Gesamtauftritt f\u00fcr Medics\"}]},{\"@type\":\"WebSite\",\"@id\":\"https:\\\/\\\/www.organisator.ch\\\/#website\",\"url\":\"https:\\\/\\\/www.organisator.ch\\\/\",\"name\":\"Organisator\",\"description\":\"Kompetent. Praxisnah. Der ORGANISATOR bereitet in 10 Ausgaben pro Jahr die wesentlichen Themen f\u00fcr F\u00fchrungskr\u00e4fte von KMU auf.\",\"publisher\":{\"@id\":\"https:\\\/\\\/www.organisator.ch\\\/#organization\"},\"potentialAction\":[{\"@type\":\"SearchAction\",\"target\":{\"@type\":\"EntryPoint\",\"urlTemplate\":\"https:\\\/\\\/www.organisator.ch\\\/?s={search_term_string}\"},\"query-input\":{\"@type\":\"PropertyValueSpecification\",\"valueRequired\":true,\"valueName\":\"search_term_string\"}}],\"inLanguage\":\"en-US\"},{\"@type\":\"Organization\",\"@id\":\"https:\\\/\\\/www.organisator.ch\\\/#organization\",\"name\":\"Organisator\",\"url\":\"https:\\\/\\\/www.organisator.ch\\\/\",\"logo\":{\"@type\":\"ImageObject\",\"inLanguage\":\"en-US\",\"@id\":\"https:\\\/\\\/www.organisator.ch\\\/#\\\/schema\\\/logo\\\/image\\\/\",\"url\":\"https:\\\/\\\/www.organisator.ch\\\/wp-content\\\/uploads\\\/2022\\\/01\\\/Logo_Organisator_Website.png\",\"contentUrl\":\"https:\\\/\\\/www.organisator.ch\\\/wp-content\\\/uploads\\\/2022\\\/01\\\/Logo_Organisator_Website.png\",\"width\":800,\"height\":77,\"caption\":\"Organisator\"},\"image\":{\"@id\":\"https:\\\/\\\/www.organisator.ch\\\/#\\\/schema\\\/logo\\\/image\\\/\"},\"sameAs\":[\"https:\\\/\\\/www.facebook.com\\\/OrganisatorFachmagazin\",\"https:\\\/\\\/www.linkedin.com\\\/showcase\\\/organisator-das-magazin-fr-kmu\",\"https:\\\/\\\/www.xing.com\\\/news\\\/pages\\\/organisator-ch-695\",\"https:\\\/\\\/www.youtube.com\\\/channel\\\/UCGP2Sq0iWaZwT3BdIAQFYpw\"]},{\"@type\":\"Person\",\"@id\":\"https:\\\/\\\/www.organisator.ch\\\/#\\\/schema\\\/person\\\/4e51799071cd2dd1232ac003643ef5f0\",\"name\":\"galledia\",\"image\":{\"@type\":\"ImageObject\",\"inLanguage\":\"en-US\",\"@id\":\"https:\\\/\\\/secure.gravatar.com\\\/avatar\\\/78a7f90c01fc2bfc875782a0d4922b37cde2cf184ce347b91316d23cd7f69a36?s=96&d=mm&r=g\",\"url\":\"https:\\\/\\\/secure.gravatar.com\\\/avatar\\\/78a7f90c01fc2bfc875782a0d4922b37cde2cf184ce347b91316d23cd7f69a36?s=96&d=mm&r=g\",\"contentUrl\":\"https:\\\/\\\/secure.gravatar.com\\\/avatar\\\/78a7f90c01fc2bfc875782a0d4922b37cde2cf184ce347b91316d23cd7f69a36?s=96&d=mm&r=g\",\"caption\":\"galledia\"},\"sameAs\":[\"https:\\\/\\\/x.com\\\/admin\"],\"url\":\"https:\\\/\\\/www.organisator.ch\\\/en\\\/author\\\/galledia\\\/\"}]}<\/script>\n<!-- \/ Yoast SEO plugin. -->","yoast_head_json":{"title":"eyeloveyou: New overall appearance for Medics - organizer","description":"The rebranding for Medics was prepared and tested by Eyeloveyou step by step in the background, so that by the deadline all areas were ready, tested and implemented.","robots":{"index":"index","follow":"follow","max-snippet":"max-snippet:-1","max-image-preview":"max-image-preview:large","max-video-preview":"max-video-preview:-1"},"canonical":"https:\/\/www.werbewoche.ch\/de\/marketing\/marken\/2022-05-12\/eyeloveyou-neuer-gesamtauftritt-fuer-medics\/","og_locale":"en_US","og_type":"article","og_title":"eyeloveyou: Neuer Gesamtauftritt f\u00fcr Medics - Organisator","og_description":"Das Rebranding f\u00fcr Medics wurde von Eyeloveyou schrittweise im Hintergrund vorbereitet und getestet, sodass zum Stichtag s\u00e4mtliche Bereiche bereit, gepr\u00fcft und umgesetzt waren.","og_url":"https:\/\/www.werbewoche.ch\/de\/marketing\/marken\/2022-05-12\/eyeloveyou-neuer-gesamtauftritt-fuer-medics\/","og_site_name":"Organisator","article_publisher":"https:\/\/www.facebook.com\/OrganisatorFachmagazin","article_published_time":"2022-05-12T14:10:46+00:00","article_modified_time":"2022-08-02T09:52:50+00:00","og_image":[{"url":"https:\/\/www.werbewoche.ch\/wp-content\/uploads\/2022\/05\/ELY_MDX_Bildwelt_2500x1562px_5-1024x737.jpg","type":"","width":"","height":""}],"author":"galledia","twitter_card":"summary_large_image","twitter_creator":"@admin","schema":{"@context":"https:\/\/schema.org","@graph":[{"@type":"Article","@id":"https:\/\/www.werbewoche.ch\/de\/marketing\/marken\/2022-05-12\/eyeloveyou-neuer-gesamtauftritt-fuer-medics\/#article","isPartOf":{"@id":"https:\/\/www.organisator.ch\/marketing\/2022-05-12\/eyeloveyou-neuer-gesamtauftritt-fuer-medics\/"},"author":{"name":"galledia","@id":"https:\/\/www.organisator.ch\/#\/schema\/person\/4e51799071cd2dd1232ac003643ef5f0"},"headline":"eyeloveyou: Neuer Gesamtauftritt f\u00fcr Medics","datePublished":"2022-05-12T14:10:46+00:00","dateModified":"2022-08-02T09:52:50+00:00","mainEntityOfPage":{"@id":"https:\/\/www.organisator.ch\/marketing\/2022-05-12\/eyeloveyou-neuer-gesamtauftritt-fuer-medics\/"},"wordCount":215,"publisher":{"@id":"https:\/\/www.organisator.ch\/#organization"},"image":{"@id":"https:\/\/www.werbewoche.ch\/de\/marketing\/marken\/2022-05-12\/eyeloveyou-neuer-gesamtauftritt-fuer-medics\/#primaryimage"},"thumbnailUrl":"https:\/\/www.werbewoche.ch\/wp-content\/uploads\/2022\/05\/ELY_MDX_Bildwelt_2500x1562px_5-1024x737.jpg","keywords":["eyeloveyou","Medics","Rebranding"],"articleSection":["MARKETING"],"inLanguage":"en-US"},{"@type":"WebPage","@id":"https:\/\/www.organisator.ch\/marketing\/2022-05-12\/eyeloveyou-neuer-gesamtauftritt-fuer-medics\/","url":"https:\/\/www.werbewoche.ch\/de\/marketing\/marken\/2022-05-12\/eyeloveyou-neuer-gesamtauftritt-fuer-medics\/","name":"eyeloveyou: New overall appearance for Medics - organizer","isPartOf":{"@id":"https:\/\/www.organisator.ch\/#website"},"primaryImageOfPage":{"@id":"https:\/\/www.werbewoche.ch\/de\/marketing\/marken\/2022-05-12\/eyeloveyou-neuer-gesamtauftritt-fuer-medics\/#primaryimage"},"image":{"@id":"https:\/\/www.werbewoche.ch\/de\/marketing\/marken\/2022-05-12\/eyeloveyou-neuer-gesamtauftritt-fuer-medics\/#primaryimage"},"thumbnailUrl":"https:\/\/www.werbewoche.ch\/wp-content\/uploads\/2022\/05\/ELY_MDX_Bildwelt_2500x1562px_5-1024x737.jpg","datePublished":"2022-05-12T14:10:46+00:00","dateModified":"2022-08-02T09:52:50+00:00","description":"The rebranding for Medics was prepared and tested by Eyeloveyou step by step in the background, so that by the deadline all areas were ready, tested and implemented.","breadcrumb":{"@id":"https:\/\/www.werbewoche.ch\/de\/marketing\/marken\/2022-05-12\/eyeloveyou-neuer-gesamtauftritt-fuer-medics\/#breadcrumb"},"inLanguage":"en-US","potentialAction":[{"@type":"ReadAction","target":["https:\/\/www.werbewoche.ch\/de\/marketing\/marken\/2022-05-12\/eyeloveyou-neuer-gesamtauftritt-fuer-medics\/"]}]},{"@type":"ImageObject","inLanguage":"en-US","@id":"https:\/\/www.werbewoche.ch\/de\/marketing\/marken\/2022-05-12\/eyeloveyou-neuer-gesamtauftritt-fuer-medics\/#primaryimage","url":"https:\/\/www.werbewoche.ch\/wp-content\/uploads\/2022\/05\/ELY_MDX_Bildwelt_2500x1562px_5-1024x737.jpg","contentUrl":"https:\/\/www.werbewoche.ch\/wp-content\/uploads\/2022\/05\/ELY_MDX_Bildwelt_2500x1562px_5-1024x737.jpg"},{"@type":"BreadcrumbList","@id":"https:\/\/www.werbewoche.ch\/de\/marketing\/marken\/2022-05-12\/eyeloveyou-neuer-gesamtauftritt-fuer-medics\/#breadcrumb","itemListElement":[{"@type":"ListItem","position":1,"name":"Home","item":"https:\/\/www.organisator.ch\/"},{"@type":"ListItem","position":2,"name":"eyeloveyou: Neuer Gesamtauftritt f\u00fcr Medics"}]},{"@type":"WebSite","@id":"https:\/\/www.organisator.ch\/#website","url":"https:\/\/www.organisator.ch\/","name":"Organizer","description":"Competent. Practical. In 10 issues per year, ORGANISATOR presents the essential topics for managers of SMEs.","publisher":{"@id":"https:\/\/www.organisator.ch\/#organization"},"potentialAction":[{"@type":"SearchAction","target":{"@type":"EntryPoint","urlTemplate":"https:\/\/www.organisator.ch\/?s={search_term_string}"},"query-input":{"@type":"PropertyValueSpecification","valueRequired":true,"valueName":"search_term_string"}}],"inLanguage":"en-US"},{"@type":"Organization","@id":"https:\/\/www.organisator.ch\/#organization","name":"Organizer","url":"https:\/\/www.organisator.ch\/","logo":{"@type":"ImageObject","inLanguage":"en-US","@id":"https:\/\/www.organisator.ch\/#\/schema\/logo\/image\/","url":"https:\/\/www.organisator.ch\/wp-content\/uploads\/2022\/01\/Logo_Organisator_Website.png","contentUrl":"https:\/\/www.organisator.ch\/wp-content\/uploads\/2022\/01\/Logo_Organisator_Website.png","width":800,"height":77,"caption":"Organisator"},"image":{"@id":"https:\/\/www.organisator.ch\/#\/schema\/logo\/image\/"},"sameAs":["https:\/\/www.facebook.com\/OrganisatorFachmagazin","https:\/\/www.linkedin.com\/showcase\/organisator-das-magazin-fr-kmu","https:\/\/www.xing.com\/news\/pages\/organisator-ch-695","https:\/\/www.youtube.com\/channel\/UCGP2Sq0iWaZwT3BdIAQFYpw"]},{"@type":"Person","@id":"https:\/\/www.organisator.ch\/#\/schema\/person\/4e51799071cd2dd1232ac003643ef5f0","name":"galledia","image":{"@type":"ImageObject","inLanguage":"en-US","@id":"https:\/\/secure.gravatar.com\/avatar\/78a7f90c01fc2bfc875782a0d4922b37cde2cf184ce347b91316d23cd7f69a36?s=96&d=mm&r=g","url":"https:\/\/secure.gravatar.com\/avatar\/78a7f90c01fc2bfc875782a0d4922b37cde2cf184ce347b91316d23cd7f69a36?s=96&d=mm&r=g","contentUrl":"https:\/\/secure.gravatar.com\/avatar\/78a7f90c01fc2bfc875782a0d4922b37cde2cf184ce347b91316d23cd7f69a36?s=96&d=mm&r=g","caption":"galledia"},"sameAs":["https:\/\/x.com\/admin"],"url":"https:\/\/www.organisator.ch\/en\/author\/galledia\/"}]}},"_links":{"self":[{"href":"https:\/\/www.organisator.ch\/en\/wp-json\/wp\/v2\/posts\/12849","targetHints":{"allow":["GET"]}}],"collection":[{"href":"https:\/\/www.organisator.ch\/en\/wp-json\/wp\/v2\/posts"}],"about":[{"href":"https:\/\/www.organisator.ch\/en\/wp-json\/wp\/v2\/types\/post"}],"author":[{"embeddable":true,"href":"https:\/\/www.organisator.ch\/en\/wp-json\/wp\/v2\/users\/8"}],"replies":[{"embeddable":true,"href":"https:\/\/www.organisator.ch\/en\/wp-json\/wp\/v2\/comments?post=12849"}],"version-history":[{"count":4,"href":"https:\/\/www.organisator.ch\/en\/wp-json\/wp\/v2\/posts\/12849\/revisions"}],"predecessor-version":[{"id":16124,"href":"https:\/\/www.organisator.ch\/en\/wp-json\/wp\/v2\/posts\/12849\/revisions\/16124"}],"wp:attachment":[{"href":"https:\/\/www.organisator.ch\/en\/wp-json\/wp\/v2\/media?parent=12849"}],"wp:term":[{"taxonomy":"category","embeddable":true,"href":"https:\/\/www.organisator.ch\/en\/wp-json\/wp\/v2\/categories?post=12849"},{"taxonomy":"post_tag","embeddable":true,"href":"https:\/\/www.organisator.ch\/en\/wp-json\/wp\/v2\/tags?post=12849"}],"curies":[{"name":"wp","href":"https:\/\/api.w.org\/{rel}","templated":true}]}}