{"id":1287,"date":"2017-10-17T17:21:07","date_gmt":"2017-10-17T15:21:07","guid":{"rendered":"https:\/\/www.umweltperspektiven.ch\/?p=1287"},"modified":"2022-02-09T11:06:55","modified_gmt":"2022-02-09T10:06:55","slug":"1287-2","status":"publish","type":"post","link":"https:\/\/www.organisator.ch\/en\/sustainability\/2017-10-17\/1287-2\/","title":{"rendered":"Climate change in Southern Europe"},"content":{"rendered":"<figure id=\"attachment_1288\" aria-describedby=\"caption-attachment-1288\" style=\"width: 680px\" class=\"wp-caption alignnone\"><img loading=\"lazy\" decoding=\"async\" class=\"size-medium wp-image-1288\" src=\"\/\/www.umweltperspektiven.ch\/wp-content\/uploads\/2017\/10\/Klimawandel-Wasser-knapp-Suedeuropa-up-umweltperspektiven.jpg\" alt=\"\" width=\"680\" height=\"435\" \/><figcaption id=\"caption-attachment-1288\" class=\"wp-caption-text\">Measurements show that it is getting drier in the Mediterranean region. An ETH study now confirms that this is linked to greenhouse gas emissions. (Image: depositphotos)<\/figcaption><\/figure>\n<p>Climate change is leaving its mark. Water is becoming increasingly scarce in southern Europe. That is the conclusion of a study by researchers at ETH Zurich published in the journal Nature Climate Change. According to the study, the fact that it has already become drier in southern Europe is very likely related to greenhouse gas emissions and the resulting climate change.<\/p>\n<p>The scientists led by Lukas Gudmundsson and Sonia Seneviratne from ETH compared data on runoff from several hundred small rivers over the period from 1956 to 2005 with climate model simulations. With these, they calculated how the water balance on land should have developed over this period with and without emissions from human activities.<\/p>\n<h2>Clear influence<\/h2>\n<p>\"The simulations with emissions were much more similar to the actual observations than those that excluded human influence,\" Gudmundsson explained in an interview with the sda news agency. While the possibility that local water management such as irrigation or natural climate fluctuations contribute additionally cannot be ruled out, he said, they cannot explain the observed trends on their own.<\/p>\n<p>\"Climate models predict by the end of the century that as climate change progresses, southern Europe will become drier and northern Europe wetter,\" Gudmundsson said. \"Our results add weight to these predictions: not only are these trends already visible, but they are demonstrably due to human influences.\"<\/p>\n<h2>Smart water management needed<\/h2>\n<p>Recommendations for local water management could not be derived because the study combined three large regions in Europe. For example, special circumstances such as the influence of glaciers on the water balance in Switzerland were not taken into account. However, it is clear that smart water management will be needed in the Mediterranean region in the future, says the ETH researcher.<\/p>\n<p>In a next step, the scientists now want to expand their analysis and investigate the influence of climate change on the regional freshwater budget worldwide. <span class=\"autor\">(Source: sda)<\/span><\/p>\n<p>&nbsp;<\/p>","protected":false},"excerpt":{"rendered":"<p>Der Klimawandel hinterl\u00e4sst Spuren. Wasser wird immer knapper in S\u00fcdeuropa. Das ist das Fazit einer Studie von Forschenden der ETH Z\u00fcrich, die im Fachblatt &#8222;Nature Climate Change&#8220; erschienen ist. Dass es im S\u00fcden Europas bereits trockener geworden ist, h\u00e4ngt demnach mit hoher Wahrscheinlichkeit mit Treibhausgasemissionen und dem daraus resultierenden Klimawandel zusammen. Die Wissenschaftler um Lukas [&hellip;]<\/p>\n","protected":false},"author":5,"featured_media":9516,"comment_status":"open","ping_status":"open","sticky":false,"template":"","format":"standard","meta":{"_acf_changed":false,"_yoast_wpseo_focuskw":"Klimawandel","_yoast_wpseo_metadesc":"Der Klimawandel l\u00e4sst in S\u00fcdeuropa das Wasser knapp werden: Eine ETH-Studie zeigt, dass sich der dortige R\u00fcckgang an S\u00fcsswasserressourcen vergr\u00f6ssert.","articlekey":"","footnotes":""},"categories":[580],"tags":[1128,1515,2518],"class_list":["post-1287","post","type-post","status-publish","format-standard","has-post-thumbnail","hentry","category-sustainability","tag-eth-zurich","tag-klimamodelle","tag-wasserknappheit"],"acf":[],"yoast_head":"<!-- This site is optimized with the Yoast SEO plugin v27.5 - https:\/\/yoast.com\/product\/yoast-seo-wordpress\/ -->\n<title>Klimawandel in S\u00fcdeuropa - Organisator<\/title>\n<meta name=\"description\" content=\"Der Klimawandel l\u00e4sst in S\u00fcdeuropa das Wasser knapp werden: Eine ETH-Studie zeigt, dass sich der dortige R\u00fcckgang an S\u00fcsswasserressourcen vergr\u00f6ssert.\" \/>\n<meta name=\"robots\" content=\"index, follow, max-snippet:-1, max-image-preview:large, max-video-preview:-1\" \/>\n<link rel=\"canonical\" href=\"https:\/\/www.organisator.ch\/en\/sustainability\/2017-10-17\/1287-2\/\" \/>\n<meta property=\"og:locale\" content=\"en_US\" \/>\n<meta property=\"og:type\" content=\"article\" \/>\n<meta property=\"og:title\" content=\"Klimawandel in S\u00fcdeuropa - Organisator\" \/>\n<meta property=\"og:description\" content=\"Der Klimawandel l\u00e4sst in S\u00fcdeuropa das Wasser knapp werden: Eine ETH-Studie zeigt, dass sich der dortige R\u00fcckgang an S\u00fcsswasserressourcen vergr\u00f6ssert.\" \/>\n<meta property=\"og:url\" content=\"https:\/\/www.organisator.ch\/en\/sustainability\/2017-10-17\/1287-2\/\" \/>\n<meta property=\"og:site_name\" content=\"Organisator\" \/>\n<meta property=\"article:publisher\" content=\"https:\/\/www.facebook.com\/OrganisatorFachmagazin\" \/>\n<meta property=\"article:published_time\" content=\"2017-10-17T15:21:07+00:00\" \/>\n<meta property=\"article:modified_time\" content=\"2022-02-09T10:06:55+00:00\" \/>\n<meta property=\"og:image\" content=\"https:\/\/www.organisator.ch\/wp-content\/uploads\/2017\/10\/Klimawandel-Wasser-knapp-Suedeuropa-up-umweltperspektiven.jpg\" \/>\n\t<meta property=\"og:image:width\" content=\"1000\" \/>\n\t<meta property=\"og:image:height\" content=\"640\" \/>\n\t<meta property=\"og:image:type\" content=\"image\/jpeg\" \/>\n<meta name=\"author\" content=\"michael.merz\" \/>\n<meta name=\"twitter:card\" content=\"summary_large_image\" \/>\n<script type=\"application\/ld+json\" class=\"yoast-schema-graph\">{\"@context\":\"https:\\\/\\\/schema.org\",\"@graph\":[{\"@type\":\"Article\",\"@id\":\"https:\\\/\\\/www.organisator.ch\\\/sustainability\\\/2017-10-17\\\/1287-2\\\/#article\",\"isPartOf\":{\"@id\":\"https:\\\/\\\/www.organisator.ch\\\/sustainability\\\/2017-10-17\\\/1287-2\\\/\"},\"author\":{\"name\":\"michael.merz\",\"@id\":\"https:\\\/\\\/www.organisator.ch\\\/#\\\/schema\\\/person\\\/134708ca9321c57b0362cceb7948ffbd\"},\"headline\":\"Klimawandel in S\u00fcdeuropa\",\"datePublished\":\"2017-10-17T15:21:07+00:00\",\"dateModified\":\"2022-02-09T10:06:55+00:00\",\"mainEntityOfPage\":{\"@id\":\"https:\\\/\\\/www.organisator.ch\\\/sustainability\\\/2017-10-17\\\/1287-2\\\/\"},\"wordCount\":335,\"commentCount\":0,\"publisher\":{\"@id\":\"https:\\\/\\\/www.organisator.ch\\\/#organization\"},\"image\":{\"@id\":\"https:\\\/\\\/www.organisator.ch\\\/sustainability\\\/2017-10-17\\\/1287-2\\\/#primaryimage\"},\"thumbnailUrl\":\"https:\\\/\\\/www.organisator.ch\\\/wp-content\\\/uploads\\\/2017\\\/10\\\/Klimawandel-Wasser-knapp-Suedeuropa-up-umweltperspektiven.jpg\",\"keywords\":[\"ETH Zurich\",\"Klimamodelle\",\"Wasserknappheit\"],\"articleSection\":[\"SUSTAINABILITY\"],\"inLanguage\":\"en-US\"},{\"@type\":\"WebPage\",\"@id\":\"https:\\\/\\\/www.organisator.ch\\\/sustainability\\\/2017-10-17\\\/1287-2\\\/\",\"url\":\"https:\\\/\\\/www.organisator.ch\\\/sustainability\\\/2017-10-17\\\/1287-2\\\/\",\"name\":\"Klimawandel in S\u00fcdeuropa - Organisator\",\"isPartOf\":{\"@id\":\"https:\\\/\\\/www.organisator.ch\\\/#website\"},\"primaryImageOfPage\":{\"@id\":\"https:\\\/\\\/www.organisator.ch\\\/sustainability\\\/2017-10-17\\\/1287-2\\\/#primaryimage\"},\"image\":{\"@id\":\"https:\\\/\\\/www.organisator.ch\\\/sustainability\\\/2017-10-17\\\/1287-2\\\/#primaryimage\"},\"thumbnailUrl\":\"https:\\\/\\\/www.organisator.ch\\\/wp-content\\\/uploads\\\/2017\\\/10\\\/Klimawandel-Wasser-knapp-Suedeuropa-up-umweltperspektiven.jpg\",\"datePublished\":\"2017-10-17T15:21:07+00:00\",\"dateModified\":\"2022-02-09T10:06:55+00:00\",\"description\":\"Der Klimawandel l\u00e4sst in S\u00fcdeuropa das Wasser knapp werden: Eine ETH-Studie zeigt, dass sich der dortige R\u00fcckgang an S\u00fcsswasserressourcen vergr\u00f6ssert.\",\"breadcrumb\":{\"@id\":\"https:\\\/\\\/www.organisator.ch\\\/sustainability\\\/2017-10-17\\\/1287-2\\\/#breadcrumb\"},\"inLanguage\":\"en-US\",\"potentialAction\":[{\"@type\":\"ReadAction\",\"target\":[\"https:\\\/\\\/www.organisator.ch\\\/sustainability\\\/2017-10-17\\\/1287-2\\\/\"]}]},{\"@type\":\"ImageObject\",\"inLanguage\":\"en-US\",\"@id\":\"https:\\\/\\\/www.organisator.ch\\\/sustainability\\\/2017-10-17\\\/1287-2\\\/#primaryimage\",\"url\":\"https:\\\/\\\/www.organisator.ch\\\/wp-content\\\/uploads\\\/2017\\\/10\\\/Klimawandel-Wasser-knapp-Suedeuropa-up-umweltperspektiven.jpg\",\"contentUrl\":\"https:\\\/\\\/www.organisator.ch\\\/wp-content\\\/uploads\\\/2017\\\/10\\\/Klimawandel-Wasser-knapp-Suedeuropa-up-umweltperspektiven.jpg\",\"width\":1000,\"height\":640,\"caption\":\"Im Mittelmeerraum wird es trockener, das zeigen Messungen. Eine ETH-Studie best\u00e4tigt nun, dass dies mit Treibhausgasemissionen zusammenh\u00e4ngt. (Bild: depositphotos)\"},{\"@type\":\"BreadcrumbList\",\"@id\":\"https:\\\/\\\/www.organisator.ch\\\/sustainability\\\/2017-10-17\\\/1287-2\\\/#breadcrumb\",\"itemListElement\":[{\"@type\":\"ListItem\",\"position\":1,\"name\":\"Home\",\"item\":\"https:\\\/\\\/www.organisator.ch\\\/\"},{\"@type\":\"ListItem\",\"position\":2,\"name\":\"Klimawandel in S\u00fcdeuropa\"}]},{\"@type\":\"WebSite\",\"@id\":\"https:\\\/\\\/www.organisator.ch\\\/#website\",\"url\":\"https:\\\/\\\/www.organisator.ch\\\/\",\"name\":\"Organisator\",\"description\":\"Kompetent. Praxisnah. Der ORGANISATOR bereitet in 10 Ausgaben pro Jahr die wesentlichen Themen f\u00fcr F\u00fchrungskr\u00e4fte von KMU auf.\",\"publisher\":{\"@id\":\"https:\\\/\\\/www.organisator.ch\\\/#organization\"},\"potentialAction\":[{\"@type\":\"SearchAction\",\"target\":{\"@type\":\"EntryPoint\",\"urlTemplate\":\"https:\\\/\\\/www.organisator.ch\\\/?s={search_term_string}\"},\"query-input\":{\"@type\":\"PropertyValueSpecification\",\"valueRequired\":true,\"valueName\":\"search_term_string\"}}],\"inLanguage\":\"en-US\"},{\"@type\":\"Organization\",\"@id\":\"https:\\\/\\\/www.organisator.ch\\\/#organization\",\"name\":\"Organisator\",\"url\":\"https:\\\/\\\/www.organisator.ch\\\/\",\"logo\":{\"@type\":\"ImageObject\",\"inLanguage\":\"en-US\",\"@id\":\"https:\\\/\\\/www.organisator.ch\\\/#\\\/schema\\\/logo\\\/image\\\/\",\"url\":\"https:\\\/\\\/www.organisator.ch\\\/wp-content\\\/uploads\\\/2022\\\/01\\\/Logo_Organisator_Website.png\",\"contentUrl\":\"https:\\\/\\\/www.organisator.ch\\\/wp-content\\\/uploads\\\/2022\\\/01\\\/Logo_Organisator_Website.png\",\"width\":800,\"height\":77,\"caption\":\"Organisator\"},\"image\":{\"@id\":\"https:\\\/\\\/www.organisator.ch\\\/#\\\/schema\\\/logo\\\/image\\\/\"},\"sameAs\":[\"https:\\\/\\\/www.facebook.com\\\/OrganisatorFachmagazin\",\"https:\\\/\\\/www.linkedin.com\\\/showcase\\\/organisator-das-magazin-fr-kmu\",\"https:\\\/\\\/www.xing.com\\\/news\\\/pages\\\/organisator-ch-695\",\"https:\\\/\\\/www.youtube.com\\\/channel\\\/UCGP2Sq0iWaZwT3BdIAQFYpw\"]},{\"@type\":\"Person\",\"@id\":\"https:\\\/\\\/www.organisator.ch\\\/#\\\/schema\\\/person\\\/134708ca9321c57b0362cceb7948ffbd\",\"name\":\"michael.merz\",\"image\":{\"@type\":\"ImageObject\",\"inLanguage\":\"en-US\",\"@id\":\"https:\\\/\\\/secure.gravatar.com\\\/avatar\\\/?s=96&d=mm&r=g\",\"url\":\"https:\\\/\\\/secure.gravatar.com\\\/avatar\\\/?s=96&d=mm&r=g\",\"contentUrl\":\"https:\\\/\\\/secure.gravatar.com\\\/avatar\\\/?s=96&d=mm&r=g\",\"caption\":\"michael.merz\"},\"url\":\"https:\\\/\\\/www.organisator.ch\\\/en\\\/author\\\/michael-merz\\\/\"}]}<\/script>\n<!-- \/ Yoast SEO plugin. -->","yoast_head_json":{"title":"Climate Change in Southern Europe - Organizer","description":"Climate change is causing water to become scarce in southern Europe: An ETH study shows that the decline in freshwater resources there is increasing.","robots":{"index":"index","follow":"follow","max-snippet":"max-snippet:-1","max-image-preview":"max-image-preview:large","max-video-preview":"max-video-preview:-1"},"canonical":"https:\/\/www.organisator.ch\/en\/sustainability\/2017-10-17\/1287-2\/","og_locale":"en_US","og_type":"article","og_title":"Klimawandel in S\u00fcdeuropa - Organisator","og_description":"Der Klimawandel l\u00e4sst in S\u00fcdeuropa das Wasser knapp werden: Eine ETH-Studie zeigt, dass sich der dortige R\u00fcckgang an S\u00fcsswasserressourcen vergr\u00f6ssert.","og_url":"https:\/\/www.organisator.ch\/en\/sustainability\/2017-10-17\/1287-2\/","og_site_name":"Organisator","article_publisher":"https:\/\/www.facebook.com\/OrganisatorFachmagazin","article_published_time":"2017-10-17T15:21:07+00:00","article_modified_time":"2022-02-09T10:06:55+00:00","og_image":[{"width":1000,"height":640,"url":"https:\/\/www.organisator.ch\/wp-content\/uploads\/2017\/10\/Klimawandel-Wasser-knapp-Suedeuropa-up-umweltperspektiven.jpg","type":"image\/jpeg"}],"author":"michael.merz","twitter_card":"summary_large_image","schema":{"@context":"https:\/\/schema.org","@graph":[{"@type":"Article","@id":"https:\/\/www.organisator.ch\/sustainability\/2017-10-17\/1287-2\/#article","isPartOf":{"@id":"https:\/\/www.organisator.ch\/sustainability\/2017-10-17\/1287-2\/"},"author":{"name":"michael.merz","@id":"https:\/\/www.organisator.ch\/#\/schema\/person\/134708ca9321c57b0362cceb7948ffbd"},"headline":"Klimawandel in S\u00fcdeuropa","datePublished":"2017-10-17T15:21:07+00:00","dateModified":"2022-02-09T10:06:55+00:00","mainEntityOfPage":{"@id":"https:\/\/www.organisator.ch\/sustainability\/2017-10-17\/1287-2\/"},"wordCount":335,"commentCount":0,"publisher":{"@id":"https:\/\/www.organisator.ch\/#organization"},"image":{"@id":"https:\/\/www.organisator.ch\/sustainability\/2017-10-17\/1287-2\/#primaryimage"},"thumbnailUrl":"https:\/\/www.organisator.ch\/wp-content\/uploads\/2017\/10\/Klimawandel-Wasser-knapp-Suedeuropa-up-umweltperspektiven.jpg","keywords":["ETH Zurich","Klimamodelle","Wasserknappheit"],"articleSection":["SUSTAINABILITY"],"inLanguage":"en-US"},{"@type":"WebPage","@id":"https:\/\/www.organisator.ch\/sustainability\/2017-10-17\/1287-2\/","url":"https:\/\/www.organisator.ch\/sustainability\/2017-10-17\/1287-2\/","name":"Climate Change in Southern Europe - Organizer","isPartOf":{"@id":"https:\/\/www.organisator.ch\/#website"},"primaryImageOfPage":{"@id":"https:\/\/www.organisator.ch\/sustainability\/2017-10-17\/1287-2\/#primaryimage"},"image":{"@id":"https:\/\/www.organisator.ch\/sustainability\/2017-10-17\/1287-2\/#primaryimage"},"thumbnailUrl":"https:\/\/www.organisator.ch\/wp-content\/uploads\/2017\/10\/Klimawandel-Wasser-knapp-Suedeuropa-up-umweltperspektiven.jpg","datePublished":"2017-10-17T15:21:07+00:00","dateModified":"2022-02-09T10:06:55+00:00","description":"Climate change is causing water to become scarce in southern Europe: An ETH study shows that the decline in freshwater resources there is increasing.","breadcrumb":{"@id":"https:\/\/www.organisator.ch\/sustainability\/2017-10-17\/1287-2\/#breadcrumb"},"inLanguage":"en-US","potentialAction":[{"@type":"ReadAction","target":["https:\/\/www.organisator.ch\/sustainability\/2017-10-17\/1287-2\/"]}]},{"@type":"ImageObject","inLanguage":"en-US","@id":"https:\/\/www.organisator.ch\/sustainability\/2017-10-17\/1287-2\/#primaryimage","url":"https:\/\/www.organisator.ch\/wp-content\/uploads\/2017\/10\/Klimawandel-Wasser-knapp-Suedeuropa-up-umweltperspektiven.jpg","contentUrl":"https:\/\/www.organisator.ch\/wp-content\/uploads\/2017\/10\/Klimawandel-Wasser-knapp-Suedeuropa-up-umweltperspektiven.jpg","width":1000,"height":640,"caption":"Im Mittelmeerraum wird es trockener, das zeigen Messungen. Eine ETH-Studie best\u00e4tigt nun, dass dies mit Treibhausgasemissionen zusammenh\u00e4ngt. (Bild: depositphotos)"},{"@type":"BreadcrumbList","@id":"https:\/\/www.organisator.ch\/sustainability\/2017-10-17\/1287-2\/#breadcrumb","itemListElement":[{"@type":"ListItem","position":1,"name":"Home","item":"https:\/\/www.organisator.ch\/"},{"@type":"ListItem","position":2,"name":"Klimawandel in S\u00fcdeuropa"}]},{"@type":"WebSite","@id":"https:\/\/www.organisator.ch\/#website","url":"https:\/\/www.organisator.ch\/","name":"Organizer","description":"Competent. Practical. In 10 issues per year, ORGANISATOR presents the essential topics for managers of SMEs.","publisher":{"@id":"https:\/\/www.organisator.ch\/#organization"},"potentialAction":[{"@type":"SearchAction","target":{"@type":"EntryPoint","urlTemplate":"https:\/\/www.organisator.ch\/?s={search_term_string}"},"query-input":{"@type":"PropertyValueSpecification","valueRequired":true,"valueName":"search_term_string"}}],"inLanguage":"en-US"},{"@type":"Organization","@id":"https:\/\/www.organisator.ch\/#organization","name":"Organizer","url":"https:\/\/www.organisator.ch\/","logo":{"@type":"ImageObject","inLanguage":"en-US","@id":"https:\/\/www.organisator.ch\/#\/schema\/logo\/image\/","url":"https:\/\/www.organisator.ch\/wp-content\/uploads\/2022\/01\/Logo_Organisator_Website.png","contentUrl":"https:\/\/www.organisator.ch\/wp-content\/uploads\/2022\/01\/Logo_Organisator_Website.png","width":800,"height":77,"caption":"Organisator"},"image":{"@id":"https:\/\/www.organisator.ch\/#\/schema\/logo\/image\/"},"sameAs":["https:\/\/www.facebook.com\/OrganisatorFachmagazin","https:\/\/www.linkedin.com\/showcase\/organisator-das-magazin-fr-kmu","https:\/\/www.xing.com\/news\/pages\/organisator-ch-695","https:\/\/www.youtube.com\/channel\/UCGP2Sq0iWaZwT3BdIAQFYpw"]},{"@type":"Person","@id":"https:\/\/www.organisator.ch\/#\/schema\/person\/134708ca9321c57b0362cceb7948ffbd","name":"michael.merz","image":{"@type":"ImageObject","inLanguage":"en-US","@id":"https:\/\/secure.gravatar.com\/avatar\/?s=96&d=mm&r=g","url":"https:\/\/secure.gravatar.com\/avatar\/?s=96&d=mm&r=g","contentUrl":"https:\/\/secure.gravatar.com\/avatar\/?s=96&d=mm&r=g","caption":"michael.merz"},"url":"https:\/\/www.organisator.ch\/en\/author\/michael-merz\/"}]}},"_links":{"self":[{"href":"https:\/\/www.organisator.ch\/en\/wp-json\/wp\/v2\/posts\/1287","targetHints":{"allow":["GET"]}}],"collection":[{"href":"https:\/\/www.organisator.ch\/en\/wp-json\/wp\/v2\/posts"}],"about":[{"href":"https:\/\/www.organisator.ch\/en\/wp-json\/wp\/v2\/types\/post"}],"author":[{"embeddable":true,"href":"https:\/\/www.organisator.ch\/en\/wp-json\/wp\/v2\/users\/5"}],"replies":[{"embeddable":true,"href":"https:\/\/www.organisator.ch\/en\/wp-json\/wp\/v2\/comments?post=1287"}],"version-history":[{"count":1,"href":"https:\/\/www.organisator.ch\/en\/wp-json\/wp\/v2\/posts\/1287\/revisions"}],"predecessor-version":[{"id":10724,"href":"https:\/\/www.organisator.ch\/en\/wp-json\/wp\/v2\/posts\/1287\/revisions\/10724"}],"wp:featuredmedia":[{"embeddable":true,"href":"https:\/\/www.organisator.ch\/en\/wp-json\/wp\/v2\/media\/9516"}],"wp:attachment":[{"href":"https:\/\/www.organisator.ch\/en\/wp-json\/wp\/v2\/media?parent=1287"}],"wp:term":[{"taxonomy":"category","embeddable":true,"href":"https:\/\/www.organisator.ch\/en\/wp-json\/wp\/v2\/categories?post=1287"},{"taxonomy":"post_tag","embeddable":true,"href":"https:\/\/www.organisator.ch\/en\/wp-json\/wp\/v2\/tags?post=1287"}],"curies":[{"name":"wp","href":"https:\/\/api.w.org\/{rel}","templated":true}]}}