{"id":12876,"date":"2022-05-13T17:26:50","date_gmt":"2022-05-13T15:26:50","guid":{"rendered":"https:\/\/www.werbewoche.ch\/?p=171135"},"modified":"2022-08-01T15:00:17","modified_gmt":"2022-08-01T13:00:17","slug":"gretz-communications-hat-neu-estland-im-portfolio","status":"publish","type":"post","link":"https:\/\/www.organisator.ch\/en\/marketing\/2022-05-13\/gretz-communications-hat-neu-estland-im-portfolio\/","title":{"rendered":"Gretz Communications has new Estonia in its portfolio"},"content":{"rendered":"<figure id=\"attachment_171136\" class=\"wp-caption alignnone\" style=\"width: 768px\" aria-describedby=\"caption-attachment-171136\"><img class=\"alignnone wp-image-171136 size-large\" src=\"https:\/\/www.werbewoche.ch\/wp-content\/uploads\/2022\/05\/Tallinn-Old-Town_Kaupo-Kalda1-1024x512.jpg\" alt=\"Portfolio\" width=\"768\" height=\"384\" \/><figcaption id=\"caption-attachment-171136\" class=\"wp-caption-text\">Tallinn, capital of Estonia.<\/figcaption><\/figure>\r\nGretz Communications, one of the leading Swiss PR agencies in tourism, can expand its portfolio with another destination: It has won the contract from Estonia in a pitch process. The mandate is to establish the travel destination as an independent vacation destination in the Swiss tourism landscape over the next few years. The aim is to promote and develop the destination among tour operators, so that a potpourri of offers ranging from round trips and city breaks to fly &amp; drive and active travel are available. The mandate also includes a targeted mix of B2B and B2C communication measures to raise awareness of Estonia among both trade and end customers.\r\n\r\n<img class=\"alignnone wp-image-171139 size-large\" src=\"https:\/\/www.werbewoche.ch\/wp-content\/uploads\/2022\/05\/Paernu-Strand-c-Visit-Paernu-1024x575.jpg\" alt=\"Portfolio\" width=\"768\" height=\"431\" \/> <img class=\"alignnone wp-image-171138 size-large\" src=\"https:\/\/www.werbewoche.ch\/wp-content\/uploads\/2022\/05\/Noblessner_Kaupo-Kalda5-1024x682.jpg\" alt=\"Portfolio\" width=\"768\" height=\"512\" \/> <img class=\"alignnone wp-image-171137 size-large\" src=\"https:\/\/www.werbewoche.ch\/wp-content\/uploads\/2022\/05\/Canoeing-on-Ahja-river-c-Katrin-Laurson-1024x643.jpg\" alt=\"Portfolio\" width=\"768\" height=\"482\" \/>\r\n\r\n\"The long-term view of Estonia is exciting and we are pleased to be able to anchor the destination sustainably in the Swiss market,\" says owner Gere Gretz.","protected":false},"excerpt":{"rendered":"<p>Gretz Communications, eine der f\u00fchrenden Schweizer PR-Agenturen im Tourismus, kann ihr Portfolio mit einer weiteren Destination ausbauen: Sie hat in einem Pitchverfahren den Auftrag von Estland gewonnen. Das Mandat besteht darin, die Reisedestination in den n\u00e4chsten Jahren als eigenst\u00e4ndiges Ferienziel in der Schweizer Tourismuslandschaft zu etablieren. Das Ziel: Die Destination soll bei den Reiseveranstaltern gef\u00f6rdert [\u2026]<\/p>\n","protected":false},"author":8,"featured_media":0,"comment_status":"closed","ping_status":"closed","sticky":false,"template":"","format":"standard","meta":{"_acf_changed":false,"_yoast_wpseo_focuskw":"Portfolio","_yoast_wpseo_metadesc":"Die Agentur f\u00fcr Tourismus und Lifestyle Gretz Communications holt sich Estland ins Portfolio. Das Mandat besteht darin, die Reisedestination in den n\u00e4chsten Jahren als eigenst\u00e4ndiges Ferienziel in der Schweizer Tourismuslandschaft zu etablieren.","articlekey":"","footnotes":""},"categories":[29],"tags":[3232,2855,1936],"class_list":["post-12876","post","type-post","status-publish","format-standard","hentry","category-marketing","tag-estland","tag-etats","tag-portfolio"],"acf":[],"yoast_head":"<!-- This site is optimized with the Yoast SEO plugin v27.5 - https:\/\/yoast.com\/product\/yoast-seo-wordpress\/ -->\n<title>Gretz Communications hat neu Estland im Portfolio - Organisator<\/title>\n<meta name=\"description\" content=\"Die Agentur f\u00fcr Tourismus und Lifestyle Gretz Communications holt sich Estland ins Portfolio. Das Mandat besteht darin, die Reisedestination in den n\u00e4chsten Jahren als eigenst\u00e4ndiges Ferienziel in der Schweizer Tourismuslandschaft zu etablieren.\" \/>\n<meta name=\"robots\" content=\"index, follow, max-snippet:-1, max-image-preview:large, max-video-preview:-1\" \/>\n<link rel=\"canonical\" href=\"https:\/\/www.werbewoche.ch\/de\/marketing\/2022-05-13\/gretz-communications-hat-neu-estland-im-portfolio\/\" \/>\n<meta property=\"og:locale\" content=\"en_US\" \/>\n<meta property=\"og:type\" content=\"article\" \/>\n<meta property=\"og:title\" content=\"Gretz Communications hat neu Estland im Portfolio - Organisator\" \/>\n<meta property=\"og:description\" content=\"Die Agentur f\u00fcr Tourismus und Lifestyle Gretz Communications holt sich Estland ins Portfolio. Das Mandat besteht darin, die Reisedestination in den n\u00e4chsten Jahren als eigenst\u00e4ndiges Ferienziel in der Schweizer Tourismuslandschaft zu etablieren.\" \/>\n<meta property=\"og:url\" content=\"https:\/\/www.werbewoche.ch\/de\/marketing\/2022-05-13\/gretz-communications-hat-neu-estland-im-portfolio\/\" \/>\n<meta property=\"og:site_name\" content=\"Organisator\" \/>\n<meta property=\"article:publisher\" content=\"https:\/\/www.facebook.com\/OrganisatorFachmagazin\" \/>\n<meta property=\"article:published_time\" content=\"2022-05-13T15:26:50+00:00\" \/>\n<meta property=\"article:modified_time\" content=\"2022-08-01T13:00:17+00:00\" \/>\n<meta property=\"og:image\" content=\"https:\/\/www.werbewoche.ch\/wp-content\/uploads\/2022\/05\/Tallinn-Old-Town_Kaupo-Kalda1-1024x512.jpg\" \/>\n<meta name=\"author\" content=\"galledia\" \/>\n<meta name=\"twitter:card\" content=\"summary_large_image\" \/>\n<meta name=\"twitter:creator\" content=\"@admin\" \/>\n<script type=\"application\/ld+json\" class=\"yoast-schema-graph\">{\"@context\":\"https:\\\/\\\/schema.org\",\"@graph\":[{\"@type\":\"Article\",\"@id\":\"https:\\\/\\\/www.werbewoche.ch\\\/de\\\/marketing\\\/2022-05-13\\\/gretz-communications-hat-neu-estland-im-portfolio\\\/#article\",\"isPartOf\":{\"@id\":\"https:\\\/\\\/www.organisator.ch\\\/marketing\\\/2022-05-13\\\/gretz-communications-hat-neu-estland-im-portfolio\\\/\"},\"author\":{\"name\":\"galledia\",\"@id\":\"https:\\\/\\\/www.organisator.ch\\\/#\\\/schema\\\/person\\\/4e51799071cd2dd1232ac003643ef5f0\"},\"headline\":\"Gretz Communications hat neu Estland im Portfolio\",\"datePublished\":\"2022-05-13T15:26:50+00:00\",\"dateModified\":\"2022-08-01T13:00:17+00:00\",\"mainEntityOfPage\":{\"@id\":\"https:\\\/\\\/www.organisator.ch\\\/marketing\\\/2022-05-13\\\/gretz-communications-hat-neu-estland-im-portfolio\\\/\"},\"wordCount\":143,\"publisher\":{\"@id\":\"https:\\\/\\\/www.organisator.ch\\\/#organization\"},\"image\":{\"@id\":\"https:\\\/\\\/www.werbewoche.ch\\\/de\\\/marketing\\\/2022-05-13\\\/gretz-communications-hat-neu-estland-im-portfolio\\\/#primaryimage\"},\"thumbnailUrl\":\"https:\\\/\\\/www.werbewoche.ch\\\/wp-content\\\/uploads\\\/2022\\\/05\\\/Tallinn-Old-Town_Kaupo-Kalda1-1024x512.jpg\",\"keywords\":[\"Estland\",\"Etats\",\"Portfolio\"],\"articleSection\":[\"MARKETING\"],\"inLanguage\":\"en-US\"},{\"@type\":\"WebPage\",\"@id\":\"https:\\\/\\\/www.organisator.ch\\\/marketing\\\/2022-05-13\\\/gretz-communications-hat-neu-estland-im-portfolio\\\/\",\"url\":\"https:\\\/\\\/www.werbewoche.ch\\\/de\\\/marketing\\\/2022-05-13\\\/gretz-communications-hat-neu-estland-im-portfolio\\\/\",\"name\":\"Gretz Communications hat neu Estland im Portfolio - Organisator\",\"isPartOf\":{\"@id\":\"https:\\\/\\\/www.organisator.ch\\\/#website\"},\"primaryImageOfPage\":{\"@id\":\"https:\\\/\\\/www.werbewoche.ch\\\/de\\\/marketing\\\/2022-05-13\\\/gretz-communications-hat-neu-estland-im-portfolio\\\/#primaryimage\"},\"image\":{\"@id\":\"https:\\\/\\\/www.werbewoche.ch\\\/de\\\/marketing\\\/2022-05-13\\\/gretz-communications-hat-neu-estland-im-portfolio\\\/#primaryimage\"},\"thumbnailUrl\":\"https:\\\/\\\/www.werbewoche.ch\\\/wp-content\\\/uploads\\\/2022\\\/05\\\/Tallinn-Old-Town_Kaupo-Kalda1-1024x512.jpg\",\"datePublished\":\"2022-05-13T15:26:50+00:00\",\"dateModified\":\"2022-08-01T13:00:17+00:00\",\"description\":\"Die Agentur f\u00fcr Tourismus und Lifestyle Gretz Communications holt sich Estland ins Portfolio. Das Mandat besteht darin, die Reisedestination in den n\u00e4chsten Jahren als eigenst\u00e4ndiges Ferienziel in der Schweizer Tourismuslandschaft zu etablieren.\",\"breadcrumb\":{\"@id\":\"https:\\\/\\\/www.werbewoche.ch\\\/de\\\/marketing\\\/2022-05-13\\\/gretz-communications-hat-neu-estland-im-portfolio\\\/#breadcrumb\"},\"inLanguage\":\"en-US\",\"potentialAction\":[{\"@type\":\"ReadAction\",\"target\":[\"https:\\\/\\\/www.werbewoche.ch\\\/de\\\/marketing\\\/2022-05-13\\\/gretz-communications-hat-neu-estland-im-portfolio\\\/\"]}]},{\"@type\":\"ImageObject\",\"inLanguage\":\"en-US\",\"@id\":\"https:\\\/\\\/www.werbewoche.ch\\\/de\\\/marketing\\\/2022-05-13\\\/gretz-communications-hat-neu-estland-im-portfolio\\\/#primaryimage\",\"url\":\"https:\\\/\\\/www.werbewoche.ch\\\/wp-content\\\/uploads\\\/2022\\\/05\\\/Tallinn-Old-Town_Kaupo-Kalda1-1024x512.jpg\",\"contentUrl\":\"https:\\\/\\\/www.werbewoche.ch\\\/wp-content\\\/uploads\\\/2022\\\/05\\\/Tallinn-Old-Town_Kaupo-Kalda1-1024x512.jpg\"},{\"@type\":\"BreadcrumbList\",\"@id\":\"https:\\\/\\\/www.werbewoche.ch\\\/de\\\/marketing\\\/2022-05-13\\\/gretz-communications-hat-neu-estland-im-portfolio\\\/#breadcrumb\",\"itemListElement\":[{\"@type\":\"ListItem\",\"position\":1,\"name\":\"Home\",\"item\":\"https:\\\/\\\/www.organisator.ch\\\/\"},{\"@type\":\"ListItem\",\"position\":2,\"name\":\"Gretz Communications hat neu Estland im Portfolio\"}]},{\"@type\":\"WebSite\",\"@id\":\"https:\\\/\\\/www.organisator.ch\\\/#website\",\"url\":\"https:\\\/\\\/www.organisator.ch\\\/\",\"name\":\"Organisator\",\"description\":\"Kompetent. Praxisnah. Der ORGANISATOR bereitet in 10 Ausgaben pro Jahr die wesentlichen Themen f\u00fcr F\u00fchrungskr\u00e4fte von KMU auf.\",\"publisher\":{\"@id\":\"https:\\\/\\\/www.organisator.ch\\\/#organization\"},\"potentialAction\":[{\"@type\":\"SearchAction\",\"target\":{\"@type\":\"EntryPoint\",\"urlTemplate\":\"https:\\\/\\\/www.organisator.ch\\\/?s={search_term_string}\"},\"query-input\":{\"@type\":\"PropertyValueSpecification\",\"valueRequired\":true,\"valueName\":\"search_term_string\"}}],\"inLanguage\":\"en-US\"},{\"@type\":\"Organization\",\"@id\":\"https:\\\/\\\/www.organisator.ch\\\/#organization\",\"name\":\"Organisator\",\"url\":\"https:\\\/\\\/www.organisator.ch\\\/\",\"logo\":{\"@type\":\"ImageObject\",\"inLanguage\":\"en-US\",\"@id\":\"https:\\\/\\\/www.organisator.ch\\\/#\\\/schema\\\/logo\\\/image\\\/\",\"url\":\"https:\\\/\\\/www.organisator.ch\\\/wp-content\\\/uploads\\\/2022\\\/01\\\/Logo_Organisator_Website.png\",\"contentUrl\":\"https:\\\/\\\/www.organisator.ch\\\/wp-content\\\/uploads\\\/2022\\\/01\\\/Logo_Organisator_Website.png\",\"width\":800,\"height\":77,\"caption\":\"Organisator\"},\"image\":{\"@id\":\"https:\\\/\\\/www.organisator.ch\\\/#\\\/schema\\\/logo\\\/image\\\/\"},\"sameAs\":[\"https:\\\/\\\/www.facebook.com\\\/OrganisatorFachmagazin\",\"https:\\\/\\\/www.linkedin.com\\\/showcase\\\/organisator-das-magazin-fr-kmu\",\"https:\\\/\\\/www.xing.com\\\/news\\\/pages\\\/organisator-ch-695\",\"https:\\\/\\\/www.youtube.com\\\/channel\\\/UCGP2Sq0iWaZwT3BdIAQFYpw\"]},{\"@type\":\"Person\",\"@id\":\"https:\\\/\\\/www.organisator.ch\\\/#\\\/schema\\\/person\\\/4e51799071cd2dd1232ac003643ef5f0\",\"name\":\"galledia\",\"image\":{\"@type\":\"ImageObject\",\"inLanguage\":\"en-US\",\"@id\":\"https:\\\/\\\/secure.gravatar.com\\\/avatar\\\/78a7f90c01fc2bfc875782a0d4922b37cde2cf184ce347b91316d23cd7f69a36?s=96&d=mm&r=g\",\"url\":\"https:\\\/\\\/secure.gravatar.com\\\/avatar\\\/78a7f90c01fc2bfc875782a0d4922b37cde2cf184ce347b91316d23cd7f69a36?s=96&d=mm&r=g\",\"contentUrl\":\"https:\\\/\\\/secure.gravatar.com\\\/avatar\\\/78a7f90c01fc2bfc875782a0d4922b37cde2cf184ce347b91316d23cd7f69a36?s=96&d=mm&r=g\",\"caption\":\"galledia\"},\"sameAs\":[\"https:\\\/\\\/x.com\\\/admin\"],\"url\":\"https:\\\/\\\/www.organisator.ch\\\/en\\\/author\\\/galledia\\\/\"}]}<\/script>\n<!-- \/ Yoast SEO plugin. -->","yoast_head_json":{"title":"Gretz Communications has new Estonia in its portfolio - organizer","description":"The agency for tourism and lifestyle Gretz Communications brings Estonia into its portfolio. The mandate is to establish the travel destination as an independent vacation destination in the Swiss tourism landscape over the next few years.","robots":{"index":"index","follow":"follow","max-snippet":"max-snippet:-1","max-image-preview":"max-image-preview:large","max-video-preview":"max-video-preview:-1"},"canonical":"https:\/\/www.werbewoche.ch\/de\/marketing\/2022-05-13\/gretz-communications-hat-neu-estland-im-portfolio\/","og_locale":"en_US","og_type":"article","og_title":"Gretz Communications hat neu Estland im Portfolio - Organisator","og_description":"Die Agentur f\u00fcr Tourismus und Lifestyle Gretz Communications holt sich Estland ins Portfolio. Das Mandat besteht darin, die Reisedestination in den n\u00e4chsten Jahren als eigenst\u00e4ndiges Ferienziel in der Schweizer Tourismuslandschaft zu etablieren.","og_url":"https:\/\/www.werbewoche.ch\/de\/marketing\/2022-05-13\/gretz-communications-hat-neu-estland-im-portfolio\/","og_site_name":"Organisator","article_publisher":"https:\/\/www.facebook.com\/OrganisatorFachmagazin","article_published_time":"2022-05-13T15:26:50+00:00","article_modified_time":"2022-08-01T13:00:17+00:00","og_image":[{"url":"https:\/\/www.werbewoche.ch\/wp-content\/uploads\/2022\/05\/Tallinn-Old-Town_Kaupo-Kalda1-1024x512.jpg","type":"","width":"","height":""}],"author":"galledia","twitter_card":"summary_large_image","twitter_creator":"@admin","schema":{"@context":"https:\/\/schema.org","@graph":[{"@type":"Article","@id":"https:\/\/www.werbewoche.ch\/de\/marketing\/2022-05-13\/gretz-communications-hat-neu-estland-im-portfolio\/#article","isPartOf":{"@id":"https:\/\/www.organisator.ch\/marketing\/2022-05-13\/gretz-communications-hat-neu-estland-im-portfolio\/"},"author":{"name":"galledia","@id":"https:\/\/www.organisator.ch\/#\/schema\/person\/4e51799071cd2dd1232ac003643ef5f0"},"headline":"Gretz Communications hat neu Estland im Portfolio","datePublished":"2022-05-13T15:26:50+00:00","dateModified":"2022-08-01T13:00:17+00:00","mainEntityOfPage":{"@id":"https:\/\/www.organisator.ch\/marketing\/2022-05-13\/gretz-communications-hat-neu-estland-im-portfolio\/"},"wordCount":143,"publisher":{"@id":"https:\/\/www.organisator.ch\/#organization"},"image":{"@id":"https:\/\/www.werbewoche.ch\/de\/marketing\/2022-05-13\/gretz-communications-hat-neu-estland-im-portfolio\/#primaryimage"},"thumbnailUrl":"https:\/\/www.werbewoche.ch\/wp-content\/uploads\/2022\/05\/Tallinn-Old-Town_Kaupo-Kalda1-1024x512.jpg","keywords":["Estland","Etats","Portfolio"],"articleSection":["MARKETING"],"inLanguage":"en-US"},{"@type":"WebPage","@id":"https:\/\/www.organisator.ch\/marketing\/2022-05-13\/gretz-communications-hat-neu-estland-im-portfolio\/","url":"https:\/\/www.werbewoche.ch\/de\/marketing\/2022-05-13\/gretz-communications-hat-neu-estland-im-portfolio\/","name":"Gretz Communications has new Estonia in its portfolio - organizer","isPartOf":{"@id":"https:\/\/www.organisator.ch\/#website"},"primaryImageOfPage":{"@id":"https:\/\/www.werbewoche.ch\/de\/marketing\/2022-05-13\/gretz-communications-hat-neu-estland-im-portfolio\/#primaryimage"},"image":{"@id":"https:\/\/www.werbewoche.ch\/de\/marketing\/2022-05-13\/gretz-communications-hat-neu-estland-im-portfolio\/#primaryimage"},"thumbnailUrl":"https:\/\/www.werbewoche.ch\/wp-content\/uploads\/2022\/05\/Tallinn-Old-Town_Kaupo-Kalda1-1024x512.jpg","datePublished":"2022-05-13T15:26:50+00:00","dateModified":"2022-08-01T13:00:17+00:00","description":"The agency for tourism and lifestyle Gretz Communications brings Estonia into its portfolio. The mandate is to establish the travel destination as an independent vacation destination in the Swiss tourism landscape over the next few years.","breadcrumb":{"@id":"https:\/\/www.werbewoche.ch\/de\/marketing\/2022-05-13\/gretz-communications-hat-neu-estland-im-portfolio\/#breadcrumb"},"inLanguage":"en-US","potentialAction":[{"@type":"ReadAction","target":["https:\/\/www.werbewoche.ch\/de\/marketing\/2022-05-13\/gretz-communications-hat-neu-estland-im-portfolio\/"]}]},{"@type":"ImageObject","inLanguage":"en-US","@id":"https:\/\/www.werbewoche.ch\/de\/marketing\/2022-05-13\/gretz-communications-hat-neu-estland-im-portfolio\/#primaryimage","url":"https:\/\/www.werbewoche.ch\/wp-content\/uploads\/2022\/05\/Tallinn-Old-Town_Kaupo-Kalda1-1024x512.jpg","contentUrl":"https:\/\/www.werbewoche.ch\/wp-content\/uploads\/2022\/05\/Tallinn-Old-Town_Kaupo-Kalda1-1024x512.jpg"},{"@type":"BreadcrumbList","@id":"https:\/\/www.werbewoche.ch\/de\/marketing\/2022-05-13\/gretz-communications-hat-neu-estland-im-portfolio\/#breadcrumb","itemListElement":[{"@type":"ListItem","position":1,"name":"Home","item":"https:\/\/www.organisator.ch\/"},{"@type":"ListItem","position":2,"name":"Gretz Communications hat neu Estland im Portfolio"}]},{"@type":"WebSite","@id":"https:\/\/www.organisator.ch\/#website","url":"https:\/\/www.organisator.ch\/","name":"Organizer","description":"Competent. Practical. In 10 issues per year, ORGANISATOR presents the essential topics for managers of SMEs.","publisher":{"@id":"https:\/\/www.organisator.ch\/#organization"},"potentialAction":[{"@type":"SearchAction","target":{"@type":"EntryPoint","urlTemplate":"https:\/\/www.organisator.ch\/?s={search_term_string}"},"query-input":{"@type":"PropertyValueSpecification","valueRequired":true,"valueName":"search_term_string"}}],"inLanguage":"en-US"},{"@type":"Organization","@id":"https:\/\/www.organisator.ch\/#organization","name":"Organizer","url":"https:\/\/www.organisator.ch\/","logo":{"@type":"ImageObject","inLanguage":"en-US","@id":"https:\/\/www.organisator.ch\/#\/schema\/logo\/image\/","url":"https:\/\/www.organisator.ch\/wp-content\/uploads\/2022\/01\/Logo_Organisator_Website.png","contentUrl":"https:\/\/www.organisator.ch\/wp-content\/uploads\/2022\/01\/Logo_Organisator_Website.png","width":800,"height":77,"caption":"Organisator"},"image":{"@id":"https:\/\/www.organisator.ch\/#\/schema\/logo\/image\/"},"sameAs":["https:\/\/www.facebook.com\/OrganisatorFachmagazin","https:\/\/www.linkedin.com\/showcase\/organisator-das-magazin-fr-kmu","https:\/\/www.xing.com\/news\/pages\/organisator-ch-695","https:\/\/www.youtube.com\/channel\/UCGP2Sq0iWaZwT3BdIAQFYpw"]},{"@type":"Person","@id":"https:\/\/www.organisator.ch\/#\/schema\/person\/4e51799071cd2dd1232ac003643ef5f0","name":"galledia","image":{"@type":"ImageObject","inLanguage":"en-US","@id":"https:\/\/secure.gravatar.com\/avatar\/78a7f90c01fc2bfc875782a0d4922b37cde2cf184ce347b91316d23cd7f69a36?s=96&d=mm&r=g","url":"https:\/\/secure.gravatar.com\/avatar\/78a7f90c01fc2bfc875782a0d4922b37cde2cf184ce347b91316d23cd7f69a36?s=96&d=mm&r=g","contentUrl":"https:\/\/secure.gravatar.com\/avatar\/78a7f90c01fc2bfc875782a0d4922b37cde2cf184ce347b91316d23cd7f69a36?s=96&d=mm&r=g","caption":"galledia"},"sameAs":["https:\/\/x.com\/admin"],"url":"https:\/\/www.organisator.ch\/en\/author\/galledia\/"}]}},"_links":{"self":[{"href":"https:\/\/www.organisator.ch\/en\/wp-json\/wp\/v2\/posts\/12876","targetHints":{"allow":["GET"]}}],"collection":[{"href":"https:\/\/www.organisator.ch\/en\/wp-json\/wp\/v2\/posts"}],"about":[{"href":"https:\/\/www.organisator.ch\/en\/wp-json\/wp\/v2\/types\/post"}],"author":[{"embeddable":true,"href":"https:\/\/www.organisator.ch\/en\/wp-json\/wp\/v2\/users\/8"}],"replies":[{"embeddable":true,"href":"https:\/\/www.organisator.ch\/en\/wp-json\/wp\/v2\/comments?post=12876"}],"version-history":[{"count":3,"href":"https:\/\/www.organisator.ch\/en\/wp-json\/wp\/v2\/posts\/12876\/revisions"}],"predecessor-version":[{"id":16089,"href":"https:\/\/www.organisator.ch\/en\/wp-json\/wp\/v2\/posts\/12876\/revisions\/16089"}],"wp:attachment":[{"href":"https:\/\/www.organisator.ch\/en\/wp-json\/wp\/v2\/media?parent=12876"}],"wp:term":[{"taxonomy":"category","embeddable":true,"href":"https:\/\/www.organisator.ch\/en\/wp-json\/wp\/v2\/categories?post=12876"},{"taxonomy":"post_tag","embeddable":true,"href":"https:\/\/www.organisator.ch\/en\/wp-json\/wp\/v2\/tags?post=12876"}],"curies":[{"name":"wp","href":"https:\/\/api.w.org\/{rel}","templated":true}]}}