{"id":12887,"date":"2022-05-16T12:15:28","date_gmt":"2022-05-16T10:15:28","guid":{"rendered":"https:\/\/www.werbewoche.ch\/?p=171178"},"modified":"2022-07-30T15:31:28","modified_gmt":"2022-07-30T13:31:28","slug":"womens-work-lunch-in-the-crown-hall","status":"publish","type":"post","link":"https:\/\/www.organisator.ch\/en\/marketing\/2022-05-16\/frauenarbeit-lunch-in-der-kronenhalle\/","title":{"rendered":"1TP4Women's Work Lunch at the Crown Hall"},"content":{"rendered":"<figure id=\"attachment_171180\" class=\"wp-caption alignnone\" style=\"width: 768px\" aria-describedby=\"caption-attachment-171180\"><img class=\"alignnone wp-image-171180 size-large\" src=\"https:\/\/www.werbewoche.ch\/wp-content\/uploads\/2022\/05\/frauenarbeit_0221-1024x683.jpg\" alt=\"Crown Hall\" width=\"768\" height=\"512\" \/><figcaption id=\"caption-attachment-171180\" class=\"wp-caption-text\">Regula B\u00fchrer Fecker, initiator of #Frauenarbeit welcomes the guests. \u00a9 Djamila Grossman \/ University Communication ZHdK.<\/figcaption><\/figure>\r\n#Frauenarbeit is the largest Swiss platform for young women and careers. The initiative was initiated five years ago by Rod recruiter Regula B\u00fchrer Fecker. The aim is to bring together, encourage and inspire young women with professional ambitions. Meanwhile, the community counts more than 12,000 followers on Instagram and is active in introducing and networking with female Swiss Role Models. On Friday, May 13, the foundation #Frauenarbeit invited 60 women from the fields of finance, media, marketing, communication and culture to lunch at the Kronenhalle. It is the second execution of this networking lunch. There was much laughter, intensive exchange, networking and plans for the future. Hulda Zumsteg, patron of the Kronenhalle, would certainly have been proud. The #Women's Work Lunch is an annual event and attendance is by personal invitation only. If you would like to follow #Women's Work, you can do so on Instagram at @women'swork.\r\n<h3>Here are some impressions<\/h3>\r\n(all images \u00a9 Djamila Grossman \/ University Communication ZHdK)\r\n\r\n<img class=\"alignnone wp-image-171182 size-large\" src=\"https:\/\/www.werbewoche.ch\/wp-content\/uploads\/2022\/05\/frauenarbeit_0024-1024x682.jpg\" alt=\"Crown Hall\" width=\"768\" height=\"512\" \/>\r\n<figure id=\"attachment_171183\" class=\"wp-caption alignnone\" style=\"width: 768px\" aria-describedby=\"caption-attachment-171183\"><img class=\"alignnone wp-image-171183 size-large\" src=\"https:\/\/www.werbewoche.ch\/wp-content\/uploads\/2022\/05\/frauenarbeit_0054-1024x682.jpg\" alt=\"Crown Hall\" width=\"768\" height=\"512\" \/><figcaption id=\"caption-attachment-171183\" class=\"wp-caption-text\">Regula B\u00fchrer Fecker, Initiator of #Women's Work and Advertiser and Partner at Rod Kommunikation.<\/figcaption><\/figure>\r\n<figure id=\"attachment_171184\" class=\"wp-caption alignnone\" style=\"width: 768px\" aria-describedby=\"caption-attachment-171184\"><img class=\"alignnone wp-image-171184 size-large\" src=\"https:\/\/www.werbewoche.ch\/wp-content\/uploads\/2022\/05\/Katja-Schoenenberger-1024x682.jpg\" alt=\"Crown Hall\" width=\"768\" height=\"512\" \/><figcaption id=\"caption-attachment-171184\" class=\"wp-caption-text\">Regula B\u00fchrer Fecker in conversation with Katja Sch\u00f6nenberger from Pro Juventute.<\/figcaption><\/figure>\r\n<figure id=\"attachment_171185\" class=\"wp-caption alignnone\" style=\"width: 768px\" aria-describedby=\"caption-attachment-171185\"><img class=\"alignnone wp-image-171185 size-large\" src=\"https:\/\/www.werbewoche.ch\/wp-content\/uploads\/2022\/05\/Kerstin-Yael-Andres-1024x682.jpg\" alt=\"Crown Hall\" width=\"768\" height=\"512\" \/><figcaption id=\"caption-attachment-171185\" class=\"wp-caption-text\">Kerstin Hasse from Tamedia and Yael Anders, freelance.<\/figcaption><\/figure>\r\n<figure id=\"attachment_171186\" class=\"wp-caption alignnone\" style=\"width: 768px\" aria-describedby=\"caption-attachment-171186\"><img class=\"alignnone wp-image-171186 size-large\" src=\"https:\/\/www.werbewoche.ch\/wp-content\/uploads\/2022\/05\/Kiki-und-Lauren-1024x682.jpg\" alt=\"Crown Hall\" width=\"768\" height=\"512\" \/><figcaption id=\"caption-attachment-171186\" class=\"wp-caption-text\">Kiki Maeder, SRF (left) and Lauren Wildbolz, Future Cuisine.<\/figcaption><\/figure>\r\n<figure id=\"attachment_171187\" class=\"wp-caption alignnone\" style=\"width: 768px\" aria-describedby=\"caption-attachment-171187\"><img class=\"alignnone wp-image-171187 size-large\" src=\"https:\/\/www.werbewoche.ch\/wp-content\/uploads\/2022\/05\/Manuela-Albrecht-1024x682.jpg\" alt=\"Crown Hall\" width=\"768\" height=\"512\" \/><figcaption id=\"caption-attachment-171187\" class=\"wp-caption-text\">Manuela Albrecht, Rod Communication.<\/figcaption><\/figure>\r\n<figure id=\"attachment_171189\" class=\"wp-caption alignnone\" style=\"width: 768px\" aria-describedby=\"caption-attachment-171189\"><img class=\"alignnone wp-image-171189 size-large\" src=\"https:\/\/www.werbewoche.ch\/wp-content\/uploads\/2022\/05\/Manuela-Leonhard-1024x682.jpg\" alt=\"Crown Hall\" width=\"768\" height=\"512\" \/><figcaption id=\"caption-attachment-171189\" class=\"wp-caption-text\">Manuela Leonhard, City of Zurich.<\/figcaption><\/figure>\r\n<figure id=\"attachment_171190\" class=\"wp-caption alignnone\" style=\"width: 768px\" aria-describedby=\"caption-attachment-171190\"><img class=\"alignnone wp-image-171190 size-large\" src=\"https:\/\/www.werbewoche.ch\/wp-content\/uploads\/2022\/05\/Michele-Widmer-1024x682.jpg\" alt=\"Crown Hall\" width=\"768\" height=\"512\" \/><figcaption id=\"caption-attachment-171190\" class=\"wp-caption-text\">Mich\u00e8le Widmer, Personal.<\/figcaption><\/figure>\r\n<figure id=\"attachment_171191\" class=\"wp-caption alignnone\" style=\"width: 768px\" aria-describedby=\"caption-attachment-171191\"><img class=\"alignnone wp-image-171191 size-large\" src=\"https:\/\/www.werbewoche.ch\/wp-content\/uploads\/2022\/05\/Nina-Krucker-1024x682.jpg\" alt=\"Crown Hall\" width=\"768\" height=\"512\" \/><figcaption id=\"caption-attachment-171191\" class=\"wp-caption-text\">Nina Krucker, Farner Consulting (left) and Judith Weber, #rauenarbeit.<\/figcaption><\/figure>\r\n<figure id=\"attachment_171192\" class=\"wp-caption alignnone\" style=\"width: 768px\" aria-describedby=\"caption-attachment-171192\"><img class=\"alignnone wp-image-171192 size-large\" src=\"https:\/\/www.werbewoche.ch\/wp-content\/uploads\/2022\/05\/Sarah-Brunner-und-Manuela-L-1024x682.jpg\" alt=\"Crown Hall\" width=\"768\" height=\"512\" \/><figcaption id=\"caption-attachment-171192\" class=\"wp-caption-text\">Manuela Leonhard embraces Sarah Brunner, Schauspielhaus Zurich (left).<\/figcaption><\/figure>\r\n<figure id=\"attachment_171193\" class=\"wp-caption alignnone\" style=\"width: 768px\" aria-describedby=\"caption-attachment-171193\"><img class=\"alignnone wp-image-171193 size-large\" src=\"https:\/\/www.werbewoche.ch\/wp-content\/uploads\/2022\/05\/Shqipe-vorne-rechts-Tiffany-1024x682.jpg\" alt=\"Crown Hall\" width=\"768\" height=\"512\" \/><figcaption id=\"caption-attachment-171193\" class=\"wp-caption-text\">Steffi Buchli, Ringier (left) in conversation with Shqipe Sylejmani, freelance.<\/figcaption><\/figure>\r\n<figure id=\"attachment_171194\" class=\"wp-caption alignnone\" style=\"width: 768px\" aria-describedby=\"caption-attachment-171194\"><img class=\"alignnone wp-image-171194 size-large\" src=\"https:\/\/www.werbewoche.ch\/wp-content\/uploads\/2022\/05\/Anja-Hermann-1024x682.jpg\" alt=\"Crown Hall\" width=\"768\" height=\"512\" \/><figcaption id=\"caption-attachment-171194\" class=\"wp-caption-text\">Anja Hermann, Credit Suisse.<\/figcaption><\/figure>\r\n<figure id=\"attachment_171195\" class=\"wp-caption alignnone\" style=\"width: 768px\" aria-describedby=\"caption-attachment-171195\"><img class=\"alignnone wp-image-171195 size-large\" src=\"https:\/\/www.werbewoche.ch\/wp-content\/uploads\/2022\/05\/Anna-und-Jacki-1024x682.jpg\" alt=\"Crown Hall\" width=\"768\" height=\"512\" \/><figcaption id=\"caption-attachment-171195\" class=\"wp-caption-text\">Jacqueline Krause-Blouin, Editor-in-Chief Annabelle (left) and Anna Kohler, Co-Editor-in-Chief m&amp;k.<\/figcaption><\/figure>\r\n<figure id=\"attachment_171196\" class=\"wp-caption alignnone\" style=\"width: 768px\" aria-describedby=\"caption-attachment-171196\"><img class=\"alignnone wp-image-171196 size-large\" src=\"https:\/\/www.werbewoche.ch\/wp-content\/uploads\/2022\/05\/ArjetaZuta-1024x682.jpg\" alt=\"Crown Hall\" width=\"768\" height=\"512\" \/><figcaption id=\"caption-attachment-171196\" class=\"wp-caption-text\">Arjeta Zuta, Andreas &amp; Conrad.<\/figcaption><\/figure>\r\n<figure id=\"attachment_171197\" class=\"wp-caption alignnone\" style=\"width: 768px\" aria-describedby=\"caption-attachment-171197\"><img class=\"alignnone wp-image-171197 size-large\" src=\"https:\/\/www.werbewoche.ch\/wp-content\/uploads\/2022\/05\/Christina-Stahl-und-Nadine-1024x682.jpg\" alt=\"Crown Hall\" width=\"768\" height=\"512\" \/><figcaption id=\"caption-attachment-171197\" class=\"wp-caption-text\">Christina Stahl, Ameli Zurich (left) and Nadine J\u00fcrgensen, elleXX.<\/figcaption><\/figure>\r\n<figure id=\"attachment_171198\" class=\"wp-caption alignnone\" style=\"width: 768px\" aria-describedby=\"caption-attachment-171198\"><img class=\"alignnone wp-image-171198 size-large\" src=\"https:\/\/www.werbewoche.ch\/wp-content\/uploads\/2022\/05\/Daniela-Baer-1024x682.jpg\" alt=\"Crown Hall\" width=\"768\" height=\"512\" \/><figcaption id=\"caption-attachment-171198\" class=\"wp-caption-text\">Daniela B\u00e4r, Rod Communication.<\/figcaption><\/figure>\r\n<figure id=\"attachment_171199\" class=\"wp-caption alignnone\" style=\"width: 768px\" aria-describedby=\"caption-attachment-171199\"><img class=\"alignnone wp-image-171199 size-large\" src=\"https:\/\/www.werbewoche.ch\/wp-content\/uploads\/2022\/05\/Danijela-Erni-1024x683.jpg\" alt=\"Crown Hall\" width=\"768\" height=\"512\" \/><figcaption id=\"caption-attachment-171199\" class=\"wp-caption-text\">Florence Schnydrig Moser and Danijela Erni, both of Z\u00fcrcher Kantonalbank.<\/figcaption><\/figure>\r\n<figure id=\"attachment_171200\" class=\"wp-caption alignnone\" style=\"width: 768px\" aria-describedby=\"caption-attachment-171200\"><img class=\"alignnone wp-image-171200 size-large\" src=\"https:\/\/www.werbewoche.ch\/wp-content\/uploads\/2022\/05\/Desiree-Pomper-1024x682.jpg\" alt=\"Crown Hall\" width=\"768\" height=\"512\" \/><figcaption id=\"caption-attachment-171200\" class=\"wp-caption-text\">D\u00e9sir\u00e9e Pomper, 20 minutes.<\/figcaption><\/figure>\r\n<figure id=\"attachment_171201\" class=\"wp-caption alignnone\" style=\"width: 768px\" aria-describedby=\"caption-attachment-171201\"><img class=\"alignnone wp-image-171201 size-large\" src=\"https:\/\/www.werbewoche.ch\/wp-content\/uploads\/2022\/05\/Elena-Walder-Schiavone-1024x682.jpg\" alt=\"Crown Hall\" width=\"768\" height=\"512\" \/><figcaption id=\"caption-attachment-171201\" class=\"wp-caption-text\">Elena Walder-Schiavone, Smartup Law.<\/figcaption><\/figure>\r\n<figure id=\"attachment_171202\" class=\"wp-caption alignnone\" style=\"width: 768px\" aria-describedby=\"caption-attachment-171202\"><img class=\"alignnone wp-image-171202 size-large\" src=\"https:\/\/www.werbewoche.ch\/wp-content\/uploads\/2022\/05\/Evelyn-Grunder-1024x682.jpg\" alt=\"Crown Hall\" width=\"768\" height=\"512\" \/><figcaption id=\"caption-attachment-171202\" class=\"wp-caption-text\">Maude Federspiel (center), Rod Communication and staff member #Women's Work in conversation with Irena Grundig, Farner Consulting.<\/figcaption><\/figure>\r\n<figure id=\"attachment_171203\" class=\"wp-caption alignnone\" style=\"width: 768px\" aria-describedby=\"caption-attachment-171203\"><img class=\"alignnone wp-image-171203 size-large\" src=\"https:\/\/www.werbewoche.ch\/wp-content\/uploads\/2022\/05\/Florence-1024x682.jpg\" alt=\"Crown Hall\" width=\"768\" height=\"512\" \/><figcaption id=\"caption-attachment-171203\" class=\"wp-caption-text\">Florence Schnydrig Moser, Zurich Cantonal Bank.<\/figcaption><\/figure>\r\n<figure id=\"attachment_171204\" class=\"wp-caption alignnone\" style=\"width: 768px\" aria-describedby=\"caption-attachment-171204\"><img class=\"alignnone wp-image-171204 size-large\" src=\"https:\/\/www.werbewoche.ch\/wp-content\/uploads\/2022\/05\/frauenarbeit_0012-1024x682.jpg\" alt=\"Crown Hall\" width=\"768\" height=\"512\" \/><figcaption id=\"caption-attachment-171204\" class=\"wp-caption-text\">Everything ready for the ladies: The Kronenhalle.<\/figcaption><\/figure>\r\n<img class=\"alignnone wp-image-171205 size-large\" src=\"https:\/\/www.werbewoche.ch\/wp-content\/uploads\/2022\/05\/frauenarbeit_0019-1024x682.jpg\" alt=\"Crown Hall\" width=\"768\" height=\"512\" \/>\r\n\r\n<img class=\"alignnone wp-image-171206 size-large\" src=\"https:\/\/www.werbewoche.ch\/wp-content\/uploads\/2022\/05\/frauenarbeit_0024-1-1024x682.jpg\" alt=\"Crown Hall\" width=\"768\" height=\"512\" \/>\r\n\r\n<img class=\"alignnone wp-image-171208 size-large\" src=\"https:\/\/www.werbewoche.ch\/wp-content\/uploads\/2022\/05\/frauenarbeit_0089-1024x682.jpg\" alt=\"Crown Hall\" width=\"768\" height=\"512\" \/>\r\n<figure id=\"attachment_171210\" class=\"wp-caption alignnone\" style=\"width: 768px\" aria-describedby=\"caption-attachment-171210\"><img class=\"alignnone wp-image-171210 size-large\" src=\"https:\/\/www.werbewoche.ch\/wp-content\/uploads\/2022\/05\/frauenarbeit_0115-1024x683.jpg\" alt=\"Crown Hall\" width=\"768\" height=\"512\" \/><figcaption id=\"caption-attachment-171210\" class=\"wp-caption-text\">From left: Priska Amstutz, Tagesanzeiger, Regula B\u00fchrer Fecker, Rod and #rauenarbeit and Jacqueline Krause-Blouin, Editor-in-Chief Annabelle.<\/figcaption><\/figure>\r\n<figure id=\"attachment_171211\" class=\"wp-caption alignnone\" style=\"width: 768px\" aria-describedby=\"caption-attachment-171211\"><img class=\"alignnone wp-image-171211 size-large\" src=\"https:\/\/www.werbewoche.ch\/wp-content\/uploads\/2022\/05\/frauenarbeit_0135-1024x683.jpg\" alt=\"Crown Hall\" width=\"768\" height=\"512\" \/><figcaption id=\"caption-attachment-171211\" class=\"wp-caption-text\">Maude Federspiel, Rod and 1TP4Women's Work.<\/figcaption><\/figure>\r\n<figure id=\"attachment_171212\" class=\"wp-caption alignnone\" style=\"width: 768px\" aria-describedby=\"caption-attachment-171212\"><img class=\"alignnone wp-image-171212 size-large\" src=\"https:\/\/www.werbewoche.ch\/wp-content\/uploads\/2022\/05\/frauenarbeit_0158-1024x682.jpg\" alt=\"Crown Hall\" width=\"768\" height=\"512\" \/><figcaption id=\"caption-attachment-171212\" class=\"wp-caption-text\">Sharon Zucker, Digitec Galaxus.<\/figcaption><\/figure>\r\n<figure id=\"attachment_171213\" class=\"wp-caption alignnone\" style=\"width: 768px\" aria-describedby=\"caption-attachment-171213\"><img class=\"alignnone wp-image-171213 size-large\" src=\"https:\/\/www.werbewoche.ch\/wp-content\/uploads\/2022\/05\/frauenarbeit_0237-1024x682.jpg\" alt=\"Crown Hall\" width=\"768\" height=\"512\" \/><figcaption id=\"caption-attachment-171213\" class=\"wp-caption-text\">Nadine J\u00fcrgensen welcomes Anja Knabenhans (right), freelance.<\/figcaption><\/figure>\r\n<figure id=\"attachment_171214\" class=\"wp-caption alignnone\" style=\"width: 768px\" aria-describedby=\"caption-attachment-171214\"><img class=\"alignnone wp-image-171214 size-large\" src=\"https:\/\/www.werbewoche.ch\/wp-content\/uploads\/2022\/05\/frauenarbeit_0262-1024x682.jpg\" alt=\"Crown Hall\" width=\"768\" height=\"512\" \/><figcaption id=\"caption-attachment-171214\" class=\"wp-caption-text\">Nadine J\u00fcrgensen, elleXX in conversation with Kerstin Hasse from Tamedia.<\/figcaption><\/figure>\r\n<figure id=\"attachment_171215\" class=\"wp-caption alignnone\" style=\"width: 768px\" aria-describedby=\"caption-attachment-171215\"><img class=\"alignnone wp-image-171215 size-large\" src=\"https:\/\/www.werbewoche.ch\/wp-content\/uploads\/2022\/05\/frauenarbeit_0287-1024x682.jpg\" alt=\"Crown Hall\" width=\"768\" height=\"512\" \/><figcaption id=\"caption-attachment-171215\" class=\"wp-caption-text\">Regula B\u00fchrer Fecker (left) in conversation with Katia Murmann, Ringier.<\/figcaption><\/figure>\r\n<figure id=\"attachment_171216\" class=\"wp-caption alignnone\" style=\"width: 768px\" aria-describedby=\"caption-attachment-171216\"><img class=\"alignnone wp-image-171216 size-large\" src=\"https:\/\/www.werbewoche.ch\/wp-content\/uploads\/2022\/05\/frauenarbeit_0324-1024x682.jpg\" alt=\"Crown Hall\" width=\"768\" height=\"512\" \/><figcaption id=\"caption-attachment-171216\" class=\"wp-caption-text\">Regula B\u00fchrer Fecker in conversation with Anna Kohler.<\/figcaption><\/figure>\r\n<figure id=\"attachment_171217\" class=\"wp-caption alignnone\" style=\"width: 768px\" aria-describedby=\"caption-attachment-171217\"><img class=\"alignnone wp-image-171217 size-large\" src=\"https:\/\/www.werbewoche.ch\/wp-content\/uploads\/2022\/05\/frauenarbeit_0367-1024x682.jpg\" alt=\"Crown Hall\" width=\"768\" height=\"512\" \/><figcaption id=\"caption-attachment-171217\" class=\"wp-caption-text\">Sandra-Stella Triebl from Ladies Drive (back left).<\/figcaption><\/figure>\r\n<figure id=\"attachment_171218\" class=\"wp-caption alignnone\" style=\"width: 768px\" aria-describedby=\"caption-attachment-171218\"><img class=\"alignnone wp-image-171218 size-large\" src=\"https:\/\/www.werbewoche.ch\/wp-content\/uploads\/2022\/05\/frauenarbeit_0378-1024x682.jpg\" alt=\"Crown Hall\" width=\"768\" height=\"512\" \/><figcaption id=\"caption-attachment-171218\" class=\"wp-caption-text\">Anja Knabenhans, freelancer and initiator of the podcast \"Mal ehrlich\".<\/figcaption><\/figure>\r\n<img class=\"alignnone wp-image-171219 size-large\" src=\"https:\/\/www.werbewoche.ch\/wp-content\/uploads\/2022\/05\/frauenarbeit_0382-1024x682.jpg\" alt=\"Crown Hall\" width=\"768\" height=\"512\" \/>\r\n\r\nJudith Schuler, Swiss Solidarity.\r\n<figure id=\"attachment_171220\" class=\"wp-caption alignnone\" style=\"width: 768px\" aria-describedby=\"caption-attachment-171220\"><img class=\"alignnone wp-image-171220 size-large\" src=\"https:\/\/www.werbewoche.ch\/wp-content\/uploads\/2022\/05\/frauenarbeit_0395-1024x683.jpg\" alt=\"Crown Hall\" width=\"768\" height=\"512\" \/><figcaption id=\"caption-attachment-171220\" class=\"wp-caption-text\">Nicole Pfammatter, CEO Hotelplan Suisse (left) and Lauren Wildbolz, Future Cuisine.<\/figcaption><\/figure>\r\n<img class=\"alignnone wp-image-171222 size-large\" src=\"https:\/\/www.werbewoche.ch\/wp-content\/uploads\/2022\/05\/frauenarbeit_0432-1024x682.jpg\" alt=\"Crown Hall\" width=\"768\" height=\"512\" \/>\r\n\r\nLinda Rasumowski, Mental Well Mom (left) and Sharon Zucker, Digitec Galaxus.\r\n\r\n<img class=\"alignnone wp-image-171224 size-large\" src=\"https:\/\/www.werbewoche.ch\/wp-content\/uploads\/2022\/05\/frauenarbeit_0504-1-1024x682.jpg\" alt=\"Crown Hall\" width=\"768\" height=\"512\" \/>\r\n\r\n<img class=\"alignnone wp-image-171225 size-large\" src=\"https:\/\/www.werbewoche.ch\/wp-content\/uploads\/2022\/05\/frauenarbeit_0507-1024x682.jpg\" alt=\"Crown Hall\" width=\"768\" height=\"512\" \/>\r\n\r\n<img class=\"alignnone wp-image-171226 size-large\" src=\"https:\/\/www.werbewoche.ch\/wp-content\/uploads\/2022\/05\/frauenarbeit_0523-1024x682.jpg\" alt=\"Crown Hall\" width=\"768\" height=\"512\" \/>\r\n<figure id=\"attachment_171228\" class=\"wp-caption alignnone\" style=\"width: 768px\" aria-describedby=\"caption-attachment-171228\"><img class=\"alignnone wp-image-171228 size-large\" src=\"https:\/\/www.werbewoche.ch\/wp-content\/uploads\/2022\/05\/frauenarbeit_0556-1024x682.jpg\" alt=\"Crown Hall\" width=\"768\" height=\"512\" \/><figcaption id=\"caption-attachment-171228\" class=\"wp-caption-text\">Claudia Blumer, 20 Minuten (left) and Mich\u00e8le Widmer, Personal.<\/figcaption><\/figure>\r\n<figure id=\"attachment_171229\" class=\"wp-caption alignnone\" style=\"width: 768px\" aria-describedby=\"caption-attachment-171229\"><img class=\"alignnone wp-image-171229 size-large\" src=\"https:\/\/www.werbewoche.ch\/wp-content\/uploads\/2022\/05\/frauenarbeit_0603-1024x682.jpg\" alt=\"Crown Hall\" width=\"768\" height=\"512\" \/><figcaption id=\"caption-attachment-171229\" class=\"wp-caption-text\">Nicole Pfammater, Hotelplan Suisse (right) in conversation with Yael Anders.<\/figcaption><\/figure>\r\n<img class=\"alignnone wp-image-171230 size-large\" src=\"https:\/\/www.werbewoche.ch\/wp-content\/uploads\/2022\/05\/frauenarbeit_0677-1024x682.jpg\" alt=\"Crown Hall\" width=\"768\" height=\"512\" \/>\r\n\r\n<img class=\"alignnone wp-image-171231 size-large\" src=\"https:\/\/www.werbewoche.ch\/wp-content\/uploads\/2022\/05\/frauenarbeit_0685-1024x682.jpg\" alt=\"Crown Hall\" width=\"768\" height=\"512\" \/>\r\n<figure id=\"attachment_171233\" class=\"wp-caption alignnone\" style=\"width: 768px\" aria-describedby=\"caption-attachment-171233\"><img class=\"alignnone wp-image-171233 size-large\" src=\"https:\/\/www.werbewoche.ch\/wp-content\/uploads\/2022\/05\/frauenarbeit_0784-1024x682.jpg\" alt=\"Crown Hall\" width=\"768\" height=\"512\" \/><figcaption id=\"caption-attachment-171233\" class=\"wp-caption-text\">Sandra-Stella Triebl, Ladies Drive.<\/figcaption><\/figure>\r\n<img class=\"alignnone wp-image-171234 size-large\" src=\"https:\/\/www.werbewoche.ch\/wp-content\/uploads\/2022\/05\/Isa-Leandra-Jacki-Christina-Stahl-1024x682.jpg\" alt=\"Crown Hall\" width=\"768\" height=\"512\" \/>\r\n<figure id=\"attachment_171235\" class=\"wp-caption alignnone\" style=\"width: 768px\" aria-describedby=\"caption-attachment-171235\"><img class=\"alignnone wp-image-171235 size-large\" src=\"https:\/\/www.werbewoche.ch\/wp-content\/uploads\/2022\/05\/Isabelle-Gerber-1024x682.jpg\" alt=\"Crown Hall\" width=\"768\" height=\"512\" \/><figcaption id=\"caption-attachment-171235\" class=\"wp-caption-text\">Isabelle Gerber, Operation Libero.<\/figcaption><\/figure>\r\n<figure id=\"attachment_171236\" class=\"wp-caption alignnone\" style=\"width: 768px\" aria-describedby=\"caption-attachment-171236\"><img class=\"alignnone wp-image-171236 size-large\" src=\"https:\/\/www.werbewoche.ch\/wp-content\/uploads\/2022\/05\/Jasmin-Schmid-1024x682.jpg\" alt=\"Crown Hall\" width=\"768\" height=\"512\" \/><figcaption id=\"caption-attachment-171236\" class=\"wp-caption-text\">Jasmin Schmid, WWF.<\/figcaption><\/figure>\r\n<figure id=\"attachment_171237\" class=\"wp-caption alignnone\" style=\"width: 768px\" aria-describedby=\"caption-attachment-171237\"><img class=\"alignnone wp-image-171237 size-large\" src=\"https:\/\/www.werbewoche.ch\/wp-content\/uploads\/2022\/05\/Jessica-Zuber-1024x682.jpg\" alt=\"Crown Hall\" width=\"768\" height=\"512\" \/><figcaption id=\"caption-attachment-171237\" class=\"wp-caption-text\">Jessica Zuber, Farner Consulting.<\/figcaption><\/figure>\r\n<figure id=\"attachment_171238\" class=\"wp-caption alignnone\" style=\"width: 768px\" aria-describedby=\"caption-attachment-171238\"><img class=\"alignnone wp-image-171238 size-large\" src=\"https:\/\/www.werbewoche.ch\/wp-content\/uploads\/2022\/05\/Judith-und-Nadine-Juergensen-1024x682.jpg\" alt=\"Crown Hall\" width=\"768\" height=\"512\" \/><figcaption id=\"caption-attachment-171238\" class=\"wp-caption-text\">Judith Weber, 1TP4Women'sWork(left) and Nadine J\u00fcrgensen.<\/figcaption><\/figure>\r\n\r\n<hr \/>\r\n\r\n<figure id=\"attachment_171239\" class=\"wp-caption alignnone\" style=\"width: 768px\" aria-describedby=\"caption-attachment-171239\"><img class=\"alignnone wp-image-171239 size-large\" src=\"https:\/\/www.werbewoche.ch\/wp-content\/uploads\/2022\/05\/Kafi-1024x682.jpg\" alt=\"Crown Hall\" width=\"768\" height=\"512\" \/><figcaption id=\"caption-attachment-171239\" class=\"wp-caption-text\">Kafi Freitag (left), Kafi Freitag Coaching and Regula B\u00fchrer Fecker.<\/figcaption><\/figure>\r\n&nbsp;","protected":false},"excerpt":{"rendered":"<p>#Frauenarbeit ist die gr\u00f6sste Schweizer Plattform f\u00fcr junge Frauen und Beruf. Initiiert wurde die Initiative vor f\u00fcnf Jahren von der Rod-Werberin Regula B\u00fchrer Fecker. Ziel ist es, junge Frauen mit beruflichen Ambitionen zusammenzubringen, zu best\u00e4rken und zu inspirieren. Mittlerweile z\u00e4hlt die Community auf Instagram mehr als 12\u2019000 Followerinnen und ist aktiv im Vorstellen und Vernetzen [\u2026]<\/p>\n","protected":false},"author":8,"featured_media":0,"comment_status":"closed","ping_status":"closed","sticky":false,"template":"","format":"standard","meta":{"_acf_changed":false,"_yoast_wpseo_focuskw":"Kronenhalle","_yoast_wpseo_metadesc":"Am Freitag lud die Stiftung #Frauenarbeit 60 Frauen aus den Bereichen Finanz, Medien, Marketing, Kommunikation und Kultur zum Lunch in die Kronenhalle ein.","articlekey":"","footnotes":""},"categories":[29],"tags":[2857,2858,3186,2859],"class_list":["post-12887","post","type-post","status-publish","format-standard","hentry","category-marketing","tag-farner-consulting","tag-frauenarbeit","tag-kronenhalle","tag-rod-kommunikation"],"acf":[],"yoast_head":"<!-- This site is optimized with the Yoast SEO plugin v27.5 - https:\/\/yoast.com\/product\/yoast-seo-wordpress\/ -->\n<title>#Frauenarbeit-Lunch in der Kronenhalle - Organisator<\/title>\n<meta name=\"description\" content=\"Am Freitag lud die Stiftung #Frauenarbeit 60 Frauen aus den Bereichen Finanz, Medien, Marketing, Kommunikation und Kultur zum Lunch in die Kronenhalle ein.\" \/>\n<meta name=\"robots\" content=\"index, follow, max-snippet:-1, max-image-preview:large, max-video-preview:-1\" \/>\n<link rel=\"canonical\" href=\"https:\/\/www.werbewoche.ch\/de\/marketing\/2022-05-16\/frauenarbeit-lunch-in-der-kronenhalle\/\" \/>\n<meta property=\"og:locale\" content=\"en_US\" \/>\n<meta property=\"og:type\" content=\"article\" \/>\n<meta property=\"og:title\" content=\"#Frauenarbeit-Lunch in der Kronenhalle - Organisator\" \/>\n<meta property=\"og:description\" content=\"Am Freitag lud die Stiftung #Frauenarbeit 60 Frauen aus den Bereichen Finanz, Medien, Marketing, Kommunikation und Kultur zum Lunch in die Kronenhalle ein.\" \/>\n<meta property=\"og:url\" content=\"https:\/\/www.werbewoche.ch\/de\/marketing\/2022-05-16\/frauenarbeit-lunch-in-der-kronenhalle\/\" \/>\n<meta property=\"og:site_name\" content=\"Organisator\" \/>\n<meta property=\"article:publisher\" content=\"https:\/\/www.facebook.com\/OrganisatorFachmagazin\" \/>\n<meta property=\"article:published_time\" content=\"2022-05-16T10:15:28+00:00\" \/>\n<meta property=\"article:modified_time\" content=\"2022-07-30T13:31:28+00:00\" \/>\n<meta property=\"og:image\" content=\"https:\/\/www.werbewoche.ch\/wp-content\/uploads\/2022\/05\/frauenarbeit_0221-1024x683.jpg\" \/>\n<meta name=\"author\" content=\"galledia\" \/>\n<meta name=\"twitter:card\" content=\"summary_large_image\" \/>\n<meta name=\"twitter:creator\" content=\"@admin\" \/>\n<script type=\"application\/ld+json\" class=\"yoast-schema-graph\">{\"@context\":\"https:\\\/\\\/schema.org\",\"@graph\":[{\"@type\":\"Article\",\"@id\":\"https:\\\/\\\/www.werbewoche.ch\\\/de\\\/marketing\\\/2022-05-16\\\/frauenarbeit-lunch-in-der-kronenhalle\\\/#article\",\"isPartOf\":{\"@id\":\"https:\\\/\\\/www.organisator.ch\\\/marketing\\\/2022-05-16\\\/frauenarbeit-lunch-in-der-kronenhalle\\\/\"},\"author\":{\"name\":\"galledia\",\"@id\":\"https:\\\/\\\/www.organisator.ch\\\/#\\\/schema\\\/person\\\/4e51799071cd2dd1232ac003643ef5f0\"},\"headline\":\"#Frauenarbeit-Lunch in der Kronenhalle\",\"datePublished\":\"2022-05-16T10:15:28+00:00\",\"dateModified\":\"2022-07-30T13:31:28+00:00\",\"mainEntityOfPage\":{\"@id\":\"https:\\\/\\\/www.organisator.ch\\\/marketing\\\/2022-05-16\\\/frauenarbeit-lunch-in-der-kronenhalle\\\/\"},\"wordCount\":521,\"publisher\":{\"@id\":\"https:\\\/\\\/www.organisator.ch\\\/#organization\"},\"image\":{\"@id\":\"https:\\\/\\\/www.werbewoche.ch\\\/de\\\/marketing\\\/2022-05-16\\\/frauenarbeit-lunch-in-der-kronenhalle\\\/#primaryimage\"},\"thumbnailUrl\":\"https:\\\/\\\/www.werbewoche.ch\\\/wp-content\\\/uploads\\\/2022\\\/05\\\/frauenarbeit_0221-1024x683.jpg\",\"keywords\":[\"Farner Consulting\",\"Frauenarbeit\",\"Kronenhalle\",\"Rod Kommunikation\"],\"articleSection\":[\"MARKETING\"],\"inLanguage\":\"en-US\"},{\"@type\":\"WebPage\",\"@id\":\"https:\\\/\\\/www.organisator.ch\\\/marketing\\\/2022-05-16\\\/frauenarbeit-lunch-in-der-kronenhalle\\\/\",\"url\":\"https:\\\/\\\/www.werbewoche.ch\\\/de\\\/marketing\\\/2022-05-16\\\/frauenarbeit-lunch-in-der-kronenhalle\\\/\",\"name\":\"#Frauenarbeit-Lunch in der Kronenhalle - Organisator\",\"isPartOf\":{\"@id\":\"https:\\\/\\\/www.organisator.ch\\\/#website\"},\"primaryImageOfPage\":{\"@id\":\"https:\\\/\\\/www.werbewoche.ch\\\/de\\\/marketing\\\/2022-05-16\\\/frauenarbeit-lunch-in-der-kronenhalle\\\/#primaryimage\"},\"image\":{\"@id\":\"https:\\\/\\\/www.werbewoche.ch\\\/de\\\/marketing\\\/2022-05-16\\\/frauenarbeit-lunch-in-der-kronenhalle\\\/#primaryimage\"},\"thumbnailUrl\":\"https:\\\/\\\/www.werbewoche.ch\\\/wp-content\\\/uploads\\\/2022\\\/05\\\/frauenarbeit_0221-1024x683.jpg\",\"datePublished\":\"2022-05-16T10:15:28+00:00\",\"dateModified\":\"2022-07-30T13:31:28+00:00\",\"description\":\"Am Freitag lud die Stiftung #Frauenarbeit 60 Frauen aus den Bereichen Finanz, Medien, Marketing, Kommunikation und Kultur zum Lunch in die Kronenhalle ein.\",\"breadcrumb\":{\"@id\":\"https:\\\/\\\/www.werbewoche.ch\\\/de\\\/marketing\\\/2022-05-16\\\/frauenarbeit-lunch-in-der-kronenhalle\\\/#breadcrumb\"},\"inLanguage\":\"en-US\",\"potentialAction\":[{\"@type\":\"ReadAction\",\"target\":[\"https:\\\/\\\/www.werbewoche.ch\\\/de\\\/marketing\\\/2022-05-16\\\/frauenarbeit-lunch-in-der-kronenhalle\\\/\"]}]},{\"@type\":\"ImageObject\",\"inLanguage\":\"en-US\",\"@id\":\"https:\\\/\\\/www.werbewoche.ch\\\/de\\\/marketing\\\/2022-05-16\\\/frauenarbeit-lunch-in-der-kronenhalle\\\/#primaryimage\",\"url\":\"https:\\\/\\\/www.werbewoche.ch\\\/wp-content\\\/uploads\\\/2022\\\/05\\\/frauenarbeit_0221-1024x683.jpg\",\"contentUrl\":\"https:\\\/\\\/www.werbewoche.ch\\\/wp-content\\\/uploads\\\/2022\\\/05\\\/frauenarbeit_0221-1024x683.jpg\"},{\"@type\":\"BreadcrumbList\",\"@id\":\"https:\\\/\\\/www.werbewoche.ch\\\/de\\\/marketing\\\/2022-05-16\\\/frauenarbeit-lunch-in-der-kronenhalle\\\/#breadcrumb\",\"itemListElement\":[{\"@type\":\"ListItem\",\"position\":1,\"name\":\"Home\",\"item\":\"https:\\\/\\\/www.organisator.ch\\\/\"},{\"@type\":\"ListItem\",\"position\":2,\"name\":\"#Frauenarbeit-Lunch in der Kronenhalle\"}]},{\"@type\":\"WebSite\",\"@id\":\"https:\\\/\\\/www.organisator.ch\\\/#website\",\"url\":\"https:\\\/\\\/www.organisator.ch\\\/\",\"name\":\"Organisator\",\"description\":\"Kompetent. Praxisnah. Der ORGANISATOR bereitet in 10 Ausgaben pro Jahr die wesentlichen Themen f\u00fcr F\u00fchrungskr\u00e4fte von KMU auf.\",\"publisher\":{\"@id\":\"https:\\\/\\\/www.organisator.ch\\\/#organization\"},\"potentialAction\":[{\"@type\":\"SearchAction\",\"target\":{\"@type\":\"EntryPoint\",\"urlTemplate\":\"https:\\\/\\\/www.organisator.ch\\\/?s={search_term_string}\"},\"query-input\":{\"@type\":\"PropertyValueSpecification\",\"valueRequired\":true,\"valueName\":\"search_term_string\"}}],\"inLanguage\":\"en-US\"},{\"@type\":\"Organization\",\"@id\":\"https:\\\/\\\/www.organisator.ch\\\/#organization\",\"name\":\"Organisator\",\"url\":\"https:\\\/\\\/www.organisator.ch\\\/\",\"logo\":{\"@type\":\"ImageObject\",\"inLanguage\":\"en-US\",\"@id\":\"https:\\\/\\\/www.organisator.ch\\\/#\\\/schema\\\/logo\\\/image\\\/\",\"url\":\"https:\\\/\\\/www.organisator.ch\\\/wp-content\\\/uploads\\\/2022\\\/01\\\/Logo_Organisator_Website.png\",\"contentUrl\":\"https:\\\/\\\/www.organisator.ch\\\/wp-content\\\/uploads\\\/2022\\\/01\\\/Logo_Organisator_Website.png\",\"width\":800,\"height\":77,\"caption\":\"Organisator\"},\"image\":{\"@id\":\"https:\\\/\\\/www.organisator.ch\\\/#\\\/schema\\\/logo\\\/image\\\/\"},\"sameAs\":[\"https:\\\/\\\/www.facebook.com\\\/OrganisatorFachmagazin\",\"https:\\\/\\\/www.linkedin.com\\\/showcase\\\/organisator-das-magazin-fr-kmu\",\"https:\\\/\\\/www.xing.com\\\/news\\\/pages\\\/organisator-ch-695\",\"https:\\\/\\\/www.youtube.com\\\/channel\\\/UCGP2Sq0iWaZwT3BdIAQFYpw\"]},{\"@type\":\"Person\",\"@id\":\"https:\\\/\\\/www.organisator.ch\\\/#\\\/schema\\\/person\\\/4e51799071cd2dd1232ac003643ef5f0\",\"name\":\"galledia\",\"image\":{\"@type\":\"ImageObject\",\"inLanguage\":\"en-US\",\"@id\":\"https:\\\/\\\/secure.gravatar.com\\\/avatar\\\/78a7f90c01fc2bfc875782a0d4922b37cde2cf184ce347b91316d23cd7f69a36?s=96&d=mm&r=g\",\"url\":\"https:\\\/\\\/secure.gravatar.com\\\/avatar\\\/78a7f90c01fc2bfc875782a0d4922b37cde2cf184ce347b91316d23cd7f69a36?s=96&d=mm&r=g\",\"contentUrl\":\"https:\\\/\\\/secure.gravatar.com\\\/avatar\\\/78a7f90c01fc2bfc875782a0d4922b37cde2cf184ce347b91316d23cd7f69a36?s=96&d=mm&r=g\",\"caption\":\"galledia\"},\"sameAs\":[\"https:\\\/\\\/x.com\\\/admin\"],\"url\":\"https:\\\/\\\/www.organisator.ch\\\/en\\\/author\\\/galledia\\\/\"}]}<\/script>\n<!-- \/ Yoast SEO plugin. -->","yoast_head_json":{"title":"#Women's work lunch at the Kronenhalle - organizer","description":"On Friday, the #Women's Work Foundation invited 60 women from the fields of finance, media, marketing, communications and culture to lunch at the Kronenhalle.","robots":{"index":"index","follow":"follow","max-snippet":"max-snippet:-1","max-image-preview":"max-image-preview:large","max-video-preview":"max-video-preview:-1"},"canonical":"https:\/\/www.werbewoche.ch\/de\/marketing\/2022-05-16\/frauenarbeit-lunch-in-der-kronenhalle\/","og_locale":"en_US","og_type":"article","og_title":"#Frauenarbeit-Lunch in der Kronenhalle - Organisator","og_description":"Am Freitag lud die Stiftung #Frauenarbeit 60 Frauen aus den Bereichen Finanz, Medien, Marketing, Kommunikation und Kultur zum Lunch in die Kronenhalle ein.","og_url":"https:\/\/www.werbewoche.ch\/de\/marketing\/2022-05-16\/frauenarbeit-lunch-in-der-kronenhalle\/","og_site_name":"Organisator","article_publisher":"https:\/\/www.facebook.com\/OrganisatorFachmagazin","article_published_time":"2022-05-16T10:15:28+00:00","article_modified_time":"2022-07-30T13:31:28+00:00","og_image":[{"url":"https:\/\/www.werbewoche.ch\/wp-content\/uploads\/2022\/05\/frauenarbeit_0221-1024x683.jpg","type":"","width":"","height":""}],"author":"galledia","twitter_card":"summary_large_image","twitter_creator":"@admin","schema":{"@context":"https:\/\/schema.org","@graph":[{"@type":"Article","@id":"https:\/\/www.werbewoche.ch\/de\/marketing\/2022-05-16\/frauenarbeit-lunch-in-der-kronenhalle\/#article","isPartOf":{"@id":"https:\/\/www.organisator.ch\/marketing\/2022-05-16\/frauenarbeit-lunch-in-der-kronenhalle\/"},"author":{"name":"galledia","@id":"https:\/\/www.organisator.ch\/#\/schema\/person\/4e51799071cd2dd1232ac003643ef5f0"},"headline":"#Frauenarbeit-Lunch in der Kronenhalle","datePublished":"2022-05-16T10:15:28+00:00","dateModified":"2022-07-30T13:31:28+00:00","mainEntityOfPage":{"@id":"https:\/\/www.organisator.ch\/marketing\/2022-05-16\/frauenarbeit-lunch-in-der-kronenhalle\/"},"wordCount":521,"publisher":{"@id":"https:\/\/www.organisator.ch\/#organization"},"image":{"@id":"https:\/\/www.werbewoche.ch\/de\/marketing\/2022-05-16\/frauenarbeit-lunch-in-der-kronenhalle\/#primaryimage"},"thumbnailUrl":"https:\/\/www.werbewoche.ch\/wp-content\/uploads\/2022\/05\/frauenarbeit_0221-1024x683.jpg","keywords":["Farner Consulting","Frauenarbeit","Kronenhalle","Rod Kommunikation"],"articleSection":["MARKETING"],"inLanguage":"en-US"},{"@type":"WebPage","@id":"https:\/\/www.organisator.ch\/marketing\/2022-05-16\/frauenarbeit-lunch-in-der-kronenhalle\/","url":"https:\/\/www.werbewoche.ch\/de\/marketing\/2022-05-16\/frauenarbeit-lunch-in-der-kronenhalle\/","name":"#Women's work lunch at the Kronenhalle - organizer","isPartOf":{"@id":"https:\/\/www.organisator.ch\/#website"},"primaryImageOfPage":{"@id":"https:\/\/www.werbewoche.ch\/de\/marketing\/2022-05-16\/frauenarbeit-lunch-in-der-kronenhalle\/#primaryimage"},"image":{"@id":"https:\/\/www.werbewoche.ch\/de\/marketing\/2022-05-16\/frauenarbeit-lunch-in-der-kronenhalle\/#primaryimage"},"thumbnailUrl":"https:\/\/www.werbewoche.ch\/wp-content\/uploads\/2022\/05\/frauenarbeit_0221-1024x683.jpg","datePublished":"2022-05-16T10:15:28+00:00","dateModified":"2022-07-30T13:31:28+00:00","description":"On Friday, the #Women's Work Foundation invited 60 women from the fields of finance, media, marketing, communications and culture to lunch at the Kronenhalle.","breadcrumb":{"@id":"https:\/\/www.werbewoche.ch\/de\/marketing\/2022-05-16\/frauenarbeit-lunch-in-der-kronenhalle\/#breadcrumb"},"inLanguage":"en-US","potentialAction":[{"@type":"ReadAction","target":["https:\/\/www.werbewoche.ch\/de\/marketing\/2022-05-16\/frauenarbeit-lunch-in-der-kronenhalle\/"]}]},{"@type":"ImageObject","inLanguage":"en-US","@id":"https:\/\/www.werbewoche.ch\/de\/marketing\/2022-05-16\/frauenarbeit-lunch-in-der-kronenhalle\/#primaryimage","url":"https:\/\/www.werbewoche.ch\/wp-content\/uploads\/2022\/05\/frauenarbeit_0221-1024x683.jpg","contentUrl":"https:\/\/www.werbewoche.ch\/wp-content\/uploads\/2022\/05\/frauenarbeit_0221-1024x683.jpg"},{"@type":"BreadcrumbList","@id":"https:\/\/www.werbewoche.ch\/de\/marketing\/2022-05-16\/frauenarbeit-lunch-in-der-kronenhalle\/#breadcrumb","itemListElement":[{"@type":"ListItem","position":1,"name":"Home","item":"https:\/\/www.organisator.ch\/"},{"@type":"ListItem","position":2,"name":"#Frauenarbeit-Lunch in der Kronenhalle"}]},{"@type":"WebSite","@id":"https:\/\/www.organisator.ch\/#website","url":"https:\/\/www.organisator.ch\/","name":"Organizer","description":"Competent. Practical. In 10 issues per year, ORGANISATOR presents the essential topics for managers of SMEs.","publisher":{"@id":"https:\/\/www.organisator.ch\/#organization"},"potentialAction":[{"@type":"SearchAction","target":{"@type":"EntryPoint","urlTemplate":"https:\/\/www.organisator.ch\/?s={search_term_string}"},"query-input":{"@type":"PropertyValueSpecification","valueRequired":true,"valueName":"search_term_string"}}],"inLanguage":"en-US"},{"@type":"Organization","@id":"https:\/\/www.organisator.ch\/#organization","name":"Organizer","url":"https:\/\/www.organisator.ch\/","logo":{"@type":"ImageObject","inLanguage":"en-US","@id":"https:\/\/www.organisator.ch\/#\/schema\/logo\/image\/","url":"https:\/\/www.organisator.ch\/wp-content\/uploads\/2022\/01\/Logo_Organisator_Website.png","contentUrl":"https:\/\/www.organisator.ch\/wp-content\/uploads\/2022\/01\/Logo_Organisator_Website.png","width":800,"height":77,"caption":"Organisator"},"image":{"@id":"https:\/\/www.organisator.ch\/#\/schema\/logo\/image\/"},"sameAs":["https:\/\/www.facebook.com\/OrganisatorFachmagazin","https:\/\/www.linkedin.com\/showcase\/organisator-das-magazin-fr-kmu","https:\/\/www.xing.com\/news\/pages\/organisator-ch-695","https:\/\/www.youtube.com\/channel\/UCGP2Sq0iWaZwT3BdIAQFYpw"]},{"@type":"Person","@id":"https:\/\/www.organisator.ch\/#\/schema\/person\/4e51799071cd2dd1232ac003643ef5f0","name":"galledia","image":{"@type":"ImageObject","inLanguage":"en-US","@id":"https:\/\/secure.gravatar.com\/avatar\/78a7f90c01fc2bfc875782a0d4922b37cde2cf184ce347b91316d23cd7f69a36?s=96&d=mm&r=g","url":"https:\/\/secure.gravatar.com\/avatar\/78a7f90c01fc2bfc875782a0d4922b37cde2cf184ce347b91316d23cd7f69a36?s=96&d=mm&r=g","contentUrl":"https:\/\/secure.gravatar.com\/avatar\/78a7f90c01fc2bfc875782a0d4922b37cde2cf184ce347b91316d23cd7f69a36?s=96&d=mm&r=g","caption":"galledia"},"sameAs":["https:\/\/x.com\/admin"],"url":"https:\/\/www.organisator.ch\/en\/author\/galledia\/"}]}},"_links":{"self":[{"href":"https:\/\/www.organisator.ch\/en\/wp-json\/wp\/v2\/posts\/12887","targetHints":{"allow":["GET"]}}],"collection":[{"href":"https:\/\/www.organisator.ch\/en\/wp-json\/wp\/v2\/posts"}],"about":[{"href":"https:\/\/www.organisator.ch\/en\/wp-json\/wp\/v2\/types\/post"}],"author":[{"embeddable":true,"href":"https:\/\/www.organisator.ch\/en\/wp-json\/wp\/v2\/users\/8"}],"replies":[{"embeddable":true,"href":"https:\/\/www.organisator.ch\/en\/wp-json\/wp\/v2\/comments?post=12887"}],"version-history":[{"count":7,"href":"https:\/\/www.organisator.ch\/en\/wp-json\/wp\/v2\/posts\/12887\/revisions"}],"predecessor-version":[{"id":16020,"href":"https:\/\/www.organisator.ch\/en\/wp-json\/wp\/v2\/posts\/12887\/revisions\/16020"}],"wp:attachment":[{"href":"https:\/\/www.organisator.ch\/en\/wp-json\/wp\/v2\/media?parent=12887"}],"wp:term":[{"taxonomy":"category","embeddable":true,"href":"https:\/\/www.organisator.ch\/en\/wp-json\/wp\/v2\/categories?post=12887"},{"taxonomy":"post_tag","embeddable":true,"href":"https:\/\/www.organisator.ch\/en\/wp-json\/wp\/v2\/tags?post=12887"}],"curies":[{"name":"wp","href":"https:\/\/api.w.org\/{rel}","templated":true}]}}