{"id":12931,"date":"2022-05-19T06:44:42","date_gmt":"2022-05-19T04:44:42","guid":{"rendered":"https:\/\/www.organisator.ch\/?p=12931"},"modified":"2022-05-18T17:11:47","modified_gmt":"2022-05-18T15:11:47","slug":"rueckblick-zum-zuercher-logistik-kolloquium-erfahrungen-und-trends-aus-der-praxis","status":"publish","type":"post","link":"https:\/\/www.organisator.ch\/en\/management\/2022-05-19\/rueckblick-zum-zuercher-logistik-kolloquium-erfahrungen-und-trends-aus-der-praxis\/","title":{"rendered":"Review of the Zurich Logistics Colloquium: Experiences and Trends from the Field"},"content":{"rendered":"<figure id=\"attachment_12932\" aria-describedby=\"caption-attachment-12932\" style=\"width: 680px\" class=\"wp-caption alignnone\"><img loading=\"lazy\" decoding=\"async\" class=\"size-full wp-image-12932\" src=\"https:\/\/www.organisator.ch\/wp-content\/uploads\/2022\/05\/Rueckblick-zum-Zuercher-Logistik-Kolloquium-Erfahrungen-und-Trends-aus-der-Praxis-1_Organisator.jpg\" alt=\"\" width=\"680\" height=\"438\" srcset=\"https:\/\/www.organisator.ch\/wp-content\/uploads\/2022\/05\/Rueckblick-zum-Zuercher-Logistik-Kolloquium-Erfahrungen-und-Trends-aus-der-Praxis-1_Organisator.jpg 680w, https:\/\/www.organisator.ch\/wp-content\/uploads\/2022\/05\/Rueckblick-zum-Zuercher-Logistik-Kolloquium-Erfahrungen-und-Trends-aus-der-Praxis-1_Organisator-18x12.jpg 18w, https:\/\/www.organisator.ch\/wp-content\/uploads\/2022\/05\/Rueckblick-zum-Zuercher-Logistik-Kolloquium-Erfahrungen-und-Trends-aus-der-Praxis-1_Organisator-272x175.jpg 272w, https:\/\/www.organisator.ch\/wp-content\/uploads\/2022\/05\/Rueckblick-zum-Zuercher-Logistik-Kolloquium-Erfahrungen-und-Trends-aus-der-Praxis-1_Organisator-543x350.jpg 543w, https:\/\/www.organisator.ch\/wp-content\/uploads\/2022\/05\/Rueckblick-zum-Zuercher-Logistik-Kolloquium-Erfahrungen-und-Trends-aus-der-Praxis-1_Organisator-300x193.jpg 300w\" sizes=\"auto, (max-width: 680px) 100vw, 680px\" \/><figcaption id=\"caption-attachment-12932\" class=\"wp-caption-text\">Every year in spring, the traditional Zurich Logistics Colloquium takes place. At this event, three or more managers from the Swiss economy present their lighthouse projects. Here Daniel Gilgen during his presentation. (Image: Dr. Ac\u00e9l &amp; Partner)<\/figcaption><\/figure>\n<p>On Tuesday, May 10, 2022, the Zurich Logistics Colloquium could be held again in the Lecturers' Foyer of ETH Zurich after a two-year \"Covid-19\"-related break. Around 70 guests took the opportunity for a lively exchange of ideas in the course of the four presentations. Afterwards, a view of a beautiful sunset over the city of Zurich was not to be missed.<\/p>\n<h3>\"No mechanical engineering without logistics<\/h3>\n<p>Frank Brinken, Chairman and Founder of BB Intec AG in Rotkreuz and holder of various supervisory and administrative board mandates, postulated \"No mechanical engineering without logistics\". He impressively illustrated that machine tools are the mother of all machines. Without machine tools, there would be no industrial products. Europe has the largest world market share (35%) in the production of machine tools with a turnover of around 28 billion. Euro (2019). Brinken makes it clear that for such machines with up to 12,000 individual parts, not only good and long-term supplier relationships are needed, but also a large pre-financing requirement must be ensured. The variety demanded by customers results from the combination of basic machines with various components and specific assemblies. In product development; e.g. also through \"design-to-shipment\", transport costs and time can be saved. For quality components, there are only three global clusters worldwide: Europe with Italy, southern Germany, the Czech Republic and Switzerland, Taiwan and Japan. To date, the mechanical engineering sector has been largely spared the current crises. But those who are already tackling the three biggest challenges in Europe today, such as the dilemma of small batch sizes, sourcing and transport costs, are well equipped for the future, Brinken sums up.<\/p>\n<h3>How to reduce the inventory value<\/h3>\n<p>Dr. Gesine Moritz, Division Manager Supply Chain Management and Member of the Executive Board of Woodpecker AG Frauenfeld, followed with her insight on \"Change in Retail\". She pictorially showed the way of Woodpecker AG from distributed local dealers to a future-oriented and successful process-oriented sales organization. In the process, logistics was the decisive success factor. Service levels were developed and implemented. For example, new customer orders received by 5:00 p.m. are guaranteed to be delivered the following day. Inventory value has been reduced by over 20% in three years and inventory turnover has increased from 2.5 to 4.5. The biggest stumbling blocks in this transformation were also the biggest success factors: WE the people. Regular communication with employees, involvement from the outset according to the motto \"turn those affected into participants,\" trust and empowerment, and letting brakemen off the hook proved particularly effective.<\/p>\n<h3>Digitalization meets automation<\/h3>\n<p>The future is digital! This was impressively demonstrated by Daniel Gilgen, Deputy CEO and Business Unit Manager Systems at Gilgen Logistics AG Oberwangen, on the topic of \"Digitalization meets automation\". Gilgen gave an in-depth insight into the implementation of seamless data continuity throughout the entire life cycle of logistics systems. The innovative solution approach of Gilgen Logistics AG links state-of-the-art technologies such as augmented reality, digital twin, cloud server and GS1 Digital Link with customer and manufacturer systems and brings them together with intralogistics. The data can be accessed at any time from anywhere in real time via the cloud. This means that all relevant information is accessible to those involved in the right form. The use of augmented reality in the sales process enables potential customers, for example, to take a virtual tour of the developed plant concept with the option of checking it directly in the virtual world. The first individual digital system went into operation in the fall of 2021 at Denner's distribution center in Lyss. After only a short period of time, increased productivity was already evident for the end customer and suppliers.<\/p>\n<figure id=\"attachment_12933\" aria-describedby=\"caption-attachment-12933\" style=\"width: 680px\" class=\"wp-caption alignnone\"><img loading=\"lazy\" decoding=\"async\" class=\"size-full wp-image-12933\" src=\"https:\/\/www.organisator.ch\/wp-content\/uploads\/2022\/05\/Rueckblick-zum-Zuercher-Logistik-Kolloquium-Erfahrungen-und-Trends-aus-der-Praxis-2_Organisator.jpg\" alt=\"\" width=\"680\" height=\"453\" srcset=\"https:\/\/www.organisator.ch\/wp-content\/uploads\/2022\/05\/Rueckblick-zum-Zuercher-Logistik-Kolloquium-Erfahrungen-und-Trends-aus-der-Praxis-2_Organisator.jpg 680w, https:\/\/www.organisator.ch\/wp-content\/uploads\/2022\/05\/Rueckblick-zum-Zuercher-Logistik-Kolloquium-Erfahrungen-und-Trends-aus-der-Praxis-2_Organisator-18x12.jpg 18w, https:\/\/www.organisator.ch\/wp-content\/uploads\/2022\/05\/Rueckblick-zum-Zuercher-Logistik-Kolloquium-Erfahrungen-und-Trends-aus-der-Praxis-2_Organisator-263x175.jpg 263w, https:\/\/www.organisator.ch\/wp-content\/uploads\/2022\/05\/Rueckblick-zum-Zuercher-Logistik-Kolloquium-Erfahrungen-und-Trends-aus-der-Praxis-2_Organisator-525x350.jpg 525w, https:\/\/www.organisator.ch\/wp-content\/uploads\/2022\/05\/Rueckblick-zum-Zuercher-Logistik-Kolloquium-Erfahrungen-und-Trends-aus-der-Praxis-2_Organisator-300x200.jpg 300w\" sizes=\"auto, (max-width: 680px) 100vw, 680px\" \/><figcaption id=\"caption-attachment-12933\" class=\"wp-caption-text\">Exchange and networking with a view of the city of Zurich. (Image: Dr. Ac\u00e9l &amp; Partner)<\/figcaption><\/figure>\n<h3>Joint research project<\/h3>\n<p>This year's Zurich Logistics Colloquium was concluded by Werner Z\u00fcllig, Head of Technology at Geberit Produktions AG Jona and Prof. Dr. Andreas Kunz, Head of the Innovation Center Virtual Reality at ETH Zurich. They provided insight into exciting results from a joint research project on the topic of \"Virtual Reality in Workplace Design\". Stable standardized processes are to be used with the Geberit Production System to ensure that manual workplaces can also be improved while avoiding waste of resources. In the joint research project, workplaces were evaluated entirely in the virtual world using the MTM method and potential improvements were identified. The benefits are sustained high cash generation, even for small quantities, as well as operating margins that are significantly above the industry average. Geberit is consciously driving forward this strategic initiative of digitalization and sees it as a major opportunity for genuine value creation at the Swiss site.<\/p>\n<p><a href=\"https:\/\/www.acel.ch\/\"><em>Source and further information<\/em><\/a><\/p>","protected":false},"excerpt":{"rendered":"<p>Am Dienstag, 10. Mai 2022 konnte das Z\u00fcrcher Logistik-Kolloquium nach zwei Jahren \u00abCovid-19\u00bb-bedingter Pause wieder im Dozentenfoyer der ETH Z\u00fcrich durchgef\u00fchrt werden. Rund 70 G\u00e4ste nutzten die Gelegenheit f\u00fcr einen regen Gedankenaustausch im Verlauf der vier Pr\u00e4sentationen. Nicht fehlen durfte danach ein Ausblick auf einen wundersch\u00f6nem Sonnenuntergang \u00fcber der Stadt Z\u00fcrich. &#8222;Kein Maschinenbau ohne Logistik [&hellip;]<\/p>\n","protected":false},"author":4,"featured_media":12933,"comment_status":"closed","ping_status":"closed","sticky":false,"template":"","format":"standard","meta":{"_acf_changed":false,"_yoast_wpseo_focuskw":"Z\u00fcrcher Logistik-Kolloquium","_yoast_wpseo_metadesc":"Das 37. Z\u00fcrcher Logistik-Kolloquium war ein voller Erfolg. Die Ausgabe von 2022 zeigte mit Leuchtturmprojekten: Die Zukunft ist digital!","articlekey":"","footnotes":""},"categories":[28],"tags":[193,328,334],"class_list":["post-12931","post","type-post","status-publish","format-standard","has-post-thumbnail","hentry","category-management","tag-fachkongressfachmesse","tag-logistik","tag-management"],"acf":[],"yoast_head":"<!-- This site is optimized with the Yoast SEO plugin v27.5 - https:\/\/yoast.com\/product\/yoast-seo-wordpress\/ -->\n<title>R\u00fcckblick zum Z\u00fcrcher Logistik-Kolloquium: Erfahrungen und Trends aus der Praxis - Organisator<\/title>\n<meta name=\"description\" content=\"Das 37. Z\u00fcrcher Logistik-Kolloquium war ein voller Erfolg. Die Ausgabe von 2022 zeigte mit Leuchtturmprojekten: Die Zukunft ist digital!\" \/>\n<meta name=\"robots\" content=\"index, follow, max-snippet:-1, max-image-preview:large, max-video-preview:-1\" \/>\n<link rel=\"canonical\" href=\"https:\/\/www.organisator.ch\/en\/management\/2022-05-19\/rueckblick-zum-zuercher-logistik-kolloquium-erfahrungen-und-trends-aus-der-praxis\/\" \/>\n<meta property=\"og:locale\" content=\"en_US\" \/>\n<meta property=\"og:type\" content=\"article\" \/>\n<meta property=\"og:title\" content=\"R\u00fcckblick zum Z\u00fcrcher Logistik-Kolloquium: Erfahrungen und Trends aus der Praxis\" \/>\n<meta property=\"og:description\" content=\"https:\/\/www.acel.ch\/Das 37. Z\u00fcrcher Logistik-Kolloquium war ein voller Erfolg. Die Ausgabe von 2022 zeigte mit Leuchtturmprojekten: Die Zukunft ist digital!\" \/>\n<meta property=\"og:url\" content=\"https:\/\/www.organisator.ch\/en\/management\/2022-05-19\/rueckblick-zum-zuercher-logistik-kolloquium-erfahrungen-und-trends-aus-der-praxis\/\" \/>\n<meta property=\"og:site_name\" content=\"Organisator\" \/>\n<meta property=\"article:publisher\" content=\"https:\/\/www.facebook.com\/OrganisatorFachmagazin\" \/>\n<meta property=\"article:published_time\" content=\"2022-05-19T04:44:42+00:00\" \/>\n<meta property=\"og:image\" content=\"https:\/\/www.organisator.ch\/wp-content\/uploads\/2022\/05\/Rueckblick-zum-Zuercher-Logistik-Kolloquium-Erfahrungen-und-Trends-aus-der-Praxis-2_Organisator.jpg\" \/>\n\t<meta property=\"og:image:width\" content=\"680\" \/>\n\t<meta property=\"og:image:height\" content=\"453\" \/>\n\t<meta property=\"og:image:type\" content=\"image\/jpeg\" \/>\n<meta name=\"author\" content=\"thomas.berner\" \/>\n<meta name=\"twitter:card\" content=\"summary_large_image\" \/>\n<meta name=\"twitter:title\" content=\"R\u00fcckblick zum Z\u00fcrcher #Logistik-Kolloquium: Erfahrungen und Trends aus der Praxis\" \/>\n<meta name=\"twitter:description\" content=\"Das 37. Z\u00fcrcher #Logistik-Kolloquium war ein voller Erfolg. Die Ausgabe von 2022 zeigte mit #Leuchtturmprojekten: Die Zukunft ist digital!\" \/>\n<meta name=\"twitter:image\" content=\"https:\/\/www.organisator.ch\/wp-content\/uploads\/2022\/05\/Rueckblick-zum-Zuercher-Logistik-Kolloquium-Erfahrungen-und-Trends-aus-der-Praxis-2_Organisator.jpg\" \/>\n<script type=\"application\/ld+json\" class=\"yoast-schema-graph\">{\"@context\":\"https:\\\/\\\/schema.org\",\"@graph\":[{\"@type\":\"Article\",\"@id\":\"https:\\\/\\\/www.organisator.ch\\\/management\\\/2022-05-19\\\/rueckblick-zum-zuercher-logistik-kolloquium-erfahrungen-und-trends-aus-der-praxis\\\/#article\",\"isPartOf\":{\"@id\":\"https:\\\/\\\/www.organisator.ch\\\/management\\\/2022-05-19\\\/rueckblick-zum-zuercher-logistik-kolloquium-erfahrungen-und-trends-aus-der-praxis\\\/\"},\"author\":{\"name\":\"thomas.berner\",\"@id\":\"https:\\\/\\\/www.organisator.ch\\\/#\\\/schema\\\/person\\\/6f650f90b2842cd4c0cc334b4e36f67e\"},\"headline\":\"R\u00fcckblick zum Z\u00fcrcher Logistik-Kolloquium: Erfahrungen und Trends aus der Praxis\",\"datePublished\":\"2022-05-19T04:44:42+00:00\",\"mainEntityOfPage\":{\"@id\":\"https:\\\/\\\/www.organisator.ch\\\/management\\\/2022-05-19\\\/rueckblick-zum-zuercher-logistik-kolloquium-erfahrungen-und-trends-aus-der-praxis\\\/\"},\"wordCount\":792,\"publisher\":{\"@id\":\"https:\\\/\\\/www.organisator.ch\\\/#organization\"},\"image\":{\"@id\":\"https:\\\/\\\/www.organisator.ch\\\/management\\\/2022-05-19\\\/rueckblick-zum-zuercher-logistik-kolloquium-erfahrungen-und-trends-aus-der-praxis\\\/#primaryimage\"},\"thumbnailUrl\":\"https:\\\/\\\/www.organisator.ch\\\/wp-content\\\/uploads\\\/2022\\\/05\\\/Rueckblick-zum-Zuercher-Logistik-Kolloquium-Erfahrungen-und-Trends-aus-der-Praxis-2_Organisator.jpg\",\"keywords\":[\"Fachkongress\\\/Fachmesse\",\"Logistik\",\"Management\"],\"articleSection\":[\"MANAGEMENT\"],\"inLanguage\":\"en-US\"},{\"@type\":\"WebPage\",\"@id\":\"https:\\\/\\\/www.organisator.ch\\\/management\\\/2022-05-19\\\/rueckblick-zum-zuercher-logistik-kolloquium-erfahrungen-und-trends-aus-der-praxis\\\/\",\"url\":\"https:\\\/\\\/www.organisator.ch\\\/management\\\/2022-05-19\\\/rueckblick-zum-zuercher-logistik-kolloquium-erfahrungen-und-trends-aus-der-praxis\\\/\",\"name\":\"R\u00fcckblick zum Z\u00fcrcher Logistik-Kolloquium: Erfahrungen und Trends aus der Praxis - Organisator\",\"isPartOf\":{\"@id\":\"https:\\\/\\\/www.organisator.ch\\\/#website\"},\"primaryImageOfPage\":{\"@id\":\"https:\\\/\\\/www.organisator.ch\\\/management\\\/2022-05-19\\\/rueckblick-zum-zuercher-logistik-kolloquium-erfahrungen-und-trends-aus-der-praxis\\\/#primaryimage\"},\"image\":{\"@id\":\"https:\\\/\\\/www.organisator.ch\\\/management\\\/2022-05-19\\\/rueckblick-zum-zuercher-logistik-kolloquium-erfahrungen-und-trends-aus-der-praxis\\\/#primaryimage\"},\"thumbnailUrl\":\"https:\\\/\\\/www.organisator.ch\\\/wp-content\\\/uploads\\\/2022\\\/05\\\/Rueckblick-zum-Zuercher-Logistik-Kolloquium-Erfahrungen-und-Trends-aus-der-Praxis-2_Organisator.jpg\",\"datePublished\":\"2022-05-19T04:44:42+00:00\",\"description\":\"Das 37. Z\u00fcrcher Logistik-Kolloquium war ein voller Erfolg. Die Ausgabe von 2022 zeigte mit Leuchtturmprojekten: Die Zukunft ist digital!\",\"breadcrumb\":{\"@id\":\"https:\\\/\\\/www.organisator.ch\\\/management\\\/2022-05-19\\\/rueckblick-zum-zuercher-logistik-kolloquium-erfahrungen-und-trends-aus-der-praxis\\\/#breadcrumb\"},\"inLanguage\":\"en-US\",\"potentialAction\":[{\"@type\":\"ReadAction\",\"target\":[\"https:\\\/\\\/www.organisator.ch\\\/management\\\/2022-05-19\\\/rueckblick-zum-zuercher-logistik-kolloquium-erfahrungen-und-trends-aus-der-praxis\\\/\"]}]},{\"@type\":\"ImageObject\",\"inLanguage\":\"en-US\",\"@id\":\"https:\\\/\\\/www.organisator.ch\\\/management\\\/2022-05-19\\\/rueckblick-zum-zuercher-logistik-kolloquium-erfahrungen-und-trends-aus-der-praxis\\\/#primaryimage\",\"url\":\"https:\\\/\\\/www.organisator.ch\\\/wp-content\\\/uploads\\\/2022\\\/05\\\/Rueckblick-zum-Zuercher-Logistik-Kolloquium-Erfahrungen-und-Trends-aus-der-Praxis-2_Organisator.jpg\",\"contentUrl\":\"https:\\\/\\\/www.organisator.ch\\\/wp-content\\\/uploads\\\/2022\\\/05\\\/Rueckblick-zum-Zuercher-Logistik-Kolloquium-Erfahrungen-und-Trends-aus-der-Praxis-2_Organisator.jpg\",\"width\":680,\"height\":453,\"caption\":\"Austausch und Netzwerken mit Aussicht auf die Stadt Z\u00fcrich. (Bild: Dr. Ac\u00e9l & Partner)\"},{\"@type\":\"BreadcrumbList\",\"@id\":\"https:\\\/\\\/www.organisator.ch\\\/management\\\/2022-05-19\\\/rueckblick-zum-zuercher-logistik-kolloquium-erfahrungen-und-trends-aus-der-praxis\\\/#breadcrumb\",\"itemListElement\":[{\"@type\":\"ListItem\",\"position\":1,\"name\":\"Home\",\"item\":\"https:\\\/\\\/www.organisator.ch\\\/\"},{\"@type\":\"ListItem\",\"position\":2,\"name\":\"R\u00fcckblick zum Z\u00fcrcher Logistik-Kolloquium: Erfahrungen und Trends aus der Praxis\"}]},{\"@type\":\"WebSite\",\"@id\":\"https:\\\/\\\/www.organisator.ch\\\/#website\",\"url\":\"https:\\\/\\\/www.organisator.ch\\\/\",\"name\":\"Organisator\",\"description\":\"Kompetent. Praxisnah. Der ORGANISATOR bereitet in 10 Ausgaben pro Jahr die wesentlichen Themen f\u00fcr F\u00fchrungskr\u00e4fte von KMU auf.\",\"publisher\":{\"@id\":\"https:\\\/\\\/www.organisator.ch\\\/#organization\"},\"potentialAction\":[{\"@type\":\"SearchAction\",\"target\":{\"@type\":\"EntryPoint\",\"urlTemplate\":\"https:\\\/\\\/www.organisator.ch\\\/?s={search_term_string}\"},\"query-input\":{\"@type\":\"PropertyValueSpecification\",\"valueRequired\":true,\"valueName\":\"search_term_string\"}}],\"inLanguage\":\"en-US\"},{\"@type\":\"Organization\",\"@id\":\"https:\\\/\\\/www.organisator.ch\\\/#organization\",\"name\":\"Organisator\",\"url\":\"https:\\\/\\\/www.organisator.ch\\\/\",\"logo\":{\"@type\":\"ImageObject\",\"inLanguage\":\"en-US\",\"@id\":\"https:\\\/\\\/www.organisator.ch\\\/#\\\/schema\\\/logo\\\/image\\\/\",\"url\":\"https:\\\/\\\/www.organisator.ch\\\/wp-content\\\/uploads\\\/2022\\\/01\\\/Logo_Organisator_Website.png\",\"contentUrl\":\"https:\\\/\\\/www.organisator.ch\\\/wp-content\\\/uploads\\\/2022\\\/01\\\/Logo_Organisator_Website.png\",\"width\":800,\"height\":77,\"caption\":\"Organisator\"},\"image\":{\"@id\":\"https:\\\/\\\/www.organisator.ch\\\/#\\\/schema\\\/logo\\\/image\\\/\"},\"sameAs\":[\"https:\\\/\\\/www.facebook.com\\\/OrganisatorFachmagazin\",\"https:\\\/\\\/www.linkedin.com\\\/showcase\\\/organisator-das-magazin-fr-kmu\",\"https:\\\/\\\/www.xing.com\\\/news\\\/pages\\\/organisator-ch-695\",\"https:\\\/\\\/www.youtube.com\\\/channel\\\/UCGP2Sq0iWaZwT3BdIAQFYpw\"]},{\"@type\":\"Person\",\"@id\":\"https:\\\/\\\/www.organisator.ch\\\/#\\\/schema\\\/person\\\/6f650f90b2842cd4c0cc334b4e36f67e\",\"name\":\"thomas.berner\",\"image\":{\"@type\":\"ImageObject\",\"inLanguage\":\"en-US\",\"@id\":\"https:\\\/\\\/secure.gravatar.com\\\/avatar\\\/ac5001d2a36cb6c6cd3e50789007ffca834b477b74a2144564522e944eabff61?s=96&d=mm&r=g\",\"url\":\"https:\\\/\\\/secure.gravatar.com\\\/avatar\\\/ac5001d2a36cb6c6cd3e50789007ffca834b477b74a2144564522e944eabff61?s=96&d=mm&r=g\",\"contentUrl\":\"https:\\\/\\\/secure.gravatar.com\\\/avatar\\\/ac5001d2a36cb6c6cd3e50789007ffca834b477b74a2144564522e944eabff61?s=96&d=mm&r=g\",\"caption\":\"thomas.berner\"},\"url\":\"https:\\\/\\\/www.organisator.ch\\\/en\\\/author\\\/thomas-berner\\\/\"}]}<\/script>\n<!-- \/ Yoast SEO plugin. -->","yoast_head_json":{"title":"Review of the Zurich Logistics Colloquium: Experiences and trends from practice - Organizer","description":"The 37th Zurich Logistics Colloquium was a complete success. The 2022 edition showed with lighthouse projects: The future is digital!","robots":{"index":"index","follow":"follow","max-snippet":"max-snippet:-1","max-image-preview":"max-image-preview:large","max-video-preview":"max-video-preview:-1"},"canonical":"https:\/\/www.organisator.ch\/en\/management\/2022-05-19\/rueckblick-zum-zuercher-logistik-kolloquium-erfahrungen-und-trends-aus-der-praxis\/","og_locale":"en_US","og_type":"article","og_title":"R\u00fcckblick zum Z\u00fcrcher Logistik-Kolloquium: Erfahrungen und Trends aus der Praxis","og_description":"https:\/\/www.acel.ch\/Das 37. Z\u00fcrcher Logistik-Kolloquium war ein voller Erfolg. Die Ausgabe von 2022 zeigte mit Leuchtturmprojekten: Die Zukunft ist digital!","og_url":"https:\/\/www.organisator.ch\/en\/management\/2022-05-19\/rueckblick-zum-zuercher-logistik-kolloquium-erfahrungen-und-trends-aus-der-praxis\/","og_site_name":"Organisator","article_publisher":"https:\/\/www.facebook.com\/OrganisatorFachmagazin","article_published_time":"2022-05-19T04:44:42+00:00","og_image":[{"width":680,"height":453,"url":"https:\/\/www.organisator.ch\/wp-content\/uploads\/2022\/05\/Rueckblick-zum-Zuercher-Logistik-Kolloquium-Erfahrungen-und-Trends-aus-der-Praxis-2_Organisator.jpg","type":"image\/jpeg"}],"author":"thomas.berner","twitter_card":"summary_large_image","twitter_title":"R\u00fcckblick zum Z\u00fcrcher #Logistik-Kolloquium: Erfahrungen und Trends aus der Praxis","twitter_description":"Das 37. Z\u00fcrcher #Logistik-Kolloquium war ein voller Erfolg. Die Ausgabe von 2022 zeigte mit #Leuchtturmprojekten: Die Zukunft ist digital!","twitter_image":"https:\/\/www.organisator.ch\/wp-content\/uploads\/2022\/05\/Rueckblick-zum-Zuercher-Logistik-Kolloquium-Erfahrungen-und-Trends-aus-der-Praxis-2_Organisator.jpg","schema":{"@context":"https:\/\/schema.org","@graph":[{"@type":"Article","@id":"https:\/\/www.organisator.ch\/management\/2022-05-19\/rueckblick-zum-zuercher-logistik-kolloquium-erfahrungen-und-trends-aus-der-praxis\/#article","isPartOf":{"@id":"https:\/\/www.organisator.ch\/management\/2022-05-19\/rueckblick-zum-zuercher-logistik-kolloquium-erfahrungen-und-trends-aus-der-praxis\/"},"author":{"name":"thomas.berner","@id":"https:\/\/www.organisator.ch\/#\/schema\/person\/6f650f90b2842cd4c0cc334b4e36f67e"},"headline":"R\u00fcckblick zum Z\u00fcrcher Logistik-Kolloquium: Erfahrungen und Trends aus der Praxis","datePublished":"2022-05-19T04:44:42+00:00","mainEntityOfPage":{"@id":"https:\/\/www.organisator.ch\/management\/2022-05-19\/rueckblick-zum-zuercher-logistik-kolloquium-erfahrungen-und-trends-aus-der-praxis\/"},"wordCount":792,"publisher":{"@id":"https:\/\/www.organisator.ch\/#organization"},"image":{"@id":"https:\/\/www.organisator.ch\/management\/2022-05-19\/rueckblick-zum-zuercher-logistik-kolloquium-erfahrungen-und-trends-aus-der-praxis\/#primaryimage"},"thumbnailUrl":"https:\/\/www.organisator.ch\/wp-content\/uploads\/2022\/05\/Rueckblick-zum-Zuercher-Logistik-Kolloquium-Erfahrungen-und-Trends-aus-der-Praxis-2_Organisator.jpg","keywords":["Fachkongress\/Fachmesse","Logistik","Management"],"articleSection":["MANAGEMENT"],"inLanguage":"en-US"},{"@type":"WebPage","@id":"https:\/\/www.organisator.ch\/management\/2022-05-19\/rueckblick-zum-zuercher-logistik-kolloquium-erfahrungen-und-trends-aus-der-praxis\/","url":"https:\/\/www.organisator.ch\/management\/2022-05-19\/rueckblick-zum-zuercher-logistik-kolloquium-erfahrungen-und-trends-aus-der-praxis\/","name":"Review of the Zurich Logistics Colloquium: Experiences and trends from practice - Organizer","isPartOf":{"@id":"https:\/\/www.organisator.ch\/#website"},"primaryImageOfPage":{"@id":"https:\/\/www.organisator.ch\/management\/2022-05-19\/rueckblick-zum-zuercher-logistik-kolloquium-erfahrungen-und-trends-aus-der-praxis\/#primaryimage"},"image":{"@id":"https:\/\/www.organisator.ch\/management\/2022-05-19\/rueckblick-zum-zuercher-logistik-kolloquium-erfahrungen-und-trends-aus-der-praxis\/#primaryimage"},"thumbnailUrl":"https:\/\/www.organisator.ch\/wp-content\/uploads\/2022\/05\/Rueckblick-zum-Zuercher-Logistik-Kolloquium-Erfahrungen-und-Trends-aus-der-Praxis-2_Organisator.jpg","datePublished":"2022-05-19T04:44:42+00:00","description":"The 37th Zurich Logistics Colloquium was a complete success. The 2022 edition showed with lighthouse projects: The future is digital!","breadcrumb":{"@id":"https:\/\/www.organisator.ch\/management\/2022-05-19\/rueckblick-zum-zuercher-logistik-kolloquium-erfahrungen-und-trends-aus-der-praxis\/#breadcrumb"},"inLanguage":"en-US","potentialAction":[{"@type":"ReadAction","target":["https:\/\/www.organisator.ch\/management\/2022-05-19\/rueckblick-zum-zuercher-logistik-kolloquium-erfahrungen-und-trends-aus-der-praxis\/"]}]},{"@type":"ImageObject","inLanguage":"en-US","@id":"https:\/\/www.organisator.ch\/management\/2022-05-19\/rueckblick-zum-zuercher-logistik-kolloquium-erfahrungen-und-trends-aus-der-praxis\/#primaryimage","url":"https:\/\/www.organisator.ch\/wp-content\/uploads\/2022\/05\/Rueckblick-zum-Zuercher-Logistik-Kolloquium-Erfahrungen-und-Trends-aus-der-Praxis-2_Organisator.jpg","contentUrl":"https:\/\/www.organisator.ch\/wp-content\/uploads\/2022\/05\/Rueckblick-zum-Zuercher-Logistik-Kolloquium-Erfahrungen-und-Trends-aus-der-Praxis-2_Organisator.jpg","width":680,"height":453,"caption":"Austausch und Netzwerken mit Aussicht auf die Stadt Z\u00fcrich. (Bild: Dr. Ac\u00e9l & Partner)"},{"@type":"BreadcrumbList","@id":"https:\/\/www.organisator.ch\/management\/2022-05-19\/rueckblick-zum-zuercher-logistik-kolloquium-erfahrungen-und-trends-aus-der-praxis\/#breadcrumb","itemListElement":[{"@type":"ListItem","position":1,"name":"Home","item":"https:\/\/www.organisator.ch\/"},{"@type":"ListItem","position":2,"name":"R\u00fcckblick zum Z\u00fcrcher Logistik-Kolloquium: Erfahrungen und Trends aus der Praxis"}]},{"@type":"WebSite","@id":"https:\/\/www.organisator.ch\/#website","url":"https:\/\/www.organisator.ch\/","name":"Organizer","description":"Competent. Practical. In 10 issues per year, ORGANISATOR presents the essential topics for managers of SMEs.","publisher":{"@id":"https:\/\/www.organisator.ch\/#organization"},"potentialAction":[{"@type":"SearchAction","target":{"@type":"EntryPoint","urlTemplate":"https:\/\/www.organisator.ch\/?s={search_term_string}"},"query-input":{"@type":"PropertyValueSpecification","valueRequired":true,"valueName":"search_term_string"}}],"inLanguage":"en-US"},{"@type":"Organization","@id":"https:\/\/www.organisator.ch\/#organization","name":"Organizer","url":"https:\/\/www.organisator.ch\/","logo":{"@type":"ImageObject","inLanguage":"en-US","@id":"https:\/\/www.organisator.ch\/#\/schema\/logo\/image\/","url":"https:\/\/www.organisator.ch\/wp-content\/uploads\/2022\/01\/Logo_Organisator_Website.png","contentUrl":"https:\/\/www.organisator.ch\/wp-content\/uploads\/2022\/01\/Logo_Organisator_Website.png","width":800,"height":77,"caption":"Organisator"},"image":{"@id":"https:\/\/www.organisator.ch\/#\/schema\/logo\/image\/"},"sameAs":["https:\/\/www.facebook.com\/OrganisatorFachmagazin","https:\/\/www.linkedin.com\/showcase\/organisator-das-magazin-fr-kmu","https:\/\/www.xing.com\/news\/pages\/organisator-ch-695","https:\/\/www.youtube.com\/channel\/UCGP2Sq0iWaZwT3BdIAQFYpw"]},{"@type":"Person","@id":"https:\/\/www.organisator.ch\/#\/schema\/person\/6f650f90b2842cd4c0cc334b4e36f67e","name":"thomas.berner","image":{"@type":"ImageObject","inLanguage":"en-US","@id":"https:\/\/secure.gravatar.com\/avatar\/ac5001d2a36cb6c6cd3e50789007ffca834b477b74a2144564522e944eabff61?s=96&d=mm&r=g","url":"https:\/\/secure.gravatar.com\/avatar\/ac5001d2a36cb6c6cd3e50789007ffca834b477b74a2144564522e944eabff61?s=96&d=mm&r=g","contentUrl":"https:\/\/secure.gravatar.com\/avatar\/ac5001d2a36cb6c6cd3e50789007ffca834b477b74a2144564522e944eabff61?s=96&d=mm&r=g","caption":"thomas.berner"},"url":"https:\/\/www.organisator.ch\/en\/author\/thomas-berner\/"}]}},"_links":{"self":[{"href":"https:\/\/www.organisator.ch\/en\/wp-json\/wp\/v2\/posts\/12931","targetHints":{"allow":["GET"]}}],"collection":[{"href":"https:\/\/www.organisator.ch\/en\/wp-json\/wp\/v2\/posts"}],"about":[{"href":"https:\/\/www.organisator.ch\/en\/wp-json\/wp\/v2\/types\/post"}],"author":[{"embeddable":true,"href":"https:\/\/www.organisator.ch\/en\/wp-json\/wp\/v2\/users\/4"}],"replies":[{"embeddable":true,"href":"https:\/\/www.organisator.ch\/en\/wp-json\/wp\/v2\/comments?post=12931"}],"version-history":[{"count":1,"href":"https:\/\/www.organisator.ch\/en\/wp-json\/wp\/v2\/posts\/12931\/revisions"}],"predecessor-version":[{"id":12934,"href":"https:\/\/www.organisator.ch\/en\/wp-json\/wp\/v2\/posts\/12931\/revisions\/12934"}],"wp:featuredmedia":[{"embeddable":true,"href":"https:\/\/www.organisator.ch\/en\/wp-json\/wp\/v2\/media\/12933"}],"wp:attachment":[{"href":"https:\/\/www.organisator.ch\/en\/wp-json\/wp\/v2\/media?parent=12931"}],"wp:term":[{"taxonomy":"category","embeddable":true,"href":"https:\/\/www.organisator.ch\/en\/wp-json\/wp\/v2\/categories?post=12931"},{"taxonomy":"post_tag","embeddable":true,"href":"https:\/\/www.organisator.ch\/en\/wp-json\/wp\/v2\/tags?post=12931"}],"curies":[{"name":"wp","href":"https:\/\/api.w.org\/{rel}","templated":true}]}}