{"id":12935,"date":"2022-05-19T13:28:31","date_gmt":"2022-05-19T11:28:31","guid":{"rendered":"https:\/\/www.werbewoche.ch\/?p=171512"},"modified":"2022-07-30T16:32:49","modified_gmt":"2022-07-30T14:32:49","slug":"sunrise-upc-erhaelt-komplett-neuen-auftritt-von-thjnk-und-rufus-leonard","status":"publish","type":"post","link":"https:\/\/www.organisator.ch\/en\/marketing\/2022-05-19\/sunrise-upc-erhaelt-komplett-neuen-auftritt-von-thjnk-und-rufus-leonard\/","title":{"rendered":"Sunrise UPC gets completely new appearance by Thjnk and Rufus Leonard"},"content":{"rendered":"<figure id=\"attachment_171514\" class=\"wp-caption alignnone\" style=\"width: 1920px\" aria-describedby=\"caption-attachment-171514\"><img class=\"alignnone wp-image-171514 size-full\" src=\"https:\/\/www.werbewoche.ch\/wp-content\/uploads\/2022\/05\/SUN-MM-Keyvisual.jpg\" alt=\"Sunrise\" width=\"1920\" height=\"1080\" \/><figcaption id=\"caption-attachment-171514\" class=\"wp-caption-text\">The new key visual with the logo \"Aurora\".<\/figcaption><\/figure>\r\nThe merger of Sunrise and UPC at the end of 2020 was the elephant wedding in the Swiss telecommunications industry. At that time, Liberty Global - the parent company of UPC - took over Sunrise. Nevertheless, the new Sunrise UPC company is now again primarily relying on Sunrise as its brand from May 23, 2022.\r\n<h3><strong>Farewell to the UPC brand <\/strong><\/h3>\r\nExisting UPC customers will continue to receive their existing products and services under the UPC brand. Step by step, however, these customers will also be migrated to the new Sunrise products, the management explained. The UPC brand will thus disappear in the longer term and will no longer be continued At least for the time being, however, the company will continue to be called Sunrise UPC rather than just Sunrise. \"Should that change, then we will inform in due course,\" CEO Krause said.\r\n<h3><strong>New brand design from Thjnk<\/strong><\/h3>\r\nWith the focus on Sunrise, the telecom group is also launching a repositioning including a new brand design - with a new symbol and new values - starting Monday. Thjnk Zurich is responsible for brand communication. The agency was able to prevail over the competition in a multi-stu\ufb01gen pitch. The new brand identity was developed by London-based design and technology agency Rufus Leonard.\r\n<h3>New claim \"Dream big. Do big.\"<\/h3>\r\nSunrise wants to be more than a telecommunications provider - the brand should inspire and encourage people to realize their dreams. Because with positive energy and networked solutions, anything is possible. This is also what the new brand claim with the wording \"Dream big. Do big.\" is also intended to convey this.\r\n\r\nThis attitude comes across in the multi-stu\ufb01gen funnel campaign across all advertising media. A 60-second manifesto film deliberately celebrates the ups and downs of life. And shows people who stick to their dream and their big plan, even when there is a headwind. People who stay positive, keep going and never give up - they are the ones who carry the attitude of Sunrise. Among them are ski star Marco Odermatt and tennis icon Roger Federer. The film is musically accompanied by a cover version of the Police song \"Every little thing she does is magic\", interpreted by Sleeping at last.\r\n<h3>Appeal externally and internally<\/h3>\r\nThe new brand claim and the inviting messages are not only directed at Sunrise's customers, but explicitly at all employees as well. \"Especially after such a large merger, it is important that all employees can build on a common vision and mission,\" says Andreas Caluori, Senior Director Brand &amp; Marcoms at Sunrise.\r\n<h3>Rebranding from London<\/h3>\r\nAward-winning London-based design and technology agency Rufus Leonard has created a complete redesign for the revised positioning. This includes a new brand identity, the animated new logo, the \"Aurora\" which resembles a sunrise and is always placed on a horizon line, the de\ufb01nition of the imagery, co-branding principles, brand guidelines, POS concept as well as icons.\r\n<h3><strong>UPC brand is buried<\/strong><\/h3>\r\nExisting UPC customers will continue to receive their existing products and services under the UPC brand. Step by step, however, these customers will also be migrated to the new Sunrise products, the management explained. The UPC brand will thus disappear in the longer term and will no longer be continued.\r\n\r\nAt least for now, however, the company will continue to be called Sunrise UPC rather than just Sunrise. \"Should that change, then we will inform in due course,\" CEO Krause said.\r\n\r\n\"We are reaching the most important milestone in the integration of Sunrise UPC,\" CEO Andr\u00e9 Krause was quoted as saying in the communiqu\u00e9 on the changes. At the press conference, he added: \"We've trained hard and built muscle over the last few years.\" Now the company is ready for the future.\r\n<h3><strong>New Up subscription family<\/strong><\/h3>\r\nUnder the name \"Sunrise Up\", Sunrise UPC is also launching the first integrated subscriptions that rely on the Sunrise brand. The principle is simple: if customers combine mobile communications, Internet and TV, they receive additional discounts. Depending on the choice, they amount to between CHF 20 and CHF 100 per month.\r\n<h3><strong>Partnership with Netflix<\/strong><\/h3>\r\nMeanwhile, Sunrise has entered into a partnership with the streaming provider Netflix for its TV service. As a result, customers will receive the US provider's movie and series offerings in a combined rate with the more expensive packages; a separate subscription is no longer necessary. In addition, Sunrise UPC has also teamed up with CH Media for streaming. The Swiss streaming service Oneplus from the Aargau media company is included in most TV subscriptions in its Sunrise edition.\r\n<h3><strong>Positioning in the higher price segment<\/strong><\/h3>\r\nIncidentally, with \"Sunrise Up\" the Group clearly wants to position itself in the higher-priced segment - and thus compete with the top dog Swisscom. The more price-sensitive customers, on the other hand, are to be reached with the Yallo brand.\r\n\r\nThis was recently expanded into a full-fledged telecom provider with TV, mobile communications and Internet. Its offering is thus primarily aimed at Swisscom's low-cost Wingo brand or Salt's products. <em>(sda\/csi)<\/em>\r\n\r\n<img class=\"alignnone wp-image-171515 size-full\" src=\"https:\/\/www.werbewoche.ch\/wp-content\/uploads\/2022\/05\/SUN-MM-Sujet-See.jpg\" alt=\"Sunrise\" width=\"1522\" height=\"726\" \/> <img class=\"alignnone wp-image-171516 size-full\" src=\"https:\/\/www.werbewoche.ch\/wp-content\/uploads\/2022\/05\/SUN-MM-Sujet-Federer.jpg\" alt=\"Sunrise\" width=\"1522\" height=\"726\" \/> <img class=\"alignnone wp-image-171517 size-full\" src=\"https:\/\/www.werbewoche.ch\/wp-content\/uploads\/2022\/05\/SUN-MM-Sujet-Longboard.jpg\" alt=\"Sunrise\" width=\"1522\" height=\"726\" \/>\r\n\r\n<hr \/>\r\n\r\n<strong>Responsible at Sunrise UPC: <\/strong>Andreas Caluori (Senior Director Brand Development and Consumer Marketing), Anna Leutar (Head of ATL &amp; Brand Campaigning), Andreas J\u00e4ggi (Marketing Manager), Graziella Gut (Brand Manager). <strong>Responsible at Thjnk Zurich:<\/strong> Alexander Jaggy, Pablo Schencke (GF Creation), Lukas Amgwerd, Anna-Fiona Geller, Johannes Gorsboth (Text), Lukas Frischknecht, Mieke Haase, Alexander M\u00fcsgens, Fabian Esslinger, Silvia Meierhofer, Raymi Mendoza, Leorah Uhricek, Jozy Jeanguenin, Stefan Kaetz, Felix Hackmann (Art Direction), Gordon Nemitz (GF Strategy) Fabienne Peyer (Strategy), Andrea Bison (GF Consulting) Claudia Ziltener, Michaela Bossard, Cornelia N\u00fcnlist, Jennifer Vogel, Linda Zaugg, Marcella Corti, Jochen Hennecke (Consulting) Thomas Nabbefeld, Axel Doepner, Laura Fr\u00fcchtenicht (FFF), Marc Seibert, Guido Block (Thjnk 24\/7). <strong>External partners: Film:<\/strong> Stories with William Armstrong (Director), Cezary Zacherewicz (DoP), Mich\u00e8le Seligmann (Executive Producer ), J\u00fcrgen Krause (Producer), Karina Kirschner (Line Producer ), Edoardo Moruzzi (Head of Postproduction), Peter Scherz delighted gmbh (Art Department CH), Birdviewpicture GmbH (Drone), Ester de Udaeta (Producer Spain Western), Iain Whitewright (Editor), Paul Yacono The Mill, Los Angeles (Color Grading), Denis Kretz (VFX), Jingle Jungle Tonstudios (Sound Design Manifesto\ufb01lm \/ Audiopostproduction). <strong>Fotogra\ufb01e: <\/strong>David Daub (Wildfoxrunning and Lina Baumann), Tina Luther (Str\u00f6ver). <strong>Responsible branding agency: <\/strong>Rufus Leonard (Neil Svensen, Carlo D'Alanno, Natalie Bennett, Rita Branco, Philippa Todhunter, Richard Warren, Carolyn Cox, Barbora Breckova) <strong>Responsible media agencies: Mediatonic:<\/strong> Marco Rose, David Hoesli, C\u00e9dric Zwicky. <strong>Sir Mary:<\/strong> Kevin Sch\u00e4lchlin (Media Consultant), Marion Nicolaus (Head of Media Operations &amp; Intelligence), Eticus Rozas (AdTech &amp; Data Manager), Fabian Habisreutinger (Strategy Director Media). <strong>Implementation: <\/strong>RTK","protected":false},"excerpt":{"rendered":"<p>Die Fusion von Sunrise und UPC Ende 2020 war die Elefantenhochzeit in der Schweizer Telekombranche. Damals \u00fcbernahm Liberty Global \u2013 die Muttergesellschaft von UPC \u2013Sunrise. Trotzdem setzt das neue Unternehmen Sunrise UPC ab 23. Mai 2022 als Marke nun wieder prim\u00e4r auf Sunrise. Abschied von der Marke UPC Bestehende UPC-Kundinnen und -Kunden erhielten ihre bisherigen [\u2026]<\/p>\n","protected":false},"author":8,"featured_media":0,"comment_status":"closed","ping_status":"closed","sticky":false,"template":"","format":"standard","meta":{"_acf_changed":false,"_yoast_wpseo_focuskw":"Sunrise","_yoast_wpseo_metadesc":"Das fusionierte Telekomunternehmen Sunrise UPC schreitet mit seiner Integration weiter voran. Sunrise wird zur Hauptmarke des Konzerns \u2013 mit neuem Auftritt, erstellt von den Agenturen Thjnk und Rufus Leonard.","articlekey":"","footnotes":""},"categories":[29],"tags":[2866,2867,2868,2869,2870,2871,2872,2873,2874],"class_list":["post-12935","post","type-post","status-publish","format-standard","hentry","category-marketing","tag-jingle-jungle","tag-mediatonic","tag-netflix","tag-oneplus","tag-rufus-leonard","tag-sir-mary","tag-sunrise","tag-thjnk-zuerich","tag-upc"],"acf":[],"yoast_head":"<!-- This site is optimized with the Yoast SEO plugin v27.5 - https:\/\/yoast.com\/product\/yoast-seo-wordpress\/ -->\n<title>Sunrise UPC erh\u00e4lt komplett neuen Auftritt von Thjnk und Rufus Leonard - Organisator<\/title>\n<meta name=\"description\" content=\"Das fusionierte Telekomunternehmen Sunrise UPC schreitet mit seiner Integration weiter voran. Sunrise wird zur Hauptmarke des Konzerns \u2013 mit neuem Auftritt, erstellt von den Agenturen Thjnk und Rufus Leonard.\" \/>\n<meta name=\"robots\" content=\"index, follow, max-snippet:-1, max-image-preview:large, max-video-preview:-1\" \/>\n<link rel=\"canonical\" href=\"https:\/\/www.werbewoche.ch\/de\/marketing\/marken\/2022-05-19\/sunrise-upc-erhaelt-komplett-neuen-auftritt-von-thjnk-und-rufus-leonard\/\" \/>\n<meta property=\"og:locale\" content=\"en_US\" \/>\n<meta property=\"og:type\" content=\"article\" \/>\n<meta property=\"og:title\" content=\"Sunrise UPC erh\u00e4lt komplett neuen Auftritt von Thjnk und Rufus Leonard - Organisator\" \/>\n<meta property=\"og:description\" content=\"Das fusionierte Telekomunternehmen Sunrise UPC schreitet mit seiner Integration weiter voran. Sunrise wird zur Hauptmarke des Konzerns \u2013 mit neuem Auftritt, erstellt von den Agenturen Thjnk und Rufus Leonard.\" \/>\n<meta property=\"og:url\" content=\"https:\/\/www.werbewoche.ch\/de\/marketing\/marken\/2022-05-19\/sunrise-upc-erhaelt-komplett-neuen-auftritt-von-thjnk-und-rufus-leonard\/\" \/>\n<meta property=\"og:site_name\" content=\"Organisator\" \/>\n<meta property=\"article:publisher\" content=\"https:\/\/www.facebook.com\/OrganisatorFachmagazin\" \/>\n<meta property=\"article:published_time\" content=\"2022-05-19T11:28:31+00:00\" \/>\n<meta property=\"article:modified_time\" content=\"2022-07-30T14:32:49+00:00\" \/>\n<meta property=\"og:image\" content=\"https:\/\/www.werbewoche.ch\/wp-content\/uploads\/2022\/05\/SUN-MM-Keyvisual.jpg\" \/>\n<meta name=\"author\" content=\"galledia\" \/>\n<meta name=\"twitter:card\" content=\"summary_large_image\" \/>\n<meta name=\"twitter:creator\" content=\"@admin\" \/>\n<script type=\"application\/ld+json\" class=\"yoast-schema-graph\">{\"@context\":\"https:\\\/\\\/schema.org\",\"@graph\":[{\"@type\":\"Article\",\"@id\":\"https:\\\/\\\/www.werbewoche.ch\\\/de\\\/marketing\\\/marken\\\/2022-05-19\\\/sunrise-upc-erhaelt-komplett-neuen-auftritt-von-thjnk-und-rufus-leonard\\\/#article\",\"isPartOf\":{\"@id\":\"https:\\\/\\\/www.organisator.ch\\\/marketing\\\/2022-05-19\\\/sunrise-upc-erhaelt-komplett-neuen-auftritt-von-thjnk-und-rufus-leonard\\\/\"},\"author\":{\"name\":\"galledia\",\"@id\":\"https:\\\/\\\/www.organisator.ch\\\/#\\\/schema\\\/person\\\/4e51799071cd2dd1232ac003643ef5f0\"},\"headline\":\"Sunrise UPC erh\u00e4lt komplett neuen Auftritt von Thjnk und Rufus Leonard\",\"datePublished\":\"2022-05-19T11:28:31+00:00\",\"dateModified\":\"2022-07-30T14:32:49+00:00\",\"mainEntityOfPage\":{\"@id\":\"https:\\\/\\\/www.organisator.ch\\\/marketing\\\/2022-05-19\\\/sunrise-upc-erhaelt-komplett-neuen-auftritt-von-thjnk-und-rufus-leonard\\\/\"},\"wordCount\":1050,\"publisher\":{\"@id\":\"https:\\\/\\\/www.organisator.ch\\\/#organization\"},\"image\":{\"@id\":\"https:\\\/\\\/www.werbewoche.ch\\\/de\\\/marketing\\\/marken\\\/2022-05-19\\\/sunrise-upc-erhaelt-komplett-neuen-auftritt-von-thjnk-und-rufus-leonard\\\/#primaryimage\"},\"thumbnailUrl\":\"https:\\\/\\\/www.werbewoche.ch\\\/wp-content\\\/uploads\\\/2022\\\/05\\\/SUN-MM-Keyvisual.jpg\",\"keywords\":[\"Jingle Jungle\",\"Mediatonic\",\"Netflix\",\"Oneplus\",\"Rufus Leonard\",\"Sir Mary\",\"Sunrise\",\"Thjnk Z\u00fcrich\",\"UPC\"],\"articleSection\":[\"MARKETING\"],\"inLanguage\":\"en-US\"},{\"@type\":\"WebPage\",\"@id\":\"https:\\\/\\\/www.organisator.ch\\\/marketing\\\/2022-05-19\\\/sunrise-upc-erhaelt-komplett-neuen-auftritt-von-thjnk-und-rufus-leonard\\\/\",\"url\":\"https:\\\/\\\/www.werbewoche.ch\\\/de\\\/marketing\\\/marken\\\/2022-05-19\\\/sunrise-upc-erhaelt-komplett-neuen-auftritt-von-thjnk-und-rufus-leonard\\\/\",\"name\":\"Sunrise UPC erh\u00e4lt komplett neuen Auftritt von Thjnk und Rufus Leonard - Organisator\",\"isPartOf\":{\"@id\":\"https:\\\/\\\/www.organisator.ch\\\/#website\"},\"primaryImageOfPage\":{\"@id\":\"https:\\\/\\\/www.werbewoche.ch\\\/de\\\/marketing\\\/marken\\\/2022-05-19\\\/sunrise-upc-erhaelt-komplett-neuen-auftritt-von-thjnk-und-rufus-leonard\\\/#primaryimage\"},\"image\":{\"@id\":\"https:\\\/\\\/www.werbewoche.ch\\\/de\\\/marketing\\\/marken\\\/2022-05-19\\\/sunrise-upc-erhaelt-komplett-neuen-auftritt-von-thjnk-und-rufus-leonard\\\/#primaryimage\"},\"thumbnailUrl\":\"https:\\\/\\\/www.werbewoche.ch\\\/wp-content\\\/uploads\\\/2022\\\/05\\\/SUN-MM-Keyvisual.jpg\",\"datePublished\":\"2022-05-19T11:28:31+00:00\",\"dateModified\":\"2022-07-30T14:32:49+00:00\",\"description\":\"Das fusionierte Telekomunternehmen Sunrise UPC schreitet mit seiner Integration weiter voran. Sunrise wird zur Hauptmarke des Konzerns \u2013 mit neuem Auftritt, erstellt von den Agenturen Thjnk und Rufus Leonard.\",\"breadcrumb\":{\"@id\":\"https:\\\/\\\/www.werbewoche.ch\\\/de\\\/marketing\\\/marken\\\/2022-05-19\\\/sunrise-upc-erhaelt-komplett-neuen-auftritt-von-thjnk-und-rufus-leonard\\\/#breadcrumb\"},\"inLanguage\":\"en-US\",\"potentialAction\":[{\"@type\":\"ReadAction\",\"target\":[\"https:\\\/\\\/www.werbewoche.ch\\\/de\\\/marketing\\\/marken\\\/2022-05-19\\\/sunrise-upc-erhaelt-komplett-neuen-auftritt-von-thjnk-und-rufus-leonard\\\/\"]}]},{\"@type\":\"ImageObject\",\"inLanguage\":\"en-US\",\"@id\":\"https:\\\/\\\/www.werbewoche.ch\\\/de\\\/marketing\\\/marken\\\/2022-05-19\\\/sunrise-upc-erhaelt-komplett-neuen-auftritt-von-thjnk-und-rufus-leonard\\\/#primaryimage\",\"url\":\"https:\\\/\\\/www.werbewoche.ch\\\/wp-content\\\/uploads\\\/2022\\\/05\\\/SUN-MM-Keyvisual.jpg\",\"contentUrl\":\"https:\\\/\\\/www.werbewoche.ch\\\/wp-content\\\/uploads\\\/2022\\\/05\\\/SUN-MM-Keyvisual.jpg\"},{\"@type\":\"BreadcrumbList\",\"@id\":\"https:\\\/\\\/www.werbewoche.ch\\\/de\\\/marketing\\\/marken\\\/2022-05-19\\\/sunrise-upc-erhaelt-komplett-neuen-auftritt-von-thjnk-und-rufus-leonard\\\/#breadcrumb\",\"itemListElement\":[{\"@type\":\"ListItem\",\"position\":1,\"name\":\"Home\",\"item\":\"https:\\\/\\\/www.organisator.ch\\\/\"},{\"@type\":\"ListItem\",\"position\":2,\"name\":\"Sunrise UPC erh\u00e4lt komplett neuen Auftritt von Thjnk und Rufus Leonard\"}]},{\"@type\":\"WebSite\",\"@id\":\"https:\\\/\\\/www.organisator.ch\\\/#website\",\"url\":\"https:\\\/\\\/www.organisator.ch\\\/\",\"name\":\"Organisator\",\"description\":\"Kompetent. Praxisnah. Der ORGANISATOR bereitet in 10 Ausgaben pro Jahr die wesentlichen Themen f\u00fcr F\u00fchrungskr\u00e4fte von KMU auf.\",\"publisher\":{\"@id\":\"https:\\\/\\\/www.organisator.ch\\\/#organization\"},\"potentialAction\":[{\"@type\":\"SearchAction\",\"target\":{\"@type\":\"EntryPoint\",\"urlTemplate\":\"https:\\\/\\\/www.organisator.ch\\\/?s={search_term_string}\"},\"query-input\":{\"@type\":\"PropertyValueSpecification\",\"valueRequired\":true,\"valueName\":\"search_term_string\"}}],\"inLanguage\":\"en-US\"},{\"@type\":\"Organization\",\"@id\":\"https:\\\/\\\/www.organisator.ch\\\/#organization\",\"name\":\"Organisator\",\"url\":\"https:\\\/\\\/www.organisator.ch\\\/\",\"logo\":{\"@type\":\"ImageObject\",\"inLanguage\":\"en-US\",\"@id\":\"https:\\\/\\\/www.organisator.ch\\\/#\\\/schema\\\/logo\\\/image\\\/\",\"url\":\"https:\\\/\\\/www.organisator.ch\\\/wp-content\\\/uploads\\\/2022\\\/01\\\/Logo_Organisator_Website.png\",\"contentUrl\":\"https:\\\/\\\/www.organisator.ch\\\/wp-content\\\/uploads\\\/2022\\\/01\\\/Logo_Organisator_Website.png\",\"width\":800,\"height\":77,\"caption\":\"Organisator\"},\"image\":{\"@id\":\"https:\\\/\\\/www.organisator.ch\\\/#\\\/schema\\\/logo\\\/image\\\/\"},\"sameAs\":[\"https:\\\/\\\/www.facebook.com\\\/OrganisatorFachmagazin\",\"https:\\\/\\\/www.linkedin.com\\\/showcase\\\/organisator-das-magazin-fr-kmu\",\"https:\\\/\\\/www.xing.com\\\/news\\\/pages\\\/organisator-ch-695\",\"https:\\\/\\\/www.youtube.com\\\/channel\\\/UCGP2Sq0iWaZwT3BdIAQFYpw\"]},{\"@type\":\"Person\",\"@id\":\"https:\\\/\\\/www.organisator.ch\\\/#\\\/schema\\\/person\\\/4e51799071cd2dd1232ac003643ef5f0\",\"name\":\"galledia\",\"image\":{\"@type\":\"ImageObject\",\"inLanguage\":\"en-US\",\"@id\":\"https:\\\/\\\/secure.gravatar.com\\\/avatar\\\/78a7f90c01fc2bfc875782a0d4922b37cde2cf184ce347b91316d23cd7f69a36?s=96&d=mm&r=g\",\"url\":\"https:\\\/\\\/secure.gravatar.com\\\/avatar\\\/78a7f90c01fc2bfc875782a0d4922b37cde2cf184ce347b91316d23cd7f69a36?s=96&d=mm&r=g\",\"contentUrl\":\"https:\\\/\\\/secure.gravatar.com\\\/avatar\\\/78a7f90c01fc2bfc875782a0d4922b37cde2cf184ce347b91316d23cd7f69a36?s=96&d=mm&r=g\",\"caption\":\"galledia\"},\"sameAs\":[\"https:\\\/\\\/x.com\\\/admin\"],\"url\":\"https:\\\/\\\/www.organisator.ch\\\/en\\\/author\\\/galledia\\\/\"}]}<\/script>\n<!-- \/ Yoast SEO plugin. -->","yoast_head_json":{"title":"Sunrise UPC gets completely new appearance of Thjnk and Rufus Leonard - organizer","description":"The merged telecom company Sunrise UPC is moving forward with its integration. Sunrise becomes the group's main brand - with a new look, created by the agencies Thjnk and Rufus Leonard.","robots":{"index":"index","follow":"follow","max-snippet":"max-snippet:-1","max-image-preview":"max-image-preview:large","max-video-preview":"max-video-preview:-1"},"canonical":"https:\/\/www.werbewoche.ch\/de\/marketing\/marken\/2022-05-19\/sunrise-upc-erhaelt-komplett-neuen-auftritt-von-thjnk-und-rufus-leonard\/","og_locale":"en_US","og_type":"article","og_title":"Sunrise UPC erh\u00e4lt komplett neuen Auftritt von Thjnk und Rufus Leonard - Organisator","og_description":"Das fusionierte Telekomunternehmen Sunrise UPC schreitet mit seiner Integration weiter voran. Sunrise wird zur Hauptmarke des Konzerns \u2013 mit neuem Auftritt, erstellt von den Agenturen Thjnk und Rufus Leonard.","og_url":"https:\/\/www.werbewoche.ch\/de\/marketing\/marken\/2022-05-19\/sunrise-upc-erhaelt-komplett-neuen-auftritt-von-thjnk-und-rufus-leonard\/","og_site_name":"Organisator","article_publisher":"https:\/\/www.facebook.com\/OrganisatorFachmagazin","article_published_time":"2022-05-19T11:28:31+00:00","article_modified_time":"2022-07-30T14:32:49+00:00","og_image":[{"url":"https:\/\/www.werbewoche.ch\/wp-content\/uploads\/2022\/05\/SUN-MM-Keyvisual.jpg","type":"","width":"","height":""}],"author":"galledia","twitter_card":"summary_large_image","twitter_creator":"@admin","schema":{"@context":"https:\/\/schema.org","@graph":[{"@type":"Article","@id":"https:\/\/www.werbewoche.ch\/de\/marketing\/marken\/2022-05-19\/sunrise-upc-erhaelt-komplett-neuen-auftritt-von-thjnk-und-rufus-leonard\/#article","isPartOf":{"@id":"https:\/\/www.organisator.ch\/marketing\/2022-05-19\/sunrise-upc-erhaelt-komplett-neuen-auftritt-von-thjnk-und-rufus-leonard\/"},"author":{"name":"galledia","@id":"https:\/\/www.organisator.ch\/#\/schema\/person\/4e51799071cd2dd1232ac003643ef5f0"},"headline":"Sunrise UPC erh\u00e4lt komplett neuen Auftritt von Thjnk und Rufus Leonard","datePublished":"2022-05-19T11:28:31+00:00","dateModified":"2022-07-30T14:32:49+00:00","mainEntityOfPage":{"@id":"https:\/\/www.organisator.ch\/marketing\/2022-05-19\/sunrise-upc-erhaelt-komplett-neuen-auftritt-von-thjnk-und-rufus-leonard\/"},"wordCount":1050,"publisher":{"@id":"https:\/\/www.organisator.ch\/#organization"},"image":{"@id":"https:\/\/www.werbewoche.ch\/de\/marketing\/marken\/2022-05-19\/sunrise-upc-erhaelt-komplett-neuen-auftritt-von-thjnk-und-rufus-leonard\/#primaryimage"},"thumbnailUrl":"https:\/\/www.werbewoche.ch\/wp-content\/uploads\/2022\/05\/SUN-MM-Keyvisual.jpg","keywords":["Jingle Jungle","Mediatonic","Netflix","Oneplus","Rufus Leonard","Sir Mary","Sunrise","Thjnk Z\u00fcrich","UPC"],"articleSection":["MARKETING"],"inLanguage":"en-US"},{"@type":"WebPage","@id":"https:\/\/www.organisator.ch\/marketing\/2022-05-19\/sunrise-upc-erhaelt-komplett-neuen-auftritt-von-thjnk-und-rufus-leonard\/","url":"https:\/\/www.werbewoche.ch\/de\/marketing\/marken\/2022-05-19\/sunrise-upc-erhaelt-komplett-neuen-auftritt-von-thjnk-und-rufus-leonard\/","name":"Sunrise UPC gets completely new appearance of Thjnk and Rufus Leonard - organizer","isPartOf":{"@id":"https:\/\/www.organisator.ch\/#website"},"primaryImageOfPage":{"@id":"https:\/\/www.werbewoche.ch\/de\/marketing\/marken\/2022-05-19\/sunrise-upc-erhaelt-komplett-neuen-auftritt-von-thjnk-und-rufus-leonard\/#primaryimage"},"image":{"@id":"https:\/\/www.werbewoche.ch\/de\/marketing\/marken\/2022-05-19\/sunrise-upc-erhaelt-komplett-neuen-auftritt-von-thjnk-und-rufus-leonard\/#primaryimage"},"thumbnailUrl":"https:\/\/www.werbewoche.ch\/wp-content\/uploads\/2022\/05\/SUN-MM-Keyvisual.jpg","datePublished":"2022-05-19T11:28:31+00:00","dateModified":"2022-07-30T14:32:49+00:00","description":"The merged telecom company Sunrise UPC is moving forward with its integration. Sunrise becomes the group's main brand - with a new look, created by the agencies Thjnk and Rufus Leonard.","breadcrumb":{"@id":"https:\/\/www.werbewoche.ch\/de\/marketing\/marken\/2022-05-19\/sunrise-upc-erhaelt-komplett-neuen-auftritt-von-thjnk-und-rufus-leonard\/#breadcrumb"},"inLanguage":"en-US","potentialAction":[{"@type":"ReadAction","target":["https:\/\/www.werbewoche.ch\/de\/marketing\/marken\/2022-05-19\/sunrise-upc-erhaelt-komplett-neuen-auftritt-von-thjnk-und-rufus-leonard\/"]}]},{"@type":"ImageObject","inLanguage":"en-US","@id":"https:\/\/www.werbewoche.ch\/de\/marketing\/marken\/2022-05-19\/sunrise-upc-erhaelt-komplett-neuen-auftritt-von-thjnk-und-rufus-leonard\/#primaryimage","url":"https:\/\/www.werbewoche.ch\/wp-content\/uploads\/2022\/05\/SUN-MM-Keyvisual.jpg","contentUrl":"https:\/\/www.werbewoche.ch\/wp-content\/uploads\/2022\/05\/SUN-MM-Keyvisual.jpg"},{"@type":"BreadcrumbList","@id":"https:\/\/www.werbewoche.ch\/de\/marketing\/marken\/2022-05-19\/sunrise-upc-erhaelt-komplett-neuen-auftritt-von-thjnk-und-rufus-leonard\/#breadcrumb","itemListElement":[{"@type":"ListItem","position":1,"name":"Home","item":"https:\/\/www.organisator.ch\/"},{"@type":"ListItem","position":2,"name":"Sunrise UPC erh\u00e4lt komplett neuen Auftritt von Thjnk und Rufus Leonard"}]},{"@type":"WebSite","@id":"https:\/\/www.organisator.ch\/#website","url":"https:\/\/www.organisator.ch\/","name":"Organizer","description":"Competent. Practical. In 10 issues per year, ORGANISATOR presents the essential topics for managers of SMEs.","publisher":{"@id":"https:\/\/www.organisator.ch\/#organization"},"potentialAction":[{"@type":"SearchAction","target":{"@type":"EntryPoint","urlTemplate":"https:\/\/www.organisator.ch\/?s={search_term_string}"},"query-input":{"@type":"PropertyValueSpecification","valueRequired":true,"valueName":"search_term_string"}}],"inLanguage":"en-US"},{"@type":"Organization","@id":"https:\/\/www.organisator.ch\/#organization","name":"Organizer","url":"https:\/\/www.organisator.ch\/","logo":{"@type":"ImageObject","inLanguage":"en-US","@id":"https:\/\/www.organisator.ch\/#\/schema\/logo\/image\/","url":"https:\/\/www.organisator.ch\/wp-content\/uploads\/2022\/01\/Logo_Organisator_Website.png","contentUrl":"https:\/\/www.organisator.ch\/wp-content\/uploads\/2022\/01\/Logo_Organisator_Website.png","width":800,"height":77,"caption":"Organisator"},"image":{"@id":"https:\/\/www.organisator.ch\/#\/schema\/logo\/image\/"},"sameAs":["https:\/\/www.facebook.com\/OrganisatorFachmagazin","https:\/\/www.linkedin.com\/showcase\/organisator-das-magazin-fr-kmu","https:\/\/www.xing.com\/news\/pages\/organisator-ch-695","https:\/\/www.youtube.com\/channel\/UCGP2Sq0iWaZwT3BdIAQFYpw"]},{"@type":"Person","@id":"https:\/\/www.organisator.ch\/#\/schema\/person\/4e51799071cd2dd1232ac003643ef5f0","name":"galledia","image":{"@type":"ImageObject","inLanguage":"en-US","@id":"https:\/\/secure.gravatar.com\/avatar\/78a7f90c01fc2bfc875782a0d4922b37cde2cf184ce347b91316d23cd7f69a36?s=96&d=mm&r=g","url":"https:\/\/secure.gravatar.com\/avatar\/78a7f90c01fc2bfc875782a0d4922b37cde2cf184ce347b91316d23cd7f69a36?s=96&d=mm&r=g","contentUrl":"https:\/\/secure.gravatar.com\/avatar\/78a7f90c01fc2bfc875782a0d4922b37cde2cf184ce347b91316d23cd7f69a36?s=96&d=mm&r=g","caption":"galledia"},"sameAs":["https:\/\/x.com\/admin"],"url":"https:\/\/www.organisator.ch\/en\/author\/galledia\/"}]}},"_links":{"self":[{"href":"https:\/\/www.organisator.ch\/en\/wp-json\/wp\/v2\/posts\/12935","targetHints":{"allow":["GET"]}}],"collection":[{"href":"https:\/\/www.organisator.ch\/en\/wp-json\/wp\/v2\/posts"}],"about":[{"href":"https:\/\/www.organisator.ch\/en\/wp-json\/wp\/v2\/types\/post"}],"author":[{"embeddable":true,"href":"https:\/\/www.organisator.ch\/en\/wp-json\/wp\/v2\/users\/8"}],"replies":[{"embeddable":true,"href":"https:\/\/www.organisator.ch\/en\/wp-json\/wp\/v2\/comments?post=12935"}],"version-history":[{"count":4,"href":"https:\/\/www.organisator.ch\/en\/wp-json\/wp\/v2\/posts\/12935\/revisions"}],"predecessor-version":[{"id":15950,"href":"https:\/\/www.organisator.ch\/en\/wp-json\/wp\/v2\/posts\/12935\/revisions\/15950"}],"wp:attachment":[{"href":"https:\/\/www.organisator.ch\/en\/wp-json\/wp\/v2\/media?parent=12935"}],"wp:term":[{"taxonomy":"category","embeddable":true,"href":"https:\/\/www.organisator.ch\/en\/wp-json\/wp\/v2\/categories?post=12935"},{"taxonomy":"post_tag","embeddable":true,"href":"https:\/\/www.organisator.ch\/en\/wp-json\/wp\/v2\/tags?post=12935"}],"curies":[{"name":"wp","href":"https:\/\/api.w.org\/{rel}","templated":true}]}}