{"id":12991,"date":"2022-05-24T08:35:56","date_gmt":"2022-05-24T06:35:56","guid":{"rendered":"https:\/\/www.organisator.ch\/?p=12991"},"modified":"2022-05-24T08:35:56","modified_gmt":"2022-05-24T06:35:56","slug":"export-aussichten-naehern-sich-dem-langfristigen-trend-an","status":"publish","type":"post","link":"https:\/\/www.organisator.ch\/en\/management\/2022-05-24\/export-aussichten-naehern-sich-dem-langfristigen-trend-an\/","title":{"rendered":"Export prospects approaching long-term trend"},"content":{"rendered":"<figure id=\"attachment_12992\" aria-describedby=\"caption-attachment-12992\" style=\"width: 680px\" class=\"wp-caption alignnone\"><img loading=\"lazy\" decoding=\"async\" class=\"size-full wp-image-12992\" src=\"https:\/\/www.organisator.ch\/wp-content\/uploads\/2022\/05\/Export-Aussichten-naehern-sich-dem-langfristigen-Trend-an_Organisator.jpg\" alt=\"\" width=\"680\" height=\"482\" srcset=\"https:\/\/www.organisator.ch\/wp-content\/uploads\/2022\/05\/Export-Aussichten-naehern-sich-dem-langfristigen-Trend-an_Organisator.jpg 680w, https:\/\/www.organisator.ch\/wp-content\/uploads\/2022\/05\/Export-Aussichten-naehern-sich-dem-langfristigen-Trend-an_Organisator-18x12.jpg 18w, https:\/\/www.organisator.ch\/wp-content\/uploads\/2022\/05\/Export-Aussichten-naehern-sich-dem-langfristigen-Trend-an_Organisator-247x175.jpg 247w, https:\/\/www.organisator.ch\/wp-content\/uploads\/2022\/05\/Export-Aussichten-naehern-sich-dem-langfristigen-Trend-an_Organisator-494x350.jpg 494w, https:\/\/www.organisator.ch\/wp-content\/uploads\/2022\/05\/Export-Aussichten-naehern-sich-dem-langfristigen-Trend-an_Organisator-300x213.jpg 300w\" sizes=\"auto, (max-width: 680px) 100vw, 680px\" \/><figcaption id=\"caption-attachment-12992\" class=\"wp-caption-text\">Although the Swiss economy is still benefiting from the positive trend of coping with the pandemic, the export outlook in this country is also becoming gloomier. (Image: Pixabay.com)<\/figcaption><\/figure>\n<p>The Allianz Trade Export Forecast stands at 0.33 points in May 2022. In February, it was still at 0.69 points. The indicator is thus slowly approaching the long-term trend growth. The signals still point to above-average export growth, as the analysis shows. However, if it takes longer for the trouble spots to ease, there is a risk of a sharper countermovement in the export outlook in the course of the year. The growth forecasts for world trade have already been adjusted downward.<\/p>\n<h3>Export prospects: Optimism gives way to realism<\/h3>\n<p>After the \"reopening\" of the global economy last year caused much optimism among exporters, the development of global trade in 2022 is now likely to be much more subdued than expected. The Russian invasion of Ukraine has shaken business and consumer confidence, driven up commodity prices and further exacerbated corona-induced supply chain stress - most recently fueled primarily by China's zero-covid strategy. \"We have accordingly revised our forecast for global trade in 2022 downward from 6 % to 4 %,\" explains Allianz Trade European economist Katharina Uterm\u00f6hl. For Switzerland, Allianz Trade expects GDP growth of 2.2 % in 2022 (2023: +1.3 %) and export growth of 4 % (2023: +3 %).<\/p>\n<h3>Swiss foreign trade: growth in the first quarter<\/h3>\n<p>Swiss foreign trade continued to grow in the first quarter of 2022, reaching a new high. While imports continued to gain momentum, exports lost momentum slightly. The trade surplus decreased significantly, by CHF 2.8 billion. Compared with Q4 2021, exports increased by 1.2 % in nominal terms. In real terms - i.e. adjusted for inflation - there was an increase of 2.4 %. The largest contribution to the quarterly increase came from watch exports, which rose by 5.3 %. This was followed by metals with 6.3 % and machinery and electronics with 2.4 %. Exports of precision instruments rose by 4.2 %. Meanwhile, exports of chemical-pharmaceutical products decreased slightly (-0.7 %). Despite the increase in immunological products (+7.1 %), the decline in exports of active pharmaceutical ingredients (-10 %) pushed the group result into negative territory. The high starting levels or base effects must be taken into account here.<\/p>\n<h3>Sharp rise in costs for energy sources<\/h3>\n<p>In the first quarter, 6.7 % more goods were imported compared with the previous quarter (in real terms, the increase was 2.7 %). Apart from jewelry (-15.1 %), textiles, clothing and footwear (-3.7 %) and precision instruments (-0.5 %), the other product groups recorded an increase in imports. The largest contribution came from energy sources (+1.8 billion Swiss francs, +46 %). However, this increase was not due to higher volumes but exclusively to rising prices (+0.8 % in real terms). Imports of chemical and pharmaceutical products also increased sharply by 11.8 %. Imports of metals were also higher (+4.2 %), continuing their growth trend of seven quarters.<\/p>\n<h3>Swiss exporters hold their own better than their EU counterparts<\/h3>\n<p>Swiss exporters will also feel the impact of subdued global demand. In particular, the significant economic slowdown in key trading partner countries such as Germany, the UK and France, which together absorb 30 % of Swiss exports. However, Swiss exporters are likely to fare better than their EU counterparts. For one thing, the Swiss economy is less dependent on inputs from overseas, so the industry should not be as badly affected by supply bottlenecks. For another, the less cyclically sensitive exports of the chemicals and pharmaceuticals sectors - which together account for around 40 % of total Swiss exports - should again provide reliable support. However, analysts are eagerly watching the impact of the coincidence of rising prices and falling economic activity. This constellation harbors the risk of a \"perfect storm\", which would disrupt a normalization in the long term.<\/p>\n<p><em>Source: <a href=\"http:\/\/www.allianz-trade.ch\">Alliance Trade<\/a><\/em><\/p>","protected":false},"excerpt":{"rendered":"<p>Der Allianz Trade Export Forecast steht im Mai 2022 auf 0.33 Punkten. Noch im Februar notierte er 0.69 Punkte. Langsam n\u00e4hert sich der Indikator damit dem langfristigen Trendwachstum an. Noch stehen die Signale zwar auf \u00fcberdurchschnittliches Exportwachstum, wie die Analyse zeigt. L\u00e4sst allerdings eine Entspannung der Krisenherde l\u00e4nger auf sich warten, droht im Jahresverlauf eine [&hellip;]<\/p>\n","protected":false},"author":4,"featured_media":12992,"comment_status":"closed","ping_status":"closed","sticky":false,"template":"","format":"standard","meta":{"_acf_changed":false,"_yoast_wpseo_focuskw":"Export-Aussichten","_yoast_wpseo_metadesc":"Mit \u00fcberdurchschnittlichen Export-Aussichten d\u00fcrfte es vorbei sein: Dem grossem Optimismus folgt Vorsicht bei Unternehmen und Konsumenten.","articlekey":"","footnotes":""},"categories":[28],"tags":[189,310,418],"class_list":["post-12991","post","type-post","status-publish","format-standard","has-post-thumbnail","hentry","category-management","tag-export","tag-konjunktur","tag-risikomanagement"],"acf":[],"yoast_head":"<!-- This site is optimized with the Yoast SEO plugin v27.5 - https:\/\/yoast.com\/product\/yoast-seo-wordpress\/ -->\n<title>Export-Aussichten n\u00e4hern sich dem langfristigen Trend an - Organisator<\/title>\n<meta name=\"description\" content=\"Mit \u00fcberdurchschnittlichen Export-Aussichten d\u00fcrfte es vorbei sein: Dem grossem Optimismus folgt Vorsicht bei Unternehmen und Konsumenten.\" \/>\n<meta name=\"robots\" content=\"index, follow, max-snippet:-1, max-image-preview:large, max-video-preview:-1\" \/>\n<link rel=\"canonical\" href=\"https:\/\/www.organisator.ch\/en\/management\/2022-05-24\/export-aussichten-naehern-sich-dem-langfristigen-trend-an\/\" \/>\n<meta property=\"og:locale\" content=\"en_US\" \/>\n<meta property=\"og:type\" content=\"article\" \/>\n<meta property=\"og:title\" content=\"Export-Aussichten n\u00e4hern sich dem langfristigen Trend an\" \/>\n<meta property=\"og:description\" content=\"Mit \u00fcberdurchschnittlichen Export-Aussichten d\u00fcrfte es vorbei sein: Dem grossem Optimismus folgt Vorsicht bei Unternehmen und Konsumenten.\" \/>\n<meta property=\"og:url\" content=\"https:\/\/www.organisator.ch\/en\/management\/2022-05-24\/export-aussichten-naehern-sich-dem-langfristigen-trend-an\/\" \/>\n<meta property=\"og:site_name\" content=\"Organisator\" \/>\n<meta property=\"article:publisher\" content=\"https:\/\/www.facebook.com\/OrganisatorFachmagazin\" \/>\n<meta property=\"article:published_time\" content=\"2022-05-24T06:35:56+00:00\" \/>\n<meta property=\"og:image\" content=\"https:\/\/www.organisator.ch\/wp-content\/uploads\/2022\/05\/Export-Aussichten-naehern-sich-dem-langfristigen-Trend-an_Organisator.jpg\" \/>\n\t<meta property=\"og:image:width\" content=\"680\" \/>\n\t<meta property=\"og:image:height\" content=\"482\" \/>\n\t<meta property=\"og:image:type\" content=\"image\/jpeg\" \/>\n<meta name=\"author\" content=\"thomas.berner\" \/>\n<meta name=\"twitter:card\" content=\"summary_large_image\" \/>\n<meta name=\"twitter:title\" content=\"#Export-Aussichten n\u00e4hern sich dem langfristigen #Trend an\" \/>\n<meta name=\"twitter:description\" content=\"Mit \u00fcberdurchschnittlichen #Export-Aussichten d\u00fcrfte es vorbei sein: Dem grossem #Optimismus folgt Vorsicht bei #Unternehmen und #Konsumenten.\" \/>\n<meta name=\"twitter:image\" content=\"https:\/\/www.organisator.ch\/wp-content\/uploads\/2022\/05\/Export-Aussichten-naehern-sich-dem-langfristigen-Trend-an_Organisator.jpg\" \/>\n<script type=\"application\/ld+json\" class=\"yoast-schema-graph\">{\"@context\":\"https:\\\/\\\/schema.org\",\"@graph\":[{\"@type\":\"Article\",\"@id\":\"https:\\\/\\\/www.organisator.ch\\\/management\\\/2022-05-24\\\/export-aussichten-naehern-sich-dem-langfristigen-trend-an\\\/#article\",\"isPartOf\":{\"@id\":\"https:\\\/\\\/www.organisator.ch\\\/management\\\/2022-05-24\\\/export-aussichten-naehern-sich-dem-langfristigen-trend-an\\\/\"},\"author\":{\"name\":\"thomas.berner\",\"@id\":\"https:\\\/\\\/www.organisator.ch\\\/#\\\/schema\\\/person\\\/6f650f90b2842cd4c0cc334b4e36f67e\"},\"headline\":\"Export-Aussichten n\u00e4hern sich dem langfristigen Trend an\",\"datePublished\":\"2022-05-24T06:35:56+00:00\",\"mainEntityOfPage\":{\"@id\":\"https:\\\/\\\/www.organisator.ch\\\/management\\\/2022-05-24\\\/export-aussichten-naehern-sich-dem-langfristigen-trend-an\\\/\"},\"wordCount\":605,\"publisher\":{\"@id\":\"https:\\\/\\\/www.organisator.ch\\\/#organization\"},\"image\":{\"@id\":\"https:\\\/\\\/www.organisator.ch\\\/management\\\/2022-05-24\\\/export-aussichten-naehern-sich-dem-langfristigen-trend-an\\\/#primaryimage\"},\"thumbnailUrl\":\"https:\\\/\\\/www.organisator.ch\\\/wp-content\\\/uploads\\\/2022\\\/05\\\/Export-Aussichten-naehern-sich-dem-langfristigen-Trend-an_Organisator.jpg\",\"keywords\":[\"Export\",\"Konjunktur\",\"Risikomanagement\"],\"articleSection\":[\"MANAGEMENT\"],\"inLanguage\":\"en-US\"},{\"@type\":\"WebPage\",\"@id\":\"https:\\\/\\\/www.organisator.ch\\\/management\\\/2022-05-24\\\/export-aussichten-naehern-sich-dem-langfristigen-trend-an\\\/\",\"url\":\"https:\\\/\\\/www.organisator.ch\\\/management\\\/2022-05-24\\\/export-aussichten-naehern-sich-dem-langfristigen-trend-an\\\/\",\"name\":\"Export-Aussichten n\u00e4hern sich dem langfristigen Trend an - Organisator\",\"isPartOf\":{\"@id\":\"https:\\\/\\\/www.organisator.ch\\\/#website\"},\"primaryImageOfPage\":{\"@id\":\"https:\\\/\\\/www.organisator.ch\\\/management\\\/2022-05-24\\\/export-aussichten-naehern-sich-dem-langfristigen-trend-an\\\/#primaryimage\"},\"image\":{\"@id\":\"https:\\\/\\\/www.organisator.ch\\\/management\\\/2022-05-24\\\/export-aussichten-naehern-sich-dem-langfristigen-trend-an\\\/#primaryimage\"},\"thumbnailUrl\":\"https:\\\/\\\/www.organisator.ch\\\/wp-content\\\/uploads\\\/2022\\\/05\\\/Export-Aussichten-naehern-sich-dem-langfristigen-Trend-an_Organisator.jpg\",\"datePublished\":\"2022-05-24T06:35:56+00:00\",\"description\":\"Mit \u00fcberdurchschnittlichen Export-Aussichten d\u00fcrfte es vorbei sein: Dem grossem Optimismus folgt Vorsicht bei Unternehmen und Konsumenten.\",\"breadcrumb\":{\"@id\":\"https:\\\/\\\/www.organisator.ch\\\/management\\\/2022-05-24\\\/export-aussichten-naehern-sich-dem-langfristigen-trend-an\\\/#breadcrumb\"},\"inLanguage\":\"en-US\",\"potentialAction\":[{\"@type\":\"ReadAction\",\"target\":[\"https:\\\/\\\/www.organisator.ch\\\/management\\\/2022-05-24\\\/export-aussichten-naehern-sich-dem-langfristigen-trend-an\\\/\"]}]},{\"@type\":\"ImageObject\",\"inLanguage\":\"en-US\",\"@id\":\"https:\\\/\\\/www.organisator.ch\\\/management\\\/2022-05-24\\\/export-aussichten-naehern-sich-dem-langfristigen-trend-an\\\/#primaryimage\",\"url\":\"https:\\\/\\\/www.organisator.ch\\\/wp-content\\\/uploads\\\/2022\\\/05\\\/Export-Aussichten-naehern-sich-dem-langfristigen-Trend-an_Organisator.jpg\",\"contentUrl\":\"https:\\\/\\\/www.organisator.ch\\\/wp-content\\\/uploads\\\/2022\\\/05\\\/Export-Aussichten-naehern-sich-dem-langfristigen-Trend-an_Organisator.jpg\",\"width\":680,\"height\":482,\"caption\":\"Die Schweizer Wirtschaft profitiert zwar noch vom positiven Trend der Pandemie-Bew\u00e4ltigung, doch auch hierzulande tr\u00fcben sich die Export-Aussichten ein. (Bild: Pixabay.com)\"},{\"@type\":\"BreadcrumbList\",\"@id\":\"https:\\\/\\\/www.organisator.ch\\\/management\\\/2022-05-24\\\/export-aussichten-naehern-sich-dem-langfristigen-trend-an\\\/#breadcrumb\",\"itemListElement\":[{\"@type\":\"ListItem\",\"position\":1,\"name\":\"Home\",\"item\":\"https:\\\/\\\/www.organisator.ch\\\/\"},{\"@type\":\"ListItem\",\"position\":2,\"name\":\"Export-Aussichten n\u00e4hern sich dem langfristigen Trend an\"}]},{\"@type\":\"WebSite\",\"@id\":\"https:\\\/\\\/www.organisator.ch\\\/#website\",\"url\":\"https:\\\/\\\/www.organisator.ch\\\/\",\"name\":\"Organisator\",\"description\":\"Kompetent. Praxisnah. Der ORGANISATOR bereitet in 10 Ausgaben pro Jahr die wesentlichen Themen f\u00fcr F\u00fchrungskr\u00e4fte von KMU auf.\",\"publisher\":{\"@id\":\"https:\\\/\\\/www.organisator.ch\\\/#organization\"},\"potentialAction\":[{\"@type\":\"SearchAction\",\"target\":{\"@type\":\"EntryPoint\",\"urlTemplate\":\"https:\\\/\\\/www.organisator.ch\\\/?s={search_term_string}\"},\"query-input\":{\"@type\":\"PropertyValueSpecification\",\"valueRequired\":true,\"valueName\":\"search_term_string\"}}],\"inLanguage\":\"en-US\"},{\"@type\":\"Organization\",\"@id\":\"https:\\\/\\\/www.organisator.ch\\\/#organization\",\"name\":\"Organisator\",\"url\":\"https:\\\/\\\/www.organisator.ch\\\/\",\"logo\":{\"@type\":\"ImageObject\",\"inLanguage\":\"en-US\",\"@id\":\"https:\\\/\\\/www.organisator.ch\\\/#\\\/schema\\\/logo\\\/image\\\/\",\"url\":\"https:\\\/\\\/www.organisator.ch\\\/wp-content\\\/uploads\\\/2022\\\/01\\\/Logo_Organisator_Website.png\",\"contentUrl\":\"https:\\\/\\\/www.organisator.ch\\\/wp-content\\\/uploads\\\/2022\\\/01\\\/Logo_Organisator_Website.png\",\"width\":800,\"height\":77,\"caption\":\"Organisator\"},\"image\":{\"@id\":\"https:\\\/\\\/www.organisator.ch\\\/#\\\/schema\\\/logo\\\/image\\\/\"},\"sameAs\":[\"https:\\\/\\\/www.facebook.com\\\/OrganisatorFachmagazin\",\"https:\\\/\\\/www.linkedin.com\\\/showcase\\\/organisator-das-magazin-fr-kmu\",\"https:\\\/\\\/www.xing.com\\\/news\\\/pages\\\/organisator-ch-695\",\"https:\\\/\\\/www.youtube.com\\\/channel\\\/UCGP2Sq0iWaZwT3BdIAQFYpw\"]},{\"@type\":\"Person\",\"@id\":\"https:\\\/\\\/www.organisator.ch\\\/#\\\/schema\\\/person\\\/6f650f90b2842cd4c0cc334b4e36f67e\",\"name\":\"thomas.berner\",\"image\":{\"@type\":\"ImageObject\",\"inLanguage\":\"en-US\",\"@id\":\"https:\\\/\\\/secure.gravatar.com\\\/avatar\\\/ac5001d2a36cb6c6cd3e50789007ffca834b477b74a2144564522e944eabff61?s=96&d=mm&r=g\",\"url\":\"https:\\\/\\\/secure.gravatar.com\\\/avatar\\\/ac5001d2a36cb6c6cd3e50789007ffca834b477b74a2144564522e944eabff61?s=96&d=mm&r=g\",\"contentUrl\":\"https:\\\/\\\/secure.gravatar.com\\\/avatar\\\/ac5001d2a36cb6c6cd3e50789007ffca834b477b74a2144564522e944eabff61?s=96&d=mm&r=g\",\"caption\":\"thomas.berner\"},\"url\":\"https:\\\/\\\/www.organisator.ch\\\/en\\\/author\\\/thomas-berner\\\/\"}]}<\/script>\n<!-- \/ Yoast SEO plugin. -->","yoast_head_json":{"title":"Export prospects approaching the long-term trend - organizer","description":"The above-average export prospects are likely to be over: Great optimism is being followed by caution among companies and consumers.","robots":{"index":"index","follow":"follow","max-snippet":"max-snippet:-1","max-image-preview":"max-image-preview:large","max-video-preview":"max-video-preview:-1"},"canonical":"https:\/\/www.organisator.ch\/en\/management\/2022-05-24\/export-aussichten-naehern-sich-dem-langfristigen-trend-an\/","og_locale":"en_US","og_type":"article","og_title":"Export-Aussichten n\u00e4hern sich dem langfristigen Trend an","og_description":"Mit \u00fcberdurchschnittlichen Export-Aussichten d\u00fcrfte es vorbei sein: Dem grossem Optimismus folgt Vorsicht bei Unternehmen und Konsumenten.","og_url":"https:\/\/www.organisator.ch\/en\/management\/2022-05-24\/export-aussichten-naehern-sich-dem-langfristigen-trend-an\/","og_site_name":"Organisator","article_publisher":"https:\/\/www.facebook.com\/OrganisatorFachmagazin","article_published_time":"2022-05-24T06:35:56+00:00","og_image":[{"width":680,"height":482,"url":"https:\/\/www.organisator.ch\/wp-content\/uploads\/2022\/05\/Export-Aussichten-naehern-sich-dem-langfristigen-Trend-an_Organisator.jpg","type":"image\/jpeg"}],"author":"thomas.berner","twitter_card":"summary_large_image","twitter_title":"#Export-Aussichten n\u00e4hern sich dem langfristigen #Trend an","twitter_description":"Mit \u00fcberdurchschnittlichen #Export-Aussichten d\u00fcrfte es vorbei sein: Dem grossem #Optimismus folgt Vorsicht bei #Unternehmen und #Konsumenten.","twitter_image":"https:\/\/www.organisator.ch\/wp-content\/uploads\/2022\/05\/Export-Aussichten-naehern-sich-dem-langfristigen-Trend-an_Organisator.jpg","schema":{"@context":"https:\/\/schema.org","@graph":[{"@type":"Article","@id":"https:\/\/www.organisator.ch\/management\/2022-05-24\/export-aussichten-naehern-sich-dem-langfristigen-trend-an\/#article","isPartOf":{"@id":"https:\/\/www.organisator.ch\/management\/2022-05-24\/export-aussichten-naehern-sich-dem-langfristigen-trend-an\/"},"author":{"name":"thomas.berner","@id":"https:\/\/www.organisator.ch\/#\/schema\/person\/6f650f90b2842cd4c0cc334b4e36f67e"},"headline":"Export-Aussichten n\u00e4hern sich dem langfristigen Trend an","datePublished":"2022-05-24T06:35:56+00:00","mainEntityOfPage":{"@id":"https:\/\/www.organisator.ch\/management\/2022-05-24\/export-aussichten-naehern-sich-dem-langfristigen-trend-an\/"},"wordCount":605,"publisher":{"@id":"https:\/\/www.organisator.ch\/#organization"},"image":{"@id":"https:\/\/www.organisator.ch\/management\/2022-05-24\/export-aussichten-naehern-sich-dem-langfristigen-trend-an\/#primaryimage"},"thumbnailUrl":"https:\/\/www.organisator.ch\/wp-content\/uploads\/2022\/05\/Export-Aussichten-naehern-sich-dem-langfristigen-Trend-an_Organisator.jpg","keywords":["Export","Konjunktur","Risikomanagement"],"articleSection":["MANAGEMENT"],"inLanguage":"en-US"},{"@type":"WebPage","@id":"https:\/\/www.organisator.ch\/management\/2022-05-24\/export-aussichten-naehern-sich-dem-langfristigen-trend-an\/","url":"https:\/\/www.organisator.ch\/management\/2022-05-24\/export-aussichten-naehern-sich-dem-langfristigen-trend-an\/","name":"Export prospects approaching the long-term trend - organizer","isPartOf":{"@id":"https:\/\/www.organisator.ch\/#website"},"primaryImageOfPage":{"@id":"https:\/\/www.organisator.ch\/management\/2022-05-24\/export-aussichten-naehern-sich-dem-langfristigen-trend-an\/#primaryimage"},"image":{"@id":"https:\/\/www.organisator.ch\/management\/2022-05-24\/export-aussichten-naehern-sich-dem-langfristigen-trend-an\/#primaryimage"},"thumbnailUrl":"https:\/\/www.organisator.ch\/wp-content\/uploads\/2022\/05\/Export-Aussichten-naehern-sich-dem-langfristigen-Trend-an_Organisator.jpg","datePublished":"2022-05-24T06:35:56+00:00","description":"The above-average export prospects are likely to be over: Great optimism is being followed by caution among companies and consumers.","breadcrumb":{"@id":"https:\/\/www.organisator.ch\/management\/2022-05-24\/export-aussichten-naehern-sich-dem-langfristigen-trend-an\/#breadcrumb"},"inLanguage":"en-US","potentialAction":[{"@type":"ReadAction","target":["https:\/\/www.organisator.ch\/management\/2022-05-24\/export-aussichten-naehern-sich-dem-langfristigen-trend-an\/"]}]},{"@type":"ImageObject","inLanguage":"en-US","@id":"https:\/\/www.organisator.ch\/management\/2022-05-24\/export-aussichten-naehern-sich-dem-langfristigen-trend-an\/#primaryimage","url":"https:\/\/www.organisator.ch\/wp-content\/uploads\/2022\/05\/Export-Aussichten-naehern-sich-dem-langfristigen-Trend-an_Organisator.jpg","contentUrl":"https:\/\/www.organisator.ch\/wp-content\/uploads\/2022\/05\/Export-Aussichten-naehern-sich-dem-langfristigen-Trend-an_Organisator.jpg","width":680,"height":482,"caption":"Die Schweizer Wirtschaft profitiert zwar noch vom positiven Trend der Pandemie-Bew\u00e4ltigung, doch auch hierzulande tr\u00fcben sich die Export-Aussichten ein. (Bild: Pixabay.com)"},{"@type":"BreadcrumbList","@id":"https:\/\/www.organisator.ch\/management\/2022-05-24\/export-aussichten-naehern-sich-dem-langfristigen-trend-an\/#breadcrumb","itemListElement":[{"@type":"ListItem","position":1,"name":"Home","item":"https:\/\/www.organisator.ch\/"},{"@type":"ListItem","position":2,"name":"Export-Aussichten n\u00e4hern sich dem langfristigen Trend an"}]},{"@type":"WebSite","@id":"https:\/\/www.organisator.ch\/#website","url":"https:\/\/www.organisator.ch\/","name":"Organizer","description":"Competent. Practical. In 10 issues per year, ORGANISATOR presents the essential topics for managers of SMEs.","publisher":{"@id":"https:\/\/www.organisator.ch\/#organization"},"potentialAction":[{"@type":"SearchAction","target":{"@type":"EntryPoint","urlTemplate":"https:\/\/www.organisator.ch\/?s={search_term_string}"},"query-input":{"@type":"PropertyValueSpecification","valueRequired":true,"valueName":"search_term_string"}}],"inLanguage":"en-US"},{"@type":"Organization","@id":"https:\/\/www.organisator.ch\/#organization","name":"Organizer","url":"https:\/\/www.organisator.ch\/","logo":{"@type":"ImageObject","inLanguage":"en-US","@id":"https:\/\/www.organisator.ch\/#\/schema\/logo\/image\/","url":"https:\/\/www.organisator.ch\/wp-content\/uploads\/2022\/01\/Logo_Organisator_Website.png","contentUrl":"https:\/\/www.organisator.ch\/wp-content\/uploads\/2022\/01\/Logo_Organisator_Website.png","width":800,"height":77,"caption":"Organisator"},"image":{"@id":"https:\/\/www.organisator.ch\/#\/schema\/logo\/image\/"},"sameAs":["https:\/\/www.facebook.com\/OrganisatorFachmagazin","https:\/\/www.linkedin.com\/showcase\/organisator-das-magazin-fr-kmu","https:\/\/www.xing.com\/news\/pages\/organisator-ch-695","https:\/\/www.youtube.com\/channel\/UCGP2Sq0iWaZwT3BdIAQFYpw"]},{"@type":"Person","@id":"https:\/\/www.organisator.ch\/#\/schema\/person\/6f650f90b2842cd4c0cc334b4e36f67e","name":"thomas.berner","image":{"@type":"ImageObject","inLanguage":"en-US","@id":"https:\/\/secure.gravatar.com\/avatar\/ac5001d2a36cb6c6cd3e50789007ffca834b477b74a2144564522e944eabff61?s=96&d=mm&r=g","url":"https:\/\/secure.gravatar.com\/avatar\/ac5001d2a36cb6c6cd3e50789007ffca834b477b74a2144564522e944eabff61?s=96&d=mm&r=g","contentUrl":"https:\/\/secure.gravatar.com\/avatar\/ac5001d2a36cb6c6cd3e50789007ffca834b477b74a2144564522e944eabff61?s=96&d=mm&r=g","caption":"thomas.berner"},"url":"https:\/\/www.organisator.ch\/en\/author\/thomas-berner\/"}]}},"_links":{"self":[{"href":"https:\/\/www.organisator.ch\/en\/wp-json\/wp\/v2\/posts\/12991","targetHints":{"allow":["GET"]}}],"collection":[{"href":"https:\/\/www.organisator.ch\/en\/wp-json\/wp\/v2\/posts"}],"about":[{"href":"https:\/\/www.organisator.ch\/en\/wp-json\/wp\/v2\/types\/post"}],"author":[{"embeddable":true,"href":"https:\/\/www.organisator.ch\/en\/wp-json\/wp\/v2\/users\/4"}],"replies":[{"embeddable":true,"href":"https:\/\/www.organisator.ch\/en\/wp-json\/wp\/v2\/comments?post=12991"}],"version-history":[{"count":1,"href":"https:\/\/www.organisator.ch\/en\/wp-json\/wp\/v2\/posts\/12991\/revisions"}],"predecessor-version":[{"id":12993,"href":"https:\/\/www.organisator.ch\/en\/wp-json\/wp\/v2\/posts\/12991\/revisions\/12993"}],"wp:featuredmedia":[{"embeddable":true,"href":"https:\/\/www.organisator.ch\/en\/wp-json\/wp\/v2\/media\/12992"}],"wp:attachment":[{"href":"https:\/\/www.organisator.ch\/en\/wp-json\/wp\/v2\/media?parent=12991"}],"wp:term":[{"taxonomy":"category","embeddable":true,"href":"https:\/\/www.organisator.ch\/en\/wp-json\/wp\/v2\/categories?post=12991"},{"taxonomy":"post_tag","embeddable":true,"href":"https:\/\/www.organisator.ch\/en\/wp-json\/wp\/v2\/tags?post=12991"}],"curies":[{"name":"wp","href":"https:\/\/api.w.org\/{rel}","templated":true}]}}