{"id":13018,"date":"2022-05-25T16:08:53","date_gmt":"2022-05-25T14:08:53","guid":{"rendered":"https:\/\/www.organisator.ch\/?p=13018"},"modified":"2022-06-03T08:20:58","modified_gmt":"2022-06-03T06:20:58","slug":"sind-sie-ein-workaholic","status":"publish","type":"post","link":"https:\/\/www.organisator.ch\/en\/human-resources\/2022-05-25\/sind-sie-ein-workaholic\/","title":{"rendered":"Are you a workaholic?"},"content":{"rendered":"<figure id=\"attachment_13020\" aria-describedby=\"caption-attachment-13020\" style=\"width: 680px\" class=\"wp-caption alignnone\"><img loading=\"lazy\" decoding=\"async\" class=\"size-full wp-image-13020\" src=\"https:\/\/www.organisator.ch\/wp-content\/uploads\/2022\/05\/Sind-Sie-ein-Workaholic_Organisator.jpg\" alt=\"\" width=\"680\" height=\"495\" srcset=\"https:\/\/www.organisator.ch\/wp-content\/uploads\/2022\/05\/Sind-Sie-ein-Workaholic_Organisator.jpg 680w, https:\/\/www.organisator.ch\/wp-content\/uploads\/2022\/05\/Sind-Sie-ein-Workaholic_Organisator-16x12.jpg 16w, https:\/\/www.organisator.ch\/wp-content\/uploads\/2022\/05\/Sind-Sie-ein-Workaholic_Organisator-240x175.jpg 240w, https:\/\/www.organisator.ch\/wp-content\/uploads\/2022\/05\/Sind-Sie-ein-Workaholic_Organisator-481x350.jpg 481w, https:\/\/www.organisator.ch\/wp-content\/uploads\/2022\/05\/Sind-Sie-ein-Workaholic_Organisator-300x218.jpg 300w\" sizes=\"auto, (max-width: 680px) 100vw, 680px\" \/><figcaption id=\"caption-attachment-13020\" class=\"wp-caption-text\">Going into the office early in the morning and out again late in the evening, checking e-mails again at home, simply not being able to let go: Addictive working is not a marginal phenomenon. Being a workaholic affects almost one in ten employees in Germany. (Image: Pixabay.com)<\/figcaption><\/figure>\n<p>Around one-tenth of the working population in Germany, mainly managers, show signs of workaholism, according to a study conducted by the <a href=\"https:\/\/www.boeckler.de\/de\/index.htm\">Hans B\u00f6ckler Foundation<\/a> funded study based on representative data from 8,000 employed people in 2017 and 2018 shows. People affected by addictive working would not only work very long, fast and in parallel on different tasks, they would also only be able to take a day off with a guilty conscience. They would also often feel unable to switch off and relax at the end of work.<\/p>\n<h3><strong>33 percent work excessively<\/strong><\/h3>\n<p>According to the study, 9.8 percent of employees show signs of workaholism. Another 33 percent work excessively - but not compulsively. In contrast, 54.9 percent of employees work \"calmly. And a small group does not work much, but compulsively.<\/p>\n<p>With around ten percent workaholics, Germany achieves a value that is close to the results of similar studies from other countries. In the USA, the figure is also ten percent and in Norway a good eight percent. South Korea is out of the ordinary, with a study showing a figure of almost 40 percent, albeit with a somewhat broader definition of work addiction.<\/p>\n<h3><strong>School-leaving qualification irrelevant<\/strong><\/h3>\n<p>According to the researchers, school-leaving qualifications and family status show no correlation with the tendency to work addiction. There is a significant, albeit quantitatively small, difference between women and men, who are affected by 10.8 and nine percent, respectively. There are more significant differences between age groups: Among 15- to 24-year-olds, the rate is 12.6 percent, and among 55- to 64-year-olds, 7.9 percent.<\/p>\n<p>Those who have a long contractual working week have a slightly above-average tendency toward workaholism. There are strong differences with regard to self-employment and management responsibility. Among the self-employed, the workaholic rate is 13.9 percent. This could also be one of the reasons for the high proportion in agricultural professions, as many employees in this sector are self-employed.<\/p>\n<h3>Who is most likely to be a workaholic?<\/h3>\n<p>Executives are 12.4 percent workaholics, other employed persons only 8.7 percent. The upper level comes to a share of 16.6 percent. In many workplace cultures, managers are likely to have requirements that \"incentivize workaholic behavior,\" the researchers suspect. For example, when they are expected to be the first to arrive and the last to leave.<\/p>\n<p>There is also a strong correlation between the size of the company and co-determination. Addiction to work is less prevalent in large companies than in small ones, the study found. With fewer than ten employees, \"12.3 percent fall into the category of addicted workers,\" and with more than 250 employees, 8.3 percent. This could be due to greater regulation. After all, employees in large companies may get into trouble with the HR department more quickly if their working time account is overflowing.<\/p>\n<p>How to tell if you're a workaholic or at risk of becoming one reveals <a href=\"https:\/\/www.organisator.ch\/de\/human-resources\/fit_im_job\/2021-03-04\/workaholismus-suechtig-nach-immer-noch-mehr-arbeit\/\">one article<\/a>which we published here just over a year ago.<\/p>","protected":false},"excerpt":{"rendered":"<p>Rund ein Zehntel der Erwerbst\u00e4tigen in Deutschland, haupts\u00e4chlich F\u00fchrungskr\u00e4fte, zeige Zeichen von Arbeitssucht, wie eine von der Hans-B\u00f6ckler-Stiftung gef\u00f6rderte Studie auf Basis repr\u00e4sentativer Daten von 8.000 Erwerbst\u00e4tigen in den Jahren 2017 und 2018 zeigt. Von suchthaftem Arbeiten Betroffene w\u00fcrden nicht nur sehr lang, schnell und parallel an unterschiedlichen Aufgaben arbeiten, sie k\u00f6nnen auch nur mit [&hellip;]<\/p>\n","protected":false},"author":4,"featured_media":13020,"comment_status":"closed","ping_status":"closed","sticky":false,"template":"","format":"standard","meta":{"_acf_changed":false,"_yoast_wpseo_focuskw":"Workaholic","_yoast_wpseo_metadesc":"Gem\u00e4ss einer wissenschaftlich durchgef\u00fchrten Datenerhebung aus Deutschland ist wohl jede(r) zehnte Arbeitnehmende ein Workaholic.","articlekey":"","footnotes":""},"categories":[579],"tags":[2892,101,254,459],"class_list":["post-13018","post","type-post","status-publish","format-standard","has-post-thumbnail","hentry","category-human-resources","tag-arbeitssucht","tag-burnout","tag-hrm","tag-studie"],"acf":[],"yoast_head":"<!-- This site is optimized with the Yoast SEO plugin v27.4 - https:\/\/yoast.com\/product\/yoast-seo-wordpress\/ -->\n<title>Sind Sie ein Workaholic? - Organisator<\/title>\n<meta name=\"description\" content=\"Gem\u00e4ss einer wissenschaftlich durchgef\u00fchrten Datenerhebung aus Deutschland ist wohl jede(r) zehnte Arbeitnehmende ein Workaholic.\" \/>\n<meta name=\"robots\" content=\"index, follow, max-snippet:-1, max-image-preview:large, max-video-preview:-1\" \/>\n<link rel=\"canonical\" href=\"https:\/\/www.organisator.ch\/en\/human-resources\/2022-05-25\/sind-sie-ein-workaholic\/\" \/>\n<meta property=\"og:locale\" content=\"en_US\" \/>\n<meta property=\"og:type\" content=\"article\" \/>\n<meta property=\"og:title\" content=\"Sind Sie ein Workaholic?\" \/>\n<meta property=\"og:description\" content=\"Gem\u00e4ss einer wissenschaftlich durchgef\u00fchrten Datenerhebung aus Deutschland ist wohl jede(r) zehnte Arbeitnehmende ein Workaholic.\" \/>\n<meta property=\"og:url\" content=\"https:\/\/www.organisator.ch\/en\/human-resources\/2022-05-25\/sind-sie-ein-workaholic\/\" \/>\n<meta property=\"og:site_name\" content=\"Organisator\" \/>\n<meta property=\"article:publisher\" content=\"https:\/\/www.facebook.com\/OrganisatorFachmagazin\" \/>\n<meta property=\"article:published_time\" content=\"2022-05-25T14:08:53+00:00\" \/>\n<meta property=\"article:modified_time\" content=\"2022-06-03T06:20:58+00:00\" \/>\n<meta property=\"og:image\" content=\"https:\/\/www.organisator.ch\/wp-content\/uploads\/2022\/05\/Sind-Sie-ein-Workaholic_Organisator.jpg\" \/>\n\t<meta property=\"og:image:width\" content=\"680\" \/>\n\t<meta property=\"og:image:height\" content=\"495\" \/>\n\t<meta property=\"og:image:type\" content=\"image\/jpeg\" \/>\n<meta name=\"author\" content=\"thomas.berner\" \/>\n<meta name=\"twitter:card\" content=\"summary_large_image\" \/>\n<meta name=\"twitter:title\" content=\"Sind Sie ein #Workaholic?\" \/>\n<meta name=\"twitter:description\" content=\"Gem\u00e4ss einer wissenschaftlich durchgef\u00fchrten #Datenerhebung aus Deutschland ist wohl jede(r) zehnte #Arbeitnehmende ein #Workaholic.\" \/>\n<meta name=\"twitter:image\" content=\"https:\/\/www.organisator.ch\/wp-content\/uploads\/2022\/05\/Sind-Sie-ein-Workaholic_Organisator.jpg\" \/>\n<script type=\"application\/ld+json\" class=\"yoast-schema-graph\">{\"@context\":\"https:\\\/\\\/schema.org\",\"@graph\":[{\"@type\":\"Article\",\"@id\":\"https:\\\/\\\/www.organisator.ch\\\/human-resources\\\/2022-05-25\\\/sind-sie-ein-workaholic\\\/#article\",\"isPartOf\":{\"@id\":\"https:\\\/\\\/www.organisator.ch\\\/human-resources\\\/2022-05-25\\\/sind-sie-ein-workaholic\\\/\"},\"author\":{\"name\":\"thomas.berner\",\"@id\":\"https:\\\/\\\/www.organisator.ch\\\/#\\\/schema\\\/person\\\/6f650f90b2842cd4c0cc334b4e36f67e\"},\"headline\":\"Sind Sie ein Workaholic?\",\"datePublished\":\"2022-05-25T14:08:53+00:00\",\"dateModified\":\"2022-06-03T06:20:58+00:00\",\"mainEntityOfPage\":{\"@id\":\"https:\\\/\\\/www.organisator.ch\\\/human-resources\\\/2022-05-25\\\/sind-sie-ein-workaholic\\\/\"},\"wordCount\":529,\"publisher\":{\"@id\":\"https:\\\/\\\/www.organisator.ch\\\/#organization\"},\"image\":{\"@id\":\"https:\\\/\\\/www.organisator.ch\\\/human-resources\\\/2022-05-25\\\/sind-sie-ein-workaholic\\\/#primaryimage\"},\"thumbnailUrl\":\"https:\\\/\\\/www.organisator.ch\\\/wp-content\\\/uploads\\\/2022\\\/05\\\/Sind-Sie-ein-Workaholic_Organisator.jpg\",\"keywords\":[\"Arbeitssucht\",\"Burnout\",\"HRM\",\"Studie\"],\"articleSection\":[\"HUMAN RESOURCES\"],\"inLanguage\":\"en-US\"},{\"@type\":\"WebPage\",\"@id\":\"https:\\\/\\\/www.organisator.ch\\\/human-resources\\\/2022-05-25\\\/sind-sie-ein-workaholic\\\/\",\"url\":\"https:\\\/\\\/www.organisator.ch\\\/human-resources\\\/2022-05-25\\\/sind-sie-ein-workaholic\\\/\",\"name\":\"Sind Sie ein Workaholic? - Organisator\",\"isPartOf\":{\"@id\":\"https:\\\/\\\/www.organisator.ch\\\/#website\"},\"primaryImageOfPage\":{\"@id\":\"https:\\\/\\\/www.organisator.ch\\\/human-resources\\\/2022-05-25\\\/sind-sie-ein-workaholic\\\/#primaryimage\"},\"image\":{\"@id\":\"https:\\\/\\\/www.organisator.ch\\\/human-resources\\\/2022-05-25\\\/sind-sie-ein-workaholic\\\/#primaryimage\"},\"thumbnailUrl\":\"https:\\\/\\\/www.organisator.ch\\\/wp-content\\\/uploads\\\/2022\\\/05\\\/Sind-Sie-ein-Workaholic_Organisator.jpg\",\"datePublished\":\"2022-05-25T14:08:53+00:00\",\"dateModified\":\"2022-06-03T06:20:58+00:00\",\"description\":\"Gem\u00e4ss einer wissenschaftlich durchgef\u00fchrten Datenerhebung aus Deutschland ist wohl jede(r) zehnte Arbeitnehmende ein Workaholic.\",\"breadcrumb\":{\"@id\":\"https:\\\/\\\/www.organisator.ch\\\/human-resources\\\/2022-05-25\\\/sind-sie-ein-workaholic\\\/#breadcrumb\"},\"inLanguage\":\"en-US\",\"potentialAction\":[{\"@type\":\"ReadAction\",\"target\":[\"https:\\\/\\\/www.organisator.ch\\\/human-resources\\\/2022-05-25\\\/sind-sie-ein-workaholic\\\/\"]}]},{\"@type\":\"ImageObject\",\"inLanguage\":\"en-US\",\"@id\":\"https:\\\/\\\/www.organisator.ch\\\/human-resources\\\/2022-05-25\\\/sind-sie-ein-workaholic\\\/#primaryimage\",\"url\":\"https:\\\/\\\/www.organisator.ch\\\/wp-content\\\/uploads\\\/2022\\\/05\\\/Sind-Sie-ein-Workaholic_Organisator.jpg\",\"contentUrl\":\"https:\\\/\\\/www.organisator.ch\\\/wp-content\\\/uploads\\\/2022\\\/05\\\/Sind-Sie-ein-Workaholic_Organisator.jpg\",\"width\":680,\"height\":495,\"caption\":\"Fr\u00fchmorgens ins B\u00fcro und sp\u00e4tabends wieder raus, zu Hause noch einmal die Mails checken, einfach nicht loslassen k\u00f6nnen: Suchthaftes Arbeiten ist kein Randph\u00e4nomen. Ein Workaholic zu sein, betrifft in Deutschland fast jede(n) zehnten Arbeitnehmende(n). (Bild: Pixabay.com)\"},{\"@type\":\"BreadcrumbList\",\"@id\":\"https:\\\/\\\/www.organisator.ch\\\/human-resources\\\/2022-05-25\\\/sind-sie-ein-workaholic\\\/#breadcrumb\",\"itemListElement\":[{\"@type\":\"ListItem\",\"position\":1,\"name\":\"Home\",\"item\":\"https:\\\/\\\/www.organisator.ch\\\/\"},{\"@type\":\"ListItem\",\"position\":2,\"name\":\"Sind Sie ein Workaholic?\"}]},{\"@type\":\"WebSite\",\"@id\":\"https:\\\/\\\/www.organisator.ch\\\/#website\",\"url\":\"https:\\\/\\\/www.organisator.ch\\\/\",\"name\":\"Organisator\",\"description\":\"Kompetent. Praxisnah. Der ORGANISATOR bereitet in 10 Ausgaben pro Jahr die wesentlichen Themen f\u00fcr F\u00fchrungskr\u00e4fte von KMU auf.\",\"publisher\":{\"@id\":\"https:\\\/\\\/www.organisator.ch\\\/#organization\"},\"potentialAction\":[{\"@type\":\"SearchAction\",\"target\":{\"@type\":\"EntryPoint\",\"urlTemplate\":\"https:\\\/\\\/www.organisator.ch\\\/?s={search_term_string}\"},\"query-input\":{\"@type\":\"PropertyValueSpecification\",\"valueRequired\":true,\"valueName\":\"search_term_string\"}}],\"inLanguage\":\"en-US\"},{\"@type\":\"Organization\",\"@id\":\"https:\\\/\\\/www.organisator.ch\\\/#organization\",\"name\":\"Organisator\",\"url\":\"https:\\\/\\\/www.organisator.ch\\\/\",\"logo\":{\"@type\":\"ImageObject\",\"inLanguage\":\"en-US\",\"@id\":\"https:\\\/\\\/www.organisator.ch\\\/#\\\/schema\\\/logo\\\/image\\\/\",\"url\":\"https:\\\/\\\/www.organisator.ch\\\/wp-content\\\/uploads\\\/2022\\\/01\\\/Logo_Organisator_Website.png\",\"contentUrl\":\"https:\\\/\\\/www.organisator.ch\\\/wp-content\\\/uploads\\\/2022\\\/01\\\/Logo_Organisator_Website.png\",\"width\":800,\"height\":77,\"caption\":\"Organisator\"},\"image\":{\"@id\":\"https:\\\/\\\/www.organisator.ch\\\/#\\\/schema\\\/logo\\\/image\\\/\"},\"sameAs\":[\"https:\\\/\\\/www.facebook.com\\\/OrganisatorFachmagazin\",\"https:\\\/\\\/www.linkedin.com\\\/showcase\\\/organisator-das-magazin-fr-kmu\",\"https:\\\/\\\/www.xing.com\\\/news\\\/pages\\\/organisator-ch-695\",\"https:\\\/\\\/www.youtube.com\\\/channel\\\/UCGP2Sq0iWaZwT3BdIAQFYpw\"]},{\"@type\":\"Person\",\"@id\":\"https:\\\/\\\/www.organisator.ch\\\/#\\\/schema\\\/person\\\/6f650f90b2842cd4c0cc334b4e36f67e\",\"name\":\"thomas.berner\",\"image\":{\"@type\":\"ImageObject\",\"inLanguage\":\"en-US\",\"@id\":\"https:\\\/\\\/secure.gravatar.com\\\/avatar\\\/ac5001d2a36cb6c6cd3e50789007ffca834b477b74a2144564522e944eabff61?s=96&d=mm&r=g\",\"url\":\"https:\\\/\\\/secure.gravatar.com\\\/avatar\\\/ac5001d2a36cb6c6cd3e50789007ffca834b477b74a2144564522e944eabff61?s=96&d=mm&r=g\",\"contentUrl\":\"https:\\\/\\\/secure.gravatar.com\\\/avatar\\\/ac5001d2a36cb6c6cd3e50789007ffca834b477b74a2144564522e944eabff61?s=96&d=mm&r=g\",\"caption\":\"thomas.berner\"},\"url\":\"https:\\\/\\\/www.organisator.ch\\\/en\\\/author\\\/thomas-berner\\\/\"}]}<\/script>\n<!-- \/ Yoast SEO plugin. -->","yoast_head_json":{"title":"Are you a workaholic? - Organizer","description":"According to a scientifically conducted data survey from Germany, one in ten employees is a workaholic.","robots":{"index":"index","follow":"follow","max-snippet":"max-snippet:-1","max-image-preview":"max-image-preview:large","max-video-preview":"max-video-preview:-1"},"canonical":"https:\/\/www.organisator.ch\/en\/human-resources\/2022-05-25\/sind-sie-ein-workaholic\/","og_locale":"en_US","og_type":"article","og_title":"Sind Sie ein Workaholic?","og_description":"Gem\u00e4ss einer wissenschaftlich durchgef\u00fchrten Datenerhebung aus Deutschland ist wohl jede(r) zehnte Arbeitnehmende ein Workaholic.","og_url":"https:\/\/www.organisator.ch\/en\/human-resources\/2022-05-25\/sind-sie-ein-workaholic\/","og_site_name":"Organisator","article_publisher":"https:\/\/www.facebook.com\/OrganisatorFachmagazin","article_published_time":"2022-05-25T14:08:53+00:00","article_modified_time":"2022-06-03T06:20:58+00:00","og_image":[{"width":680,"height":495,"url":"https:\/\/www.organisator.ch\/wp-content\/uploads\/2022\/05\/Sind-Sie-ein-Workaholic_Organisator.jpg","type":"image\/jpeg"}],"author":"thomas.berner","twitter_card":"summary_large_image","twitter_title":"Sind Sie ein #Workaholic?","twitter_description":"Gem\u00e4ss einer wissenschaftlich durchgef\u00fchrten #Datenerhebung aus Deutschland ist wohl jede(r) zehnte #Arbeitnehmende ein #Workaholic.","twitter_image":"https:\/\/www.organisator.ch\/wp-content\/uploads\/2022\/05\/Sind-Sie-ein-Workaholic_Organisator.jpg","schema":{"@context":"https:\/\/schema.org","@graph":[{"@type":"Article","@id":"https:\/\/www.organisator.ch\/human-resources\/2022-05-25\/sind-sie-ein-workaholic\/#article","isPartOf":{"@id":"https:\/\/www.organisator.ch\/human-resources\/2022-05-25\/sind-sie-ein-workaholic\/"},"author":{"name":"thomas.berner","@id":"https:\/\/www.organisator.ch\/#\/schema\/person\/6f650f90b2842cd4c0cc334b4e36f67e"},"headline":"Sind Sie ein Workaholic?","datePublished":"2022-05-25T14:08:53+00:00","dateModified":"2022-06-03T06:20:58+00:00","mainEntityOfPage":{"@id":"https:\/\/www.organisator.ch\/human-resources\/2022-05-25\/sind-sie-ein-workaholic\/"},"wordCount":529,"publisher":{"@id":"https:\/\/www.organisator.ch\/#organization"},"image":{"@id":"https:\/\/www.organisator.ch\/human-resources\/2022-05-25\/sind-sie-ein-workaholic\/#primaryimage"},"thumbnailUrl":"https:\/\/www.organisator.ch\/wp-content\/uploads\/2022\/05\/Sind-Sie-ein-Workaholic_Organisator.jpg","keywords":["Arbeitssucht","Burnout","HRM","Studie"],"articleSection":["HUMAN RESOURCES"],"inLanguage":"en-US"},{"@type":"WebPage","@id":"https:\/\/www.organisator.ch\/human-resources\/2022-05-25\/sind-sie-ein-workaholic\/","url":"https:\/\/www.organisator.ch\/human-resources\/2022-05-25\/sind-sie-ein-workaholic\/","name":"Are you a workaholic? - Organizer","isPartOf":{"@id":"https:\/\/www.organisator.ch\/#website"},"primaryImageOfPage":{"@id":"https:\/\/www.organisator.ch\/human-resources\/2022-05-25\/sind-sie-ein-workaholic\/#primaryimage"},"image":{"@id":"https:\/\/www.organisator.ch\/human-resources\/2022-05-25\/sind-sie-ein-workaholic\/#primaryimage"},"thumbnailUrl":"https:\/\/www.organisator.ch\/wp-content\/uploads\/2022\/05\/Sind-Sie-ein-Workaholic_Organisator.jpg","datePublished":"2022-05-25T14:08:53+00:00","dateModified":"2022-06-03T06:20:58+00:00","description":"According to a scientifically conducted data survey from Germany, one in ten employees is a workaholic.","breadcrumb":{"@id":"https:\/\/www.organisator.ch\/human-resources\/2022-05-25\/sind-sie-ein-workaholic\/#breadcrumb"},"inLanguage":"en-US","potentialAction":[{"@type":"ReadAction","target":["https:\/\/www.organisator.ch\/human-resources\/2022-05-25\/sind-sie-ein-workaholic\/"]}]},{"@type":"ImageObject","inLanguage":"en-US","@id":"https:\/\/www.organisator.ch\/human-resources\/2022-05-25\/sind-sie-ein-workaholic\/#primaryimage","url":"https:\/\/www.organisator.ch\/wp-content\/uploads\/2022\/05\/Sind-Sie-ein-Workaholic_Organisator.jpg","contentUrl":"https:\/\/www.organisator.ch\/wp-content\/uploads\/2022\/05\/Sind-Sie-ein-Workaholic_Organisator.jpg","width":680,"height":495,"caption":"Fr\u00fchmorgens ins B\u00fcro und sp\u00e4tabends wieder raus, zu Hause noch einmal die Mails checken, einfach nicht loslassen k\u00f6nnen: Suchthaftes Arbeiten ist kein Randph\u00e4nomen. Ein Workaholic zu sein, betrifft in Deutschland fast jede(n) zehnten Arbeitnehmende(n). (Bild: Pixabay.com)"},{"@type":"BreadcrumbList","@id":"https:\/\/www.organisator.ch\/human-resources\/2022-05-25\/sind-sie-ein-workaholic\/#breadcrumb","itemListElement":[{"@type":"ListItem","position":1,"name":"Home","item":"https:\/\/www.organisator.ch\/"},{"@type":"ListItem","position":2,"name":"Sind Sie ein Workaholic?"}]},{"@type":"WebSite","@id":"https:\/\/www.organisator.ch\/#website","url":"https:\/\/www.organisator.ch\/","name":"Organizer","description":"Competent. Practical. In 10 issues per year, ORGANISATOR presents the essential topics for managers of SMEs.","publisher":{"@id":"https:\/\/www.organisator.ch\/#organization"},"potentialAction":[{"@type":"SearchAction","target":{"@type":"EntryPoint","urlTemplate":"https:\/\/www.organisator.ch\/?s={search_term_string}"},"query-input":{"@type":"PropertyValueSpecification","valueRequired":true,"valueName":"search_term_string"}}],"inLanguage":"en-US"},{"@type":"Organization","@id":"https:\/\/www.organisator.ch\/#organization","name":"Organizer","url":"https:\/\/www.organisator.ch\/","logo":{"@type":"ImageObject","inLanguage":"en-US","@id":"https:\/\/www.organisator.ch\/#\/schema\/logo\/image\/","url":"https:\/\/www.organisator.ch\/wp-content\/uploads\/2022\/01\/Logo_Organisator_Website.png","contentUrl":"https:\/\/www.organisator.ch\/wp-content\/uploads\/2022\/01\/Logo_Organisator_Website.png","width":800,"height":77,"caption":"Organisator"},"image":{"@id":"https:\/\/www.organisator.ch\/#\/schema\/logo\/image\/"},"sameAs":["https:\/\/www.facebook.com\/OrganisatorFachmagazin","https:\/\/www.linkedin.com\/showcase\/organisator-das-magazin-fr-kmu","https:\/\/www.xing.com\/news\/pages\/organisator-ch-695","https:\/\/www.youtube.com\/channel\/UCGP2Sq0iWaZwT3BdIAQFYpw"]},{"@type":"Person","@id":"https:\/\/www.organisator.ch\/#\/schema\/person\/6f650f90b2842cd4c0cc334b4e36f67e","name":"thomas.berner","image":{"@type":"ImageObject","inLanguage":"en-US","@id":"https:\/\/secure.gravatar.com\/avatar\/ac5001d2a36cb6c6cd3e50789007ffca834b477b74a2144564522e944eabff61?s=96&d=mm&r=g","url":"https:\/\/secure.gravatar.com\/avatar\/ac5001d2a36cb6c6cd3e50789007ffca834b477b74a2144564522e944eabff61?s=96&d=mm&r=g","contentUrl":"https:\/\/secure.gravatar.com\/avatar\/ac5001d2a36cb6c6cd3e50789007ffca834b477b74a2144564522e944eabff61?s=96&d=mm&r=g","caption":"thomas.berner"},"url":"https:\/\/www.organisator.ch\/en\/author\/thomas-berner\/"}]}},"_links":{"self":[{"href":"https:\/\/www.organisator.ch\/en\/wp-json\/wp\/v2\/posts\/13018","targetHints":{"allow":["GET"]}}],"collection":[{"href":"https:\/\/www.organisator.ch\/en\/wp-json\/wp\/v2\/posts"}],"about":[{"href":"https:\/\/www.organisator.ch\/en\/wp-json\/wp\/v2\/types\/post"}],"author":[{"embeddable":true,"href":"https:\/\/www.organisator.ch\/en\/wp-json\/wp\/v2\/users\/4"}],"replies":[{"embeddable":true,"href":"https:\/\/www.organisator.ch\/en\/wp-json\/wp\/v2\/comments?post=13018"}],"version-history":[{"count":2,"href":"https:\/\/www.organisator.ch\/en\/wp-json\/wp\/v2\/posts\/13018\/revisions"}],"predecessor-version":[{"id":13022,"href":"https:\/\/www.organisator.ch\/en\/wp-json\/wp\/v2\/posts\/13018\/revisions\/13022"}],"wp:featuredmedia":[{"embeddable":true,"href":"https:\/\/www.organisator.ch\/en\/wp-json\/wp\/v2\/media\/13020"}],"wp:attachment":[{"href":"https:\/\/www.organisator.ch\/en\/wp-json\/wp\/v2\/media?parent=13018"}],"wp:term":[{"taxonomy":"category","embeddable":true,"href":"https:\/\/www.organisator.ch\/en\/wp-json\/wp\/v2\/categories?post=13018"},{"taxonomy":"post_tag","embeddable":true,"href":"https:\/\/www.organisator.ch\/en\/wp-json\/wp\/v2\/tags?post=13018"}],"curies":[{"name":"wp","href":"https:\/\/api.w.org\/{rel}","templated":true}]}}