{"id":13057,"date":"2022-05-31T13:19:45","date_gmt":"2022-05-31T11:19:45","guid":{"rendered":"https:\/\/www.werbewoche.ch\/?p=172119"},"modified":"2022-07-28T15:34:23","modified_gmt":"2022-07-28T13:34:23","slug":"stefan-schoebi-wird-ceo-von-stiftungschweiz","status":"publish","type":"post","link":"https:\/\/www.organisator.ch\/en\/marketing\/2022-05-31\/stefan-schoebi-wird-ceo-von-stiftungschweiz\/","title":{"rendered":"Stefan Sch\u00f6bi becomes CEO of StiftungSchweiz"},"content":{"rendered":"<figure id=\"attachment_172123\" class=\"wp-caption alignnone\" style=\"width: 1200px\" aria-describedby=\"caption-attachment-172123\"><img class=\"alignnone wp-image-172123 size-full\" src=\"https:\/\/www.werbewoche.ch\/wp-content\/uploads\/2022\/05\/schoebi1200.png\" alt=\"Stefan Sch\u00f6bi becomes CEO of StiftungSchweiz\" width=\"1200\" height=\"755\" \/><figcaption id=\"caption-attachment-172123\" class=\"wp-caption-text\">Stefan Sch\u00f6bi, CEO StiftungSchweiz as of November 1, 2022 (Photo: Z\u00fcrcher Kantonalbank, Flavio Pinton).<\/figcaption><\/figure>\r\nStiftungSchweiz, the largest philanthropy platform in Switzerland, is committed to digital and forward-looking philanthropy. \"We are delighted to be able to engage Stefan Sch\u00f6bi, a strong entrepreneurial personality and a proven expert in the foundation and philanthropy sector,\" says Christoph Weber, Chairman of the Board of StiftungSchweiz. \"Stefan Sch\u00f6bi brings a lot of experience in building multi-stakeholder platforms and digital business models. He is the ideal person to shape the next stage of StiftungSchweiz.\" Stefan Sch\u00f6bi will take up his post as CEO of StiftungSchweiz on November 1, 2022. \"I am extremely pleased that we have been able to attract Stefan Sch\u00f6bi, an experienced and high-profile personality,\" says Peter Buss. \"Together with our dedicated team, he will successfully further develop StiftungSchweiz as a broad-based and leading eco-system of philanthropy.\"\r\n\r\nFor the past nine years, Sch\u00f6bi has built up and managed the Migros Pioneer Fund. Since 2019, he has been a member of the Directorate Management Society &amp; Culture of the Federation of Migros Cooperatives and, since 2021, Head of National Social Engagement of the Migros Group. From 2008 to 2012, he was head of marketing at the Zurich University of the Arts. Sch\u00f6bi studied literature in Zurich, Berlin and Vienna and earned his doctorate on Zurich's economic history. He holds an MBA in marketing and certificates from INSEAD and Stanford University. Born in 1977 in Switzerland, he is the father of two boys.\r\n<h3><strong>Consortium<\/strong> <strong>with<\/strong> <strong>nine<\/strong> <strong>Funding Foundations<\/strong><\/h3>\r\nAt the same time as the CEO change, a consortium of foundations acquires a minority stake in StiftungSchweiz. The consortium complements Z\u00fcrcher Kantonalbank, which became an important shareholder in the platform four years ago. \"The philanthropy sector is becoming more digital and interconnected. StiftungSchweiz is helping to make it more visible, accessible and effective. With our entry, we want to send a strong signal of the sector's commitment to future-oriented development,\" says Dr. Pascale Vonmont, Director of the Gebert R\u00fcf Foundation. The consortium includes the following funding foundations: Age Foundation, Arcanum Foundation, Ernst G\u00f6hner Foundation, Gebert R\u00fcf Foundation, Green Leaves Foundation, Minerva Foundation, Mercator Switzerland Foundation and Velux Foundation. Fondation Botnar will support the consortium as a technology partner. The consortium is coordinated by SwissFoundations, the association of Swiss funding foundations. \"StiftungSchweiz and Z\u00fcrcher Kantonalbank have enjoyed a successful collaboration for many years. The participation of the foundation consortium will strengthen StiftungSchweiz as an important platform in the philanthropy sector and at the same time provide important impulses for future development,\" says Martin Scholl, CEO of Z\u00fcrcher Kantonalbank.\r\n<figure id=\"attachment_172121\" class=\"wp-caption alignnone\" style=\"width: 1200px\" aria-describedby=\"caption-attachment-172121\"><img class=\"alignnone wp-image-172121 size-full\" src=\"https:\/\/www.werbewoche.ch\/wp-content\/uploads\/2022\/05\/gruppenbildstiftungch1200.png\" alt=\"FoundationSwitzerland\" width=\"1200\" height=\"779\" \/><figcaption id=\"caption-attachment-172121\" class=\"wp-caption-text\">(from left to right) Christoph Weber (Chairman of the Board), Stefan Sch\u00f6bi, Peter Buss (current CEO) (Photo: Z\u00fcrcher Kantonalbank, Flavio Pinton).<\/figcaption><\/figure>","protected":false},"excerpt":{"rendered":"<p>StiftungSchweiz, die gro\u0308sste Philanthropie-Plattform der Schweiz, engagiert sich f\u00fcr eine digitale und zukunftsweisende Philanthropie. \u00abWir freuen uns, mit Stefan Sch\u00f6bi eine starke unternehmerische Pers\u00f6nlichkeit und einen ausgewiesenen Kenner des Stiftungs- und Philanthropiesektors engagieren zu k\u00f6nnen\u00bb, sagt Christoph Weber, Verwaltungsratspr\u00e4sident von StiftungSchweiz. \u00abStefan Sch\u00f6bi bringt viel Erfahrung im Aufbau von Multistakeholder-Plattformen und digitalen Businessmodellen mit. Er [\u2026]<\/p>\n","protected":false},"author":8,"featured_media":0,"comment_status":"closed","ping_status":"closed","sticky":false,"template":"","format":"standard","meta":{"_acf_changed":false,"_yoast_wpseo_focuskw":"StiftungSchweiz","_yoast_wpseo_metadesc":"Der Verwaltungsrat von StiftungSchweiz hat Stefan Sch\u00f6bi zum neuen CEO ernannt. Er folgt auf Peter Buss, der die Plattform vor zehn Jahren gegr\u00fcndet hat.","articlekey":"","footnotes":""},"categories":[29],"tags":[904,3131,2901],"class_list":["post-13057","post","type-post","status-publish","format-standard","hentry","category-marketing","tag-ceo","tag-stefan-schoebi","tag-stiftungschweiz"],"acf":[],"yoast_head":"<!-- This site is optimized with the Yoast SEO plugin v27.5 - https:\/\/yoast.com\/product\/yoast-seo-wordpress\/ -->\n<title>Stefan Sch\u00f6bi wird CEO von StiftungSchweiz - Organisator<\/title>\n<meta name=\"description\" content=\"Der Verwaltungsrat von StiftungSchweiz hat Stefan Sch\u00f6bi zum neuen CEO ernannt. Er folgt auf Peter Buss, der die Plattform vor zehn Jahren gegr\u00fcndet hat.\" \/>\n<meta name=\"robots\" content=\"index, follow, max-snippet:-1, max-image-preview:large, max-video-preview:-1\" \/>\n<link rel=\"canonical\" href=\"https:\/\/www.werbewoche.ch\/de\/marketing\/2022-05-31\/stefan-schoebi-wird-neuer-ceo-von-stiftungschweiz\/\" \/>\n<meta property=\"og:locale\" content=\"en_US\" \/>\n<meta property=\"og:type\" content=\"article\" \/>\n<meta property=\"og:title\" content=\"Stefan Sch\u00f6bi wird CEO von StiftungSchweiz - Organisator\" \/>\n<meta property=\"og:description\" content=\"Der Verwaltungsrat von StiftungSchweiz hat Stefan Sch\u00f6bi zum neuen CEO ernannt. Er folgt auf Peter Buss, der die Plattform vor zehn Jahren gegr\u00fcndet hat.\" \/>\n<meta property=\"og:url\" content=\"https:\/\/www.werbewoche.ch\/de\/marketing\/2022-05-31\/stefan-schoebi-wird-neuer-ceo-von-stiftungschweiz\/\" \/>\n<meta property=\"og:site_name\" content=\"Organisator\" \/>\n<meta property=\"article:publisher\" content=\"https:\/\/www.facebook.com\/OrganisatorFachmagazin\" \/>\n<meta property=\"article:published_time\" content=\"2022-05-31T11:19:45+00:00\" \/>\n<meta property=\"article:modified_time\" content=\"2022-07-28T13:34:23+00:00\" \/>\n<meta property=\"og:image\" content=\"https:\/\/www.werbewoche.ch\/wp-content\/uploads\/2022\/05\/schoebi1200.png\" \/>\n<meta name=\"author\" content=\"galledia\" \/>\n<meta name=\"twitter:card\" content=\"summary_large_image\" \/>\n<meta name=\"twitter:creator\" content=\"@admin\" \/>\n<script type=\"application\/ld+json\" class=\"yoast-schema-graph\">{\"@context\":\"https:\\\/\\\/schema.org\",\"@graph\":[{\"@type\":\"Article\",\"@id\":\"https:\\\/\\\/www.werbewoche.ch\\\/de\\\/marketing\\\/2022-05-31\\\/stefan-schoebi-wird-neuer-ceo-von-stiftungschweiz\\\/#article\",\"isPartOf\":{\"@id\":\"https:\\\/\\\/www.organisator.ch\\\/marketing\\\/2022-05-31\\\/stefan-schoebi-wird-ceo-von-stiftungschweiz\\\/\"},\"author\":{\"name\":\"galledia\",\"@id\":\"https:\\\/\\\/www.organisator.ch\\\/#\\\/schema\\\/person\\\/4e51799071cd2dd1232ac003643ef5f0\"},\"headline\":\"Stefan Sch\u00f6bi wird CEO von StiftungSchweiz\",\"datePublished\":\"2022-05-31T11:19:45+00:00\",\"dateModified\":\"2022-07-28T13:34:23+00:00\",\"mainEntityOfPage\":{\"@id\":\"https:\\\/\\\/www.organisator.ch\\\/marketing\\\/2022-05-31\\\/stefan-schoebi-wird-ceo-von-stiftungschweiz\\\/\"},\"wordCount\":431,\"publisher\":{\"@id\":\"https:\\\/\\\/www.organisator.ch\\\/#organization\"},\"image\":{\"@id\":\"https:\\\/\\\/www.werbewoche.ch\\\/de\\\/marketing\\\/2022-05-31\\\/stefan-schoebi-wird-neuer-ceo-von-stiftungschweiz\\\/#primaryimage\"},\"thumbnailUrl\":\"https:\\\/\\\/www.werbewoche.ch\\\/wp-content\\\/uploads\\\/2022\\\/05\\\/schoebi1200.png\",\"keywords\":[\"CEO\",\"Stefan Sch\u00f6bi\",\"StiftungSchweiz\"],\"articleSection\":[\"MARKETING\"],\"inLanguage\":\"en-US\"},{\"@type\":\"WebPage\",\"@id\":\"https:\\\/\\\/www.organisator.ch\\\/marketing\\\/2022-05-31\\\/stefan-schoebi-wird-ceo-von-stiftungschweiz\\\/\",\"url\":\"https:\\\/\\\/www.werbewoche.ch\\\/de\\\/marketing\\\/2022-05-31\\\/stefan-schoebi-wird-neuer-ceo-von-stiftungschweiz\\\/\",\"name\":\"Stefan Sch\u00f6bi wird CEO von StiftungSchweiz - Organisator\",\"isPartOf\":{\"@id\":\"https:\\\/\\\/www.organisator.ch\\\/#website\"},\"primaryImageOfPage\":{\"@id\":\"https:\\\/\\\/www.werbewoche.ch\\\/de\\\/marketing\\\/2022-05-31\\\/stefan-schoebi-wird-neuer-ceo-von-stiftungschweiz\\\/#primaryimage\"},\"image\":{\"@id\":\"https:\\\/\\\/www.werbewoche.ch\\\/de\\\/marketing\\\/2022-05-31\\\/stefan-schoebi-wird-neuer-ceo-von-stiftungschweiz\\\/#primaryimage\"},\"thumbnailUrl\":\"https:\\\/\\\/www.werbewoche.ch\\\/wp-content\\\/uploads\\\/2022\\\/05\\\/schoebi1200.png\",\"datePublished\":\"2022-05-31T11:19:45+00:00\",\"dateModified\":\"2022-07-28T13:34:23+00:00\",\"description\":\"Der Verwaltungsrat von StiftungSchweiz hat Stefan Sch\u00f6bi zum neuen CEO ernannt. Er folgt auf Peter Buss, der die Plattform vor zehn Jahren gegr\u00fcndet hat.\",\"breadcrumb\":{\"@id\":\"https:\\\/\\\/www.werbewoche.ch\\\/de\\\/marketing\\\/2022-05-31\\\/stefan-schoebi-wird-neuer-ceo-von-stiftungschweiz\\\/#breadcrumb\"},\"inLanguage\":\"en-US\",\"potentialAction\":[{\"@type\":\"ReadAction\",\"target\":[\"https:\\\/\\\/www.werbewoche.ch\\\/de\\\/marketing\\\/2022-05-31\\\/stefan-schoebi-wird-neuer-ceo-von-stiftungschweiz\\\/\"]}]},{\"@type\":\"ImageObject\",\"inLanguage\":\"en-US\",\"@id\":\"https:\\\/\\\/www.werbewoche.ch\\\/de\\\/marketing\\\/2022-05-31\\\/stefan-schoebi-wird-neuer-ceo-von-stiftungschweiz\\\/#primaryimage\",\"url\":\"https:\\\/\\\/www.werbewoche.ch\\\/wp-content\\\/uploads\\\/2022\\\/05\\\/schoebi1200.png\",\"contentUrl\":\"https:\\\/\\\/www.werbewoche.ch\\\/wp-content\\\/uploads\\\/2022\\\/05\\\/schoebi1200.png\"},{\"@type\":\"BreadcrumbList\",\"@id\":\"https:\\\/\\\/www.werbewoche.ch\\\/de\\\/marketing\\\/2022-05-31\\\/stefan-schoebi-wird-neuer-ceo-von-stiftungschweiz\\\/#breadcrumb\",\"itemListElement\":[{\"@type\":\"ListItem\",\"position\":1,\"name\":\"Home\",\"item\":\"https:\\\/\\\/www.organisator.ch\\\/\"},{\"@type\":\"ListItem\",\"position\":2,\"name\":\"Stefan Sch\u00f6bi wird CEO von StiftungSchweiz\"}]},{\"@type\":\"WebSite\",\"@id\":\"https:\\\/\\\/www.organisator.ch\\\/#website\",\"url\":\"https:\\\/\\\/www.organisator.ch\\\/\",\"name\":\"Organisator\",\"description\":\"Kompetent. Praxisnah. Der ORGANISATOR bereitet in 10 Ausgaben pro Jahr die wesentlichen Themen f\u00fcr F\u00fchrungskr\u00e4fte von KMU auf.\",\"publisher\":{\"@id\":\"https:\\\/\\\/www.organisator.ch\\\/#organization\"},\"potentialAction\":[{\"@type\":\"SearchAction\",\"target\":{\"@type\":\"EntryPoint\",\"urlTemplate\":\"https:\\\/\\\/www.organisator.ch\\\/?s={search_term_string}\"},\"query-input\":{\"@type\":\"PropertyValueSpecification\",\"valueRequired\":true,\"valueName\":\"search_term_string\"}}],\"inLanguage\":\"en-US\"},{\"@type\":\"Organization\",\"@id\":\"https:\\\/\\\/www.organisator.ch\\\/#organization\",\"name\":\"Organisator\",\"url\":\"https:\\\/\\\/www.organisator.ch\\\/\",\"logo\":{\"@type\":\"ImageObject\",\"inLanguage\":\"en-US\",\"@id\":\"https:\\\/\\\/www.organisator.ch\\\/#\\\/schema\\\/logo\\\/image\\\/\",\"url\":\"https:\\\/\\\/www.organisator.ch\\\/wp-content\\\/uploads\\\/2022\\\/01\\\/Logo_Organisator_Website.png\",\"contentUrl\":\"https:\\\/\\\/www.organisator.ch\\\/wp-content\\\/uploads\\\/2022\\\/01\\\/Logo_Organisator_Website.png\",\"width\":800,\"height\":77,\"caption\":\"Organisator\"},\"image\":{\"@id\":\"https:\\\/\\\/www.organisator.ch\\\/#\\\/schema\\\/logo\\\/image\\\/\"},\"sameAs\":[\"https:\\\/\\\/www.facebook.com\\\/OrganisatorFachmagazin\",\"https:\\\/\\\/www.linkedin.com\\\/showcase\\\/organisator-das-magazin-fr-kmu\",\"https:\\\/\\\/www.xing.com\\\/news\\\/pages\\\/organisator-ch-695\",\"https:\\\/\\\/www.youtube.com\\\/channel\\\/UCGP2Sq0iWaZwT3BdIAQFYpw\"]},{\"@type\":\"Person\",\"@id\":\"https:\\\/\\\/www.organisator.ch\\\/#\\\/schema\\\/person\\\/4e51799071cd2dd1232ac003643ef5f0\",\"name\":\"galledia\",\"image\":{\"@type\":\"ImageObject\",\"inLanguage\":\"en-US\",\"@id\":\"https:\\\/\\\/secure.gravatar.com\\\/avatar\\\/78a7f90c01fc2bfc875782a0d4922b37cde2cf184ce347b91316d23cd7f69a36?s=96&d=mm&r=g\",\"url\":\"https:\\\/\\\/secure.gravatar.com\\\/avatar\\\/78a7f90c01fc2bfc875782a0d4922b37cde2cf184ce347b91316d23cd7f69a36?s=96&d=mm&r=g\",\"contentUrl\":\"https:\\\/\\\/secure.gravatar.com\\\/avatar\\\/78a7f90c01fc2bfc875782a0d4922b37cde2cf184ce347b91316d23cd7f69a36?s=96&d=mm&r=g\",\"caption\":\"galledia\"},\"sameAs\":[\"https:\\\/\\\/x.com\\\/admin\"],\"url\":\"https:\\\/\\\/www.organisator.ch\\\/en\\\/author\\\/galledia\\\/\"}]}<\/script>\n<!-- \/ Yoast SEO plugin. -->","yoast_head_json":{"title":"Stefan Sch\u00f6bi becomes CEO of StiftungSchweiz - Organizer","description":"The Board of Directors of StiftungSchweiz has appointed Stefan Sch\u00f6bi as its new CEO. He succeeds Peter Buss, who founded the platform ten years ago.","robots":{"index":"index","follow":"follow","max-snippet":"max-snippet:-1","max-image-preview":"max-image-preview:large","max-video-preview":"max-video-preview:-1"},"canonical":"https:\/\/www.werbewoche.ch\/de\/marketing\/2022-05-31\/stefan-schoebi-wird-neuer-ceo-von-stiftungschweiz\/","og_locale":"en_US","og_type":"article","og_title":"Stefan Sch\u00f6bi wird CEO von StiftungSchweiz - Organisator","og_description":"Der Verwaltungsrat von StiftungSchweiz hat Stefan Sch\u00f6bi zum neuen CEO ernannt. Er folgt auf Peter Buss, der die Plattform vor zehn Jahren gegr\u00fcndet hat.","og_url":"https:\/\/www.werbewoche.ch\/de\/marketing\/2022-05-31\/stefan-schoebi-wird-neuer-ceo-von-stiftungschweiz\/","og_site_name":"Organisator","article_publisher":"https:\/\/www.facebook.com\/OrganisatorFachmagazin","article_published_time":"2022-05-31T11:19:45+00:00","article_modified_time":"2022-07-28T13:34:23+00:00","og_image":[{"url":"https:\/\/www.werbewoche.ch\/wp-content\/uploads\/2022\/05\/schoebi1200.png","type":"","width":"","height":""}],"author":"galledia","twitter_card":"summary_large_image","twitter_creator":"@admin","schema":{"@context":"https:\/\/schema.org","@graph":[{"@type":"Article","@id":"https:\/\/www.werbewoche.ch\/de\/marketing\/2022-05-31\/stefan-schoebi-wird-neuer-ceo-von-stiftungschweiz\/#article","isPartOf":{"@id":"https:\/\/www.organisator.ch\/marketing\/2022-05-31\/stefan-schoebi-wird-ceo-von-stiftungschweiz\/"},"author":{"name":"galledia","@id":"https:\/\/www.organisator.ch\/#\/schema\/person\/4e51799071cd2dd1232ac003643ef5f0"},"headline":"Stefan Sch\u00f6bi wird CEO von StiftungSchweiz","datePublished":"2022-05-31T11:19:45+00:00","dateModified":"2022-07-28T13:34:23+00:00","mainEntityOfPage":{"@id":"https:\/\/www.organisator.ch\/marketing\/2022-05-31\/stefan-schoebi-wird-ceo-von-stiftungschweiz\/"},"wordCount":431,"publisher":{"@id":"https:\/\/www.organisator.ch\/#organization"},"image":{"@id":"https:\/\/www.werbewoche.ch\/de\/marketing\/2022-05-31\/stefan-schoebi-wird-neuer-ceo-von-stiftungschweiz\/#primaryimage"},"thumbnailUrl":"https:\/\/www.werbewoche.ch\/wp-content\/uploads\/2022\/05\/schoebi1200.png","keywords":["CEO","Stefan Sch\u00f6bi","StiftungSchweiz"],"articleSection":["MARKETING"],"inLanguage":"en-US"},{"@type":"WebPage","@id":"https:\/\/www.organisator.ch\/marketing\/2022-05-31\/stefan-schoebi-wird-ceo-von-stiftungschweiz\/","url":"https:\/\/www.werbewoche.ch\/de\/marketing\/2022-05-31\/stefan-schoebi-wird-neuer-ceo-von-stiftungschweiz\/","name":"Stefan Sch\u00f6bi becomes CEO of StiftungSchweiz - Organizer","isPartOf":{"@id":"https:\/\/www.organisator.ch\/#website"},"primaryImageOfPage":{"@id":"https:\/\/www.werbewoche.ch\/de\/marketing\/2022-05-31\/stefan-schoebi-wird-neuer-ceo-von-stiftungschweiz\/#primaryimage"},"image":{"@id":"https:\/\/www.werbewoche.ch\/de\/marketing\/2022-05-31\/stefan-schoebi-wird-neuer-ceo-von-stiftungschweiz\/#primaryimage"},"thumbnailUrl":"https:\/\/www.werbewoche.ch\/wp-content\/uploads\/2022\/05\/schoebi1200.png","datePublished":"2022-05-31T11:19:45+00:00","dateModified":"2022-07-28T13:34:23+00:00","description":"The Board of Directors of StiftungSchweiz has appointed Stefan Sch\u00f6bi as its new CEO. He succeeds Peter Buss, who founded the platform ten years ago.","breadcrumb":{"@id":"https:\/\/www.werbewoche.ch\/de\/marketing\/2022-05-31\/stefan-schoebi-wird-neuer-ceo-von-stiftungschweiz\/#breadcrumb"},"inLanguage":"en-US","potentialAction":[{"@type":"ReadAction","target":["https:\/\/www.werbewoche.ch\/de\/marketing\/2022-05-31\/stefan-schoebi-wird-neuer-ceo-von-stiftungschweiz\/"]}]},{"@type":"ImageObject","inLanguage":"en-US","@id":"https:\/\/www.werbewoche.ch\/de\/marketing\/2022-05-31\/stefan-schoebi-wird-neuer-ceo-von-stiftungschweiz\/#primaryimage","url":"https:\/\/www.werbewoche.ch\/wp-content\/uploads\/2022\/05\/schoebi1200.png","contentUrl":"https:\/\/www.werbewoche.ch\/wp-content\/uploads\/2022\/05\/schoebi1200.png"},{"@type":"BreadcrumbList","@id":"https:\/\/www.werbewoche.ch\/de\/marketing\/2022-05-31\/stefan-schoebi-wird-neuer-ceo-von-stiftungschweiz\/#breadcrumb","itemListElement":[{"@type":"ListItem","position":1,"name":"Home","item":"https:\/\/www.organisator.ch\/"},{"@type":"ListItem","position":2,"name":"Stefan Sch\u00f6bi wird CEO von StiftungSchweiz"}]},{"@type":"WebSite","@id":"https:\/\/www.organisator.ch\/#website","url":"https:\/\/www.organisator.ch\/","name":"Organizer","description":"Competent. Practical. In 10 issues per year, ORGANISATOR presents the essential topics for managers of SMEs.","publisher":{"@id":"https:\/\/www.organisator.ch\/#organization"},"potentialAction":[{"@type":"SearchAction","target":{"@type":"EntryPoint","urlTemplate":"https:\/\/www.organisator.ch\/?s={search_term_string}"},"query-input":{"@type":"PropertyValueSpecification","valueRequired":true,"valueName":"search_term_string"}}],"inLanguage":"en-US"},{"@type":"Organization","@id":"https:\/\/www.organisator.ch\/#organization","name":"Organizer","url":"https:\/\/www.organisator.ch\/","logo":{"@type":"ImageObject","inLanguage":"en-US","@id":"https:\/\/www.organisator.ch\/#\/schema\/logo\/image\/","url":"https:\/\/www.organisator.ch\/wp-content\/uploads\/2022\/01\/Logo_Organisator_Website.png","contentUrl":"https:\/\/www.organisator.ch\/wp-content\/uploads\/2022\/01\/Logo_Organisator_Website.png","width":800,"height":77,"caption":"Organisator"},"image":{"@id":"https:\/\/www.organisator.ch\/#\/schema\/logo\/image\/"},"sameAs":["https:\/\/www.facebook.com\/OrganisatorFachmagazin","https:\/\/www.linkedin.com\/showcase\/organisator-das-magazin-fr-kmu","https:\/\/www.xing.com\/news\/pages\/organisator-ch-695","https:\/\/www.youtube.com\/channel\/UCGP2Sq0iWaZwT3BdIAQFYpw"]},{"@type":"Person","@id":"https:\/\/www.organisator.ch\/#\/schema\/person\/4e51799071cd2dd1232ac003643ef5f0","name":"galledia","image":{"@type":"ImageObject","inLanguage":"en-US","@id":"https:\/\/secure.gravatar.com\/avatar\/78a7f90c01fc2bfc875782a0d4922b37cde2cf184ce347b91316d23cd7f69a36?s=96&d=mm&r=g","url":"https:\/\/secure.gravatar.com\/avatar\/78a7f90c01fc2bfc875782a0d4922b37cde2cf184ce347b91316d23cd7f69a36?s=96&d=mm&r=g","contentUrl":"https:\/\/secure.gravatar.com\/avatar\/78a7f90c01fc2bfc875782a0d4922b37cde2cf184ce347b91316d23cd7f69a36?s=96&d=mm&r=g","caption":"galledia"},"sameAs":["https:\/\/x.com\/admin"],"url":"https:\/\/www.organisator.ch\/en\/author\/galledia\/"}]}},"_links":{"self":[{"href":"https:\/\/www.organisator.ch\/en\/wp-json\/wp\/v2\/posts\/13057","targetHints":{"allow":["GET"]}}],"collection":[{"href":"https:\/\/www.organisator.ch\/en\/wp-json\/wp\/v2\/posts"}],"about":[{"href":"https:\/\/www.organisator.ch\/en\/wp-json\/wp\/v2\/types\/post"}],"author":[{"embeddable":true,"href":"https:\/\/www.organisator.ch\/en\/wp-json\/wp\/v2\/users\/8"}],"replies":[{"embeddable":true,"href":"https:\/\/www.organisator.ch\/en\/wp-json\/wp\/v2\/comments?post=13057"}],"version-history":[{"count":4,"href":"https:\/\/www.organisator.ch\/en\/wp-json\/wp\/v2\/posts\/13057\/revisions"}],"predecessor-version":[{"id":15907,"href":"https:\/\/www.organisator.ch\/en\/wp-json\/wp\/v2\/posts\/13057\/revisions\/15907"}],"wp:attachment":[{"href":"https:\/\/www.organisator.ch\/en\/wp-json\/wp\/v2\/media?parent=13057"}],"wp:term":[{"taxonomy":"category","embeddable":true,"href":"https:\/\/www.organisator.ch\/en\/wp-json\/wp\/v2\/categories?post=13057"},{"taxonomy":"post_tag","embeddable":true,"href":"https:\/\/www.organisator.ch\/en\/wp-json\/wp\/v2\/tags?post=13057"}],"curies":[{"name":"wp","href":"https:\/\/api.w.org\/{rel}","templated":true}]}}