{"id":13067,"date":"2022-06-01T09:17:32","date_gmt":"2022-06-01T07:17:32","guid":{"rendered":"https:\/\/www.organisator.ch\/?p=13067"},"modified":"2022-06-01T09:17:32","modified_gmt":"2022-06-01T07:17:32","slug":"tecnomec-sa-gewinnt-prix-svc-svizzera-italiana-2022","status":"publish","type":"post","link":"https:\/\/www.organisator.ch\/en\/management\/2022-06-01\/tecnomec-sa-gewinnt-prix-svc-svizzera-italiana-2022\/","title":{"rendered":"Tecnomec SA wins Prix SVC Svizzera Italiana 2022"},"content":{"rendered":"<figure id=\"attachment_13068\" aria-describedby=\"caption-attachment-13068\" style=\"width: 680px\" class=\"wp-caption alignnone\"><img loading=\"lazy\" decoding=\"async\" class=\"size-full wp-image-13068\" src=\"https:\/\/www.organisator.ch\/wp-content\/uploads\/2022\/06\/Tecnomec-SA-gewinnt-Prix-SVC-Svizzera-Italiana-2022_Organisator.jpg\" alt=\"\" width=\"680\" height=\"370\" srcset=\"https:\/\/www.organisator.ch\/wp-content\/uploads\/2022\/06\/Tecnomec-SA-gewinnt-Prix-SVC-Svizzera-Italiana-2022_Organisator.jpg 680w, https:\/\/www.organisator.ch\/wp-content\/uploads\/2022\/06\/Tecnomec-SA-gewinnt-Prix-SVC-Svizzera-Italiana-2022_Organisator-18x10.jpg 18w, https:\/\/www.organisator.ch\/wp-content\/uploads\/2022\/06\/Tecnomec-SA-gewinnt-Prix-SVC-Svizzera-Italiana-2022_Organisator-322x175.jpg 322w, https:\/\/www.organisator.ch\/wp-content\/uploads\/2022\/06\/Tecnomec-SA-gewinnt-Prix-SVC-Svizzera-Italiana-2022_Organisator-643x350.jpg 643w, https:\/\/www.organisator.ch\/wp-content\/uploads\/2022\/06\/Tecnomec-SA-gewinnt-Prix-SVC-Svizzera-Italiana-2022_Organisator-300x163.jpg 300w\" sizes=\"auto, (max-width: 680px) 100vw, 680px\" \/><figcaption id=\"caption-attachment-13068\" class=\"wp-caption-text\">Iarno Mapelli (left) of Tecnomec SA, winner of the Prix SVC Svizzera Italiana 2022. (Image: Swiss Venture Club SVC)<\/figcaption><\/figure>\n<p>Iarno Mapelli, Managing Director of Tecnomec SA, accepted the coveted trophy at the Prix SVC Svizzera italiana 2022 on May 18, 2022. Founded in 1981, the company operates in the precision mechanics sector and has state-of-the-art machinery. The Stabio-based company employs 70 people. Second place went to Jetpharma SA and its board member Stefano Martinoli, while R. Audemars SA and its CEO Mirko Audemars secured third place. Diploma ranks were awarded to Agriloro SA and its CEO Jacques Perler, to Campofelice SA and its CEO Simone Patelli, and to Fontana Print SA and its CEO Ruben Fontana.<\/p>\n<h3>Tecnomec SA: Rooted in the region<\/h3>\n<p>Marzio Grassi, president of the jury of the Prix SVC Italian Switzerland, justified the choice of the winner in the laudation as follows: \"Each of the six finalists deserved to win. In the end, the jury chose Tecnomec, an excellent example of a family business characterized by a strong entrepreneurial spirit and a focus on innovation and excellence. It is rooted in the region and constantly invests in the growth of the company and its employees. Director Iarno Mapelli, in addition to the winner's trophy, was able to take home as a prize a Credit Suisse entrepreneur trip and an exclusive SUPSI voucher worth 12,500 Swiss francs to attend one or more SUPSI continuing education courses.<\/p>\n<h3>Second place for Jetpharma SA and third place for R. Audemars SA<\/h3>\n<p>Jetpharma SA, founded in 1986 and based in Balerna, won the 2nd place. The company offers the following services micronization services for third parties. Today, the company is one of the few global players and has a unique technology. The prize, which was awarded to Stefano Martinoli, member of the Board of Directors, is sponsored by Ernst &amp; Young and consists of participation in a study trip and in the \"Entrepreneur of the Year\" congress.<\/p>\n<p>The third prize went to R. Audemars SA from Lamone-Cadempino. Thanks to the know-how acquired over more than 120 years in the Swiss watchmaking industry, the family-owned company, founded in 1898, has also developed in other markets and works with global manufacturers of medical equipment, which is now its main market. Mirko Audemars, CEO, accepted the prize offered by Swisscom in the form of a voucher to attend one of the exclusive events promoted and supported by Swisscom.<\/p>\n<p><em>More information: <a href=\"http:\/\/www.svc.swiss\">Swiss Venture Club<\/a><\/em><\/p>","protected":false},"excerpt":{"rendered":"<p>Iarno Mapelli, Gesch\u00e4ftsf\u00fchrer von Tecnomec SA, nahm am 18. Mai 2022 im Rahmen des Prix SVC Svizzera italiana 2022 die begehrte Troph\u00e4e entgegen. Das 1981 gegr\u00fcndete Unternehmen ist im Bereich der Feinmechanik t\u00e4tig und verf\u00fcgt \u00fcber einen hochmodernen Maschinenpark. Das Unternehmen mit Sitz in Stabio besch\u00e4ftigt 70 Personen. Der zweite Platz ging an das Unternehmen [&hellip;]<\/p>\n","protected":false},"author":4,"featured_media":13068,"comment_status":"closed","ping_status":"closed","sticky":false,"template":"","format":"standard","meta":{"_acf_changed":false,"_yoast_wpseo_focuskw":"Tecnomec SA","_yoast_wpseo_metadesc":"Am 18. Mai 2022 wurde in Lugano der Prix SVC Svizzera Italiana 2022 verliehen. Gewonnen hat die Troph\u00e4e die Firma Tecnomec SA aus Stabio.","articlekey":"","footnotes":""},"categories":[28],"tags":[66,334,390,492],"class_list":["post-13067","post","type-post","status-publish","format-standard","has-post-thumbnail","hentry","category-management","tag-awards","tag-management","tag-prix-svc","tag-unternehmen"],"acf":[],"yoast_head":"<!-- This site is optimized with the Yoast SEO plugin v27.5 - https:\/\/yoast.com\/product\/yoast-seo-wordpress\/ -->\n<title>Tecnomec SA gewinnt Prix SVC Svizzera Italiana 2022 - Organisator<\/title>\n<meta name=\"description\" content=\"Am 18. Mai 2022 wurde in Lugano der Prix SVC Svizzera Italiana 2022 verliehen. Gewonnen hat die Troph\u00e4e die Firma Tecnomec SA aus Stabio.\" \/>\n<meta name=\"robots\" content=\"index, follow, max-snippet:-1, max-image-preview:large, max-video-preview:-1\" \/>\n<link rel=\"canonical\" href=\"https:\/\/www.organisator.ch\/en\/management\/2022-06-01\/tecnomec-sa-gewinnt-prix-svc-svizzera-italiana-2022\/\" \/>\n<meta property=\"og:locale\" content=\"en_US\" \/>\n<meta property=\"og:type\" content=\"article\" \/>\n<meta property=\"og:title\" content=\"Tecnomec SA gewinnt Prix SVC Svizzera Italiana 2022\" \/>\n<meta property=\"og:description\" content=\"Am 18. Mai 2022 wurde in Lugano der Prix SVC Svizzera Italiana 2022 verliehen. Gewonnen hat die Troph\u00e4e die Firma Tecnomec SA aus Stabio.\" \/>\n<meta property=\"og:url\" content=\"https:\/\/www.organisator.ch\/en\/management\/2022-06-01\/tecnomec-sa-gewinnt-prix-svc-svizzera-italiana-2022\/\" \/>\n<meta property=\"og:site_name\" content=\"Organisator\" \/>\n<meta property=\"article:publisher\" content=\"https:\/\/www.facebook.com\/OrganisatorFachmagazin\" \/>\n<meta property=\"article:published_time\" content=\"2022-06-01T07:17:32+00:00\" \/>\n<meta property=\"og:image\" content=\"https:\/\/www.organisator.ch\/wp-content\/uploads\/2022\/06\/Tecnomec-SA-gewinnt-Prix-SVC-Svizzera-Italiana-2022_Organisator.jpg\" \/>\n\t<meta property=\"og:image:width\" content=\"680\" \/>\n\t<meta property=\"og:image:height\" content=\"370\" \/>\n\t<meta property=\"og:image:type\" content=\"image\/jpeg\" \/>\n<meta name=\"author\" content=\"thomas.berner\" \/>\n<meta name=\"twitter:card\" content=\"summary_large_image\" \/>\n<meta name=\"twitter:title\" content=\"#Tecnomec SA gewinnt Prix #SVC Svizzera Italiana 2022\" \/>\n<meta name=\"twitter:description\" content=\"Am 18. Mai 2022 wurde in #Lugano der Prix #SVC Svizzera Italiana 2022 verliehen. Gewonnen hat die Troph\u00e4e die Firma #Tecnomec SA aus Stabio.\" \/>\n<meta name=\"twitter:image\" content=\"https:\/\/www.organisator.ch\/wp-content\/uploads\/2022\/06\/Tecnomec-SA-gewinnt-Prix-SVC-Svizzera-Italiana-2022_Organisator.jpg\" \/>\n<script type=\"application\/ld+json\" class=\"yoast-schema-graph\">{\"@context\":\"https:\\\/\\\/schema.org\",\"@graph\":[{\"@type\":\"Article\",\"@id\":\"https:\\\/\\\/www.organisator.ch\\\/management\\\/2022-06-01\\\/tecnomec-sa-gewinnt-prix-svc-svizzera-italiana-2022\\\/#article\",\"isPartOf\":{\"@id\":\"https:\\\/\\\/www.organisator.ch\\\/management\\\/2022-06-01\\\/tecnomec-sa-gewinnt-prix-svc-svizzera-italiana-2022\\\/\"},\"author\":{\"name\":\"thomas.berner\",\"@id\":\"https:\\\/\\\/www.organisator.ch\\\/#\\\/schema\\\/person\\\/6f650f90b2842cd4c0cc334b4e36f67e\"},\"headline\":\"Tecnomec SA gewinnt Prix SVC Svizzera Italiana 2022\",\"datePublished\":\"2022-06-01T07:17:32+00:00\",\"mainEntityOfPage\":{\"@id\":\"https:\\\/\\\/www.organisator.ch\\\/management\\\/2022-06-01\\\/tecnomec-sa-gewinnt-prix-svc-svizzera-italiana-2022\\\/\"},\"wordCount\":434,\"publisher\":{\"@id\":\"https:\\\/\\\/www.organisator.ch\\\/#organization\"},\"image\":{\"@id\":\"https:\\\/\\\/www.organisator.ch\\\/management\\\/2022-06-01\\\/tecnomec-sa-gewinnt-prix-svc-svizzera-italiana-2022\\\/#primaryimage\"},\"thumbnailUrl\":\"https:\\\/\\\/www.organisator.ch\\\/wp-content\\\/uploads\\\/2022\\\/06\\\/Tecnomec-SA-gewinnt-Prix-SVC-Svizzera-Italiana-2022_Organisator.jpg\",\"keywords\":[\"Awards\",\"Management\",\"Prix SVC\",\"Unternehmen\"],\"articleSection\":[\"MANAGEMENT\"],\"inLanguage\":\"en-US\"},{\"@type\":\"WebPage\",\"@id\":\"https:\\\/\\\/www.organisator.ch\\\/management\\\/2022-06-01\\\/tecnomec-sa-gewinnt-prix-svc-svizzera-italiana-2022\\\/\",\"url\":\"https:\\\/\\\/www.organisator.ch\\\/management\\\/2022-06-01\\\/tecnomec-sa-gewinnt-prix-svc-svizzera-italiana-2022\\\/\",\"name\":\"Tecnomec SA gewinnt Prix SVC Svizzera Italiana 2022 - Organisator\",\"isPartOf\":{\"@id\":\"https:\\\/\\\/www.organisator.ch\\\/#website\"},\"primaryImageOfPage\":{\"@id\":\"https:\\\/\\\/www.organisator.ch\\\/management\\\/2022-06-01\\\/tecnomec-sa-gewinnt-prix-svc-svizzera-italiana-2022\\\/#primaryimage\"},\"image\":{\"@id\":\"https:\\\/\\\/www.organisator.ch\\\/management\\\/2022-06-01\\\/tecnomec-sa-gewinnt-prix-svc-svizzera-italiana-2022\\\/#primaryimage\"},\"thumbnailUrl\":\"https:\\\/\\\/www.organisator.ch\\\/wp-content\\\/uploads\\\/2022\\\/06\\\/Tecnomec-SA-gewinnt-Prix-SVC-Svizzera-Italiana-2022_Organisator.jpg\",\"datePublished\":\"2022-06-01T07:17:32+00:00\",\"description\":\"Am 18. Mai 2022 wurde in Lugano der Prix SVC Svizzera Italiana 2022 verliehen. Gewonnen hat die Troph\u00e4e die Firma Tecnomec SA aus Stabio.\",\"breadcrumb\":{\"@id\":\"https:\\\/\\\/www.organisator.ch\\\/management\\\/2022-06-01\\\/tecnomec-sa-gewinnt-prix-svc-svizzera-italiana-2022\\\/#breadcrumb\"},\"inLanguage\":\"en-US\",\"potentialAction\":[{\"@type\":\"ReadAction\",\"target\":[\"https:\\\/\\\/www.organisator.ch\\\/management\\\/2022-06-01\\\/tecnomec-sa-gewinnt-prix-svc-svizzera-italiana-2022\\\/\"]}]},{\"@type\":\"ImageObject\",\"inLanguage\":\"en-US\",\"@id\":\"https:\\\/\\\/www.organisator.ch\\\/management\\\/2022-06-01\\\/tecnomec-sa-gewinnt-prix-svc-svizzera-italiana-2022\\\/#primaryimage\",\"url\":\"https:\\\/\\\/www.organisator.ch\\\/wp-content\\\/uploads\\\/2022\\\/06\\\/Tecnomec-SA-gewinnt-Prix-SVC-Svizzera-Italiana-2022_Organisator.jpg\",\"contentUrl\":\"https:\\\/\\\/www.organisator.ch\\\/wp-content\\\/uploads\\\/2022\\\/06\\\/Tecnomec-SA-gewinnt-Prix-SVC-Svizzera-Italiana-2022_Organisator.jpg\",\"width\":680,\"height\":370,\"caption\":\"Iarno Mapelli (links) von Tecnomec SA, Gewinner des Prix SVC Svizzera Italiana 2022. (Bild: Swiss Venture Club SVC)\"},{\"@type\":\"BreadcrumbList\",\"@id\":\"https:\\\/\\\/www.organisator.ch\\\/management\\\/2022-06-01\\\/tecnomec-sa-gewinnt-prix-svc-svizzera-italiana-2022\\\/#breadcrumb\",\"itemListElement\":[{\"@type\":\"ListItem\",\"position\":1,\"name\":\"Home\",\"item\":\"https:\\\/\\\/www.organisator.ch\\\/\"},{\"@type\":\"ListItem\",\"position\":2,\"name\":\"Tecnomec SA gewinnt Prix SVC Svizzera Italiana 2022\"}]},{\"@type\":\"WebSite\",\"@id\":\"https:\\\/\\\/www.organisator.ch\\\/#website\",\"url\":\"https:\\\/\\\/www.organisator.ch\\\/\",\"name\":\"Organisator\",\"description\":\"Kompetent. Praxisnah. Der ORGANISATOR bereitet in 10 Ausgaben pro Jahr die wesentlichen Themen f\u00fcr F\u00fchrungskr\u00e4fte von KMU auf.\",\"publisher\":{\"@id\":\"https:\\\/\\\/www.organisator.ch\\\/#organization\"},\"potentialAction\":[{\"@type\":\"SearchAction\",\"target\":{\"@type\":\"EntryPoint\",\"urlTemplate\":\"https:\\\/\\\/www.organisator.ch\\\/?s={search_term_string}\"},\"query-input\":{\"@type\":\"PropertyValueSpecification\",\"valueRequired\":true,\"valueName\":\"search_term_string\"}}],\"inLanguage\":\"en-US\"},{\"@type\":\"Organization\",\"@id\":\"https:\\\/\\\/www.organisator.ch\\\/#organization\",\"name\":\"Organisator\",\"url\":\"https:\\\/\\\/www.organisator.ch\\\/\",\"logo\":{\"@type\":\"ImageObject\",\"inLanguage\":\"en-US\",\"@id\":\"https:\\\/\\\/www.organisator.ch\\\/#\\\/schema\\\/logo\\\/image\\\/\",\"url\":\"https:\\\/\\\/www.organisator.ch\\\/wp-content\\\/uploads\\\/2022\\\/01\\\/Logo_Organisator_Website.png\",\"contentUrl\":\"https:\\\/\\\/www.organisator.ch\\\/wp-content\\\/uploads\\\/2022\\\/01\\\/Logo_Organisator_Website.png\",\"width\":800,\"height\":77,\"caption\":\"Organisator\"},\"image\":{\"@id\":\"https:\\\/\\\/www.organisator.ch\\\/#\\\/schema\\\/logo\\\/image\\\/\"},\"sameAs\":[\"https:\\\/\\\/www.facebook.com\\\/OrganisatorFachmagazin\",\"https:\\\/\\\/www.linkedin.com\\\/showcase\\\/organisator-das-magazin-fr-kmu\",\"https:\\\/\\\/www.xing.com\\\/news\\\/pages\\\/organisator-ch-695\",\"https:\\\/\\\/www.youtube.com\\\/channel\\\/UCGP2Sq0iWaZwT3BdIAQFYpw\"]},{\"@type\":\"Person\",\"@id\":\"https:\\\/\\\/www.organisator.ch\\\/#\\\/schema\\\/person\\\/6f650f90b2842cd4c0cc334b4e36f67e\",\"name\":\"thomas.berner\",\"image\":{\"@type\":\"ImageObject\",\"inLanguage\":\"en-US\",\"@id\":\"https:\\\/\\\/secure.gravatar.com\\\/avatar\\\/ac5001d2a36cb6c6cd3e50789007ffca834b477b74a2144564522e944eabff61?s=96&d=mm&r=g\",\"url\":\"https:\\\/\\\/secure.gravatar.com\\\/avatar\\\/ac5001d2a36cb6c6cd3e50789007ffca834b477b74a2144564522e944eabff61?s=96&d=mm&r=g\",\"contentUrl\":\"https:\\\/\\\/secure.gravatar.com\\\/avatar\\\/ac5001d2a36cb6c6cd3e50789007ffca834b477b74a2144564522e944eabff61?s=96&d=mm&r=g\",\"caption\":\"thomas.berner\"},\"url\":\"https:\\\/\\\/www.organisator.ch\\\/en\\\/author\\\/thomas-berner\\\/\"}]}<\/script>\n<!-- \/ Yoast SEO plugin. -->","yoast_head_json":{"title":"Tecnomec SA wins Prix SVC Svizzera Italiana 2022 - Organizer","description":"On May 18, 2022, the Prix SVC Svizzera Italiana 2022 was awarded in Lugano. The trophy was won by the company Tecnomec SA from Stabio.","robots":{"index":"index","follow":"follow","max-snippet":"max-snippet:-1","max-image-preview":"max-image-preview:large","max-video-preview":"max-video-preview:-1"},"canonical":"https:\/\/www.organisator.ch\/en\/management\/2022-06-01\/tecnomec-sa-gewinnt-prix-svc-svizzera-italiana-2022\/","og_locale":"en_US","og_type":"article","og_title":"Tecnomec SA gewinnt Prix SVC Svizzera Italiana 2022","og_description":"Am 18. Mai 2022 wurde in Lugano der Prix SVC Svizzera Italiana 2022 verliehen. Gewonnen hat die Troph\u00e4e die Firma Tecnomec SA aus Stabio.","og_url":"https:\/\/www.organisator.ch\/en\/management\/2022-06-01\/tecnomec-sa-gewinnt-prix-svc-svizzera-italiana-2022\/","og_site_name":"Organisator","article_publisher":"https:\/\/www.facebook.com\/OrganisatorFachmagazin","article_published_time":"2022-06-01T07:17:32+00:00","og_image":[{"width":680,"height":370,"url":"https:\/\/www.organisator.ch\/wp-content\/uploads\/2022\/06\/Tecnomec-SA-gewinnt-Prix-SVC-Svizzera-Italiana-2022_Organisator.jpg","type":"image\/jpeg"}],"author":"thomas.berner","twitter_card":"summary_large_image","twitter_title":"#Tecnomec SA gewinnt Prix #SVC Svizzera Italiana 2022","twitter_description":"Am 18. Mai 2022 wurde in #Lugano der Prix #SVC Svizzera Italiana 2022 verliehen. Gewonnen hat die Troph\u00e4e die Firma #Tecnomec SA aus Stabio.","twitter_image":"https:\/\/www.organisator.ch\/wp-content\/uploads\/2022\/06\/Tecnomec-SA-gewinnt-Prix-SVC-Svizzera-Italiana-2022_Organisator.jpg","schema":{"@context":"https:\/\/schema.org","@graph":[{"@type":"Article","@id":"https:\/\/www.organisator.ch\/management\/2022-06-01\/tecnomec-sa-gewinnt-prix-svc-svizzera-italiana-2022\/#article","isPartOf":{"@id":"https:\/\/www.organisator.ch\/management\/2022-06-01\/tecnomec-sa-gewinnt-prix-svc-svizzera-italiana-2022\/"},"author":{"name":"thomas.berner","@id":"https:\/\/www.organisator.ch\/#\/schema\/person\/6f650f90b2842cd4c0cc334b4e36f67e"},"headline":"Tecnomec SA gewinnt Prix SVC Svizzera Italiana 2022","datePublished":"2022-06-01T07:17:32+00:00","mainEntityOfPage":{"@id":"https:\/\/www.organisator.ch\/management\/2022-06-01\/tecnomec-sa-gewinnt-prix-svc-svizzera-italiana-2022\/"},"wordCount":434,"publisher":{"@id":"https:\/\/www.organisator.ch\/#organization"},"image":{"@id":"https:\/\/www.organisator.ch\/management\/2022-06-01\/tecnomec-sa-gewinnt-prix-svc-svizzera-italiana-2022\/#primaryimage"},"thumbnailUrl":"https:\/\/www.organisator.ch\/wp-content\/uploads\/2022\/06\/Tecnomec-SA-gewinnt-Prix-SVC-Svizzera-Italiana-2022_Organisator.jpg","keywords":["Awards","Management","Prix SVC","Unternehmen"],"articleSection":["MANAGEMENT"],"inLanguage":"en-US"},{"@type":"WebPage","@id":"https:\/\/www.organisator.ch\/management\/2022-06-01\/tecnomec-sa-gewinnt-prix-svc-svizzera-italiana-2022\/","url":"https:\/\/www.organisator.ch\/management\/2022-06-01\/tecnomec-sa-gewinnt-prix-svc-svizzera-italiana-2022\/","name":"Tecnomec SA wins Prix SVC Svizzera Italiana 2022 - Organizer","isPartOf":{"@id":"https:\/\/www.organisator.ch\/#website"},"primaryImageOfPage":{"@id":"https:\/\/www.organisator.ch\/management\/2022-06-01\/tecnomec-sa-gewinnt-prix-svc-svizzera-italiana-2022\/#primaryimage"},"image":{"@id":"https:\/\/www.organisator.ch\/management\/2022-06-01\/tecnomec-sa-gewinnt-prix-svc-svizzera-italiana-2022\/#primaryimage"},"thumbnailUrl":"https:\/\/www.organisator.ch\/wp-content\/uploads\/2022\/06\/Tecnomec-SA-gewinnt-Prix-SVC-Svizzera-Italiana-2022_Organisator.jpg","datePublished":"2022-06-01T07:17:32+00:00","description":"On May 18, 2022, the Prix SVC Svizzera Italiana 2022 was awarded in Lugano. The trophy was won by the company Tecnomec SA from Stabio.","breadcrumb":{"@id":"https:\/\/www.organisator.ch\/management\/2022-06-01\/tecnomec-sa-gewinnt-prix-svc-svizzera-italiana-2022\/#breadcrumb"},"inLanguage":"en-US","potentialAction":[{"@type":"ReadAction","target":["https:\/\/www.organisator.ch\/management\/2022-06-01\/tecnomec-sa-gewinnt-prix-svc-svizzera-italiana-2022\/"]}]},{"@type":"ImageObject","inLanguage":"en-US","@id":"https:\/\/www.organisator.ch\/management\/2022-06-01\/tecnomec-sa-gewinnt-prix-svc-svizzera-italiana-2022\/#primaryimage","url":"https:\/\/www.organisator.ch\/wp-content\/uploads\/2022\/06\/Tecnomec-SA-gewinnt-Prix-SVC-Svizzera-Italiana-2022_Organisator.jpg","contentUrl":"https:\/\/www.organisator.ch\/wp-content\/uploads\/2022\/06\/Tecnomec-SA-gewinnt-Prix-SVC-Svizzera-Italiana-2022_Organisator.jpg","width":680,"height":370,"caption":"Iarno Mapelli (links) von Tecnomec SA, Gewinner des Prix SVC Svizzera Italiana 2022. (Bild: Swiss Venture Club SVC)"},{"@type":"BreadcrumbList","@id":"https:\/\/www.organisator.ch\/management\/2022-06-01\/tecnomec-sa-gewinnt-prix-svc-svizzera-italiana-2022\/#breadcrumb","itemListElement":[{"@type":"ListItem","position":1,"name":"Home","item":"https:\/\/www.organisator.ch\/"},{"@type":"ListItem","position":2,"name":"Tecnomec SA gewinnt Prix SVC Svizzera Italiana 2022"}]},{"@type":"WebSite","@id":"https:\/\/www.organisator.ch\/#website","url":"https:\/\/www.organisator.ch\/","name":"Organizer","description":"Competent. Practical. In 10 issues per year, ORGANISATOR presents the essential topics for managers of SMEs.","publisher":{"@id":"https:\/\/www.organisator.ch\/#organization"},"potentialAction":[{"@type":"SearchAction","target":{"@type":"EntryPoint","urlTemplate":"https:\/\/www.organisator.ch\/?s={search_term_string}"},"query-input":{"@type":"PropertyValueSpecification","valueRequired":true,"valueName":"search_term_string"}}],"inLanguage":"en-US"},{"@type":"Organization","@id":"https:\/\/www.organisator.ch\/#organization","name":"Organizer","url":"https:\/\/www.organisator.ch\/","logo":{"@type":"ImageObject","inLanguage":"en-US","@id":"https:\/\/www.organisator.ch\/#\/schema\/logo\/image\/","url":"https:\/\/www.organisator.ch\/wp-content\/uploads\/2022\/01\/Logo_Organisator_Website.png","contentUrl":"https:\/\/www.organisator.ch\/wp-content\/uploads\/2022\/01\/Logo_Organisator_Website.png","width":800,"height":77,"caption":"Organisator"},"image":{"@id":"https:\/\/www.organisator.ch\/#\/schema\/logo\/image\/"},"sameAs":["https:\/\/www.facebook.com\/OrganisatorFachmagazin","https:\/\/www.linkedin.com\/showcase\/organisator-das-magazin-fr-kmu","https:\/\/www.xing.com\/news\/pages\/organisator-ch-695","https:\/\/www.youtube.com\/channel\/UCGP2Sq0iWaZwT3BdIAQFYpw"]},{"@type":"Person","@id":"https:\/\/www.organisator.ch\/#\/schema\/person\/6f650f90b2842cd4c0cc334b4e36f67e","name":"thomas.berner","image":{"@type":"ImageObject","inLanguage":"en-US","@id":"https:\/\/secure.gravatar.com\/avatar\/ac5001d2a36cb6c6cd3e50789007ffca834b477b74a2144564522e944eabff61?s=96&d=mm&r=g","url":"https:\/\/secure.gravatar.com\/avatar\/ac5001d2a36cb6c6cd3e50789007ffca834b477b74a2144564522e944eabff61?s=96&d=mm&r=g","contentUrl":"https:\/\/secure.gravatar.com\/avatar\/ac5001d2a36cb6c6cd3e50789007ffca834b477b74a2144564522e944eabff61?s=96&d=mm&r=g","caption":"thomas.berner"},"url":"https:\/\/www.organisator.ch\/en\/author\/thomas-berner\/"}]}},"_links":{"self":[{"href":"https:\/\/www.organisator.ch\/en\/wp-json\/wp\/v2\/posts\/13067","targetHints":{"allow":["GET"]}}],"collection":[{"href":"https:\/\/www.organisator.ch\/en\/wp-json\/wp\/v2\/posts"}],"about":[{"href":"https:\/\/www.organisator.ch\/en\/wp-json\/wp\/v2\/types\/post"}],"author":[{"embeddable":true,"href":"https:\/\/www.organisator.ch\/en\/wp-json\/wp\/v2\/users\/4"}],"replies":[{"embeddable":true,"href":"https:\/\/www.organisator.ch\/en\/wp-json\/wp\/v2\/comments?post=13067"}],"version-history":[{"count":1,"href":"https:\/\/www.organisator.ch\/en\/wp-json\/wp\/v2\/posts\/13067\/revisions"}],"predecessor-version":[{"id":13069,"href":"https:\/\/www.organisator.ch\/en\/wp-json\/wp\/v2\/posts\/13067\/revisions\/13069"}],"wp:featuredmedia":[{"embeddable":true,"href":"https:\/\/www.organisator.ch\/en\/wp-json\/wp\/v2\/media\/13068"}],"wp:attachment":[{"href":"https:\/\/www.organisator.ch\/en\/wp-json\/wp\/v2\/media?parent=13067"}],"wp:term":[{"taxonomy":"category","embeddable":true,"href":"https:\/\/www.organisator.ch\/en\/wp-json\/wp\/v2\/categories?post=13067"},{"taxonomy":"post_tag","embeddable":true,"href":"https:\/\/www.organisator.ch\/en\/wp-json\/wp\/v2\/tags?post=13067"}],"curies":[{"name":"wp","href":"https:\/\/api.w.org\/{rel}","templated":true}]}}