{"id":13076,"date":"2022-06-01T13:57:34","date_gmt":"2022-06-01T11:57:34","guid":{"rendered":"https:\/\/www.m-q.ch\/?p=16403"},"modified":"2022-07-28T15:29:46","modified_gmt":"2022-07-28T13:29:46","slug":"erster-swiss-ai-report-zum-einsatz-kuenstlicher-intelligenz","status":"publish","type":"post","link":"https:\/\/www.organisator.ch\/en\/operational-excellence\/2022-06-01\/erster-swiss-ai-report-zum-einsatz-kuenstlicher-intelligenz\/","title":{"rendered":"First Swiss AI Report on the use of artificial intelligence"},"content":{"rendered":"<figure id=\"attachment_16404\" class=\"wp-caption alignnone\" style=\"width: 680px\" aria-describedby=\"caption-attachment-16404\"><img class=\"alignnone wp-image-16404 size-full\" src=\"https:\/\/www.m-q.ch\/wp-content\/uploads\/2022\/06\/Erster-Swiss-AI-Report-zum-Einsatz-kuenstlicher-Intelligenz_MQ.jpg\" alt=\"artificial intelligence\" width=\"680\" height=\"489\" \/><figcaption id=\"caption-attachment-16404\" class=\"wp-caption-text\">Swiss companies are investing millions in AI and focusing on research. This is the conclusion of the first Swiss AI Report. (Image: Unsplash.com)<\/figcaption><\/figure>\r\nFor the Swiss AI Report, published for the first time, 92 Swiss companies of various sizes were surveyed. The report was commissioned by the Canton of Schwyz and compiled by the think tank W.I.R.E and the Mindfire Foundation.\r\n<h3>Swiss AI Report still finds a lot of catching up to do<\/h3>\r\nThe result reveals clear trends. AI is a strategic core topic in the companies. This is not a matter of course for a new technology topic, write the authors of the report. However, 56 percent of the companies still see themselves at level 1 of 5 in terms of the effective degree of automation. 47 percent of respondents do not yet see AI supporting their core business. Swiss companies are therefore still at the beginning of the development towards the systematic use of artificial intelligence, according to the Swiss AI Report.\r\n\r\nAt the same time, many companies want to invest in AI technologies. 75 percent intend to spend up to one million on it next year, 20 percent of the companies up to 5 million. The will to position themselves in the AI environment is particularly evident among large companies. Only around 10 percent of SMEs that proactively deal with AI applications also have a fixed AI budget. The figure for large companies is 40 percent.\r\n<h3><strong>Fruitful cooperation between science and business<\/strong><\/h3>\r\nThe report also concludes that it is very pleasing to see that cooperation between business and science in Switzerland is working. According to the report, two-thirds of the companies surveyed maintain a partnership with universities in the AI context. Just as many want to build the technical foundations for the successful use of AI themselves. Only 8 percent want to purchase these completely. Accordingly, the best talents are being courted. In view of the shortage of skilled workers, around half of the companies already offer internal training on AI.\r\n\r\nMany Swiss companies are apparently also aware of the risks associated with the use of artificial intelligence. For example, 45 percent fear erroneous results when using artificial intelligence as a result of insufficient data or subjective bias when training the algorithms. It is striking that only just 3 percent of respondents express concerns of an ethical nature. Also, only 1.2 percent see the growing energy demand and ecological sustainability in connection with the use of AI as a major challenge.\r\n\r\n<em>Source and further information: <a href=\"https:\/\/308764.eu2.cleverreach.com\/c\/72029358\/7c974fdaa09-rcslcs\">ai-con.ch<\/a> \/ <a href=\"https:\/\/www.thewire.ch\/\">www.thewire.ch<\/a><\/em>\n<p class=\"syndicated-attribution\">This article originally appeared on m-q.ch - <a href=\"https:\/\/www.m-q.ch\/de\/erster-swiss-ai-report-zum-einsatz-kuenstlicher-intelligenz\/\" target=\"_blank\">https:\/\/www.m-q.ch\/de\/erster-swiss-ai-report-zum-einsatz-kuenstlicher-intelligenz\/<\/a><\/p>","protected":false},"excerpt":{"rendered":"<p>F\u00fcr den erstmals ver\u00f6ffentlichten Swiss AI Report wurden 92 Schweizer Unternehmen unterschiedlicher Gr\u00f6sse befragt. Der Report wurde im Auftrag des Kantons Schwyz durch den Thinktank W.I.R.E und die Stiftung Mindfire erarbeitet. Swiss AI Report ortet noch viel Aufholbedarf Das Resultat l\u00e4sst klare Tendenzen erkennen. Das Thema AI ist ein strategisches Kernthema in den Firmen. Das [\u2026]<\/p>\n","protected":false},"author":8,"featured_media":0,"comment_status":"closed","ping_status":"closed","sticky":false,"template":"","format":"standard","meta":{"_acf_changed":false,"_yoast_wpseo_focuskw":"k\u00fcnstlicher Intelligenz","_yoast_wpseo_metadesc":"Der Swiss AI Report analysiert nach eigenen Angaben erstmals systematisch den Einsatz und die Entwicklung von k\u00fcnstlicher Intelligenz in Schweizer Unternehmen.","articlekey":"","footnotes":""},"categories":[582],"tags":[3128,1576],"class_list":["post-13076","post","type-post","status-publish","format-standard","hentry","category-operational-excellence","tag-erster-swiss-ai-report","tag-kuenstlicher-intelligenz"],"acf":[],"yoast_head":"<!-- This site is optimized with the Yoast SEO plugin v27.5 - https:\/\/yoast.com\/product\/yoast-seo-wordpress\/ -->\n<title>Erster Swiss AI Report zum Einsatz k\u00fcnstlicher Intelligenz - Organisator<\/title>\n<meta name=\"description\" content=\"Der Swiss AI Report analysiert nach eigenen Angaben erstmals systematisch den Einsatz und die Entwicklung von k\u00fcnstlicher Intelligenz in Schweizer Unternehmen.\" \/>\n<meta name=\"robots\" content=\"index, follow, max-snippet:-1, max-image-preview:large, max-video-preview:-1\" \/>\n<link rel=\"canonical\" href=\"https:\/\/www.m-q.ch\/de\/erster-swiss-ai-report-zum-einsatz-kuenstlicher-intelligenz\/\" \/>\n<meta property=\"og:locale\" content=\"en_US\" \/>\n<meta property=\"og:type\" content=\"article\" \/>\n<meta property=\"og:title\" content=\"Erster Swiss AI Report zum Einsatz k\u00fcnstlicher Intelligenz - Organisator\" \/>\n<meta property=\"og:description\" content=\"Der Swiss AI Report analysiert nach eigenen Angaben erstmals systematisch den Einsatz und die Entwicklung von k\u00fcnstlicher Intelligenz in Schweizer Unternehmen.\" \/>\n<meta property=\"og:url\" content=\"https:\/\/www.m-q.ch\/de\/erster-swiss-ai-report-zum-einsatz-kuenstlicher-intelligenz\/\" \/>\n<meta property=\"og:site_name\" content=\"Organisator\" \/>\n<meta property=\"article:publisher\" content=\"https:\/\/www.facebook.com\/OrganisatorFachmagazin\" \/>\n<meta property=\"article:published_time\" content=\"2022-06-01T11:57:34+00:00\" \/>\n<meta property=\"article:modified_time\" content=\"2022-07-28T13:29:46+00:00\" \/>\n<meta property=\"og:image\" content=\"https:\/\/www.m-q.ch\/wp-content\/uploads\/2022\/06\/Erster-Swiss-AI-Report-zum-Einsatz-kuenstlicher-Intelligenz_MQ.jpg\" \/>\n<meta name=\"author\" content=\"galledia\" \/>\n<meta name=\"twitter:card\" content=\"summary_large_image\" \/>\n<meta name=\"twitter:creator\" content=\"@admin\" \/>\n<script type=\"application\/ld+json\" class=\"yoast-schema-graph\">{\"@context\":\"https:\\\/\\\/schema.org\",\"@graph\":[{\"@type\":\"Article\",\"@id\":\"https:\\\/\\\/www.m-q.ch\\\/de\\\/erster-swiss-ai-report-zum-einsatz-kuenstlicher-intelligenz\\\/#article\",\"isPartOf\":{\"@id\":\"https:\\\/\\\/www.organisator.ch\\\/operational-excellence\\\/2022-06-01\\\/erster-swiss-ai-report-zum-einsatz-kuenstlicher-intelligenz\\\/\"},\"author\":{\"name\":\"galledia\",\"@id\":\"https:\\\/\\\/www.organisator.ch\\\/#\\\/schema\\\/person\\\/4e51799071cd2dd1232ac003643ef5f0\"},\"headline\":\"Erster Swiss AI Report zum Einsatz k\u00fcnstlicher Intelligenz\",\"datePublished\":\"2022-06-01T11:57:34+00:00\",\"dateModified\":\"2022-07-28T13:29:46+00:00\",\"mainEntityOfPage\":{\"@id\":\"https:\\\/\\\/www.organisator.ch\\\/operational-excellence\\\/2022-06-01\\\/erster-swiss-ai-report-zum-einsatz-kuenstlicher-intelligenz\\\/\"},\"wordCount\":393,\"publisher\":{\"@id\":\"https:\\\/\\\/www.organisator.ch\\\/#organization\"},\"image\":{\"@id\":\"https:\\\/\\\/www.m-q.ch\\\/de\\\/erster-swiss-ai-report-zum-einsatz-kuenstlicher-intelligenz\\\/#primaryimage\"},\"thumbnailUrl\":\"https:\\\/\\\/www.m-q.ch\\\/wp-content\\\/uploads\\\/2022\\\/06\\\/Erster-Swiss-AI-Report-zum-Einsatz-kuenstlicher-Intelligenz_MQ.jpg\",\"keywords\":[\"Erster Swiss AI Report\",\"K\u00fcnstlicher Intelligenz\"],\"articleSection\":[\"OPERATIONAL EXCELLENCE\"],\"inLanguage\":\"en-US\"},{\"@type\":\"WebPage\",\"@id\":\"https:\\\/\\\/www.organisator.ch\\\/operational-excellence\\\/2022-06-01\\\/erster-swiss-ai-report-zum-einsatz-kuenstlicher-intelligenz\\\/\",\"url\":\"https:\\\/\\\/www.m-q.ch\\\/de\\\/erster-swiss-ai-report-zum-einsatz-kuenstlicher-intelligenz\\\/\",\"name\":\"Erster Swiss AI Report zum Einsatz k\u00fcnstlicher Intelligenz - Organisator\",\"isPartOf\":{\"@id\":\"https:\\\/\\\/www.organisator.ch\\\/#website\"},\"primaryImageOfPage\":{\"@id\":\"https:\\\/\\\/www.m-q.ch\\\/de\\\/erster-swiss-ai-report-zum-einsatz-kuenstlicher-intelligenz\\\/#primaryimage\"},\"image\":{\"@id\":\"https:\\\/\\\/www.m-q.ch\\\/de\\\/erster-swiss-ai-report-zum-einsatz-kuenstlicher-intelligenz\\\/#primaryimage\"},\"thumbnailUrl\":\"https:\\\/\\\/www.m-q.ch\\\/wp-content\\\/uploads\\\/2022\\\/06\\\/Erster-Swiss-AI-Report-zum-Einsatz-kuenstlicher-Intelligenz_MQ.jpg\",\"datePublished\":\"2022-06-01T11:57:34+00:00\",\"dateModified\":\"2022-07-28T13:29:46+00:00\",\"description\":\"Der Swiss AI Report analysiert nach eigenen Angaben erstmals systematisch den Einsatz und die Entwicklung von k\u00fcnstlicher Intelligenz in Schweizer Unternehmen.\",\"breadcrumb\":{\"@id\":\"https:\\\/\\\/www.m-q.ch\\\/de\\\/erster-swiss-ai-report-zum-einsatz-kuenstlicher-intelligenz\\\/#breadcrumb\"},\"inLanguage\":\"en-US\",\"potentialAction\":[{\"@type\":\"ReadAction\",\"target\":[\"https:\\\/\\\/www.m-q.ch\\\/de\\\/erster-swiss-ai-report-zum-einsatz-kuenstlicher-intelligenz\\\/\"]}]},{\"@type\":\"ImageObject\",\"inLanguage\":\"en-US\",\"@id\":\"https:\\\/\\\/www.m-q.ch\\\/de\\\/erster-swiss-ai-report-zum-einsatz-kuenstlicher-intelligenz\\\/#primaryimage\",\"url\":\"https:\\\/\\\/www.m-q.ch\\\/wp-content\\\/uploads\\\/2022\\\/06\\\/Erster-Swiss-AI-Report-zum-Einsatz-kuenstlicher-Intelligenz_MQ.jpg\",\"contentUrl\":\"https:\\\/\\\/www.m-q.ch\\\/wp-content\\\/uploads\\\/2022\\\/06\\\/Erster-Swiss-AI-Report-zum-Einsatz-kuenstlicher-Intelligenz_MQ.jpg\"},{\"@type\":\"BreadcrumbList\",\"@id\":\"https:\\\/\\\/www.m-q.ch\\\/de\\\/erster-swiss-ai-report-zum-einsatz-kuenstlicher-intelligenz\\\/#breadcrumb\",\"itemListElement\":[{\"@type\":\"ListItem\",\"position\":1,\"name\":\"Home\",\"item\":\"https:\\\/\\\/www.organisator.ch\\\/\"},{\"@type\":\"ListItem\",\"position\":2,\"name\":\"Erster Swiss AI Report zum Einsatz k\u00fcnstlicher Intelligenz\"}]},{\"@type\":\"WebSite\",\"@id\":\"https:\\\/\\\/www.organisator.ch\\\/#website\",\"url\":\"https:\\\/\\\/www.organisator.ch\\\/\",\"name\":\"Organisator\",\"description\":\"Kompetent. Praxisnah. Der ORGANISATOR bereitet in 10 Ausgaben pro Jahr die wesentlichen Themen f\u00fcr F\u00fchrungskr\u00e4fte von KMU auf.\",\"publisher\":{\"@id\":\"https:\\\/\\\/www.organisator.ch\\\/#organization\"},\"potentialAction\":[{\"@type\":\"SearchAction\",\"target\":{\"@type\":\"EntryPoint\",\"urlTemplate\":\"https:\\\/\\\/www.organisator.ch\\\/?s={search_term_string}\"},\"query-input\":{\"@type\":\"PropertyValueSpecification\",\"valueRequired\":true,\"valueName\":\"search_term_string\"}}],\"inLanguage\":\"en-US\"},{\"@type\":\"Organization\",\"@id\":\"https:\\\/\\\/www.organisator.ch\\\/#organization\",\"name\":\"Organisator\",\"url\":\"https:\\\/\\\/www.organisator.ch\\\/\",\"logo\":{\"@type\":\"ImageObject\",\"inLanguage\":\"en-US\",\"@id\":\"https:\\\/\\\/www.organisator.ch\\\/#\\\/schema\\\/logo\\\/image\\\/\",\"url\":\"https:\\\/\\\/www.organisator.ch\\\/wp-content\\\/uploads\\\/2022\\\/01\\\/Logo_Organisator_Website.png\",\"contentUrl\":\"https:\\\/\\\/www.organisator.ch\\\/wp-content\\\/uploads\\\/2022\\\/01\\\/Logo_Organisator_Website.png\",\"width\":800,\"height\":77,\"caption\":\"Organisator\"},\"image\":{\"@id\":\"https:\\\/\\\/www.organisator.ch\\\/#\\\/schema\\\/logo\\\/image\\\/\"},\"sameAs\":[\"https:\\\/\\\/www.facebook.com\\\/OrganisatorFachmagazin\",\"https:\\\/\\\/www.linkedin.com\\\/showcase\\\/organisator-das-magazin-fr-kmu\",\"https:\\\/\\\/www.xing.com\\\/news\\\/pages\\\/organisator-ch-695\",\"https:\\\/\\\/www.youtube.com\\\/channel\\\/UCGP2Sq0iWaZwT3BdIAQFYpw\"]},{\"@type\":\"Person\",\"@id\":\"https:\\\/\\\/www.organisator.ch\\\/#\\\/schema\\\/person\\\/4e51799071cd2dd1232ac003643ef5f0\",\"name\":\"galledia\",\"image\":{\"@type\":\"ImageObject\",\"inLanguage\":\"en-US\",\"@id\":\"https:\\\/\\\/secure.gravatar.com\\\/avatar\\\/78a7f90c01fc2bfc875782a0d4922b37cde2cf184ce347b91316d23cd7f69a36?s=96&d=mm&r=g\",\"url\":\"https:\\\/\\\/secure.gravatar.com\\\/avatar\\\/78a7f90c01fc2bfc875782a0d4922b37cde2cf184ce347b91316d23cd7f69a36?s=96&d=mm&r=g\",\"contentUrl\":\"https:\\\/\\\/secure.gravatar.com\\\/avatar\\\/78a7f90c01fc2bfc875782a0d4922b37cde2cf184ce347b91316d23cd7f69a36?s=96&d=mm&r=g\",\"caption\":\"galledia\"},\"sameAs\":[\"https:\\\/\\\/x.com\\\/admin\"],\"url\":\"https:\\\/\\\/www.organisator.ch\\\/en\\\/author\\\/galledia\\\/\"}]}<\/script>\n<!-- \/ Yoast SEO plugin. -->","yoast_head_json":{"title":"First Swiss AI Report on the use of artificial intelligence - Organizer","description":"The Swiss AI Report says it is the first to systematically analyze the use and development of artificial intelligence in Swiss companies.","robots":{"index":"index","follow":"follow","max-snippet":"max-snippet:-1","max-image-preview":"max-image-preview:large","max-video-preview":"max-video-preview:-1"},"canonical":"https:\/\/www.m-q.ch\/de\/erster-swiss-ai-report-zum-einsatz-kuenstlicher-intelligenz\/","og_locale":"en_US","og_type":"article","og_title":"Erster Swiss AI Report zum Einsatz k\u00fcnstlicher Intelligenz - Organisator","og_description":"Der Swiss AI Report analysiert nach eigenen Angaben erstmals systematisch den Einsatz und die Entwicklung von k\u00fcnstlicher Intelligenz in Schweizer Unternehmen.","og_url":"https:\/\/www.m-q.ch\/de\/erster-swiss-ai-report-zum-einsatz-kuenstlicher-intelligenz\/","og_site_name":"Organisator","article_publisher":"https:\/\/www.facebook.com\/OrganisatorFachmagazin","article_published_time":"2022-06-01T11:57:34+00:00","article_modified_time":"2022-07-28T13:29:46+00:00","og_image":[{"url":"https:\/\/www.m-q.ch\/wp-content\/uploads\/2022\/06\/Erster-Swiss-AI-Report-zum-Einsatz-kuenstlicher-Intelligenz_MQ.jpg","type":"","width":"","height":""}],"author":"galledia","twitter_card":"summary_large_image","twitter_creator":"@admin","schema":{"@context":"https:\/\/schema.org","@graph":[{"@type":"Article","@id":"https:\/\/www.m-q.ch\/de\/erster-swiss-ai-report-zum-einsatz-kuenstlicher-intelligenz\/#article","isPartOf":{"@id":"https:\/\/www.organisator.ch\/operational-excellence\/2022-06-01\/erster-swiss-ai-report-zum-einsatz-kuenstlicher-intelligenz\/"},"author":{"name":"galledia","@id":"https:\/\/www.organisator.ch\/#\/schema\/person\/4e51799071cd2dd1232ac003643ef5f0"},"headline":"Erster Swiss AI Report zum Einsatz k\u00fcnstlicher Intelligenz","datePublished":"2022-06-01T11:57:34+00:00","dateModified":"2022-07-28T13:29:46+00:00","mainEntityOfPage":{"@id":"https:\/\/www.organisator.ch\/operational-excellence\/2022-06-01\/erster-swiss-ai-report-zum-einsatz-kuenstlicher-intelligenz\/"},"wordCount":393,"publisher":{"@id":"https:\/\/www.organisator.ch\/#organization"},"image":{"@id":"https:\/\/www.m-q.ch\/de\/erster-swiss-ai-report-zum-einsatz-kuenstlicher-intelligenz\/#primaryimage"},"thumbnailUrl":"https:\/\/www.m-q.ch\/wp-content\/uploads\/2022\/06\/Erster-Swiss-AI-Report-zum-Einsatz-kuenstlicher-Intelligenz_MQ.jpg","keywords":["Erster Swiss AI Report","K\u00fcnstlicher Intelligenz"],"articleSection":["OPERATIONAL EXCELLENCE"],"inLanguage":"en-US"},{"@type":"WebPage","@id":"https:\/\/www.organisator.ch\/operational-excellence\/2022-06-01\/erster-swiss-ai-report-zum-einsatz-kuenstlicher-intelligenz\/","url":"https:\/\/www.m-q.ch\/de\/erster-swiss-ai-report-zum-einsatz-kuenstlicher-intelligenz\/","name":"First Swiss AI Report on the use of artificial intelligence - Organizer","isPartOf":{"@id":"https:\/\/www.organisator.ch\/#website"},"primaryImageOfPage":{"@id":"https:\/\/www.m-q.ch\/de\/erster-swiss-ai-report-zum-einsatz-kuenstlicher-intelligenz\/#primaryimage"},"image":{"@id":"https:\/\/www.m-q.ch\/de\/erster-swiss-ai-report-zum-einsatz-kuenstlicher-intelligenz\/#primaryimage"},"thumbnailUrl":"https:\/\/www.m-q.ch\/wp-content\/uploads\/2022\/06\/Erster-Swiss-AI-Report-zum-Einsatz-kuenstlicher-Intelligenz_MQ.jpg","datePublished":"2022-06-01T11:57:34+00:00","dateModified":"2022-07-28T13:29:46+00:00","description":"The Swiss AI Report says it is the first to systematically analyze the use and development of artificial intelligence in Swiss companies.","breadcrumb":{"@id":"https:\/\/www.m-q.ch\/de\/erster-swiss-ai-report-zum-einsatz-kuenstlicher-intelligenz\/#breadcrumb"},"inLanguage":"en-US","potentialAction":[{"@type":"ReadAction","target":["https:\/\/www.m-q.ch\/de\/erster-swiss-ai-report-zum-einsatz-kuenstlicher-intelligenz\/"]}]},{"@type":"ImageObject","inLanguage":"en-US","@id":"https:\/\/www.m-q.ch\/de\/erster-swiss-ai-report-zum-einsatz-kuenstlicher-intelligenz\/#primaryimage","url":"https:\/\/www.m-q.ch\/wp-content\/uploads\/2022\/06\/Erster-Swiss-AI-Report-zum-Einsatz-kuenstlicher-Intelligenz_MQ.jpg","contentUrl":"https:\/\/www.m-q.ch\/wp-content\/uploads\/2022\/06\/Erster-Swiss-AI-Report-zum-Einsatz-kuenstlicher-Intelligenz_MQ.jpg"},{"@type":"BreadcrumbList","@id":"https:\/\/www.m-q.ch\/de\/erster-swiss-ai-report-zum-einsatz-kuenstlicher-intelligenz\/#breadcrumb","itemListElement":[{"@type":"ListItem","position":1,"name":"Home","item":"https:\/\/www.organisator.ch\/"},{"@type":"ListItem","position":2,"name":"Erster Swiss AI Report zum Einsatz k\u00fcnstlicher Intelligenz"}]},{"@type":"WebSite","@id":"https:\/\/www.organisator.ch\/#website","url":"https:\/\/www.organisator.ch\/","name":"Organizer","description":"Competent. Practical. In 10 issues per year, ORGANISATOR presents the essential topics for managers of SMEs.","publisher":{"@id":"https:\/\/www.organisator.ch\/#organization"},"potentialAction":[{"@type":"SearchAction","target":{"@type":"EntryPoint","urlTemplate":"https:\/\/www.organisator.ch\/?s={search_term_string}"},"query-input":{"@type":"PropertyValueSpecification","valueRequired":true,"valueName":"search_term_string"}}],"inLanguage":"en-US"},{"@type":"Organization","@id":"https:\/\/www.organisator.ch\/#organization","name":"Organizer","url":"https:\/\/www.organisator.ch\/","logo":{"@type":"ImageObject","inLanguage":"en-US","@id":"https:\/\/www.organisator.ch\/#\/schema\/logo\/image\/","url":"https:\/\/www.organisator.ch\/wp-content\/uploads\/2022\/01\/Logo_Organisator_Website.png","contentUrl":"https:\/\/www.organisator.ch\/wp-content\/uploads\/2022\/01\/Logo_Organisator_Website.png","width":800,"height":77,"caption":"Organisator"},"image":{"@id":"https:\/\/www.organisator.ch\/#\/schema\/logo\/image\/"},"sameAs":["https:\/\/www.facebook.com\/OrganisatorFachmagazin","https:\/\/www.linkedin.com\/showcase\/organisator-das-magazin-fr-kmu","https:\/\/www.xing.com\/news\/pages\/organisator-ch-695","https:\/\/www.youtube.com\/channel\/UCGP2Sq0iWaZwT3BdIAQFYpw"]},{"@type":"Person","@id":"https:\/\/www.organisator.ch\/#\/schema\/person\/4e51799071cd2dd1232ac003643ef5f0","name":"galledia","image":{"@type":"ImageObject","inLanguage":"en-US","@id":"https:\/\/secure.gravatar.com\/avatar\/78a7f90c01fc2bfc875782a0d4922b37cde2cf184ce347b91316d23cd7f69a36?s=96&d=mm&r=g","url":"https:\/\/secure.gravatar.com\/avatar\/78a7f90c01fc2bfc875782a0d4922b37cde2cf184ce347b91316d23cd7f69a36?s=96&d=mm&r=g","contentUrl":"https:\/\/secure.gravatar.com\/avatar\/78a7f90c01fc2bfc875782a0d4922b37cde2cf184ce347b91316d23cd7f69a36?s=96&d=mm&r=g","caption":"galledia"},"sameAs":["https:\/\/x.com\/admin"],"url":"https:\/\/www.organisator.ch\/en\/author\/galledia\/"}]}},"_links":{"self":[{"href":"https:\/\/www.organisator.ch\/en\/wp-json\/wp\/v2\/posts\/13076","targetHints":{"allow":["GET"]}}],"collection":[{"href":"https:\/\/www.organisator.ch\/en\/wp-json\/wp\/v2\/posts"}],"about":[{"href":"https:\/\/www.organisator.ch\/en\/wp-json\/wp\/v2\/types\/post"}],"author":[{"embeddable":true,"href":"https:\/\/www.organisator.ch\/en\/wp-json\/wp\/v2\/users\/8"}],"replies":[{"embeddable":true,"href":"https:\/\/www.organisator.ch\/en\/wp-json\/wp\/v2\/comments?post=13076"}],"version-history":[{"count":4,"href":"https:\/\/www.organisator.ch\/en\/wp-json\/wp\/v2\/posts\/13076\/revisions"}],"predecessor-version":[{"id":15903,"href":"https:\/\/www.organisator.ch\/en\/wp-json\/wp\/v2\/posts\/13076\/revisions\/15903"}],"wp:attachment":[{"href":"https:\/\/www.organisator.ch\/en\/wp-json\/wp\/v2\/media?parent=13076"}],"wp:term":[{"taxonomy":"category","embeddable":true,"href":"https:\/\/www.organisator.ch\/en\/wp-json\/wp\/v2\/categories?post=13076"},{"taxonomy":"post_tag","embeddable":true,"href":"https:\/\/www.organisator.ch\/en\/wp-json\/wp\/v2\/tags?post=13076"}],"curies":[{"name":"wp","href":"https:\/\/api.w.org\/{rel}","templated":true}]}}