{"id":1316,"date":"2018-02-08T10:07:54","date_gmt":"2018-02-08T09:07:54","guid":{"rendered":"https:\/\/www.umweltperspektiven.ch\/?p=1316"},"modified":"2018-02-08T10:07:54","modified_gmt":"2018-02-08T09:07:54","slug":"diesen-sonntag-ist-zeitumstellung-auf-die-so-genannte-normalzeit-allerdings-bringt-die-einst-fixierte-winterzeit-tatsaechlich-der-schweizerischen-volkswirtschaft-einen-mehrwert-welche-energiekosten","status":"publish","type":"post","link":"https:\/\/www.organisator.ch\/en\/allgemein\/2018-02-08\/diesen-sonntag-ist-zeitumstellung-auf-die-so-genannte-normalzeit-allerdings-bringt-die-einst-fixierte-winterzeit-tatsaechlich-der-schweizerischen-volkswirtschaft-einen-mehrwert-welche-energiekosten\/","title":{"rendered":"Time change: Could permanent winter time save electricity costs?"},"content":{"rendered":"<figure id=\"attachment_1317\" aria-describedby=\"caption-attachment-1317\" style=\"width: 640px\" class=\"wp-caption alignnone\"><img loading=\"lazy\" decoding=\"async\" class=\"wp-image-1317 size-full\" src=\"\/\/www.umweltperspektiven.ch\/wp-content\/uploads\/2017\/10\/Zeitumstellung-K\u00f6nnte-eine-dauerhafte-Sommerzeit-Stromkosten-sparen-up-umweltperspektiven.jpg\" alt=\"\" width=\"640\" height=\"424\" \/><figcaption id=\"caption-attachment-1317\" class=\"wp-caption-text\">Daylight saving time is not the same as local time: from the end of March to the end of October, depending on the time zone, clocks in Switzerland go forward by over 1 hour. (Image: depositphotos)<\/figcaption><\/figure>\n<p>\"The most positive aspect of the time change to daylight saving time is the more attractive leisure time in the evening due to more daylight hours,\" says Robert Tichler from the Energy Institute Linz. Similar to Austria, Switzerland is estimated to save around 50 million euros in energy costs over the six months of summer time.<\/p>\n<p>Whereby the expert speaks of savings in fuel and electricity costs. If we were to extend summer time to the entire year, the gain in prosperity would be over 500 million euros. However, this figure is relative.<\/p>\n<p><strong>Energetic effects<\/strong><\/p>\n<p>Last year, the Energy Institute of the University of Linz calculated the cost savings for the first time for energy and non-energy effects together. The result: Compared with permanent winter time, the switch to summer time brings a slight cost saving for households and for the national economy.<\/p>\n<p>\"Additional daylight hours in summer save each household 0.45 percent in electricity costs,\" says Robert Tichler of the Energy Institute. But that gain is muted because people use more fuel or electricity for fans during additional daylight hours. \"The non-energy effects are much larger than those of electricity and energy costs,\" Tichler says.<\/p>\n<p><strong>In the right biorhythm <\/strong><\/p>\n<p>Many studies on the effects of the time changeover on biorhythms and sleep disorders show that in the weeks following the changeover, work performance drops and the risk of traffic accidents increases: The Linz researchers put the resulting costs at 40 million euros per year for Upper Austria; extrapolated to Austria, that's 240 million euros.<\/p>\n<p>Keeping daylight saving time would therefore multiply the good effects of the changeover - also because the negative effects caused by the time changeover twice a year would be eliminated. Finally, the quality of life would also be increased.<\/p>\n<p><a href=\"\/\/www.energieinstitut-linz.at\">www.energieinstitut-linz.at<\/a><\/p>\n<p>&nbsp;<\/p>\n<p>&nbsp;<\/p>","protected":false},"excerpt":{"rendered":"<p>\u201eDer positivste Aspekt der Zeitumstellung auf die Sommerzeit ist die attraktivere Freizeitgestaltung am Abend durch mehr Tageslichtstunden\u201c, sagt Robert Tichler vom Energieinstitut Linz. \u00c4hnlich wie \u00d6sterreich erspart sich die Schweiz sch\u00e4tzungsweise um 50 Millionen Euro an Energiekosten \u00fcber die sechs Monate Sommerzeit. Wobei der Experte von Einsparungen der Treibstoff- und Stromkosten spricht. W\u00fcrden wir die [&hellip;]<\/p>\n","protected":false},"author":5,"featured_media":1317,"comment_status":"open","ping_status":"open","sticky":false,"template":"","format":"standard","meta":{"_acf_changed":false,"_yoast_wpseo_focuskw":"Zeitumstellung","_yoast_wpseo_metadesc":"Diesen Sonntag ist Zeitumstellung auf die so genannte Normalzeit. Bringt die einst fixierte Winterzeit der Schweizerischen Volkswirtschaft einen Mehrwert?","articlekey":"","footnotes":""},"categories":[1],"tags":[1069,2575,2593],"class_list":["post-1316","post","type-post","status-publish","format-standard","has-post-thumbnail","hentry","category-allgemein","tag-energiekosten","tag-winterzeit","tag-zeitumstellung"],"acf":[],"yoast_head":"<!-- This site is optimized with the Yoast SEO plugin v27.5 - https:\/\/yoast.com\/product\/yoast-seo-wordpress\/ -->\n<title>Zeitumstellung: K\u00f6nnte eine dauerhafte Winterzeit Stromkosten sparen? - Organisator<\/title>\n<meta name=\"description\" content=\"Diesen Sonntag ist Zeitumstellung auf die so genannte Normalzeit. Bringt die einst fixierte Winterzeit der Schweizerischen Volkswirtschaft einen Mehrwert?\" \/>\n<meta name=\"robots\" content=\"index, follow, max-snippet:-1, max-image-preview:large, max-video-preview:-1\" \/>\n<link rel=\"canonical\" href=\"https:\/\/www.organisator.ch\/en\/general\/2018-02-08\/diesen-sonntag-ist-zeitumstellung-auf-die-so-genannte-normalzeit-allerdings-bringt-die-einst-fixierte-winterzeit-tatsaechlich-der-schweizerischen-volkswirtschaft-einen-mehrwert-welche-energiekosten\/\" \/>\n<meta property=\"og:locale\" content=\"en_US\" \/>\n<meta property=\"og:type\" content=\"article\" \/>\n<meta property=\"og:title\" content=\"Zeitumstellung: K\u00f6nnte eine dauerhafte Winterzeit Stromkosten sparen? - Organisator\" \/>\n<meta property=\"og:description\" content=\"Diesen Sonntag ist Zeitumstellung auf die so genannte Normalzeit. Bringt die einst fixierte Winterzeit der Schweizerischen Volkswirtschaft einen Mehrwert?\" \/>\n<meta property=\"og:url\" content=\"https:\/\/www.organisator.ch\/en\/general\/2018-02-08\/diesen-sonntag-ist-zeitumstellung-auf-die-so-genannte-normalzeit-allerdings-bringt-die-einst-fixierte-winterzeit-tatsaechlich-der-schweizerischen-volkswirtschaft-einen-mehrwert-welche-energiekosten\/\" \/>\n<meta property=\"og:site_name\" content=\"Organisator\" \/>\n<meta property=\"article:publisher\" content=\"https:\/\/www.facebook.com\/OrganisatorFachmagazin\" \/>\n<meta property=\"article:published_time\" content=\"2018-02-08T09:07:54+00:00\" \/>\n<meta property=\"og:image\" content=\"https:\/\/www.organisator.ch\/wp-content\/uploads\/2017\/10\/Zeitumstellung-Koennte-eine-dauerhafte-Sommerzeit-Stromkosten-sparen-up-umweltperspektiven.jpg\" \/>\n\t<meta property=\"og:image:width\" content=\"640\" \/>\n\t<meta property=\"og:image:height\" content=\"424\" \/>\n\t<meta property=\"og:image:type\" content=\"image\/jpeg\" \/>\n<meta name=\"author\" content=\"michael.merz\" \/>\n<meta name=\"twitter:card\" content=\"summary_large_image\" \/>\n<script type=\"application\/ld+json\" class=\"yoast-schema-graph\">{\"@context\":\"https:\\\/\\\/schema.org\",\"@graph\":[{\"@type\":\"Article\",\"@id\":\"https:\\\/\\\/www.organisator.ch\\\/de\\\/allgemein\\\/2018-02-08\\\/diesen-sonntag-ist-zeitumstellung-auf-die-so-genannte-normalzeit-allerdings-bringt-die-einst-fixierte-winterzeit-tatsaechlich-der-schweizerischen-volkswirtschaft-einen-mehrwert-welche-energiekosten\\\/#article\",\"isPartOf\":{\"@id\":\"https:\\\/\\\/www.organisator.ch\\\/de\\\/allgemein\\\/2018-02-08\\\/diesen-sonntag-ist-zeitumstellung-auf-die-so-genannte-normalzeit-allerdings-bringt-die-einst-fixierte-winterzeit-tatsaechlich-der-schweizerischen-volkswirtschaft-einen-mehrwert-welche-energiekosten\\\/\"},\"author\":{\"name\":\"michael.merz\",\"@id\":\"https:\\\/\\\/www.organisator.ch\\\/#\\\/schema\\\/person\\\/134708ca9321c57b0362cceb7948ffbd\"},\"headline\":\"Zeitumstellung: K\u00f6nnte eine dauerhafte Winterzeit Stromkosten sparen?\",\"datePublished\":\"2018-02-08T09:07:54+00:00\",\"mainEntityOfPage\":{\"@id\":\"https:\\\/\\\/www.organisator.ch\\\/de\\\/allgemein\\\/2018-02-08\\\/diesen-sonntag-ist-zeitumstellung-auf-die-so-genannte-normalzeit-allerdings-bringt-die-einst-fixierte-winterzeit-tatsaechlich-der-schweizerischen-volkswirtschaft-einen-mehrwert-welche-energiekosten\\\/\"},\"wordCount\":318,\"commentCount\":0,\"publisher\":{\"@id\":\"https:\\\/\\\/www.organisator.ch\\\/#organization\"},\"image\":{\"@id\":\"https:\\\/\\\/www.organisator.ch\\\/de\\\/allgemein\\\/2018-02-08\\\/diesen-sonntag-ist-zeitumstellung-auf-die-so-genannte-normalzeit-allerdings-bringt-die-einst-fixierte-winterzeit-tatsaechlich-der-schweizerischen-volkswirtschaft-einen-mehrwert-welche-energiekosten\\\/#primaryimage\"},\"thumbnailUrl\":\"https:\\\/\\\/www.organisator.ch\\\/wp-content\\\/uploads\\\/2017\\\/10\\\/Zeitumstellung-Koennte-eine-dauerhafte-Sommerzeit-Stromkosten-sparen-up-umweltperspektiven.jpg\",\"keywords\":[\"Energiekosten\",\"Winterzeit\",\"Zeitumstellung\"],\"articleSection\":[\"Allgemein\"],\"inLanguage\":\"en-US\"},{\"@type\":\"WebPage\",\"@id\":\"https:\\\/\\\/www.organisator.ch\\\/de\\\/allgemein\\\/2018-02-08\\\/diesen-sonntag-ist-zeitumstellung-auf-die-so-genannte-normalzeit-allerdings-bringt-die-einst-fixierte-winterzeit-tatsaechlich-der-schweizerischen-volkswirtschaft-einen-mehrwert-welche-energiekosten\\\/\",\"url\":\"https:\\\/\\\/www.organisator.ch\\\/de\\\/allgemein\\\/2018-02-08\\\/diesen-sonntag-ist-zeitumstellung-auf-die-so-genannte-normalzeit-allerdings-bringt-die-einst-fixierte-winterzeit-tatsaechlich-der-schweizerischen-volkswirtschaft-einen-mehrwert-welche-energiekosten\\\/\",\"name\":\"Zeitumstellung: K\u00f6nnte eine dauerhafte Winterzeit Stromkosten sparen? - Organisator\",\"isPartOf\":{\"@id\":\"https:\\\/\\\/www.organisator.ch\\\/#website\"},\"primaryImageOfPage\":{\"@id\":\"https:\\\/\\\/www.organisator.ch\\\/de\\\/allgemein\\\/2018-02-08\\\/diesen-sonntag-ist-zeitumstellung-auf-die-so-genannte-normalzeit-allerdings-bringt-die-einst-fixierte-winterzeit-tatsaechlich-der-schweizerischen-volkswirtschaft-einen-mehrwert-welche-energiekosten\\\/#primaryimage\"},\"image\":{\"@id\":\"https:\\\/\\\/www.organisator.ch\\\/de\\\/allgemein\\\/2018-02-08\\\/diesen-sonntag-ist-zeitumstellung-auf-die-so-genannte-normalzeit-allerdings-bringt-die-einst-fixierte-winterzeit-tatsaechlich-der-schweizerischen-volkswirtschaft-einen-mehrwert-welche-energiekosten\\\/#primaryimage\"},\"thumbnailUrl\":\"https:\\\/\\\/www.organisator.ch\\\/wp-content\\\/uploads\\\/2017\\\/10\\\/Zeitumstellung-Koennte-eine-dauerhafte-Sommerzeit-Stromkosten-sparen-up-umweltperspektiven.jpg\",\"datePublished\":\"2018-02-08T09:07:54+00:00\",\"description\":\"Diesen Sonntag ist Zeitumstellung auf die so genannte Normalzeit. Bringt die einst fixierte Winterzeit der Schweizerischen Volkswirtschaft einen Mehrwert?\",\"breadcrumb\":{\"@id\":\"https:\\\/\\\/www.organisator.ch\\\/de\\\/allgemein\\\/2018-02-08\\\/diesen-sonntag-ist-zeitumstellung-auf-die-so-genannte-normalzeit-allerdings-bringt-die-einst-fixierte-winterzeit-tatsaechlich-der-schweizerischen-volkswirtschaft-einen-mehrwert-welche-energiekosten\\\/#breadcrumb\"},\"inLanguage\":\"en-US\",\"potentialAction\":[{\"@type\":\"ReadAction\",\"target\":[\"https:\\\/\\\/www.organisator.ch\\\/de\\\/allgemein\\\/2018-02-08\\\/diesen-sonntag-ist-zeitumstellung-auf-die-so-genannte-normalzeit-allerdings-bringt-die-einst-fixierte-winterzeit-tatsaechlich-der-schweizerischen-volkswirtschaft-einen-mehrwert-welche-energiekosten\\\/\"]}]},{\"@type\":\"ImageObject\",\"inLanguage\":\"en-US\",\"@id\":\"https:\\\/\\\/www.organisator.ch\\\/de\\\/allgemein\\\/2018-02-08\\\/diesen-sonntag-ist-zeitumstellung-auf-die-so-genannte-normalzeit-allerdings-bringt-die-einst-fixierte-winterzeit-tatsaechlich-der-schweizerischen-volkswirtschaft-einen-mehrwert-welche-energiekosten\\\/#primaryimage\",\"url\":\"https:\\\/\\\/www.organisator.ch\\\/wp-content\\\/uploads\\\/2017\\\/10\\\/Zeitumstellung-Koennte-eine-dauerhafte-Sommerzeit-Stromkosten-sparen-up-umweltperspektiven.jpg\",\"contentUrl\":\"https:\\\/\\\/www.organisator.ch\\\/wp-content\\\/uploads\\\/2017\\\/10\\\/Zeitumstellung-Koennte-eine-dauerhafte-Sommerzeit-Stromkosten-sparen-up-umweltperspektiven.jpg\",\"width\":640,\"height\":424,\"caption\":\"Sommerzeit ist nicht gleich Lokalzeit: Von Ende M\u00e4rz bis Ende Oktober gehen je nach Zeitzone die Uhren in der Schweiz um \u00fcber eine 1 Stunde vor. (Bild: depositphotos)\"},{\"@type\":\"BreadcrumbList\",\"@id\":\"https:\\\/\\\/www.organisator.ch\\\/de\\\/allgemein\\\/2018-02-08\\\/diesen-sonntag-ist-zeitumstellung-auf-die-so-genannte-normalzeit-allerdings-bringt-die-einst-fixierte-winterzeit-tatsaechlich-der-schweizerischen-volkswirtschaft-einen-mehrwert-welche-energiekosten\\\/#breadcrumb\",\"itemListElement\":[{\"@type\":\"ListItem\",\"position\":1,\"name\":\"Home\",\"item\":\"https:\\\/\\\/www.organisator.ch\\\/\"},{\"@type\":\"ListItem\",\"position\":2,\"name\":\"Zeitumstellung: K\u00f6nnte eine dauerhafte Winterzeit Stromkosten sparen?\"}]},{\"@type\":\"WebSite\",\"@id\":\"https:\\\/\\\/www.organisator.ch\\\/#website\",\"url\":\"https:\\\/\\\/www.organisator.ch\\\/\",\"name\":\"Organisator\",\"description\":\"Kompetent. Praxisnah. Der ORGANISATOR bereitet in 10 Ausgaben pro Jahr die wesentlichen Themen f\u00fcr F\u00fchrungskr\u00e4fte von KMU auf.\",\"publisher\":{\"@id\":\"https:\\\/\\\/www.organisator.ch\\\/#organization\"},\"potentialAction\":[{\"@type\":\"SearchAction\",\"target\":{\"@type\":\"EntryPoint\",\"urlTemplate\":\"https:\\\/\\\/www.organisator.ch\\\/?s={search_term_string}\"},\"query-input\":{\"@type\":\"PropertyValueSpecification\",\"valueRequired\":true,\"valueName\":\"search_term_string\"}}],\"inLanguage\":\"en-US\"},{\"@type\":\"Organization\",\"@id\":\"https:\\\/\\\/www.organisator.ch\\\/#organization\",\"name\":\"Organisator\",\"url\":\"https:\\\/\\\/www.organisator.ch\\\/\",\"logo\":{\"@type\":\"ImageObject\",\"inLanguage\":\"en-US\",\"@id\":\"https:\\\/\\\/www.organisator.ch\\\/#\\\/schema\\\/logo\\\/image\\\/\",\"url\":\"https:\\\/\\\/www.organisator.ch\\\/wp-content\\\/uploads\\\/2022\\\/01\\\/Logo_Organisator_Website.png\",\"contentUrl\":\"https:\\\/\\\/www.organisator.ch\\\/wp-content\\\/uploads\\\/2022\\\/01\\\/Logo_Organisator_Website.png\",\"width\":800,\"height\":77,\"caption\":\"Organisator\"},\"image\":{\"@id\":\"https:\\\/\\\/www.organisator.ch\\\/#\\\/schema\\\/logo\\\/image\\\/\"},\"sameAs\":[\"https:\\\/\\\/www.facebook.com\\\/OrganisatorFachmagazin\",\"https:\\\/\\\/www.linkedin.com\\\/showcase\\\/organisator-das-magazin-fr-kmu\",\"https:\\\/\\\/www.xing.com\\\/news\\\/pages\\\/organisator-ch-695\",\"https:\\\/\\\/www.youtube.com\\\/channel\\\/UCGP2Sq0iWaZwT3BdIAQFYpw\"]},{\"@type\":\"Person\",\"@id\":\"https:\\\/\\\/www.organisator.ch\\\/#\\\/schema\\\/person\\\/134708ca9321c57b0362cceb7948ffbd\",\"name\":\"michael.merz\",\"image\":{\"@type\":\"ImageObject\",\"inLanguage\":\"en-US\",\"@id\":\"https:\\\/\\\/secure.gravatar.com\\\/avatar\\\/?s=96&d=mm&r=g\",\"url\":\"https:\\\/\\\/secure.gravatar.com\\\/avatar\\\/?s=96&d=mm&r=g\",\"contentUrl\":\"https:\\\/\\\/secure.gravatar.com\\\/avatar\\\/?s=96&d=mm&r=g\",\"caption\":\"michael.merz\"},\"url\":\"https:\\\/\\\/www.organisator.ch\\\/en\\\/author\\\/michael-merz\\\/\"}]}<\/script>\n<!-- \/ Yoast SEO plugin. -->","yoast_head_json":{"title":"Time change: Could permanent winter time save electricity costs? - Organizer","description":"This Sunday is the time changeover to so-called standard time. Does the once fixed winter time bring added value to the Swiss economy?","robots":{"index":"index","follow":"follow","max-snippet":"max-snippet:-1","max-image-preview":"max-image-preview:large","max-video-preview":"max-video-preview:-1"},"canonical":"https:\/\/www.organisator.ch\/en\/general\/2018-02-08\/diesen-sonntag-ist-zeitumstellung-auf-die-so-genannte-normalzeit-allerdings-bringt-die-einst-fixierte-winterzeit-tatsaechlich-der-schweizerischen-volkswirtschaft-einen-mehrwert-welche-energiekosten\/","og_locale":"en_US","og_type":"article","og_title":"Zeitumstellung: K\u00f6nnte eine dauerhafte Winterzeit Stromkosten sparen? - Organisator","og_description":"Diesen Sonntag ist Zeitumstellung auf die so genannte Normalzeit. Bringt die einst fixierte Winterzeit der Schweizerischen Volkswirtschaft einen Mehrwert?","og_url":"https:\/\/www.organisator.ch\/en\/general\/2018-02-08\/diesen-sonntag-ist-zeitumstellung-auf-die-so-genannte-normalzeit-allerdings-bringt-die-einst-fixierte-winterzeit-tatsaechlich-der-schweizerischen-volkswirtschaft-einen-mehrwert-welche-energiekosten\/","og_site_name":"Organisator","article_publisher":"https:\/\/www.facebook.com\/OrganisatorFachmagazin","article_published_time":"2018-02-08T09:07:54+00:00","og_image":[{"width":640,"height":424,"url":"https:\/\/www.organisator.ch\/wp-content\/uploads\/2017\/10\/Zeitumstellung-Koennte-eine-dauerhafte-Sommerzeit-Stromkosten-sparen-up-umweltperspektiven.jpg","type":"image\/jpeg"}],"author":"michael.merz","twitter_card":"summary_large_image","schema":{"@context":"https:\/\/schema.org","@graph":[{"@type":"Article","@id":"https:\/\/www.organisator.ch\/de\/allgemein\/2018-02-08\/diesen-sonntag-ist-zeitumstellung-auf-die-so-genannte-normalzeit-allerdings-bringt-die-einst-fixierte-winterzeit-tatsaechlich-der-schweizerischen-volkswirtschaft-einen-mehrwert-welche-energiekosten\/#article","isPartOf":{"@id":"https:\/\/www.organisator.ch\/de\/allgemein\/2018-02-08\/diesen-sonntag-ist-zeitumstellung-auf-die-so-genannte-normalzeit-allerdings-bringt-die-einst-fixierte-winterzeit-tatsaechlich-der-schweizerischen-volkswirtschaft-einen-mehrwert-welche-energiekosten\/"},"author":{"name":"michael.merz","@id":"https:\/\/www.organisator.ch\/#\/schema\/person\/134708ca9321c57b0362cceb7948ffbd"},"headline":"Zeitumstellung: K\u00f6nnte eine dauerhafte Winterzeit Stromkosten sparen?","datePublished":"2018-02-08T09:07:54+00:00","mainEntityOfPage":{"@id":"https:\/\/www.organisator.ch\/de\/allgemein\/2018-02-08\/diesen-sonntag-ist-zeitumstellung-auf-die-so-genannte-normalzeit-allerdings-bringt-die-einst-fixierte-winterzeit-tatsaechlich-der-schweizerischen-volkswirtschaft-einen-mehrwert-welche-energiekosten\/"},"wordCount":318,"commentCount":0,"publisher":{"@id":"https:\/\/www.organisator.ch\/#organization"},"image":{"@id":"https:\/\/www.organisator.ch\/de\/allgemein\/2018-02-08\/diesen-sonntag-ist-zeitumstellung-auf-die-so-genannte-normalzeit-allerdings-bringt-die-einst-fixierte-winterzeit-tatsaechlich-der-schweizerischen-volkswirtschaft-einen-mehrwert-welche-energiekosten\/#primaryimage"},"thumbnailUrl":"https:\/\/www.organisator.ch\/wp-content\/uploads\/2017\/10\/Zeitumstellung-Koennte-eine-dauerhafte-Sommerzeit-Stromkosten-sparen-up-umweltperspektiven.jpg","keywords":["Energiekosten","Winterzeit","Zeitumstellung"],"articleSection":["Allgemein"],"inLanguage":"en-US"},{"@type":"WebPage","@id":"https:\/\/www.organisator.ch\/de\/allgemein\/2018-02-08\/diesen-sonntag-ist-zeitumstellung-auf-die-so-genannte-normalzeit-allerdings-bringt-die-einst-fixierte-winterzeit-tatsaechlich-der-schweizerischen-volkswirtschaft-einen-mehrwert-welche-energiekosten\/","url":"https:\/\/www.organisator.ch\/de\/allgemein\/2018-02-08\/diesen-sonntag-ist-zeitumstellung-auf-die-so-genannte-normalzeit-allerdings-bringt-die-einst-fixierte-winterzeit-tatsaechlich-der-schweizerischen-volkswirtschaft-einen-mehrwert-welche-energiekosten\/","name":"Time change: Could permanent winter time save electricity costs? - Organizer","isPartOf":{"@id":"https:\/\/www.organisator.ch\/#website"},"primaryImageOfPage":{"@id":"https:\/\/www.organisator.ch\/de\/allgemein\/2018-02-08\/diesen-sonntag-ist-zeitumstellung-auf-die-so-genannte-normalzeit-allerdings-bringt-die-einst-fixierte-winterzeit-tatsaechlich-der-schweizerischen-volkswirtschaft-einen-mehrwert-welche-energiekosten\/#primaryimage"},"image":{"@id":"https:\/\/www.organisator.ch\/de\/allgemein\/2018-02-08\/diesen-sonntag-ist-zeitumstellung-auf-die-so-genannte-normalzeit-allerdings-bringt-die-einst-fixierte-winterzeit-tatsaechlich-der-schweizerischen-volkswirtschaft-einen-mehrwert-welche-energiekosten\/#primaryimage"},"thumbnailUrl":"https:\/\/www.organisator.ch\/wp-content\/uploads\/2017\/10\/Zeitumstellung-Koennte-eine-dauerhafte-Sommerzeit-Stromkosten-sparen-up-umweltperspektiven.jpg","datePublished":"2018-02-08T09:07:54+00:00","description":"This Sunday is the time changeover to so-called standard time. Does the once fixed winter time bring added value to the Swiss economy?","breadcrumb":{"@id":"https:\/\/www.organisator.ch\/de\/allgemein\/2018-02-08\/diesen-sonntag-ist-zeitumstellung-auf-die-so-genannte-normalzeit-allerdings-bringt-die-einst-fixierte-winterzeit-tatsaechlich-der-schweizerischen-volkswirtschaft-einen-mehrwert-welche-energiekosten\/#breadcrumb"},"inLanguage":"en-US","potentialAction":[{"@type":"ReadAction","target":["https:\/\/www.organisator.ch\/de\/allgemein\/2018-02-08\/diesen-sonntag-ist-zeitumstellung-auf-die-so-genannte-normalzeit-allerdings-bringt-die-einst-fixierte-winterzeit-tatsaechlich-der-schweizerischen-volkswirtschaft-einen-mehrwert-welche-energiekosten\/"]}]},{"@type":"ImageObject","inLanguage":"en-US","@id":"https:\/\/www.organisator.ch\/de\/allgemein\/2018-02-08\/diesen-sonntag-ist-zeitumstellung-auf-die-so-genannte-normalzeit-allerdings-bringt-die-einst-fixierte-winterzeit-tatsaechlich-der-schweizerischen-volkswirtschaft-einen-mehrwert-welche-energiekosten\/#primaryimage","url":"https:\/\/www.organisator.ch\/wp-content\/uploads\/2017\/10\/Zeitumstellung-Koennte-eine-dauerhafte-Sommerzeit-Stromkosten-sparen-up-umweltperspektiven.jpg","contentUrl":"https:\/\/www.organisator.ch\/wp-content\/uploads\/2017\/10\/Zeitumstellung-Koennte-eine-dauerhafte-Sommerzeit-Stromkosten-sparen-up-umweltperspektiven.jpg","width":640,"height":424,"caption":"Sommerzeit ist nicht gleich Lokalzeit: Von Ende M\u00e4rz bis Ende Oktober gehen je nach Zeitzone die Uhren in der Schweiz um \u00fcber eine 1 Stunde vor. (Bild: depositphotos)"},{"@type":"BreadcrumbList","@id":"https:\/\/www.organisator.ch\/de\/allgemein\/2018-02-08\/diesen-sonntag-ist-zeitumstellung-auf-die-so-genannte-normalzeit-allerdings-bringt-die-einst-fixierte-winterzeit-tatsaechlich-der-schweizerischen-volkswirtschaft-einen-mehrwert-welche-energiekosten\/#breadcrumb","itemListElement":[{"@type":"ListItem","position":1,"name":"Home","item":"https:\/\/www.organisator.ch\/"},{"@type":"ListItem","position":2,"name":"Zeitumstellung: K\u00f6nnte eine dauerhafte Winterzeit Stromkosten sparen?"}]},{"@type":"WebSite","@id":"https:\/\/www.organisator.ch\/#website","url":"https:\/\/www.organisator.ch\/","name":"Organizer","description":"Competent. Practical. In 10 issues per year, ORGANISATOR presents the essential topics for managers of SMEs.","publisher":{"@id":"https:\/\/www.organisator.ch\/#organization"},"potentialAction":[{"@type":"SearchAction","target":{"@type":"EntryPoint","urlTemplate":"https:\/\/www.organisator.ch\/?s={search_term_string}"},"query-input":{"@type":"PropertyValueSpecification","valueRequired":true,"valueName":"search_term_string"}}],"inLanguage":"en-US"},{"@type":"Organization","@id":"https:\/\/www.organisator.ch\/#organization","name":"Organizer","url":"https:\/\/www.organisator.ch\/","logo":{"@type":"ImageObject","inLanguage":"en-US","@id":"https:\/\/www.organisator.ch\/#\/schema\/logo\/image\/","url":"https:\/\/www.organisator.ch\/wp-content\/uploads\/2022\/01\/Logo_Organisator_Website.png","contentUrl":"https:\/\/www.organisator.ch\/wp-content\/uploads\/2022\/01\/Logo_Organisator_Website.png","width":800,"height":77,"caption":"Organisator"},"image":{"@id":"https:\/\/www.organisator.ch\/#\/schema\/logo\/image\/"},"sameAs":["https:\/\/www.facebook.com\/OrganisatorFachmagazin","https:\/\/www.linkedin.com\/showcase\/organisator-das-magazin-fr-kmu","https:\/\/www.xing.com\/news\/pages\/organisator-ch-695","https:\/\/www.youtube.com\/channel\/UCGP2Sq0iWaZwT3BdIAQFYpw"]},{"@type":"Person","@id":"https:\/\/www.organisator.ch\/#\/schema\/person\/134708ca9321c57b0362cceb7948ffbd","name":"michael.merz","image":{"@type":"ImageObject","inLanguage":"en-US","@id":"https:\/\/secure.gravatar.com\/avatar\/?s=96&d=mm&r=g","url":"https:\/\/secure.gravatar.com\/avatar\/?s=96&d=mm&r=g","contentUrl":"https:\/\/secure.gravatar.com\/avatar\/?s=96&d=mm&r=g","caption":"michael.merz"},"url":"https:\/\/www.organisator.ch\/en\/author\/michael-merz\/"}]}},"_links":{"self":[{"href":"https:\/\/www.organisator.ch\/en\/wp-json\/wp\/v2\/posts\/1316","targetHints":{"allow":["GET"]}}],"collection":[{"href":"https:\/\/www.organisator.ch\/en\/wp-json\/wp\/v2\/posts"}],"about":[{"href":"https:\/\/www.organisator.ch\/en\/wp-json\/wp\/v2\/types\/post"}],"author":[{"embeddable":true,"href":"https:\/\/www.organisator.ch\/en\/wp-json\/wp\/v2\/users\/5"}],"replies":[{"embeddable":true,"href":"https:\/\/www.organisator.ch\/en\/wp-json\/wp\/v2\/comments?post=1316"}],"version-history":[{"count":0,"href":"https:\/\/www.organisator.ch\/en\/wp-json\/wp\/v2\/posts\/1316\/revisions"}],"wp:featuredmedia":[{"embeddable":true,"href":"https:\/\/www.organisator.ch\/en\/wp-json\/wp\/v2\/media\/1317"}],"wp:attachment":[{"href":"https:\/\/www.organisator.ch\/en\/wp-json\/wp\/v2\/media?parent=1316"}],"wp:term":[{"taxonomy":"category","embeddable":true,"href":"https:\/\/www.organisator.ch\/en\/wp-json\/wp\/v2\/categories?post=1316"},{"taxonomy":"post_tag","embeddable":true,"href":"https:\/\/www.organisator.ch\/en\/wp-json\/wp\/v2\/tags?post=1316"}],"curies":[{"name":"wp","href":"https:\/\/api.w.org\/{rel}","templated":true}]}}