{"id":13275,"date":"2022-06-03T08:30:24","date_gmt":"2022-06-03T06:30:24","guid":{"rendered":"https:\/\/www.organisator.ch\/?p=13275"},"modified":"2022-06-03T08:30:24","modified_gmt":"2022-06-03T06:30:24","slug":"topsoft-trade-fair-2022-manageable-anticipation","status":"publish","type":"post","link":"https:\/\/www.organisator.ch\/en\/management\/it\/2022-06-03\/topsoft-fachmesse-2022-spuerbare-vorfreude\/","title":{"rendered":"topsoft trade fair 2022: tangible anticipation"},"content":{"rendered":"<figure id=\"attachment_13276\" aria-describedby=\"caption-attachment-13276\" style=\"width: 680px\" class=\"wp-caption alignnone\"><img loading=\"lazy\" decoding=\"async\" class=\"size-full wp-image-13276\" src=\"https:\/\/www.organisator.ch\/wp-content\/uploads\/2022\/06\/topsoft-Fachmesse-2022-Spuerbare-Vorfreude_Organisator.jpg\" alt=\"\" width=\"680\" height=\"454\" srcset=\"https:\/\/www.organisator.ch\/wp-content\/uploads\/2022\/06\/topsoft-Fachmesse-2022-Spuerbare-Vorfreude_Organisator.jpg 680w, https:\/\/www.organisator.ch\/wp-content\/uploads\/2022\/06\/topsoft-Fachmesse-2022-Spuerbare-Vorfreude_Organisator-18x12.jpg 18w, https:\/\/www.organisator.ch\/wp-content\/uploads\/2022\/06\/topsoft-Fachmesse-2022-Spuerbare-Vorfreude_Organisator-262x175.jpg 262w, https:\/\/www.organisator.ch\/wp-content\/uploads\/2022\/06\/topsoft-Fachmesse-2022-Spuerbare-Vorfreude_Organisator-524x350.jpg 524w, https:\/\/www.organisator.ch\/wp-content\/uploads\/2022\/06\/topsoft-Fachmesse-2022-Spuerbare-Vorfreude_Organisator-300x200.jpg 300w\" sizes=\"auto, (max-width: 680px) 100vw, 680px\" \/><figcaption id=\"caption-attachment-13276\" class=\"wp-caption-text\">Numerous exhibitors from Switzerland and abroad will present a full program at the Umwelt Arena Schweiz in Spreitenbach on June 22\/23, 2022. (Image: topsoft \/ Andrea Jerger)<\/figcaption><\/figure>\n<p>Finally a live event again, finally real conversations again, finally personal networking again. The anticipation among exhibitors and organizers, but also among the audience of the topsoft trade fair 2022 is palpable. Digitization is not only technology, but also people business, says exhibition manager Cyrill Schmid: \"Especially for SME users, getting to know suppliers in person is an important decision criterion when evaluating IT projects. Accordingly, we have received many inquiries from previous exhibitors as to when the next trade fair will take place again. Now the time has finally come again.\"<\/p>\n<h3><strong>Practical examples are in the foreground at the topsoft trade fair 2022<\/strong><\/h3>\n<p>Visitors can expect a lot of new things at the trade show. In the area of ERP systems, for example, a lot has been invested in e-commerce and process automation. Cloud applications are also still on the rise; there is hardly a provider who can escape this trend. However, the special focus of the trade fair is on the numerous showcases, concrete practical examples. From web portals to IoT solutions to implementation concepts, the topsoft trade fair presents a broad showcase of digitalization. For SME users, an ideal opportunity to find out about possibilities and gather ideas, explains Cyrill Schmid.<\/p>\n<h3><strong>Presentations, workshops and lots of practice<\/strong><\/h3>\n<p>The accompanying program of the trade show is also impressive. 16 technical presentations and seven workshops promise an intensive transfer of knowledge. Practical relevance will not be neglected. The speakers will also be available for personal discussions. In addition, CrowdDialog's Unconference is the first bar camp on the topic of digital commerce, where the audience decides who is allowed to speak on which topic. The free events can be booked together with the trade fair ticket, which is also free of charge.<\/p>\n<p><a href=\"https:\/\/www.topsoft.ch\/events\/topsoft-fachmesse-2022\/\"><em>More information<\/em><\/a><\/p>","protected":false},"excerpt":{"rendered":"<p>Endlich wieder ein Live-Event, endlich wieder richtige Gespr\u00e4che, endlich wieder pers\u00f6nliches Networking. Die Vorfreude bei den Ausstellern und Organisatoren, aber auch beim Publikum der\u00a0 topsoft Fachmesse 2022 ist sp\u00fcrbar. Digitalisierung ist nicht nur Technologie, sondern auch People-Business, so Messeleiter Cyrill Schmid: \u00abGerade f\u00fcr KMU-Anwendende ist das pers\u00f6nliche Kennenlernen von Anbietern ein wichtiges Entscheidungskriterium bei der [&hellip;]<\/p>\n","protected":false},"author":4,"featured_media":0,"comment_status":"closed","ping_status":"closed","sticky":false,"template":"","format":"standard","meta":{"_acf_changed":false,"_yoast_wpseo_focuskw":"topsoft Fachmesse 2022","_yoast_wpseo_metadesc":"Zahlreiche Aussteller aus dem In- und Ausland pr\u00e4sentieren am 22.\/23. Juni 2022 an der topsoft Fachmesse 2022 ein volles Programm.","articlekey":"","footnotes":""},"categories":[27],"tags":[193,287,482],"class_list":["post-13275","post","type-post","status-publish","format-standard","hentry","category-it","tag-fachkongressfachmesse","tag-itbusiness-software","tag-topsoft"],"acf":[],"yoast_head":"<!-- This site is optimized with the Yoast SEO plugin v27.5 - https:\/\/yoast.com\/product\/yoast-seo-wordpress\/ -->\n<title>topsoft Fachmesse 2022: Sp\u00fcrbare Vorfreude - Organisator<\/title>\n<meta name=\"description\" content=\"Zahlreiche Aussteller aus dem In- und Ausland pr\u00e4sentieren am 22.\/23. Juni 2022 an der topsoft Fachmesse 2022 ein volles Programm.\" \/>\n<meta name=\"robots\" content=\"index, follow, max-snippet:-1, max-image-preview:large, max-video-preview:-1\" \/>\n<link rel=\"canonical\" href=\"https:\/\/www.organisator.ch\/en\/management\/it\/2022-06-03\/topsoft-trade-fair-2022-manageable-anticipation\/\" \/>\n<meta property=\"og:locale\" content=\"en_US\" \/>\n<meta property=\"og:type\" content=\"article\" \/>\n<meta property=\"og:title\" content=\"topsoft Fachmesse 2022: Sp\u00fcrbare Vorfreude - Organisator\" \/>\n<meta property=\"og:description\" content=\"Zahlreiche Aussteller aus dem In- und Ausland pr\u00e4sentieren am 22.\/23. Juni 2022 an der topsoft Fachmesse 2022 ein volles Programm.\" \/>\n<meta property=\"og:url\" content=\"https:\/\/www.organisator.ch\/en\/management\/it\/2022-06-03\/topsoft-trade-fair-2022-manageable-anticipation\/\" \/>\n<meta property=\"og:site_name\" content=\"Organisator\" \/>\n<meta property=\"article:publisher\" content=\"https:\/\/www.facebook.com\/OrganisatorFachmagazin\" \/>\n<meta property=\"article:published_time\" content=\"2022-06-03T06:30:24+00:00\" \/>\n<meta property=\"og:image\" content=\"https:\/\/www.organisator.ch\/wp-content\/uploads\/2022\/06\/topsoft-Fachmesse-2022-Spuerbare-Vorfreude_Organisator.jpg\" \/>\n<meta name=\"author\" content=\"thomas.berner\" \/>\n<meta name=\"twitter:card\" content=\"summary_large_image\" \/>\n<script type=\"application\/ld+json\" class=\"yoast-schema-graph\">{\"@context\":\"https:\\\/\\\/schema.org\",\"@graph\":[{\"@type\":\"Article\",\"@id\":\"https:\\\/\\\/www.organisator.ch\\\/management\\\/it\\\/2022-06-03\\\/topsoft-fachmesse-2022-spuerbare-vorfreude\\\/#article\",\"isPartOf\":{\"@id\":\"https:\\\/\\\/www.organisator.ch\\\/management\\\/it\\\/2022-06-03\\\/topsoft-fachmesse-2022-spuerbare-vorfreude\\\/\"},\"author\":{\"name\":\"thomas.berner\",\"@id\":\"https:\\\/\\\/www.organisator.ch\\\/#\\\/schema\\\/person\\\/6f650f90b2842cd4c0cc334b4e36f67e\"},\"headline\":\"topsoft Fachmesse 2022: Sp\u00fcrbare Vorfreude\",\"datePublished\":\"2022-06-03T06:30:24+00:00\",\"mainEntityOfPage\":{\"@id\":\"https:\\\/\\\/www.organisator.ch\\\/management\\\/it\\\/2022-06-03\\\/topsoft-fachmesse-2022-spuerbare-vorfreude\\\/\"},\"wordCount\":306,\"publisher\":{\"@id\":\"https:\\\/\\\/www.organisator.ch\\\/#organization\"},\"image\":{\"@id\":\"https:\\\/\\\/www.organisator.ch\\\/management\\\/it\\\/2022-06-03\\\/topsoft-fachmesse-2022-spuerbare-vorfreude\\\/#primaryimage\"},\"thumbnailUrl\":\"https:\\\/\\\/www.organisator.ch\\\/wp-content\\\/uploads\\\/2022\\\/06\\\/topsoft-Fachmesse-2022-Spuerbare-Vorfreude_Organisator.jpg\",\"keywords\":[\"Fachkongress\\\/Fachmesse\",\"IT\u2009&amp;\u2009Business Software\",\"topsoft\"],\"articleSection\":[\"IT\"],\"inLanguage\":\"en-US\"},{\"@type\":\"WebPage\",\"@id\":\"https:\\\/\\\/www.organisator.ch\\\/management\\\/it\\\/2022-06-03\\\/topsoft-fachmesse-2022-spuerbare-vorfreude\\\/\",\"url\":\"https:\\\/\\\/www.organisator.ch\\\/management\\\/it\\\/2022-06-03\\\/topsoft-fachmesse-2022-spuerbare-vorfreude\\\/\",\"name\":\"topsoft Fachmesse 2022: Sp\u00fcrbare Vorfreude - Organisator\",\"isPartOf\":{\"@id\":\"https:\\\/\\\/www.organisator.ch\\\/#website\"},\"primaryImageOfPage\":{\"@id\":\"https:\\\/\\\/www.organisator.ch\\\/management\\\/it\\\/2022-06-03\\\/topsoft-fachmesse-2022-spuerbare-vorfreude\\\/#primaryimage\"},\"image\":{\"@id\":\"https:\\\/\\\/www.organisator.ch\\\/management\\\/it\\\/2022-06-03\\\/topsoft-fachmesse-2022-spuerbare-vorfreude\\\/#primaryimage\"},\"thumbnailUrl\":\"https:\\\/\\\/www.organisator.ch\\\/wp-content\\\/uploads\\\/2022\\\/06\\\/topsoft-Fachmesse-2022-Spuerbare-Vorfreude_Organisator.jpg\",\"datePublished\":\"2022-06-03T06:30:24+00:00\",\"description\":\"Zahlreiche Aussteller aus dem In- und Ausland pr\u00e4sentieren am 22.\\\/23. Juni 2022 an der topsoft Fachmesse 2022 ein volles Programm.\",\"breadcrumb\":{\"@id\":\"https:\\\/\\\/www.organisator.ch\\\/management\\\/it\\\/2022-06-03\\\/topsoft-fachmesse-2022-spuerbare-vorfreude\\\/#breadcrumb\"},\"inLanguage\":\"en-US\",\"potentialAction\":[{\"@type\":\"ReadAction\",\"target\":[\"https:\\\/\\\/www.organisator.ch\\\/management\\\/it\\\/2022-06-03\\\/topsoft-fachmesse-2022-spuerbare-vorfreude\\\/\"]}]},{\"@type\":\"ImageObject\",\"inLanguage\":\"en-US\",\"@id\":\"https:\\\/\\\/www.organisator.ch\\\/management\\\/it\\\/2022-06-03\\\/topsoft-fachmesse-2022-spuerbare-vorfreude\\\/#primaryimage\",\"url\":\"https:\\\/\\\/www.organisator.ch\\\/wp-content\\\/uploads\\\/2022\\\/06\\\/topsoft-Fachmesse-2022-Spuerbare-Vorfreude_Organisator.jpg\",\"contentUrl\":\"https:\\\/\\\/www.organisator.ch\\\/wp-content\\\/uploads\\\/2022\\\/06\\\/topsoft-Fachmesse-2022-Spuerbare-Vorfreude_Organisator.jpg\"},{\"@type\":\"BreadcrumbList\",\"@id\":\"https:\\\/\\\/www.organisator.ch\\\/management\\\/it\\\/2022-06-03\\\/topsoft-fachmesse-2022-spuerbare-vorfreude\\\/#breadcrumb\",\"itemListElement\":[{\"@type\":\"ListItem\",\"position\":1,\"name\":\"Home\",\"item\":\"https:\\\/\\\/www.organisator.ch\\\/\"},{\"@type\":\"ListItem\",\"position\":2,\"name\":\"topsoft Fachmesse 2022: Sp\u00fcrbare Vorfreude\"}]},{\"@type\":\"WebSite\",\"@id\":\"https:\\\/\\\/www.organisator.ch\\\/#website\",\"url\":\"https:\\\/\\\/www.organisator.ch\\\/\",\"name\":\"Organisator\",\"description\":\"Kompetent. Praxisnah. Der ORGANISATOR bereitet in 10 Ausgaben pro Jahr die wesentlichen Themen f\u00fcr F\u00fchrungskr\u00e4fte von KMU auf.\",\"publisher\":{\"@id\":\"https:\\\/\\\/www.organisator.ch\\\/#organization\"},\"potentialAction\":[{\"@type\":\"SearchAction\",\"target\":{\"@type\":\"EntryPoint\",\"urlTemplate\":\"https:\\\/\\\/www.organisator.ch\\\/?s={search_term_string}\"},\"query-input\":{\"@type\":\"PropertyValueSpecification\",\"valueRequired\":true,\"valueName\":\"search_term_string\"}}],\"inLanguage\":\"en-US\"},{\"@type\":\"Organization\",\"@id\":\"https:\\\/\\\/www.organisator.ch\\\/#organization\",\"name\":\"Organisator\",\"url\":\"https:\\\/\\\/www.organisator.ch\\\/\",\"logo\":{\"@type\":\"ImageObject\",\"inLanguage\":\"en-US\",\"@id\":\"https:\\\/\\\/www.organisator.ch\\\/#\\\/schema\\\/logo\\\/image\\\/\",\"url\":\"https:\\\/\\\/www.organisator.ch\\\/wp-content\\\/uploads\\\/2022\\\/01\\\/Logo_Organisator_Website.png\",\"contentUrl\":\"https:\\\/\\\/www.organisator.ch\\\/wp-content\\\/uploads\\\/2022\\\/01\\\/Logo_Organisator_Website.png\",\"width\":800,\"height\":77,\"caption\":\"Organisator\"},\"image\":{\"@id\":\"https:\\\/\\\/www.organisator.ch\\\/#\\\/schema\\\/logo\\\/image\\\/\"},\"sameAs\":[\"https:\\\/\\\/www.facebook.com\\\/OrganisatorFachmagazin\",\"https:\\\/\\\/www.linkedin.com\\\/showcase\\\/organisator-das-magazin-fr-kmu\",\"https:\\\/\\\/www.xing.com\\\/news\\\/pages\\\/organisator-ch-695\",\"https:\\\/\\\/www.youtube.com\\\/channel\\\/UCGP2Sq0iWaZwT3BdIAQFYpw\"]},{\"@type\":\"Person\",\"@id\":\"https:\\\/\\\/www.organisator.ch\\\/#\\\/schema\\\/person\\\/6f650f90b2842cd4c0cc334b4e36f67e\",\"name\":\"thomas.berner\",\"image\":{\"@type\":\"ImageObject\",\"inLanguage\":\"en-US\",\"@id\":\"https:\\\/\\\/secure.gravatar.com\\\/avatar\\\/ac5001d2a36cb6c6cd3e50789007ffca834b477b74a2144564522e944eabff61?s=96&d=mm&r=g\",\"url\":\"https:\\\/\\\/secure.gravatar.com\\\/avatar\\\/ac5001d2a36cb6c6cd3e50789007ffca834b477b74a2144564522e944eabff61?s=96&d=mm&r=g\",\"contentUrl\":\"https:\\\/\\\/secure.gravatar.com\\\/avatar\\\/ac5001d2a36cb6c6cd3e50789007ffca834b477b74a2144564522e944eabff61?s=96&d=mm&r=g\",\"caption\":\"thomas.berner\"},\"url\":\"https:\\\/\\\/www.organisator.ch\\\/en\\\/author\\\/thomas-berner\\\/\"}]}<\/script>\n<!-- \/ Yoast SEO plugin. -->","yoast_head_json":{"title":"topsoft trade fair 2022: tangible anticipation - organizer","description":"Numerous exhibitors from Switzerland and abroad will present a full program at the topsoft trade fair 2022 on June 22-23.","robots":{"index":"index","follow":"follow","max-snippet":"max-snippet:-1","max-image-preview":"max-image-preview:large","max-video-preview":"max-video-preview:-1"},"canonical":"https:\/\/www.organisator.ch\/en\/management\/it\/2022-06-03\/topsoft-trade-fair-2022-manageable-anticipation\/","og_locale":"en_US","og_type":"article","og_title":"topsoft Fachmesse 2022: Sp\u00fcrbare Vorfreude - Organisator","og_description":"Zahlreiche Aussteller aus dem In- und Ausland pr\u00e4sentieren am 22.\/23. Juni 2022 an der topsoft Fachmesse 2022 ein volles Programm.","og_url":"https:\/\/www.organisator.ch\/en\/management\/it\/2022-06-03\/topsoft-trade-fair-2022-manageable-anticipation\/","og_site_name":"Organisator","article_publisher":"https:\/\/www.facebook.com\/OrganisatorFachmagazin","article_published_time":"2022-06-03T06:30:24+00:00","og_image":[{"url":"https:\/\/www.organisator.ch\/wp-content\/uploads\/2022\/06\/topsoft-Fachmesse-2022-Spuerbare-Vorfreude_Organisator.jpg","type":"","width":"","height":""}],"author":"thomas.berner","twitter_card":"summary_large_image","schema":{"@context":"https:\/\/schema.org","@graph":[{"@type":"Article","@id":"https:\/\/www.organisator.ch\/management\/it\/2022-06-03\/topsoft-fachmesse-2022-spuerbare-vorfreude\/#article","isPartOf":{"@id":"https:\/\/www.organisator.ch\/management\/it\/2022-06-03\/topsoft-fachmesse-2022-spuerbare-vorfreude\/"},"author":{"name":"thomas.berner","@id":"https:\/\/www.organisator.ch\/#\/schema\/person\/6f650f90b2842cd4c0cc334b4e36f67e"},"headline":"topsoft Fachmesse 2022: Sp\u00fcrbare Vorfreude","datePublished":"2022-06-03T06:30:24+00:00","mainEntityOfPage":{"@id":"https:\/\/www.organisator.ch\/management\/it\/2022-06-03\/topsoft-fachmesse-2022-spuerbare-vorfreude\/"},"wordCount":306,"publisher":{"@id":"https:\/\/www.organisator.ch\/#organization"},"image":{"@id":"https:\/\/www.organisator.ch\/management\/it\/2022-06-03\/topsoft-fachmesse-2022-spuerbare-vorfreude\/#primaryimage"},"thumbnailUrl":"https:\/\/www.organisator.ch\/wp-content\/uploads\/2022\/06\/topsoft-Fachmesse-2022-Spuerbare-Vorfreude_Organisator.jpg","keywords":["Fachkongress\/Fachmesse","IT\u2009&amp;\u2009Business Software","topsoft"],"articleSection":["IT"],"inLanguage":"en-US"},{"@type":"WebPage","@id":"https:\/\/www.organisator.ch\/management\/it\/2022-06-03\/topsoft-fachmesse-2022-spuerbare-vorfreude\/","url":"https:\/\/www.organisator.ch\/management\/it\/2022-06-03\/topsoft-fachmesse-2022-spuerbare-vorfreude\/","name":"topsoft trade fair 2022: tangible anticipation - organizer","isPartOf":{"@id":"https:\/\/www.organisator.ch\/#website"},"primaryImageOfPage":{"@id":"https:\/\/www.organisator.ch\/management\/it\/2022-06-03\/topsoft-fachmesse-2022-spuerbare-vorfreude\/#primaryimage"},"image":{"@id":"https:\/\/www.organisator.ch\/management\/it\/2022-06-03\/topsoft-fachmesse-2022-spuerbare-vorfreude\/#primaryimage"},"thumbnailUrl":"https:\/\/www.organisator.ch\/wp-content\/uploads\/2022\/06\/topsoft-Fachmesse-2022-Spuerbare-Vorfreude_Organisator.jpg","datePublished":"2022-06-03T06:30:24+00:00","description":"Numerous exhibitors from Switzerland and abroad will present a full program at the topsoft trade fair 2022 on June 22-23.","breadcrumb":{"@id":"https:\/\/www.organisator.ch\/management\/it\/2022-06-03\/topsoft-fachmesse-2022-spuerbare-vorfreude\/#breadcrumb"},"inLanguage":"en-US","potentialAction":[{"@type":"ReadAction","target":["https:\/\/www.organisator.ch\/management\/it\/2022-06-03\/topsoft-fachmesse-2022-spuerbare-vorfreude\/"]}]},{"@type":"ImageObject","inLanguage":"en-US","@id":"https:\/\/www.organisator.ch\/management\/it\/2022-06-03\/topsoft-fachmesse-2022-spuerbare-vorfreude\/#primaryimage","url":"https:\/\/www.organisator.ch\/wp-content\/uploads\/2022\/06\/topsoft-Fachmesse-2022-Spuerbare-Vorfreude_Organisator.jpg","contentUrl":"https:\/\/www.organisator.ch\/wp-content\/uploads\/2022\/06\/topsoft-Fachmesse-2022-Spuerbare-Vorfreude_Organisator.jpg"},{"@type":"BreadcrumbList","@id":"https:\/\/www.organisator.ch\/management\/it\/2022-06-03\/topsoft-fachmesse-2022-spuerbare-vorfreude\/#breadcrumb","itemListElement":[{"@type":"ListItem","position":1,"name":"Home","item":"https:\/\/www.organisator.ch\/"},{"@type":"ListItem","position":2,"name":"topsoft Fachmesse 2022: Sp\u00fcrbare Vorfreude"}]},{"@type":"WebSite","@id":"https:\/\/www.organisator.ch\/#website","url":"https:\/\/www.organisator.ch\/","name":"Organizer","description":"Competent. Practical. In 10 issues per year, ORGANISATOR presents the essential topics for managers of SMEs.","publisher":{"@id":"https:\/\/www.organisator.ch\/#organization"},"potentialAction":[{"@type":"SearchAction","target":{"@type":"EntryPoint","urlTemplate":"https:\/\/www.organisator.ch\/?s={search_term_string}"},"query-input":{"@type":"PropertyValueSpecification","valueRequired":true,"valueName":"search_term_string"}}],"inLanguage":"en-US"},{"@type":"Organization","@id":"https:\/\/www.organisator.ch\/#organization","name":"Organizer","url":"https:\/\/www.organisator.ch\/","logo":{"@type":"ImageObject","inLanguage":"en-US","@id":"https:\/\/www.organisator.ch\/#\/schema\/logo\/image\/","url":"https:\/\/www.organisator.ch\/wp-content\/uploads\/2022\/01\/Logo_Organisator_Website.png","contentUrl":"https:\/\/www.organisator.ch\/wp-content\/uploads\/2022\/01\/Logo_Organisator_Website.png","width":800,"height":77,"caption":"Organisator"},"image":{"@id":"https:\/\/www.organisator.ch\/#\/schema\/logo\/image\/"},"sameAs":["https:\/\/www.facebook.com\/OrganisatorFachmagazin","https:\/\/www.linkedin.com\/showcase\/organisator-das-magazin-fr-kmu","https:\/\/www.xing.com\/news\/pages\/organisator-ch-695","https:\/\/www.youtube.com\/channel\/UCGP2Sq0iWaZwT3BdIAQFYpw"]},{"@type":"Person","@id":"https:\/\/www.organisator.ch\/#\/schema\/person\/6f650f90b2842cd4c0cc334b4e36f67e","name":"thomas.berner","image":{"@type":"ImageObject","inLanguage":"en-US","@id":"https:\/\/secure.gravatar.com\/avatar\/ac5001d2a36cb6c6cd3e50789007ffca834b477b74a2144564522e944eabff61?s=96&d=mm&r=g","url":"https:\/\/secure.gravatar.com\/avatar\/ac5001d2a36cb6c6cd3e50789007ffca834b477b74a2144564522e944eabff61?s=96&d=mm&r=g","contentUrl":"https:\/\/secure.gravatar.com\/avatar\/ac5001d2a36cb6c6cd3e50789007ffca834b477b74a2144564522e944eabff61?s=96&d=mm&r=g","caption":"thomas.berner"},"url":"https:\/\/www.organisator.ch\/en\/author\/thomas-berner\/"}]}},"_links":{"self":[{"href":"https:\/\/www.organisator.ch\/en\/wp-json\/wp\/v2\/posts\/13275","targetHints":{"allow":["GET"]}}],"collection":[{"href":"https:\/\/www.organisator.ch\/en\/wp-json\/wp\/v2\/posts"}],"about":[{"href":"https:\/\/www.organisator.ch\/en\/wp-json\/wp\/v2\/types\/post"}],"author":[{"embeddable":true,"href":"https:\/\/www.organisator.ch\/en\/wp-json\/wp\/v2\/users\/4"}],"replies":[{"embeddable":true,"href":"https:\/\/www.organisator.ch\/en\/wp-json\/wp\/v2\/comments?post=13275"}],"version-history":[{"count":1,"href":"https:\/\/www.organisator.ch\/en\/wp-json\/wp\/v2\/posts\/13275\/revisions"}],"predecessor-version":[{"id":13277,"href":"https:\/\/www.organisator.ch\/en\/wp-json\/wp\/v2\/posts\/13275\/revisions\/13277"}],"wp:attachment":[{"href":"https:\/\/www.organisator.ch\/en\/wp-json\/wp\/v2\/media?parent=13275"}],"wp:term":[{"taxonomy":"category","embeddable":true,"href":"https:\/\/www.organisator.ch\/en\/wp-json\/wp\/v2\/categories?post=13275"},{"taxonomy":"post_tag","embeddable":true,"href":"https:\/\/www.organisator.ch\/en\/wp-json\/wp\/v2\/tags?post=13275"}],"curies":[{"name":"wp","href":"https:\/\/api.w.org\/{rel}","templated":true}]}}