{"id":13345,"date":"2022-06-08T14:40:07","date_gmt":"2022-06-08T12:40:07","guid":{"rendered":"https:\/\/www.organisator.ch\/?p=13345"},"modified":"2022-06-08T11:44:54","modified_gmt":"2022-06-08T09:44:54","slug":"pension-fund-quo-vadis-performance","status":"publish","type":"post","link":"https:\/\/www.organisator.ch\/en\/abo\/2022-06-08\/pensionskassen-quo-vadis-performance\/","title":{"rendered":"Pension funds: Quo vadis Performance?"},"content":{"rendered":"<div class=\"swpm-post-not-logged-in-msg\">You need to be logged in to view this content. Please <a class=\"swpm-login-link\" href=\"https:\/\/www.organisator.ch\/login\/\">Log In<\/a>. Not a Member? <a href=\"https:\/\/www.organisator.ch\/shop\/\">Join Us<\/a><\/div>","protected":false},"excerpt":{"rendered":"<p>You need to be logged in to view this content. Please Log In. Not a Member? Join Us<\/p>","protected":false},"author":1,"featured_media":13913,"comment_status":"closed","ping_status":"closed","sticky":false,"template":"","format":"standard","meta":{"_acf_changed":false,"_yoast_wpseo_focuskw":"Performance","_yoast_wpseo_metadesc":"Die B\u00f6rsen waren positiv gestimmt, und auch der Realwirtschaft lief es trotz Pandemie gut - gut f\u00fcr die Performance der Pensionskassen.","articlekey":"","footnotes":""},"categories":[578,28],"tags":[2910,2921,202,377],"class_list":["post-13345","post","type-post","status-publish","format-standard","has-post-thumbnail","hentry","category-abo","category-management","tag-ausgabe-5-6-2022","tag-berufliche-vorsorge","tag-finanzenrecht","tag-pensionskassen"],"acf":[],"yoast_head":"<!-- This site is optimized with the Yoast SEO plugin v27.5 - https:\/\/yoast.com\/product\/yoast-seo-wordpress\/ -->\n<title>Pensionskassen: Quo vadis Performance? - Organisator<\/title>\n<meta name=\"description\" content=\"Die B\u00f6rsen waren positiv gestimmt, und auch der Realwirtschaft lief es trotz Pandemie gut - gut f\u00fcr die Performance der Pensionskassen.\" \/>\n<meta name=\"robots\" content=\"index, follow, max-snippet:-1, max-image-preview:large, max-video-preview:-1\" \/>\n<link rel=\"canonical\" href=\"https:\/\/www.organisator.ch\/en\/management\/2022-06-08\/pension-fund-quo-vadis-performance\/\" \/>\n<meta property=\"og:locale\" content=\"en_US\" \/>\n<meta property=\"og:type\" content=\"article\" \/>\n<meta property=\"og:title\" content=\"Pensionskassen: Quo vadis Performance? - Organisator\" \/>\n<meta property=\"og:description\" content=\"Die B\u00f6rsen waren positiv gestimmt, und auch der Realwirtschaft lief es trotz Pandemie gut - gut f\u00fcr die Performance der Pensionskassen.\" \/>\n<meta property=\"og:url\" content=\"https:\/\/www.organisator.ch\/en\/management\/2022-06-08\/pension-fund-quo-vadis-performance\/\" \/>\n<meta property=\"og:site_name\" content=\"Organisator\" \/>\n<meta property=\"article:publisher\" content=\"https:\/\/www.facebook.com\/OrganisatorFachmagazin\" \/>\n<meta property=\"article:published_time\" content=\"2022-06-08T12:40:07+00:00\" \/>\n<meta property=\"og:image\" content=\"https:\/\/www.organisator.ch\/wp-content\/uploads\/2022\/06\/Pensionskassen-Quo-vadis-Performance_Organisator.jpg\" \/>\n\t<meta property=\"og:image:width\" content=\"680\" \/>\n\t<meta property=\"og:image:height\" content=\"929\" \/>\n\t<meta property=\"og:image:type\" content=\"image\/jpeg\" \/>\n<meta name=\"author\" content=\"admin\" \/>\n<meta name=\"twitter:card\" content=\"summary_large_image\" \/>\n<script type=\"application\/ld+json\" class=\"yoast-schema-graph\">{\"@context\":\"https:\\\/\\\/schema.org\",\"@graph\":[{\"@type\":\"Article\",\"@id\":\"https:\\\/\\\/www.organisator.ch\\\/management\\\/2022-06-08\\\/pensionskassen-quo-vadis-performance\\\/#article\",\"isPartOf\":{\"@id\":\"https:\\\/\\\/www.organisator.ch\\\/management\\\/2022-06-08\\\/pensionskassen-quo-vadis-performance\\\/\"},\"author\":{\"name\":\"admin\",\"@id\":\"https:\\\/\\\/www.organisator.ch\\\/#\\\/schema\\\/person\\\/aa2bace6c5c5aad60102004a50c4eb1c\"},\"headline\":\"Pensionskassen: Quo vadis Performance?\",\"datePublished\":\"2022-06-08T12:40:07+00:00\",\"mainEntityOfPage\":{\"@id\":\"https:\\\/\\\/www.organisator.ch\\\/management\\\/2022-06-08\\\/pensionskassen-quo-vadis-performance\\\/\"},\"wordCount\":1319,\"publisher\":{\"@id\":\"https:\\\/\\\/www.organisator.ch\\\/#organization\"},\"image\":{\"@id\":\"https:\\\/\\\/www.organisator.ch\\\/management\\\/2022-06-08\\\/pensionskassen-quo-vadis-performance\\\/#primaryimage\"},\"thumbnailUrl\":\"https:\\\/\\\/www.organisator.ch\\\/wp-content\\\/uploads\\\/2022\\\/06\\\/Pensionskassen-Quo-vadis-Performance_Organisator.jpg\",\"keywords\":[\"Ausgabe 5-6\\\/2022\",\"Berufliche Vorsorge\",\"Finanzen\\\/Recht\",\"Pensionskassen\"],\"articleSection\":[\"ABO+\",\"MANAGEMENT\"],\"inLanguage\":\"en-US\"},{\"@type\":\"WebPage\",\"@id\":\"https:\\\/\\\/www.organisator.ch\\\/management\\\/2022-06-08\\\/pensionskassen-quo-vadis-performance\\\/\",\"url\":\"https:\\\/\\\/www.organisator.ch\\\/management\\\/2022-06-08\\\/pensionskassen-quo-vadis-performance\\\/\",\"name\":\"Pensionskassen: Quo vadis Performance? - Organisator\",\"isPartOf\":{\"@id\":\"https:\\\/\\\/www.organisator.ch\\\/#website\"},\"primaryImageOfPage\":{\"@id\":\"https:\\\/\\\/www.organisator.ch\\\/management\\\/2022-06-08\\\/pensionskassen-quo-vadis-performance\\\/#primaryimage\"},\"image\":{\"@id\":\"https:\\\/\\\/www.organisator.ch\\\/management\\\/2022-06-08\\\/pensionskassen-quo-vadis-performance\\\/#primaryimage\"},\"thumbnailUrl\":\"https:\\\/\\\/www.organisator.ch\\\/wp-content\\\/uploads\\\/2022\\\/06\\\/Pensionskassen-Quo-vadis-Performance_Organisator.jpg\",\"datePublished\":\"2022-06-08T12:40:07+00:00\",\"description\":\"Die B\u00f6rsen waren positiv gestimmt, und auch der Realwirtschaft lief es trotz Pandemie gut - gut f\u00fcr die Performance der Pensionskassen.\",\"breadcrumb\":{\"@id\":\"https:\\\/\\\/www.organisator.ch\\\/management\\\/2022-06-08\\\/pensionskassen-quo-vadis-performance\\\/#breadcrumb\"},\"inLanguage\":\"en-US\",\"potentialAction\":[{\"@type\":\"ReadAction\",\"target\":[\"https:\\\/\\\/www.organisator.ch\\\/management\\\/2022-06-08\\\/pensionskassen-quo-vadis-performance\\\/\"]}]},{\"@type\":\"ImageObject\",\"inLanguage\":\"en-US\",\"@id\":\"https:\\\/\\\/www.organisator.ch\\\/management\\\/2022-06-08\\\/pensionskassen-quo-vadis-performance\\\/#primaryimage\",\"url\":\"https:\\\/\\\/www.organisator.ch\\\/wp-content\\\/uploads\\\/2022\\\/06\\\/Pensionskassen-Quo-vadis-Performance_Organisator.jpg\",\"contentUrl\":\"https:\\\/\\\/www.organisator.ch\\\/wp-content\\\/uploads\\\/2022\\\/06\\\/Pensionskassen-Quo-vadis-Performance_Organisator.jpg\",\"width\":680,\"height\":929},{\"@type\":\"BreadcrumbList\",\"@id\":\"https:\\\/\\\/www.organisator.ch\\\/management\\\/2022-06-08\\\/pensionskassen-quo-vadis-performance\\\/#breadcrumb\",\"itemListElement\":[{\"@type\":\"ListItem\",\"position\":1,\"name\":\"Home\",\"item\":\"https:\\\/\\\/www.organisator.ch\\\/\"},{\"@type\":\"ListItem\",\"position\":2,\"name\":\"Pensionskassen: Quo vadis Performance?\"}]},{\"@type\":\"WebSite\",\"@id\":\"https:\\\/\\\/www.organisator.ch\\\/#website\",\"url\":\"https:\\\/\\\/www.organisator.ch\\\/\",\"name\":\"Organisator\",\"description\":\"Kompetent. Praxisnah. Der ORGANISATOR bereitet in 10 Ausgaben pro Jahr die wesentlichen Themen f\u00fcr F\u00fchrungskr\u00e4fte von KMU auf.\",\"publisher\":{\"@id\":\"https:\\\/\\\/www.organisator.ch\\\/#organization\"},\"potentialAction\":[{\"@type\":\"SearchAction\",\"target\":{\"@type\":\"EntryPoint\",\"urlTemplate\":\"https:\\\/\\\/www.organisator.ch\\\/?s={search_term_string}\"},\"query-input\":{\"@type\":\"PropertyValueSpecification\",\"valueRequired\":true,\"valueName\":\"search_term_string\"}}],\"inLanguage\":\"en-US\"},{\"@type\":\"Organization\",\"@id\":\"https:\\\/\\\/www.organisator.ch\\\/#organization\",\"name\":\"Organisator\",\"url\":\"https:\\\/\\\/www.organisator.ch\\\/\",\"logo\":{\"@type\":\"ImageObject\",\"inLanguage\":\"en-US\",\"@id\":\"https:\\\/\\\/www.organisator.ch\\\/#\\\/schema\\\/logo\\\/image\\\/\",\"url\":\"https:\\\/\\\/www.organisator.ch\\\/wp-content\\\/uploads\\\/2022\\\/01\\\/Logo_Organisator_Website.png\",\"contentUrl\":\"https:\\\/\\\/www.organisator.ch\\\/wp-content\\\/uploads\\\/2022\\\/01\\\/Logo_Organisator_Website.png\",\"width\":800,\"height\":77,\"caption\":\"Organisator\"},\"image\":{\"@id\":\"https:\\\/\\\/www.organisator.ch\\\/#\\\/schema\\\/logo\\\/image\\\/\"},\"sameAs\":[\"https:\\\/\\\/www.facebook.com\\\/OrganisatorFachmagazin\",\"https:\\\/\\\/www.linkedin.com\\\/showcase\\\/organisator-das-magazin-fr-kmu\",\"https:\\\/\\\/www.xing.com\\\/news\\\/pages\\\/organisator-ch-695\",\"https:\\\/\\\/www.youtube.com\\\/channel\\\/UCGP2Sq0iWaZwT3BdIAQFYpw\"]},{\"@type\":\"Person\",\"@id\":\"https:\\\/\\\/www.organisator.ch\\\/#\\\/schema\\\/person\\\/aa2bace6c5c5aad60102004a50c4eb1c\",\"name\":\"admin\",\"image\":{\"@type\":\"ImageObject\",\"inLanguage\":\"en-US\",\"@id\":\"https:\\\/\\\/secure.gravatar.com\\\/avatar\\\/ae2f4d718e6c49043e314ce431e7e645d646302a24a5ef5a8bc8e3f5a032e319?s=96&d=mm&r=g\",\"url\":\"https:\\\/\\\/secure.gravatar.com\\\/avatar\\\/ae2f4d718e6c49043e314ce431e7e645d646302a24a5ef5a8bc8e3f5a032e319?s=96&d=mm&r=g\",\"contentUrl\":\"https:\\\/\\\/secure.gravatar.com\\\/avatar\\\/ae2f4d718e6c49043e314ce431e7e645d646302a24a5ef5a8bc8e3f5a032e319?s=96&d=mm&r=g\",\"caption\":\"admin\"},\"sameAs\":[\"https:\\\/\\\/www.organisator.ch\"],\"url\":\"https:\\\/\\\/www.organisator.ch\\\/en\\\/author\\\/admin\\\/\"}]}<\/script>\n<!-- \/ Yoast SEO plugin. -->","yoast_head_json":{"title":"Pension funds: Quo vadis performance? - Organizer","description":"The stock markets were in a positive mood, and the real economy was also doing well despite the pandemic - good for the performance of pension funds.","robots":{"index":"index","follow":"follow","max-snippet":"max-snippet:-1","max-image-preview":"max-image-preview:large","max-video-preview":"max-video-preview:-1"},"canonical":"https:\/\/www.organisator.ch\/en\/management\/2022-06-08\/pension-fund-quo-vadis-performance\/","og_locale":"en_US","og_type":"article","og_title":"Pensionskassen: Quo vadis Performance? - Organisator","og_description":"Die B\u00f6rsen waren positiv gestimmt, und auch der Realwirtschaft lief es trotz Pandemie gut - gut f\u00fcr die Performance der Pensionskassen.","og_url":"https:\/\/www.organisator.ch\/en\/management\/2022-06-08\/pension-fund-quo-vadis-performance\/","og_site_name":"Organisator","article_publisher":"https:\/\/www.facebook.com\/OrganisatorFachmagazin","article_published_time":"2022-06-08T12:40:07+00:00","og_image":[{"width":680,"height":929,"url":"https:\/\/www.organisator.ch\/wp-content\/uploads\/2022\/06\/Pensionskassen-Quo-vadis-Performance_Organisator.jpg","type":"image\/jpeg"}],"author":"admin","twitter_card":"summary_large_image","schema":{"@context":"https:\/\/schema.org","@graph":[{"@type":"Article","@id":"https:\/\/www.organisator.ch\/management\/2022-06-08\/pensionskassen-quo-vadis-performance\/#article","isPartOf":{"@id":"https:\/\/www.organisator.ch\/management\/2022-06-08\/pensionskassen-quo-vadis-performance\/"},"author":{"name":"admin","@id":"https:\/\/www.organisator.ch\/#\/schema\/person\/aa2bace6c5c5aad60102004a50c4eb1c"},"headline":"Pensionskassen: Quo vadis Performance?","datePublished":"2022-06-08T12:40:07+00:00","mainEntityOfPage":{"@id":"https:\/\/www.organisator.ch\/management\/2022-06-08\/pensionskassen-quo-vadis-performance\/"},"wordCount":1319,"publisher":{"@id":"https:\/\/www.organisator.ch\/#organization"},"image":{"@id":"https:\/\/www.organisator.ch\/management\/2022-06-08\/pensionskassen-quo-vadis-performance\/#primaryimage"},"thumbnailUrl":"https:\/\/www.organisator.ch\/wp-content\/uploads\/2022\/06\/Pensionskassen-Quo-vadis-Performance_Organisator.jpg","keywords":["Ausgabe 5-6\/2022","Berufliche Vorsorge","Finanzen\/Recht","Pensionskassen"],"articleSection":["ABO+","MANAGEMENT"],"inLanguage":"en-US"},{"@type":"WebPage","@id":"https:\/\/www.organisator.ch\/management\/2022-06-08\/pensionskassen-quo-vadis-performance\/","url":"https:\/\/www.organisator.ch\/management\/2022-06-08\/pensionskassen-quo-vadis-performance\/","name":"Pension funds: Quo vadis performance? - Organizer","isPartOf":{"@id":"https:\/\/www.organisator.ch\/#website"},"primaryImageOfPage":{"@id":"https:\/\/www.organisator.ch\/management\/2022-06-08\/pensionskassen-quo-vadis-performance\/#primaryimage"},"image":{"@id":"https:\/\/www.organisator.ch\/management\/2022-06-08\/pensionskassen-quo-vadis-performance\/#primaryimage"},"thumbnailUrl":"https:\/\/www.organisator.ch\/wp-content\/uploads\/2022\/06\/Pensionskassen-Quo-vadis-Performance_Organisator.jpg","datePublished":"2022-06-08T12:40:07+00:00","description":"The stock markets were in a positive mood, and the real economy was also doing well despite the pandemic - good for the performance of pension funds.","breadcrumb":{"@id":"https:\/\/www.organisator.ch\/management\/2022-06-08\/pensionskassen-quo-vadis-performance\/#breadcrumb"},"inLanguage":"en-US","potentialAction":[{"@type":"ReadAction","target":["https:\/\/www.organisator.ch\/management\/2022-06-08\/pensionskassen-quo-vadis-performance\/"]}]},{"@type":"ImageObject","inLanguage":"en-US","@id":"https:\/\/www.organisator.ch\/management\/2022-06-08\/pensionskassen-quo-vadis-performance\/#primaryimage","url":"https:\/\/www.organisator.ch\/wp-content\/uploads\/2022\/06\/Pensionskassen-Quo-vadis-Performance_Organisator.jpg","contentUrl":"https:\/\/www.organisator.ch\/wp-content\/uploads\/2022\/06\/Pensionskassen-Quo-vadis-Performance_Organisator.jpg","width":680,"height":929},{"@type":"BreadcrumbList","@id":"https:\/\/www.organisator.ch\/management\/2022-06-08\/pensionskassen-quo-vadis-performance\/#breadcrumb","itemListElement":[{"@type":"ListItem","position":1,"name":"Home","item":"https:\/\/www.organisator.ch\/"},{"@type":"ListItem","position":2,"name":"Pensionskassen: Quo vadis Performance?"}]},{"@type":"WebSite","@id":"https:\/\/www.organisator.ch\/#website","url":"https:\/\/www.organisator.ch\/","name":"Organizer","description":"Competent. Practical. In 10 issues per year, ORGANISATOR presents the essential topics for managers of SMEs.","publisher":{"@id":"https:\/\/www.organisator.ch\/#organization"},"potentialAction":[{"@type":"SearchAction","target":{"@type":"EntryPoint","urlTemplate":"https:\/\/www.organisator.ch\/?s={search_term_string}"},"query-input":{"@type":"PropertyValueSpecification","valueRequired":true,"valueName":"search_term_string"}}],"inLanguage":"en-US"},{"@type":"Organization","@id":"https:\/\/www.organisator.ch\/#organization","name":"Organizer","url":"https:\/\/www.organisator.ch\/","logo":{"@type":"ImageObject","inLanguage":"en-US","@id":"https:\/\/www.organisator.ch\/#\/schema\/logo\/image\/","url":"https:\/\/www.organisator.ch\/wp-content\/uploads\/2022\/01\/Logo_Organisator_Website.png","contentUrl":"https:\/\/www.organisator.ch\/wp-content\/uploads\/2022\/01\/Logo_Organisator_Website.png","width":800,"height":77,"caption":"Organisator"},"image":{"@id":"https:\/\/www.organisator.ch\/#\/schema\/logo\/image\/"},"sameAs":["https:\/\/www.facebook.com\/OrganisatorFachmagazin","https:\/\/www.linkedin.com\/showcase\/organisator-das-magazin-fr-kmu","https:\/\/www.xing.com\/news\/pages\/organisator-ch-695","https:\/\/www.youtube.com\/channel\/UCGP2Sq0iWaZwT3BdIAQFYpw"]},{"@type":"Person","@id":"https:\/\/www.organisator.ch\/#\/schema\/person\/aa2bace6c5c5aad60102004a50c4eb1c","name":"admin","image":{"@type":"ImageObject","inLanguage":"en-US","@id":"https:\/\/secure.gravatar.com\/avatar\/ae2f4d718e6c49043e314ce431e7e645d646302a24a5ef5a8bc8e3f5a032e319?s=96&d=mm&r=g","url":"https:\/\/secure.gravatar.com\/avatar\/ae2f4d718e6c49043e314ce431e7e645d646302a24a5ef5a8bc8e3f5a032e319?s=96&d=mm&r=g","contentUrl":"https:\/\/secure.gravatar.com\/avatar\/ae2f4d718e6c49043e314ce431e7e645d646302a24a5ef5a8bc8e3f5a032e319?s=96&d=mm&r=g","caption":"admin"},"sameAs":["https:\/\/www.organisator.ch"],"url":"https:\/\/www.organisator.ch\/en\/author\/admin\/"}]}},"_links":{"self":[{"href":"https:\/\/www.organisator.ch\/en\/wp-json\/wp\/v2\/posts\/13345","targetHints":{"allow":["GET"]}}],"collection":[{"href":"https:\/\/www.organisator.ch\/en\/wp-json\/wp\/v2\/posts"}],"about":[{"href":"https:\/\/www.organisator.ch\/en\/wp-json\/wp\/v2\/types\/post"}],"author":[{"embeddable":true,"href":"https:\/\/www.organisator.ch\/en\/wp-json\/wp\/v2\/users\/1"}],"replies":[{"embeddable":true,"href":"https:\/\/www.organisator.ch\/en\/wp-json\/wp\/v2\/comments?post=13345"}],"version-history":[{"count":4,"href":"https:\/\/www.organisator.ch\/en\/wp-json\/wp\/v2\/posts\/13345\/revisions"}],"predecessor-version":[{"id":13911,"href":"https:\/\/www.organisator.ch\/en\/wp-json\/wp\/v2\/posts\/13345\/revisions\/13911"}],"wp:featuredmedia":[{"embeddable":true,"href":"https:\/\/www.organisator.ch\/en\/wp-json\/wp\/v2\/media\/13913"}],"wp:attachment":[{"href":"https:\/\/www.organisator.ch\/en\/wp-json\/wp\/v2\/media?parent=13345"}],"wp:term":[{"taxonomy":"category","embeddable":true,"href":"https:\/\/www.organisator.ch\/en\/wp-json\/wp\/v2\/categories?post=13345"},{"taxonomy":"post_tag","embeddable":true,"href":"https:\/\/www.organisator.ch\/en\/wp-json\/wp\/v2\/tags?post=13345"}],"curies":[{"name":"wp","href":"https:\/\/api.w.org\/{rel}","templated":true}]}}