{"id":13424,"date":"2022-06-08T10:30:35","date_gmt":"2022-06-08T08:30:35","guid":{"rendered":"https:\/\/www.organisator.ch\/?p=13424"},"modified":"2022-06-07T09:50:34","modified_gmt":"2022-06-07T07:50:34","slug":"for-flexibility-in-the-occupational-provision","status":"publish","type":"post","link":"https:\/\/www.organisator.ch\/en\/management\/2022-06-08\/fuer-flexibilitaet-in-der-beruflichen-vorsorge\/","title":{"rendered":"For flexibility in occupational pension provision"},"content":{"rendered":"<p><img loading=\"lazy\" decoding=\"async\" class=\"alignnone size-full wp-image-13426\" src=\"https:\/\/www.organisator.ch\/wp-content\/uploads\/2022\/06\/Publi_Fuer-Flexibilitaet-in-der-beruflichen-Vorsorge_Organisator.jpg\" alt=\"\" width=\"680\" height=\"459\" srcset=\"https:\/\/www.organisator.ch\/wp-content\/uploads\/2022\/06\/Publi_Fuer-Flexibilitaet-in-der-beruflichen-Vorsorge_Organisator.jpg 680w, https:\/\/www.organisator.ch\/wp-content\/uploads\/2022\/06\/Publi_Fuer-Flexibilitaet-in-der-beruflichen-Vorsorge_Organisator-18x12.jpg 18w, https:\/\/www.organisator.ch\/wp-content\/uploads\/2022\/06\/Publi_Fuer-Flexibilitaet-in-der-beruflichen-Vorsorge_Organisator-259x175.jpg 259w, https:\/\/www.organisator.ch\/wp-content\/uploads\/2022\/06\/Publi_Fuer-Flexibilitaet-in-der-beruflichen-Vorsorge_Organisator-519x350.jpg 519w, https:\/\/www.organisator.ch\/wp-content\/uploads\/2022\/06\/Publi_Fuer-Flexibilitaet-in-der-beruflichen-Vorsorge_Organisator-300x203.jpg 300w\" sizes=\"auto, (max-width: 680px) 100vw, 680px\" \/><\/p>\n<p>Do you immediately think of flexibility when it comes to occupational pension plans? No? Then you are probably not alone. The pension fund is a long-term provision for the time after retirement and is therefore primarily associated with security and continuity. Tellco pk, however, is convinced that flexibility must also be an important attribute of a pension fund. Because just as companies change, their pension provision should also be able to adapt.<\/p>\n<blockquote><p><strong>Extra:<\/strong> The flexibility of Tellco pk is also reflected in the due dates of the savings premiums. Most of the premiums are not due until the end of the year, giving the companies more time. Incidentally, those who pay before the due date receive interest of 1 % on the amount.<\/p><\/blockquote>\n<h3><strong>Individual choices<\/strong><\/h3>\n<p>What is remarkable about Tellco pk is its individualized approach: \"We believe that occupational pension provision cannot be thought of in static terms: It should grow with the company.\" That's why Tellco pk gives affiliated companies the option of choosing the one that suits them best from a range of offerings, and can even adjust it annually free of charge.<\/p>\n<p>There are three so-called compartments to choose from: PRO, PULSE and INDIVIDUA. They differ in terms of investment strategy - from security to return-oriented - and the option of defining individual components of the pension fund solution yourself.<\/p>\n<p><strong>At PRO,<\/strong> with an equity component of 25 %, the focus is on stability: price fluctuations remain low and the assets grow moderately but regularly.<\/p>\n<p><strong>At PULSE<\/strong> In contrast, the focus is on growth: a higher equity component of 40 % provides more opportunities, but may also lead to greater price fluctuations.<\/p>\n<p><strong>At INDIVIDUA<\/strong> Finally, the insured company has the say: whether asset manager or custodian, direct investments or funds - the pension fund commission decides.<\/p>\n<p>While the PRO and PULSE compartments are suitable for all companies, the INDIVIDUA option is a special solution for companies with 10 or more insured employees and investment capital of at least CHF 20 million.<\/p>\n<blockquote>\n<h3><strong>Leading Swiss pension fund<\/strong><\/h3>\n<p>Tellco pk is one of the most important pension funds on the Swiss market. With continuous growth, it currently has around 10,000 affiliated companies and 88,000 insured persons. It manages total assets of around CHF 4.3 billion (as of the end of 2021).<\/p><\/blockquote>\n<p><a href=\"https:\/\/tellco.ch\/kmu\"><em>tellco.ch\/kmu<\/em><\/a><\/p>","protected":false},"excerpt":{"rendered":"<p>Denken Sie sofort an Flexibilit\u00e4t, wenn es um die berufliche Vorsorge geht? Nein? Dann sind Sie vermutlich nicht allein. Die Pensionskasse ist eine langfristige Vorsorge f\u00fcr die Zeit nach der Pension und wird daher prim\u00e4r mit Sicherheit und Kontinuit\u00e4t verbunden. Die Tellco pk ist allerdings \u00fcberzeugt davon, dass auch Flexibilit\u00e4t ein wichtiges Attribut einer Pensionskasse [&hellip;]<\/p>\n","protected":false},"author":4,"featured_media":13426,"comment_status":"closed","ping_status":"closed","sticky":false,"template":"","format":"standard","meta":{"_acf_changed":false,"_yoast_wpseo_focuskw":"Vorsorge","_yoast_wpseo_metadesc":"Die Tellco pk hat Flexibilit\u00e4t verinnerlicht, denn bei der Schwyzer Pensionskasse sind individuelle L\u00f6sungen f\u00fcr die Vorsorge Standard.","articlekey":"","footnotes":""},"categories":[24,28],"tags":[2922,2921,202,377],"class_list":["post-13424","post","type-post","status-publish","format-standard","has-post-thumbnail","hentry","category-finanzen_recht","category-management","tag-2-saeule","tag-berufliche-vorsorge","tag-finanzenrecht","tag-pensionskassen"],"acf":[],"yoast_head":"<!-- This site is optimized with the Yoast SEO plugin v27.4 - https:\/\/yoast.com\/product\/yoast-seo-wordpress\/ -->\n<title>F\u00fcr Flexibilit\u00e4t in der beruflichen Vorsorge - Organisator<\/title>\n<meta name=\"description\" content=\"Die Tellco pk hat Flexibilit\u00e4t verinnerlicht, denn bei der Schwyzer Pensionskasse sind individuelle L\u00f6sungen f\u00fcr die Vorsorge Standard.\" \/>\n<meta name=\"robots\" content=\"index, follow, max-snippet:-1, max-image-preview:large, max-video-preview:-1\" \/>\n<link rel=\"canonical\" href=\"https:\/\/www.organisator.ch\/en\/management\/finanzen_recht\/2022-06-08\/for-flexibility-in-the-occupational-provision\/\" \/>\n<meta property=\"og:locale\" content=\"en_US\" \/>\n<meta property=\"og:type\" content=\"article\" \/>\n<meta property=\"og:title\" content=\"F\u00fcr Flexibilit\u00e4t in der beruflichen Vorsorge\" \/>\n<meta property=\"og:description\" content=\"Die Tellco pk hat Flexibilit\u00e4t verinnerlicht, denn bei der Schwyzer Pensionskasse sind individuelle L\u00f6sungen f\u00fcr die Vorsorge Standard.\" \/>\n<meta property=\"og:url\" content=\"https:\/\/www.organisator.ch\/en\/management\/finanzen_recht\/2022-06-08\/for-flexibility-in-the-occupational-provision\/\" \/>\n<meta property=\"og:site_name\" content=\"Organisator\" \/>\n<meta property=\"article:publisher\" content=\"https:\/\/www.facebook.com\/OrganisatorFachmagazin\" \/>\n<meta property=\"article:published_time\" content=\"2022-06-08T08:30:35+00:00\" \/>\n<meta property=\"og:image\" content=\"https:\/\/www.organisator.ch\/wp-content\/uploads\/2022\/06\/Publi_Fuer-Flexibilitaet-in-der-beruflichen-Vorsorge_Organisator.jpg\" \/>\n\t<meta property=\"og:image:width\" content=\"680\" \/>\n\t<meta property=\"og:image:height\" content=\"459\" \/>\n\t<meta property=\"og:image:type\" content=\"image\/jpeg\" \/>\n<meta name=\"author\" content=\"thomas.berner\" \/>\n<meta name=\"twitter:card\" content=\"summary_large_image\" \/>\n<meta name=\"twitter:title\" content=\"F\u00fcr #Flexibilit\u00e4t in der beruflichen #Vorsorge\" \/>\n<meta name=\"twitter:description\" content=\"Die #Tellco pk hat Flexibilit\u00e4t verinnerlicht, denn bei der Schwyzer #Pensionskasse sind individuelle L\u00f6sungen f\u00fcr die #Vorsorge Standard.\" \/>\n<meta name=\"twitter:image\" content=\"https:\/\/www.organisator.ch\/wp-content\/uploads\/2022\/06\/Publi_Fuer-Flexibilitaet-in-der-beruflichen-Vorsorge_Organisator.jpg\" \/>\n<script type=\"application\/ld+json\" class=\"yoast-schema-graph\">{\"@context\":\"https:\\\/\\\/schema.org\",\"@graph\":[{\"@type\":\"Article\",\"@id\":\"https:\\\/\\\/www.organisator.ch\\\/management\\\/finanzen_recht\\\/2022-06-08\\\/fuer-flexibilitaet-in-der-beruflichen-vorsorge\\\/#article\",\"isPartOf\":{\"@id\":\"https:\\\/\\\/www.organisator.ch\\\/management\\\/finanzen_recht\\\/2022-06-08\\\/fuer-flexibilitaet-in-der-beruflichen-vorsorge\\\/\"},\"author\":{\"name\":\"thomas.berner\",\"@id\":\"https:\\\/\\\/www.organisator.ch\\\/#\\\/schema\\\/person\\\/6f650f90b2842cd4c0cc334b4e36f67e\"},\"headline\":\"F\u00fcr Flexibilit\u00e4t in der beruflichen Vorsorge\",\"datePublished\":\"2022-06-08T08:30:35+00:00\",\"mainEntityOfPage\":{\"@id\":\"https:\\\/\\\/www.organisator.ch\\\/management\\\/finanzen_recht\\\/2022-06-08\\\/fuer-flexibilitaet-in-der-beruflichen-vorsorge\\\/\"},\"wordCount\":388,\"publisher\":{\"@id\":\"https:\\\/\\\/www.organisator.ch\\\/#organization\"},\"image\":{\"@id\":\"https:\\\/\\\/www.organisator.ch\\\/management\\\/finanzen_recht\\\/2022-06-08\\\/fuer-flexibilitaet-in-der-beruflichen-vorsorge\\\/#primaryimage\"},\"thumbnailUrl\":\"https:\\\/\\\/www.organisator.ch\\\/wp-content\\\/uploads\\\/2022\\\/06\\\/Publi_Fuer-Flexibilitaet-in-der-beruflichen-Vorsorge_Organisator.jpg\",\"keywords\":[\"2. S\u00e4ule\",\"Berufliche Vorsorge\",\"Finanzen\\\/Recht\",\"Pensionskassen\"],\"articleSection\":[\"FINANZEN\\\/RECHT\",\"MANAGEMENT\"],\"inLanguage\":\"en-US\"},{\"@type\":\"WebPage\",\"@id\":\"https:\\\/\\\/www.organisator.ch\\\/management\\\/finanzen_recht\\\/2022-06-08\\\/fuer-flexibilitaet-in-der-beruflichen-vorsorge\\\/\",\"url\":\"https:\\\/\\\/www.organisator.ch\\\/management\\\/finanzen_recht\\\/2022-06-08\\\/fuer-flexibilitaet-in-der-beruflichen-vorsorge\\\/\",\"name\":\"F\u00fcr Flexibilit\u00e4t in der beruflichen Vorsorge - Organisator\",\"isPartOf\":{\"@id\":\"https:\\\/\\\/www.organisator.ch\\\/#website\"},\"primaryImageOfPage\":{\"@id\":\"https:\\\/\\\/www.organisator.ch\\\/management\\\/finanzen_recht\\\/2022-06-08\\\/fuer-flexibilitaet-in-der-beruflichen-vorsorge\\\/#primaryimage\"},\"image\":{\"@id\":\"https:\\\/\\\/www.organisator.ch\\\/management\\\/finanzen_recht\\\/2022-06-08\\\/fuer-flexibilitaet-in-der-beruflichen-vorsorge\\\/#primaryimage\"},\"thumbnailUrl\":\"https:\\\/\\\/www.organisator.ch\\\/wp-content\\\/uploads\\\/2022\\\/06\\\/Publi_Fuer-Flexibilitaet-in-der-beruflichen-Vorsorge_Organisator.jpg\",\"datePublished\":\"2022-06-08T08:30:35+00:00\",\"description\":\"Die Tellco pk hat Flexibilit\u00e4t verinnerlicht, denn bei der Schwyzer Pensionskasse sind individuelle L\u00f6sungen f\u00fcr die Vorsorge Standard.\",\"breadcrumb\":{\"@id\":\"https:\\\/\\\/www.organisator.ch\\\/management\\\/finanzen_recht\\\/2022-06-08\\\/fuer-flexibilitaet-in-der-beruflichen-vorsorge\\\/#breadcrumb\"},\"inLanguage\":\"en-US\",\"potentialAction\":[{\"@type\":\"ReadAction\",\"target\":[\"https:\\\/\\\/www.organisator.ch\\\/management\\\/finanzen_recht\\\/2022-06-08\\\/fuer-flexibilitaet-in-der-beruflichen-vorsorge\\\/\"]}]},{\"@type\":\"ImageObject\",\"inLanguage\":\"en-US\",\"@id\":\"https:\\\/\\\/www.organisator.ch\\\/management\\\/finanzen_recht\\\/2022-06-08\\\/fuer-flexibilitaet-in-der-beruflichen-vorsorge\\\/#primaryimage\",\"url\":\"https:\\\/\\\/www.organisator.ch\\\/wp-content\\\/uploads\\\/2022\\\/06\\\/Publi_Fuer-Flexibilitaet-in-der-beruflichen-Vorsorge_Organisator.jpg\",\"contentUrl\":\"https:\\\/\\\/www.organisator.ch\\\/wp-content\\\/uploads\\\/2022\\\/06\\\/Publi_Fuer-Flexibilitaet-in-der-beruflichen-Vorsorge_Organisator.jpg\",\"width\":680,\"height\":459},{\"@type\":\"BreadcrumbList\",\"@id\":\"https:\\\/\\\/www.organisator.ch\\\/management\\\/finanzen_recht\\\/2022-06-08\\\/fuer-flexibilitaet-in-der-beruflichen-vorsorge\\\/#breadcrumb\",\"itemListElement\":[{\"@type\":\"ListItem\",\"position\":1,\"name\":\"Home\",\"item\":\"https:\\\/\\\/www.organisator.ch\\\/\"},{\"@type\":\"ListItem\",\"position\":2,\"name\":\"F\u00fcr Flexibilit\u00e4t in der beruflichen Vorsorge\"}]},{\"@type\":\"WebSite\",\"@id\":\"https:\\\/\\\/www.organisator.ch\\\/#website\",\"url\":\"https:\\\/\\\/www.organisator.ch\\\/\",\"name\":\"Organisator\",\"description\":\"Kompetent. Praxisnah. Der ORGANISATOR bereitet in 10 Ausgaben pro Jahr die wesentlichen Themen f\u00fcr F\u00fchrungskr\u00e4fte von KMU auf.\",\"publisher\":{\"@id\":\"https:\\\/\\\/www.organisator.ch\\\/#organization\"},\"potentialAction\":[{\"@type\":\"SearchAction\",\"target\":{\"@type\":\"EntryPoint\",\"urlTemplate\":\"https:\\\/\\\/www.organisator.ch\\\/?s={search_term_string}\"},\"query-input\":{\"@type\":\"PropertyValueSpecification\",\"valueRequired\":true,\"valueName\":\"search_term_string\"}}],\"inLanguage\":\"en-US\"},{\"@type\":\"Organization\",\"@id\":\"https:\\\/\\\/www.organisator.ch\\\/#organization\",\"name\":\"Organisator\",\"url\":\"https:\\\/\\\/www.organisator.ch\\\/\",\"logo\":{\"@type\":\"ImageObject\",\"inLanguage\":\"en-US\",\"@id\":\"https:\\\/\\\/www.organisator.ch\\\/#\\\/schema\\\/logo\\\/image\\\/\",\"url\":\"https:\\\/\\\/www.organisator.ch\\\/wp-content\\\/uploads\\\/2022\\\/01\\\/Logo_Organisator_Website.png\",\"contentUrl\":\"https:\\\/\\\/www.organisator.ch\\\/wp-content\\\/uploads\\\/2022\\\/01\\\/Logo_Organisator_Website.png\",\"width\":800,\"height\":77,\"caption\":\"Organisator\"},\"image\":{\"@id\":\"https:\\\/\\\/www.organisator.ch\\\/#\\\/schema\\\/logo\\\/image\\\/\"},\"sameAs\":[\"https:\\\/\\\/www.facebook.com\\\/OrganisatorFachmagazin\",\"https:\\\/\\\/www.linkedin.com\\\/showcase\\\/organisator-das-magazin-fr-kmu\",\"https:\\\/\\\/www.xing.com\\\/news\\\/pages\\\/organisator-ch-695\",\"https:\\\/\\\/www.youtube.com\\\/channel\\\/UCGP2Sq0iWaZwT3BdIAQFYpw\"]},{\"@type\":\"Person\",\"@id\":\"https:\\\/\\\/www.organisator.ch\\\/#\\\/schema\\\/person\\\/6f650f90b2842cd4c0cc334b4e36f67e\",\"name\":\"thomas.berner\",\"image\":{\"@type\":\"ImageObject\",\"inLanguage\":\"en-US\",\"@id\":\"https:\\\/\\\/secure.gravatar.com\\\/avatar\\\/ac5001d2a36cb6c6cd3e50789007ffca834b477b74a2144564522e944eabff61?s=96&d=mm&r=g\",\"url\":\"https:\\\/\\\/secure.gravatar.com\\\/avatar\\\/ac5001d2a36cb6c6cd3e50789007ffca834b477b74a2144564522e944eabff61?s=96&d=mm&r=g\",\"contentUrl\":\"https:\\\/\\\/secure.gravatar.com\\\/avatar\\\/ac5001d2a36cb6c6cd3e50789007ffca834b477b74a2144564522e944eabff61?s=96&d=mm&r=g\",\"caption\":\"thomas.berner\"},\"url\":\"https:\\\/\\\/www.organisator.ch\\\/en\\\/author\\\/thomas-berner\\\/\"}]}<\/script>\n<!-- \/ Yoast SEO plugin. -->","yoast_head_json":{"title":"For flexibility in occupational pension provision - Organizer","description":"Tellco pk has internalized flexibility, because individual pension solutions are standard at the Schwyzer Pensionskasse.","robots":{"index":"index","follow":"follow","max-snippet":"max-snippet:-1","max-image-preview":"max-image-preview:large","max-video-preview":"max-video-preview:-1"},"canonical":"https:\/\/www.organisator.ch\/en\/management\/finanzen_recht\/2022-06-08\/for-flexibility-in-the-occupational-provision\/","og_locale":"en_US","og_type":"article","og_title":"F\u00fcr Flexibilit\u00e4t in der beruflichen Vorsorge","og_description":"Die Tellco pk hat Flexibilit\u00e4t verinnerlicht, denn bei der Schwyzer Pensionskasse sind individuelle L\u00f6sungen f\u00fcr die Vorsorge Standard.","og_url":"https:\/\/www.organisator.ch\/en\/management\/finanzen_recht\/2022-06-08\/for-flexibility-in-the-occupational-provision\/","og_site_name":"Organisator","article_publisher":"https:\/\/www.facebook.com\/OrganisatorFachmagazin","article_published_time":"2022-06-08T08:30:35+00:00","og_image":[{"width":680,"height":459,"url":"https:\/\/www.organisator.ch\/wp-content\/uploads\/2022\/06\/Publi_Fuer-Flexibilitaet-in-der-beruflichen-Vorsorge_Organisator.jpg","type":"image\/jpeg"}],"author":"thomas.berner","twitter_card":"summary_large_image","twitter_title":"F\u00fcr #Flexibilit\u00e4t in der beruflichen #Vorsorge","twitter_description":"Die #Tellco pk hat Flexibilit\u00e4t verinnerlicht, denn bei der Schwyzer #Pensionskasse sind individuelle L\u00f6sungen f\u00fcr die #Vorsorge Standard.","twitter_image":"https:\/\/www.organisator.ch\/wp-content\/uploads\/2022\/06\/Publi_Fuer-Flexibilitaet-in-der-beruflichen-Vorsorge_Organisator.jpg","schema":{"@context":"https:\/\/schema.org","@graph":[{"@type":"Article","@id":"https:\/\/www.organisator.ch\/management\/finanzen_recht\/2022-06-08\/fuer-flexibilitaet-in-der-beruflichen-vorsorge\/#article","isPartOf":{"@id":"https:\/\/www.organisator.ch\/management\/finanzen_recht\/2022-06-08\/fuer-flexibilitaet-in-der-beruflichen-vorsorge\/"},"author":{"name":"thomas.berner","@id":"https:\/\/www.organisator.ch\/#\/schema\/person\/6f650f90b2842cd4c0cc334b4e36f67e"},"headline":"F\u00fcr Flexibilit\u00e4t in der beruflichen Vorsorge","datePublished":"2022-06-08T08:30:35+00:00","mainEntityOfPage":{"@id":"https:\/\/www.organisator.ch\/management\/finanzen_recht\/2022-06-08\/fuer-flexibilitaet-in-der-beruflichen-vorsorge\/"},"wordCount":388,"publisher":{"@id":"https:\/\/www.organisator.ch\/#organization"},"image":{"@id":"https:\/\/www.organisator.ch\/management\/finanzen_recht\/2022-06-08\/fuer-flexibilitaet-in-der-beruflichen-vorsorge\/#primaryimage"},"thumbnailUrl":"https:\/\/www.organisator.ch\/wp-content\/uploads\/2022\/06\/Publi_Fuer-Flexibilitaet-in-der-beruflichen-Vorsorge_Organisator.jpg","keywords":["2. S\u00e4ule","Berufliche Vorsorge","Finanzen\/Recht","Pensionskassen"],"articleSection":["FINANZEN\/RECHT","MANAGEMENT"],"inLanguage":"en-US"},{"@type":"WebPage","@id":"https:\/\/www.organisator.ch\/management\/finanzen_recht\/2022-06-08\/fuer-flexibilitaet-in-der-beruflichen-vorsorge\/","url":"https:\/\/www.organisator.ch\/management\/finanzen_recht\/2022-06-08\/fuer-flexibilitaet-in-der-beruflichen-vorsorge\/","name":"For flexibility in occupational pension provision - Organizer","isPartOf":{"@id":"https:\/\/www.organisator.ch\/#website"},"primaryImageOfPage":{"@id":"https:\/\/www.organisator.ch\/management\/finanzen_recht\/2022-06-08\/fuer-flexibilitaet-in-der-beruflichen-vorsorge\/#primaryimage"},"image":{"@id":"https:\/\/www.organisator.ch\/management\/finanzen_recht\/2022-06-08\/fuer-flexibilitaet-in-der-beruflichen-vorsorge\/#primaryimage"},"thumbnailUrl":"https:\/\/www.organisator.ch\/wp-content\/uploads\/2022\/06\/Publi_Fuer-Flexibilitaet-in-der-beruflichen-Vorsorge_Organisator.jpg","datePublished":"2022-06-08T08:30:35+00:00","description":"Tellco pk has internalized flexibility, because individual pension solutions are standard at the Schwyzer Pensionskasse.","breadcrumb":{"@id":"https:\/\/www.organisator.ch\/management\/finanzen_recht\/2022-06-08\/fuer-flexibilitaet-in-der-beruflichen-vorsorge\/#breadcrumb"},"inLanguage":"en-US","potentialAction":[{"@type":"ReadAction","target":["https:\/\/www.organisator.ch\/management\/finanzen_recht\/2022-06-08\/fuer-flexibilitaet-in-der-beruflichen-vorsorge\/"]}]},{"@type":"ImageObject","inLanguage":"en-US","@id":"https:\/\/www.organisator.ch\/management\/finanzen_recht\/2022-06-08\/fuer-flexibilitaet-in-der-beruflichen-vorsorge\/#primaryimage","url":"https:\/\/www.organisator.ch\/wp-content\/uploads\/2022\/06\/Publi_Fuer-Flexibilitaet-in-der-beruflichen-Vorsorge_Organisator.jpg","contentUrl":"https:\/\/www.organisator.ch\/wp-content\/uploads\/2022\/06\/Publi_Fuer-Flexibilitaet-in-der-beruflichen-Vorsorge_Organisator.jpg","width":680,"height":459},{"@type":"BreadcrumbList","@id":"https:\/\/www.organisator.ch\/management\/finanzen_recht\/2022-06-08\/fuer-flexibilitaet-in-der-beruflichen-vorsorge\/#breadcrumb","itemListElement":[{"@type":"ListItem","position":1,"name":"Home","item":"https:\/\/www.organisator.ch\/"},{"@type":"ListItem","position":2,"name":"F\u00fcr Flexibilit\u00e4t in der beruflichen Vorsorge"}]},{"@type":"WebSite","@id":"https:\/\/www.organisator.ch\/#website","url":"https:\/\/www.organisator.ch\/","name":"Organizer","description":"Competent. Practical. In 10 issues per year, ORGANISATOR presents the essential topics for managers of SMEs.","publisher":{"@id":"https:\/\/www.organisator.ch\/#organization"},"potentialAction":[{"@type":"SearchAction","target":{"@type":"EntryPoint","urlTemplate":"https:\/\/www.organisator.ch\/?s={search_term_string}"},"query-input":{"@type":"PropertyValueSpecification","valueRequired":true,"valueName":"search_term_string"}}],"inLanguage":"en-US"},{"@type":"Organization","@id":"https:\/\/www.organisator.ch\/#organization","name":"Organizer","url":"https:\/\/www.organisator.ch\/","logo":{"@type":"ImageObject","inLanguage":"en-US","@id":"https:\/\/www.organisator.ch\/#\/schema\/logo\/image\/","url":"https:\/\/www.organisator.ch\/wp-content\/uploads\/2022\/01\/Logo_Organisator_Website.png","contentUrl":"https:\/\/www.organisator.ch\/wp-content\/uploads\/2022\/01\/Logo_Organisator_Website.png","width":800,"height":77,"caption":"Organisator"},"image":{"@id":"https:\/\/www.organisator.ch\/#\/schema\/logo\/image\/"},"sameAs":["https:\/\/www.facebook.com\/OrganisatorFachmagazin","https:\/\/www.linkedin.com\/showcase\/organisator-das-magazin-fr-kmu","https:\/\/www.xing.com\/news\/pages\/organisator-ch-695","https:\/\/www.youtube.com\/channel\/UCGP2Sq0iWaZwT3BdIAQFYpw"]},{"@type":"Person","@id":"https:\/\/www.organisator.ch\/#\/schema\/person\/6f650f90b2842cd4c0cc334b4e36f67e","name":"thomas.berner","image":{"@type":"ImageObject","inLanguage":"en-US","@id":"https:\/\/secure.gravatar.com\/avatar\/ac5001d2a36cb6c6cd3e50789007ffca834b477b74a2144564522e944eabff61?s=96&d=mm&r=g","url":"https:\/\/secure.gravatar.com\/avatar\/ac5001d2a36cb6c6cd3e50789007ffca834b477b74a2144564522e944eabff61?s=96&d=mm&r=g","contentUrl":"https:\/\/secure.gravatar.com\/avatar\/ac5001d2a36cb6c6cd3e50789007ffca834b477b74a2144564522e944eabff61?s=96&d=mm&r=g","caption":"thomas.berner"},"url":"https:\/\/www.organisator.ch\/en\/author\/thomas-berner\/"}]}},"_links":{"self":[{"href":"https:\/\/www.organisator.ch\/en\/wp-json\/wp\/v2\/posts\/13424","targetHints":{"allow":["GET"]}}],"collection":[{"href":"https:\/\/www.organisator.ch\/en\/wp-json\/wp\/v2\/posts"}],"about":[{"href":"https:\/\/www.organisator.ch\/en\/wp-json\/wp\/v2\/types\/post"}],"author":[{"embeddable":true,"href":"https:\/\/www.organisator.ch\/en\/wp-json\/wp\/v2\/users\/4"}],"replies":[{"embeddable":true,"href":"https:\/\/www.organisator.ch\/en\/wp-json\/wp\/v2\/comments?post=13424"}],"version-history":[{"count":4,"href":"https:\/\/www.organisator.ch\/en\/wp-json\/wp\/v2\/posts\/13424\/revisions"}],"predecessor-version":[{"id":13623,"href":"https:\/\/www.organisator.ch\/en\/wp-json\/wp\/v2\/posts\/13424\/revisions\/13623"}],"wp:featuredmedia":[{"embeddable":true,"href":"https:\/\/www.organisator.ch\/en\/wp-json\/wp\/v2\/media\/13426"}],"wp:attachment":[{"href":"https:\/\/www.organisator.ch\/en\/wp-json\/wp\/v2\/media?parent=13424"}],"wp:term":[{"taxonomy":"category","embeddable":true,"href":"https:\/\/www.organisator.ch\/en\/wp-json\/wp\/v2\/categories?post=13424"},{"taxonomy":"post_tag","embeddable":true,"href":"https:\/\/www.organisator.ch\/en\/wp-json\/wp\/v2\/tags?post=13424"}],"curies":[{"name":"wp","href":"https:\/\/api.w.org\/{rel}","templated":true}]}}