{"id":13705,"date":"2022-06-07T18:10:58","date_gmt":"2022-06-07T16:10:58","guid":{"rendered":"https:\/\/www.organisator.ch\/?p=13705"},"modified":"2022-06-15T10:51:40","modified_gmt":"2022-06-15T08:51:40","slug":"schweizer-ethikpreis-zeichnet-vier-projekte-aus","status":"publish","type":"post","link":"https:\/\/www.organisator.ch\/en\/sustainability\/2022-06-07\/schweizer-ethikpreis-zeichnet-vier-projekte-aus\/","title":{"rendered":"Swiss Ethics Award honors four projects"},"content":{"rendered":"<figure id=\"attachment_13707\" class=\"wp-caption alignnone\" style=\"width: 680px;\" aria-describedby=\"caption-attachment-13707\"><img class=\"size-full wp-image-13707\" src=\"https:\/\/www.organisator.ch\/wp-content\/uploads\/2022\/06\/Schweizer-Ethikpreis-zeichnet-vier-Projekte-aus_Organisator.jpg\" sizes=\"(max-width: 680px) 100vw, 680px\" srcset=\"https:\/\/www.organisator.ch\/wp-content\/uploads\/2022\/06\/Schweizer-Ethikpreis-zeichnet-vier-Projekte-aus_Organisator.jpg 680w, https:\/\/www.organisator.ch\/wp-content\/uploads\/2022\/06\/Schweizer-Ethikpreis-zeichnet-vier-Projekte-aus_Organisator-15x12.jpg 15w, https:\/\/www.organisator.ch\/wp-content\/uploads\/2022\/06\/Schweizer-Ethikpreis-zeichnet-vier-Projekte-aus_Organisator-217x175.jpg 217w, https:\/\/www.organisator.ch\/wp-content\/uploads\/2022\/06\/Schweizer-Ethikpreis-zeichnet-vier-Projekte-aus_Organisator-434x350.jpg 434w, https:\/\/www.organisator.ch\/wp-content\/uploads\/2022\/06\/Schweizer-Ethikpreis-zeichnet-vier-Projekte-aus_Organisator-300x242.jpg 300w\" alt=\"\" width=\"680\" height=\"549\" \/><figcaption id=\"caption-attachment-13707\" class=\"wp-caption-text\">The Wepot company from Villeneuve wins the Swiss Ethics Award along with two other organizations. A fourth project receives the \"Coup de Coeur\" from the students of HEIG-VD. (Image: HEIG-VD \/ Prix Ethique)<\/figcaption><\/figure>\r\nLaunched in 2005 by the Haute \u00c9cole d'Ing\u00e9nierie et de Gestion du canton de Vaud (HEIG-VD), the Swiss Ethics Award is an independent prize that promotes the integration of business ethics and sustainable development into the strategy of companies and public and private organizations. Each year, the prize recognizes projects that can be adopted or imitated by others, with the aim of popularizing these strategic approaches and establishing concrete best practices.\r\n<h3>Swiss Ethics Award presented for the 17th time<\/h3>\r\nThe two juries of the Swiss Ethics Award - the jury made up of representatives from professional, business and association circles and the student jury - have now reached their verdicts. The winners of the 17th edition of the competition are the Wepot company, Alternative Bank Switzerland, the Mes mains t'accompagnent association and the Bloom Biorenewables company. They were recognized for their commitment to business ethics and sustainable development.\r\n<h3>Old technology revolutionized<\/h3>\r\nWepot has set itself the goal of revolutionizing the irrigation of plants with the help of a technology that is thousands of years old. In 2018, the company helped olla, irrigation with jugs, make a comeback. This technique consists of filling clay pots with water and burying them next to the plants. The porous clay allows the water to seep slowly through the walls into the soil, so that the plant can get the water it needs as needed. This system provides ten days of autonomy, saving up to 70 % of water while avoiding water stress as the plant regulates itself. The company is based on a circular, local and social economy.\r\n<h3>Bank that puts ethical values first<\/h3>\r\nAlternative Bank Schweiz AG (ABS) was founded in 1990. It distinguishes itself from other banking institutions by placing ethical values at the forefront and refraining from profit maximization. It invests its clientele's money in social and ecological enterprises and projects that must have a positive impact on society and the environment. To show what the money it receives is used for, the ABS publishes a list of all the loans it has granted.\r\n<h3>Accompaniment for the dying and mourners<\/h3>\r\nThe association Mes mains t'accompagnent (My hands accompany you) supports elderly, dying, grieving, sick and disabled people and their caring relatives with words and touch. The organization visits these people in nursing homes, institutions, hospitals or at home. The therapists are trained to accompany people at the end of life and are approved by supplementary insurance companies.\r\n<h3>Alternative to petroleum: the students' coup de coeur<\/h3>\r\nBloom Biorenewables SA is a start-up company that emerged from the EPFL. It aims to make biomass a real alternative to petroleum using sustainable and efficient technologies that enable the production of high-performance and competitive products from plant by-products. In doing so, the company is responding to the needs of industries seeking to reduce their dependence on fossil resources in markets such as those for perfumes, packaging and building materials.\r\n\r\n<em>More information: <a href=\"http:\/\/www.prixethique.ch\/\">www.prixethique.ch<\/a><\/em>\r\n\r\nThe post <a href=\"https:\/\/www.organisator.ch\/de\/sustainability\/2022-06-07\/schweizer-ethikpreis-zeichnet-vier-projekte-aus\/\" rel=\"nofollow\">Swiss Ethics Award honors four projects<\/a> appeared first on <a href=\"https:\/\/www.organisator.ch\/de\" rel=\"nofollow\">Organizer<\/a>.","protected":false},"excerpt":{"rendered":"<p>Der 2005 von der Haute \u00c9cole d\u2019Ing\u00e9nierie et de Gestion du canton de Vaud (HEIG-VD) ins Leben gerufene Schweizer Ethikpreis ist ein unabh\u00e4ngiger Preis, der die Integration der Unternehmensethik und der nachhaltigen Entwicklung in die Strategie von Unternehmen sowie \u00f6ffentlichen und privaten Organisationen f\u00f6rdert. Der Preis zeichnet jedes Jahr Projekte aus, die von anderen \u00fcbernommen [\u2026]<\/p>\n<p>The post <a rel=\"nofollow\" href=\"https:\/\/www.organisator.ch\/de\/sustainability\/2022-06-07\/schweizer-ethikpreis-zeichnet-vier-projekte-aus\/\">Schweizer Ethikpreis zeichnet vier Projekte aus<\/a> appeared first on <a rel=\"nofollow\" href=\"https:\/\/www.organisator.ch\/de\">Organisator<\/a>.<\/p>\n","protected":false},"author":4,"featured_media":0,"comment_status":"closed","ping_status":"closed","sticky":false,"template":"","format":"standard","meta":{"_acf_changed":false,"_yoast_wpseo_focuskw":"Schweizer Ethikpreis","_yoast_wpseo_metadesc":"Vier Projekte werden mit dem Schweizer Ethikpreis ausgezeichnet, davon auch eines mit dem \u00abCoup de Coeur\u00bb von Studierenden der HEIG-VD.","articlekey":"","footnotes":""},"categories":[580],"tags":[66,358,492],"class_list":["post-13705","post","type-post","status-publish","format-standard","hentry","category-sustainability","tag-awards","tag-nachhaltige-wirtschaft","tag-unternehmen"],"acf":[],"yoast_head":"<!-- This site is optimized with the Yoast SEO plugin v27.5 - https:\/\/yoast.com\/product\/yoast-seo-wordpress\/ -->\n<title>Schweizer Ethikpreis zeichnet vier Projekte aus - Organisator<\/title>\n<meta name=\"description\" content=\"Vier Projekte werden mit dem Schweizer Ethikpreis ausgezeichnet, davon auch eines mit dem \u00abCoup de Coeur\u00bb von Studierenden der HEIG-VD.\" \/>\n<meta name=\"robots\" content=\"index, follow, max-snippet:-1, max-image-preview:large, max-video-preview:-1\" \/>\n<link rel=\"canonical\" href=\"https:\/\/www.organisator.ch\/en\/sustainability\/2022-06-07\/schweizer-ethikpreis-zeichnet-vier-projekte-aus\/\" \/>\n<meta property=\"og:locale\" content=\"en_US\" \/>\n<meta property=\"og:type\" content=\"article\" \/>\n<meta property=\"og:title\" content=\"Schweizer Ethikpreis zeichnet vier Projekte aus\" \/>\n<meta property=\"og:description\" content=\"Vier Projekte werden mit dem Schweizer Ethikpreis ausgezeichnet, davon auch eines mit dem \u00abCoup de Coeur\u00bb von Studierenden der HEIG-VD.\" \/>\n<meta property=\"og:url\" content=\"https:\/\/www.organisator.ch\/en\/sustainability\/2022-06-07\/schweizer-ethikpreis-zeichnet-vier-projekte-aus\/\" \/>\n<meta property=\"og:site_name\" content=\"Organisator\" \/>\n<meta property=\"article:publisher\" content=\"https:\/\/www.facebook.com\/OrganisatorFachmagazin\" \/>\n<meta property=\"article:published_time\" content=\"2022-06-07T16:10:58+00:00\" \/>\n<meta property=\"article:modified_time\" content=\"2022-06-15T08:51:40+00:00\" \/>\n<meta property=\"og:image\" content=\"https:\/\/www.organisator.ch\/wp-content\/uploads\/2022\/06\/Schweizer-Ethikpreis-zeichnet-vier-Projekte-aus_Organisator.jpg\" \/>\n\t<meta property=\"og:image:width\" content=\"680\" \/>\n\t<meta property=\"og:image:height\" content=\"549\" \/>\n\t<meta property=\"og:image:type\" content=\"image\/jpeg\" \/>\n<meta name=\"author\" content=\"thomas.berner\" \/>\n<meta name=\"twitter:card\" content=\"summary_large_image\" \/>\n<meta name=\"twitter:title\" content=\"Schweizer #Ethikpreis zeichnet vier #Projekte aus\" \/>\n<meta name=\"twitter:description\" content=\"Vier #Projekte werden mit dem Schweizer #Ethikpreis ausgezeichnet, davon auch eines mit dem \u00abCoup de Coeur\u00bb von Studierenden der #HEIG-VD.\" \/>\n<meta name=\"twitter:image\" content=\"https:\/\/www.organisator.ch\/wp-content\/uploads\/2022\/06\/Schweizer-Ethikpreis-zeichnet-vier-Projekte-aus_Organisator.jpg\" \/>\n<script type=\"application\/ld+json\" class=\"yoast-schema-graph\">{\"@context\":\"https:\\\/\\\/schema.org\",\"@graph\":[{\"@type\":\"Article\",\"@id\":\"https:\\\/\\\/www.organisator.ch\\\/sustainability\\\/2022-06-07\\\/schweizer-ethikpreis-zeichnet-vier-projekte-aus\\\/#article\",\"isPartOf\":{\"@id\":\"https:\\\/\\\/www.organisator.ch\\\/sustainability\\\/2022-06-07\\\/schweizer-ethikpreis-zeichnet-vier-projekte-aus\\\/\"},\"author\":{\"name\":\"thomas.berner\",\"@id\":\"https:\\\/\\\/www.organisator.ch\\\/#\\\/schema\\\/person\\\/6f650f90b2842cd4c0cc334b4e36f67e\"},\"headline\":\"Schweizer Ethikpreis zeichnet vier Projekte aus\",\"datePublished\":\"2022-06-07T16:10:58+00:00\",\"dateModified\":\"2022-06-15T08:51:40+00:00\",\"mainEntityOfPage\":{\"@id\":\"https:\\\/\\\/www.organisator.ch\\\/sustainability\\\/2022-06-07\\\/schweizer-ethikpreis-zeichnet-vier-projekte-aus\\\/\"},\"wordCount\":555,\"publisher\":{\"@id\":\"https:\\\/\\\/www.organisator.ch\\\/#organization\"},\"image\":{\"@id\":\"https:\\\/\\\/www.organisator.ch\\\/sustainability\\\/2022-06-07\\\/schweizer-ethikpreis-zeichnet-vier-projekte-aus\\\/#primaryimage\"},\"thumbnailUrl\":\"https:\\\/\\\/www.organisator.ch\\\/wp-content\\\/uploads\\\/2022\\\/06\\\/Schweizer-Ethikpreis-zeichnet-vier-Projekte-aus_Organisator.jpg\",\"keywords\":[\"Awards\",\"Nachhaltige Wirtschaft\",\"Unternehmen\"],\"articleSection\":[\"SUSTAINABILITY\"],\"inLanguage\":\"en-US\"},{\"@type\":\"WebPage\",\"@id\":\"https:\\\/\\\/www.organisator.ch\\\/sustainability\\\/2022-06-07\\\/schweizer-ethikpreis-zeichnet-vier-projekte-aus\\\/\",\"url\":\"https:\\\/\\\/www.organisator.ch\\\/sustainability\\\/2022-06-07\\\/schweizer-ethikpreis-zeichnet-vier-projekte-aus\\\/\",\"name\":\"Schweizer Ethikpreis zeichnet vier Projekte aus - Organisator\",\"isPartOf\":{\"@id\":\"https:\\\/\\\/www.organisator.ch\\\/#website\"},\"primaryImageOfPage\":{\"@id\":\"https:\\\/\\\/www.organisator.ch\\\/sustainability\\\/2022-06-07\\\/schweizer-ethikpreis-zeichnet-vier-projekte-aus\\\/#primaryimage\"},\"image\":{\"@id\":\"https:\\\/\\\/www.organisator.ch\\\/sustainability\\\/2022-06-07\\\/schweizer-ethikpreis-zeichnet-vier-projekte-aus\\\/#primaryimage\"},\"thumbnailUrl\":\"https:\\\/\\\/www.organisator.ch\\\/wp-content\\\/uploads\\\/2022\\\/06\\\/Schweizer-Ethikpreis-zeichnet-vier-Projekte-aus_Organisator.jpg\",\"datePublished\":\"2022-06-07T16:10:58+00:00\",\"dateModified\":\"2022-06-15T08:51:40+00:00\",\"description\":\"Vier Projekte werden mit dem Schweizer Ethikpreis ausgezeichnet, davon auch eines mit dem \u00abCoup de Coeur\u00bb von Studierenden der HEIG-VD.\",\"breadcrumb\":{\"@id\":\"https:\\\/\\\/www.organisator.ch\\\/sustainability\\\/2022-06-07\\\/schweizer-ethikpreis-zeichnet-vier-projekte-aus\\\/#breadcrumb\"},\"inLanguage\":\"en-US\",\"potentialAction\":[{\"@type\":\"ReadAction\",\"target\":[\"https:\\\/\\\/www.organisator.ch\\\/sustainability\\\/2022-06-07\\\/schweizer-ethikpreis-zeichnet-vier-projekte-aus\\\/\"]}]},{\"@type\":\"ImageObject\",\"inLanguage\":\"en-US\",\"@id\":\"https:\\\/\\\/www.organisator.ch\\\/sustainability\\\/2022-06-07\\\/schweizer-ethikpreis-zeichnet-vier-projekte-aus\\\/#primaryimage\",\"url\":\"https:\\\/\\\/www.organisator.ch\\\/wp-content\\\/uploads\\\/2022\\\/06\\\/Schweizer-Ethikpreis-zeichnet-vier-Projekte-aus_Organisator.jpg\",\"contentUrl\":\"https:\\\/\\\/www.organisator.ch\\\/wp-content\\\/uploads\\\/2022\\\/06\\\/Schweizer-Ethikpreis-zeichnet-vier-Projekte-aus_Organisator.jpg\"},{\"@type\":\"BreadcrumbList\",\"@id\":\"https:\\\/\\\/www.organisator.ch\\\/sustainability\\\/2022-06-07\\\/schweizer-ethikpreis-zeichnet-vier-projekte-aus\\\/#breadcrumb\",\"itemListElement\":[{\"@type\":\"ListItem\",\"position\":1,\"name\":\"Home\",\"item\":\"https:\\\/\\\/www.organisator.ch\\\/\"},{\"@type\":\"ListItem\",\"position\":2,\"name\":\"Schweizer Ethikpreis zeichnet vier Projekte aus\"}]},{\"@type\":\"WebSite\",\"@id\":\"https:\\\/\\\/www.organisator.ch\\\/#website\",\"url\":\"https:\\\/\\\/www.organisator.ch\\\/\",\"name\":\"Organisator\",\"description\":\"Kompetent. Praxisnah. Der ORGANISATOR bereitet in 10 Ausgaben pro Jahr die wesentlichen Themen f\u00fcr F\u00fchrungskr\u00e4fte von KMU auf.\",\"publisher\":{\"@id\":\"https:\\\/\\\/www.organisator.ch\\\/#organization\"},\"potentialAction\":[{\"@type\":\"SearchAction\",\"target\":{\"@type\":\"EntryPoint\",\"urlTemplate\":\"https:\\\/\\\/www.organisator.ch\\\/?s={search_term_string}\"},\"query-input\":{\"@type\":\"PropertyValueSpecification\",\"valueRequired\":true,\"valueName\":\"search_term_string\"}}],\"inLanguage\":\"en-US\"},{\"@type\":\"Organization\",\"@id\":\"https:\\\/\\\/www.organisator.ch\\\/#organization\",\"name\":\"Organisator\",\"url\":\"https:\\\/\\\/www.organisator.ch\\\/\",\"logo\":{\"@type\":\"ImageObject\",\"inLanguage\":\"en-US\",\"@id\":\"https:\\\/\\\/www.organisator.ch\\\/#\\\/schema\\\/logo\\\/image\\\/\",\"url\":\"https:\\\/\\\/www.organisator.ch\\\/wp-content\\\/uploads\\\/2022\\\/01\\\/Logo_Organisator_Website.png\",\"contentUrl\":\"https:\\\/\\\/www.organisator.ch\\\/wp-content\\\/uploads\\\/2022\\\/01\\\/Logo_Organisator_Website.png\",\"width\":800,\"height\":77,\"caption\":\"Organisator\"},\"image\":{\"@id\":\"https:\\\/\\\/www.organisator.ch\\\/#\\\/schema\\\/logo\\\/image\\\/\"},\"sameAs\":[\"https:\\\/\\\/www.facebook.com\\\/OrganisatorFachmagazin\",\"https:\\\/\\\/www.linkedin.com\\\/showcase\\\/organisator-das-magazin-fr-kmu\",\"https:\\\/\\\/www.xing.com\\\/news\\\/pages\\\/organisator-ch-695\",\"https:\\\/\\\/www.youtube.com\\\/channel\\\/UCGP2Sq0iWaZwT3BdIAQFYpw\"]},{\"@type\":\"Person\",\"@id\":\"https:\\\/\\\/www.organisator.ch\\\/#\\\/schema\\\/person\\\/6f650f90b2842cd4c0cc334b4e36f67e\",\"name\":\"thomas.berner\",\"image\":{\"@type\":\"ImageObject\",\"inLanguage\":\"en-US\",\"@id\":\"https:\\\/\\\/secure.gravatar.com\\\/avatar\\\/ac5001d2a36cb6c6cd3e50789007ffca834b477b74a2144564522e944eabff61?s=96&d=mm&r=g\",\"url\":\"https:\\\/\\\/secure.gravatar.com\\\/avatar\\\/ac5001d2a36cb6c6cd3e50789007ffca834b477b74a2144564522e944eabff61?s=96&d=mm&r=g\",\"contentUrl\":\"https:\\\/\\\/secure.gravatar.com\\\/avatar\\\/ac5001d2a36cb6c6cd3e50789007ffca834b477b74a2144564522e944eabff61?s=96&d=mm&r=g\",\"caption\":\"thomas.berner\"},\"url\":\"https:\\\/\\\/www.organisator.ch\\\/en\\\/author\\\/thomas-berner\\\/\"}]}<\/script>\n<!-- \/ Yoast SEO plugin. -->","yoast_head_json":{"title":"Swiss Ethics Award honors four projects - Organizer","description":"Four projects are awarded the Swiss Ethics Prize, including one \"Coup de Coeur\" by students of HEIG-VD.","robots":{"index":"index","follow":"follow","max-snippet":"max-snippet:-1","max-image-preview":"max-image-preview:large","max-video-preview":"max-video-preview:-1"},"canonical":"https:\/\/www.organisator.ch\/en\/sustainability\/2022-06-07\/schweizer-ethikpreis-zeichnet-vier-projekte-aus\/","og_locale":"en_US","og_type":"article","og_title":"Schweizer Ethikpreis zeichnet vier Projekte aus","og_description":"Vier Projekte werden mit dem Schweizer Ethikpreis ausgezeichnet, davon auch eines mit dem \u00abCoup de Coeur\u00bb von Studierenden der HEIG-VD.","og_url":"https:\/\/www.organisator.ch\/en\/sustainability\/2022-06-07\/schweizer-ethikpreis-zeichnet-vier-projekte-aus\/","og_site_name":"Organisator","article_publisher":"https:\/\/www.facebook.com\/OrganisatorFachmagazin","article_published_time":"2022-06-07T16:10:58+00:00","article_modified_time":"2022-06-15T08:51:40+00:00","og_image":[{"width":680,"height":549,"url":"https:\/\/www.organisator.ch\/wp-content\/uploads\/2022\/06\/Schweizer-Ethikpreis-zeichnet-vier-Projekte-aus_Organisator.jpg","type":"image\/jpeg"}],"author":"thomas.berner","twitter_card":"summary_large_image","twitter_title":"Schweizer #Ethikpreis zeichnet vier #Projekte aus","twitter_description":"Vier #Projekte werden mit dem Schweizer #Ethikpreis ausgezeichnet, davon auch eines mit dem \u00abCoup de Coeur\u00bb von Studierenden der #HEIG-VD.","twitter_image":"https:\/\/www.organisator.ch\/wp-content\/uploads\/2022\/06\/Schweizer-Ethikpreis-zeichnet-vier-Projekte-aus_Organisator.jpg","schema":{"@context":"https:\/\/schema.org","@graph":[{"@type":"Article","@id":"https:\/\/www.organisator.ch\/sustainability\/2022-06-07\/schweizer-ethikpreis-zeichnet-vier-projekte-aus\/#article","isPartOf":{"@id":"https:\/\/www.organisator.ch\/sustainability\/2022-06-07\/schweizer-ethikpreis-zeichnet-vier-projekte-aus\/"},"author":{"name":"thomas.berner","@id":"https:\/\/www.organisator.ch\/#\/schema\/person\/6f650f90b2842cd4c0cc334b4e36f67e"},"headline":"Schweizer Ethikpreis zeichnet vier Projekte aus","datePublished":"2022-06-07T16:10:58+00:00","dateModified":"2022-06-15T08:51:40+00:00","mainEntityOfPage":{"@id":"https:\/\/www.organisator.ch\/sustainability\/2022-06-07\/schweizer-ethikpreis-zeichnet-vier-projekte-aus\/"},"wordCount":555,"publisher":{"@id":"https:\/\/www.organisator.ch\/#organization"},"image":{"@id":"https:\/\/www.organisator.ch\/sustainability\/2022-06-07\/schweizer-ethikpreis-zeichnet-vier-projekte-aus\/#primaryimage"},"thumbnailUrl":"https:\/\/www.organisator.ch\/wp-content\/uploads\/2022\/06\/Schweizer-Ethikpreis-zeichnet-vier-Projekte-aus_Organisator.jpg","keywords":["Awards","Nachhaltige Wirtschaft","Unternehmen"],"articleSection":["SUSTAINABILITY"],"inLanguage":"en-US"},{"@type":"WebPage","@id":"https:\/\/www.organisator.ch\/sustainability\/2022-06-07\/schweizer-ethikpreis-zeichnet-vier-projekte-aus\/","url":"https:\/\/www.organisator.ch\/sustainability\/2022-06-07\/schweizer-ethikpreis-zeichnet-vier-projekte-aus\/","name":"Swiss Ethics Award honors four projects - Organizer","isPartOf":{"@id":"https:\/\/www.organisator.ch\/#website"},"primaryImageOfPage":{"@id":"https:\/\/www.organisator.ch\/sustainability\/2022-06-07\/schweizer-ethikpreis-zeichnet-vier-projekte-aus\/#primaryimage"},"image":{"@id":"https:\/\/www.organisator.ch\/sustainability\/2022-06-07\/schweizer-ethikpreis-zeichnet-vier-projekte-aus\/#primaryimage"},"thumbnailUrl":"https:\/\/www.organisator.ch\/wp-content\/uploads\/2022\/06\/Schweizer-Ethikpreis-zeichnet-vier-Projekte-aus_Organisator.jpg","datePublished":"2022-06-07T16:10:58+00:00","dateModified":"2022-06-15T08:51:40+00:00","description":"Four projects are awarded the Swiss Ethics Prize, including one \"Coup de Coeur\" by students of HEIG-VD.","breadcrumb":{"@id":"https:\/\/www.organisator.ch\/sustainability\/2022-06-07\/schweizer-ethikpreis-zeichnet-vier-projekte-aus\/#breadcrumb"},"inLanguage":"en-US","potentialAction":[{"@type":"ReadAction","target":["https:\/\/www.organisator.ch\/sustainability\/2022-06-07\/schweizer-ethikpreis-zeichnet-vier-projekte-aus\/"]}]},{"@type":"ImageObject","inLanguage":"en-US","@id":"https:\/\/www.organisator.ch\/sustainability\/2022-06-07\/schweizer-ethikpreis-zeichnet-vier-projekte-aus\/#primaryimage","url":"https:\/\/www.organisator.ch\/wp-content\/uploads\/2022\/06\/Schweizer-Ethikpreis-zeichnet-vier-Projekte-aus_Organisator.jpg","contentUrl":"https:\/\/www.organisator.ch\/wp-content\/uploads\/2022\/06\/Schweizer-Ethikpreis-zeichnet-vier-Projekte-aus_Organisator.jpg"},{"@type":"BreadcrumbList","@id":"https:\/\/www.organisator.ch\/sustainability\/2022-06-07\/schweizer-ethikpreis-zeichnet-vier-projekte-aus\/#breadcrumb","itemListElement":[{"@type":"ListItem","position":1,"name":"Home","item":"https:\/\/www.organisator.ch\/"},{"@type":"ListItem","position":2,"name":"Schweizer Ethikpreis zeichnet vier Projekte aus"}]},{"@type":"WebSite","@id":"https:\/\/www.organisator.ch\/#website","url":"https:\/\/www.organisator.ch\/","name":"Organizer","description":"Competent. Practical. In 10 issues per year, ORGANISATOR presents the essential topics for managers of SMEs.","publisher":{"@id":"https:\/\/www.organisator.ch\/#organization"},"potentialAction":[{"@type":"SearchAction","target":{"@type":"EntryPoint","urlTemplate":"https:\/\/www.organisator.ch\/?s={search_term_string}"},"query-input":{"@type":"PropertyValueSpecification","valueRequired":true,"valueName":"search_term_string"}}],"inLanguage":"en-US"},{"@type":"Organization","@id":"https:\/\/www.organisator.ch\/#organization","name":"Organizer","url":"https:\/\/www.organisator.ch\/","logo":{"@type":"ImageObject","inLanguage":"en-US","@id":"https:\/\/www.organisator.ch\/#\/schema\/logo\/image\/","url":"https:\/\/www.organisator.ch\/wp-content\/uploads\/2022\/01\/Logo_Organisator_Website.png","contentUrl":"https:\/\/www.organisator.ch\/wp-content\/uploads\/2022\/01\/Logo_Organisator_Website.png","width":800,"height":77,"caption":"Organisator"},"image":{"@id":"https:\/\/www.organisator.ch\/#\/schema\/logo\/image\/"},"sameAs":["https:\/\/www.facebook.com\/OrganisatorFachmagazin","https:\/\/www.linkedin.com\/showcase\/organisator-das-magazin-fr-kmu","https:\/\/www.xing.com\/news\/pages\/organisator-ch-695","https:\/\/www.youtube.com\/channel\/UCGP2Sq0iWaZwT3BdIAQFYpw"]},{"@type":"Person","@id":"https:\/\/www.organisator.ch\/#\/schema\/person\/6f650f90b2842cd4c0cc334b4e36f67e","name":"thomas.berner","image":{"@type":"ImageObject","inLanguage":"en-US","@id":"https:\/\/secure.gravatar.com\/avatar\/ac5001d2a36cb6c6cd3e50789007ffca834b477b74a2144564522e944eabff61?s=96&d=mm&r=g","url":"https:\/\/secure.gravatar.com\/avatar\/ac5001d2a36cb6c6cd3e50789007ffca834b477b74a2144564522e944eabff61?s=96&d=mm&r=g","contentUrl":"https:\/\/secure.gravatar.com\/avatar\/ac5001d2a36cb6c6cd3e50789007ffca834b477b74a2144564522e944eabff61?s=96&d=mm&r=g","caption":"thomas.berner"},"url":"https:\/\/www.organisator.ch\/en\/author\/thomas-berner\/"}]}},"_links":{"self":[{"href":"https:\/\/www.organisator.ch\/en\/wp-json\/wp\/v2\/posts\/13705","targetHints":{"allow":["GET"]}}],"collection":[{"href":"https:\/\/www.organisator.ch\/en\/wp-json\/wp\/v2\/posts"}],"about":[{"href":"https:\/\/www.organisator.ch\/en\/wp-json\/wp\/v2\/types\/post"}],"author":[{"embeddable":true,"href":"https:\/\/www.organisator.ch\/en\/wp-json\/wp\/v2\/users\/4"}],"replies":[{"embeddable":true,"href":"https:\/\/www.organisator.ch\/en\/wp-json\/wp\/v2\/comments?post=13705"}],"version-history":[{"count":6,"href":"https:\/\/www.organisator.ch\/en\/wp-json\/wp\/v2\/posts\/13705\/revisions"}],"predecessor-version":[{"id":14240,"href":"https:\/\/www.organisator.ch\/en\/wp-json\/wp\/v2\/posts\/13705\/revisions\/14240"}],"wp:attachment":[{"href":"https:\/\/www.organisator.ch\/en\/wp-json\/wp\/v2\/media?parent=13705"}],"wp:term":[{"taxonomy":"category","embeddable":true,"href":"https:\/\/www.organisator.ch\/en\/wp-json\/wp\/v2\/categories?post=13705"},{"taxonomy":"post_tag","embeddable":true,"href":"https:\/\/www.organisator.ch\/en\/wp-json\/wp\/v2\/tags?post=13705"}],"curies":[{"name":"wp","href":"https:\/\/api.w.org\/{rel}","templated":true}]}}