{"id":1384,"date":"2017-01-19T10:41:11","date_gmt":"2017-01-19T09:41:11","guid":{"rendered":"https:\/\/organisator.ch\/?p=1384"},"modified":"2017-01-19T10:41:11","modified_gmt":"2017-01-19T09:41:11","slug":"bexio-uebernimmt-elohna","status":"publish","type":"post","link":"https:\/\/www.organisator.ch\/en\/management\/it\/2017-01-19\/bexio-uebernimmt-elohna\/","title":{"rendered":"bexio takes over Elohna"},"content":{"rendered":"<figure id=\"attachment_1388\" aria-describedby=\"caption-attachment-1388\" style=\"width: 640px\" class=\"wp-caption alignnone\"><img loading=\"lazy\" decoding=\"async\" class=\"size-full wp-image-1388\" src=\"https:\/\/www.organisator.ch\/wp-content\/uploads\/2017\/01\/bexio-uebernimmt-Elohna_Organisator.jpg\" alt=\"\" width=\"640\" height=\"427\" srcset=\"https:\/\/www.organisator.ch\/wp-content\/uploads\/2017\/01\/bexio-uebernimmt-Elohna_Organisator.jpg 640w, https:\/\/www.organisator.ch\/wp-content\/uploads\/2017\/01\/bexio-uebernimmt-Elohna_Organisator-16x12.jpg 16w, https:\/\/www.organisator.ch\/wp-content\/uploads\/2017\/01\/bexio-uebernimmt-Elohna_Organisator-262x175.jpg 262w, https:\/\/www.organisator.ch\/wp-content\/uploads\/2017\/01\/bexio-uebernimmt-Elohna_Organisator-525x350.jpg 525w, https:\/\/www.organisator.ch\/wp-content\/uploads\/2017\/01\/bexio-uebernimmt-Elohna_Organisator-300x200.jpg 300w\" sizes=\"auto, (max-width: 640px) 100vw, 640px\" \/><figcaption id=\"caption-attachment-1388\" class=\"wp-caption-text\">Jeremias Meier, founder of bexio, adds a new chapter to his company's success story with the acquisition of Elohna GmbH. (Archive image organizer)<\/figcaption><\/figure>\n<p align=\"LEFT\">bexio is a provider of web-based business software for SMEs. The Rapperswil-based company is now acquiring Elohna GmbH from Berlin. Elohna develops and markets cloud-based payroll accounting specifically for Swiss SMEs. The company was initiated in 2016 by Doodle founders Myke N\u00e4f and Paul Sevin\u00e7 to replace cumbersome payroll accounting with Excel spreadsheets with modern online software. The parties have agreed not to disclose the purchase price; with the acquisition, the Elohna founders will become shareholders of bexio.<\/p>\n<p align=\"LEFT\">This step is another chapter in the growth story of the Swiss software company, which won the award for best software startup at the \"Top 100 Startup\" awards last September. Meanwhile, bexio AG has 50 employees and more than 8000 companies work with the business software. With payroll accounting, this number is soon to increase significantly: \"Payroll accounting with Excel was yesterday. Thanks to bexio, even more entrepreneurs can now benefit from the modern web service,\" says Myke N\u00e4f, initiator of Elohna. According to his colleague Paul Sevin\u00e7, the two companies would be a perfect match: \"Both are easy-to-use software and always accessible thanks to the cloud, which is ideal for SMEs.\"<\/p>\n<p align=\"LEFT\">Marius Kreis, co-founder of Elohna and new head of the Berlin office: \"We have numerous joint customers who will benefit from the cooperation.\" And Jeremias Meier, co-founder and CEO of bexio, adds: \"I am impressed by the speed at which the Elohna team has developed a great product and I am very much looking forward to our further cooperation. It's great that payroll and the entire team are now a part of our solution.\" He is particularly pleased to fulfill one of the most common requests from bexio customers: \"By integrating payroll into the accounting software, we are making life even easier for small business owners and thus expanding our platform.\"<\/p>\n<p><a href=\"http:\/\/www.bexio.com\"><em>More information<\/em><\/a><\/p>","protected":false},"excerpt":{"rendered":"<p>bexio ist eine Anbieterin von webbasierter Business Software f\u00fcr KMU. Das Unternehmen mit Sitz in Rapperswil\u00a0\u00fcbernimmt nun die Elohna GmbH aus Berlin. Elohna entwickelt und vermarktet eine cloudbasierte Lohnbuchhaltung speziell f\u00fcr Schweizer KMU.\u00a0Das Unternehmen\u00a0wurde 2016 von den Doodle-Gr\u00fcndern Myke N\u00e4f und Paul Sevin\u00e7 initiiert, um die umst\u00e4ndliche Lohnbuchhaltung mit Excel-Tabellen durch moderne Online-Software zu ersetzen. [&hellip;]<\/p>\n","protected":false},"author":4,"featured_media":1388,"comment_status":"open","ping_status":"open","sticky":false,"template":"","format":"standard","meta":{"_acf_changed":false,"_yoast_wpseo_focuskw":"bexio","_yoast_wpseo_metadesc":"bexio ist eine Anbieterin von webbasierter Business Software f\u00fcr KMU. Das Unternehmen mit Sitz in Rapperswil \u00fcbernimmt nun die Elohna GmbH aus Berlin.","articlekey":"","footnotes":""},"categories":[27],"tags":[202,290,393,492],"class_list":["post-1384","post","type-post","status-publish","format-standard","has-post-thumbnail","hentry","category-it","tag-finanzenrecht","tag-itbusiness-software","tag-produkte","tag-unternehmen"],"acf":[],"yoast_head":"<!-- This site is optimized with the Yoast SEO plugin v27.5 - https:\/\/yoast.com\/product\/yoast-seo-wordpress\/ -->\n<title>bexio \u00fcbernimmt Elohna - Organisator<\/title>\n<meta name=\"description\" content=\"bexio ist eine Anbieterin von webbasierter Business Software f\u00fcr KMU. Das Unternehmen mit Sitz in Rapperswil \u00fcbernimmt nun die Elohna GmbH aus Berlin.\" \/>\n<meta name=\"robots\" content=\"index, follow, max-snippet:-1, max-image-preview:large, max-video-preview:-1\" \/>\n<link rel=\"canonical\" href=\"https:\/\/www.organisator.ch\/en\/management\/it\/2017-01-19\/bexio-uebernimmt-elohna\/\" \/>\n<meta property=\"og:locale\" content=\"en_US\" \/>\n<meta property=\"og:type\" content=\"article\" \/>\n<meta property=\"og:title\" content=\"bexio \u00fcbernimmt Elohna - Organisator\" \/>\n<meta property=\"og:description\" content=\"bexio ist eine Anbieterin von webbasierter Business Software f\u00fcr KMU. Das Unternehmen mit Sitz in Rapperswil \u00fcbernimmt nun die Elohna GmbH aus Berlin.\" \/>\n<meta property=\"og:url\" content=\"https:\/\/www.organisator.ch\/en\/management\/it\/2017-01-19\/bexio-uebernimmt-elohna\/\" \/>\n<meta property=\"og:site_name\" content=\"Organisator\" \/>\n<meta property=\"article:publisher\" content=\"https:\/\/www.facebook.com\/OrganisatorFachmagazin\" \/>\n<meta property=\"article:published_time\" content=\"2017-01-19T09:41:11+00:00\" \/>\n<meta property=\"og:image\" content=\"https:\/\/www.organisator.ch\/wp-content\/uploads\/2017\/01\/bexio-uebernimmt-Elohna_Organisator.jpg\" \/>\n\t<meta property=\"og:image:width\" content=\"640\" \/>\n\t<meta property=\"og:image:height\" content=\"427\" \/>\n\t<meta property=\"og:image:type\" content=\"image\/jpeg\" \/>\n<meta name=\"author\" content=\"thomas.berner\" \/>\n<meta name=\"twitter:card\" content=\"summary_large_image\" \/>\n<script type=\"application\/ld+json\" class=\"yoast-schema-graph\">{\"@context\":\"https:\\\/\\\/schema.org\",\"@graph\":[{\"@type\":\"Article\",\"@id\":\"https:\\\/\\\/www.organisator.ch\\\/management\\\/it\\\/2017-01-19\\\/bexio-uebernimmt-elohna\\\/#article\",\"isPartOf\":{\"@id\":\"https:\\\/\\\/www.organisator.ch\\\/management\\\/it\\\/2017-01-19\\\/bexio-uebernimmt-elohna\\\/\"},\"author\":{\"name\":\"thomas.berner\",\"@id\":\"https:\\\/\\\/www.organisator.ch\\\/#\\\/schema\\\/person\\\/6f650f90b2842cd4c0cc334b4e36f67e\"},\"headline\":\"bexio \u00fcbernimmt Elohna\",\"datePublished\":\"2017-01-19T09:41:11+00:00\",\"mainEntityOfPage\":{\"@id\":\"https:\\\/\\\/www.organisator.ch\\\/management\\\/it\\\/2017-01-19\\\/bexio-uebernimmt-elohna\\\/\"},\"wordCount\":335,\"commentCount\":0,\"publisher\":{\"@id\":\"https:\\\/\\\/www.organisator.ch\\\/#organization\"},\"image\":{\"@id\":\"https:\\\/\\\/www.organisator.ch\\\/management\\\/it\\\/2017-01-19\\\/bexio-uebernimmt-elohna\\\/#primaryimage\"},\"thumbnailUrl\":\"https:\\\/\\\/www.organisator.ch\\\/wp-content\\\/uploads\\\/2017\\\/01\\\/bexio-uebernimmt-Elohna_Organisator.jpg\",\"keywords\":[\"Finanzen\\\/Recht\",\"IT&amp;Business Software\",\"Produkte\",\"Unternehmen\"],\"articleSection\":[\"IT\"],\"inLanguage\":\"en-US\"},{\"@type\":\"WebPage\",\"@id\":\"https:\\\/\\\/www.organisator.ch\\\/management\\\/it\\\/2017-01-19\\\/bexio-uebernimmt-elohna\\\/\",\"url\":\"https:\\\/\\\/www.organisator.ch\\\/management\\\/it\\\/2017-01-19\\\/bexio-uebernimmt-elohna\\\/\",\"name\":\"bexio \u00fcbernimmt Elohna - Organisator\",\"isPartOf\":{\"@id\":\"https:\\\/\\\/www.organisator.ch\\\/#website\"},\"primaryImageOfPage\":{\"@id\":\"https:\\\/\\\/www.organisator.ch\\\/management\\\/it\\\/2017-01-19\\\/bexio-uebernimmt-elohna\\\/#primaryimage\"},\"image\":{\"@id\":\"https:\\\/\\\/www.organisator.ch\\\/management\\\/it\\\/2017-01-19\\\/bexio-uebernimmt-elohna\\\/#primaryimage\"},\"thumbnailUrl\":\"https:\\\/\\\/www.organisator.ch\\\/wp-content\\\/uploads\\\/2017\\\/01\\\/bexio-uebernimmt-Elohna_Organisator.jpg\",\"datePublished\":\"2017-01-19T09:41:11+00:00\",\"description\":\"bexio ist eine Anbieterin von webbasierter Business Software f\u00fcr KMU. Das Unternehmen mit Sitz in Rapperswil \u00fcbernimmt nun die Elohna GmbH aus Berlin.\",\"breadcrumb\":{\"@id\":\"https:\\\/\\\/www.organisator.ch\\\/management\\\/it\\\/2017-01-19\\\/bexio-uebernimmt-elohna\\\/#breadcrumb\"},\"inLanguage\":\"en-US\",\"potentialAction\":[{\"@type\":\"ReadAction\",\"target\":[\"https:\\\/\\\/www.organisator.ch\\\/management\\\/it\\\/2017-01-19\\\/bexio-uebernimmt-elohna\\\/\"]}]},{\"@type\":\"ImageObject\",\"inLanguage\":\"en-US\",\"@id\":\"https:\\\/\\\/www.organisator.ch\\\/management\\\/it\\\/2017-01-19\\\/bexio-uebernimmt-elohna\\\/#primaryimage\",\"url\":\"https:\\\/\\\/www.organisator.ch\\\/wp-content\\\/uploads\\\/2017\\\/01\\\/bexio-uebernimmt-Elohna_Organisator.jpg\",\"contentUrl\":\"https:\\\/\\\/www.organisator.ch\\\/wp-content\\\/uploads\\\/2017\\\/01\\\/bexio-uebernimmt-Elohna_Organisator.jpg\",\"width\":640,\"height\":427,\"caption\":\"Jeremias Meier, Gr\u00fcnder von bexio, f\u00fcgt der Erfolgsstory seines Unternehmens ein neues Kapitel hinzu. (Archivbild Organisator)\"},{\"@type\":\"BreadcrumbList\",\"@id\":\"https:\\\/\\\/www.organisator.ch\\\/management\\\/it\\\/2017-01-19\\\/bexio-uebernimmt-elohna\\\/#breadcrumb\",\"itemListElement\":[{\"@type\":\"ListItem\",\"position\":1,\"name\":\"Home\",\"item\":\"https:\\\/\\\/www.organisator.ch\\\/\"},{\"@type\":\"ListItem\",\"position\":2,\"name\":\"bexio \u00fcbernimmt Elohna\"}]},{\"@type\":\"WebSite\",\"@id\":\"https:\\\/\\\/www.organisator.ch\\\/#website\",\"url\":\"https:\\\/\\\/www.organisator.ch\\\/\",\"name\":\"Organisator\",\"description\":\"Kompetent. Praxisnah. Der ORGANISATOR bereitet in 10 Ausgaben pro Jahr die wesentlichen Themen f\u00fcr F\u00fchrungskr\u00e4fte von KMU auf.\",\"publisher\":{\"@id\":\"https:\\\/\\\/www.organisator.ch\\\/#organization\"},\"potentialAction\":[{\"@type\":\"SearchAction\",\"target\":{\"@type\":\"EntryPoint\",\"urlTemplate\":\"https:\\\/\\\/www.organisator.ch\\\/?s={search_term_string}\"},\"query-input\":{\"@type\":\"PropertyValueSpecification\",\"valueRequired\":true,\"valueName\":\"search_term_string\"}}],\"inLanguage\":\"en-US\"},{\"@type\":\"Organization\",\"@id\":\"https:\\\/\\\/www.organisator.ch\\\/#organization\",\"name\":\"Organisator\",\"url\":\"https:\\\/\\\/www.organisator.ch\\\/\",\"logo\":{\"@type\":\"ImageObject\",\"inLanguage\":\"en-US\",\"@id\":\"https:\\\/\\\/www.organisator.ch\\\/#\\\/schema\\\/logo\\\/image\\\/\",\"url\":\"https:\\\/\\\/www.organisator.ch\\\/wp-content\\\/uploads\\\/2022\\\/01\\\/Logo_Organisator_Website.png\",\"contentUrl\":\"https:\\\/\\\/www.organisator.ch\\\/wp-content\\\/uploads\\\/2022\\\/01\\\/Logo_Organisator_Website.png\",\"width\":800,\"height\":77,\"caption\":\"Organisator\"},\"image\":{\"@id\":\"https:\\\/\\\/www.organisator.ch\\\/#\\\/schema\\\/logo\\\/image\\\/\"},\"sameAs\":[\"https:\\\/\\\/www.facebook.com\\\/OrganisatorFachmagazin\",\"https:\\\/\\\/www.linkedin.com\\\/showcase\\\/organisator-das-magazin-fr-kmu\",\"https:\\\/\\\/www.xing.com\\\/news\\\/pages\\\/organisator-ch-695\",\"https:\\\/\\\/www.youtube.com\\\/channel\\\/UCGP2Sq0iWaZwT3BdIAQFYpw\"]},{\"@type\":\"Person\",\"@id\":\"https:\\\/\\\/www.organisator.ch\\\/#\\\/schema\\\/person\\\/6f650f90b2842cd4c0cc334b4e36f67e\",\"name\":\"thomas.berner\",\"image\":{\"@type\":\"ImageObject\",\"inLanguage\":\"en-US\",\"@id\":\"https:\\\/\\\/secure.gravatar.com\\\/avatar\\\/ac5001d2a36cb6c6cd3e50789007ffca834b477b74a2144564522e944eabff61?s=96&d=mm&r=g\",\"url\":\"https:\\\/\\\/secure.gravatar.com\\\/avatar\\\/ac5001d2a36cb6c6cd3e50789007ffca834b477b74a2144564522e944eabff61?s=96&d=mm&r=g\",\"contentUrl\":\"https:\\\/\\\/secure.gravatar.com\\\/avatar\\\/ac5001d2a36cb6c6cd3e50789007ffca834b477b74a2144564522e944eabff61?s=96&d=mm&r=g\",\"caption\":\"thomas.berner\"},\"url\":\"https:\\\/\\\/www.organisator.ch\\\/en\\\/author\\\/thomas-berner\\\/\"}]}<\/script>\n<!-- \/ Yoast SEO plugin. -->","yoast_head_json":{"title":"bexio takes over Elohna - organizer","description":"bexio is a provider of web-based business software for SMEs. The Rapperswil-based company is now acquiring Elohna GmbH from Berlin.","robots":{"index":"index","follow":"follow","max-snippet":"max-snippet:-1","max-image-preview":"max-image-preview:large","max-video-preview":"max-video-preview:-1"},"canonical":"https:\/\/www.organisator.ch\/en\/management\/it\/2017-01-19\/bexio-uebernimmt-elohna\/","og_locale":"en_US","og_type":"article","og_title":"bexio \u00fcbernimmt Elohna - Organisator","og_description":"bexio ist eine Anbieterin von webbasierter Business Software f\u00fcr KMU. Das Unternehmen mit Sitz in Rapperswil \u00fcbernimmt nun die Elohna GmbH aus Berlin.","og_url":"https:\/\/www.organisator.ch\/en\/management\/it\/2017-01-19\/bexio-uebernimmt-elohna\/","og_site_name":"Organisator","article_publisher":"https:\/\/www.facebook.com\/OrganisatorFachmagazin","article_published_time":"2017-01-19T09:41:11+00:00","og_image":[{"width":640,"height":427,"url":"https:\/\/www.organisator.ch\/wp-content\/uploads\/2017\/01\/bexio-uebernimmt-Elohna_Organisator.jpg","type":"image\/jpeg"}],"author":"thomas.berner","twitter_card":"summary_large_image","schema":{"@context":"https:\/\/schema.org","@graph":[{"@type":"Article","@id":"https:\/\/www.organisator.ch\/management\/it\/2017-01-19\/bexio-uebernimmt-elohna\/#article","isPartOf":{"@id":"https:\/\/www.organisator.ch\/management\/it\/2017-01-19\/bexio-uebernimmt-elohna\/"},"author":{"name":"thomas.berner","@id":"https:\/\/www.organisator.ch\/#\/schema\/person\/6f650f90b2842cd4c0cc334b4e36f67e"},"headline":"bexio \u00fcbernimmt Elohna","datePublished":"2017-01-19T09:41:11+00:00","mainEntityOfPage":{"@id":"https:\/\/www.organisator.ch\/management\/it\/2017-01-19\/bexio-uebernimmt-elohna\/"},"wordCount":335,"commentCount":0,"publisher":{"@id":"https:\/\/www.organisator.ch\/#organization"},"image":{"@id":"https:\/\/www.organisator.ch\/management\/it\/2017-01-19\/bexio-uebernimmt-elohna\/#primaryimage"},"thumbnailUrl":"https:\/\/www.organisator.ch\/wp-content\/uploads\/2017\/01\/bexio-uebernimmt-Elohna_Organisator.jpg","keywords":["Finanzen\/Recht","IT&amp;Business Software","Produkte","Unternehmen"],"articleSection":["IT"],"inLanguage":"en-US"},{"@type":"WebPage","@id":"https:\/\/www.organisator.ch\/management\/it\/2017-01-19\/bexio-uebernimmt-elohna\/","url":"https:\/\/www.organisator.ch\/management\/it\/2017-01-19\/bexio-uebernimmt-elohna\/","name":"bexio takes over Elohna - organizer","isPartOf":{"@id":"https:\/\/www.organisator.ch\/#website"},"primaryImageOfPage":{"@id":"https:\/\/www.organisator.ch\/management\/it\/2017-01-19\/bexio-uebernimmt-elohna\/#primaryimage"},"image":{"@id":"https:\/\/www.organisator.ch\/management\/it\/2017-01-19\/bexio-uebernimmt-elohna\/#primaryimage"},"thumbnailUrl":"https:\/\/www.organisator.ch\/wp-content\/uploads\/2017\/01\/bexio-uebernimmt-Elohna_Organisator.jpg","datePublished":"2017-01-19T09:41:11+00:00","description":"bexio is a provider of web-based business software for SMEs. The Rapperswil-based company is now acquiring Elohna GmbH from Berlin.","breadcrumb":{"@id":"https:\/\/www.organisator.ch\/management\/it\/2017-01-19\/bexio-uebernimmt-elohna\/#breadcrumb"},"inLanguage":"en-US","potentialAction":[{"@type":"ReadAction","target":["https:\/\/www.organisator.ch\/management\/it\/2017-01-19\/bexio-uebernimmt-elohna\/"]}]},{"@type":"ImageObject","inLanguage":"en-US","@id":"https:\/\/www.organisator.ch\/management\/it\/2017-01-19\/bexio-uebernimmt-elohna\/#primaryimage","url":"https:\/\/www.organisator.ch\/wp-content\/uploads\/2017\/01\/bexio-uebernimmt-Elohna_Organisator.jpg","contentUrl":"https:\/\/www.organisator.ch\/wp-content\/uploads\/2017\/01\/bexio-uebernimmt-Elohna_Organisator.jpg","width":640,"height":427,"caption":"Jeremias Meier, Gr\u00fcnder von bexio, f\u00fcgt der Erfolgsstory seines Unternehmens ein neues Kapitel hinzu. (Archivbild Organisator)"},{"@type":"BreadcrumbList","@id":"https:\/\/www.organisator.ch\/management\/it\/2017-01-19\/bexio-uebernimmt-elohna\/#breadcrumb","itemListElement":[{"@type":"ListItem","position":1,"name":"Home","item":"https:\/\/www.organisator.ch\/"},{"@type":"ListItem","position":2,"name":"bexio \u00fcbernimmt Elohna"}]},{"@type":"WebSite","@id":"https:\/\/www.organisator.ch\/#website","url":"https:\/\/www.organisator.ch\/","name":"Organizer","description":"Competent. Practical. In 10 issues per year, ORGANISATOR presents the essential topics for managers of SMEs.","publisher":{"@id":"https:\/\/www.organisator.ch\/#organization"},"potentialAction":[{"@type":"SearchAction","target":{"@type":"EntryPoint","urlTemplate":"https:\/\/www.organisator.ch\/?s={search_term_string}"},"query-input":{"@type":"PropertyValueSpecification","valueRequired":true,"valueName":"search_term_string"}}],"inLanguage":"en-US"},{"@type":"Organization","@id":"https:\/\/www.organisator.ch\/#organization","name":"Organizer","url":"https:\/\/www.organisator.ch\/","logo":{"@type":"ImageObject","inLanguage":"en-US","@id":"https:\/\/www.organisator.ch\/#\/schema\/logo\/image\/","url":"https:\/\/www.organisator.ch\/wp-content\/uploads\/2022\/01\/Logo_Organisator_Website.png","contentUrl":"https:\/\/www.organisator.ch\/wp-content\/uploads\/2022\/01\/Logo_Organisator_Website.png","width":800,"height":77,"caption":"Organisator"},"image":{"@id":"https:\/\/www.organisator.ch\/#\/schema\/logo\/image\/"},"sameAs":["https:\/\/www.facebook.com\/OrganisatorFachmagazin","https:\/\/www.linkedin.com\/showcase\/organisator-das-magazin-fr-kmu","https:\/\/www.xing.com\/news\/pages\/organisator-ch-695","https:\/\/www.youtube.com\/channel\/UCGP2Sq0iWaZwT3BdIAQFYpw"]},{"@type":"Person","@id":"https:\/\/www.organisator.ch\/#\/schema\/person\/6f650f90b2842cd4c0cc334b4e36f67e","name":"thomas.berner","image":{"@type":"ImageObject","inLanguage":"en-US","@id":"https:\/\/secure.gravatar.com\/avatar\/ac5001d2a36cb6c6cd3e50789007ffca834b477b74a2144564522e944eabff61?s=96&d=mm&r=g","url":"https:\/\/secure.gravatar.com\/avatar\/ac5001d2a36cb6c6cd3e50789007ffca834b477b74a2144564522e944eabff61?s=96&d=mm&r=g","contentUrl":"https:\/\/secure.gravatar.com\/avatar\/ac5001d2a36cb6c6cd3e50789007ffca834b477b74a2144564522e944eabff61?s=96&d=mm&r=g","caption":"thomas.berner"},"url":"https:\/\/www.organisator.ch\/en\/author\/thomas-berner\/"}]}},"_links":{"self":[{"href":"https:\/\/www.organisator.ch\/en\/wp-json\/wp\/v2\/posts\/1384","targetHints":{"allow":["GET"]}}],"collection":[{"href":"https:\/\/www.organisator.ch\/en\/wp-json\/wp\/v2\/posts"}],"about":[{"href":"https:\/\/www.organisator.ch\/en\/wp-json\/wp\/v2\/types\/post"}],"author":[{"embeddable":true,"href":"https:\/\/www.organisator.ch\/en\/wp-json\/wp\/v2\/users\/4"}],"replies":[{"embeddable":true,"href":"https:\/\/www.organisator.ch\/en\/wp-json\/wp\/v2\/comments?post=1384"}],"version-history":[{"count":0,"href":"https:\/\/www.organisator.ch\/en\/wp-json\/wp\/v2\/posts\/1384\/revisions"}],"wp:featuredmedia":[{"embeddable":true,"href":"https:\/\/www.organisator.ch\/en\/wp-json\/wp\/v2\/media\/1388"}],"wp:attachment":[{"href":"https:\/\/www.organisator.ch\/en\/wp-json\/wp\/v2\/media?parent=1384"}],"wp:term":[{"taxonomy":"category","embeddable":true,"href":"https:\/\/www.organisator.ch\/en\/wp-json\/wp\/v2\/categories?post=1384"},{"taxonomy":"post_tag","embeddable":true,"href":"https:\/\/www.organisator.ch\/en\/wp-json\/wp\/v2\/tags?post=1384"}],"curies":[{"name":"wp","href":"https:\/\/api.w.org\/{rel}","templated":true}]}}