{"id":14095,"date":"2022-06-09T08:44:12","date_gmt":"2022-06-09T06:44:12","guid":{"rendered":"https:\/\/www.werbewoche.ch\/?p=174784"},"modified":"2022-07-27T11:35:43","modified_gmt":"2022-07-27T09:35:43","slug":"brand-re-shape-fuer-siemens-hausgeraete","status":"publish","type":"post","link":"https:\/\/www.organisator.ch\/en\/marketing\/2022-06-09\/brand-re-shape-fuer-siemens-hausgeraete\/","title":{"rendered":"Brand Re-Shape for Siemens home appliances"},"content":{"rendered":"<img class=\"aligncenter wp-image-174789 size-full\" src=\"https:\/\/www.werbewoche.ch\/wp-content\/uploads\/2022\/06\/02_01_Siemens_Kitchen_empowering0.jpg\" alt=\"Siemens household appliances\" width=\"1000\" height=\"707\" \/>The demands that consumers place on companies and brands they trust have risen significantly. They expect answers to pressing social issues and want meaningful progress. In the future, Siemens Hausger\u00e4te wants to take this social mission into account with a rejuvenated brand identity. This will be shown for the first time at Eurocucina - including a new brand film, an international image and product campaign and a new retail concept.\r\n\r\n\r\n<h3><strong>Changing target group expectations<\/strong><\/h3>\r\nOf central importance for the repositioning was the question of what people today associate with the topics of \"progress\" and \"home\" - key terms for Siemens home appliances. To this end, the brand commissioned a study in seven countries.\r\n\r\nThe results show that the long-running pandemic, growing concerns about climate change and the increasingly visible divisions in society have caused 87 percent of respondents to rethink their previous views on progress as well as their priorities. More than 70 percent believe that people should live and consume more consciously and avoid excessive consumption and waste in order to address the climate crisis. A large majority say they have already started to change their behavior at home in line with these beliefs. In addition, the developments of the last two years in particular have increased the importance of their own four walls for many. In this \"new home,\" family, life and work intertwine in a dynamic way.<img class=\"aligncenter wp-image-174788 size-full\" src=\"https:\/\/www.werbewoche.ch\/wp-content\/uploads\/2022\/06\/GL_SIE_EBV_Empowering_preparation_Blog_Teaser_4_30.jpg\" alt=\"Siemens household appliances\" width=\"1000\" height=\"750\" \/>\r\n<h3><strong>Shaping meaningful progress<\/strong><\/h3>\r\nWith the Re-Shape brand, Siemens Hausger\u00e4te wants to commit to meaningful progress as well as the desire to help shape a more sustainable future. In doing so, smart technologies and increasing connectivity can help solve a variety of problems that go beyond the individual. \"With our research-based brand focus, we are putting people first: helping consumers effortlessly overcome their daily challenges while achieving higher goals,\" said Matthias Ginthum, chief markets officer at BSH Hausger\u00e4te.\r\nThe campaign, which can be seen immediately in all major Siemens markets, is aimed at a target group described as curious and ambitious, progress-oriented and technology-savvy.<img class=\"aligncenter size-full wp-image-174787\" src=\"https:\/\/www.werbewoche.ch\/wp-content\/uploads\/2022\/06\/GL_SIE_PIU_Empowering_bakery_M66_3E_01860.jpg\" alt=\"Siemens household appliances\" width=\"1000\" height=\"667\" \/>\r\n<h3><strong>CD: more power, more closeness<\/strong><\/h3>\r\nDriven by this idea of meaningful progress and lofty goals, a new visual identity was created: the combination of deep blue, pure white and the Siemens petrol is intended to provide fresh color impulses. In addition, the brand design uses the power of typography and imagery to create a more dynamic and modern look.\r\n<h3><strong>Wide-ranging use<\/strong><\/h3>\r\nFollowing its premiere at Eurocucina, the new brand design will be presented at other international trade shows such as AWE in China and IFA in Berlin. It will also be used in over 8,500 brand and flagship stores, showrooms and shop-in-shops worldwide. As the global campaign emphasizes direct contact with the end consumer, there is a particular focus on social media - Instagram, YouTube, Facebook and LinkedIn - as well as on the brand's own channels. Direct involvement in the brand themes of \"progress\" and \"inquisitiveness\" is intended to reach a broad audience and create more proximity in order to build sustainable relationships with potential consumers, partners, multipliers and future employees.","protected":false},"excerpt":{"rendered":"<p>Die Anspr\u00fcche, die Verbraucher in Unternehmen\u00a0und Marken ihres Vertrauens setzen, sind deutlich gestiegen. Sie erwarten\u00a0Antworten auf dr\u00e4ngende gesellschaftliche Fragen und w\u00fcnschen sich sinnvollen\u00a0Fortschritt. K\u00fcnftig will Siemens Hausger\u00e4te diesem\u00a0gesellschaftlichen Auftrag mit\u00a0einem verj\u00fcngten Markenauftritt Rechnung tragen. Auf der Eurocucina wird dieser erstmals gezeigt \u2013 inklusive neuem Markenfilm, einer internationalen Image- und\u00a0Produktkampagne und neuem Einzelhandelskonzept. Ver\u00e4nderte Zielgruppenerwartungen Zentrale [\u2026]<\/p>\n","protected":false},"author":8,"featured_media":0,"comment_status":"closed","ping_status":"closed","sticky":false,"template":"","format":"standard","meta":{"_acf_changed":false,"_yoast_wpseo_focuskw":"Siemens Hausger\u00e4te","_yoast_wpseo_metadesc":"Auf der Eurocucina in Mailand stellt Siemens Hausger\u00e4te das neue Markenprofil und Corporate Design vor.","articlekey":"","footnotes":""},"categories":[29],"tags":[2938,3117],"class_list":["post-14095","post","type-post","status-publish","format-standard","hentry","category-marketing","tag-siemens","tag-siemens-hausgeraete"],"acf":[],"yoast_head":"<!-- This site is optimized with the Yoast SEO plugin v27.5 - https:\/\/yoast.com\/product\/yoast-seo-wordpress\/ -->\n<title>Brand-Re-Shape f\u00fcr Siemens Hausger\u00e4te - Organisator<\/title>\n<meta name=\"description\" content=\"Auf der Eurocucina in Mailand stellt Siemens Hausger\u00e4te das neue Markenprofil und Corporate Design vor.\" \/>\n<meta name=\"robots\" content=\"index, follow, max-snippet:-1, max-image-preview:large, max-video-preview:-1\" \/>\n<link rel=\"canonical\" href=\"https:\/\/www.werbewoche.ch\/de\/marketing\/marken\/2022-06-09\/brand-re-shape-fuer-siemens-hausgeraete\/\" \/>\n<meta property=\"og:locale\" content=\"en_US\" \/>\n<meta property=\"og:type\" content=\"article\" \/>\n<meta property=\"og:title\" content=\"Brand-Re-Shape f\u00fcr Siemens Hausger\u00e4te - Organisator\" \/>\n<meta property=\"og:description\" content=\"Auf der Eurocucina in Mailand stellt Siemens Hausger\u00e4te das neue Markenprofil und Corporate Design vor.\" \/>\n<meta property=\"og:url\" content=\"https:\/\/www.werbewoche.ch\/de\/marketing\/marken\/2022-06-09\/brand-re-shape-fuer-siemens-hausgeraete\/\" \/>\n<meta property=\"og:site_name\" content=\"Organisator\" \/>\n<meta property=\"article:publisher\" content=\"https:\/\/www.facebook.com\/OrganisatorFachmagazin\" \/>\n<meta property=\"article:published_time\" content=\"2022-06-09T06:44:12+00:00\" \/>\n<meta property=\"article:modified_time\" content=\"2022-07-27T09:35:43+00:00\" \/>\n<meta property=\"og:image\" content=\"https:\/\/www.werbewoche.ch\/wp-content\/uploads\/2022\/06\/02_01_Siemens_Kitchen_empowering0.jpg\" \/>\n<meta name=\"author\" content=\"galledia\" \/>\n<meta name=\"twitter:card\" content=\"summary_large_image\" \/>\n<meta name=\"twitter:creator\" content=\"@admin\" \/>\n<script type=\"application\/ld+json\" class=\"yoast-schema-graph\">{\"@context\":\"https:\\\/\\\/schema.org\",\"@graph\":[{\"@type\":\"Article\",\"@id\":\"https:\\\/\\\/www.werbewoche.ch\\\/de\\\/marketing\\\/marken\\\/2022-06-09\\\/brand-re-shape-fuer-siemens-hausgeraete\\\/#article\",\"isPartOf\":{\"@id\":\"https:\\\/\\\/www.organisator.ch\\\/marketing\\\/2022-06-09\\\/brand-re-shape-fuer-siemens-hausgeraete\\\/\"},\"author\":{\"name\":\"galledia\",\"@id\":\"https:\\\/\\\/www.organisator.ch\\\/#\\\/schema\\\/person\\\/4e51799071cd2dd1232ac003643ef5f0\"},\"headline\":\"Brand-Re-Shape f\u00fcr Siemens Hausger\u00e4te\",\"datePublished\":\"2022-06-09T06:44:12+00:00\",\"dateModified\":\"2022-07-27T09:35:43+00:00\",\"mainEntityOfPage\":{\"@id\":\"https:\\\/\\\/www.organisator.ch\\\/marketing\\\/2022-06-09\\\/brand-re-shape-fuer-siemens-hausgeraete\\\/\"},\"wordCount\":496,\"publisher\":{\"@id\":\"https:\\\/\\\/www.organisator.ch\\\/#organization\"},\"image\":{\"@id\":\"https:\\\/\\\/www.werbewoche.ch\\\/de\\\/marketing\\\/marken\\\/2022-06-09\\\/brand-re-shape-fuer-siemens-hausgeraete\\\/#primaryimage\"},\"thumbnailUrl\":\"https:\\\/\\\/www.werbewoche.ch\\\/wp-content\\\/uploads\\\/2022\\\/06\\\/02_01_Siemens_Kitchen_empowering0.jpg\",\"keywords\":[\"Siemens\",\"Siemens Hausger\u00e4te\"],\"articleSection\":[\"MARKETING\"],\"inLanguage\":\"en-US\"},{\"@type\":\"WebPage\",\"@id\":\"https:\\\/\\\/www.organisator.ch\\\/marketing\\\/2022-06-09\\\/brand-re-shape-fuer-siemens-hausgeraete\\\/\",\"url\":\"https:\\\/\\\/www.werbewoche.ch\\\/de\\\/marketing\\\/marken\\\/2022-06-09\\\/brand-re-shape-fuer-siemens-hausgeraete\\\/\",\"name\":\"Brand-Re-Shape f\u00fcr Siemens Hausger\u00e4te - Organisator\",\"isPartOf\":{\"@id\":\"https:\\\/\\\/www.organisator.ch\\\/#website\"},\"primaryImageOfPage\":{\"@id\":\"https:\\\/\\\/www.werbewoche.ch\\\/de\\\/marketing\\\/marken\\\/2022-06-09\\\/brand-re-shape-fuer-siemens-hausgeraete\\\/#primaryimage\"},\"image\":{\"@id\":\"https:\\\/\\\/www.werbewoche.ch\\\/de\\\/marketing\\\/marken\\\/2022-06-09\\\/brand-re-shape-fuer-siemens-hausgeraete\\\/#primaryimage\"},\"thumbnailUrl\":\"https:\\\/\\\/www.werbewoche.ch\\\/wp-content\\\/uploads\\\/2022\\\/06\\\/02_01_Siemens_Kitchen_empowering0.jpg\",\"datePublished\":\"2022-06-09T06:44:12+00:00\",\"dateModified\":\"2022-07-27T09:35:43+00:00\",\"description\":\"Auf der Eurocucina in Mailand stellt Siemens Hausger\u00e4te das neue Markenprofil und Corporate Design vor.\",\"breadcrumb\":{\"@id\":\"https:\\\/\\\/www.werbewoche.ch\\\/de\\\/marketing\\\/marken\\\/2022-06-09\\\/brand-re-shape-fuer-siemens-hausgeraete\\\/#breadcrumb\"},\"inLanguage\":\"en-US\",\"potentialAction\":[{\"@type\":\"ReadAction\",\"target\":[\"https:\\\/\\\/www.werbewoche.ch\\\/de\\\/marketing\\\/marken\\\/2022-06-09\\\/brand-re-shape-fuer-siemens-hausgeraete\\\/\"]}]},{\"@type\":\"ImageObject\",\"inLanguage\":\"en-US\",\"@id\":\"https:\\\/\\\/www.werbewoche.ch\\\/de\\\/marketing\\\/marken\\\/2022-06-09\\\/brand-re-shape-fuer-siemens-hausgeraete\\\/#primaryimage\",\"url\":\"https:\\\/\\\/www.werbewoche.ch\\\/wp-content\\\/uploads\\\/2022\\\/06\\\/02_01_Siemens_Kitchen_empowering0.jpg\",\"contentUrl\":\"https:\\\/\\\/www.werbewoche.ch\\\/wp-content\\\/uploads\\\/2022\\\/06\\\/02_01_Siemens_Kitchen_empowering0.jpg\"},{\"@type\":\"BreadcrumbList\",\"@id\":\"https:\\\/\\\/www.werbewoche.ch\\\/de\\\/marketing\\\/marken\\\/2022-06-09\\\/brand-re-shape-fuer-siemens-hausgeraete\\\/#breadcrumb\",\"itemListElement\":[{\"@type\":\"ListItem\",\"position\":1,\"name\":\"Home\",\"item\":\"https:\\\/\\\/www.organisator.ch\\\/\"},{\"@type\":\"ListItem\",\"position\":2,\"name\":\"Brand-Re-Shape f\u00fcr Siemens Hausger\u00e4te\"}]},{\"@type\":\"WebSite\",\"@id\":\"https:\\\/\\\/www.organisator.ch\\\/#website\",\"url\":\"https:\\\/\\\/www.organisator.ch\\\/\",\"name\":\"Organisator\",\"description\":\"Kompetent. Praxisnah. Der ORGANISATOR bereitet in 10 Ausgaben pro Jahr die wesentlichen Themen f\u00fcr F\u00fchrungskr\u00e4fte von KMU auf.\",\"publisher\":{\"@id\":\"https:\\\/\\\/www.organisator.ch\\\/#organization\"},\"potentialAction\":[{\"@type\":\"SearchAction\",\"target\":{\"@type\":\"EntryPoint\",\"urlTemplate\":\"https:\\\/\\\/www.organisator.ch\\\/?s={search_term_string}\"},\"query-input\":{\"@type\":\"PropertyValueSpecification\",\"valueRequired\":true,\"valueName\":\"search_term_string\"}}],\"inLanguage\":\"en-US\"},{\"@type\":\"Organization\",\"@id\":\"https:\\\/\\\/www.organisator.ch\\\/#organization\",\"name\":\"Organisator\",\"url\":\"https:\\\/\\\/www.organisator.ch\\\/\",\"logo\":{\"@type\":\"ImageObject\",\"inLanguage\":\"en-US\",\"@id\":\"https:\\\/\\\/www.organisator.ch\\\/#\\\/schema\\\/logo\\\/image\\\/\",\"url\":\"https:\\\/\\\/www.organisator.ch\\\/wp-content\\\/uploads\\\/2022\\\/01\\\/Logo_Organisator_Website.png\",\"contentUrl\":\"https:\\\/\\\/www.organisator.ch\\\/wp-content\\\/uploads\\\/2022\\\/01\\\/Logo_Organisator_Website.png\",\"width\":800,\"height\":77,\"caption\":\"Organisator\"},\"image\":{\"@id\":\"https:\\\/\\\/www.organisator.ch\\\/#\\\/schema\\\/logo\\\/image\\\/\"},\"sameAs\":[\"https:\\\/\\\/www.facebook.com\\\/OrganisatorFachmagazin\",\"https:\\\/\\\/www.linkedin.com\\\/showcase\\\/organisator-das-magazin-fr-kmu\",\"https:\\\/\\\/www.xing.com\\\/news\\\/pages\\\/organisator-ch-695\",\"https:\\\/\\\/www.youtube.com\\\/channel\\\/UCGP2Sq0iWaZwT3BdIAQFYpw\"]},{\"@type\":\"Person\",\"@id\":\"https:\\\/\\\/www.organisator.ch\\\/#\\\/schema\\\/person\\\/4e51799071cd2dd1232ac003643ef5f0\",\"name\":\"galledia\",\"image\":{\"@type\":\"ImageObject\",\"inLanguage\":\"en-US\",\"@id\":\"https:\\\/\\\/secure.gravatar.com\\\/avatar\\\/78a7f90c01fc2bfc875782a0d4922b37cde2cf184ce347b91316d23cd7f69a36?s=96&d=mm&r=g\",\"url\":\"https:\\\/\\\/secure.gravatar.com\\\/avatar\\\/78a7f90c01fc2bfc875782a0d4922b37cde2cf184ce347b91316d23cd7f69a36?s=96&d=mm&r=g\",\"contentUrl\":\"https:\\\/\\\/secure.gravatar.com\\\/avatar\\\/78a7f90c01fc2bfc875782a0d4922b37cde2cf184ce347b91316d23cd7f69a36?s=96&d=mm&r=g\",\"caption\":\"galledia\"},\"sameAs\":[\"https:\\\/\\\/x.com\\\/admin\"],\"url\":\"https:\\\/\\\/www.organisator.ch\\\/en\\\/author\\\/galledia\\\/\"}]}<\/script>\n<!-- \/ Yoast SEO plugin. -->","yoast_head_json":{"title":"Brand Re-Shape for Siemens Home Appliances - Organizer","description":"At Eurocucina in Milan, Siemens Hausger\u00e4te presents the new brand profile and corporate design.","robots":{"index":"index","follow":"follow","max-snippet":"max-snippet:-1","max-image-preview":"max-image-preview:large","max-video-preview":"max-video-preview:-1"},"canonical":"https:\/\/www.werbewoche.ch\/de\/marketing\/marken\/2022-06-09\/brand-re-shape-fuer-siemens-hausgeraete\/","og_locale":"en_US","og_type":"article","og_title":"Brand-Re-Shape f\u00fcr Siemens Hausger\u00e4te - Organisator","og_description":"Auf der Eurocucina in Mailand stellt Siemens Hausger\u00e4te das neue Markenprofil und Corporate Design vor.","og_url":"https:\/\/www.werbewoche.ch\/de\/marketing\/marken\/2022-06-09\/brand-re-shape-fuer-siemens-hausgeraete\/","og_site_name":"Organisator","article_publisher":"https:\/\/www.facebook.com\/OrganisatorFachmagazin","article_published_time":"2022-06-09T06:44:12+00:00","article_modified_time":"2022-07-27T09:35:43+00:00","og_image":[{"url":"https:\/\/www.werbewoche.ch\/wp-content\/uploads\/2022\/06\/02_01_Siemens_Kitchen_empowering0.jpg","type":"","width":"","height":""}],"author":"galledia","twitter_card":"summary_large_image","twitter_creator":"@admin","schema":{"@context":"https:\/\/schema.org","@graph":[{"@type":"Article","@id":"https:\/\/www.werbewoche.ch\/de\/marketing\/marken\/2022-06-09\/brand-re-shape-fuer-siemens-hausgeraete\/#article","isPartOf":{"@id":"https:\/\/www.organisator.ch\/marketing\/2022-06-09\/brand-re-shape-fuer-siemens-hausgeraete\/"},"author":{"name":"galledia","@id":"https:\/\/www.organisator.ch\/#\/schema\/person\/4e51799071cd2dd1232ac003643ef5f0"},"headline":"Brand-Re-Shape f\u00fcr Siemens Hausger\u00e4te","datePublished":"2022-06-09T06:44:12+00:00","dateModified":"2022-07-27T09:35:43+00:00","mainEntityOfPage":{"@id":"https:\/\/www.organisator.ch\/marketing\/2022-06-09\/brand-re-shape-fuer-siemens-hausgeraete\/"},"wordCount":496,"publisher":{"@id":"https:\/\/www.organisator.ch\/#organization"},"image":{"@id":"https:\/\/www.werbewoche.ch\/de\/marketing\/marken\/2022-06-09\/brand-re-shape-fuer-siemens-hausgeraete\/#primaryimage"},"thumbnailUrl":"https:\/\/www.werbewoche.ch\/wp-content\/uploads\/2022\/06\/02_01_Siemens_Kitchen_empowering0.jpg","keywords":["Siemens","Siemens Hausger\u00e4te"],"articleSection":["MARKETING"],"inLanguage":"en-US"},{"@type":"WebPage","@id":"https:\/\/www.organisator.ch\/marketing\/2022-06-09\/brand-re-shape-fuer-siemens-hausgeraete\/","url":"https:\/\/www.werbewoche.ch\/de\/marketing\/marken\/2022-06-09\/brand-re-shape-fuer-siemens-hausgeraete\/","name":"Brand Re-Shape for Siemens Home Appliances - Organizer","isPartOf":{"@id":"https:\/\/www.organisator.ch\/#website"},"primaryImageOfPage":{"@id":"https:\/\/www.werbewoche.ch\/de\/marketing\/marken\/2022-06-09\/brand-re-shape-fuer-siemens-hausgeraete\/#primaryimage"},"image":{"@id":"https:\/\/www.werbewoche.ch\/de\/marketing\/marken\/2022-06-09\/brand-re-shape-fuer-siemens-hausgeraete\/#primaryimage"},"thumbnailUrl":"https:\/\/www.werbewoche.ch\/wp-content\/uploads\/2022\/06\/02_01_Siemens_Kitchen_empowering0.jpg","datePublished":"2022-06-09T06:44:12+00:00","dateModified":"2022-07-27T09:35:43+00:00","description":"At Eurocucina in Milan, Siemens Hausger\u00e4te presents the new brand profile and corporate design.","breadcrumb":{"@id":"https:\/\/www.werbewoche.ch\/de\/marketing\/marken\/2022-06-09\/brand-re-shape-fuer-siemens-hausgeraete\/#breadcrumb"},"inLanguage":"en-US","potentialAction":[{"@type":"ReadAction","target":["https:\/\/www.werbewoche.ch\/de\/marketing\/marken\/2022-06-09\/brand-re-shape-fuer-siemens-hausgeraete\/"]}]},{"@type":"ImageObject","inLanguage":"en-US","@id":"https:\/\/www.werbewoche.ch\/de\/marketing\/marken\/2022-06-09\/brand-re-shape-fuer-siemens-hausgeraete\/#primaryimage","url":"https:\/\/www.werbewoche.ch\/wp-content\/uploads\/2022\/06\/02_01_Siemens_Kitchen_empowering0.jpg","contentUrl":"https:\/\/www.werbewoche.ch\/wp-content\/uploads\/2022\/06\/02_01_Siemens_Kitchen_empowering0.jpg"},{"@type":"BreadcrumbList","@id":"https:\/\/www.werbewoche.ch\/de\/marketing\/marken\/2022-06-09\/brand-re-shape-fuer-siemens-hausgeraete\/#breadcrumb","itemListElement":[{"@type":"ListItem","position":1,"name":"Home","item":"https:\/\/www.organisator.ch\/"},{"@type":"ListItem","position":2,"name":"Brand-Re-Shape f\u00fcr Siemens Hausger\u00e4te"}]},{"@type":"WebSite","@id":"https:\/\/www.organisator.ch\/#website","url":"https:\/\/www.organisator.ch\/","name":"Organizer","description":"Competent. Practical. In 10 issues per year, ORGANISATOR presents the essential topics for managers of SMEs.","publisher":{"@id":"https:\/\/www.organisator.ch\/#organization"},"potentialAction":[{"@type":"SearchAction","target":{"@type":"EntryPoint","urlTemplate":"https:\/\/www.organisator.ch\/?s={search_term_string}"},"query-input":{"@type":"PropertyValueSpecification","valueRequired":true,"valueName":"search_term_string"}}],"inLanguage":"en-US"},{"@type":"Organization","@id":"https:\/\/www.organisator.ch\/#organization","name":"Organizer","url":"https:\/\/www.organisator.ch\/","logo":{"@type":"ImageObject","inLanguage":"en-US","@id":"https:\/\/www.organisator.ch\/#\/schema\/logo\/image\/","url":"https:\/\/www.organisator.ch\/wp-content\/uploads\/2022\/01\/Logo_Organisator_Website.png","contentUrl":"https:\/\/www.organisator.ch\/wp-content\/uploads\/2022\/01\/Logo_Organisator_Website.png","width":800,"height":77,"caption":"Organisator"},"image":{"@id":"https:\/\/www.organisator.ch\/#\/schema\/logo\/image\/"},"sameAs":["https:\/\/www.facebook.com\/OrganisatorFachmagazin","https:\/\/www.linkedin.com\/showcase\/organisator-das-magazin-fr-kmu","https:\/\/www.xing.com\/news\/pages\/organisator-ch-695","https:\/\/www.youtube.com\/channel\/UCGP2Sq0iWaZwT3BdIAQFYpw"]},{"@type":"Person","@id":"https:\/\/www.organisator.ch\/#\/schema\/person\/4e51799071cd2dd1232ac003643ef5f0","name":"galledia","image":{"@type":"ImageObject","inLanguage":"en-US","@id":"https:\/\/secure.gravatar.com\/avatar\/78a7f90c01fc2bfc875782a0d4922b37cde2cf184ce347b91316d23cd7f69a36?s=96&d=mm&r=g","url":"https:\/\/secure.gravatar.com\/avatar\/78a7f90c01fc2bfc875782a0d4922b37cde2cf184ce347b91316d23cd7f69a36?s=96&d=mm&r=g","contentUrl":"https:\/\/secure.gravatar.com\/avatar\/78a7f90c01fc2bfc875782a0d4922b37cde2cf184ce347b91316d23cd7f69a36?s=96&d=mm&r=g","caption":"galledia"},"sameAs":["https:\/\/x.com\/admin"],"url":"https:\/\/www.organisator.ch\/en\/author\/galledia\/"}]}},"_links":{"self":[{"href":"https:\/\/www.organisator.ch\/en\/wp-json\/wp\/v2\/posts\/14095","targetHints":{"allow":["GET"]}}],"collection":[{"href":"https:\/\/www.organisator.ch\/en\/wp-json\/wp\/v2\/posts"}],"about":[{"href":"https:\/\/www.organisator.ch\/en\/wp-json\/wp\/v2\/types\/post"}],"author":[{"embeddable":true,"href":"https:\/\/www.organisator.ch\/en\/wp-json\/wp\/v2\/users\/8"}],"replies":[{"embeddable":true,"href":"https:\/\/www.organisator.ch\/en\/wp-json\/wp\/v2\/comments?post=14095"}],"version-history":[{"count":3,"href":"https:\/\/www.organisator.ch\/en\/wp-json\/wp\/v2\/posts\/14095\/revisions"}],"predecessor-version":[{"id":15867,"href":"https:\/\/www.organisator.ch\/en\/wp-json\/wp\/v2\/posts\/14095\/revisions\/15867"}],"wp:attachment":[{"href":"https:\/\/www.organisator.ch\/en\/wp-json\/wp\/v2\/media?parent=14095"}],"wp:term":[{"taxonomy":"category","embeddable":true,"href":"https:\/\/www.organisator.ch\/en\/wp-json\/wp\/v2\/categories?post=14095"},{"taxonomy":"post_tag","embeddable":true,"href":"https:\/\/www.organisator.ch\/en\/wp-json\/wp\/v2\/tags?post=14095"}],"curies":[{"name":"wp","href":"https:\/\/api.w.org\/{rel}","templated":true}]}}