{"id":1416,"date":"2017-01-27T10:25:33","date_gmt":"2017-01-27T09:25:33","guid":{"rendered":"https:\/\/organisator.ch\/?p=1416"},"modified":"2017-01-27T10:25:33","modified_gmt":"2017-01-27T09:25:33","slug":"die-sechs-finalisten-des-prix-svc-espace-mittelland-2017","status":"publish","type":"post","link":"https:\/\/www.organisator.ch\/en\/allgemein\/2017-01-27\/die-sechs-finalisten-des-prix-svc-espace-mittelland-2017\/","title":{"rendered":"The six finalists of the Prix SVC Espace Mittelland 2017"},"content":{"rendered":"<figure id=\"attachment_1418\" aria-describedby=\"caption-attachment-1418\" style=\"width: 595px\" class=\"wp-caption alignnone\"><img loading=\"lazy\" decoding=\"async\" class=\"size-full wp-image-1418\" src=\"https:\/\/www.organisator.ch\/wp-content\/uploads\/2017\/01\/Die-sechs-Finalisten-des-SVC-Espace-Mittelland-2017.jpg\" alt=\"\" width=\"595\" height=\"480\" srcset=\"https:\/\/www.organisator.ch\/wp-content\/uploads\/2017\/01\/Die-sechs-Finalisten-des-SVC-Espace-Mittelland-2017.jpg 595w, https:\/\/www.organisator.ch\/wp-content\/uploads\/2017\/01\/Die-sechs-Finalisten-des-SVC-Espace-Mittelland-2017-16x12.jpg 16w, https:\/\/www.organisator.ch\/wp-content\/uploads\/2017\/01\/Die-sechs-Finalisten-des-SVC-Espace-Mittelland-2017-217x175.jpg 217w, https:\/\/www.organisator.ch\/wp-content\/uploads\/2017\/01\/Die-sechs-Finalisten-des-SVC-Espace-Mittelland-2017-434x350.jpg 434w, https:\/\/www.organisator.ch\/wp-content\/uploads\/2017\/01\/Die-sechs-Finalisten-des-SVC-Espace-Mittelland-2017-300x242.jpg 300w\" sizes=\"auto, (max-width: 595px) 100vw, 595px\" \/><figcaption id=\"caption-attachment-1418\" class=\"wp-caption-text\">The finalists for the Prix SVC Espace Mittelland (from left to right): Ernst K\u00fchni (K\u00fchni AG), Serge Michel and Claude Greisler (Armin Strohm AG), Alex Naef (Carrosserie HESS AG), Daniel Heiniger (Heiniger AG), Reto Reist (Moser-Baer AG) and Beat Furrer (Furrer + Frey AG).<\/figcaption><\/figure>\n<p>With the Prix SVC Espace Mittelland, the Swiss Venture Club SVC honors exemplary SMEs from this region that impress with their products and services, innovations, corporate culture, the quality of their employees and management, as well as their sustainable track record and regional roots. The following six success stories will be presented on March 8 in the Kursaal Bern to an expected audience of around 1400 guests (in alphabetical order):<\/p>\n<ul>\n<li id=\"BereichDet7408_CMSBereichDetContent\" class=\"Modul6_ContentDiv\"><strong><a href=\"https:\/\/www.arminstrom.com\/de\/\">Armin Strom AG, Biel<\/a>: <\/strong>The history of Uhrenmanufaktur Armin Strom AG begins with the founder and namesake of the company, Armin Strom, who opened his first watch store in Burgdorf in 1967. Since 2009, the company has been developing and producing watch movements of the highest quality in its own manufactory under the direction of Serge Michel and designer Claude Greisler. The watches of Armin Strom AG convince with transparent mechanics and expressive design and are distributed worldwide. The company is based in Biel and employs 23 people.<\/li>\n<li class=\"Modul6_ContentDiv\"><strong><a href=\"http:\/\/www.furrerfrey.ch\/de.html\">Furrer + Frey AG, Berne<\/a>: <\/strong>The family business for catenary systems was founded in 1923 by Emil Furrer and Arnold Frey. Today, Furrer + Frey is managed in the third and fourth generation by Beat and Rico Furrer. The company develops, plans and builds overhead contact lines for railroads, light rail and trolley buses. Thanks to innovations such as the overhead conductor rail or the rapid charging station for electric buses, the family-owned company is able to successfully hold its own in the market. The company is headquartered in Berne and has branches in Montreux, Zurich, Bellinzona, Berlin, London, Rome and Guangzhou, and employs 270 people.<\/li>\n<li class=\"Modul6_ContentDiv\"><strong><a href=\"http:\/\/heiniger.com\/\">Heiniger AG, Herzogenbuchsee<\/a>: <\/strong>Heiniger AG, based in Herzogenbuchsee, was founded in 1946 by Hermann Heiniger. The company is a leader in the manufacture of animal shearing products: Millions of farm animals such as sheep, cows, horses or even dogs and camels are sheared and groomed worldwide with Heiniger equipment and products. The products are developed and manufactured in Switzerland. The family business was under the management of Werner Heiniger from 1983 to 2012 and is now managed by CEO Daniel Heiniger in the third generation.  It employs over 100 people, 33 of them in the subsidiary in Australia and eight in New Zealand.<\/li>\n<li class=\"Modul6_ContentDiv\"><strong><a href=\"http:\/\/www.hess-ag.ch\/de\/index.php\">HESS Carrosserie AG, Bellach<\/a>: <\/strong>The company HESS Carrosserie AG, now in its fifth generation, was founded in 1882 by Heinrich Hess as a wainwright's shop and blacksmith's shop. Today, the company manufactures buses, trolleybuses and commercial vehicles. HESS produces exclusively in Switzerland, but moves people from A to B all over the world. Together with international licensees, around 2400 buses are produced each year. CEO Alex Naef attaches great importance to sustainability and environmentally friendly transport solutions. The company employs 250 people and 25 apprentices.<\/li>\n<li class=\"Modul6_ContentDiv\"><strong><a href=\"http:\/\/www.kuehni-ag.ch\/\">K\u00fchni AG, Ramsei<\/a>: <\/strong>K\u00fchni AG creates living spaces from wood. In just a few years, the original carpentry shop from 1989 has become a leading nationwide wood construction provider with its own carpentry, joinery, flooring and general contracting. The family-run company offers end-to-end market services from carpentry to fine wood parquet flooring to turnkey home construction. With 165 employees, 34 of whom are in training, K\u00fchni AG is a major employer in the region. The company is managed by Ernst K\u00fchni, Ulrich K\u00fchni, Ueli Haldemann and Markus Gerber.<\/li>\n<li class=\"Modul6_ContentDiv\"><strong><a href=\"http:\/\/www.moser-baer.ch\/home\/\">Moser-Baer AG, Sumiswald<\/a>: <\/strong>Precision in time and technology, that's what Moser-Baer AG in Emmental has stood for for around 75 years. With its MOBATIME brand, the company is a leader in the development, production and sale of clock systems, time systems and time references. Whether analog or digital - several tens of thousands of systems from the family-owned company are in operation worldwide at airports, train stations or hospitals. Moser-Baer from Sumiswald is led by CEO Reto Reist and employs 90 people and 20 apprentices.<\/li>\n<\/ul>\n<p>So there should be plenty of excitement at the 2017 Prix SVC Espace Mittelland awards ceremony.<\/p>\n<p>Information: <a href=\"http:\/\/www.swiss-venture-club.ch\">www.swiss-venture-club.ch<\/a><\/p>","protected":false},"excerpt":{"rendered":"<p>Der Swiss Venture Club SVC\u00a0zeichnet mit dem Prix SVC Espace Mittelland vorbildliche KMU aus dieser Region aus, die durch ihre Produkte und Dienstleistungen, Innovationen, Firmenkultur, durch die Qualit\u00e4t der Mitarbeitenden und des Managements sowie durch einen nachhaltigen Erfolgsausweis und eine regionale Verankerung \u00fcberzeugen. Um folgende sechs Erfolgsgeschichten\u00a0wird es am 8. M\u00e4rz im Kursaal Bern vor\u00a0erwarteten [&hellip;]<\/p>\n","protected":false},"author":4,"featured_media":1418,"comment_status":"open","ping_status":"open","sticky":false,"template":"","format":"standard","meta":{"_acf_changed":false,"_yoast_wpseo_focuskw":"Prix SVC Espace Mittelland","_yoast_wpseo_metadesc":"Seit 2003 wird der Prix SVC Espace Mittelland vergeben, 2017 bereits zum zw\u00f6lften Mal. Die Preisverleihung findet am 8. M\u00e4rz 2017 im Kursaal Bern statt.","articlekey":"","footnotes":""},"categories":[1],"tags":[66,492,502],"class_list":["post-1416","post","type-post","status-publish","format-standard","has-post-thumbnail","hentry","category-allgemein","tag-awards","tag-unternehmen","tag-veranstaltungen"],"acf":[],"yoast_head":"<!-- This site is optimized with the Yoast SEO plugin v27.5 - https:\/\/yoast.com\/product\/yoast-seo-wordpress\/ -->\n<title>Die sechs Finalisten des Prix SVC Espace Mittelland 2017 - Organisator<\/title>\n<meta name=\"description\" content=\"Seit 2003 wird der Prix SVC Espace Mittelland vergeben, 2017 bereits zum zw\u00f6lften Mal. Die Preisverleihung findet am 8. M\u00e4rz 2017 im Kursaal Bern statt.\" \/>\n<meta name=\"robots\" content=\"index, follow, max-snippet:-1, max-image-preview:large, max-video-preview:-1\" \/>\n<link rel=\"canonical\" href=\"https:\/\/www.organisator.ch\/en\/general\/2017-01-27\/die-sechs-finalisten-des-prix-svc-espace-mittelland-2017\/\" \/>\n<meta property=\"og:locale\" content=\"en_US\" \/>\n<meta property=\"og:type\" content=\"article\" \/>\n<meta property=\"og:title\" content=\"Die sechs Finalisten des Prix SVC Espace Mittelland 2017\" \/>\n<meta property=\"og:description\" content=\"Seit 2003 wird der #PrixSVCEspaceMittelland vergeben, 2017 bereits zum zw\u00f6lften Mal. Die #Preisverleihung findet am 8. M\u00e4rz 2017 im #KursaalBern statt. Im Final stehen wiederum sechs KMU.\" \/>\n<meta property=\"og:url\" content=\"https:\/\/www.organisator.ch\/en\/general\/2017-01-27\/die-sechs-finalisten-des-prix-svc-espace-mittelland-2017\/\" \/>\n<meta property=\"og:site_name\" content=\"Organisator\" \/>\n<meta property=\"article:publisher\" content=\"https:\/\/www.facebook.com\/OrganisatorFachmagazin\" \/>\n<meta property=\"article:published_time\" content=\"2017-01-27T09:25:33+00:00\" \/>\n<meta property=\"og:image\" content=\"https:\/\/www.organisator.ch\/wp-content\/uploads\/2017\/01\/Die-sechs-Finalisten-des-SVC-Espace-Mittelland-2017.jpg\" \/>\n\t<meta property=\"og:image:width\" content=\"595\" \/>\n\t<meta property=\"og:image:height\" content=\"480\" \/>\n\t<meta property=\"og:image:type\" content=\"image\/jpeg\" \/>\n<meta name=\"author\" content=\"thomas.berner\" \/>\n<meta name=\"twitter:card\" content=\"summary_large_image\" \/>\n<meta name=\"twitter:title\" content=\"Die sechs Finalisten des #PrixSVC #EspaceMittelland 2017. #FinalistenPrixSVCEspaceMittelland\" \/>\n<meta name=\"twitter:description\" content=\"Seit 2003 wird der #PrixSVCEspaceMittelland vergeben, 2017 bereits zum zw\u00f6lften Mal. Die #Preisverleihung findet am 8. M\u00e4rz 2017 im #KursaalBern statt. Im Final stehen wiederum sechs KMU.\" \/>\n<meta name=\"twitter:image\" content=\"https:\/\/www.organisator.ch\/wp-content\/uploads\/2017\/01\/Die-sechs-Finalisten-des-SVC-Espace-Mittelland-2017.jpg\" \/>\n<script type=\"application\/ld+json\" class=\"yoast-schema-graph\">{\"@context\":\"https:\\\/\\\/schema.org\",\"@graph\":[{\"@type\":\"Article\",\"@id\":\"https:\\\/\\\/www.organisator.ch\\\/en\\\/general\\\/2017-01-27\\\/die-sechs-finalisten-des-prix-svc-espace-mittelland-2017\\\/#article\",\"isPartOf\":{\"@id\":\"https:\\\/\\\/www.organisator.ch\\\/en\\\/general\\\/2017-01-27\\\/die-sechs-finalisten-des-prix-svc-espace-mittelland-2017\\\/\"},\"author\":{\"name\":\"thomas.berner\",\"@id\":\"https:\\\/\\\/www.organisator.ch\\\/#\\\/schema\\\/person\\\/6f650f90b2842cd4c0cc334b4e36f67e\"},\"headline\":\"Die sechs Finalisten des Prix SVC Espace Mittelland 2017\",\"datePublished\":\"2017-01-27T09:25:33+00:00\",\"mainEntityOfPage\":{\"@id\":\"https:\\\/\\\/www.organisator.ch\\\/en\\\/general\\\/2017-01-27\\\/die-sechs-finalisten-des-prix-svc-espace-mittelland-2017\\\/\"},\"wordCount\":660,\"commentCount\":0,\"publisher\":{\"@id\":\"https:\\\/\\\/www.organisator.ch\\\/#organization\"},\"image\":{\"@id\":\"https:\\\/\\\/www.organisator.ch\\\/en\\\/general\\\/2017-01-27\\\/die-sechs-finalisten-des-prix-svc-espace-mittelland-2017\\\/#primaryimage\"},\"thumbnailUrl\":\"https:\\\/\\\/www.organisator.ch\\\/wp-content\\\/uploads\\\/2017\\\/01\\\/Die-sechs-Finalisten-des-SVC-Espace-Mittelland-2017.jpg\",\"keywords\":[\"Awards\",\"Unternehmen\",\"Veranstaltungen\"],\"articleSection\":[\"Allgemein\"],\"inLanguage\":\"en-US\"},{\"@type\":\"WebPage\",\"@id\":\"https:\\\/\\\/www.organisator.ch\\\/en\\\/general\\\/2017-01-27\\\/die-sechs-finalisten-des-prix-svc-espace-mittelland-2017\\\/\",\"url\":\"https:\\\/\\\/www.organisator.ch\\\/en\\\/general\\\/2017-01-27\\\/die-sechs-finalisten-des-prix-svc-espace-mittelland-2017\\\/\",\"name\":\"Die sechs Finalisten des Prix SVC Espace Mittelland 2017 - Organisator\",\"isPartOf\":{\"@id\":\"https:\\\/\\\/www.organisator.ch\\\/#website\"},\"primaryImageOfPage\":{\"@id\":\"https:\\\/\\\/www.organisator.ch\\\/en\\\/general\\\/2017-01-27\\\/die-sechs-finalisten-des-prix-svc-espace-mittelland-2017\\\/#primaryimage\"},\"image\":{\"@id\":\"https:\\\/\\\/www.organisator.ch\\\/en\\\/general\\\/2017-01-27\\\/die-sechs-finalisten-des-prix-svc-espace-mittelland-2017\\\/#primaryimage\"},\"thumbnailUrl\":\"https:\\\/\\\/www.organisator.ch\\\/wp-content\\\/uploads\\\/2017\\\/01\\\/Die-sechs-Finalisten-des-SVC-Espace-Mittelland-2017.jpg\",\"datePublished\":\"2017-01-27T09:25:33+00:00\",\"description\":\"Seit 2003 wird der Prix SVC Espace Mittelland vergeben, 2017 bereits zum zw\u00f6lften Mal. Die Preisverleihung findet am 8. M\u00e4rz 2017 im Kursaal Bern statt.\",\"breadcrumb\":{\"@id\":\"https:\\\/\\\/www.organisator.ch\\\/en\\\/general\\\/2017-01-27\\\/die-sechs-finalisten-des-prix-svc-espace-mittelland-2017\\\/#breadcrumb\"},\"inLanguage\":\"en-US\",\"potentialAction\":[{\"@type\":\"ReadAction\",\"target\":[\"https:\\\/\\\/www.organisator.ch\\\/en\\\/general\\\/2017-01-27\\\/die-sechs-finalisten-des-prix-svc-espace-mittelland-2017\\\/\"]}]},{\"@type\":\"ImageObject\",\"inLanguage\":\"en-US\",\"@id\":\"https:\\\/\\\/www.organisator.ch\\\/en\\\/general\\\/2017-01-27\\\/die-sechs-finalisten-des-prix-svc-espace-mittelland-2017\\\/#primaryimage\",\"url\":\"https:\\\/\\\/www.organisator.ch\\\/wp-content\\\/uploads\\\/2017\\\/01\\\/Die-sechs-Finalisten-des-SVC-Espace-Mittelland-2017.jpg\",\"contentUrl\":\"https:\\\/\\\/www.organisator.ch\\\/wp-content\\\/uploads\\\/2017\\\/01\\\/Die-sechs-Finalisten-des-SVC-Espace-Mittelland-2017.jpg\",\"width\":595,\"height\":480,\"caption\":\"Die Finalisten f\u00fcr den Prix SVC Espace Mittelland (v.l.n.r.): Ernst K\u00fchni (K\u00fchni AG), Serge Michel und Claude Greisler (Armin Strohm AG), Alex Naef (Carrosserie HESS AG), Daniel Heiniger (Heiniger AG), Reto Reist (Moser-Baer AG) und Beat Furrer (Furrer + Frey AG).\"},{\"@type\":\"BreadcrumbList\",\"@id\":\"https:\\\/\\\/www.organisator.ch\\\/en\\\/general\\\/2017-01-27\\\/die-sechs-finalisten-des-prix-svc-espace-mittelland-2017\\\/#breadcrumb\",\"itemListElement\":[{\"@type\":\"ListItem\",\"position\":1,\"name\":\"Home\",\"item\":\"https:\\\/\\\/www.organisator.ch\\\/\"},{\"@type\":\"ListItem\",\"position\":2,\"name\":\"Die sechs Finalisten des Prix SVC Espace Mittelland 2017\"}]},{\"@type\":\"WebSite\",\"@id\":\"https:\\\/\\\/www.organisator.ch\\\/#website\",\"url\":\"https:\\\/\\\/www.organisator.ch\\\/\",\"name\":\"Organisator\",\"description\":\"Kompetent. Praxisnah. Der ORGANISATOR bereitet in 10 Ausgaben pro Jahr die wesentlichen Themen f\u00fcr F\u00fchrungskr\u00e4fte von KMU auf.\",\"publisher\":{\"@id\":\"https:\\\/\\\/www.organisator.ch\\\/#organization\"},\"potentialAction\":[{\"@type\":\"SearchAction\",\"target\":{\"@type\":\"EntryPoint\",\"urlTemplate\":\"https:\\\/\\\/www.organisator.ch\\\/?s={search_term_string}\"},\"query-input\":{\"@type\":\"PropertyValueSpecification\",\"valueRequired\":true,\"valueName\":\"search_term_string\"}}],\"inLanguage\":\"en-US\"},{\"@type\":\"Organization\",\"@id\":\"https:\\\/\\\/www.organisator.ch\\\/#organization\",\"name\":\"Organisator\",\"url\":\"https:\\\/\\\/www.organisator.ch\\\/\",\"logo\":{\"@type\":\"ImageObject\",\"inLanguage\":\"en-US\",\"@id\":\"https:\\\/\\\/www.organisator.ch\\\/#\\\/schema\\\/logo\\\/image\\\/\",\"url\":\"https:\\\/\\\/www.organisator.ch\\\/wp-content\\\/uploads\\\/2022\\\/01\\\/Logo_Organisator_Website.png\",\"contentUrl\":\"https:\\\/\\\/www.organisator.ch\\\/wp-content\\\/uploads\\\/2022\\\/01\\\/Logo_Organisator_Website.png\",\"width\":800,\"height\":77,\"caption\":\"Organisator\"},\"image\":{\"@id\":\"https:\\\/\\\/www.organisator.ch\\\/#\\\/schema\\\/logo\\\/image\\\/\"},\"sameAs\":[\"https:\\\/\\\/www.facebook.com\\\/OrganisatorFachmagazin\",\"https:\\\/\\\/www.linkedin.com\\\/showcase\\\/organisator-das-magazin-fr-kmu\",\"https:\\\/\\\/www.xing.com\\\/news\\\/pages\\\/organisator-ch-695\",\"https:\\\/\\\/www.youtube.com\\\/channel\\\/UCGP2Sq0iWaZwT3BdIAQFYpw\"]},{\"@type\":\"Person\",\"@id\":\"https:\\\/\\\/www.organisator.ch\\\/#\\\/schema\\\/person\\\/6f650f90b2842cd4c0cc334b4e36f67e\",\"name\":\"thomas.berner\",\"image\":{\"@type\":\"ImageObject\",\"inLanguage\":\"en-US\",\"@id\":\"https:\\\/\\\/secure.gravatar.com\\\/avatar\\\/ac5001d2a36cb6c6cd3e50789007ffca834b477b74a2144564522e944eabff61?s=96&d=mm&r=g\",\"url\":\"https:\\\/\\\/secure.gravatar.com\\\/avatar\\\/ac5001d2a36cb6c6cd3e50789007ffca834b477b74a2144564522e944eabff61?s=96&d=mm&r=g\",\"contentUrl\":\"https:\\\/\\\/secure.gravatar.com\\\/avatar\\\/ac5001d2a36cb6c6cd3e50789007ffca834b477b74a2144564522e944eabff61?s=96&d=mm&r=g\",\"caption\":\"thomas.berner\"},\"url\":\"https:\\\/\\\/www.organisator.ch\\\/en\\\/author\\\/thomas-berner\\\/\"}]}<\/script>\n<!-- \/ Yoast SEO plugin. -->","yoast_head_json":{"title":"The six finalists of the Prix SVC Espace Mittelland 2017 - Organizer","description":"Since 2003, the Prix SVC Espace Mittelland has been awarded, in 2017 already for the twelfth time. The award ceremony will take place on March 8, 2017 in the Kursaal Bern.","robots":{"index":"index","follow":"follow","max-snippet":"max-snippet:-1","max-image-preview":"max-image-preview:large","max-video-preview":"max-video-preview:-1"},"canonical":"https:\/\/www.organisator.ch\/en\/general\/2017-01-27\/die-sechs-finalisten-des-prix-svc-espace-mittelland-2017\/","og_locale":"en_US","og_type":"article","og_title":"Die sechs Finalisten des Prix SVC Espace Mittelland 2017","og_description":"Seit 2003 wird der #PrixSVCEspaceMittelland vergeben, 2017 bereits zum zw\u00f6lften Mal. Die #Preisverleihung findet am 8. M\u00e4rz 2017 im #KursaalBern statt. Im Final stehen wiederum sechs KMU.","og_url":"https:\/\/www.organisator.ch\/en\/general\/2017-01-27\/die-sechs-finalisten-des-prix-svc-espace-mittelland-2017\/","og_site_name":"Organisator","article_publisher":"https:\/\/www.facebook.com\/OrganisatorFachmagazin","article_published_time":"2017-01-27T09:25:33+00:00","og_image":[{"width":595,"height":480,"url":"https:\/\/www.organisator.ch\/wp-content\/uploads\/2017\/01\/Die-sechs-Finalisten-des-SVC-Espace-Mittelland-2017.jpg","type":"image\/jpeg"}],"author":"thomas.berner","twitter_card":"summary_large_image","twitter_title":"Die sechs Finalisten des #PrixSVC #EspaceMittelland 2017. #FinalistenPrixSVCEspaceMittelland","twitter_description":"Seit 2003 wird der #PrixSVCEspaceMittelland vergeben, 2017 bereits zum zw\u00f6lften Mal. Die #Preisverleihung findet am 8. M\u00e4rz 2017 im #KursaalBern statt. Im Final stehen wiederum sechs KMU.","twitter_image":"https:\/\/www.organisator.ch\/wp-content\/uploads\/2017\/01\/Die-sechs-Finalisten-des-SVC-Espace-Mittelland-2017.jpg","schema":{"@context":"https:\/\/schema.org","@graph":[{"@type":"Article","@id":"https:\/\/www.organisator.ch\/en\/general\/2017-01-27\/die-sechs-finalisten-des-prix-svc-espace-mittelland-2017\/#article","isPartOf":{"@id":"https:\/\/www.organisator.ch\/en\/general\/2017-01-27\/die-sechs-finalisten-des-prix-svc-espace-mittelland-2017\/"},"author":{"name":"thomas.berner","@id":"https:\/\/www.organisator.ch\/#\/schema\/person\/6f650f90b2842cd4c0cc334b4e36f67e"},"headline":"Die sechs Finalisten des Prix SVC Espace Mittelland 2017","datePublished":"2017-01-27T09:25:33+00:00","mainEntityOfPage":{"@id":"https:\/\/www.organisator.ch\/en\/general\/2017-01-27\/die-sechs-finalisten-des-prix-svc-espace-mittelland-2017\/"},"wordCount":660,"commentCount":0,"publisher":{"@id":"https:\/\/www.organisator.ch\/#organization"},"image":{"@id":"https:\/\/www.organisator.ch\/en\/general\/2017-01-27\/die-sechs-finalisten-des-prix-svc-espace-mittelland-2017\/#primaryimage"},"thumbnailUrl":"https:\/\/www.organisator.ch\/wp-content\/uploads\/2017\/01\/Die-sechs-Finalisten-des-SVC-Espace-Mittelland-2017.jpg","keywords":["Awards","Unternehmen","Veranstaltungen"],"articleSection":["Allgemein"],"inLanguage":"en-US"},{"@type":"WebPage","@id":"https:\/\/www.organisator.ch\/en\/general\/2017-01-27\/die-sechs-finalisten-des-prix-svc-espace-mittelland-2017\/","url":"https:\/\/www.organisator.ch\/en\/general\/2017-01-27\/die-sechs-finalisten-des-prix-svc-espace-mittelland-2017\/","name":"The six finalists of the Prix SVC Espace Mittelland 2017 - Organizer","isPartOf":{"@id":"https:\/\/www.organisator.ch\/#website"},"primaryImageOfPage":{"@id":"https:\/\/www.organisator.ch\/en\/general\/2017-01-27\/die-sechs-finalisten-des-prix-svc-espace-mittelland-2017\/#primaryimage"},"image":{"@id":"https:\/\/www.organisator.ch\/en\/general\/2017-01-27\/die-sechs-finalisten-des-prix-svc-espace-mittelland-2017\/#primaryimage"},"thumbnailUrl":"https:\/\/www.organisator.ch\/wp-content\/uploads\/2017\/01\/Die-sechs-Finalisten-des-SVC-Espace-Mittelland-2017.jpg","datePublished":"2017-01-27T09:25:33+00:00","description":"Since 2003, the Prix SVC Espace Mittelland has been awarded, in 2017 already for the twelfth time. The award ceremony will take place on March 8, 2017 in the Kursaal Bern.","breadcrumb":{"@id":"https:\/\/www.organisator.ch\/en\/general\/2017-01-27\/die-sechs-finalisten-des-prix-svc-espace-mittelland-2017\/#breadcrumb"},"inLanguage":"en-US","potentialAction":[{"@type":"ReadAction","target":["https:\/\/www.organisator.ch\/en\/general\/2017-01-27\/die-sechs-finalisten-des-prix-svc-espace-mittelland-2017\/"]}]},{"@type":"ImageObject","inLanguage":"en-US","@id":"https:\/\/www.organisator.ch\/en\/general\/2017-01-27\/die-sechs-finalisten-des-prix-svc-espace-mittelland-2017\/#primaryimage","url":"https:\/\/www.organisator.ch\/wp-content\/uploads\/2017\/01\/Die-sechs-Finalisten-des-SVC-Espace-Mittelland-2017.jpg","contentUrl":"https:\/\/www.organisator.ch\/wp-content\/uploads\/2017\/01\/Die-sechs-Finalisten-des-SVC-Espace-Mittelland-2017.jpg","width":595,"height":480,"caption":"Die Finalisten f\u00fcr den Prix SVC Espace Mittelland (v.l.n.r.): Ernst K\u00fchni (K\u00fchni AG), Serge Michel und Claude Greisler (Armin Strohm AG), Alex Naef (Carrosserie HESS AG), Daniel Heiniger (Heiniger AG), Reto Reist (Moser-Baer AG) und Beat Furrer (Furrer + Frey AG)."},{"@type":"BreadcrumbList","@id":"https:\/\/www.organisator.ch\/en\/general\/2017-01-27\/die-sechs-finalisten-des-prix-svc-espace-mittelland-2017\/#breadcrumb","itemListElement":[{"@type":"ListItem","position":1,"name":"Home","item":"https:\/\/www.organisator.ch\/"},{"@type":"ListItem","position":2,"name":"Die sechs Finalisten des Prix SVC Espace Mittelland 2017"}]},{"@type":"WebSite","@id":"https:\/\/www.organisator.ch\/#website","url":"https:\/\/www.organisator.ch\/","name":"Organizer","description":"Competent. Practical. In 10 issues per year, ORGANISATOR presents the essential topics for managers of SMEs.","publisher":{"@id":"https:\/\/www.organisator.ch\/#organization"},"potentialAction":[{"@type":"SearchAction","target":{"@type":"EntryPoint","urlTemplate":"https:\/\/www.organisator.ch\/?s={search_term_string}"},"query-input":{"@type":"PropertyValueSpecification","valueRequired":true,"valueName":"search_term_string"}}],"inLanguage":"en-US"},{"@type":"Organization","@id":"https:\/\/www.organisator.ch\/#organization","name":"Organizer","url":"https:\/\/www.organisator.ch\/","logo":{"@type":"ImageObject","inLanguage":"en-US","@id":"https:\/\/www.organisator.ch\/#\/schema\/logo\/image\/","url":"https:\/\/www.organisator.ch\/wp-content\/uploads\/2022\/01\/Logo_Organisator_Website.png","contentUrl":"https:\/\/www.organisator.ch\/wp-content\/uploads\/2022\/01\/Logo_Organisator_Website.png","width":800,"height":77,"caption":"Organisator"},"image":{"@id":"https:\/\/www.organisator.ch\/#\/schema\/logo\/image\/"},"sameAs":["https:\/\/www.facebook.com\/OrganisatorFachmagazin","https:\/\/www.linkedin.com\/showcase\/organisator-das-magazin-fr-kmu","https:\/\/www.xing.com\/news\/pages\/organisator-ch-695","https:\/\/www.youtube.com\/channel\/UCGP2Sq0iWaZwT3BdIAQFYpw"]},{"@type":"Person","@id":"https:\/\/www.organisator.ch\/#\/schema\/person\/6f650f90b2842cd4c0cc334b4e36f67e","name":"thomas.berner","image":{"@type":"ImageObject","inLanguage":"en-US","@id":"https:\/\/secure.gravatar.com\/avatar\/ac5001d2a36cb6c6cd3e50789007ffca834b477b74a2144564522e944eabff61?s=96&d=mm&r=g","url":"https:\/\/secure.gravatar.com\/avatar\/ac5001d2a36cb6c6cd3e50789007ffca834b477b74a2144564522e944eabff61?s=96&d=mm&r=g","contentUrl":"https:\/\/secure.gravatar.com\/avatar\/ac5001d2a36cb6c6cd3e50789007ffca834b477b74a2144564522e944eabff61?s=96&d=mm&r=g","caption":"thomas.berner"},"url":"https:\/\/www.organisator.ch\/en\/author\/thomas-berner\/"}]}},"_links":{"self":[{"href":"https:\/\/www.organisator.ch\/en\/wp-json\/wp\/v2\/posts\/1416","targetHints":{"allow":["GET"]}}],"collection":[{"href":"https:\/\/www.organisator.ch\/en\/wp-json\/wp\/v2\/posts"}],"about":[{"href":"https:\/\/www.organisator.ch\/en\/wp-json\/wp\/v2\/types\/post"}],"author":[{"embeddable":true,"href":"https:\/\/www.organisator.ch\/en\/wp-json\/wp\/v2\/users\/4"}],"replies":[{"embeddable":true,"href":"https:\/\/www.organisator.ch\/en\/wp-json\/wp\/v2\/comments?post=1416"}],"version-history":[{"count":0,"href":"https:\/\/www.organisator.ch\/en\/wp-json\/wp\/v2\/posts\/1416\/revisions"}],"wp:featuredmedia":[{"embeddable":true,"href":"https:\/\/www.organisator.ch\/en\/wp-json\/wp\/v2\/media\/1418"}],"wp:attachment":[{"href":"https:\/\/www.organisator.ch\/en\/wp-json\/wp\/v2\/media?parent=1416"}],"wp:term":[{"taxonomy":"category","embeddable":true,"href":"https:\/\/www.organisator.ch\/en\/wp-json\/wp\/v2\/categories?post=1416"},{"taxonomy":"post_tag","embeddable":true,"href":"https:\/\/www.organisator.ch\/en\/wp-json\/wp\/v2\/tags?post=1416"}],"curies":[{"name":"wp","href":"https:\/\/api.w.org\/{rel}","templated":true}]}}