{"id":14244,"date":"2022-06-10T09:09:41","date_gmt":"2022-06-10T07:09:41","guid":{"rendered":"https:\/\/www.organisator.ch\/?p=14244"},"modified":"2022-06-10T09:09:41","modified_gmt":"2022-06-10T07:09:41","slug":"neue-junge-fachkraefte-fuer-die-autobranche","status":"publish","type":"post","link":"https:\/\/www.organisator.ch\/en\/weiterbildung\/2022-06-10\/neue-junge-fachkraefte-fuer-die-autobranche\/","title":{"rendered":"New young professionals for the automotive industry"},"content":{"rendered":"<figure id=\"attachment_14245\" aria-describedby=\"caption-attachment-14245\" style=\"width: 680px\" class=\"wp-caption alignnone\"><img loading=\"lazy\" decoding=\"async\" class=\"size-full wp-image-14245\" src=\"https:\/\/www.organisator.ch\/wp-content\/uploads\/2022\/06\/Neue-junge-Fachkraefte-fuer-die-Autobranche_Organisator.jpg\" alt=\"\" width=\"680\" height=\"453\" srcset=\"https:\/\/www.organisator.ch\/wp-content\/uploads\/2022\/06\/Neue-junge-Fachkraefte-fuer-die-Autobranche_Organisator.jpg 680w, https:\/\/www.organisator.ch\/wp-content\/uploads\/2022\/06\/Neue-junge-Fachkraefte-fuer-die-Autobranche_Organisator-18x12.jpg 18w, https:\/\/www.organisator.ch\/wp-content\/uploads\/2022\/06\/Neue-junge-Fachkraefte-fuer-die-Autobranche_Organisator-263x175.jpg 263w, https:\/\/www.organisator.ch\/wp-content\/uploads\/2022\/06\/Neue-junge-Fachkraefte-fuer-die-Autobranche_Organisator-525x350.jpg 525w, https:\/\/www.organisator.ch\/wp-content\/uploads\/2022\/06\/Neue-junge-Fachkraefte-fuer-die-Autobranche_Organisator-300x200.jpg 300w\" sizes=\"auto, (max-width: 680px) 100vw, 680px\" \/><figcaption id=\"caption-attachment-14245\" class=\"wp-caption-text\">New young professionals for the automotive industry: The best marks of the individual directions and generations at the presentation of the certificate of proficiency in Safenwil. (Photo: AGVS media)<\/figcaption><\/figure>\n<p>Automotive workshop coordinators and automotive diagnosticians face the daily challenges in the workshops and provide the basis for success and customer satisfaction with their expertise and people skills. 163 graduates of the vocational training recently received their professional certificates. Charles-Albert Hediger, member of the AGVS Central Board, thanked the young professionals and their families at the Event Center of Emil Frey Classics AG in Safenwil for taking on this training despite the period of uncertainty caused by the pandemic and war: \"The Swiss automotive industry needs you and will continue to need you!\" With the knowledge that the two female graduates and 161 male graduates acquired during their two-year training, they laid the foundation for professional success and also demonstrated a passion for the automotive industry.<\/p>\n<h3>Young professionals who give their best every day<\/h3>\n<p>The top graders, who were awarded a special prize, had particular cause for celebration among the successful specialists. Among the automotive workshop coordinators, this was Raphael Senn from Kaltenbach TG, who completed the advanced training with the top grade of 4.8. Among the automotive diagnosticians in the passenger vehicle sector, Ramon Keel from Balgach SG stood out with a grade of 5.3, Etienne Panchaud from Murist FR with a grade of 5.0, and Yann Lerch from Reconvilier BE with a grade of 4.9. In the commercial vehicle category, the winners included Daniel Hug from Untervaz GR with a grade of 5.5, Roman Schellenberg from Pf\u00e4ffikon ZH with a grade of 5.4 and Michael Franz M\u00fcller from Niederurnen GL with a grade of 5.6. \"I want to give my best every day and pass on the human and technical knowledge we acquired during the training,\" M\u00fcller revealed. \"We had fun together, which made learning easier.\" The fact that the demanding training was not a foregone conclusion was also underlined by the two graduates Evelyn Kunz from Adetswil ZH (grade 5.0) and Desir\u00e9e Schweizer from Glattfelden ZH (grade 4.8). \"I had a lot of help from my boyfriend. He completed the training five years ago,\" explained Desir\u00e9e Schweizer. \"We don't work together in a garage yet, but we have lots of material at home that we tinker around with.\"<\/p>\n<h3>Vehicles arouse emotions<\/h3>\n<p>Matthias Krummen, Head of Management Services and Communication at ESA, also pointed out the emotions that vehicles arouse: \"It takes personalities like you to deal with new trends, concepts and customer segments. Trends are to be used as opportunities. You have the privilege of working with products that stir emotions.\" As a purchasing organization for the automotive and motor vehicle trades for more than 90 years, ESA has also been committed to education and training in the industry. Krummen therefore presented AGVS Executive Board member Olivier Maeder with a check for 20,000 Swiss francs to continue promoting the training of young specialists in the future.<\/p>\n<p><em>Source: <a href=\"https:\/\/www.agvs-upsa.ch\/\">Auto Gewerbe Verband Schweiz<\/a><\/em><\/p>","protected":false},"excerpt":{"rendered":"<p>Automobil-Werkstattkoordinatoren und Automobildiagnostiker\/-innen stellen sich den t\u00e4glichen Herausforderungen in den Betrieben und liefern dort mit ihrer Sach- und Menschenkompetenz die Basis f\u00fcr Erfolg und Kundenzufriedenheit. 163 Absolventinnen und Absolventen der Berufsausbildung nahmen k\u00fcrzlich ihre Fachausweise entgegen.\u00a0Charles-Albert Hediger, Mitglied des AGVS-Zentralvorstands, bedankt sich bei den jungen Fachkr\u00e4ften und ihren Angeh\u00f6rigen im Event-Center der Emil Frey Classics [&hellip;]<\/p>\n","protected":false},"author":4,"featured_media":14245,"comment_status":"closed","ping_status":"closed","sticky":false,"template":"","format":"standard","meta":{"_acf_changed":false,"_yoast_wpseo_focuskw":"junge Fachkr\u00e4fte","_yoast_wpseo_metadesc":"163 neue junge Fachkr\u00e4fte f\u00fcr die Autobranche durften in einem feierlichen Rahmen k\u00fcrzlich ihre Fachausweise entgegennehmen.","articlekey":"","footnotes":""},"categories":[30],"tags":[62,2944,254,503],"class_list":["post-14244","post","type-post","status-publish","format-standard","has-post-thumbnail","hentry","category-weiterbildung","tag-aus-weiterbildung","tag-autobranche","tag-hrm","tag-verbaende"],"acf":[],"yoast_head":"<!-- This site is optimized with the Yoast SEO plugin v27.5 - https:\/\/yoast.com\/product\/yoast-seo-wordpress\/ -->\n<title>Neue junge Fachkr\u00e4fte f\u00fcr die Autobranche - Organisator<\/title>\n<meta name=\"description\" content=\"163 neue junge Fachkr\u00e4fte f\u00fcr die Autobranche durften in einem feierlichen Rahmen k\u00fcrzlich ihre Fachausweise entgegennehmen.\" \/>\n<meta name=\"robots\" content=\"index, follow, max-snippet:-1, max-image-preview:large, max-video-preview:-1\" \/>\n<link rel=\"canonical\" href=\"https:\/\/www.organisator.ch\/en\/further-education\/2022-06-10\/neue-junge-fachkraefte-fuer-die-autobranche\/\" \/>\n<meta property=\"og:locale\" content=\"en_US\" \/>\n<meta property=\"og:type\" content=\"article\" \/>\n<meta property=\"og:title\" content=\"Neue junge Fachkr\u00e4fte f\u00fcr die Autobranche\" \/>\n<meta property=\"og:description\" content=\"163 neue junge Fachkr\u00e4fte f\u00fcr die Autobranche durften in einem feierlichen Rahmen k\u00fcrzlich ihre Fachausweise entgegennehmen.\" \/>\n<meta property=\"og:url\" content=\"https:\/\/www.organisator.ch\/en\/further-education\/2022-06-10\/neue-junge-fachkraefte-fuer-die-autobranche\/\" \/>\n<meta property=\"og:site_name\" content=\"Organisator\" \/>\n<meta property=\"article:publisher\" content=\"https:\/\/www.facebook.com\/OrganisatorFachmagazin\" \/>\n<meta property=\"article:published_time\" content=\"2022-06-10T07:09:41+00:00\" \/>\n<meta property=\"og:image\" content=\"https:\/\/www.organisator.ch\/wp-content\/uploads\/2022\/06\/Neue-junge-Fachkraefte-fuer-die-Autobranche_Organisator.jpg\" \/>\n\t<meta property=\"og:image:width\" content=\"680\" \/>\n\t<meta property=\"og:image:height\" content=\"453\" \/>\n\t<meta property=\"og:image:type\" content=\"image\/jpeg\" \/>\n<meta name=\"author\" content=\"thomas.berner\" \/>\n<meta name=\"twitter:card\" content=\"summary_large_image\" \/>\n<meta name=\"twitter:title\" content=\"Neue junge #Fachkr\u00e4fte f\u00fcr die #Autobranche\" \/>\n<meta name=\"twitter:description\" content=\"163 neue junge #Fachkr\u00e4fte f\u00fcr die #Autobranche durften in einem feierlichen Rahmen k\u00fcrzlich ihre #Fachausweise entgegennehmen.\" \/>\n<meta name=\"twitter:image\" content=\"https:\/\/www.organisator.ch\/wp-content\/uploads\/2022\/06\/Neue-junge-Fachkraefte-fuer-die-Autobranche_Organisator.jpg\" \/>\n<script type=\"application\/ld+json\" class=\"yoast-schema-graph\">{\"@context\":\"https:\\\/\\\/schema.org\",\"@graph\":[{\"@type\":\"Article\",\"@id\":\"https:\\\/\\\/www.organisator.ch\\\/weiterbildung\\\/2022-06-10\\\/neue-junge-fachkraefte-fuer-die-autobranche\\\/#article\",\"isPartOf\":{\"@id\":\"https:\\\/\\\/www.organisator.ch\\\/weiterbildung\\\/2022-06-10\\\/neue-junge-fachkraefte-fuer-die-autobranche\\\/\"},\"author\":{\"name\":\"thomas.berner\",\"@id\":\"https:\\\/\\\/www.organisator.ch\\\/#\\\/schema\\\/person\\\/6f650f90b2842cd4c0cc334b4e36f67e\"},\"headline\":\"Neue junge Fachkr\u00e4fte f\u00fcr die Autobranche\",\"datePublished\":\"2022-06-10T07:09:41+00:00\",\"mainEntityOfPage\":{\"@id\":\"https:\\\/\\\/www.organisator.ch\\\/weiterbildung\\\/2022-06-10\\\/neue-junge-fachkraefte-fuer-die-autobranche\\\/\"},\"wordCount\":484,\"publisher\":{\"@id\":\"https:\\\/\\\/www.organisator.ch\\\/#organization\"},\"image\":{\"@id\":\"https:\\\/\\\/www.organisator.ch\\\/weiterbildung\\\/2022-06-10\\\/neue-junge-fachkraefte-fuer-die-autobranche\\\/#primaryimage\"},\"thumbnailUrl\":\"https:\\\/\\\/www.organisator.ch\\\/wp-content\\\/uploads\\\/2022\\\/06\\\/Neue-junge-Fachkraefte-fuer-die-Autobranche_Organisator.jpg\",\"keywords\":[\"Aus-\\\/Weiterbildung\",\"Autobranche\",\"HRM\",\"Verb\u00e4nde\"],\"articleSection\":[\"WEITERBILDUNG\"],\"inLanguage\":\"en-US\"},{\"@type\":\"WebPage\",\"@id\":\"https:\\\/\\\/www.organisator.ch\\\/weiterbildung\\\/2022-06-10\\\/neue-junge-fachkraefte-fuer-die-autobranche\\\/\",\"url\":\"https:\\\/\\\/www.organisator.ch\\\/weiterbildung\\\/2022-06-10\\\/neue-junge-fachkraefte-fuer-die-autobranche\\\/\",\"name\":\"Neue junge Fachkr\u00e4fte f\u00fcr die Autobranche - Organisator\",\"isPartOf\":{\"@id\":\"https:\\\/\\\/www.organisator.ch\\\/#website\"},\"primaryImageOfPage\":{\"@id\":\"https:\\\/\\\/www.organisator.ch\\\/weiterbildung\\\/2022-06-10\\\/neue-junge-fachkraefte-fuer-die-autobranche\\\/#primaryimage\"},\"image\":{\"@id\":\"https:\\\/\\\/www.organisator.ch\\\/weiterbildung\\\/2022-06-10\\\/neue-junge-fachkraefte-fuer-die-autobranche\\\/#primaryimage\"},\"thumbnailUrl\":\"https:\\\/\\\/www.organisator.ch\\\/wp-content\\\/uploads\\\/2022\\\/06\\\/Neue-junge-Fachkraefte-fuer-die-Autobranche_Organisator.jpg\",\"datePublished\":\"2022-06-10T07:09:41+00:00\",\"description\":\"163 neue junge Fachkr\u00e4fte f\u00fcr die Autobranche durften in einem feierlichen Rahmen k\u00fcrzlich ihre Fachausweise entgegennehmen.\",\"breadcrumb\":{\"@id\":\"https:\\\/\\\/www.organisator.ch\\\/weiterbildung\\\/2022-06-10\\\/neue-junge-fachkraefte-fuer-die-autobranche\\\/#breadcrumb\"},\"inLanguage\":\"en-US\",\"potentialAction\":[{\"@type\":\"ReadAction\",\"target\":[\"https:\\\/\\\/www.organisator.ch\\\/weiterbildung\\\/2022-06-10\\\/neue-junge-fachkraefte-fuer-die-autobranche\\\/\"]}]},{\"@type\":\"ImageObject\",\"inLanguage\":\"en-US\",\"@id\":\"https:\\\/\\\/www.organisator.ch\\\/weiterbildung\\\/2022-06-10\\\/neue-junge-fachkraefte-fuer-die-autobranche\\\/#primaryimage\",\"url\":\"https:\\\/\\\/www.organisator.ch\\\/wp-content\\\/uploads\\\/2022\\\/06\\\/Neue-junge-Fachkraefte-fuer-die-Autobranche_Organisator.jpg\",\"contentUrl\":\"https:\\\/\\\/www.organisator.ch\\\/wp-content\\\/uploads\\\/2022\\\/06\\\/Neue-junge-Fachkraefte-fuer-die-Autobranche_Organisator.jpg\",\"width\":680,\"height\":453,\"caption\":\"Die Notenbesten der einzelnen Richtungen und Generationen bei der Fachausweis\u00fcbergabe in Safenwil. (Foto: AGVS-Medien)\"},{\"@type\":\"BreadcrumbList\",\"@id\":\"https:\\\/\\\/www.organisator.ch\\\/weiterbildung\\\/2022-06-10\\\/neue-junge-fachkraefte-fuer-die-autobranche\\\/#breadcrumb\",\"itemListElement\":[{\"@type\":\"ListItem\",\"position\":1,\"name\":\"Home\",\"item\":\"https:\\\/\\\/www.organisator.ch\\\/\"},{\"@type\":\"ListItem\",\"position\":2,\"name\":\"Neue junge Fachkr\u00e4fte f\u00fcr die Autobranche\"}]},{\"@type\":\"WebSite\",\"@id\":\"https:\\\/\\\/www.organisator.ch\\\/#website\",\"url\":\"https:\\\/\\\/www.organisator.ch\\\/\",\"name\":\"Organisator\",\"description\":\"Kompetent. Praxisnah. Der ORGANISATOR bereitet in 10 Ausgaben pro Jahr die wesentlichen Themen f\u00fcr F\u00fchrungskr\u00e4fte von KMU auf.\",\"publisher\":{\"@id\":\"https:\\\/\\\/www.organisator.ch\\\/#organization\"},\"potentialAction\":[{\"@type\":\"SearchAction\",\"target\":{\"@type\":\"EntryPoint\",\"urlTemplate\":\"https:\\\/\\\/www.organisator.ch\\\/?s={search_term_string}\"},\"query-input\":{\"@type\":\"PropertyValueSpecification\",\"valueRequired\":true,\"valueName\":\"search_term_string\"}}],\"inLanguage\":\"en-US\"},{\"@type\":\"Organization\",\"@id\":\"https:\\\/\\\/www.organisator.ch\\\/#organization\",\"name\":\"Organisator\",\"url\":\"https:\\\/\\\/www.organisator.ch\\\/\",\"logo\":{\"@type\":\"ImageObject\",\"inLanguage\":\"en-US\",\"@id\":\"https:\\\/\\\/www.organisator.ch\\\/#\\\/schema\\\/logo\\\/image\\\/\",\"url\":\"https:\\\/\\\/www.organisator.ch\\\/wp-content\\\/uploads\\\/2022\\\/01\\\/Logo_Organisator_Website.png\",\"contentUrl\":\"https:\\\/\\\/www.organisator.ch\\\/wp-content\\\/uploads\\\/2022\\\/01\\\/Logo_Organisator_Website.png\",\"width\":800,\"height\":77,\"caption\":\"Organisator\"},\"image\":{\"@id\":\"https:\\\/\\\/www.organisator.ch\\\/#\\\/schema\\\/logo\\\/image\\\/\"},\"sameAs\":[\"https:\\\/\\\/www.facebook.com\\\/OrganisatorFachmagazin\",\"https:\\\/\\\/www.linkedin.com\\\/showcase\\\/organisator-das-magazin-fr-kmu\",\"https:\\\/\\\/www.xing.com\\\/news\\\/pages\\\/organisator-ch-695\",\"https:\\\/\\\/www.youtube.com\\\/channel\\\/UCGP2Sq0iWaZwT3BdIAQFYpw\"]},{\"@type\":\"Person\",\"@id\":\"https:\\\/\\\/www.organisator.ch\\\/#\\\/schema\\\/person\\\/6f650f90b2842cd4c0cc334b4e36f67e\",\"name\":\"thomas.berner\",\"image\":{\"@type\":\"ImageObject\",\"inLanguage\":\"en-US\",\"@id\":\"https:\\\/\\\/secure.gravatar.com\\\/avatar\\\/ac5001d2a36cb6c6cd3e50789007ffca834b477b74a2144564522e944eabff61?s=96&d=mm&r=g\",\"url\":\"https:\\\/\\\/secure.gravatar.com\\\/avatar\\\/ac5001d2a36cb6c6cd3e50789007ffca834b477b74a2144564522e944eabff61?s=96&d=mm&r=g\",\"contentUrl\":\"https:\\\/\\\/secure.gravatar.com\\\/avatar\\\/ac5001d2a36cb6c6cd3e50789007ffca834b477b74a2144564522e944eabff61?s=96&d=mm&r=g\",\"caption\":\"thomas.berner\"},\"url\":\"https:\\\/\\\/www.organisator.ch\\\/en\\\/author\\\/thomas-berner\\\/\"}]}<\/script>\n<!-- \/ Yoast SEO plugin. -->","yoast_head_json":{"title":"New young professionals for the automotive industry - organizer","description":"163 new young professionals for the automotive industry recently received their professional certificates in a festive ceremony.","robots":{"index":"index","follow":"follow","max-snippet":"max-snippet:-1","max-image-preview":"max-image-preview:large","max-video-preview":"max-video-preview:-1"},"canonical":"https:\/\/www.organisator.ch\/en\/further-education\/2022-06-10\/neue-junge-fachkraefte-fuer-die-autobranche\/","og_locale":"en_US","og_type":"article","og_title":"Neue junge Fachkr\u00e4fte f\u00fcr die Autobranche","og_description":"163 neue junge Fachkr\u00e4fte f\u00fcr die Autobranche durften in einem feierlichen Rahmen k\u00fcrzlich ihre Fachausweise entgegennehmen.","og_url":"https:\/\/www.organisator.ch\/en\/further-education\/2022-06-10\/neue-junge-fachkraefte-fuer-die-autobranche\/","og_site_name":"Organisator","article_publisher":"https:\/\/www.facebook.com\/OrganisatorFachmagazin","article_published_time":"2022-06-10T07:09:41+00:00","og_image":[{"width":680,"height":453,"url":"https:\/\/www.organisator.ch\/wp-content\/uploads\/2022\/06\/Neue-junge-Fachkraefte-fuer-die-Autobranche_Organisator.jpg","type":"image\/jpeg"}],"author":"thomas.berner","twitter_card":"summary_large_image","twitter_title":"Neue junge #Fachkr\u00e4fte f\u00fcr die #Autobranche","twitter_description":"163 neue junge #Fachkr\u00e4fte f\u00fcr die #Autobranche durften in einem feierlichen Rahmen k\u00fcrzlich ihre #Fachausweise entgegennehmen.","twitter_image":"https:\/\/www.organisator.ch\/wp-content\/uploads\/2022\/06\/Neue-junge-Fachkraefte-fuer-die-Autobranche_Organisator.jpg","schema":{"@context":"https:\/\/schema.org","@graph":[{"@type":"Article","@id":"https:\/\/www.organisator.ch\/weiterbildung\/2022-06-10\/neue-junge-fachkraefte-fuer-die-autobranche\/#article","isPartOf":{"@id":"https:\/\/www.organisator.ch\/weiterbildung\/2022-06-10\/neue-junge-fachkraefte-fuer-die-autobranche\/"},"author":{"name":"thomas.berner","@id":"https:\/\/www.organisator.ch\/#\/schema\/person\/6f650f90b2842cd4c0cc334b4e36f67e"},"headline":"Neue junge Fachkr\u00e4fte f\u00fcr die Autobranche","datePublished":"2022-06-10T07:09:41+00:00","mainEntityOfPage":{"@id":"https:\/\/www.organisator.ch\/weiterbildung\/2022-06-10\/neue-junge-fachkraefte-fuer-die-autobranche\/"},"wordCount":484,"publisher":{"@id":"https:\/\/www.organisator.ch\/#organization"},"image":{"@id":"https:\/\/www.organisator.ch\/weiterbildung\/2022-06-10\/neue-junge-fachkraefte-fuer-die-autobranche\/#primaryimage"},"thumbnailUrl":"https:\/\/www.organisator.ch\/wp-content\/uploads\/2022\/06\/Neue-junge-Fachkraefte-fuer-die-Autobranche_Organisator.jpg","keywords":["Aus-\/Weiterbildung","Autobranche","HRM","Verb\u00e4nde"],"articleSection":["WEITERBILDUNG"],"inLanguage":"en-US"},{"@type":"WebPage","@id":"https:\/\/www.organisator.ch\/weiterbildung\/2022-06-10\/neue-junge-fachkraefte-fuer-die-autobranche\/","url":"https:\/\/www.organisator.ch\/weiterbildung\/2022-06-10\/neue-junge-fachkraefte-fuer-die-autobranche\/","name":"New young professionals for the automotive industry - organizer","isPartOf":{"@id":"https:\/\/www.organisator.ch\/#website"},"primaryImageOfPage":{"@id":"https:\/\/www.organisator.ch\/weiterbildung\/2022-06-10\/neue-junge-fachkraefte-fuer-die-autobranche\/#primaryimage"},"image":{"@id":"https:\/\/www.organisator.ch\/weiterbildung\/2022-06-10\/neue-junge-fachkraefte-fuer-die-autobranche\/#primaryimage"},"thumbnailUrl":"https:\/\/www.organisator.ch\/wp-content\/uploads\/2022\/06\/Neue-junge-Fachkraefte-fuer-die-Autobranche_Organisator.jpg","datePublished":"2022-06-10T07:09:41+00:00","description":"163 new young professionals for the automotive industry recently received their professional certificates in a festive ceremony.","breadcrumb":{"@id":"https:\/\/www.organisator.ch\/weiterbildung\/2022-06-10\/neue-junge-fachkraefte-fuer-die-autobranche\/#breadcrumb"},"inLanguage":"en-US","potentialAction":[{"@type":"ReadAction","target":["https:\/\/www.organisator.ch\/weiterbildung\/2022-06-10\/neue-junge-fachkraefte-fuer-die-autobranche\/"]}]},{"@type":"ImageObject","inLanguage":"en-US","@id":"https:\/\/www.organisator.ch\/weiterbildung\/2022-06-10\/neue-junge-fachkraefte-fuer-die-autobranche\/#primaryimage","url":"https:\/\/www.organisator.ch\/wp-content\/uploads\/2022\/06\/Neue-junge-Fachkraefte-fuer-die-Autobranche_Organisator.jpg","contentUrl":"https:\/\/www.organisator.ch\/wp-content\/uploads\/2022\/06\/Neue-junge-Fachkraefte-fuer-die-Autobranche_Organisator.jpg","width":680,"height":453,"caption":"Die Notenbesten der einzelnen Richtungen und Generationen bei der Fachausweis\u00fcbergabe in Safenwil. (Foto: AGVS-Medien)"},{"@type":"BreadcrumbList","@id":"https:\/\/www.organisator.ch\/weiterbildung\/2022-06-10\/neue-junge-fachkraefte-fuer-die-autobranche\/#breadcrumb","itemListElement":[{"@type":"ListItem","position":1,"name":"Home","item":"https:\/\/www.organisator.ch\/"},{"@type":"ListItem","position":2,"name":"Neue junge Fachkr\u00e4fte f\u00fcr die Autobranche"}]},{"@type":"WebSite","@id":"https:\/\/www.organisator.ch\/#website","url":"https:\/\/www.organisator.ch\/","name":"Organizer","description":"Competent. Practical. In 10 issues per year, ORGANISATOR presents the essential topics for managers of SMEs.","publisher":{"@id":"https:\/\/www.organisator.ch\/#organization"},"potentialAction":[{"@type":"SearchAction","target":{"@type":"EntryPoint","urlTemplate":"https:\/\/www.organisator.ch\/?s={search_term_string}"},"query-input":{"@type":"PropertyValueSpecification","valueRequired":true,"valueName":"search_term_string"}}],"inLanguage":"en-US"},{"@type":"Organization","@id":"https:\/\/www.organisator.ch\/#organization","name":"Organizer","url":"https:\/\/www.organisator.ch\/","logo":{"@type":"ImageObject","inLanguage":"en-US","@id":"https:\/\/www.organisator.ch\/#\/schema\/logo\/image\/","url":"https:\/\/www.organisator.ch\/wp-content\/uploads\/2022\/01\/Logo_Organisator_Website.png","contentUrl":"https:\/\/www.organisator.ch\/wp-content\/uploads\/2022\/01\/Logo_Organisator_Website.png","width":800,"height":77,"caption":"Organisator"},"image":{"@id":"https:\/\/www.organisator.ch\/#\/schema\/logo\/image\/"},"sameAs":["https:\/\/www.facebook.com\/OrganisatorFachmagazin","https:\/\/www.linkedin.com\/showcase\/organisator-das-magazin-fr-kmu","https:\/\/www.xing.com\/news\/pages\/organisator-ch-695","https:\/\/www.youtube.com\/channel\/UCGP2Sq0iWaZwT3BdIAQFYpw"]},{"@type":"Person","@id":"https:\/\/www.organisator.ch\/#\/schema\/person\/6f650f90b2842cd4c0cc334b4e36f67e","name":"thomas.berner","image":{"@type":"ImageObject","inLanguage":"en-US","@id":"https:\/\/secure.gravatar.com\/avatar\/ac5001d2a36cb6c6cd3e50789007ffca834b477b74a2144564522e944eabff61?s=96&d=mm&r=g","url":"https:\/\/secure.gravatar.com\/avatar\/ac5001d2a36cb6c6cd3e50789007ffca834b477b74a2144564522e944eabff61?s=96&d=mm&r=g","contentUrl":"https:\/\/secure.gravatar.com\/avatar\/ac5001d2a36cb6c6cd3e50789007ffca834b477b74a2144564522e944eabff61?s=96&d=mm&r=g","caption":"thomas.berner"},"url":"https:\/\/www.organisator.ch\/en\/author\/thomas-berner\/"}]}},"_links":{"self":[{"href":"https:\/\/www.organisator.ch\/en\/wp-json\/wp\/v2\/posts\/14244","targetHints":{"allow":["GET"]}}],"collection":[{"href":"https:\/\/www.organisator.ch\/en\/wp-json\/wp\/v2\/posts"}],"about":[{"href":"https:\/\/www.organisator.ch\/en\/wp-json\/wp\/v2\/types\/post"}],"author":[{"embeddable":true,"href":"https:\/\/www.organisator.ch\/en\/wp-json\/wp\/v2\/users\/4"}],"replies":[{"embeddable":true,"href":"https:\/\/www.organisator.ch\/en\/wp-json\/wp\/v2\/comments?post=14244"}],"version-history":[{"count":1,"href":"https:\/\/www.organisator.ch\/en\/wp-json\/wp\/v2\/posts\/14244\/revisions"}],"predecessor-version":[{"id":14246,"href":"https:\/\/www.organisator.ch\/en\/wp-json\/wp\/v2\/posts\/14244\/revisions\/14246"}],"wp:featuredmedia":[{"embeddable":true,"href":"https:\/\/www.organisator.ch\/en\/wp-json\/wp\/v2\/media\/14245"}],"wp:attachment":[{"href":"https:\/\/www.organisator.ch\/en\/wp-json\/wp\/v2\/media?parent=14244"}],"wp:term":[{"taxonomy":"category","embeddable":true,"href":"https:\/\/www.organisator.ch\/en\/wp-json\/wp\/v2\/categories?post=14244"},{"taxonomy":"post_tag","embeddable":true,"href":"https:\/\/www.organisator.ch\/en\/wp-json\/wp\/v2\/tags?post=14244"}],"curies":[{"name":"wp","href":"https:\/\/api.w.org\/{rel}","templated":true}]}}