{"id":1426,"date":"2017-01-31T10:51:20","date_gmt":"2017-01-31T09:51:20","guid":{"rendered":"https:\/\/www.organisator.ch\/?p=1426"},"modified":"2017-01-31T10:51:20","modified_gmt":"2017-01-31T09:51:20","slug":"1426-2","status":"publish","type":"post","link":"https:\/\/www.organisator.ch\/en\/allgemein\/2017-01-31\/1426-2\/","title":{"rendered":"The social side of flexible working hours"},"content":{"rendered":"<p><img loading=\"lazy\" decoding=\"async\" class=\"alignnone size-full wp-image-1429\" src=\"https:\/\/www.organisator.ch\/wp-content\/uploads\/2017\/01\/FlexibleArbeitszeitenorg-organisator-1.jpg\" alt=\"\" width=\"641\" height=\"429\" srcset=\"https:\/\/www.organisator.ch\/wp-content\/uploads\/2017\/01\/FlexibleArbeitszeitenorg-organisator-1.jpg 641w, https:\/\/www.organisator.ch\/wp-content\/uploads\/2017\/01\/FlexibleArbeitszeitenorg-organisator-1-16x12.jpg 16w, https:\/\/www.organisator.ch\/wp-content\/uploads\/2017\/01\/FlexibleArbeitszeitenorg-organisator-1-261x175.jpg 261w, https:\/\/www.organisator.ch\/wp-content\/uploads\/2017\/01\/FlexibleArbeitszeitenorg-organisator-1-523x350.jpg 523w, https:\/\/www.organisator.ch\/wp-content\/uploads\/2017\/01\/FlexibleArbeitszeitenorg-organisator-1-300x201.jpg 300w\" sizes=\"auto, (max-width: 641px) 100vw, 641px\" \/><\/p>\n<p>A business hub in Paris. \"La Compagnie1\" exudes start-up spirit and conviviality (Image: opensource)<\/p>\n<p><strong>The social side of flexible work<\/strong><\/p>\n<p>Workers who have flexible work schedules demonstrate a more active social life, according to the latest study commissioned by Regus. Workers confirm that when they can work closer to home, at least for certain hours, they have more opportunities to socialize and stay connected. It was also clear from the survey that flexible workers shop more locally and contribute more to the regional economy.<\/p>\n<p><strong>Majority for flexible times<\/strong><\/p>\n<p>This study, commissioned by Regus, surveyed nearly 200 workers in Switzerland. It shows that flexible working closer to home helps develop a sense of community. This benefits local businesses, but people also have more frequent opportunities to meet friends and spend time with family. Flexible working is so important today that 86 % of workers expect it from any job.<\/p>\n<p><strong>Further study results<\/strong><\/p>\n<p>Those who can work closer to home also benefit from better health conditions, as half of respondents reported being able to sleep more without a longer commute (48 %).<\/p>\n<p>Also half said that a shorter commute left more time for healthier eating (48 %).<\/p>\n<p>Flexible working can also create space between \"annoying\" coworkers: 29 % admitted to using homework to avoid colleagues' usual habits.<\/p>\n<p>A quarter (25 %) even confirm that their at-home job gives you a chance to avoid boring coworkers.<\/p>\n<p>The study also shows that when employees work closer to home, local communities benefit. Small businesses such as caf\u00e9s or stores serve as platforms for a sense of community. However, such businesses would have to close if they were only frequented on certain days, such as weekends. Thanks to flexible working, these businesses could also benefit from the flow of customers during the week.<\/p>\n<p>You can find more information about co-working alternatives at this <a href=\"http:\/\/ch-de.workswitzerland.regus.com\/?_ga=1.25635637.966425515.1485855444\">Link <\/a><\/p>\n<p>&nbsp;<\/p>\n<p>&nbsp;<\/p>","protected":false},"excerpt":{"rendered":"<p>Ein Business Hub in Paris. &#8222;La Compagnie1&#8220; verspr\u00fcht Start Up Spirit wie Geselligkeit (Bild: opensource) Die soziale Seite flexibler Arbeit Arbeitende, die flexible Arbeitszeiten haben, zeigen ein aktiveres Sozialleben, wie die neueste von Regus in Auftrag gegebene Studie zeigt. Arbeitnehmer best\u00e4tigen, dass wenn sie zumindest f\u00fcr bestimmte Zeiten n\u00e4her zu Hause arbeiten k\u00f6nnen, sie mehr [&hellip;]<\/p>\n","protected":false},"author":5,"featured_media":1429,"comment_status":"open","ping_status":"open","sticky":false,"template":"","format":"standard","meta":{"_acf_changed":false,"_yoast_wpseo_focuskw":"Arbeitszeiten","_yoast_wpseo_metadesc":"Flexible Arbeitszeiten sind gut f\u00fcrs Sozialleben, zeigt eine Studie von Regus. Flexibles Arbeiten f\u00f6rdert das soziale Leben.","articlekey":"","footnotes":""},"categories":[1],"tags":[51,211],"class_list":["post-1426","post","type-post","status-publish","format-standard","has-post-thumbnail","hentry","category-allgemein","tag-arbeitsplatzgestaltung","tag-flexible-arbeitszeit"],"acf":[],"yoast_head":"<!-- This site is optimized with the Yoast SEO plugin v27.4 - https:\/\/yoast.com\/product\/yoast-seo-wordpress\/ -->\n<title>Die soziale Seite flexibler Arbeitszeiten - Organisator<\/title>\n<meta name=\"description\" content=\"Flexible Arbeitszeiten sind gut f\u00fcrs Sozialleben, zeigt eine Studie von Regus. Flexibles Arbeiten f\u00f6rdert das soziale Leben.\" \/>\n<meta name=\"robots\" content=\"index, follow, max-snippet:-1, max-image-preview:large, max-video-preview:-1\" \/>\n<link rel=\"canonical\" href=\"https:\/\/www.organisator.ch\/en\/general\/2017-01-31\/1426-2\/\" \/>\n<meta property=\"og:locale\" content=\"en_US\" \/>\n<meta property=\"og:type\" content=\"article\" \/>\n<meta property=\"og:title\" content=\"Die soziale Seite flexibler Arbeitszeiten - Organisator\" \/>\n<meta property=\"og:description\" content=\"Flexible Arbeitszeiten sind gut f\u00fcrs Sozialleben, zeigt eine Studie von Regus. Flexibles Arbeiten f\u00f6rdert das soziale Leben.\" \/>\n<meta property=\"og:url\" content=\"https:\/\/www.organisator.ch\/en\/general\/2017-01-31\/1426-2\/\" \/>\n<meta property=\"og:site_name\" content=\"Organisator\" \/>\n<meta property=\"article:publisher\" content=\"https:\/\/www.facebook.com\/OrganisatorFachmagazin\" \/>\n<meta property=\"article:published_time\" content=\"2017-01-31T09:51:20+00:00\" \/>\n<meta property=\"og:image\" content=\"https:\/\/www.organisator.ch\/wp-content\/uploads\/2017\/01\/FlexibleArbeitszeitenorg-organisator-1.jpg\" \/>\n\t<meta property=\"og:image:width\" content=\"641\" \/>\n\t<meta property=\"og:image:height\" content=\"429\" \/>\n\t<meta property=\"og:image:type\" content=\"image\/jpeg\" \/>\n<meta name=\"author\" content=\"michael.merz\" \/>\n<meta name=\"twitter:card\" content=\"summary_large_image\" \/>\n<script type=\"application\/ld+json\" class=\"yoast-schema-graph\">{\"@context\":\"https:\\\/\\\/schema.org\",\"@graph\":[{\"@type\":\"Article\",\"@id\":\"https:\\\/\\\/www.organisator.ch\\\/it\\\/generale\\\/2017-01-31\\\/1426-2\\\/#article\",\"isPartOf\":{\"@id\":\"https:\\\/\\\/www.organisator.ch\\\/it\\\/generale\\\/2017-01-31\\\/1426-2\\\/\"},\"author\":{\"name\":\"michael.merz\",\"@id\":\"https:\\\/\\\/www.organisator.ch\\\/#\\\/schema\\\/person\\\/134708ca9321c57b0362cceb7948ffbd\"},\"headline\":\"Die soziale Seite flexibler Arbeitszeiten\",\"datePublished\":\"2017-01-31T09:51:20+00:00\",\"mainEntityOfPage\":{\"@id\":\"https:\\\/\\\/www.organisator.ch\\\/it\\\/generale\\\/2017-01-31\\\/1426-2\\\/\"},\"wordCount\":334,\"commentCount\":0,\"publisher\":{\"@id\":\"https:\\\/\\\/www.organisator.ch\\\/#organization\"},\"image\":{\"@id\":\"https:\\\/\\\/www.organisator.ch\\\/it\\\/generale\\\/2017-01-31\\\/1426-2\\\/#primaryimage\"},\"thumbnailUrl\":\"https:\\\/\\\/www.organisator.ch\\\/wp-content\\\/uploads\\\/2017\\\/01\\\/FlexibleArbeitszeitenorg-organisator-1.jpg\",\"keywords\":[\"Arbeitsplatzgestaltung\",\"Flexible Arbeitszeit\"],\"articleSection\":[\"Allgemein\"],\"inLanguage\":\"en-US\"},{\"@type\":\"WebPage\",\"@id\":\"https:\\\/\\\/www.organisator.ch\\\/it\\\/generale\\\/2017-01-31\\\/1426-2\\\/\",\"url\":\"https:\\\/\\\/www.organisator.ch\\\/it\\\/generale\\\/2017-01-31\\\/1426-2\\\/\",\"name\":\"Die soziale Seite flexibler Arbeitszeiten - Organisator\",\"isPartOf\":{\"@id\":\"https:\\\/\\\/www.organisator.ch\\\/#website\"},\"primaryImageOfPage\":{\"@id\":\"https:\\\/\\\/www.organisator.ch\\\/it\\\/generale\\\/2017-01-31\\\/1426-2\\\/#primaryimage\"},\"image\":{\"@id\":\"https:\\\/\\\/www.organisator.ch\\\/it\\\/generale\\\/2017-01-31\\\/1426-2\\\/#primaryimage\"},\"thumbnailUrl\":\"https:\\\/\\\/www.organisator.ch\\\/wp-content\\\/uploads\\\/2017\\\/01\\\/FlexibleArbeitszeitenorg-organisator-1.jpg\",\"datePublished\":\"2017-01-31T09:51:20+00:00\",\"description\":\"Flexible Arbeitszeiten sind gut f\u00fcrs Sozialleben, zeigt eine Studie von Regus. Flexibles Arbeiten f\u00f6rdert das soziale Leben.\",\"breadcrumb\":{\"@id\":\"https:\\\/\\\/www.organisator.ch\\\/it\\\/generale\\\/2017-01-31\\\/1426-2\\\/#breadcrumb\"},\"inLanguage\":\"en-US\",\"potentialAction\":[{\"@type\":\"ReadAction\",\"target\":[\"https:\\\/\\\/www.organisator.ch\\\/it\\\/generale\\\/2017-01-31\\\/1426-2\\\/\"]}]},{\"@type\":\"ImageObject\",\"inLanguage\":\"en-US\",\"@id\":\"https:\\\/\\\/www.organisator.ch\\\/it\\\/generale\\\/2017-01-31\\\/1426-2\\\/#primaryimage\",\"url\":\"https:\\\/\\\/www.organisator.ch\\\/wp-content\\\/uploads\\\/2017\\\/01\\\/FlexibleArbeitszeitenorg-organisator-1.jpg\",\"contentUrl\":\"https:\\\/\\\/www.organisator.ch\\\/wp-content\\\/uploads\\\/2017\\\/01\\\/FlexibleArbeitszeitenorg-organisator-1.jpg\",\"width\":641,\"height\":429},{\"@type\":\"BreadcrumbList\",\"@id\":\"https:\\\/\\\/www.organisator.ch\\\/it\\\/generale\\\/2017-01-31\\\/1426-2\\\/#breadcrumb\",\"itemListElement\":[{\"@type\":\"ListItem\",\"position\":1,\"name\":\"Home\",\"item\":\"https:\\\/\\\/www.organisator.ch\\\/\"},{\"@type\":\"ListItem\",\"position\":2,\"name\":\"Die soziale Seite flexibler Arbeitszeiten\"}]},{\"@type\":\"WebSite\",\"@id\":\"https:\\\/\\\/www.organisator.ch\\\/#website\",\"url\":\"https:\\\/\\\/www.organisator.ch\\\/\",\"name\":\"Organisator\",\"description\":\"Kompetent. Praxisnah. Der ORGANISATOR bereitet in 10 Ausgaben pro Jahr die wesentlichen Themen f\u00fcr F\u00fchrungskr\u00e4fte von KMU auf.\",\"publisher\":{\"@id\":\"https:\\\/\\\/www.organisator.ch\\\/#organization\"},\"potentialAction\":[{\"@type\":\"SearchAction\",\"target\":{\"@type\":\"EntryPoint\",\"urlTemplate\":\"https:\\\/\\\/www.organisator.ch\\\/?s={search_term_string}\"},\"query-input\":{\"@type\":\"PropertyValueSpecification\",\"valueRequired\":true,\"valueName\":\"search_term_string\"}}],\"inLanguage\":\"en-US\"},{\"@type\":\"Organization\",\"@id\":\"https:\\\/\\\/www.organisator.ch\\\/#organization\",\"name\":\"Organisator\",\"url\":\"https:\\\/\\\/www.organisator.ch\\\/\",\"logo\":{\"@type\":\"ImageObject\",\"inLanguage\":\"en-US\",\"@id\":\"https:\\\/\\\/www.organisator.ch\\\/#\\\/schema\\\/logo\\\/image\\\/\",\"url\":\"https:\\\/\\\/www.organisator.ch\\\/wp-content\\\/uploads\\\/2022\\\/01\\\/Logo_Organisator_Website.png\",\"contentUrl\":\"https:\\\/\\\/www.organisator.ch\\\/wp-content\\\/uploads\\\/2022\\\/01\\\/Logo_Organisator_Website.png\",\"width\":800,\"height\":77,\"caption\":\"Organisator\"},\"image\":{\"@id\":\"https:\\\/\\\/www.organisator.ch\\\/#\\\/schema\\\/logo\\\/image\\\/\"},\"sameAs\":[\"https:\\\/\\\/www.facebook.com\\\/OrganisatorFachmagazin\",\"https:\\\/\\\/www.linkedin.com\\\/showcase\\\/organisator-das-magazin-fr-kmu\",\"https:\\\/\\\/www.xing.com\\\/news\\\/pages\\\/organisator-ch-695\",\"https:\\\/\\\/www.youtube.com\\\/channel\\\/UCGP2Sq0iWaZwT3BdIAQFYpw\"]},{\"@type\":\"Person\",\"@id\":\"https:\\\/\\\/www.organisator.ch\\\/#\\\/schema\\\/person\\\/134708ca9321c57b0362cceb7948ffbd\",\"name\":\"michael.merz\",\"image\":{\"@type\":\"ImageObject\",\"inLanguage\":\"en-US\",\"@id\":\"https:\\\/\\\/secure.gravatar.com\\\/avatar\\\/?s=96&d=mm&r=g\",\"url\":\"https:\\\/\\\/secure.gravatar.com\\\/avatar\\\/?s=96&d=mm&r=g\",\"contentUrl\":\"https:\\\/\\\/secure.gravatar.com\\\/avatar\\\/?s=96&d=mm&r=g\",\"caption\":\"michael.merz\"},\"url\":\"https:\\\/\\\/www.organisator.ch\\\/en\\\/author\\\/michael-merz\\\/\"}]}<\/script>\n<!-- \/ Yoast SEO plugin. -->","yoast_head_json":{"title":"The social side of flexible working hours - Organizer","description":"Flexible working hours are good for social life, a study by Regus shows. Flexible working promotes social life.","robots":{"index":"index","follow":"follow","max-snippet":"max-snippet:-1","max-image-preview":"max-image-preview:large","max-video-preview":"max-video-preview:-1"},"canonical":"https:\/\/www.organisator.ch\/en\/general\/2017-01-31\/1426-2\/","og_locale":"en_US","og_type":"article","og_title":"Die soziale Seite flexibler Arbeitszeiten - Organisator","og_description":"Flexible Arbeitszeiten sind gut f\u00fcrs Sozialleben, zeigt eine Studie von Regus. Flexibles Arbeiten f\u00f6rdert das soziale Leben.","og_url":"https:\/\/www.organisator.ch\/en\/general\/2017-01-31\/1426-2\/","og_site_name":"Organisator","article_publisher":"https:\/\/www.facebook.com\/OrganisatorFachmagazin","article_published_time":"2017-01-31T09:51:20+00:00","og_image":[{"width":641,"height":429,"url":"https:\/\/www.organisator.ch\/wp-content\/uploads\/2017\/01\/FlexibleArbeitszeitenorg-organisator-1.jpg","type":"image\/jpeg"}],"author":"michael.merz","twitter_card":"summary_large_image","schema":{"@context":"https:\/\/schema.org","@graph":[{"@type":"Article","@id":"https:\/\/www.organisator.ch\/it\/generale\/2017-01-31\/1426-2\/#article","isPartOf":{"@id":"https:\/\/www.organisator.ch\/it\/generale\/2017-01-31\/1426-2\/"},"author":{"name":"michael.merz","@id":"https:\/\/www.organisator.ch\/#\/schema\/person\/134708ca9321c57b0362cceb7948ffbd"},"headline":"Die soziale Seite flexibler Arbeitszeiten","datePublished":"2017-01-31T09:51:20+00:00","mainEntityOfPage":{"@id":"https:\/\/www.organisator.ch\/it\/generale\/2017-01-31\/1426-2\/"},"wordCount":334,"commentCount":0,"publisher":{"@id":"https:\/\/www.organisator.ch\/#organization"},"image":{"@id":"https:\/\/www.organisator.ch\/it\/generale\/2017-01-31\/1426-2\/#primaryimage"},"thumbnailUrl":"https:\/\/www.organisator.ch\/wp-content\/uploads\/2017\/01\/FlexibleArbeitszeitenorg-organisator-1.jpg","keywords":["Arbeitsplatzgestaltung","Flexible Arbeitszeit"],"articleSection":["Allgemein"],"inLanguage":"en-US"},{"@type":"WebPage","@id":"https:\/\/www.organisator.ch\/it\/generale\/2017-01-31\/1426-2\/","url":"https:\/\/www.organisator.ch\/it\/generale\/2017-01-31\/1426-2\/","name":"The social side of flexible working hours - Organizer","isPartOf":{"@id":"https:\/\/www.organisator.ch\/#website"},"primaryImageOfPage":{"@id":"https:\/\/www.organisator.ch\/it\/generale\/2017-01-31\/1426-2\/#primaryimage"},"image":{"@id":"https:\/\/www.organisator.ch\/it\/generale\/2017-01-31\/1426-2\/#primaryimage"},"thumbnailUrl":"https:\/\/www.organisator.ch\/wp-content\/uploads\/2017\/01\/FlexibleArbeitszeitenorg-organisator-1.jpg","datePublished":"2017-01-31T09:51:20+00:00","description":"Flexible working hours are good for social life, a study by Regus shows. Flexible working promotes social life.","breadcrumb":{"@id":"https:\/\/www.organisator.ch\/it\/generale\/2017-01-31\/1426-2\/#breadcrumb"},"inLanguage":"en-US","potentialAction":[{"@type":"ReadAction","target":["https:\/\/www.organisator.ch\/it\/generale\/2017-01-31\/1426-2\/"]}]},{"@type":"ImageObject","inLanguage":"en-US","@id":"https:\/\/www.organisator.ch\/it\/generale\/2017-01-31\/1426-2\/#primaryimage","url":"https:\/\/www.organisator.ch\/wp-content\/uploads\/2017\/01\/FlexibleArbeitszeitenorg-organisator-1.jpg","contentUrl":"https:\/\/www.organisator.ch\/wp-content\/uploads\/2017\/01\/FlexibleArbeitszeitenorg-organisator-1.jpg","width":641,"height":429},{"@type":"BreadcrumbList","@id":"https:\/\/www.organisator.ch\/it\/generale\/2017-01-31\/1426-2\/#breadcrumb","itemListElement":[{"@type":"ListItem","position":1,"name":"Home","item":"https:\/\/www.organisator.ch\/"},{"@type":"ListItem","position":2,"name":"Die soziale Seite flexibler Arbeitszeiten"}]},{"@type":"WebSite","@id":"https:\/\/www.organisator.ch\/#website","url":"https:\/\/www.organisator.ch\/","name":"Organizer","description":"Competent. Practical. In 10 issues per year, ORGANISATOR presents the essential topics for managers of SMEs.","publisher":{"@id":"https:\/\/www.organisator.ch\/#organization"},"potentialAction":[{"@type":"SearchAction","target":{"@type":"EntryPoint","urlTemplate":"https:\/\/www.organisator.ch\/?s={search_term_string}"},"query-input":{"@type":"PropertyValueSpecification","valueRequired":true,"valueName":"search_term_string"}}],"inLanguage":"en-US"},{"@type":"Organization","@id":"https:\/\/www.organisator.ch\/#organization","name":"Organizer","url":"https:\/\/www.organisator.ch\/","logo":{"@type":"ImageObject","inLanguage":"en-US","@id":"https:\/\/www.organisator.ch\/#\/schema\/logo\/image\/","url":"https:\/\/www.organisator.ch\/wp-content\/uploads\/2022\/01\/Logo_Organisator_Website.png","contentUrl":"https:\/\/www.organisator.ch\/wp-content\/uploads\/2022\/01\/Logo_Organisator_Website.png","width":800,"height":77,"caption":"Organisator"},"image":{"@id":"https:\/\/www.organisator.ch\/#\/schema\/logo\/image\/"},"sameAs":["https:\/\/www.facebook.com\/OrganisatorFachmagazin","https:\/\/www.linkedin.com\/showcase\/organisator-das-magazin-fr-kmu","https:\/\/www.xing.com\/news\/pages\/organisator-ch-695","https:\/\/www.youtube.com\/channel\/UCGP2Sq0iWaZwT3BdIAQFYpw"]},{"@type":"Person","@id":"https:\/\/www.organisator.ch\/#\/schema\/person\/134708ca9321c57b0362cceb7948ffbd","name":"michael.merz","image":{"@type":"ImageObject","inLanguage":"en-US","@id":"https:\/\/secure.gravatar.com\/avatar\/?s=96&d=mm&r=g","url":"https:\/\/secure.gravatar.com\/avatar\/?s=96&d=mm&r=g","contentUrl":"https:\/\/secure.gravatar.com\/avatar\/?s=96&d=mm&r=g","caption":"michael.merz"},"url":"https:\/\/www.organisator.ch\/en\/author\/michael-merz\/"}]}},"_links":{"self":[{"href":"https:\/\/www.organisator.ch\/en\/wp-json\/wp\/v2\/posts\/1426","targetHints":{"allow":["GET"]}}],"collection":[{"href":"https:\/\/www.organisator.ch\/en\/wp-json\/wp\/v2\/posts"}],"about":[{"href":"https:\/\/www.organisator.ch\/en\/wp-json\/wp\/v2\/types\/post"}],"author":[{"embeddable":true,"href":"https:\/\/www.organisator.ch\/en\/wp-json\/wp\/v2\/users\/5"}],"replies":[{"embeddable":true,"href":"https:\/\/www.organisator.ch\/en\/wp-json\/wp\/v2\/comments?post=1426"}],"version-history":[{"count":0,"href":"https:\/\/www.organisator.ch\/en\/wp-json\/wp\/v2\/posts\/1426\/revisions"}],"wp:featuredmedia":[{"embeddable":true,"href":"https:\/\/www.organisator.ch\/en\/wp-json\/wp\/v2\/media\/1429"}],"wp:attachment":[{"href":"https:\/\/www.organisator.ch\/en\/wp-json\/wp\/v2\/media?parent=1426"}],"wp:term":[{"taxonomy":"category","embeddable":true,"href":"https:\/\/www.organisator.ch\/en\/wp-json\/wp\/v2\/categories?post=1426"},{"taxonomy":"post_tag","embeddable":true,"href":"https:\/\/www.organisator.ch\/en\/wp-json\/wp\/v2\/tags?post=1426"}],"curies":[{"name":"wp","href":"https:\/\/api.w.org\/{rel}","templated":true}]}}