{"id":1443,"date":"2017-02-01T11:24:12","date_gmt":"2017-02-01T10:24:12","guid":{"rendered":"https:\/\/www.organisator.ch\/?p=1443"},"modified":"2017-02-01T11:24:12","modified_gmt":"2017-02-01T10:24:12","slug":"fuehrungs-hotline-erweitert-netzwerk","status":"publish","type":"post","link":"https:\/\/www.organisator.ch\/en\/management\/2017-02-01\/fuehrungs-hotline-erweitert-netzwerk\/","title":{"rendered":"Leadership hotline expands network"},"content":{"rendered":"<p>The management hotline offers immediate support for problem areas in the day-to-day running of a company by calling 071 523 88 88. Experts from various disciplines such as HRM, marketing, finance, law, communications, IT and strategy are available when acute problems arise. The management hotline is also available in the event of imminent danger to life and limb (such as suicide threats by employees) and immediately forwards inquiries to specialists.<\/p>\n<figure id=\"attachment_1445\" aria-describedby=\"caption-attachment-1445\" style=\"width: 440px\" class=\"wp-caption alignnone\"><img loading=\"lazy\" decoding=\"async\" class=\"size-full wp-image-1445\" src=\"https:\/\/www.organisator.ch\/wp-content\/uploads\/2017\/02\/Fuehrungs-Hotline-erweitert-Netzwerk_Organisator.jpg\" alt=\"\" width=\"440\" height=\"441\" srcset=\"https:\/\/www.organisator.ch\/wp-content\/uploads\/2017\/02\/Fuehrungs-Hotline-erweitert-Netzwerk_Organisator.jpg 440w, https:\/\/www.organisator.ch\/wp-content\/uploads\/2017\/02\/Fuehrungs-Hotline-erweitert-Netzwerk_Organisator-150x150.jpg 150w, https:\/\/www.organisator.ch\/wp-content\/uploads\/2017\/02\/Fuehrungs-Hotline-erweitert-Netzwerk_Organisator-12x12.jpg 12w, https:\/\/www.organisator.ch\/wp-content\/uploads\/2017\/02\/Fuehrungs-Hotline-erweitert-Netzwerk_Organisator-175x175.jpg 175w, https:\/\/www.organisator.ch\/wp-content\/uploads\/2017\/02\/Fuehrungs-Hotline-erweitert-Netzwerk_Organisator-349x350.jpg 349w, https:\/\/www.organisator.ch\/wp-content\/uploads\/2017\/02\/Fuehrungs-Hotline-erweitert-Netzwerk_Organisator-250x250.jpg 250w, https:\/\/www.organisator.ch\/wp-content\/uploads\/2017\/02\/Fuehrungs-Hotline-erweitert-Netzwerk_Organisator-300x301.jpg 300w, https:\/\/www.organisator.ch\/wp-content\/uploads\/2017\/02\/Fuehrungs-Hotline-erweitert-Netzwerk_Organisator-100x100.jpg 100w\" sizes=\"auto, (max-width: 440px) 100vw, 440px\" \/><figcaption id=\"caption-attachment-1445\" class=\"wp-caption-text\">Adds to the Leadership Hotline network: Mark Widmer of Licht LRC.<\/figcaption><\/figure>\n<p>The Leadership Hotline team, led by management consultants Bettina Osterwalder and Guido Kriech, was recently expanded to include two additional network partners. On the one hand, Mark Widmer from <a href=\"https:\/\/www.interim-verkaufsleiter.ch\/\">Light LRC AG<\/a>\u00a0thanks to his experience in various industries as a sales trainer in questions and challenges in the areas, sales and customer acquisition available. \"As a sales trainer at Umberto Saxer Training AG, one of the most renowned sales training companies in German-speaking countries, I accompanied a company in Germany as a trainer and coach, which in only 6 years developed from 2 million euros in sales and 11 employees to 97 million euros in sales with over 100 employees. This in a pure displacement market. Licht-LRC AG complements the management hotline when it comes to questions of building, expanding and training sales organizations. Because as a manager one is always confronted with the question: 'Why are we not reaching the sales targets?'  Here, with our experience, we can often and quickly find new approaches that lead to success,\" says Mark Widmer.<\/p>\n<p>On the other hand, Christian G\u00f6tz from BESTSEC could be won as a network partner. He says about his commitment to the management hotline: \"With our physical security solutions, a solid foundation is created for the customer, which supports the processing in the event of an incident. Every company offers different requirements, these must be included in the solutions. With this know-how, from the planning of the security-related trades, to the investigation of irregularities, a gain is created for every customer.\"<\/p>\n<p>The services of the Leadership Hotline are available by subscription. More information is available <a href=\"http:\/\/www.f\u00fchrungshotline.ch\/de\">here<\/a>.<\/p>\n<p>&nbsp;<\/p>","protected":false},"excerpt":{"rendered":"<p>Die F\u00fchrungs-Hotline bietet unter der Telefon-Nummer 071 523 88 88 Sofort-Unterst\u00fctzung bei Problemfeldern im Unternehmensalltag an. Experten verschiedener Fachrichtungen wie HRM, Marketing, Finanzen, Recht, Kommunikation, IT, Strategie stehen zur Verf\u00fcgung, wenn akute Probleme auftreten. Auch\u00a0bei drohender\u00a0Gefahr an Leib und Leben (etwa Suiziddrohungen von Mitarbeitenden)\u00a0steht die F\u00fchrungs-Hotline zur Verf\u00fcgung und leitet die Anfragen sofort an Spezialisten [&hellip;]<\/p>\n","protected":false},"author":4,"featured_media":1445,"comment_status":"open","ping_status":"open","sticky":false,"template":"","format":"standard","meta":{"_acf_changed":false,"_yoast_wpseo_focuskw":"F\u00fchrungs-Hotline","_yoast_wpseo_metadesc":"Die F\u00fchrungs-Hotline bietet unter der Telefon-Nummer 071 523 88 88 Sofort-Unterst\u00fctzung bei Problemfeldern im Unternehmensalltag an.","articlekey":"","footnotes":""},"categories":[28],"tags":[208,335,381,393,400],"class_list":["post-1443","post","type-post","status-publish","format-standard","has-post-thumbnail","hentry","category-management","tag-fit-im-job","tag-management-und-unternehmensfuehrung","tag-personalia","tag-produkte","tag-psychische-gesundheit"],"acf":[],"yoast_head":"<!-- This site is optimized with the Yoast SEO plugin v27.4 - https:\/\/yoast.com\/product\/yoast-seo-wordpress\/ -->\n<title>F\u00fchrungs-Hotline erweitert Netzwerk - Organisator<\/title>\n<meta name=\"description\" content=\"Die F\u00fchrungs-Hotline bietet unter der Telefon-Nummer 071 523 88 88 Sofort-Unterst\u00fctzung bei Problemfeldern im Unternehmensalltag an.\" \/>\n<meta name=\"robots\" content=\"index, follow, max-snippet:-1, max-image-preview:large, max-video-preview:-1\" \/>\n<link rel=\"canonical\" href=\"https:\/\/www.organisator.ch\/en\/management\/2017-02-01\/fuehrungs-hotline-erweitert-netzwerk\/\" \/>\n<meta property=\"og:locale\" content=\"en_US\" \/>\n<meta property=\"og:type\" content=\"article\" \/>\n<meta property=\"og:title\" content=\"#F\u00fchrungs-Hotline erweitert Netzwerk\" \/>\n<meta property=\"og:description\" content=\"Die #F\u00fchrungs-Hotline, Anlaufstelle f\u00fcr Unternehmer und F\u00fchrungskr\u00e4fte bei diversen akuten #Problemfeldern im Unternehmensalltag, hat ihr Netzwerk um zwei kompetente Pers\u00f6nlichkeiten erweitert.\" \/>\n<meta property=\"og:url\" content=\"https:\/\/www.organisator.ch\/en\/management\/2017-02-01\/fuehrungs-hotline-erweitert-netzwerk\/\" \/>\n<meta property=\"og:site_name\" content=\"Organisator\" \/>\n<meta property=\"article:publisher\" content=\"https:\/\/www.facebook.com\/OrganisatorFachmagazin\" \/>\n<meta property=\"article:published_time\" content=\"2017-02-01T10:24:12+00:00\" \/>\n<meta property=\"og:image\" content=\"https:\/\/www.organisator.ch\/wp-content\/uploads\/2017\/02\/Fuehrungs-Hotline-erweitert-Netzwerk-2_Organisator.png\" \/>\n\t<meta property=\"og:image:width\" content=\"200\" \/>\n\t<meta property=\"og:image:height\" content=\"161\" \/>\n\t<meta property=\"og:image:type\" content=\"image\/png\" \/>\n<meta name=\"author\" content=\"thomas.berner\" \/>\n<meta name=\"twitter:card\" content=\"summary_large_image\" \/>\n<meta name=\"twitter:title\" content=\"#F\u00fchrungs-Hotline erweitert Netzwerk\" \/>\n<meta name=\"twitter:description\" content=\"Die #F\u00fchrungs-Hotline, Anlaufstelle f\u00fcr Unternehmer und F\u00fchrungskr\u00e4fte bei diversen akuten #Problemfeldern im Unternehmensalltag, hat ihr Netzwerk um zwei kompetente Pers\u00f6nlichkeiten erweitert.\" \/>\n<meta name=\"twitter:image\" content=\"https:\/\/www.organisator.ch\/wp-content\/uploads\/2017\/02\/F\u00fchrungs-Hotline-erweitert-Netzwerk-2_Organisator.png\" \/>\n<script type=\"application\/ld+json\" class=\"yoast-schema-graph\">{\"@context\":\"https:\\\/\\\/schema.org\",\"@graph\":[{\"@type\":\"Article\",\"@id\":\"https:\\\/\\\/www.organisator.ch\\\/management\\\/2017-02-01\\\/fuehrungs-hotline-erweitert-netzwerk\\\/#article\",\"isPartOf\":{\"@id\":\"https:\\\/\\\/www.organisator.ch\\\/management\\\/2017-02-01\\\/fuehrungs-hotline-erweitert-netzwerk\\\/\"},\"author\":{\"name\":\"thomas.berner\",\"@id\":\"https:\\\/\\\/www.organisator.ch\\\/#\\\/schema\\\/person\\\/6f650f90b2842cd4c0cc334b4e36f67e\"},\"headline\":\"F\u00fchrungs-Hotline erweitert Netzwerk\",\"datePublished\":\"2017-02-01T10:24:12+00:00\",\"mainEntityOfPage\":{\"@id\":\"https:\\\/\\\/www.organisator.ch\\\/management\\\/2017-02-01\\\/fuehrungs-hotline-erweitert-netzwerk\\\/\"},\"wordCount\":343,\"commentCount\":0,\"publisher\":{\"@id\":\"https:\\\/\\\/www.organisator.ch\\\/#organization\"},\"image\":{\"@id\":\"https:\\\/\\\/www.organisator.ch\\\/management\\\/2017-02-01\\\/fuehrungs-hotline-erweitert-netzwerk\\\/#primaryimage\"},\"thumbnailUrl\":\"https:\\\/\\\/www.organisator.ch\\\/wp-content\\\/uploads\\\/2017\\\/02\\\/Fuehrungs-Hotline-erweitert-Netzwerk_Organisator.jpg\",\"keywords\":[\"Fit im Job\",\"Management und Unternehmensf\u00fchrung\",\"Personalia\",\"Produkte\",\"Psychische Gesundheit\"],\"articleSection\":[\"MANAGEMENT\"],\"inLanguage\":\"en-US\"},{\"@type\":\"WebPage\",\"@id\":\"https:\\\/\\\/www.organisator.ch\\\/management\\\/2017-02-01\\\/fuehrungs-hotline-erweitert-netzwerk\\\/\",\"url\":\"https:\\\/\\\/www.organisator.ch\\\/management\\\/2017-02-01\\\/fuehrungs-hotline-erweitert-netzwerk\\\/\",\"name\":\"F\u00fchrungs-Hotline erweitert Netzwerk - Organisator\",\"isPartOf\":{\"@id\":\"https:\\\/\\\/www.organisator.ch\\\/#website\"},\"primaryImageOfPage\":{\"@id\":\"https:\\\/\\\/www.organisator.ch\\\/management\\\/2017-02-01\\\/fuehrungs-hotline-erweitert-netzwerk\\\/#primaryimage\"},\"image\":{\"@id\":\"https:\\\/\\\/www.organisator.ch\\\/management\\\/2017-02-01\\\/fuehrungs-hotline-erweitert-netzwerk\\\/#primaryimage\"},\"thumbnailUrl\":\"https:\\\/\\\/www.organisator.ch\\\/wp-content\\\/uploads\\\/2017\\\/02\\\/Fuehrungs-Hotline-erweitert-Netzwerk_Organisator.jpg\",\"datePublished\":\"2017-02-01T10:24:12+00:00\",\"description\":\"Die F\u00fchrungs-Hotline bietet unter der Telefon-Nummer 071 523 88 88 Sofort-Unterst\u00fctzung bei Problemfeldern im Unternehmensalltag an.\",\"breadcrumb\":{\"@id\":\"https:\\\/\\\/www.organisator.ch\\\/management\\\/2017-02-01\\\/fuehrungs-hotline-erweitert-netzwerk\\\/#breadcrumb\"},\"inLanguage\":\"en-US\",\"potentialAction\":[{\"@type\":\"ReadAction\",\"target\":[\"https:\\\/\\\/www.organisator.ch\\\/management\\\/2017-02-01\\\/fuehrungs-hotline-erweitert-netzwerk\\\/\"]}]},{\"@type\":\"ImageObject\",\"inLanguage\":\"en-US\",\"@id\":\"https:\\\/\\\/www.organisator.ch\\\/management\\\/2017-02-01\\\/fuehrungs-hotline-erweitert-netzwerk\\\/#primaryimage\",\"url\":\"https:\\\/\\\/www.organisator.ch\\\/wp-content\\\/uploads\\\/2017\\\/02\\\/Fuehrungs-Hotline-erweitert-Netzwerk_Organisator.jpg\",\"contentUrl\":\"https:\\\/\\\/www.organisator.ch\\\/wp-content\\\/uploads\\\/2017\\\/02\\\/Fuehrungs-Hotline-erweitert-Netzwerk_Organisator.jpg\",\"width\":440,\"height\":441,\"caption\":\"Erg\u00e4nzt das Netzwerk der F\u00fchrungs-Hotline: Mark Widmer von Licht LRC.\"},{\"@type\":\"BreadcrumbList\",\"@id\":\"https:\\\/\\\/www.organisator.ch\\\/management\\\/2017-02-01\\\/fuehrungs-hotline-erweitert-netzwerk\\\/#breadcrumb\",\"itemListElement\":[{\"@type\":\"ListItem\",\"position\":1,\"name\":\"Home\",\"item\":\"https:\\\/\\\/www.organisator.ch\\\/\"},{\"@type\":\"ListItem\",\"position\":2,\"name\":\"F\u00fchrungs-Hotline erweitert Netzwerk\"}]},{\"@type\":\"WebSite\",\"@id\":\"https:\\\/\\\/www.organisator.ch\\\/#website\",\"url\":\"https:\\\/\\\/www.organisator.ch\\\/\",\"name\":\"Organisator\",\"description\":\"Kompetent. Praxisnah. Der ORGANISATOR bereitet in 10 Ausgaben pro Jahr die wesentlichen Themen f\u00fcr F\u00fchrungskr\u00e4fte von KMU auf.\",\"publisher\":{\"@id\":\"https:\\\/\\\/www.organisator.ch\\\/#organization\"},\"potentialAction\":[{\"@type\":\"SearchAction\",\"target\":{\"@type\":\"EntryPoint\",\"urlTemplate\":\"https:\\\/\\\/www.organisator.ch\\\/?s={search_term_string}\"},\"query-input\":{\"@type\":\"PropertyValueSpecification\",\"valueRequired\":true,\"valueName\":\"search_term_string\"}}],\"inLanguage\":\"en-US\"},{\"@type\":\"Organization\",\"@id\":\"https:\\\/\\\/www.organisator.ch\\\/#organization\",\"name\":\"Organisator\",\"url\":\"https:\\\/\\\/www.organisator.ch\\\/\",\"logo\":{\"@type\":\"ImageObject\",\"inLanguage\":\"en-US\",\"@id\":\"https:\\\/\\\/www.organisator.ch\\\/#\\\/schema\\\/logo\\\/image\\\/\",\"url\":\"https:\\\/\\\/www.organisator.ch\\\/wp-content\\\/uploads\\\/2022\\\/01\\\/Logo_Organisator_Website.png\",\"contentUrl\":\"https:\\\/\\\/www.organisator.ch\\\/wp-content\\\/uploads\\\/2022\\\/01\\\/Logo_Organisator_Website.png\",\"width\":800,\"height\":77,\"caption\":\"Organisator\"},\"image\":{\"@id\":\"https:\\\/\\\/www.organisator.ch\\\/#\\\/schema\\\/logo\\\/image\\\/\"},\"sameAs\":[\"https:\\\/\\\/www.facebook.com\\\/OrganisatorFachmagazin\",\"https:\\\/\\\/www.linkedin.com\\\/showcase\\\/organisator-das-magazin-fr-kmu\",\"https:\\\/\\\/www.xing.com\\\/news\\\/pages\\\/organisator-ch-695\",\"https:\\\/\\\/www.youtube.com\\\/channel\\\/UCGP2Sq0iWaZwT3BdIAQFYpw\"]},{\"@type\":\"Person\",\"@id\":\"https:\\\/\\\/www.organisator.ch\\\/#\\\/schema\\\/person\\\/6f650f90b2842cd4c0cc334b4e36f67e\",\"name\":\"thomas.berner\",\"image\":{\"@type\":\"ImageObject\",\"inLanguage\":\"en-US\",\"@id\":\"https:\\\/\\\/secure.gravatar.com\\\/avatar\\\/ac5001d2a36cb6c6cd3e50789007ffca834b477b74a2144564522e944eabff61?s=96&d=mm&r=g\",\"url\":\"https:\\\/\\\/secure.gravatar.com\\\/avatar\\\/ac5001d2a36cb6c6cd3e50789007ffca834b477b74a2144564522e944eabff61?s=96&d=mm&r=g\",\"contentUrl\":\"https:\\\/\\\/secure.gravatar.com\\\/avatar\\\/ac5001d2a36cb6c6cd3e50789007ffca834b477b74a2144564522e944eabff61?s=96&d=mm&r=g\",\"caption\":\"thomas.berner\"},\"url\":\"https:\\\/\\\/www.organisator.ch\\\/en\\\/author\\\/thomas-berner\\\/\"}]}<\/script>\n<!-- \/ Yoast SEO plugin. -->","yoast_head_json":{"title":"Leadership hotline expands network - Organizer","description":"The management hotline offers immediate support for problem areas in day-to-day business at the telephone number 071 523 88 88.","robots":{"index":"index","follow":"follow","max-snippet":"max-snippet:-1","max-image-preview":"max-image-preview:large","max-video-preview":"max-video-preview:-1"},"canonical":"https:\/\/www.organisator.ch\/en\/management\/2017-02-01\/fuehrungs-hotline-erweitert-netzwerk\/","og_locale":"en_US","og_type":"article","og_title":"#F\u00fchrungs-Hotline erweitert Netzwerk","og_description":"Die #F\u00fchrungs-Hotline, Anlaufstelle f\u00fcr Unternehmer und F\u00fchrungskr\u00e4fte bei diversen akuten #Problemfeldern im Unternehmensalltag, hat ihr Netzwerk um zwei kompetente Pers\u00f6nlichkeiten erweitert.","og_url":"https:\/\/www.organisator.ch\/en\/management\/2017-02-01\/fuehrungs-hotline-erweitert-netzwerk\/","og_site_name":"Organisator","article_publisher":"https:\/\/www.facebook.com\/OrganisatorFachmagazin","article_published_time":"2017-02-01T10:24:12+00:00","og_image":[{"width":200,"height":161,"url":"https:\/\/www.organisator.ch\/wp-content\/uploads\/2017\/02\/Fuehrungs-Hotline-erweitert-Netzwerk-2_Organisator.png","type":"image\/png"}],"author":"thomas.berner","twitter_card":"summary_large_image","twitter_title":"#F\u00fchrungs-Hotline erweitert Netzwerk","twitter_description":"Die #F\u00fchrungs-Hotline, Anlaufstelle f\u00fcr Unternehmer und F\u00fchrungskr\u00e4fte bei diversen akuten #Problemfeldern im Unternehmensalltag, hat ihr Netzwerk um zwei kompetente Pers\u00f6nlichkeiten erweitert.","twitter_image":"https:\/\/www.organisator.ch\/wp-content\/uploads\/2017\/02\/F\u00fchrungs-Hotline-erweitert-Netzwerk-2_Organisator.png","schema":{"@context":"https:\/\/schema.org","@graph":[{"@type":"Article","@id":"https:\/\/www.organisator.ch\/management\/2017-02-01\/fuehrungs-hotline-erweitert-netzwerk\/#article","isPartOf":{"@id":"https:\/\/www.organisator.ch\/management\/2017-02-01\/fuehrungs-hotline-erweitert-netzwerk\/"},"author":{"name":"thomas.berner","@id":"https:\/\/www.organisator.ch\/#\/schema\/person\/6f650f90b2842cd4c0cc334b4e36f67e"},"headline":"F\u00fchrungs-Hotline erweitert Netzwerk","datePublished":"2017-02-01T10:24:12+00:00","mainEntityOfPage":{"@id":"https:\/\/www.organisator.ch\/management\/2017-02-01\/fuehrungs-hotline-erweitert-netzwerk\/"},"wordCount":343,"commentCount":0,"publisher":{"@id":"https:\/\/www.organisator.ch\/#organization"},"image":{"@id":"https:\/\/www.organisator.ch\/management\/2017-02-01\/fuehrungs-hotline-erweitert-netzwerk\/#primaryimage"},"thumbnailUrl":"https:\/\/www.organisator.ch\/wp-content\/uploads\/2017\/02\/Fuehrungs-Hotline-erweitert-Netzwerk_Organisator.jpg","keywords":["Fit im Job","Management und Unternehmensf\u00fchrung","Personalia","Produkte","Psychische Gesundheit"],"articleSection":["MANAGEMENT"],"inLanguage":"en-US"},{"@type":"WebPage","@id":"https:\/\/www.organisator.ch\/management\/2017-02-01\/fuehrungs-hotline-erweitert-netzwerk\/","url":"https:\/\/www.organisator.ch\/management\/2017-02-01\/fuehrungs-hotline-erweitert-netzwerk\/","name":"Leadership hotline expands network - Organizer","isPartOf":{"@id":"https:\/\/www.organisator.ch\/#website"},"primaryImageOfPage":{"@id":"https:\/\/www.organisator.ch\/management\/2017-02-01\/fuehrungs-hotline-erweitert-netzwerk\/#primaryimage"},"image":{"@id":"https:\/\/www.organisator.ch\/management\/2017-02-01\/fuehrungs-hotline-erweitert-netzwerk\/#primaryimage"},"thumbnailUrl":"https:\/\/www.organisator.ch\/wp-content\/uploads\/2017\/02\/Fuehrungs-Hotline-erweitert-Netzwerk_Organisator.jpg","datePublished":"2017-02-01T10:24:12+00:00","description":"The management hotline offers immediate support for problem areas in day-to-day business at the telephone number 071 523 88 88.","breadcrumb":{"@id":"https:\/\/www.organisator.ch\/management\/2017-02-01\/fuehrungs-hotline-erweitert-netzwerk\/#breadcrumb"},"inLanguage":"en-US","potentialAction":[{"@type":"ReadAction","target":["https:\/\/www.organisator.ch\/management\/2017-02-01\/fuehrungs-hotline-erweitert-netzwerk\/"]}]},{"@type":"ImageObject","inLanguage":"en-US","@id":"https:\/\/www.organisator.ch\/management\/2017-02-01\/fuehrungs-hotline-erweitert-netzwerk\/#primaryimage","url":"https:\/\/www.organisator.ch\/wp-content\/uploads\/2017\/02\/Fuehrungs-Hotline-erweitert-Netzwerk_Organisator.jpg","contentUrl":"https:\/\/www.organisator.ch\/wp-content\/uploads\/2017\/02\/Fuehrungs-Hotline-erweitert-Netzwerk_Organisator.jpg","width":440,"height":441,"caption":"Erg\u00e4nzt das Netzwerk der F\u00fchrungs-Hotline: Mark Widmer von Licht LRC."},{"@type":"BreadcrumbList","@id":"https:\/\/www.organisator.ch\/management\/2017-02-01\/fuehrungs-hotline-erweitert-netzwerk\/#breadcrumb","itemListElement":[{"@type":"ListItem","position":1,"name":"Home","item":"https:\/\/www.organisator.ch\/"},{"@type":"ListItem","position":2,"name":"F\u00fchrungs-Hotline erweitert Netzwerk"}]},{"@type":"WebSite","@id":"https:\/\/www.organisator.ch\/#website","url":"https:\/\/www.organisator.ch\/","name":"Organizer","description":"Competent. Practical. In 10 issues per year, ORGANISATOR presents the essential topics for managers of SMEs.","publisher":{"@id":"https:\/\/www.organisator.ch\/#organization"},"potentialAction":[{"@type":"SearchAction","target":{"@type":"EntryPoint","urlTemplate":"https:\/\/www.organisator.ch\/?s={search_term_string}"},"query-input":{"@type":"PropertyValueSpecification","valueRequired":true,"valueName":"search_term_string"}}],"inLanguage":"en-US"},{"@type":"Organization","@id":"https:\/\/www.organisator.ch\/#organization","name":"Organizer","url":"https:\/\/www.organisator.ch\/","logo":{"@type":"ImageObject","inLanguage":"en-US","@id":"https:\/\/www.organisator.ch\/#\/schema\/logo\/image\/","url":"https:\/\/www.organisator.ch\/wp-content\/uploads\/2022\/01\/Logo_Organisator_Website.png","contentUrl":"https:\/\/www.organisator.ch\/wp-content\/uploads\/2022\/01\/Logo_Organisator_Website.png","width":800,"height":77,"caption":"Organisator"},"image":{"@id":"https:\/\/www.organisator.ch\/#\/schema\/logo\/image\/"},"sameAs":["https:\/\/www.facebook.com\/OrganisatorFachmagazin","https:\/\/www.linkedin.com\/showcase\/organisator-das-magazin-fr-kmu","https:\/\/www.xing.com\/news\/pages\/organisator-ch-695","https:\/\/www.youtube.com\/channel\/UCGP2Sq0iWaZwT3BdIAQFYpw"]},{"@type":"Person","@id":"https:\/\/www.organisator.ch\/#\/schema\/person\/6f650f90b2842cd4c0cc334b4e36f67e","name":"thomas.berner","image":{"@type":"ImageObject","inLanguage":"en-US","@id":"https:\/\/secure.gravatar.com\/avatar\/ac5001d2a36cb6c6cd3e50789007ffca834b477b74a2144564522e944eabff61?s=96&d=mm&r=g","url":"https:\/\/secure.gravatar.com\/avatar\/ac5001d2a36cb6c6cd3e50789007ffca834b477b74a2144564522e944eabff61?s=96&d=mm&r=g","contentUrl":"https:\/\/secure.gravatar.com\/avatar\/ac5001d2a36cb6c6cd3e50789007ffca834b477b74a2144564522e944eabff61?s=96&d=mm&r=g","caption":"thomas.berner"},"url":"https:\/\/www.organisator.ch\/en\/author\/thomas-berner\/"}]}},"_links":{"self":[{"href":"https:\/\/www.organisator.ch\/en\/wp-json\/wp\/v2\/posts\/1443","targetHints":{"allow":["GET"]}}],"collection":[{"href":"https:\/\/www.organisator.ch\/en\/wp-json\/wp\/v2\/posts"}],"about":[{"href":"https:\/\/www.organisator.ch\/en\/wp-json\/wp\/v2\/types\/post"}],"author":[{"embeddable":true,"href":"https:\/\/www.organisator.ch\/en\/wp-json\/wp\/v2\/users\/4"}],"replies":[{"embeddable":true,"href":"https:\/\/www.organisator.ch\/en\/wp-json\/wp\/v2\/comments?post=1443"}],"version-history":[{"count":0,"href":"https:\/\/www.organisator.ch\/en\/wp-json\/wp\/v2\/posts\/1443\/revisions"}],"wp:featuredmedia":[{"embeddable":true,"href":"https:\/\/www.organisator.ch\/en\/wp-json\/wp\/v2\/media\/1445"}],"wp:attachment":[{"href":"https:\/\/www.organisator.ch\/en\/wp-json\/wp\/v2\/media?parent=1443"}],"wp:term":[{"taxonomy":"category","embeddable":true,"href":"https:\/\/www.organisator.ch\/en\/wp-json\/wp\/v2\/categories?post=1443"},{"taxonomy":"post_tag","embeddable":true,"href":"https:\/\/www.organisator.ch\/en\/wp-json\/wp\/v2\/tags?post=1443"}],"curies":[{"name":"wp","href":"https:\/\/api.w.org\/{rel}","templated":true}]}}