{"id":1462,"date":"2018-01-30T13:08:29","date_gmt":"2018-01-30T12:08:29","guid":{"rendered":"https:\/\/www.umweltperspektiven.ch\/?p=1462"},"modified":"2022-02-09T11:06:54","modified_gmt":"2022-02-09T10:06:54","slug":"1462-2","status":"publish","type":"post","link":"https:\/\/www.organisator.ch\/en\/sustainability\/2018-01-30\/1462-2\/","title":{"rendered":"Suva: Increased number of accidents due to nice weather"},"content":{"rendered":"<figure id=\"attachment_1463\" aria-describedby=\"caption-attachment-1463\" style=\"width: 680px\" class=\"wp-caption alignnone\"><img loading=\"lazy\" decoding=\"async\" class=\"size-medium wp-image-1463\" src=\"\/\/www.umweltperspektiven.ch\/wp-content\/uploads\/2018\/01\/SUVA-Erhebung-Sch\u00f6nes-Wetter-liess-Unfallzahlen-2017-ansteigen-up-umweltperspektiven.jpg\" alt=\"\" width=\"680\" height=\"438\" \/><figcaption id=\"caption-attachment-1463\" class=\"wp-caption-text\">There are clear rules for driving, cycling and even boating. What about backlit skiing? (Image: pixabay)<\/figcaption><\/figure>\n<p>Suva reported over 465,000 accidents in 2017. This is one percent more than in the previous year. The number of occupational accidents remained stable compared to the previous year, although the number of employees in Switzerland increased by just under 1 percent, according to the Federal Statistical Office. The number of non-occupational accidents, on the other hand, rose by 1.9 percent. This was still slightly down in the previous year.<\/p>\n<div class=\"m-text-image m-text-image--textonly\" data-anchor=\"text-1\">\n<div class=\"m-rich\">\n<p>Accidents registered with Suva<\/p>\n<\/div>\n<\/div>\n<table class=\"a-table__table js-a-table__table\" style=\"height: 226px;\" width=\"981\">\n<thead class=\"a-table__head\">\n<tr class=\"a-table__row\">\n<th class=\"a-table__th\"><strong>\u00a0<\/strong><\/th>\n<th class=\"a-table__th\"><strong>2017<\/strong><\/th>\n<th class=\"a-table__th\"><strong>2016<\/strong><\/th>\n<th class=\"a-table__th\"><strong>Difference<\/strong><\/th>\n<\/tr>\n<\/thead>\n<tbody>\n<tr class=\"a-table__row\">\n<td class=\"a-table__td\"><strong>Total accidents and occupational diseases<\/strong><\/td>\n<td class=\"a-table__td\"><strong>\u00a0\u00a0\u00a0\u00a0\u00a0\u00a0\u00a0\u00a0\u00a0 465\u00a0701<\/strong><\/td>\n<td class=\"a-table__td\"><strong>\u00a0\u00a0\u00a0\u00a0\u00a0\u00a0 461\u00a0010<\/strong><\/td>\n<td class=\"a-table__td\"><strong>\u00a0\u00a0\u00a0\u00a0\u00a0\u00a0 + 1,0 %<\/strong><\/td>\n<\/tr>\n<tr class=\"a-table__row\">\n<td class=\"a-table__td\">- of which occupational accidents and diseases<\/td>\n<td class=\"a-table__td\">\u00a0\u00a0\u00a0\u00a0\u00a0\u00a0\u00a0\u00a0\u00a0\u00a0\u00a0\u00a0 177 973<\/td>\n<td class=\"a-table__td\">\u00a0\u00a0\u00a0\u00a0\u00a0\u00a0\u00a0\u00a0 178 282<\/td>\n<td class=\"a-table__td\">\u00a0\u00a0\u00a0\u00a0\u00a0\u00a0\u00a0 - 0.2 %<\/td>\n<\/tr>\n<tr class=\"a-table__row\">\n<td class=\"a-table__td\">- thereof non-occupational accidents<\/td>\n<td class=\"a-table__td\">\u00a0\u00a0\u00a0\u00a0\u00a0\u00a0\u00a0\u00a0\u00a0\u00a0 268 934<\/td>\n<td class=\"a-table__td\">\u00a0\u00a0\u00a0\u00a0\u00a0\u00a0\u00a0 263 987<\/td>\n<td class=\"a-table__td\">\u00a0\u00a0\u00a0\u00a0\u00a0\u00a0\u00a0\u00a0 + 1,9 %<\/td>\n<\/tr>\n<tr class=\"a-table__row\">\n<td class=\"a-table__td\">- of which accidents and occupational diseases in the voluntary business insurance scheme<\/td>\n<td class=\"a-table__td\">\u00a0\u00a0\u00a0\u00a0\u00a0\u00a0\u00a0\u00a0\u00a0\u00a0\u00a0\u00a0\u00a0\u00a0\u00a0\u00a0\u00a0 1139<\/td>\n<td class=\"a-table__td\">\u00a0\u00a0\u00a0\u00a0\u00a0\u00a0\u00a0\u00a0\u00a0\u00a0\u00a0\u00a0\u00a0 1094<\/td>\n<td class=\"a-table__td\">\u00a0\u00a0\u00a0\u00a0\u00a0\u00a0\u00a0\u00a0 + 4,1 %<\/td>\n<\/tr>\n<tr class=\"a-table__row\">\n<td class=\"a-table__td\">- of which accidents and occupational diseases in accident insurance for the unemployed<\/td>\n<td class=\"a-table__td\">\u00a0\u00a0\u00a0\u00a0\u00a0\u00a0\u00a0\u00a0\u00a0\u00a0\u00a0\u00a0\u00a0\u00a0 17 655<\/td>\n<td class=\"a-table__td\">\u00a0\u00a0\u00a0\u00a0\u00a0\u00a0\u00a0\u00a0\u00a0\u00a0 17 647<\/td>\n<td class=\"a-table__td\">\u00a0\u00a0\u00a0\u00a0\u00a0\u00a0\u00a0\u00a0\u00a0\u00a0\u00a0 0,0 %<\/td>\n<\/tr>\n<\/tbody>\n<\/table>\n<p>(Source: Suva)<\/p>\n<h4><\/h4>\n<h4>\u00a0Heat wave caused more accidents<\/h4>\n<p>Suva recorded significantly more non-occupational accidents than in the previous year among its insured, particularly in the months of January and June 2017. According to MeteoSwiss, 2017 brought Switzerland the third warmest spring and the third warmest summer since measurements began in 1864. June in particular saw a heat wave of the kind atypical for this month. Another heat spurt was recorded in October. \"Accordingly, people were active outdoors for longer, which led to more accidents,\" says Peter Andermatt, Suva's statistician.<\/p>\n<p>In terms of leisure activities, the main contributors were accidents while hiking and walking (+ 16.5 percent) and on motorcycles (+ 4.8 percent) and bicycles (+ 3.6 percent). In the exceptionally warm months of June and October, insured persons reported significantly more accidents than in the previous year for all three leisure activities. Hiking and walking accidents even increased by half in the months of January and June compared to the previous year. In total, Suva registered more than 21,500 accidents during hiking and walking.<\/p>\n<h4>Young people have fewer accidents during leisure time<\/h4>\n<p>The largest increase in all recreational accidents was among 55- to 64-year-olds, at 8 percent. \"Apparently, people in this age group are drawn to the outdoors more often than younger people when the weather is nice,\" says statistician Andermatt. That's because the sharp increase in accidents in this age group can't just be explained by the fact that there are increasingly more insured people in this age group because of the baby boomers. The 35 to 44 year olds note an increase of 3.6 percent in leisure accidents. For those up to 24 years of age, leisure accidents have even decreased by 2.7 percent.<\/p>\n<p>Suva insures around two-thirds of all employees in Switzerland against the consequences of occupational and non-occupational accidents and occupational diseases.<\/p>\n<p><a href=\"\/\/www.suva.ch\">www.suva.ch<\/a><\/p>","protected":false},"excerpt":{"rendered":"<p>F\u00fcr 2017 meldet die Suva \u00fcber 465 000 Unf\u00e4lle. Das ist ein Prozent mehr als im Vorjahr. Dabei blieb die Zahl der Berufsunf\u00e4lle im Vergleich zum Vorjahr stabil, obwohl die Anzahl der Besch\u00e4ftigten in der Schweiz gem\u00e4ss Bundesamt f\u00fcr Statistik um knapp 1 Prozent zugenommen hat. Die Zahl der Nichtberufsunf\u00e4lle ist hingegen um 1,9 Prozent [&hellip;]<\/p>\n","protected":false},"author":5,"featured_media":9533,"comment_status":"open","ping_status":"open","sticky":false,"template":"","format":"standard","meta":{"_acf_changed":false,"_yoast_wpseo_focuskw":"Suva","_yoast_wpseo_metadesc":"Suva zeigt: 2017 verunfallten deutlich mehr Versicherte der Suva beim Wandern, Spazieren oder auf dem Motorrad und Velo. Grund daf\u00fcr war das warme Wetter.","articlekey":"","footnotes":""},"categories":[580],"tags":[596,424,463,616],"class_list":["post-1462","post","type-post","status-publish","format-standard","has-post-thumbnail","hentry","category-sustainability","tag-klima","tag-schweiz","tag-suva","tag-unfaelle"],"acf":[],"yoast_head":"<!-- This site is optimized with the Yoast SEO plugin v27.4 - https:\/\/yoast.com\/product\/yoast-seo-wordpress\/ -->\n<title>Suva: Gestiegene Unfallzahlen wegen sch\u00f6nem Wetter - Organisator<\/title>\n<meta name=\"description\" content=\"Suva zeigt: 2017 verunfallten deutlich mehr Versicherte der Suva beim Wandern, Spazieren oder auf dem Motorrad und Velo. Grund daf\u00fcr war das warme Wetter.\" \/>\n<meta name=\"robots\" content=\"index, follow, max-snippet:-1, max-image-preview:large, max-video-preview:-1\" \/>\n<link rel=\"canonical\" href=\"https:\/\/www.organisator.ch\/en\/sustainability\/2018-01-30\/1462-2\/\" \/>\n<meta property=\"og:locale\" content=\"en_US\" \/>\n<meta property=\"og:type\" content=\"article\" \/>\n<meta property=\"og:title\" content=\"Suva: Gestiegene Unfallzahlen wegen sch\u00f6nem Wetter - Organisator\" \/>\n<meta property=\"og:description\" content=\"Suva zeigt: 2017 verunfallten deutlich mehr Versicherte der Suva beim Wandern, Spazieren oder auf dem Motorrad und Velo. Grund daf\u00fcr war das warme Wetter.\" \/>\n<meta property=\"og:url\" content=\"https:\/\/www.organisator.ch\/en\/sustainability\/2018-01-30\/1462-2\/\" \/>\n<meta property=\"og:site_name\" content=\"Organisator\" \/>\n<meta property=\"article:publisher\" content=\"https:\/\/www.facebook.com\/OrganisatorFachmagazin\" \/>\n<meta property=\"article:published_time\" content=\"2018-01-30T12:08:29+00:00\" \/>\n<meta property=\"article:modified_time\" content=\"2022-02-09T10:06:54+00:00\" \/>\n<meta property=\"og:image\" content=\"https:\/\/www.organisator.ch\/wp-content\/uploads\/2018\/01\/SUVA-Erhebung-Schoenes-Wetter-liess-Unfallzahlen-2017-ansteigen-up-umweltperspektiven.jpg\" \/>\n\t<meta property=\"og:image:width\" content=\"1098\" \/>\n\t<meta property=\"og:image:height\" content=\"708\" \/>\n\t<meta property=\"og:image:type\" content=\"image\/jpeg\" \/>\n<meta name=\"author\" content=\"michael.merz\" \/>\n<meta name=\"twitter:card\" content=\"summary_large_image\" \/>\n<script type=\"application\/ld+json\" class=\"yoast-schema-graph\">{\"@context\":\"https:\\\/\\\/schema.org\",\"@graph\":[{\"@type\":\"Article\",\"@id\":\"https:\\\/\\\/www.organisator.ch\\\/sustainability\\\/2018-01-30\\\/1462-2\\\/#article\",\"isPartOf\":{\"@id\":\"https:\\\/\\\/www.organisator.ch\\\/sustainability\\\/2018-01-30\\\/1462-2\\\/\"},\"author\":{\"name\":\"michael.merz\",\"@id\":\"https:\\\/\\\/www.organisator.ch\\\/#\\\/schema\\\/person\\\/134708ca9321c57b0362cceb7948ffbd\"},\"headline\":\"Suva: Gestiegene Unfallzahlen wegen sch\u00f6nem Wetter\",\"datePublished\":\"2018-01-30T12:08:29+00:00\",\"dateModified\":\"2022-02-09T10:06:54+00:00\",\"mainEntityOfPage\":{\"@id\":\"https:\\\/\\\/www.organisator.ch\\\/sustainability\\\/2018-01-30\\\/1462-2\\\/\"},\"wordCount\":446,\"commentCount\":0,\"publisher\":{\"@id\":\"https:\\\/\\\/www.organisator.ch\\\/#organization\"},\"image\":{\"@id\":\"https:\\\/\\\/www.organisator.ch\\\/sustainability\\\/2018-01-30\\\/1462-2\\\/#primaryimage\"},\"thumbnailUrl\":\"https:\\\/\\\/www.organisator.ch\\\/wp-content\\\/uploads\\\/2018\\\/01\\\/SUVA-Erhebung-Schoenes-Wetter-liess-Unfallzahlen-2017-ansteigen-up-umweltperspektiven.jpg\",\"keywords\":[\"KLIMA\",\"Schweiz\",\"SUVA\",\"Unf\u00e4lle\"],\"articleSection\":[\"SUSTAINABILITY\"],\"inLanguage\":\"en-US\"},{\"@type\":\"WebPage\",\"@id\":\"https:\\\/\\\/www.organisator.ch\\\/sustainability\\\/2018-01-30\\\/1462-2\\\/\",\"url\":\"https:\\\/\\\/www.organisator.ch\\\/sustainability\\\/2018-01-30\\\/1462-2\\\/\",\"name\":\"Suva: Gestiegene Unfallzahlen wegen sch\u00f6nem Wetter - Organisator\",\"isPartOf\":{\"@id\":\"https:\\\/\\\/www.organisator.ch\\\/#website\"},\"primaryImageOfPage\":{\"@id\":\"https:\\\/\\\/www.organisator.ch\\\/sustainability\\\/2018-01-30\\\/1462-2\\\/#primaryimage\"},\"image\":{\"@id\":\"https:\\\/\\\/www.organisator.ch\\\/sustainability\\\/2018-01-30\\\/1462-2\\\/#primaryimage\"},\"thumbnailUrl\":\"https:\\\/\\\/www.organisator.ch\\\/wp-content\\\/uploads\\\/2018\\\/01\\\/SUVA-Erhebung-Schoenes-Wetter-liess-Unfallzahlen-2017-ansteigen-up-umweltperspektiven.jpg\",\"datePublished\":\"2018-01-30T12:08:29+00:00\",\"dateModified\":\"2022-02-09T10:06:54+00:00\",\"description\":\"Suva zeigt: 2017 verunfallten deutlich mehr Versicherte der Suva beim Wandern, Spazieren oder auf dem Motorrad und Velo. Grund daf\u00fcr war das warme Wetter.\",\"breadcrumb\":{\"@id\":\"https:\\\/\\\/www.organisator.ch\\\/sustainability\\\/2018-01-30\\\/1462-2\\\/#breadcrumb\"},\"inLanguage\":\"en-US\",\"potentialAction\":[{\"@type\":\"ReadAction\",\"target\":[\"https:\\\/\\\/www.organisator.ch\\\/sustainability\\\/2018-01-30\\\/1462-2\\\/\"]}]},{\"@type\":\"ImageObject\",\"inLanguage\":\"en-US\",\"@id\":\"https:\\\/\\\/www.organisator.ch\\\/sustainability\\\/2018-01-30\\\/1462-2\\\/#primaryimage\",\"url\":\"https:\\\/\\\/www.organisator.ch\\\/wp-content\\\/uploads\\\/2018\\\/01\\\/SUVA-Erhebung-Schoenes-Wetter-liess-Unfallzahlen-2017-ansteigen-up-umweltperspektiven.jpg\",\"contentUrl\":\"https:\\\/\\\/www.organisator.ch\\\/wp-content\\\/uploads\\\/2018\\\/01\\\/SUVA-Erhebung-Schoenes-Wetter-liess-Unfallzahlen-2017-ansteigen-up-umweltperspektiven.jpg\",\"width\":1098,\"height\":708,\"caption\":\"Beim Auto-, Velo- und sogar Bootfahren gibt es klare Bestimmungen. Wie ist es beim Skifahren bei Gegenlicht? (Bild: pixabay)\"},{\"@type\":\"BreadcrumbList\",\"@id\":\"https:\\\/\\\/www.organisator.ch\\\/sustainability\\\/2018-01-30\\\/1462-2\\\/#breadcrumb\",\"itemListElement\":[{\"@type\":\"ListItem\",\"position\":1,\"name\":\"Home\",\"item\":\"https:\\\/\\\/www.organisator.ch\\\/\"},{\"@type\":\"ListItem\",\"position\":2,\"name\":\"Suva: Gestiegene Unfallzahlen wegen sch\u00f6nem Wetter\"}]},{\"@type\":\"WebSite\",\"@id\":\"https:\\\/\\\/www.organisator.ch\\\/#website\",\"url\":\"https:\\\/\\\/www.organisator.ch\\\/\",\"name\":\"Organisator\",\"description\":\"Kompetent. Praxisnah. Der ORGANISATOR bereitet in 10 Ausgaben pro Jahr die wesentlichen Themen f\u00fcr F\u00fchrungskr\u00e4fte von KMU auf.\",\"publisher\":{\"@id\":\"https:\\\/\\\/www.organisator.ch\\\/#organization\"},\"potentialAction\":[{\"@type\":\"SearchAction\",\"target\":{\"@type\":\"EntryPoint\",\"urlTemplate\":\"https:\\\/\\\/www.organisator.ch\\\/?s={search_term_string}\"},\"query-input\":{\"@type\":\"PropertyValueSpecification\",\"valueRequired\":true,\"valueName\":\"search_term_string\"}}],\"inLanguage\":\"en-US\"},{\"@type\":\"Organization\",\"@id\":\"https:\\\/\\\/www.organisator.ch\\\/#organization\",\"name\":\"Organisator\",\"url\":\"https:\\\/\\\/www.organisator.ch\\\/\",\"logo\":{\"@type\":\"ImageObject\",\"inLanguage\":\"en-US\",\"@id\":\"https:\\\/\\\/www.organisator.ch\\\/#\\\/schema\\\/logo\\\/image\\\/\",\"url\":\"https:\\\/\\\/www.organisator.ch\\\/wp-content\\\/uploads\\\/2022\\\/01\\\/Logo_Organisator_Website.png\",\"contentUrl\":\"https:\\\/\\\/www.organisator.ch\\\/wp-content\\\/uploads\\\/2022\\\/01\\\/Logo_Organisator_Website.png\",\"width\":800,\"height\":77,\"caption\":\"Organisator\"},\"image\":{\"@id\":\"https:\\\/\\\/www.organisator.ch\\\/#\\\/schema\\\/logo\\\/image\\\/\"},\"sameAs\":[\"https:\\\/\\\/www.facebook.com\\\/OrganisatorFachmagazin\",\"https:\\\/\\\/www.linkedin.com\\\/showcase\\\/organisator-das-magazin-fr-kmu\",\"https:\\\/\\\/www.xing.com\\\/news\\\/pages\\\/organisator-ch-695\",\"https:\\\/\\\/www.youtube.com\\\/channel\\\/UCGP2Sq0iWaZwT3BdIAQFYpw\"]},{\"@type\":\"Person\",\"@id\":\"https:\\\/\\\/www.organisator.ch\\\/#\\\/schema\\\/person\\\/134708ca9321c57b0362cceb7948ffbd\",\"name\":\"michael.merz\",\"image\":{\"@type\":\"ImageObject\",\"inLanguage\":\"en-US\",\"@id\":\"https:\\\/\\\/secure.gravatar.com\\\/avatar\\\/?s=96&d=mm&r=g\",\"url\":\"https:\\\/\\\/secure.gravatar.com\\\/avatar\\\/?s=96&d=mm&r=g\",\"contentUrl\":\"https:\\\/\\\/secure.gravatar.com\\\/avatar\\\/?s=96&d=mm&r=g\",\"caption\":\"michael.merz\"},\"url\":\"https:\\\/\\\/www.organisator.ch\\\/en\\\/author\\\/michael-merz\\\/\"}]}<\/script>\n<!-- \/ Yoast SEO plugin. -->","yoast_head_json":{"title":"Suva: Increased number of accidents due to nice weather - Organizer","description":"Suva shows: In 2017, significantly more insured persons of Suva had accidents while hiking, walking, or on motorcycles and bicycles. The reason for this was the warm weather.","robots":{"index":"index","follow":"follow","max-snippet":"max-snippet:-1","max-image-preview":"max-image-preview:large","max-video-preview":"max-video-preview:-1"},"canonical":"https:\/\/www.organisator.ch\/en\/sustainability\/2018-01-30\/1462-2\/","og_locale":"en_US","og_type":"article","og_title":"Suva: Gestiegene Unfallzahlen wegen sch\u00f6nem Wetter - Organisator","og_description":"Suva zeigt: 2017 verunfallten deutlich mehr Versicherte der Suva beim Wandern, Spazieren oder auf dem Motorrad und Velo. Grund daf\u00fcr war das warme Wetter.","og_url":"https:\/\/www.organisator.ch\/en\/sustainability\/2018-01-30\/1462-2\/","og_site_name":"Organisator","article_publisher":"https:\/\/www.facebook.com\/OrganisatorFachmagazin","article_published_time":"2018-01-30T12:08:29+00:00","article_modified_time":"2022-02-09T10:06:54+00:00","og_image":[{"width":1098,"height":708,"url":"https:\/\/www.organisator.ch\/wp-content\/uploads\/2018\/01\/SUVA-Erhebung-Schoenes-Wetter-liess-Unfallzahlen-2017-ansteigen-up-umweltperspektiven.jpg","type":"image\/jpeg"}],"author":"michael.merz","twitter_card":"summary_large_image","schema":{"@context":"https:\/\/schema.org","@graph":[{"@type":"Article","@id":"https:\/\/www.organisator.ch\/sustainability\/2018-01-30\/1462-2\/#article","isPartOf":{"@id":"https:\/\/www.organisator.ch\/sustainability\/2018-01-30\/1462-2\/"},"author":{"name":"michael.merz","@id":"https:\/\/www.organisator.ch\/#\/schema\/person\/134708ca9321c57b0362cceb7948ffbd"},"headline":"Suva: Gestiegene Unfallzahlen wegen sch\u00f6nem Wetter","datePublished":"2018-01-30T12:08:29+00:00","dateModified":"2022-02-09T10:06:54+00:00","mainEntityOfPage":{"@id":"https:\/\/www.organisator.ch\/sustainability\/2018-01-30\/1462-2\/"},"wordCount":446,"commentCount":0,"publisher":{"@id":"https:\/\/www.organisator.ch\/#organization"},"image":{"@id":"https:\/\/www.organisator.ch\/sustainability\/2018-01-30\/1462-2\/#primaryimage"},"thumbnailUrl":"https:\/\/www.organisator.ch\/wp-content\/uploads\/2018\/01\/SUVA-Erhebung-Schoenes-Wetter-liess-Unfallzahlen-2017-ansteigen-up-umweltperspektiven.jpg","keywords":["KLIMA","Schweiz","SUVA","Unf\u00e4lle"],"articleSection":["SUSTAINABILITY"],"inLanguage":"en-US"},{"@type":"WebPage","@id":"https:\/\/www.organisator.ch\/sustainability\/2018-01-30\/1462-2\/","url":"https:\/\/www.organisator.ch\/sustainability\/2018-01-30\/1462-2\/","name":"Suva: Increased number of accidents due to nice weather - Organizer","isPartOf":{"@id":"https:\/\/www.organisator.ch\/#website"},"primaryImageOfPage":{"@id":"https:\/\/www.organisator.ch\/sustainability\/2018-01-30\/1462-2\/#primaryimage"},"image":{"@id":"https:\/\/www.organisator.ch\/sustainability\/2018-01-30\/1462-2\/#primaryimage"},"thumbnailUrl":"https:\/\/www.organisator.ch\/wp-content\/uploads\/2018\/01\/SUVA-Erhebung-Schoenes-Wetter-liess-Unfallzahlen-2017-ansteigen-up-umweltperspektiven.jpg","datePublished":"2018-01-30T12:08:29+00:00","dateModified":"2022-02-09T10:06:54+00:00","description":"Suva shows: In 2017, significantly more insured persons of Suva had accidents while hiking, walking, or on motorcycles and bicycles. The reason for this was the warm weather.","breadcrumb":{"@id":"https:\/\/www.organisator.ch\/sustainability\/2018-01-30\/1462-2\/#breadcrumb"},"inLanguage":"en-US","potentialAction":[{"@type":"ReadAction","target":["https:\/\/www.organisator.ch\/sustainability\/2018-01-30\/1462-2\/"]}]},{"@type":"ImageObject","inLanguage":"en-US","@id":"https:\/\/www.organisator.ch\/sustainability\/2018-01-30\/1462-2\/#primaryimage","url":"https:\/\/www.organisator.ch\/wp-content\/uploads\/2018\/01\/SUVA-Erhebung-Schoenes-Wetter-liess-Unfallzahlen-2017-ansteigen-up-umweltperspektiven.jpg","contentUrl":"https:\/\/www.organisator.ch\/wp-content\/uploads\/2018\/01\/SUVA-Erhebung-Schoenes-Wetter-liess-Unfallzahlen-2017-ansteigen-up-umweltperspektiven.jpg","width":1098,"height":708,"caption":"Beim Auto-, Velo- und sogar Bootfahren gibt es klare Bestimmungen. Wie ist es beim Skifahren bei Gegenlicht? (Bild: pixabay)"},{"@type":"BreadcrumbList","@id":"https:\/\/www.organisator.ch\/sustainability\/2018-01-30\/1462-2\/#breadcrumb","itemListElement":[{"@type":"ListItem","position":1,"name":"Home","item":"https:\/\/www.organisator.ch\/"},{"@type":"ListItem","position":2,"name":"Suva: Gestiegene Unfallzahlen wegen sch\u00f6nem Wetter"}]},{"@type":"WebSite","@id":"https:\/\/www.organisator.ch\/#website","url":"https:\/\/www.organisator.ch\/","name":"Organizer","description":"Competent. Practical. In 10 issues per year, ORGANISATOR presents the essential topics for managers of SMEs.","publisher":{"@id":"https:\/\/www.organisator.ch\/#organization"},"potentialAction":[{"@type":"SearchAction","target":{"@type":"EntryPoint","urlTemplate":"https:\/\/www.organisator.ch\/?s={search_term_string}"},"query-input":{"@type":"PropertyValueSpecification","valueRequired":true,"valueName":"search_term_string"}}],"inLanguage":"en-US"},{"@type":"Organization","@id":"https:\/\/www.organisator.ch\/#organization","name":"Organizer","url":"https:\/\/www.organisator.ch\/","logo":{"@type":"ImageObject","inLanguage":"en-US","@id":"https:\/\/www.organisator.ch\/#\/schema\/logo\/image\/","url":"https:\/\/www.organisator.ch\/wp-content\/uploads\/2022\/01\/Logo_Organisator_Website.png","contentUrl":"https:\/\/www.organisator.ch\/wp-content\/uploads\/2022\/01\/Logo_Organisator_Website.png","width":800,"height":77,"caption":"Organisator"},"image":{"@id":"https:\/\/www.organisator.ch\/#\/schema\/logo\/image\/"},"sameAs":["https:\/\/www.facebook.com\/OrganisatorFachmagazin","https:\/\/www.linkedin.com\/showcase\/organisator-das-magazin-fr-kmu","https:\/\/www.xing.com\/news\/pages\/organisator-ch-695","https:\/\/www.youtube.com\/channel\/UCGP2Sq0iWaZwT3BdIAQFYpw"]},{"@type":"Person","@id":"https:\/\/www.organisator.ch\/#\/schema\/person\/134708ca9321c57b0362cceb7948ffbd","name":"michael.merz","image":{"@type":"ImageObject","inLanguage":"en-US","@id":"https:\/\/secure.gravatar.com\/avatar\/?s=96&d=mm&r=g","url":"https:\/\/secure.gravatar.com\/avatar\/?s=96&d=mm&r=g","contentUrl":"https:\/\/secure.gravatar.com\/avatar\/?s=96&d=mm&r=g","caption":"michael.merz"},"url":"https:\/\/www.organisator.ch\/en\/author\/michael-merz\/"}]}},"_links":{"self":[{"href":"https:\/\/www.organisator.ch\/en\/wp-json\/wp\/v2\/posts\/1462","targetHints":{"allow":["GET"]}}],"collection":[{"href":"https:\/\/www.organisator.ch\/en\/wp-json\/wp\/v2\/posts"}],"about":[{"href":"https:\/\/www.organisator.ch\/en\/wp-json\/wp\/v2\/types\/post"}],"author":[{"embeddable":true,"href":"https:\/\/www.organisator.ch\/en\/wp-json\/wp\/v2\/users\/5"}],"replies":[{"embeddable":true,"href":"https:\/\/www.organisator.ch\/en\/wp-json\/wp\/v2\/comments?post=1462"}],"version-history":[{"count":1,"href":"https:\/\/www.organisator.ch\/en\/wp-json\/wp\/v2\/posts\/1462\/revisions"}],"predecessor-version":[{"id":10717,"href":"https:\/\/www.organisator.ch\/en\/wp-json\/wp\/v2\/posts\/1462\/revisions\/10717"}],"wp:featuredmedia":[{"embeddable":true,"href":"https:\/\/www.organisator.ch\/en\/wp-json\/wp\/v2\/media\/9533"}],"wp:attachment":[{"href":"https:\/\/www.organisator.ch\/en\/wp-json\/wp\/v2\/media?parent=1462"}],"wp:term":[{"taxonomy":"category","embeddable":true,"href":"https:\/\/www.organisator.ch\/en\/wp-json\/wp\/v2\/categories?post=1462"},{"taxonomy":"post_tag","embeddable":true,"href":"https:\/\/www.organisator.ch\/en\/wp-json\/wp\/v2\/tags?post=1462"}],"curies":[{"name":"wp","href":"https:\/\/api.w.org\/{rel}","templated":true}]}}