{"id":1465,"date":"2017-02-03T08:54:17","date_gmt":"2017-02-03T07:54:17","guid":{"rendered":"https:\/\/www.organisator.ch\/?p=1465"},"modified":"2017-02-03T08:54:17","modified_gmt":"2017-02-03T07:54:17","slug":"eotec-ag-stefan-schroeder-uebergibt-an-martin-haenggi","status":"publish","type":"post","link":"https:\/\/www.organisator.ch\/en\/management\/2017-02-03\/eotec-ag-stefan-schroeder-uebergibt-an-martin-haenggi\/","title":{"rendered":"EOTEC AG: Stefan Schr\u00f6der hands over to Martin H\u00e4nggi"},"content":{"rendered":"<figure id=\"attachment_1466\" aria-describedby=\"caption-attachment-1466\" style=\"width: 480px\" class=\"wp-caption alignnone\"><img loading=\"lazy\" decoding=\"async\" class=\"size-full wp-image-1466\" src=\"https:\/\/www.organisator.ch\/wp-content\/uploads\/2017\/02\/EOTEC-AG-Stefan-Schroeder-uebergibt-an-Martin-Haenggi_Organisator.jpg\" alt=\"\" width=\"480\" height=\"531\" srcset=\"https:\/\/www.organisator.ch\/wp-content\/uploads\/2017\/02\/EOTEC-AG-Stefan-Schroeder-uebergibt-an-Martin-Haenggi_Organisator.jpg 480w, https:\/\/www.organisator.ch\/wp-content\/uploads\/2017\/02\/EOTEC-AG-Stefan-Schroeder-uebergibt-an-Martin-Haenggi_Organisator-11x12.jpg 11w, https:\/\/www.organisator.ch\/wp-content\/uploads\/2017\/02\/EOTEC-AG-Stefan-Schroeder-uebergibt-an-Martin-Haenggi_Organisator-158x175.jpg 158w, https:\/\/www.organisator.ch\/wp-content\/uploads\/2017\/02\/EOTEC-AG-Stefan-Schroeder-uebergibt-an-Martin-Haenggi_Organisator-316x350.jpg 316w, https:\/\/www.organisator.ch\/wp-content\/uploads\/2017\/02\/EOTEC-AG-Stefan-Schroeder-uebergibt-an-Martin-Haenggi_Organisator-300x332.jpg 300w\" sizes=\"auto, (max-width: 480px) 100vw, 480px\" \/><figcaption id=\"caption-attachment-1466\" class=\"wp-caption-text\">EOTEC AG: Stefan Schr\u00f6der (left) hands over the helm to Martin H\u00e4nggi. (Image: zVg)<\/figcaption><\/figure>\n<p>EOTEC AG in Muttenz is one of the leading Swiss companies in the fields of <a href=\"http:\/\/www.eotec.ch\/de\/Video-Sicherheit\/\">Video security<\/a>, <a href=\"http:\/\/www.eotec.ch\/de\/Kommunikation\/\">Communication systems<\/a>, <a href=\"http:\/\/www.eotec.ch\/de\/Medientechnik\/\">Media technology<\/a> and <a href=\"http:\/\/www.eotec.ch\/de\/IT-Media\/\">IT Media<\/a>. Stefan Schr\u00f6der, the company's founder and CEO, looked back on the company's successful history as it celebrated its 33rd anniversary and said he was convinced that after more than three decades it was time for a breath of fresh air in the sails. \"As a boss and as the captain of a ship, you have to be able to let go,\" he said. \"You cannot set a new course and head for new destinations by holding on, but only by letting go.\"<\/p>\n<p>Schr\u00f6der has now handed over operational management to Martin H\u00e4nggi, who is to steer the EOTEC ship full steam ahead into the future and to new shores. The new Chief Operation Officer (COO) has already been with the company for years and is very familiar with today's market environment as well as EOTEC's corporate culture. \"As an IT specialist, he brings exactly the training that is needed for such a task today,\" says Schr\u00f6der. \"He belongs to the upcoming generation and speaks the language of future customers. Moreover, he is characterized by his willingness to recognize and absorb new developments in good time.\"<\/p>\n<p>In his speech, Stefan Schr\u00f6der held that the world is becoming more exciting and challenging with increasing digitalization. \"In order to keep up with the market, you have to constantly adapt and innovate as an SME,\" he said, symbolically handing over a ship's steering wheel to Martin H\u00e4nggi, with which he is to keep EOTEC always on the right course. Stefan Schr\u00f6der will remain operationally involved in the company as Chairman of the Board of Directors and CEO. He compares his new role to that of a foreign minister who looks after the external stakeholders - first and foremost, of course, the customers.<\/p>\n<p><a href=\"http:\/\/www.eotec.ch\"><em>More about the company<\/em><\/a><\/p>","protected":false},"excerpt":{"rendered":"<p>Die EOTEC AG in Muttenz geh\u00f6rt zu den f\u00fchrenden Schweizer Unternehmen in den Bereichen Video-Sicherheit, Kommunikationssysteme, Medientechnik und IT-Media. Stefan Schr\u00f6der, der Firmengr\u00fcnder und CEO, blickte im Rahmen des 33-j\u00e4hrigen Bestehens\u00a0auf die erfolgreiche Geschichte der Firma zur\u00fcck und zeigte sich \u00fcberzeugt davon, dass es nach nach mehr als drei Jahrzehnten Zeit f\u00fcr frischen Wind in [&hellip;]<\/p>\n","protected":false},"author":4,"featured_media":1466,"comment_status":"open","ping_status":"open","sticky":false,"template":"","format":"standard","meta":{"_acf_changed":false,"_yoast_wpseo_focuskw":"Eotec","_yoast_wpseo_metadesc":"Die EOTEC AG in Muttenz geh\u00f6rt zu den f\u00fchrenden Schweizer Unternehmen in den Bereichen Video-Sicherheit, Kommunikationssysteme, Medientechnik und IT-Media.","articlekey":"","footnotes":""},"categories":[28],"tags":[207,286,334,492,508],"class_list":["post-1465","post","type-post","status-publish","format-standard","has-post-thumbnail","hentry","category-management","tag-firmennachfolge","tag-it","tag-management","tag-unternehmen","tag-vermischtes"],"acf":[],"yoast_head":"<!-- This site is optimized with the Yoast SEO plugin v27.5 - https:\/\/yoast.com\/product\/yoast-seo-wordpress\/ -->\n<title>EOTEC AG: Stefan Schr\u00f6der \u00fcbergibt an Martin H\u00e4nggi - Organisator<\/title>\n<meta name=\"description\" content=\"Die EOTEC AG in Muttenz geh\u00f6rt zu den f\u00fchrenden Schweizer Unternehmen in den Bereichen Video-Sicherheit, Kommunikationssysteme, Medientechnik und IT-Media.\" \/>\n<meta name=\"robots\" content=\"index, follow, max-snippet:-1, max-image-preview:large, max-video-preview:-1\" \/>\n<link rel=\"canonical\" href=\"https:\/\/www.organisator.ch\/en\/management\/2017-02-03\/eotec-ag-stefan-schroeder-uebergibt-an-martin-haenggi\/\" \/>\n<meta property=\"og:locale\" content=\"en_US\" \/>\n<meta property=\"og:type\" content=\"article\" \/>\n<meta property=\"og:title\" content=\"EOTEC AG: Stefan Schr\u00f6der \u00fcbergibt an Martin H\u00e4nggi\" \/>\n<meta property=\"og:description\" content=\"Mit dem 33. Geburtstag der Firma schlug auch die Stunde f\u00fcr einen #Generationenwechsel innerhalb der Unternehmensf\u00fchrung: #StefanSchr\u00f6der \u00fcbergibt das Steuer an #MartinH\u00e4nggi.\" \/>\n<meta property=\"og:url\" content=\"https:\/\/www.organisator.ch\/en\/management\/2017-02-03\/eotec-ag-stefan-schroeder-uebergibt-an-martin-haenggi\/\" \/>\n<meta property=\"og:site_name\" content=\"Organisator\" \/>\n<meta property=\"article:publisher\" content=\"https:\/\/www.facebook.com\/OrganisatorFachmagazin\" \/>\n<meta property=\"article:published_time\" content=\"2017-02-03T07:54:17+00:00\" \/>\n<meta property=\"og:image\" content=\"https:\/\/www.organisator.ch\/wp-content\/uploads\/2017\/02\/EOTEC-AG-Stefan-Schroeder-uebergibt-an-Martin-Haenggi_Organisator.jpg\" \/>\n\t<meta property=\"og:image:width\" content=\"480\" \/>\n\t<meta property=\"og:image:height\" content=\"531\" \/>\n\t<meta property=\"og:image:type\" content=\"image\/jpeg\" \/>\n<meta name=\"author\" content=\"thomas.berner\" \/>\n<meta name=\"twitter:card\" content=\"summary_large_image\" \/>\n<meta name=\"twitter:title\" content=\"#EOTEC AG: #StefanSchr\u00f6der \u00fcbergibt an #MartinH\u00e4nggi\" \/>\n<meta name=\"twitter:description\" content=\"Mit dem 33. Geburtstag schlug auch die Stunde f\u00fcr einen #Generationenwechsel innerhalb der #Unternehmensf\u00fchrung.\" \/>\n<meta name=\"twitter:image\" content=\"https:\/\/www.organisator.ch\/wp-content\/uploads\/2017\/02\/EOTEC-AG-Stefan-Schr\u00f6der-\u00fcbergibt-an-Martin-H\u00e4nggi_Organisator.jpg\" \/>\n<script type=\"application\/ld+json\" class=\"yoast-schema-graph\">{\"@context\":\"https:\\\/\\\/schema.org\",\"@graph\":[{\"@type\":\"Article\",\"@id\":\"https:\\\/\\\/www.organisator.ch\\\/management\\\/2017-02-03\\\/eotec-ag-stefan-schroeder-uebergibt-an-martin-haenggi\\\/#article\",\"isPartOf\":{\"@id\":\"https:\\\/\\\/www.organisator.ch\\\/management\\\/2017-02-03\\\/eotec-ag-stefan-schroeder-uebergibt-an-martin-haenggi\\\/\"},\"author\":{\"name\":\"thomas.berner\",\"@id\":\"https:\\\/\\\/www.organisator.ch\\\/#\\\/schema\\\/person\\\/6f650f90b2842cd4c0cc334b4e36f67e\"},\"headline\":\"EOTEC AG: Stefan Schr\u00f6der \u00fcbergibt an Martin H\u00e4nggi\",\"datePublished\":\"2017-02-03T07:54:17+00:00\",\"mainEntityOfPage\":{\"@id\":\"https:\\\/\\\/www.organisator.ch\\\/management\\\/2017-02-03\\\/eotec-ag-stefan-schroeder-uebergibt-an-martin-haenggi\\\/\"},\"wordCount\":331,\"commentCount\":0,\"publisher\":{\"@id\":\"https:\\\/\\\/www.organisator.ch\\\/#organization\"},\"image\":{\"@id\":\"https:\\\/\\\/www.organisator.ch\\\/management\\\/2017-02-03\\\/eotec-ag-stefan-schroeder-uebergibt-an-martin-haenggi\\\/#primaryimage\"},\"thumbnailUrl\":\"https:\\\/\\\/www.organisator.ch\\\/wp-content\\\/uploads\\\/2017\\\/02\\\/EOTEC-AG-Stefan-Schroeder-uebergibt-an-Martin-Haenggi_Organisator.jpg\",\"keywords\":[\"Firmennachfolge\",\"IT\",\"Management\",\"Unternehmen\",\"Vermischtes\"],\"articleSection\":[\"MANAGEMENT\"],\"inLanguage\":\"en-US\"},{\"@type\":\"WebPage\",\"@id\":\"https:\\\/\\\/www.organisator.ch\\\/management\\\/2017-02-03\\\/eotec-ag-stefan-schroeder-uebergibt-an-martin-haenggi\\\/\",\"url\":\"https:\\\/\\\/www.organisator.ch\\\/management\\\/2017-02-03\\\/eotec-ag-stefan-schroeder-uebergibt-an-martin-haenggi\\\/\",\"name\":\"EOTEC AG: Stefan Schr\u00f6der \u00fcbergibt an Martin H\u00e4nggi - Organisator\",\"isPartOf\":{\"@id\":\"https:\\\/\\\/www.organisator.ch\\\/#website\"},\"primaryImageOfPage\":{\"@id\":\"https:\\\/\\\/www.organisator.ch\\\/management\\\/2017-02-03\\\/eotec-ag-stefan-schroeder-uebergibt-an-martin-haenggi\\\/#primaryimage\"},\"image\":{\"@id\":\"https:\\\/\\\/www.organisator.ch\\\/management\\\/2017-02-03\\\/eotec-ag-stefan-schroeder-uebergibt-an-martin-haenggi\\\/#primaryimage\"},\"thumbnailUrl\":\"https:\\\/\\\/www.organisator.ch\\\/wp-content\\\/uploads\\\/2017\\\/02\\\/EOTEC-AG-Stefan-Schroeder-uebergibt-an-Martin-Haenggi_Organisator.jpg\",\"datePublished\":\"2017-02-03T07:54:17+00:00\",\"description\":\"Die EOTEC AG in Muttenz geh\u00f6rt zu den f\u00fchrenden Schweizer Unternehmen in den Bereichen Video-Sicherheit, Kommunikationssysteme, Medientechnik und IT-Media.\",\"breadcrumb\":{\"@id\":\"https:\\\/\\\/www.organisator.ch\\\/management\\\/2017-02-03\\\/eotec-ag-stefan-schroeder-uebergibt-an-martin-haenggi\\\/#breadcrumb\"},\"inLanguage\":\"en-US\",\"potentialAction\":[{\"@type\":\"ReadAction\",\"target\":[\"https:\\\/\\\/www.organisator.ch\\\/management\\\/2017-02-03\\\/eotec-ag-stefan-schroeder-uebergibt-an-martin-haenggi\\\/\"]}]},{\"@type\":\"ImageObject\",\"inLanguage\":\"en-US\",\"@id\":\"https:\\\/\\\/www.organisator.ch\\\/management\\\/2017-02-03\\\/eotec-ag-stefan-schroeder-uebergibt-an-martin-haenggi\\\/#primaryimage\",\"url\":\"https:\\\/\\\/www.organisator.ch\\\/wp-content\\\/uploads\\\/2017\\\/02\\\/EOTEC-AG-Stefan-Schroeder-uebergibt-an-Martin-Haenggi_Organisator.jpg\",\"contentUrl\":\"https:\\\/\\\/www.organisator.ch\\\/wp-content\\\/uploads\\\/2017\\\/02\\\/EOTEC-AG-Stefan-Schroeder-uebergibt-an-Martin-Haenggi_Organisator.jpg\",\"width\":480,\"height\":531,\"caption\":\"EOTEC AG: Stefan Schr\u00f6der (links) \u00fcbergibt das Steuer an Martin H\u00e4nggi. (Bild: zVg)\"},{\"@type\":\"BreadcrumbList\",\"@id\":\"https:\\\/\\\/www.organisator.ch\\\/management\\\/2017-02-03\\\/eotec-ag-stefan-schroeder-uebergibt-an-martin-haenggi\\\/#breadcrumb\",\"itemListElement\":[{\"@type\":\"ListItem\",\"position\":1,\"name\":\"Home\",\"item\":\"https:\\\/\\\/www.organisator.ch\\\/\"},{\"@type\":\"ListItem\",\"position\":2,\"name\":\"EOTEC AG: Stefan Schr\u00f6der \u00fcbergibt an Martin H\u00e4nggi\"}]},{\"@type\":\"WebSite\",\"@id\":\"https:\\\/\\\/www.organisator.ch\\\/#website\",\"url\":\"https:\\\/\\\/www.organisator.ch\\\/\",\"name\":\"Organisator\",\"description\":\"Kompetent. Praxisnah. Der ORGANISATOR bereitet in 10 Ausgaben pro Jahr die wesentlichen Themen f\u00fcr F\u00fchrungskr\u00e4fte von KMU auf.\",\"publisher\":{\"@id\":\"https:\\\/\\\/www.organisator.ch\\\/#organization\"},\"potentialAction\":[{\"@type\":\"SearchAction\",\"target\":{\"@type\":\"EntryPoint\",\"urlTemplate\":\"https:\\\/\\\/www.organisator.ch\\\/?s={search_term_string}\"},\"query-input\":{\"@type\":\"PropertyValueSpecification\",\"valueRequired\":true,\"valueName\":\"search_term_string\"}}],\"inLanguage\":\"en-US\"},{\"@type\":\"Organization\",\"@id\":\"https:\\\/\\\/www.organisator.ch\\\/#organization\",\"name\":\"Organisator\",\"url\":\"https:\\\/\\\/www.organisator.ch\\\/\",\"logo\":{\"@type\":\"ImageObject\",\"inLanguage\":\"en-US\",\"@id\":\"https:\\\/\\\/www.organisator.ch\\\/#\\\/schema\\\/logo\\\/image\\\/\",\"url\":\"https:\\\/\\\/www.organisator.ch\\\/wp-content\\\/uploads\\\/2022\\\/01\\\/Logo_Organisator_Website.png\",\"contentUrl\":\"https:\\\/\\\/www.organisator.ch\\\/wp-content\\\/uploads\\\/2022\\\/01\\\/Logo_Organisator_Website.png\",\"width\":800,\"height\":77,\"caption\":\"Organisator\"},\"image\":{\"@id\":\"https:\\\/\\\/www.organisator.ch\\\/#\\\/schema\\\/logo\\\/image\\\/\"},\"sameAs\":[\"https:\\\/\\\/www.facebook.com\\\/OrganisatorFachmagazin\",\"https:\\\/\\\/www.linkedin.com\\\/showcase\\\/organisator-das-magazin-fr-kmu\",\"https:\\\/\\\/www.xing.com\\\/news\\\/pages\\\/organisator-ch-695\",\"https:\\\/\\\/www.youtube.com\\\/channel\\\/UCGP2Sq0iWaZwT3BdIAQFYpw\"]},{\"@type\":\"Person\",\"@id\":\"https:\\\/\\\/www.organisator.ch\\\/#\\\/schema\\\/person\\\/6f650f90b2842cd4c0cc334b4e36f67e\",\"name\":\"thomas.berner\",\"image\":{\"@type\":\"ImageObject\",\"inLanguage\":\"en-US\",\"@id\":\"https:\\\/\\\/secure.gravatar.com\\\/avatar\\\/ac5001d2a36cb6c6cd3e50789007ffca834b477b74a2144564522e944eabff61?s=96&d=mm&r=g\",\"url\":\"https:\\\/\\\/secure.gravatar.com\\\/avatar\\\/ac5001d2a36cb6c6cd3e50789007ffca834b477b74a2144564522e944eabff61?s=96&d=mm&r=g\",\"contentUrl\":\"https:\\\/\\\/secure.gravatar.com\\\/avatar\\\/ac5001d2a36cb6c6cd3e50789007ffca834b477b74a2144564522e944eabff61?s=96&d=mm&r=g\",\"caption\":\"thomas.berner\"},\"url\":\"https:\\\/\\\/www.organisator.ch\\\/en\\\/author\\\/thomas-berner\\\/\"}]}<\/script>\n<!-- \/ Yoast SEO plugin. -->","yoast_head_json":{"title":"EOTEC AG: Stefan Schr\u00f6der hands over to Martin H\u00e4nggi - Organizer","description":"EOTEC AG in Muttenz is one of the leading Swiss companies in the fields of video security, communication systems, media technology and IT media.","robots":{"index":"index","follow":"follow","max-snippet":"max-snippet:-1","max-image-preview":"max-image-preview:large","max-video-preview":"max-video-preview:-1"},"canonical":"https:\/\/www.organisator.ch\/en\/management\/2017-02-03\/eotec-ag-stefan-schroeder-uebergibt-an-martin-haenggi\/","og_locale":"en_US","og_type":"article","og_title":"EOTEC AG: Stefan Schr\u00f6der \u00fcbergibt an Martin H\u00e4nggi","og_description":"Mit dem 33. Geburtstag der Firma schlug auch die Stunde f\u00fcr einen #Generationenwechsel innerhalb der Unternehmensf\u00fchrung: #StefanSchr\u00f6der \u00fcbergibt das Steuer an #MartinH\u00e4nggi.","og_url":"https:\/\/www.organisator.ch\/en\/management\/2017-02-03\/eotec-ag-stefan-schroeder-uebergibt-an-martin-haenggi\/","og_site_name":"Organisator","article_publisher":"https:\/\/www.facebook.com\/OrganisatorFachmagazin","article_published_time":"2017-02-03T07:54:17+00:00","og_image":[{"width":480,"height":531,"url":"https:\/\/www.organisator.ch\/wp-content\/uploads\/2017\/02\/EOTEC-AG-Stefan-Schroeder-uebergibt-an-Martin-Haenggi_Organisator.jpg","type":"image\/jpeg"}],"author":"thomas.berner","twitter_card":"summary_large_image","twitter_title":"#EOTEC AG: #StefanSchr\u00f6der \u00fcbergibt an #MartinH\u00e4nggi","twitter_description":"Mit dem 33. Geburtstag schlug auch die Stunde f\u00fcr einen #Generationenwechsel innerhalb der #Unternehmensf\u00fchrung.","twitter_image":"https:\/\/www.organisator.ch\/wp-content\/uploads\/2017\/02\/EOTEC-AG-Stefan-Schr\u00f6der-\u00fcbergibt-an-Martin-H\u00e4nggi_Organisator.jpg","schema":{"@context":"https:\/\/schema.org","@graph":[{"@type":"Article","@id":"https:\/\/www.organisator.ch\/management\/2017-02-03\/eotec-ag-stefan-schroeder-uebergibt-an-martin-haenggi\/#article","isPartOf":{"@id":"https:\/\/www.organisator.ch\/management\/2017-02-03\/eotec-ag-stefan-schroeder-uebergibt-an-martin-haenggi\/"},"author":{"name":"thomas.berner","@id":"https:\/\/www.organisator.ch\/#\/schema\/person\/6f650f90b2842cd4c0cc334b4e36f67e"},"headline":"EOTEC AG: Stefan Schr\u00f6der \u00fcbergibt an Martin H\u00e4nggi","datePublished":"2017-02-03T07:54:17+00:00","mainEntityOfPage":{"@id":"https:\/\/www.organisator.ch\/management\/2017-02-03\/eotec-ag-stefan-schroeder-uebergibt-an-martin-haenggi\/"},"wordCount":331,"commentCount":0,"publisher":{"@id":"https:\/\/www.organisator.ch\/#organization"},"image":{"@id":"https:\/\/www.organisator.ch\/management\/2017-02-03\/eotec-ag-stefan-schroeder-uebergibt-an-martin-haenggi\/#primaryimage"},"thumbnailUrl":"https:\/\/www.organisator.ch\/wp-content\/uploads\/2017\/02\/EOTEC-AG-Stefan-Schroeder-uebergibt-an-Martin-Haenggi_Organisator.jpg","keywords":["Firmennachfolge","IT","Management","Unternehmen","Vermischtes"],"articleSection":["MANAGEMENT"],"inLanguage":"en-US"},{"@type":"WebPage","@id":"https:\/\/www.organisator.ch\/management\/2017-02-03\/eotec-ag-stefan-schroeder-uebergibt-an-martin-haenggi\/","url":"https:\/\/www.organisator.ch\/management\/2017-02-03\/eotec-ag-stefan-schroeder-uebergibt-an-martin-haenggi\/","name":"EOTEC AG: Stefan Schr\u00f6der hands over to Martin H\u00e4nggi - Organizer","isPartOf":{"@id":"https:\/\/www.organisator.ch\/#website"},"primaryImageOfPage":{"@id":"https:\/\/www.organisator.ch\/management\/2017-02-03\/eotec-ag-stefan-schroeder-uebergibt-an-martin-haenggi\/#primaryimage"},"image":{"@id":"https:\/\/www.organisator.ch\/management\/2017-02-03\/eotec-ag-stefan-schroeder-uebergibt-an-martin-haenggi\/#primaryimage"},"thumbnailUrl":"https:\/\/www.organisator.ch\/wp-content\/uploads\/2017\/02\/EOTEC-AG-Stefan-Schroeder-uebergibt-an-Martin-Haenggi_Organisator.jpg","datePublished":"2017-02-03T07:54:17+00:00","description":"EOTEC AG in Muttenz is one of the leading Swiss companies in the fields of video security, communication systems, media technology and IT media.","breadcrumb":{"@id":"https:\/\/www.organisator.ch\/management\/2017-02-03\/eotec-ag-stefan-schroeder-uebergibt-an-martin-haenggi\/#breadcrumb"},"inLanguage":"en-US","potentialAction":[{"@type":"ReadAction","target":["https:\/\/www.organisator.ch\/management\/2017-02-03\/eotec-ag-stefan-schroeder-uebergibt-an-martin-haenggi\/"]}]},{"@type":"ImageObject","inLanguage":"en-US","@id":"https:\/\/www.organisator.ch\/management\/2017-02-03\/eotec-ag-stefan-schroeder-uebergibt-an-martin-haenggi\/#primaryimage","url":"https:\/\/www.organisator.ch\/wp-content\/uploads\/2017\/02\/EOTEC-AG-Stefan-Schroeder-uebergibt-an-Martin-Haenggi_Organisator.jpg","contentUrl":"https:\/\/www.organisator.ch\/wp-content\/uploads\/2017\/02\/EOTEC-AG-Stefan-Schroeder-uebergibt-an-Martin-Haenggi_Organisator.jpg","width":480,"height":531,"caption":"EOTEC AG: Stefan Schr\u00f6der (links) \u00fcbergibt das Steuer an Martin H\u00e4nggi. (Bild: zVg)"},{"@type":"BreadcrumbList","@id":"https:\/\/www.organisator.ch\/management\/2017-02-03\/eotec-ag-stefan-schroeder-uebergibt-an-martin-haenggi\/#breadcrumb","itemListElement":[{"@type":"ListItem","position":1,"name":"Home","item":"https:\/\/www.organisator.ch\/"},{"@type":"ListItem","position":2,"name":"EOTEC AG: Stefan Schr\u00f6der \u00fcbergibt an Martin H\u00e4nggi"}]},{"@type":"WebSite","@id":"https:\/\/www.organisator.ch\/#website","url":"https:\/\/www.organisator.ch\/","name":"Organizer","description":"Competent. Practical. In 10 issues per year, ORGANISATOR presents the essential topics for managers of SMEs.","publisher":{"@id":"https:\/\/www.organisator.ch\/#organization"},"potentialAction":[{"@type":"SearchAction","target":{"@type":"EntryPoint","urlTemplate":"https:\/\/www.organisator.ch\/?s={search_term_string}"},"query-input":{"@type":"PropertyValueSpecification","valueRequired":true,"valueName":"search_term_string"}}],"inLanguage":"en-US"},{"@type":"Organization","@id":"https:\/\/www.organisator.ch\/#organization","name":"Organizer","url":"https:\/\/www.organisator.ch\/","logo":{"@type":"ImageObject","inLanguage":"en-US","@id":"https:\/\/www.organisator.ch\/#\/schema\/logo\/image\/","url":"https:\/\/www.organisator.ch\/wp-content\/uploads\/2022\/01\/Logo_Organisator_Website.png","contentUrl":"https:\/\/www.organisator.ch\/wp-content\/uploads\/2022\/01\/Logo_Organisator_Website.png","width":800,"height":77,"caption":"Organisator"},"image":{"@id":"https:\/\/www.organisator.ch\/#\/schema\/logo\/image\/"},"sameAs":["https:\/\/www.facebook.com\/OrganisatorFachmagazin","https:\/\/www.linkedin.com\/showcase\/organisator-das-magazin-fr-kmu","https:\/\/www.xing.com\/news\/pages\/organisator-ch-695","https:\/\/www.youtube.com\/channel\/UCGP2Sq0iWaZwT3BdIAQFYpw"]},{"@type":"Person","@id":"https:\/\/www.organisator.ch\/#\/schema\/person\/6f650f90b2842cd4c0cc334b4e36f67e","name":"thomas.berner","image":{"@type":"ImageObject","inLanguage":"en-US","@id":"https:\/\/secure.gravatar.com\/avatar\/ac5001d2a36cb6c6cd3e50789007ffca834b477b74a2144564522e944eabff61?s=96&d=mm&r=g","url":"https:\/\/secure.gravatar.com\/avatar\/ac5001d2a36cb6c6cd3e50789007ffca834b477b74a2144564522e944eabff61?s=96&d=mm&r=g","contentUrl":"https:\/\/secure.gravatar.com\/avatar\/ac5001d2a36cb6c6cd3e50789007ffca834b477b74a2144564522e944eabff61?s=96&d=mm&r=g","caption":"thomas.berner"},"url":"https:\/\/www.organisator.ch\/en\/author\/thomas-berner\/"}]}},"_links":{"self":[{"href":"https:\/\/www.organisator.ch\/en\/wp-json\/wp\/v2\/posts\/1465","targetHints":{"allow":["GET"]}}],"collection":[{"href":"https:\/\/www.organisator.ch\/en\/wp-json\/wp\/v2\/posts"}],"about":[{"href":"https:\/\/www.organisator.ch\/en\/wp-json\/wp\/v2\/types\/post"}],"author":[{"embeddable":true,"href":"https:\/\/www.organisator.ch\/en\/wp-json\/wp\/v2\/users\/4"}],"replies":[{"embeddable":true,"href":"https:\/\/www.organisator.ch\/en\/wp-json\/wp\/v2\/comments?post=1465"}],"version-history":[{"count":0,"href":"https:\/\/www.organisator.ch\/en\/wp-json\/wp\/v2\/posts\/1465\/revisions"}],"wp:featuredmedia":[{"embeddable":true,"href":"https:\/\/www.organisator.ch\/en\/wp-json\/wp\/v2\/media\/1466"}],"wp:attachment":[{"href":"https:\/\/www.organisator.ch\/en\/wp-json\/wp\/v2\/media?parent=1465"}],"wp:term":[{"taxonomy":"category","embeddable":true,"href":"https:\/\/www.organisator.ch\/en\/wp-json\/wp\/v2\/categories?post=1465"},{"taxonomy":"post_tag","embeddable":true,"href":"https:\/\/www.organisator.ch\/en\/wp-json\/wp\/v2\/tags?post=1465"}],"curies":[{"name":"wp","href":"https:\/\/api.w.org\/{rel}","templated":true}]}}